{"id":99,"date":"2020-02-16T15:30:31","date_gmt":"2020-02-16T14:30:31","guid":{"rendered":"https:\/\/www.leti.lt\/wordpress\/?p=99"},"modified":"-0001-11-30T00:00:00","modified_gmt":"-0001-11-29T22:00:00","slug":"danseforum-eveildesmusclesvseveildessensations","status":"publish","type":"post","link":"https:\/\/www.leti.lt\/wordpress\/danseforum-eveildesmusclesvseveildessensations\/","title":{"rendered":"\u00c9veil des muscles versus \u00e9veil des sensations"},"content":{"rendered":"<p><a href=\"https:\/\/www.leti.lt\/wordpress\/danseforum-danseforum\/\">Danse forum<\/a><br>\u2192 <a href=\"https:\/\/www.leti.lt\/wordpress\/danseforum-terminologie\/\">Ter\u00admi\u00adno\u00adlo\u00adgie<\/a><br><br>!!\u00abEveil des muscles&nbsp;\u00bb ver\u00adsus \u00ab&nbsp;\u00e9veil des sen\u00adsa\u00adtions&nbsp;\u00bb, 7&nbsp;mars 2009&nbsp;<br><br><br><br>Nous n\u2019avions pas de terme pour d\u00e9si\u00adgner l\u2019\u00e9chauffement qui est le n\u00f4tre en danse forum \u2013 alors que \u00ab&nbsp;l\u2019\u00e9veil des muscles&nbsp;\u00bb a&nbsp;\u00e9t\u00e9 adop\u00adt\u00e9 depuis presque un an pour d\u00e9si\u00adgner notre \u00e9chauf\u00adfe\u00adment en danse recherche.<br><br>\u00ab Echauf\u00adfe\u00adment sen\u00adsible&nbsp;\u00bb m\u2019avait \u00e9t\u00e9 souf\u00adfl\u00e9 par Leo\u00adnar\u00addo et dans un sens il convient assez bien, car il d\u00e9signe les sen\u00adsa\u00adtions \u00e0&nbsp;l\u2019origine de l\u2019\u00e9chauffement, qui le condi\u00adtionnent. Mais que serait un \u00e9chauf\u00adfe\u00adment insen\u00adsible&nbsp;? Les types clas\u00adsiques d\u2019\u00e9chauffement&nbsp;?<br><br>Cette remarque mise \u00e0&nbsp;part, le terme \u00e9chauf\u00adfe\u00adment sen\u00adsible a&nbsp;l\u2019avantage d\u2019\u00eatre assez g\u00e9n\u00e9\u00adrique pour avoir \u00e0&nbsp;\u00eatre sp\u00e9\u00adci\u00adfi\u00e9 ensuite.<br><br>Pour\u00adtant, hier, lors de notre pr\u00e9\u00adpa\u00adra\u00adtion \u00e0&nbsp;la danse forum, c\u2019est venu comme un ru en crue.<br><br>Un terme a&nbsp;fini par r\u00e9a\u00adli\u00adser entre nous (qui \u00e9tions cinq hier), pour l\u2019instant, une una\u00adni\u00admi\u00adt\u00e9 qui ne se laisse pas faire quand-m\u00eame, qui garde une petite r\u00e9serve et demande \u00e0&nbsp;r\u00e9fl\u00e9\u00adchir. Bref ce terme demande encore r\u00e9flexion, mais le voi\u00adci&nbsp;: \u00ab&nbsp;l\u2019\u00e9veil des sen\u00adsa\u00adtions&nbsp;\u00bb.<br><br><i>La pre\u00admi\u00e8re objec\u00adtion a&nbsp;vite fus\u00e9&nbsp;:<\/i><br><br>On n\u2019a pas besoin de r\u00e9veiller les sen\u00adsa\u00adtions, elles sont l\u00e0, elles s\u2019imposent \u00e0&nbsp;nous&nbsp;!<br><br>R\u00e9veil et \u00e9veil sont dif\u00adf\u00e9\u00adrents&nbsp;: on se r\u00e9veille d\u2019une bonne ou mau\u00advaise nuit, d\u2019un som\u00admeil lourd ou l\u00e9ger, mais on s\u2019\u00e9veille au jour, \u00e0&nbsp;la fra\u00ee\u00adcheur de l\u2019air ou \u00e0&nbsp;la dou\u00adceur de la nuit.<br><br>Qu\u2019est-ce que la sen\u00adsa\u00adtion, m\u2019a\u2011t-on deman\u00add\u00e9 r\u00e9cem\u00adment. Oui, la ques\u00adtion doit \u00eatre pos\u00e9e, quand depuis l\u2019enfance on apprend \u00e0&nbsp;s\u2019en m\u00e9fier, \u00e0&nbsp;les igno\u00adrer ou \u00e0&nbsp;les contr\u00f4\u00adler pour les modi\u00adfier (ten\u00adsion, crampe, engour\u00addis\u00adse\u00adment etc.)<br><br>En par\u00adlant, nous r\u00e9a\u00adli\u00adsons que toute sen\u00adsa\u00adtion peut \u00eatre vue d\u2019un point de vue phy\u00adsique ou men\u00adtal. Il nous faut donc apprendre \u00e0&nbsp;dis\u00adtin\u00adguer sen\u00adsa\u00adtion et \u00e9mo\u00adtion. La sen\u00adsa\u00adtion part du phy\u00adsique pour aller vers le men\u00adtal (inter\u00adpr\u00e9\u00adta\u00adtion, res\u00adsen\u00adti), alors que l\u2019\u00e9motion part du men\u00adtal pour aller vers le phy\u00adsique (mani\u00adfes\u00adta\u00adtions psy\u00adcho\u00adso\u00adma\u00adtiques).<br><br><i>Deuxi\u00e8me objec\u00adtion toute aus\u00adsi vive&nbsp;:<\/i><br><br>On n\u2019a pas besoin de diri\u00adger les sen\u00adsa\u00adtions, puisque jus\u00adte\u00adment en danse forum on les laisse se d\u00e9ployer.<br><br>L\u2019\u00e9veil est un accueil, on re\u00e7oit une sen\u00adsa\u00adtion, on la laisse \u0153uvrer en nous. Le r\u00e9veil lui, serait en effet plus volon\u00adtaire, diri\u00adgiste.<br><br>Retour sur le tapis pour voir venir. Alter\u00adnance pour moi de \u00ab&nbsp;l\u2019\u00e9chauffement sen\u00adsible&nbsp;\u00bb de danse forum, avec \u00ab&nbsp;l\u2019\u00e9veil des muscles&nbsp;\u00bb de la danse recherche.<br><br><i>Com\u00adpa\u00adrai\u00adson imm\u00e9\u00addiate et \u00e0&nbsp;chaud, point par point.<\/i><br><br>- <i>L\u2019\u00e9veil des muscles<\/i> d\u00e9marre avec un muscle, qui attire l\u2019attention et sol\u00adli\u00adcite la per\u00adsonne pour r\u00e9pondre \u00e0&nbsp;ses besoins. Le mou\u00adve\u00adment che\u00admine alors le long des cha\u00eenes mus\u00adcu\u00adlaires.<br><br>La peau et les os deviennent concer\u00adn\u00e9s, la chair et les fas\u00adcias. Le men\u00adtal et l\u2019\u00e9motionnel embrayent, des rev\u00e9\u00adcus dou\u00adlou\u00adreux font sur\u00adface, se gu\u00e9\u00adrissent \u00e9ven\u00adtuel\u00adle\u00adment de par le regard neuf et plus mature car pos\u00adt\u00e9\u00adrieur \u00e0&nbsp;l\u2019\u00e9v\u00e9nement. Des sou\u00adve\u00adnirs \u00e9mergent et embrasent le corps.<br><br>Mais de d\u00e9mar\u00adrer avec quelques fibres de muscle, cela per\u00admet d\u2019aller au plus simple, d\u00e9j\u00e0 infi\u00adni\u00adment com\u00adplexe. Et puis les muscles, c\u2019est ce qui per\u00admet le mou\u00adve\u00adment, interne comme externe, celui des entrailles comme celui des jambes, celui de la vie.<br><br><i>L\u2019\u00e9veil des sen\u00adsa\u00adtions<\/i> sert d\u2019\u00e9chauffement en danse forum. Il se fait \u00e0&nbsp;par\u00adtir des sen\u00adsa\u00adtions phy\u00adsiques (pour mieux faire la part avec les \u00e9mo\u00adtions) et glo\u00adbales de l\u2019ensemble du corps. Par\u00admi ces sen\u00adsa\u00adtions, une va s\u2019imposer et nous sol\u00adli\u00adci\u00adter, une qui demande une atten\u00adtion par\u00adti\u00adcu\u00adli\u00e8re. La prendre en compte va resur\u00adgir sur les autres sen\u00adsa\u00adtions, phy\u00adsiques et \u00e9mo\u00adtion\u00adnelles.<br><br>- <i>Le muscle<\/i> peut \u00eatre exci\u00adt\u00e9 ou amorphe, dur ou mou, chaud ou froid, nous l\u2019accueillons incon\u00addi\u00adtion\u00adnel\u00adle\u00adment, comme lors d\u2019un ren\u00addez-vous amou\u00adreux.<br><br><i>La sen\u00adsa\u00adtion<\/i> de m\u00eame. Son \u00e9veil la r\u00e9v\u00e8le douce ou ter\u00adrible, nous l\u2019acceptons telle quelle, rien \u00e0&nbsp;jeter dirait Bras\u00adsens.<br><br>- <i>Le mou\u00adve\u00adment mus\u00adcu\u00adlaire<\/i> se d\u00e9ploie selon ses propres besoins et d\u00e9ci\u00adsions, nous nous met\u00adtons \u00e0&nbsp;sa dis\u00adpo\u00adsi\u00adtion, nous l\u2019accompagnons sans le juger, sans le diag\u00adnos\u00adti\u00adquer, sans le diri\u00adger. Nous lais\u00adsons \u0153uvrer le mou\u00adve\u00adment en nous, qui se r\u00e9\u00e9duque de lui-m\u00eame, en tra\u00advaillant l\u2019organisme.<br><br><i>La sen\u00adsa\u00adtion \u00e9veill\u00e9e<\/i> va se d\u00e9ployer et sou\u00advent se modi\u00adfier peu \u00e0&nbsp;peu.<br><br>- <i>Quand la volon\u00adt\u00e9<\/i> prend le des\u00adsus pen\u00addant l\u2019\u00e9veil des muscles, comme pen\u00addant l\u2019\u00e9veil des sen\u00adsa\u00adtions, l\u2019organisme envoie imm\u00e9\u00addia\u00adte\u00adment des signaux&nbsp;: il s\u2019ennuie, se refroi\u00addit, se met dans une posi\u00adtion inte\u00adnable, nau\u00ads\u00e9es, bat\u00adte\u00adments acc\u00e9\u00adl\u00e9\u00adr\u00e9s du c\u0153ur sont pos\u00adsibles. D\u00e8s que l\u2019on revient \u00e0&nbsp;l\u2019involontaire et au spon\u00adta\u00adn\u00e9, le corps se \u00ab&nbsp;retrouve&nbsp;\u00bb et la per\u00adsonne devient atten\u00adtive, curieuse et int\u00e9\u00adres\u00ads\u00e9e \u00e0&nbsp;ce qui se passe en elle.<br><br>- <i>L\u2019\u00e9veil des muscles<\/i> se recon\u00adna\u00eet au fait qu\u2019il \u00e9chauffe le corps et qu\u2019il fait du bien, qu\u2019il donne du plai\u00adsir (du fait de la mise en action des muscles lisses ?).<br><br>Paral\u00adl\u00e8\u00adle\u00adment, <i>les sen\u00adsa\u00adtions \u00e9veill\u00e9es<\/i> vont \u00eatre appri\u00advoi\u00ads\u00e9es et che\u00admi\u00adner \u00e0&nbsp;leur rythme, le regard est apai\u00ads\u00e9, m\u00eame quand les sen\u00adsa\u00adtions \u00e0&nbsp;l\u2019\u0153uvre sont dif\u00adfi\u00adciles \u00e0&nbsp;sou\u00adte\u00adnir, nous en avons sou\u00advent fait l\u2019exp\u00e9rience.<br><br>- <i>La r\u00e9con\u00adci\u00adlia\u00adtion avec son corps<\/i> va per\u00admettre une cr\u00e9a\u00adti\u00advi\u00adt\u00e9 qui nous d\u00e9passe, car nous sor\u00adtons des habi\u00adtudes ges\u00adtuelles subies. Les mou\u00adve\u00adments sont presque tou\u00adjours \u00e9ton\u00adnants pour soi. C\u2019est ce qui rend cet \u00e9chauf\u00adfe\u00adment si cr\u00e9a\u00adtif en danse recherche.<br><br><i>La r\u00e9con\u00adci\u00adlia\u00adtion avec ses sen\u00adsa\u00adtions<\/i> est elle comme la cl\u00e9 d\u2019Alice au Pays des mer\u00adveilles, elle ouvre sur un monde foi\u00adson\u00adnant et \u00e9trange. C\u2019est en cela que ce type d\u2019\u00e9chauffement est pr\u00e9\u00adcieux en danse forum.<br><br><i>Tous ces paral\u00adl\u00e8les entre l\u2019\u00e9veil des muscles et l\u2019\u00e9veil des sen\u00adsa\u00adtions se rejoignent \u00e0&nbsp;l\u2019horizon<\/i><br><br>L\u2019\u00e9veil des muscles \u00e9veille les sen\u00adsa\u00adtions et vice ver\u00adsa, au fur et \u00e0&nbsp;mesure que l\u2019on che\u00admine. Un peu \u00e0&nbsp;la mani\u00e8re des rails d\u2019un train qui se rejoignent sous notre regard pen\u00addant que l\u2019on avance.<br><br>Entre besoin et d\u00e9sir, entre volon\u00adtaire et invo\u00adlon\u00adtaire, entre conscient et incons\u00adcient, l\u2019\u00e9veil et son corol\u00adlaire le spon\u00adta\u00adn\u00e9 repr\u00e9\u00adsentent une porte d\u2019entr\u00e9e pour la danse, pour l\u2019art en g\u00e9n\u00e9\u00adral.<br><br>Et ce qui est peut-\u00eatre le plus impor\u00adtant pour moi&nbsp;: ils n\u2019\u00e9loignent pas pour autant l\u2019artiste des tech\u00adniques volon\u00adtaires, ni, en ce qui concerne la danse, de la cho\u00adr\u00e9\u00adgra\u00adphie. Au contraire, ils en faci\u00adlitent l\u2019acc\u00e8s, comme en t\u00e9moignent nos amis Emma et Leo\u00adnar\u00addo.<br><br>Nous avons fait un d\u00e9tour par Spi\u00adno\u00adza, car s\u2019accepter comme on est ne veut pas dire \u00eatre fata\u00adliste et ne pas bou\u00adger ni pro\u00adgres\u00adser, mais je vous dirai cela plus tard\u2026<br><br>La plume est \u00e0&nbsp;vous, pour r\u00e9agir et dire ce que vous pen\u00adsez de tout cela&nbsp;!<br><br>Andr\u00e9ine Bel<br><br>d\u2019apr\u00e8s les retours oraux pen\u00addant l\u2019atelier, de&nbsp;: Andr\u00e9ine B, C\u00e9line L, Johan\u00adna B, Laurent B, Nadine G.<\/p><p style=\"color:green; text-align:right !important;\">Article cr\u00e9\u00e9 le 16\/02\/2020<\/p>","protected":false},"excerpt":{"rendered":"<p>Danse forum\u2192 Ter\u00admi\u00adno\u00adlo\u00adgie !!\u00abEveil des muscles&nbsp;\u00bb ver\u00adsus \u00ab&nbsp;\u00e9veil des sen\u00adsa\u00adtions&nbsp;\u00bb, 7&nbsp;mars 2009&nbsp;Nous n\u2019avions pas de terme pour d\u00e9si\u00adgner l\u2019\u00e9chauffement qui est le n\u00f4tre en danse forum \u2013 alors que \u00ab&nbsp;l\u2019\u00e9veil des muscles&nbsp;\u00bb a&nbsp;\u00e9t\u00e9 adop\u00adt\u00e9 depuis presque un an pour d\u00e9si\u00adgner notre \u00e9chauf\u00adfe\u00adment en danse recherche. \u00ab&nbsp;Echauf\u00adfe\u00adment sen\u00adsible&nbsp;\u00bb m\u2019avait \u00e9t\u00e9 souf\u00adfl\u00e9 par Leo\u00adnar\u00addo et dans un sens il convient assez bien, car il d\u00e9signe les sen\u00adsa\u00adtions \u00e0&nbsp;l\u2019origine de l\u2019\u00e9chauffement, qui le condi\u00adtionnent. Mais que serait un \u00e9chauf\u00adfe\u00adment insen\u00adsible&nbsp;? Les&nbsp;types&nbsp;[\u2026]<\/p>\n","protected":false},"author":2,"featured_media":0,"comment_status":"open","ping_status":"open","sticky":false,"template":"","format":"standard","meta":{"wp_typography_post_enhancements_disabled":false,"footnotes":""},"categories":[23],"tags":[148],"class_list":["post-99","post","type-post","status-publish","format-standard","hentry","category-terminologie","tag-df_terminologie"],"yoast_head":"<!-- This site is optimized with the Yoast SEO plugin v27.5 - https:\/\/yoast.com\/product\/yoast-seo-wordpress\/ -->\n<title>\u00c9veil des muscles versus \u00e9veil des sensations - Le TILT<\/title>\n<meta name=\"robots\" content=\"index, follow, max-snippet:-1, max-image-preview:large, max-video-preview:-1\" \/>\n<link rel=\"canonical\" href=\"https:\/\/www.leti.lt\/wordpress\/danseforum-eveildesmusclesvseveildessensations\/\" \/>\n<meta property=\"og:locale\" content=\"fr_FR\" \/>\n<meta property=\"og:type\" content=\"article\" \/>\n<meta property=\"og:title\" content=\"\u00c9veil des muscles versus \u00e9veil des sensations - Le TILT\" \/>\n<meta property=\"og:description\" content=\"Danse forum\u2192 Ter\u00admi\u00adno\u00adlo\u00adgie !!\u00abEveil des muscles&nbsp;\u00bb ver\u00adsus \u00ab&nbsp;\u00e9veil des sen\u00adsa\u00adtions&nbsp;\u00bb, 7&nbsp;mars 2009&nbsp; Nous n\u2019avions pas de terme pour d\u00e9si\u00adgner l\u2019\u00e9chauffement qui est le n\u00f4tre en danse forum \u2013 alors que \u00ab&nbsp;l\u2019\u00e9veil des muscles&nbsp;\u00bb a&nbsp;\u00e9t\u00e9 adop\u00adt\u00e9 depuis presque un an pour d\u00e9si\u00adgner notre \u00e9chauf\u00adfe\u00adment en danse recherche. \u00ab&nbsp;Echauf\u00adfe\u00adment sen\u00adsible&nbsp;\u00bb m\u2019avait \u00e9t\u00e9 souf\u00adfl\u00e9 par Leo\u00adnar\u00addo et dans un sens il convient assez bien, car il d\u00e9signe les sen\u00adsa\u00adtions \u00e0&nbsp;l\u2019origine de l\u2019\u00e9chauffement, qui le condi\u00adtionnent. Mais que serait un \u00e9chauf\u00adfe\u00adment insen\u00adsible&nbsp;? Les types [&hellip;]\" \/>\n<meta property=\"og:url\" content=\"https:\/\/www.leti.lt\/wordpress\/danseforum-eveildesmusclesvseveildessensations\/\" \/>\n<meta property=\"og:site_name\" content=\"Le TILT\" \/>\n<meta property=\"article:published_time\" content=\"2020-02-16T14:30:31+00:00\" \/>\n<meta name=\"author\" content=\"Andr\u00e9ine Bel\" \/>\n<meta name=\"twitter:card\" content=\"summary_large_image\" \/>\n<meta name=\"twitter:label1\" content=\"\u00c9crit par\" \/>\n\t<meta name=\"twitter:data1\" content=\"Andr\u00e9ine Bel\" \/>\n\t<meta name=\"twitter:label2\" content=\"Dur\u00e9e de lecture estim\u00e9e\" \/>\n\t<meta name=\"twitter:data2\" content=\"6 minutes\" \/>\n<script type=\"application\/ld+json\" class=\"yoast-schema-graph\">{\"@context\":\"https:\\\/\\\/schema.org\",\"@graph\":[{\"@type\":\"Article\",\"@id\":\"https:\\\/\\\/www.leti.lt\\\/wordpress\\\/danseforum-eveildesmusclesvseveildessensations\\\/#article\",\"isPartOf\":{\"@id\":\"https:\\\/\\\/www.leti.lt\\\/wordpress\\\/danseforum-eveildesmusclesvseveildessensations\\\/\"},\"author\":{\"name\":\"Andr\u00e9ine Bel\",\"@id\":\"https:\\\/\\\/www.leti.lt\\\/wordpress\\\/#\\\/schema\\\/person\\\/9bb307b2af8fbb575bb3603e57951f75\"},\"headline\":\"\u00c9veil des muscles versus \u00e9veil des sensations\",\"datePublished\":\"2020-02-16T14:30:31+00:00\",\"mainEntityOfPage\":{\"@id\":\"https:\\\/\\\/www.leti.lt\\\/wordpress\\\/danseforum-eveildesmusclesvseveildessensations\\\/\"},\"wordCount\":1192,\"commentCount\":0,\"keywords\":[\"DF_Terminologie\"],\"articleSection\":[\"Terminologie\"],\"inLanguage\":\"fr-FR\",\"potentialAction\":[{\"@type\":\"CommentAction\",\"name\":\"Comment\",\"target\":[\"https:\\\/\\\/www.leti.lt\\\/wordpress\\\/danseforum-eveildesmusclesvseveildessensations\\\/#respond\"]}]},{\"@type\":\"WebPage\",\"@id\":\"https:\\\/\\\/www.leti.lt\\\/wordpress\\\/danseforum-eveildesmusclesvseveildessensations\\\/\",\"url\":\"https:\\\/\\\/www.leti.lt\\\/wordpress\\\/danseforum-eveildesmusclesvseveildessensations\\\/\",\"name\":\"\u00c9veil des muscles versus \u00e9veil des sensations - Le TILT\",\"isPartOf\":{\"@id\":\"https:\\\/\\\/www.leti.lt\\\/wordpress\\\/#website\"},\"datePublished\":\"2020-02-16T14:30:31+00:00\",\"author\":{\"@id\":\"https:\\\/\\\/www.leti.lt\\\/wordpress\\\/#\\\/schema\\\/person\\\/9bb307b2af8fbb575bb3603e57951f75\"},\"breadcrumb\":{\"@id\":\"https:\\\/\\\/www.leti.lt\\\/wordpress\\\/danseforum-eveildesmusclesvseveildessensations\\\/#breadcrumb\"},\"inLanguage\":\"fr-FR\",\"potentialAction\":[{\"@type\":\"ReadAction\",\"target\":[\"https:\\\/\\\/www.leti.lt\\\/wordpress\\\/danseforum-eveildesmusclesvseveildessensations\\\/\"]}]},{\"@type\":\"BreadcrumbList\",\"@id\":\"https:\\\/\\\/www.leti.lt\\\/wordpress\\\/danseforum-eveildesmusclesvseveildessensations\\\/#breadcrumb\",\"itemListElement\":[{\"@type\":\"ListItem\",\"position\":1,\"name\":\"Accueil\",\"item\":\"https:\\\/\\\/www.leti.lt\\\/wordpress\\\/\"},{\"@type\":\"ListItem\",\"position\":2,\"name\":\"\u00c9veil des muscles versus \u00e9veil des sensations\"}]},{\"@type\":\"WebSite\",\"@id\":\"https:\\\/\\\/www.leti.lt\\\/wordpress\\\/#website\",\"url\":\"https:\\\/\\\/www.leti.lt\\\/wordpress\\\/\",\"name\":\"Le TILT\",\"description\":\"Recherche, publication, cr\u00e9ation artistique\",\"potentialAction\":[{\"@type\":\"SearchAction\",\"target\":{\"@type\":\"EntryPoint\",\"urlTemplate\":\"https:\\\/\\\/www.leti.lt\\\/wordpress\\\/?s={search_term_string}\"},\"query-input\":{\"@type\":\"PropertyValueSpecification\",\"valueRequired\":true,\"valueName\":\"search_term_string\"}}],\"inLanguage\":\"fr-FR\"},{\"@type\":\"Person\",\"@id\":\"https:\\\/\\\/www.leti.lt\\\/wordpress\\\/#\\\/schema\\\/person\\\/9bb307b2af8fbb575bb3603e57951f75\",\"name\":\"Andr\u00e9ine Bel\",\"image\":{\"@type\":\"ImageObject\",\"inLanguage\":\"fr-FR\",\"@id\":\"https:\\\/\\\/secure.gravatar.com\\\/avatar\\\/4ab041ec7c7ad3b90293023e86528ec1a700ce2971ff61811b2df6b288dd1f38?s=96&d=identicon&r=g\",\"url\":\"https:\\\/\\\/secure.gravatar.com\\\/avatar\\\/4ab041ec7c7ad3b90293023e86528ec1a700ce2971ff61811b2df6b288dd1f38?s=96&d=identicon&r=g\",\"contentUrl\":\"https:\\\/\\\/secure.gravatar.com\\\/avatar\\\/4ab041ec7c7ad3b90293023e86528ec1a700ce2971ff61811b2df6b288dd1f38?s=96&d=identicon&r=g\",\"caption\":\"Andr\u00e9ine Bel\"},\"url\":\"https:\\\/\\\/www.leti.lt\\\/wordpress\\\/author\\\/andreine\\\/\"}]}<\/script>\n<!-- \/ Yoast SEO plugin. -->","yoast_head_json":{"title":"\u00c9veil des muscles versus \u00e9veil des sensations - Le TILT","robots":{"index":"index","follow":"follow","max-snippet":"max-snippet:-1","max-image-preview":"max-image-preview:large","max-video-preview":"max-video-preview:-1"},"canonical":"https:\/\/www.leti.lt\/wordpress\/danseforum-eveildesmusclesvseveildessensations\/","og_locale":"fr_FR","og_type":"article","og_title":"\u00c9veil des muscles versus \u00e9veil des sensations - Le TILT","og_description":"Danse forum\u2192 Ter\u00admi\u00adno\u00adlo\u00adgie !!\u00abEveil des muscles&nbsp;\u00bb ver\u00adsus \u00ab&nbsp;\u00e9veil des sen\u00adsa\u00adtions&nbsp;\u00bb, 7&nbsp;mars 2009&nbsp; Nous n\u2019avions pas de terme pour d\u00e9si\u00adgner l\u2019\u00e9chauffement qui est le n\u00f4tre en danse forum \u2013 alors que \u00ab&nbsp;l\u2019\u00e9veil des muscles&nbsp;\u00bb a&nbsp;\u00e9t\u00e9 adop\u00adt\u00e9 depuis presque un an pour d\u00e9si\u00adgner notre \u00e9chauf\u00adfe\u00adment en danse recherche. \u00ab&nbsp;Echauf\u00adfe\u00adment sen\u00adsible&nbsp;\u00bb m\u2019avait \u00e9t\u00e9 souf\u00adfl\u00e9 par Leo\u00adnar\u00addo et dans un sens il convient assez bien, car il d\u00e9signe les sen\u00adsa\u00adtions \u00e0&nbsp;l\u2019origine de l\u2019\u00e9chauffement, qui le condi\u00adtionnent. Mais que serait un \u00e9chauf\u00adfe\u00adment insen\u00adsible&nbsp;? Les types [&hellip;]","og_url":"https:\/\/www.leti.lt\/wordpress\/danseforum-eveildesmusclesvseveildessensations\/","og_site_name":"Le TILT","article_published_time":"2020-02-16T14:30:31+00:00","author":"Andr\u00e9ine Bel","twitter_card":"summary_large_image","twitter_misc":{"\u00c9crit par":"Andr\u00e9ine Bel","Dur\u00e9e de lecture estim\u00e9e":"6 minutes"},"schema":{"@context":"https:\/\/schema.org","@graph":[{"@type":"Article","@id":"https:\/\/www.leti.lt\/wordpress\/danseforum-eveildesmusclesvseveildessensations\/#article","isPartOf":{"@id":"https:\/\/www.leti.lt\/wordpress\/danseforum-eveildesmusclesvseveildessensations\/"},"author":{"name":"Andr\u00e9ine Bel","@id":"https:\/\/www.leti.lt\/wordpress\/#\/schema\/person\/9bb307b2af8fbb575bb3603e57951f75"},"headline":"\u00c9veil des muscles versus \u00e9veil des sensations","datePublished":"2020-02-16T14:30:31+00:00","mainEntityOfPage":{"@id":"https:\/\/www.leti.lt\/wordpress\/danseforum-eveildesmusclesvseveildessensations\/"},"wordCount":1192,"commentCount":0,"keywords":["DF_Terminologie"],"articleSection":["Terminologie"],"inLanguage":"fr-FR","potentialAction":[{"@type":"CommentAction","name":"Comment","target":["https:\/\/www.leti.lt\/wordpress\/danseforum-eveildesmusclesvseveildessensations\/#respond"]}]},{"@type":"WebPage","@id":"https:\/\/www.leti.lt\/wordpress\/danseforum-eveildesmusclesvseveildessensations\/","url":"https:\/\/www.leti.lt\/wordpress\/danseforum-eveildesmusclesvseveildessensations\/","name":"\u00c9veil des muscles versus \u00e9veil des sensations - Le TILT","isPartOf":{"@id":"https:\/\/www.leti.lt\/wordpress\/#website"},"datePublished":"2020-02-16T14:30:31+00:00","author":{"@id":"https:\/\/www.leti.lt\/wordpress\/#\/schema\/person\/9bb307b2af8fbb575bb3603e57951f75"},"breadcrumb":{"@id":"https:\/\/www.leti.lt\/wordpress\/danseforum-eveildesmusclesvseveildessensations\/#breadcrumb"},"inLanguage":"fr-FR","potentialAction":[{"@type":"ReadAction","target":["https:\/\/www.leti.lt\/wordpress\/danseforum-eveildesmusclesvseveildessensations\/"]}]},{"@type":"BreadcrumbList","@id":"https:\/\/www.leti.lt\/wordpress\/danseforum-eveildesmusclesvseveildessensations\/#breadcrumb","itemListElement":[{"@type":"ListItem","position":1,"name":"Accueil","item":"https:\/\/www.leti.lt\/wordpress\/"},{"@type":"ListItem","position":2,"name":"\u00c9veil des muscles versus \u00e9veil des sensations"}]},{"@type":"WebSite","@id":"https:\/\/www.leti.lt\/wordpress\/#website","url":"https:\/\/www.leti.lt\/wordpress\/","name":"Le TILT","description":"Recherche, publication, cr\u00e9ation artistique","potentialAction":[{"@type":"SearchAction","target":{"@type":"EntryPoint","urlTemplate":"https:\/\/www.leti.lt\/wordpress\/?s={search_term_string}"},"query-input":{"@type":"PropertyValueSpecification","valueRequired":true,"valueName":"search_term_string"}}],"inLanguage":"fr-FR"},{"@type":"Person","@id":"https:\/\/www.leti.lt\/wordpress\/#\/schema\/person\/9bb307b2af8fbb575bb3603e57951f75","name":"Andr\u00e9ine Bel","image":{"@type":"ImageObject","inLanguage":"fr-FR","@id":"https:\/\/secure.gravatar.com\/avatar\/4ab041ec7c7ad3b90293023e86528ec1a700ce2971ff61811b2df6b288dd1f38?s=96&d=identicon&r=g","url":"https:\/\/secure.gravatar.com\/avatar\/4ab041ec7c7ad3b90293023e86528ec1a700ce2971ff61811b2df6b288dd1f38?s=96&d=identicon&r=g","contentUrl":"https:\/\/secure.gravatar.com\/avatar\/4ab041ec7c7ad3b90293023e86528ec1a700ce2971ff61811b2df6b288dd1f38?s=96&d=identicon&r=g","caption":"Andr\u00e9ine Bel"},"url":"https:\/\/www.leti.lt\/wordpress\/author\/andreine\/"}]}},"_links":{"self":[{"href":"https:\/\/www.leti.lt\/wordpress\/wp-json\/wp\/v2\/posts\/99","targetHints":{"allow":["GET"]}}],"collection":[{"href":"https:\/\/www.leti.lt\/wordpress\/wp-json\/wp\/v2\/posts"}],"about":[{"href":"https:\/\/www.leti.lt\/wordpress\/wp-json\/wp\/v2\/types\/post"}],"author":[{"embeddable":true,"href":"https:\/\/www.leti.lt\/wordpress\/wp-json\/wp\/v2\/users\/2"}],"replies":[{"embeddable":true,"href":"https:\/\/www.leti.lt\/wordpress\/wp-json\/wp\/v2\/comments?post=99"}],"version-history":[{"count":0,"href":"https:\/\/www.leti.lt\/wordpress\/wp-json\/wp\/v2\/posts\/99\/revisions"}],"wp:attachment":[{"href":"https:\/\/www.leti.lt\/wordpress\/wp-json\/wp\/v2\/media?parent=99"}],"wp:term":[{"taxonomy":"category","embeddable":true,"href":"https:\/\/www.leti.lt\/wordpress\/wp-json\/wp\/v2\/categories?post=99"},{"taxonomy":"post_tag","embeddable":true,"href":"https:\/\/www.leti.lt\/wordpress\/wp-json\/wp\/v2\/tags?post=99"}],"curies":[{"name":"wp","href":"https:\/\/api.w.org\/{rel}","templated":true}]}}