{"id":98,"date":"2020-02-16T15:30:31","date_gmt":"2020-02-16T14:30:31","guid":{"rendered":"https:\/\/www.leti.lt\/wordpress\/?p=98"},"modified":"-0001-11-30T00:00:00","modified_gmt":"-0001-11-29T22:00:00","slug":"danseforum-entresensationsetemotions","status":"publish","type":"post","link":"https:\/\/www.leti.lt\/wordpress\/danseforum-entresensationsetemotions\/","title":{"rendered":"Entre sensations et \u00e9motions"},"content":{"rendered":"<p><a href=\"https:\/\/www.leti.lt\/wordpress\/danseforum-danseforum\/\">Danse forum<\/a><br>\u2192 <a href=\"https:\/\/www.leti.lt\/wordpress\/danseforum-comptesrendusateliers\/\">Comptes-ren\u00addus des ate\u00adliers<\/a><br>\u2192 <a href=\"https:\/\/www.leti.lt\/wordpress\/danseforum-lambesc\/\">Lam\u00adbesc<\/a><br><br>!!Entre sen\u00adsa\u00adtions et \u00e9mo\u00adtions \u2013 1\u00b0 mars 2008<br><br><i>Andr\u00e9ine Bel<\/i>&nbsp;:<br><br>Nous \u00e9tions trois comme s\u0153urs, l\u2019une pleu\u00adrait, l\u2019autre conso\u00adlait, la<br>troi\u00adsi\u00e8me gei\u00adgnait&nbsp;; la pre\u00admi\u00e8re ouvrait des espaces de b\u00e2ille\u00adment, la<br>deuxi\u00e8me concoc\u00adtait des ouver\u00adtures dans la cage tho\u00adraxique, la<br>troi\u00adsi\u00e8me main\u00adte\u00adnait une \u00e9las\u00adti\u00adci\u00adt\u00e9 sous l\u2019\u00e9crasement.<br><br>A nous trois, nous en sommes venues \u00e0&nbsp;l\u2019espace qu\u2019il peut y&nbsp;avoir<br>entre sen\u00adsa\u00adtions et \u00e9mo\u00adtions. Les cloches \u00e0&nbsp;peine audibles d\u2019Arvo<br>P\u00e4rt dans Tabu\u00adla rasa ont fait d\u00e9fer\u00adler les sou\u00adve\u00adnirs, entre<br>cau\u00adche\u00admars et apai\u00adse\u00adment. La ber\u00adceuse de Cho\u00adpin nous a&nbsp;ache\u00adv\u00e9es de<br>bon\u00adheur. Il n\u2019y avait qu\u2019\u00e0&nbsp;!<br><br><i>Nadine Gar\u00add\u00e8res&nbsp;:<\/i><br><br>Les sen\u00adsa\u00adtions \u00e0&nbsp;la base comme un flux conti\u00adnu&nbsp;; l\u2019\u00e9motion comme une vague&nbsp;; on ne s\u2019\u00e9loigne pas de nos sen\u00adsa\u00adtions en ne se lais\u00adsant pas empor\u00adter par la vague&nbsp;; la vague peut se vivre plei\u00adne\u00adment sans faire tem\u00adp\u00eate.<br><br>La tem\u00adp\u00eate comme une sorte d\u2019inflammation&nbsp;; s\u2019inflammer, et ce fai\u00adsant, s\u2019\u00e9loigner de nos sen\u00adsa\u00adtions, en croyant y&nbsp;\u00eatre plei\u00adne\u00adment puisque c\u2019est intense. C\u2019est bon l\u2019intensit\u00e9\u2026 Com\u00adment s\u2019enflammer sans s\u2019inflammer&nbsp;?<br><br>Des images s\u2019imposent, les lais\u00adser nous tra\u00adver\u00adser, elles pro\u00advoquent l\u2019\u00e9motion&nbsp;; si on s\u2019arr\u00eate sur elles, si on en sus\u00adcite le d\u00e9rou\u00adle\u00adment, l\u2019\u00e9motion enfle. On construit l\u2019\u00e9motion, son d\u00e9rou\u00adle\u00adment dra\u00adma\u00adtique.<br><br>Se lais\u00adser aller \u00e0&nbsp;cette construc\u00adtion n\u2019est pas for\u00adc\u00e9\u00adment une mau\u00advaise chose, ne nous \u00e9loigne pas for\u00adc\u00e9\u00adment des sen\u00adsa\u00adtions. Cela peut nous en rap\u00adpro\u00adcher, un che\u00admin pour les retrou\u00adver.<br><br>Un cer\u00adtain accom\u00adpa\u00adgne\u00adment des \u00e9mo\u00adtions peut favo\u00adri\u00adser le drame. Cela \u00e9loigne la per\u00adsonne de son acc\u00e8s \u00e0&nbsp;l\u2019autonomie des r\u00e9ponses \u00e0&nbsp;ses besoins, car un drame pour se jouer doit avoir un public.<br><br>Il y&nbsp;a un accom\u00adpa\u00adgne\u00adment des \u00e9mo\u00adtions qui ne favo\u00adrise pas l\u2019inflammation, qui refuse le dr\u00e2me. L\u2019\u00e9motion se vit alors toute proche des sen\u00adsa\u00adtions, les mou\u00adve\u00adments qu\u2019elle sus\u00adcite \u00e9tant li\u00e9s aux besoins. Res\u00adter au niveau des mou\u00adve\u00adments, m\u00eame tra\u00adver\u00ads\u00e9 de vagues.<br><br>Les mou\u00adve\u00adments de la vie sont une danse d\u00e9li\u00adcate.<br><br><i>Ber\u00adnard Bel&nbsp;:<\/i><br><br>Ce que tu \u00e9cris ci-des\u00adsus me fait pen\u00adser \u00e0&nbsp;la \u00ab&nbsp;tra\u00adg\u00e9\u00addie&nbsp;\u00bb telle que l\u2019entendaient Lucr\u00e8ce et Spi\u00adno\u00adza&nbsp;: \u00ab&nbsp;Ni rire ni pleu\u00adrer mais com\u00adprendre&nbsp;\u00bb, autre\u00adment dit un d\u00e9pas\u00adse\u00adment de l\u2019optimisme et du pes\u00adsi\u00admisme au pro\u00adfit de la r\u00e9a\u00adli\u00adt\u00e9, qui (pour eux) n\u2019est autre que le monde sen\u00adsible, son imma\u00adnence.<br>Ce que tu appelles le drame serait une \u00e9mo\u00adtion qui s\u2019\u00e9loigne du r\u00e9el et qu\u2019on culti\u00adve\u00adrait (ou subi\u00adrait) en rup\u00adture avec la sen\u00adsa\u00adtion et le mou\u00adve\u00adment qui en ont \u00e9t\u00e9 la source et le vec\u00adteur\u2026<br><br>Ecrit d\u2019apr\u00e8s les retours de&nbsp;: Andr\u00e9ine B, Johan\u00adna B, Nadine G.<\/p><p style=\"color:green; text-align:right !important;\">Article cr\u00e9\u00e9 le 16\/02\/2020<\/p>","protected":false},"excerpt":{"rendered":"<p>Danse forum\u2192 Comptes-ren\u00ad\u00addus des ate\u00adliers\u2192 Lam\u00adbesc !!Entre sen\u00adsa\u00adtions et \u00e9mo\u00adtions \u2013 1\u00b0 mars&nbsp;2008 Andr\u00e9ine Bel&nbsp;: Nous \u00e9tions trois comme s\u0153urs, l\u2019une pleu\u00adrait, l\u2019autre conso\u00adlait, latroi\u00adsi\u00e8me gei\u00adgnait&nbsp;; la pre\u00admi\u00e8re ouvrait des espaces de b\u00e2ille\u00adment, ladeuxi\u00e8me concoc\u00adtait des ouver\u00adtures dans la cage tho\u00adraxique, latroi\u00adsi\u00e8me main\u00adte\u00adnait une \u00e9las\u00adti\u00adci\u00adt\u00e9 sous l\u2019\u00e9crasement. A&nbsp;nous trois, nous en sommes venues \u00e0&nbsp;l\u2019espace qu\u2019il peut y&nbsp;avoi\u00adrentre sen\u00adsa\u00adtions et \u00e9mo\u00adtions. Les cloches \u00e0&nbsp;peine audibles d\u2019ArvoP\u00e4rt dans Tabu\u00adla rasa ont fait d\u00e9fer\u00adler les sou\u00adve\u00adnirs, entrecau\u00adche\u00admars et apai\u00adse\u00adment. La ber\u00adceuse&nbsp;de&nbsp;[\u2026]<\/p>\n","protected":false},"author":2,"featured_media":0,"comment_status":"open","ping_status":"open","sticky":false,"template":"","format":"standard","meta":{"wp_typography_post_enhancements_disabled":false,"footnotes":""},"categories":[184],"tags":[208],"class_list":["post-98","post","type-post","status-publish","format-standard","hentry","category-ateliers_lambesc","tag-df_lambesc"],"yoast_head":"<!-- This site is optimized with the Yoast SEO plugin v27.5 - https:\/\/yoast.com\/product\/yoast-seo-wordpress\/ -->\n<title>Entre sensations et \u00e9motions - Le TILT<\/title>\n<meta name=\"robots\" content=\"index, follow, max-snippet:-1, max-image-preview:large, max-video-preview:-1\" \/>\n<link rel=\"canonical\" href=\"https:\/\/www.leti.lt\/wordpress\/danseforum-entresensationsetemotions\/\" \/>\n<meta property=\"og:locale\" content=\"fr_FR\" \/>\n<meta property=\"og:type\" content=\"article\" \/>\n<meta property=\"og:title\" content=\"Entre sensations et \u00e9motions - Le TILT\" \/>\n<meta property=\"og:description\" content=\"Danse forum\u2192 Comptes-ren\u00addus des ate\u00adliers\u2192 Lam\u00adbesc !!Entre sen\u00adsa\u00adtions et \u00e9mo\u00adtions \u2013 1\u00b0 mars&nbsp;2008 Andr\u00e9ine Bel&nbsp;: Nous \u00e9tions trois comme s\u0153urs, l\u2019une pleu\u00adrait, l\u2019autre conso\u00adlait, latroi\u00adsi\u00e8me gei\u00adgnait&nbsp;; la pre\u00admi\u00e8re ouvrait des espaces de b\u00e2ille\u00adment, ladeuxi\u00e8me concoc\u00adtait des ouver\u00adtures dans la cage tho\u00adraxique, latroi\u00adsi\u00e8me main\u00adte\u00adnait une \u00e9las\u00adti\u00adci\u00adt\u00e9 sous l\u2019\u00e9crasement. A nous trois, nous en sommes venues \u00e0&nbsp;l\u2019espace qu\u2019il peut y&nbsp;avoirentre sen\u00adsa\u00adtions et \u00e9mo\u00adtions. Les cloches \u00e0&nbsp;peine audibles d\u2019ArvoP\u00e4rt dans Tabu\u00adla rasa ont fait d\u00e9fer\u00adler les sou\u00adve\u00adnirs, entrecau\u00adche\u00admars et apai\u00adse\u00adment. La ber\u00adceuse de [&hellip;]\" \/>\n<meta property=\"og:url\" content=\"https:\/\/www.leti.lt\/wordpress\/danseforum-entresensationsetemotions\/\" \/>\n<meta property=\"og:site_name\" content=\"Le TILT\" \/>\n<meta property=\"article:published_time\" content=\"2020-02-16T14:30:31+00:00\" \/>\n<meta name=\"author\" content=\"Andr\u00e9ine Bel\" \/>\n<meta name=\"twitter:card\" content=\"summary_large_image\" \/>\n<meta name=\"twitter:label1\" content=\"\u00c9crit par\" \/>\n\t<meta name=\"twitter:data1\" content=\"Andr\u00e9ine Bel\" \/>\n\t<meta name=\"twitter:label2\" content=\"Dur\u00e9e de lecture estim\u00e9e\" \/>\n\t<meta name=\"twitter:data2\" content=\"2 minutes\" \/>\n<script type=\"application\/ld+json\" class=\"yoast-schema-graph\">{\"@context\":\"https:\\\/\\\/schema.org\",\"@graph\":[{\"@type\":\"Article\",\"@id\":\"https:\\\/\\\/www.leti.lt\\\/wordpress\\\/danseforum-entresensationsetemotions\\\/#article\",\"isPartOf\":{\"@id\":\"https:\\\/\\\/www.leti.lt\\\/wordpress\\\/danseforum-entresensationsetemotions\\\/\"},\"author\":{\"name\":\"Andr\u00e9ine Bel\",\"@id\":\"https:\\\/\\\/www.leti.lt\\\/wordpress\\\/#\\\/schema\\\/person\\\/9bb307b2af8fbb575bb3603e57951f75\"},\"headline\":\"Entre sensations et \u00e9motions\",\"datePublished\":\"2020-02-16T14:30:31+00:00\",\"mainEntityOfPage\":{\"@id\":\"https:\\\/\\\/www.leti.lt\\\/wordpress\\\/danseforum-entresensationsetemotions\\\/\"},\"wordCount\":458,\"commentCount\":0,\"keywords\":[\"DF_Lambesc\"],\"articleSection\":[\"Ateliers Lambesc\"],\"inLanguage\":\"fr-FR\",\"potentialAction\":[{\"@type\":\"CommentAction\",\"name\":\"Comment\",\"target\":[\"https:\\\/\\\/www.leti.lt\\\/wordpress\\\/danseforum-entresensationsetemotions\\\/#respond\"]}]},{\"@type\":\"WebPage\",\"@id\":\"https:\\\/\\\/www.leti.lt\\\/wordpress\\\/danseforum-entresensationsetemotions\\\/\",\"url\":\"https:\\\/\\\/www.leti.lt\\\/wordpress\\\/danseforum-entresensationsetemotions\\\/\",\"name\":\"Entre sensations et \u00e9motions - Le TILT\",\"isPartOf\":{\"@id\":\"https:\\\/\\\/www.leti.lt\\\/wordpress\\\/#website\"},\"datePublished\":\"2020-02-16T14:30:31+00:00\",\"author\":{\"@id\":\"https:\\\/\\\/www.leti.lt\\\/wordpress\\\/#\\\/schema\\\/person\\\/9bb307b2af8fbb575bb3603e57951f75\"},\"breadcrumb\":{\"@id\":\"https:\\\/\\\/www.leti.lt\\\/wordpress\\\/danseforum-entresensationsetemotions\\\/#breadcrumb\"},\"inLanguage\":\"fr-FR\",\"potentialAction\":[{\"@type\":\"ReadAction\",\"target\":[\"https:\\\/\\\/www.leti.lt\\\/wordpress\\\/danseforum-entresensationsetemotions\\\/\"]}]},{\"@type\":\"BreadcrumbList\",\"@id\":\"https:\\\/\\\/www.leti.lt\\\/wordpress\\\/danseforum-entresensationsetemotions\\\/#breadcrumb\",\"itemListElement\":[{\"@type\":\"ListItem\",\"position\":1,\"name\":\"Accueil\",\"item\":\"https:\\\/\\\/www.leti.lt\\\/wordpress\\\/\"},{\"@type\":\"ListItem\",\"position\":2,\"name\":\"Entre sensations et \u00e9motions\"}]},{\"@type\":\"WebSite\",\"@id\":\"https:\\\/\\\/www.leti.lt\\\/wordpress\\\/#website\",\"url\":\"https:\\\/\\\/www.leti.lt\\\/wordpress\\\/\",\"name\":\"Le TILT\",\"description\":\"Recherche, publication, cr\u00e9ation artistique\",\"potentialAction\":[{\"@type\":\"SearchAction\",\"target\":{\"@type\":\"EntryPoint\",\"urlTemplate\":\"https:\\\/\\\/www.leti.lt\\\/wordpress\\\/?s={search_term_string}\"},\"query-input\":{\"@type\":\"PropertyValueSpecification\",\"valueRequired\":true,\"valueName\":\"search_term_string\"}}],\"inLanguage\":\"fr-FR\"},{\"@type\":\"Person\",\"@id\":\"https:\\\/\\\/www.leti.lt\\\/wordpress\\\/#\\\/schema\\\/person\\\/9bb307b2af8fbb575bb3603e57951f75\",\"name\":\"Andr\u00e9ine Bel\",\"image\":{\"@type\":\"ImageObject\",\"inLanguage\":\"fr-FR\",\"@id\":\"https:\\\/\\\/secure.gravatar.com\\\/avatar\\\/4ab041ec7c7ad3b90293023e86528ec1a700ce2971ff61811b2df6b288dd1f38?s=96&d=identicon&r=g\",\"url\":\"https:\\\/\\\/secure.gravatar.com\\\/avatar\\\/4ab041ec7c7ad3b90293023e86528ec1a700ce2971ff61811b2df6b288dd1f38?s=96&d=identicon&r=g\",\"contentUrl\":\"https:\\\/\\\/secure.gravatar.com\\\/avatar\\\/4ab041ec7c7ad3b90293023e86528ec1a700ce2971ff61811b2df6b288dd1f38?s=96&d=identicon&r=g\",\"caption\":\"Andr\u00e9ine Bel\"},\"url\":\"https:\\\/\\\/www.leti.lt\\\/wordpress\\\/author\\\/andreine\\\/\"}]}<\/script>\n<!-- \/ Yoast SEO plugin. -->","yoast_head_json":{"title":"Entre sensations et \u00e9motions - Le TILT","robots":{"index":"index","follow":"follow","max-snippet":"max-snippet:-1","max-image-preview":"max-image-preview:large","max-video-preview":"max-video-preview:-1"},"canonical":"https:\/\/www.leti.lt\/wordpress\/danseforum-entresensationsetemotions\/","og_locale":"fr_FR","og_type":"article","og_title":"Entre sensations et \u00e9motions - Le TILT","og_description":"Danse forum\u2192 Comptes-ren\u00addus des ate\u00adliers\u2192 Lam\u00adbesc !!Entre sen\u00adsa\u00adtions et \u00e9mo\u00adtions \u2013 1\u00b0 mars&nbsp;2008 Andr\u00e9ine Bel&nbsp;: Nous \u00e9tions trois comme s\u0153urs, l\u2019une pleu\u00adrait, l\u2019autre conso\u00adlait, latroi\u00adsi\u00e8me gei\u00adgnait&nbsp;; la pre\u00admi\u00e8re ouvrait des espaces de b\u00e2ille\u00adment, ladeuxi\u00e8me concoc\u00adtait des ouver\u00adtures dans la cage tho\u00adraxique, latroi\u00adsi\u00e8me main\u00adte\u00adnait une \u00e9las\u00adti\u00adci\u00adt\u00e9 sous l\u2019\u00e9crasement. A nous trois, nous en sommes venues \u00e0&nbsp;l\u2019espace qu\u2019il peut y&nbsp;avoirentre sen\u00adsa\u00adtions et \u00e9mo\u00adtions. Les cloches \u00e0&nbsp;peine audibles d\u2019ArvoP\u00e4rt dans Tabu\u00adla rasa ont fait d\u00e9fer\u00adler les sou\u00adve\u00adnirs, entrecau\u00adche\u00admars et apai\u00adse\u00adment. La ber\u00adceuse de [&hellip;]","og_url":"https:\/\/www.leti.lt\/wordpress\/danseforum-entresensationsetemotions\/","og_site_name":"Le TILT","article_published_time":"2020-02-16T14:30:31+00:00","author":"Andr\u00e9ine Bel","twitter_card":"summary_large_image","twitter_misc":{"\u00c9crit par":"Andr\u00e9ine Bel","Dur\u00e9e de lecture estim\u00e9e":"2 minutes"},"schema":{"@context":"https:\/\/schema.org","@graph":[{"@type":"Article","@id":"https:\/\/www.leti.lt\/wordpress\/danseforum-entresensationsetemotions\/#article","isPartOf":{"@id":"https:\/\/www.leti.lt\/wordpress\/danseforum-entresensationsetemotions\/"},"author":{"name":"Andr\u00e9ine Bel","@id":"https:\/\/www.leti.lt\/wordpress\/#\/schema\/person\/9bb307b2af8fbb575bb3603e57951f75"},"headline":"Entre sensations et \u00e9motions","datePublished":"2020-02-16T14:30:31+00:00","mainEntityOfPage":{"@id":"https:\/\/www.leti.lt\/wordpress\/danseforum-entresensationsetemotions\/"},"wordCount":458,"commentCount":0,"keywords":["DF_Lambesc"],"articleSection":["Ateliers Lambesc"],"inLanguage":"fr-FR","potentialAction":[{"@type":"CommentAction","name":"Comment","target":["https:\/\/www.leti.lt\/wordpress\/danseforum-entresensationsetemotions\/#respond"]}]},{"@type":"WebPage","@id":"https:\/\/www.leti.lt\/wordpress\/danseforum-entresensationsetemotions\/","url":"https:\/\/www.leti.lt\/wordpress\/danseforum-entresensationsetemotions\/","name":"Entre sensations et \u00e9motions - Le TILT","isPartOf":{"@id":"https:\/\/www.leti.lt\/wordpress\/#website"},"datePublished":"2020-02-16T14:30:31+00:00","author":{"@id":"https:\/\/www.leti.lt\/wordpress\/#\/schema\/person\/9bb307b2af8fbb575bb3603e57951f75"},"breadcrumb":{"@id":"https:\/\/www.leti.lt\/wordpress\/danseforum-entresensationsetemotions\/#breadcrumb"},"inLanguage":"fr-FR","potentialAction":[{"@type":"ReadAction","target":["https:\/\/www.leti.lt\/wordpress\/danseforum-entresensationsetemotions\/"]}]},{"@type":"BreadcrumbList","@id":"https:\/\/www.leti.lt\/wordpress\/danseforum-entresensationsetemotions\/#breadcrumb","itemListElement":[{"@type":"ListItem","position":1,"name":"Accueil","item":"https:\/\/www.leti.lt\/wordpress\/"},{"@type":"ListItem","position":2,"name":"Entre sensations et \u00e9motions"}]},{"@type":"WebSite","@id":"https:\/\/www.leti.lt\/wordpress\/#website","url":"https:\/\/www.leti.lt\/wordpress\/","name":"Le TILT","description":"Recherche, publication, cr\u00e9ation artistique","potentialAction":[{"@type":"SearchAction","target":{"@type":"EntryPoint","urlTemplate":"https:\/\/www.leti.lt\/wordpress\/?s={search_term_string}"},"query-input":{"@type":"PropertyValueSpecification","valueRequired":true,"valueName":"search_term_string"}}],"inLanguage":"fr-FR"},{"@type":"Person","@id":"https:\/\/www.leti.lt\/wordpress\/#\/schema\/person\/9bb307b2af8fbb575bb3603e57951f75","name":"Andr\u00e9ine Bel","image":{"@type":"ImageObject","inLanguage":"fr-FR","@id":"https:\/\/secure.gravatar.com\/avatar\/4ab041ec7c7ad3b90293023e86528ec1a700ce2971ff61811b2df6b288dd1f38?s=96&d=identicon&r=g","url":"https:\/\/secure.gravatar.com\/avatar\/4ab041ec7c7ad3b90293023e86528ec1a700ce2971ff61811b2df6b288dd1f38?s=96&d=identicon&r=g","contentUrl":"https:\/\/secure.gravatar.com\/avatar\/4ab041ec7c7ad3b90293023e86528ec1a700ce2971ff61811b2df6b288dd1f38?s=96&d=identicon&r=g","caption":"Andr\u00e9ine Bel"},"url":"https:\/\/www.leti.lt\/wordpress\/author\/andreine\/"}]}},"_links":{"self":[{"href":"https:\/\/www.leti.lt\/wordpress\/wp-json\/wp\/v2\/posts\/98","targetHints":{"allow":["GET"]}}],"collection":[{"href":"https:\/\/www.leti.lt\/wordpress\/wp-json\/wp\/v2\/posts"}],"about":[{"href":"https:\/\/www.leti.lt\/wordpress\/wp-json\/wp\/v2\/types\/post"}],"author":[{"embeddable":true,"href":"https:\/\/www.leti.lt\/wordpress\/wp-json\/wp\/v2\/users\/2"}],"replies":[{"embeddable":true,"href":"https:\/\/www.leti.lt\/wordpress\/wp-json\/wp\/v2\/comments?post=98"}],"version-history":[{"count":0,"href":"https:\/\/www.leti.lt\/wordpress\/wp-json\/wp\/v2\/posts\/98\/revisions"}],"wp:attachment":[{"href":"https:\/\/www.leti.lt\/wordpress\/wp-json\/wp\/v2\/media?parent=98"}],"wp:term":[{"taxonomy":"category","embeddable":true,"href":"https:\/\/www.leti.lt\/wordpress\/wp-json\/wp\/v2\/categories?post=98"},{"taxonomy":"post_tag","embeddable":true,"href":"https:\/\/www.leti.lt\/wordpress\/wp-json\/wp\/v2\/tags?post=98"}],"curies":[{"name":"wp","href":"https:\/\/api.w.org\/{rel}","templated":true}]}}