{"id":977,"date":"2022-09-24T16:48:14","date_gmt":"2022-09-24T14:48:14","guid":{"rendered":"https:\/\/www.leti.lt\/wordpress\/?p=977"},"modified":"2022-09-24T17:10:54","modified_gmt":"2022-09-24T15:10:54","slug":"danseforum-comptesrendusateliers","status":"publish","type":"post","link":"https:\/\/www.leti.lt\/wordpress\/danseforum-comptesrendusateliers\/","title":{"rendered":"Danse forum&nbsp;: comptes-rendus des ateliers"},"content":{"rendered":"\n<ul class=\"wp-block-list\"><li><a href=\"https:\/\/www.leti.lt\/wordpress\/category\/danseforum\/ateliers_aix\/\" target=\"_blank\" rel=\"noreferrer noopener\">Aix-en-Pro\u00advence<\/a><\/li><li><a href=\"https:\/\/www.leti.lt\/wordpress\/category\/danseforum\/bretagne\/\" target=\"_blank\" rel=\"noreferrer noopener\">Bre\u00adtagne<\/a><\/li><li><a href=\"https:\/\/www.leti.lt\/wordpress\/category\/danseforum\/ateliers_forcalquier\/\" target=\"_blank\" rel=\"noreferrer noopener\">For\u00adcal\u00adquier<\/a><\/li><li><a href=\"https:\/\/www.leti.lt\/wordpress\/category\/danseforum\/ateliers_ille-et-vilaine\/\" target=\"_blank\" rel=\"noreferrer noopener\">Ille-et-Vilaine<\/a><\/li><li><a href=\"https:\/\/www.leti.lt\/wordpress\/category\/danseforum\/ateliers_lambesc\/\" target=\"_blank\" rel=\"noreferrer noopener\">Lam\u00adbesc<\/a><\/li><li><a href=\"https:\/\/www.leti.lt\/wordpress\/category\/danseforum\/ateliers_les_mayons\/\" target=\"_blank\" rel=\"noreferrer noopener\">Les Mayons<\/a><\/li><li><a href=\"https:\/\/www.leti.lt\/wordpress\/category\/danseforum\/ateliers-marseille\/\" target=\"_blank\" rel=\"noreferrer noopener\">Mar\u00adseille<\/a><\/li><li><a href=\"https:\/\/www.leti.lt\/wordpress\/category\/danseforum\/ateliers_st-etienne-les-orgues\/\" target=\"_blank\" rel=\"noreferrer noopener\">St-Etienne-les-Orgues<\/a><\/li><li><a href=\"https:\/\/www.leti.lt\/wordpress\/category\/danseforum\/ateliers_autres_lieux\/\" target=\"_blank\" rel=\"noreferrer noopener\">Ate\u00adliers autres lieux<\/a><\/li><li><a href=\"https:\/\/www.leti.lt\/wordpress\/category\/danseforum\/df_et_chant_printemps\/\" target=\"_blank\" rel=\"noreferrer noopener\">Chant Prin\u00adtemps<\/a><\/li><li><a href=\"https:\/\/www.leti.lt\/wordpress\/category\/danseforum\/cycle_sur_l_errance\/\" target=\"_blank\" rel=\"noreferrer noopener\">Cycle sur l\u2019errance<\/a><\/li><\/ul>\n<p style=\"color:green; text-align:right !important;\">Article cr\u00e9\u00e9 le 24\/09\/2022 \u2013 modi\u00adfi\u00e9 le 24\/09\/2022<\/p>","protected":false},"excerpt":{"rendered":"<p>Danse forum&nbsp;: comptes-ren\u00addus des ateliers<\/p>\n","protected":false},"author":3,"featured_media":0,"comment_status":"open","ping_status":"open","sticky":false,"template":"","format":"standard","meta":{"wp_typography_post_enhancements_disabled":false,"footnotes":""},"categories":[86,1],"tags":[183],"class_list":["post-977","post","type-post","status-publish","format-standard","hentry","category-cr_ateliers","category-danseforum","tag-df_ateliers"],"yoast_head":"<!-- This site is optimized with the Yoast SEO plugin v27.5 - https:\/\/yoast.com\/product\/yoast-seo-wordpress\/ -->\n<title>Danse forum : comptes-rendus des ateliers - Le TILT<\/title>\n<meta name=\"description\" content=\"Danse forum : comptes-rendus des ateliers\" \/>\n<meta name=\"robots\" content=\"index, follow, max-snippet:-1, max-image-preview:large, max-video-preview:-1\" \/>\n<link rel=\"canonical\" href=\"https:\/\/www.leti.lt\/wordpress\/danseforum-comptesrendusateliers\/\" \/>\n<meta property=\"og:locale\" content=\"fr_FR\" \/>\n<meta property=\"og:type\" content=\"article\" \/>\n<meta property=\"og:title\" content=\"Danse forum : comptes-rendus des ateliers - Le TILT\" \/>\n<meta property=\"og:description\" content=\"Danse forum : comptes-rendus des ateliers\" \/>\n<meta property=\"og:url\" content=\"https:\/\/www.leti.lt\/wordpress\/danseforum-comptesrendusateliers\/\" \/>\n<meta property=\"og:site_name\" content=\"Le TILT\" \/>\n<meta property=\"article:published_time\" content=\"2022-09-24T14:48:14+00:00\" \/>\n<meta property=\"article:modified_time\" content=\"2022-09-24T15:10:54+00:00\" \/>\n<meta name=\"author\" content=\"Bernard Bel\" \/>\n<meta name=\"twitter:card\" content=\"summary_large_image\" \/>\n<meta name=\"twitter:label1\" content=\"\u00c9crit par\" \/>\n\t<meta name=\"twitter:data1\" content=\"Bernard Bel\" \/>\n\t<meta name=\"twitter:label2\" content=\"Dur\u00e9e de lecture estim\u00e9e\" \/>\n\t<meta name=\"twitter:data2\" content=\"1 minute\" \/>\n<script type=\"application\/ld+json\" class=\"yoast-schema-graph\">{\"@context\":\"https:\\\/\\\/schema.org\",\"@graph\":[{\"@type\":\"Article\",\"@id\":\"https:\\\/\\\/www.leti.lt\\\/wordpress\\\/danseforum-comptesrendusateliers\\\/#article\",\"isPartOf\":{\"@id\":\"https:\\\/\\\/www.leti.lt\\\/wordpress\\\/danseforum-comptesrendusateliers\\\/\"},\"author\":{\"name\":\"Bernard Bel\",\"@id\":\"https:\\\/\\\/www.leti.lt\\\/wordpress\\\/#\\\/schema\\\/person\\\/72a3579787502a1d0c85593053b1bdc1\"},\"headline\":\"Danse forum&nbsp;: comptes-rendus des ateliers\",\"datePublished\":\"2022-09-24T14:48:14+00:00\",\"dateModified\":\"2022-09-24T15:10:54+00:00\",\"mainEntityOfPage\":{\"@id\":\"https:\\\/\\\/www.leti.lt\\\/wordpress\\\/danseforum-comptesrendusateliers\\\/\"},\"wordCount\":23,\"commentCount\":0,\"keywords\":[\"DF_ateliers\"],\"articleSection\":[\"CR_ateliers\",\"DanseForum\"],\"inLanguage\":\"fr-FR\",\"potentialAction\":[{\"@type\":\"CommentAction\",\"name\":\"Comment\",\"target\":[\"https:\\\/\\\/www.leti.lt\\\/wordpress\\\/danseforum-comptesrendusateliers\\\/#respond\"]}]},{\"@type\":\"WebPage\",\"@id\":\"https:\\\/\\\/www.leti.lt\\\/wordpress\\\/danseforum-comptesrendusateliers\\\/\",\"url\":\"https:\\\/\\\/www.leti.lt\\\/wordpress\\\/danseforum-comptesrendusateliers\\\/\",\"name\":\"Danse forum : comptes-rendus des ateliers - Le TILT\",\"isPartOf\":{\"@id\":\"https:\\\/\\\/www.leti.lt\\\/wordpress\\\/#website\"},\"datePublished\":\"2022-09-24T14:48:14+00:00\",\"dateModified\":\"2022-09-24T15:10:54+00:00\",\"author\":{\"@id\":\"https:\\\/\\\/www.leti.lt\\\/wordpress\\\/#\\\/schema\\\/person\\\/72a3579787502a1d0c85593053b1bdc1\"},\"description\":\"Danse forum : comptes-rendus des ateliers\",\"breadcrumb\":{\"@id\":\"https:\\\/\\\/www.leti.lt\\\/wordpress\\\/danseforum-comptesrendusateliers\\\/#breadcrumb\"},\"inLanguage\":\"fr-FR\",\"potentialAction\":[{\"@type\":\"ReadAction\",\"target\":[\"https:\\\/\\\/www.leti.lt\\\/wordpress\\\/danseforum-comptesrendusateliers\\\/\"]}]},{\"@type\":\"BreadcrumbList\",\"@id\":\"https:\\\/\\\/www.leti.lt\\\/wordpress\\\/danseforum-comptesrendusateliers\\\/#breadcrumb\",\"itemListElement\":[{\"@type\":\"ListItem\",\"position\":1,\"name\":\"Accueil\",\"item\":\"https:\\\/\\\/www.leti.lt\\\/wordpress\\\/\"},{\"@type\":\"ListItem\",\"position\":2,\"name\":\"Danse forum : comptes-rendus des ateliers\"}]},{\"@type\":\"WebSite\",\"@id\":\"https:\\\/\\\/www.leti.lt\\\/wordpress\\\/#website\",\"url\":\"https:\\\/\\\/www.leti.lt\\\/wordpress\\\/\",\"name\":\"Le TILT\",\"description\":\"Recherche, publication, cr\u00e9ation artistique\",\"potentialAction\":[{\"@type\":\"SearchAction\",\"target\":{\"@type\":\"EntryPoint\",\"urlTemplate\":\"https:\\\/\\\/www.leti.lt\\\/wordpress\\\/?s={search_term_string}\"},\"query-input\":{\"@type\":\"PropertyValueSpecification\",\"valueRequired\":true,\"valueName\":\"search_term_string\"}}],\"inLanguage\":\"fr-FR\"},{\"@type\":\"Person\",\"@id\":\"https:\\\/\\\/www.leti.lt\\\/wordpress\\\/#\\\/schema\\\/person\\\/72a3579787502a1d0c85593053b1bdc1\",\"name\":\"Bernard Bel\",\"image\":{\"@type\":\"ImageObject\",\"inLanguage\":\"fr-FR\",\"@id\":\"https:\\\/\\\/secure.gravatar.com\\\/avatar\\\/2fd00e818b5b37ce8eac8f7966af2c67fa007e2e3b54eff4ce5e5d869295b831?s=96&d=identicon&r=g\",\"url\":\"https:\\\/\\\/secure.gravatar.com\\\/avatar\\\/2fd00e818b5b37ce8eac8f7966af2c67fa007e2e3b54eff4ce5e5d869295b831?s=96&d=identicon&r=g\",\"contentUrl\":\"https:\\\/\\\/secure.gravatar.com\\\/avatar\\\/2fd00e818b5b37ce8eac8f7966af2c67fa007e2e3b54eff4ce5e5d869295b831?s=96&d=identicon&r=g\",\"caption\":\"Bernard Bel\"},\"url\":\"https:\\\/\\\/www.leti.lt\\\/wordpress\\\/author\\\/ttilteur95\\\/\"}]}<\/script>\n<!-- \/ Yoast SEO plugin. -->","yoast_head_json":{"title":"Danse forum : comptes-rendus des ateliers - Le TILT","description":"Danse forum : comptes-rendus des ateliers","robots":{"index":"index","follow":"follow","max-snippet":"max-snippet:-1","max-image-preview":"max-image-preview:large","max-video-preview":"max-video-preview:-1"},"canonical":"https:\/\/www.leti.lt\/wordpress\/danseforum-comptesrendusateliers\/","og_locale":"fr_FR","og_type":"article","og_title":"Danse forum : comptes-rendus des ateliers - Le TILT","og_description":"Danse forum : comptes-rendus des ateliers","og_url":"https:\/\/www.leti.lt\/wordpress\/danseforum-comptesrendusateliers\/","og_site_name":"Le TILT","article_published_time":"2022-09-24T14:48:14+00:00","article_modified_time":"2022-09-24T15:10:54+00:00","author":"Bernard Bel","twitter_card":"summary_large_image","twitter_misc":{"\u00c9crit par":"Bernard Bel","Dur\u00e9e de lecture estim\u00e9e":"1 minute"},"schema":{"@context":"https:\/\/schema.org","@graph":[{"@type":"Article","@id":"https:\/\/www.leti.lt\/wordpress\/danseforum-comptesrendusateliers\/#article","isPartOf":{"@id":"https:\/\/www.leti.lt\/wordpress\/danseforum-comptesrendusateliers\/"},"author":{"name":"Bernard Bel","@id":"https:\/\/www.leti.lt\/wordpress\/#\/schema\/person\/72a3579787502a1d0c85593053b1bdc1"},"headline":"Danse forum&nbsp;: comptes-rendus des ateliers","datePublished":"2022-09-24T14:48:14+00:00","dateModified":"2022-09-24T15:10:54+00:00","mainEntityOfPage":{"@id":"https:\/\/www.leti.lt\/wordpress\/danseforum-comptesrendusateliers\/"},"wordCount":23,"commentCount":0,"keywords":["DF_ateliers"],"articleSection":["CR_ateliers","DanseForum"],"inLanguage":"fr-FR","potentialAction":[{"@type":"CommentAction","name":"Comment","target":["https:\/\/www.leti.lt\/wordpress\/danseforum-comptesrendusateliers\/#respond"]}]},{"@type":"WebPage","@id":"https:\/\/www.leti.lt\/wordpress\/danseforum-comptesrendusateliers\/","url":"https:\/\/www.leti.lt\/wordpress\/danseforum-comptesrendusateliers\/","name":"Danse forum : comptes-rendus des ateliers - Le TILT","isPartOf":{"@id":"https:\/\/www.leti.lt\/wordpress\/#website"},"datePublished":"2022-09-24T14:48:14+00:00","dateModified":"2022-09-24T15:10:54+00:00","author":{"@id":"https:\/\/www.leti.lt\/wordpress\/#\/schema\/person\/72a3579787502a1d0c85593053b1bdc1"},"description":"Danse forum : comptes-rendus des ateliers","breadcrumb":{"@id":"https:\/\/www.leti.lt\/wordpress\/danseforum-comptesrendusateliers\/#breadcrumb"},"inLanguage":"fr-FR","potentialAction":[{"@type":"ReadAction","target":["https:\/\/www.leti.lt\/wordpress\/danseforum-comptesrendusateliers\/"]}]},{"@type":"BreadcrumbList","@id":"https:\/\/www.leti.lt\/wordpress\/danseforum-comptesrendusateliers\/#breadcrumb","itemListElement":[{"@type":"ListItem","position":1,"name":"Accueil","item":"https:\/\/www.leti.lt\/wordpress\/"},{"@type":"ListItem","position":2,"name":"Danse forum : comptes-rendus des ateliers"}]},{"@type":"WebSite","@id":"https:\/\/www.leti.lt\/wordpress\/#website","url":"https:\/\/www.leti.lt\/wordpress\/","name":"Le TILT","description":"Recherche, publication, cr\u00e9ation artistique","potentialAction":[{"@type":"SearchAction","target":{"@type":"EntryPoint","urlTemplate":"https:\/\/www.leti.lt\/wordpress\/?s={search_term_string}"},"query-input":{"@type":"PropertyValueSpecification","valueRequired":true,"valueName":"search_term_string"}}],"inLanguage":"fr-FR"},{"@type":"Person","@id":"https:\/\/www.leti.lt\/wordpress\/#\/schema\/person\/72a3579787502a1d0c85593053b1bdc1","name":"Bernard Bel","image":{"@type":"ImageObject","inLanguage":"fr-FR","@id":"https:\/\/secure.gravatar.com\/avatar\/2fd00e818b5b37ce8eac8f7966af2c67fa007e2e3b54eff4ce5e5d869295b831?s=96&d=identicon&r=g","url":"https:\/\/secure.gravatar.com\/avatar\/2fd00e818b5b37ce8eac8f7966af2c67fa007e2e3b54eff4ce5e5d869295b831?s=96&d=identicon&r=g","contentUrl":"https:\/\/secure.gravatar.com\/avatar\/2fd00e818b5b37ce8eac8f7966af2c67fa007e2e3b54eff4ce5e5d869295b831?s=96&d=identicon&r=g","caption":"Bernard Bel"},"url":"https:\/\/www.leti.lt\/wordpress\/author\/ttilteur95\/"}]}},"_links":{"self":[{"href":"https:\/\/www.leti.lt\/wordpress\/wp-json\/wp\/v2\/posts\/977","targetHints":{"allow":["GET"]}}],"collection":[{"href":"https:\/\/www.leti.lt\/wordpress\/wp-json\/wp\/v2\/posts"}],"about":[{"href":"https:\/\/www.leti.lt\/wordpress\/wp-json\/wp\/v2\/types\/post"}],"author":[{"embeddable":true,"href":"https:\/\/www.leti.lt\/wordpress\/wp-json\/wp\/v2\/users\/3"}],"replies":[{"embeddable":true,"href":"https:\/\/www.leti.lt\/wordpress\/wp-json\/wp\/v2\/comments?post=977"}],"version-history":[{"count":10,"href":"https:\/\/www.leti.lt\/wordpress\/wp-json\/wp\/v2\/posts\/977\/revisions"}],"predecessor-version":[{"id":1005,"href":"https:\/\/www.leti.lt\/wordpress\/wp-json\/wp\/v2\/posts\/977\/revisions\/1005"}],"wp:attachment":[{"href":"https:\/\/www.leti.lt\/wordpress\/wp-json\/wp\/v2\/media?parent=977"}],"wp:term":[{"taxonomy":"category","embeddable":true,"href":"https:\/\/www.leti.lt\/wordpress\/wp-json\/wp\/v2\/categories?post=977"},{"taxonomy":"post_tag","embeddable":true,"href":"https:\/\/www.leti.lt\/wordpress\/wp-json\/wp\/v2\/tags?post=977"}],"curies":[{"name":"wp","href":"https:\/\/api.w.org\/{rel}","templated":true}]}}