{"id":94,"date":"2020-02-16T15:30:31","date_gmt":"2020-02-16T14:30:31","guid":{"rendered":"https:\/\/www.leti.lt\/wordpress\/?p=94"},"modified":"-0001-11-30T00:00:00","modified_gmt":"-0001-11-29T22:00:00","slug":"danseforum-egoetagora","status":"publish","type":"post","link":"https:\/\/www.leti.lt\/wordpress\/danseforum-egoetagora\/","title":{"rendered":"Danse forum \u2013 Ego et&nbsp;agora"},"content":{"rendered":"<p><a href=\"https:\/\/www.leti.lt\/wordpress\/danseforum-danseforum\/\">Danse forum<\/a><br>\u2192 <a href=\"https:\/\/www.leti.lt\/wordpress\/danseforum-comptesrendusateliers\/\">Comptes-ren\u00addus des ate\u00adliers<\/a><br>\u2192 <a href=\"https:\/\/www.leti.lt\/wordpress\/danseforum-lambesc\/\">Lam\u00adbesc<\/a><br><br>!!L\u2019ego et l\u2019agora \u2013 7&nbsp;jan\u00advier 2009<br><br>En pr\u00e9\u00adpa\u00adra\u00adtion de notre ren\u00adcontre avec les \u00ab&nbsp;pro\u00adto\u00adcoles m\u00e9ta&nbsp;\u00bb.<br><br>Froid int\u00e9\u00adrieur et ext\u00e9\u00adrieur<br>\u00e9ti\u00adre\u00adments<br><br>Les lignes d\u00e9coupent l\u2019espace, les direc\u00adtions relient les dan\u00adseurs entre eux.<br><br>Renon\u00adcer quelques fois \u00e0&nbsp;ses propres direc\u00adtions&nbsp;: espace \u00e9las\u00adtique, qui n\u2019est pas enfer\u00admant.<br><br>Ega\u00adli\u00adt\u00e9 entre soi et \u00ab&nbsp;avec&nbsp;\u00bb l\u2019autre.<br><br>Ago\u00adra int\u00e9\u00adrieur, ago\u00adra avec les autres\u2026<br><br>Andr\u00e9ine Bel<br><br>d\u2019apr\u00e8s les retours de Andr\u00e9ine B, Johan\u00adna B, Laurent B, Nadine G.<\/p><p style=\"color:green; text-align:right !important;\">Article cr\u00e9\u00e9 le 16\/02\/2020<\/p>","protected":false},"excerpt":{"rendered":"<p>Danse forum\u2192 Comptes-ren\u00ad\u00addus des ate\u00adliers\u2192 Lam\u00adbesc !!L\u2019ego et l\u2019agora \u2013 7&nbsp;jan\u00advier&nbsp;2009 En pr\u00e9\u00adpa\u00adra\u00adtion de notre ren\u00adcontre avec les \u00ab&nbsp;pro\u00adto\u00adcoles&nbsp;m\u00e9ta&nbsp;\u00bb. Froid int\u00e9\u00adrieur et ext\u00e9\u00adrieur\u00e9ti\u00adre\u00adments Les lignes d\u00e9coupent l\u2019espace, les direc\u00adtions relient les dan\u00adseurs entre&nbsp;eux. Renon\u00adcer quelques fois \u00e0&nbsp;ses propres direc\u00adtions&nbsp;: espace \u00e9las\u00adtique, qui n\u2019est pas enfer\u00admant. Ega\u00adli\u00adt\u00e9 entre soi et \u00ab&nbsp;avec&nbsp;\u00bb l\u2019autre. Ago\u00adra int\u00e9\u00adrieur, ago\u00adra avec les autres\u2026 Andr\u00e9ine Bel d\u2019apr\u00e8s les retours de Andr\u00e9ine B, Johan\u00adna B, Laurent B, Nadine G. Article cr\u00e9\u00e9 le 16\/02\/2020<\/p>\n","protected":false},"author":2,"featured_media":0,"comment_status":"open","ping_status":"open","sticky":false,"template":"","format":"standard","meta":{"wp_typography_post_enhancements_disabled":false,"footnotes":""},"categories":[184],"tags":[208],"class_list":["post-94","post","type-post","status-publish","format-standard","hentry","category-ateliers_lambesc","tag-df_lambesc"],"yoast_head":"<!-- This site is optimized with the Yoast SEO plugin v27.5 - https:\/\/yoast.com\/product\/yoast-seo-wordpress\/ -->\n<title>Danse forum - Ego et agora - Le TILT<\/title>\n<meta name=\"robots\" content=\"index, follow, max-snippet:-1, max-image-preview:large, max-video-preview:-1\" \/>\n<link rel=\"canonical\" href=\"https:\/\/www.leti.lt\/wordpress\/danseforum-egoetagora\/\" \/>\n<meta property=\"og:locale\" content=\"fr_FR\" \/>\n<meta property=\"og:type\" content=\"article\" \/>\n<meta property=\"og:title\" content=\"Danse forum - Ego et agora - Le TILT\" \/>\n<meta property=\"og:description\" content=\"Danse forum\u2192 Comptes-ren\u00addus des ate\u00adliers\u2192 Lam\u00adbesc !!L\u2019ego et l\u2019agora \u2013 7&nbsp;jan\u00advier&nbsp;2009 En pr\u00e9\u00adpa\u00adra\u00adtion de notre ren\u00adcontre avec les \u00ab&nbsp;pro\u00adto\u00adcoles&nbsp;m\u00e9ta&nbsp;\u00bb. Froid int\u00e9\u00adrieur et ext\u00e9\u00adrieur\u00e9ti\u00adre\u00adments Les lignes d\u00e9coupent l\u2019espace, les direc\u00adtions relient les dan\u00adseurs entre&nbsp;eux. Renon\u00adcer quelques fois \u00e0&nbsp;ses propres direc\u00adtions&nbsp;: espace \u00e9las\u00adtique, qui n\u2019est pas enfermant. Ega\u00adli\u00adt\u00e9 entre soi et \u00ab&nbsp;avec&nbsp;\u00bb l\u2019autre. Ago\u00adra int\u00e9\u00adrieur, ago\u00adra avec les autres\u2026 Andr\u00e9ine Bel d\u2019apr\u00e8s les retours de Andr\u00e9ine B, Johan\u00adna B, Laurent B, Nadine G. Article cr\u00e9\u00e9 le 16\/02\/2020\" \/>\n<meta property=\"og:url\" content=\"https:\/\/www.leti.lt\/wordpress\/danseforum-egoetagora\/\" \/>\n<meta property=\"og:site_name\" content=\"Le TILT\" \/>\n<meta property=\"article:published_time\" content=\"2020-02-16T14:30:31+00:00\" \/>\n<meta name=\"author\" content=\"Andr\u00e9ine Bel\" \/>\n<meta name=\"twitter:card\" content=\"summary_large_image\" \/>\n<meta name=\"twitter:label1\" content=\"\u00c9crit par\" \/>\n\t<meta name=\"twitter:data1\" content=\"Andr\u00e9ine Bel\" \/>\n<script type=\"application\/ld+json\" class=\"yoast-schema-graph\">{\"@context\":\"https:\\\/\\\/schema.org\",\"@graph\":[{\"@type\":\"Article\",\"@id\":\"https:\\\/\\\/www.leti.lt\\\/wordpress\\\/danseforum-egoetagora\\\/#article\",\"isPartOf\":{\"@id\":\"https:\\\/\\\/www.leti.lt\\\/wordpress\\\/danseforum-egoetagora\\\/\"},\"author\":{\"name\":\"Andr\u00e9ine Bel\",\"@id\":\"https:\\\/\\\/www.leti.lt\\\/wordpress\\\/#\\\/schema\\\/person\\\/9bb307b2af8fbb575bb3603e57951f75\"},\"headline\":\"Danse forum \u2013 Ego et&nbsp;agora\",\"datePublished\":\"2020-02-16T14:30:31+00:00\",\"mainEntityOfPage\":{\"@id\":\"https:\\\/\\\/www.leti.lt\\\/wordpress\\\/danseforum-egoetagora\\\/\"},\"wordCount\":95,\"commentCount\":0,\"keywords\":[\"DF_Lambesc\"],\"articleSection\":[\"Ateliers Lambesc\"],\"inLanguage\":\"fr-FR\",\"potentialAction\":[{\"@type\":\"CommentAction\",\"name\":\"Comment\",\"target\":[\"https:\\\/\\\/www.leti.lt\\\/wordpress\\\/danseforum-egoetagora\\\/#respond\"]}]},{\"@type\":\"WebPage\",\"@id\":\"https:\\\/\\\/www.leti.lt\\\/wordpress\\\/danseforum-egoetagora\\\/\",\"url\":\"https:\\\/\\\/www.leti.lt\\\/wordpress\\\/danseforum-egoetagora\\\/\",\"name\":\"Danse forum - Ego et agora - Le TILT\",\"isPartOf\":{\"@id\":\"https:\\\/\\\/www.leti.lt\\\/wordpress\\\/#website\"},\"datePublished\":\"2020-02-16T14:30:31+00:00\",\"author\":{\"@id\":\"https:\\\/\\\/www.leti.lt\\\/wordpress\\\/#\\\/schema\\\/person\\\/9bb307b2af8fbb575bb3603e57951f75\"},\"breadcrumb\":{\"@id\":\"https:\\\/\\\/www.leti.lt\\\/wordpress\\\/danseforum-egoetagora\\\/#breadcrumb\"},\"inLanguage\":\"fr-FR\",\"potentialAction\":[{\"@type\":\"ReadAction\",\"target\":[\"https:\\\/\\\/www.leti.lt\\\/wordpress\\\/danseforum-egoetagora\\\/\"]}]},{\"@type\":\"BreadcrumbList\",\"@id\":\"https:\\\/\\\/www.leti.lt\\\/wordpress\\\/danseforum-egoetagora\\\/#breadcrumb\",\"itemListElement\":[{\"@type\":\"ListItem\",\"position\":1,\"name\":\"Accueil\",\"item\":\"https:\\\/\\\/www.leti.lt\\\/wordpress\\\/\"},{\"@type\":\"ListItem\",\"position\":2,\"name\":\"Danse forum \u2013 Ego et&nbsp;agora\"}]},{\"@type\":\"WebSite\",\"@id\":\"https:\\\/\\\/www.leti.lt\\\/wordpress\\\/#website\",\"url\":\"https:\\\/\\\/www.leti.lt\\\/wordpress\\\/\",\"name\":\"Le TILT\",\"description\":\"Recherche, publication, cr\u00e9ation artistique\",\"potentialAction\":[{\"@type\":\"SearchAction\",\"target\":{\"@type\":\"EntryPoint\",\"urlTemplate\":\"https:\\\/\\\/www.leti.lt\\\/wordpress\\\/?s={search_term_string}\"},\"query-input\":{\"@type\":\"PropertyValueSpecification\",\"valueRequired\":true,\"valueName\":\"search_term_string\"}}],\"inLanguage\":\"fr-FR\"},{\"@type\":\"Person\",\"@id\":\"https:\\\/\\\/www.leti.lt\\\/wordpress\\\/#\\\/schema\\\/person\\\/9bb307b2af8fbb575bb3603e57951f75\",\"name\":\"Andr\u00e9ine Bel\",\"image\":{\"@type\":\"ImageObject\",\"inLanguage\":\"fr-FR\",\"@id\":\"https:\\\/\\\/secure.gravatar.com\\\/avatar\\\/4ab041ec7c7ad3b90293023e86528ec1a700ce2971ff61811b2df6b288dd1f38?s=96&d=identicon&r=g\",\"url\":\"https:\\\/\\\/secure.gravatar.com\\\/avatar\\\/4ab041ec7c7ad3b90293023e86528ec1a700ce2971ff61811b2df6b288dd1f38?s=96&d=identicon&r=g\",\"contentUrl\":\"https:\\\/\\\/secure.gravatar.com\\\/avatar\\\/4ab041ec7c7ad3b90293023e86528ec1a700ce2971ff61811b2df6b288dd1f38?s=96&d=identicon&r=g\",\"caption\":\"Andr\u00e9ine Bel\"},\"url\":\"https:\\\/\\\/www.leti.lt\\\/wordpress\\\/author\\\/andreine\\\/\"}]}<\/script>\n<!-- \/ Yoast SEO plugin. -->","yoast_head_json":{"title":"Danse forum - Ego et agora - Le TILT","robots":{"index":"index","follow":"follow","max-snippet":"max-snippet:-1","max-image-preview":"max-image-preview:large","max-video-preview":"max-video-preview:-1"},"canonical":"https:\/\/www.leti.lt\/wordpress\/danseforum-egoetagora\/","og_locale":"fr_FR","og_type":"article","og_title":"Danse forum - Ego et agora - Le TILT","og_description":"Danse forum\u2192 Comptes-ren\u00addus des ate\u00adliers\u2192 Lam\u00adbesc !!L\u2019ego et l\u2019agora \u2013 7&nbsp;jan\u00advier&nbsp;2009 En pr\u00e9\u00adpa\u00adra\u00adtion de notre ren\u00adcontre avec les \u00ab&nbsp;pro\u00adto\u00adcoles&nbsp;m\u00e9ta&nbsp;\u00bb. Froid int\u00e9\u00adrieur et ext\u00e9\u00adrieur\u00e9ti\u00adre\u00adments Les lignes d\u00e9coupent l\u2019espace, les direc\u00adtions relient les dan\u00adseurs entre&nbsp;eux. Renon\u00adcer quelques fois \u00e0&nbsp;ses propres direc\u00adtions&nbsp;: espace \u00e9las\u00adtique, qui n\u2019est pas enfermant. Ega\u00adli\u00adt\u00e9 entre soi et \u00ab&nbsp;avec&nbsp;\u00bb l\u2019autre. Ago\u00adra int\u00e9\u00adrieur, ago\u00adra avec les autres\u2026 Andr\u00e9ine Bel d\u2019apr\u00e8s les retours de Andr\u00e9ine B, Johan\u00adna B, Laurent B, Nadine G. Article cr\u00e9\u00e9 le 16\/02\/2020","og_url":"https:\/\/www.leti.lt\/wordpress\/danseforum-egoetagora\/","og_site_name":"Le TILT","article_published_time":"2020-02-16T14:30:31+00:00","author":"Andr\u00e9ine Bel","twitter_card":"summary_large_image","twitter_misc":{"\u00c9crit par":"Andr\u00e9ine Bel"},"schema":{"@context":"https:\/\/schema.org","@graph":[{"@type":"Article","@id":"https:\/\/www.leti.lt\/wordpress\/danseforum-egoetagora\/#article","isPartOf":{"@id":"https:\/\/www.leti.lt\/wordpress\/danseforum-egoetagora\/"},"author":{"name":"Andr\u00e9ine Bel","@id":"https:\/\/www.leti.lt\/wordpress\/#\/schema\/person\/9bb307b2af8fbb575bb3603e57951f75"},"headline":"Danse forum \u2013 Ego et&nbsp;agora","datePublished":"2020-02-16T14:30:31+00:00","mainEntityOfPage":{"@id":"https:\/\/www.leti.lt\/wordpress\/danseforum-egoetagora\/"},"wordCount":95,"commentCount":0,"keywords":["DF_Lambesc"],"articleSection":["Ateliers Lambesc"],"inLanguage":"fr-FR","potentialAction":[{"@type":"CommentAction","name":"Comment","target":["https:\/\/www.leti.lt\/wordpress\/danseforum-egoetagora\/#respond"]}]},{"@type":"WebPage","@id":"https:\/\/www.leti.lt\/wordpress\/danseforum-egoetagora\/","url":"https:\/\/www.leti.lt\/wordpress\/danseforum-egoetagora\/","name":"Danse forum - Ego et agora - Le TILT","isPartOf":{"@id":"https:\/\/www.leti.lt\/wordpress\/#website"},"datePublished":"2020-02-16T14:30:31+00:00","author":{"@id":"https:\/\/www.leti.lt\/wordpress\/#\/schema\/person\/9bb307b2af8fbb575bb3603e57951f75"},"breadcrumb":{"@id":"https:\/\/www.leti.lt\/wordpress\/danseforum-egoetagora\/#breadcrumb"},"inLanguage":"fr-FR","potentialAction":[{"@type":"ReadAction","target":["https:\/\/www.leti.lt\/wordpress\/danseforum-egoetagora\/"]}]},{"@type":"BreadcrumbList","@id":"https:\/\/www.leti.lt\/wordpress\/danseforum-egoetagora\/#breadcrumb","itemListElement":[{"@type":"ListItem","position":1,"name":"Accueil","item":"https:\/\/www.leti.lt\/wordpress\/"},{"@type":"ListItem","position":2,"name":"Danse forum \u2013 Ego et&nbsp;agora"}]},{"@type":"WebSite","@id":"https:\/\/www.leti.lt\/wordpress\/#website","url":"https:\/\/www.leti.lt\/wordpress\/","name":"Le TILT","description":"Recherche, publication, cr\u00e9ation artistique","potentialAction":[{"@type":"SearchAction","target":{"@type":"EntryPoint","urlTemplate":"https:\/\/www.leti.lt\/wordpress\/?s={search_term_string}"},"query-input":{"@type":"PropertyValueSpecification","valueRequired":true,"valueName":"search_term_string"}}],"inLanguage":"fr-FR"},{"@type":"Person","@id":"https:\/\/www.leti.lt\/wordpress\/#\/schema\/person\/9bb307b2af8fbb575bb3603e57951f75","name":"Andr\u00e9ine Bel","image":{"@type":"ImageObject","inLanguage":"fr-FR","@id":"https:\/\/secure.gravatar.com\/avatar\/4ab041ec7c7ad3b90293023e86528ec1a700ce2971ff61811b2df6b288dd1f38?s=96&d=identicon&r=g","url":"https:\/\/secure.gravatar.com\/avatar\/4ab041ec7c7ad3b90293023e86528ec1a700ce2971ff61811b2df6b288dd1f38?s=96&d=identicon&r=g","contentUrl":"https:\/\/secure.gravatar.com\/avatar\/4ab041ec7c7ad3b90293023e86528ec1a700ce2971ff61811b2df6b288dd1f38?s=96&d=identicon&r=g","caption":"Andr\u00e9ine Bel"},"url":"https:\/\/www.leti.lt\/wordpress\/author\/andreine\/"}]}},"_links":{"self":[{"href":"https:\/\/www.leti.lt\/wordpress\/wp-json\/wp\/v2\/posts\/94","targetHints":{"allow":["GET"]}}],"collection":[{"href":"https:\/\/www.leti.lt\/wordpress\/wp-json\/wp\/v2\/posts"}],"about":[{"href":"https:\/\/www.leti.lt\/wordpress\/wp-json\/wp\/v2\/types\/post"}],"author":[{"embeddable":true,"href":"https:\/\/www.leti.lt\/wordpress\/wp-json\/wp\/v2\/users\/2"}],"replies":[{"embeddable":true,"href":"https:\/\/www.leti.lt\/wordpress\/wp-json\/wp\/v2\/comments?post=94"}],"version-history":[{"count":0,"href":"https:\/\/www.leti.lt\/wordpress\/wp-json\/wp\/v2\/posts\/94\/revisions"}],"wp:attachment":[{"href":"https:\/\/www.leti.lt\/wordpress\/wp-json\/wp\/v2\/media?parent=94"}],"wp:term":[{"taxonomy":"category","embeddable":true,"href":"https:\/\/www.leti.lt\/wordpress\/wp-json\/wp\/v2\/categories?post=94"},{"taxonomy":"post_tag","embeddable":true,"href":"https:\/\/www.leti.lt\/wordpress\/wp-json\/wp\/v2\/tags?post=94"}],"curies":[{"name":"wp","href":"https:\/\/api.w.org\/{rel}","templated":true}]}}