{"id":93,"date":"2020-02-16T15:30:31","date_gmt":"2020-02-16T14:30:31","guid":{"rendered":"https:\/\/www.leti.lt\/wordpress\/?p=93"},"modified":"-0001-11-30T00:00:00","modified_gmt":"-0001-11-29T22:00:00","slug":"danseforum-ecrituresducorpsetsignaturecorporelle","status":"publish","type":"post","link":"https:\/\/www.leti.lt\/wordpress\/danseforum-ecrituresducorpsetsignaturecorporelle\/","title":{"rendered":"\u00c9critures du corps et signature corporelle"},"content":{"rendered":"<p><a href=\"https:\/\/www.leti.lt\/wordpress\/danseforum-danseforum\/\">Danse forum<\/a><br>\u2192 <a href=\"https:\/\/www.leti.lt\/wordpress\/danseforum-comptesrendusateliers\/\">Comptes-ren\u00addus des ate\u00adliers<\/a><br>\u2192 <a href=\"https:\/\/www.leti.lt\/wordpress\/danseforum-aixenprovence\/\">Aix-en-Pro\u00advence<\/a><br><br>!!\u00c9cri\u00adtures du corps et signa\u00adture cor\u00adpo\u00adrelle, 9&nbsp;mai 2010, stu\u00addio For\u00adbin, en pr\u00e9\u00adpa\u00adra\u00adtion du fes\u00adti\u00adval de For\u00adcal\u00adquier<br><br><br><br>Nous \u00e9tions neuf ce dimanche 9&nbsp;mai 2010 au stu\u00addio For\u00adbin, autour des \u00ab&nbsp;\u00c9cri\u00adtures du corps et signa\u00adture cor\u00adpo\u00adrelle&nbsp;\u00bb. Nos retours ver\u00adbaux ont nour\u00adri mes notes\u2026<br><br>Pour la pre\u00admi\u00e8re fois peut-\u00eatre, l\u2019\u00e9veil des sen\u00adsa\u00adtions et des muscles nous a&nbsp;par\u00adl\u00e9 dis\u00adtinc\u00adte\u00adment d\u2019\u00e9critures du corps.<br><br>Les vibra\u00adtions tra\u00ad\u00e7aient des des\u00adsins, les ten\u00adsions s\u2019exer\u00e7aient sur des lignes de force, la toni\u00adci\u00adt\u00e9 des hanches d\u00e9cri\u00advait un 8&nbsp;en n\u0153ud de M\u0153bius, les points fix\u00e9s dans l\u2019espace deve\u00adnaient des rep\u00e8res stables, les quatre points stra\u00adt\u00e9\u00adgiques (2 omo\u00adplates et 2&nbsp;hanches) voya\u00adgeaient comme l\u2019on explore un pay\u00adsage, l\u2019axe du corps tra\u00ad\u00e7ait des canaux le long de la r\u00e9sis\u00adtance des os, puis sou\u00addain le \u00ab&nbsp;corps sans os&nbsp;\u00bb lib\u00e9\u00adrait les ten\u00adsions en une dou\u00adceur chaude qui ren\u00addait l\u2019int\u00e9rieur et l\u2019ext\u00e9rieur inter\u00adchan\u00adgeables \u00e0&nbsp;sou\u00adhait.<br><br>Ailleurs, les res\u00adser\u00adre\u00adments fai\u00adsaient leurs lignes le long des \u00e9mo\u00adtions luna\u00adtiques, les pin\u00adce\u00adments pico\u00adtaient les omo\u00adplates en un jeu ludique, les ten\u00adsions ins\u00adcri\u00advaient des courbes le long des pieds, le c\u00f4t\u00e9 gauche ber\u00ad\u00e7ait le droit et inver\u00adse\u00adment.<br><br>Sen\u00adsa\u00adtion, \u00e9mo\u00adtion, ins\u00adcrip\u00adtion\u2026 et \u00ab&nbsp;signa\u00adture&nbsp;\u00bb, le th\u00e8me sen\u00adsi\u00adtif nous est tom\u00adb\u00e9 tout m\u00fbr dans le bec.<br><br><i>Le forum pou\u00advait com\u00admen\u00adcer.<\/i><br><br>La signa\u00adture cor\u00adpo\u00adrelle a&nbsp;fait alliance en un pre\u00admier temps avec le tra\u00adc\u00e9 de \u00ab&nbsp;Dia\u00adlogues en sept&nbsp;\u00bb, une com\u00adpo\u00adsi\u00adtion musi\u00adcale contem\u00adpo\u00adraine d\u2019Andr\u00e9 Mou\u00adret. Mais assez vite le sen\u00adsi\u00adtif a&nbsp;op\u00e9\u00adr\u00e9 un d\u00e9ca\u00adlage des gestes avec la musique, d\u00e9ta\u00adchant la forme cor\u00adpo\u00adrelle de la forme musi\u00adcale. Il nous a&nbsp;fal\u00adlu aller p\u00eacher l\u2019\u00e9nergie du mou\u00adve\u00adment en nous-m\u00eames. <br><br>La signa\u00adture cor\u00adpo\u00adrelle nous a&nbsp;par\u00adl\u00e9 de <b>nos habi\u00adtudes ges\u00adtuelles non vou\u00adlues, de nos rai\u00addeurs enkys\u00adt\u00e9es qui, selon o\u00f9 elles se situent, carac\u00adt\u00e9\u00adrisent un mou\u00adve\u00adment<\/b>. Elle nous a&nbsp;par\u00adl\u00e9 aus\u00adsi du <b>volon\u00adtaire qui cherche \u00e0&nbsp;for\u00admer un style<\/b>, puis de la tran\u00adsi\u00adtion du volon\u00adtaire vers l\u2019involontaire par le lais\u00adser-faire. <br><br>L\u2019attention por\u00adt\u00e9e \u00e0&nbsp;la signa\u00adture d\u2019un geste am\u00e8ne sou\u00advent une ampli\u00adfi\u00adca\u00adtion spon\u00adta\u00adn\u00e9e des carac\u00adt\u00e9\u00adris\u00adtiques. Balan\u00adce\u00adments, d\u00e9s\u00ad\u00e9qui\u00adlibres et tour\u00adnoie\u00adments pui\u00adsaient leur \u00e9ner\u00adgie dans la musique cor\u00adpo\u00adrelle, comme une ritour\u00adnelle entre mou\u00adve\u00adments et puis\u00adsance du corps.<br><br>Tra\u00adc\u00e9e \u00e0&nbsp;la pointe de la sen\u00adsa\u00adtion, la signa\u00adture offre une <b>recon\u00adnais\u00adsance<\/b> \u00e0&nbsp;l\u2019auteur comme au lec\u00adteur.<br><br>Curieu\u00adse\u00adment, une fois la signa\u00adture assu\u00adm\u00e9e avec toutes ses varia\u00adtions et carac\u00adt\u00e9\u00adris\u00adtiques, une sorte de <b>d\u00e9per\u00adson\u00adna\u00adli\u00adsa\u00adtion<\/b> a&nbsp;pu s\u2019accomplir, sor\u00adtant le sujet dan\u00adseur de ses peurs et traits de carac\u00adt\u00e8re cou\u00adtu\u00admiers. Un peu comme pour <b>aller \u00e0&nbsp;l\u2019essentiel<\/b>, vers un poten\u00adtiel encore inex\u00adplo\u00adr\u00e9 et des pos\u00adsi\u00adbi\u00adli\u00adt\u00e9s d\u00e9cu\u00adpl\u00e9es.<br><br>Les organes se sont mis \u00e0&nbsp;par\u00adti\u00adci\u00adper aux mou\u00adve\u00adments et \u00e0&nbsp;la signa\u00adture, en tous cas \u00e0&nbsp;son esquisse, la ren\u00addant <b>inimi\u00adtable<\/b>. Le tra\u00adc\u00e9 d\u2019une signa\u00adture n\u2019est pas repro\u00adduc\u00adtible sans pla\u00adgiat, ce fut une \u00e9vi\u00addence.<br><br>Une <b>signa\u00adture-porte-ouverte<\/b> s\u2019est alors impo\u00ads\u00e9e, une \u00e9vo\u00adca\u00adtion en mou\u00adve\u00adment. A&nbsp;par\u00adtir de l\u00e0, la signa\u00adture est deve\u00adnue friable, comme un tra\u00adc\u00e9 fait de sable.<br><br>De la paro\u00addie \u00e0&nbsp;l\u2019\u00e9volution du style, la signa\u00adture, contre toute attente, nous a&nbsp;per\u00admis de <b>ne pas nous sen\u00adtir empri\u00adson\u00adn\u00e9s<\/b>&nbsp;: tu fais du untel, c\u2019est bien, et cela veut dire qu\u2019il y&nbsp;a plus \u00e0&nbsp;cher\u00adcher.<br><br>Bref, l\u2019\u00e9criture s\u2019est mise, par l\u2019entremise de la signa\u00adture, \u00e0&nbsp;des endroits inha\u00adbi\u00adtuels.<br><br>L\u2019espace sc\u00e9\u00adnique s\u2019est fait page blanche, avec fron\u00adti\u00e8res, direc\u00adtions, entr\u00e9e, sor\u00adtie. Chaque tra\u00adjec\u00adtoire \u00e9tait une direc\u00adtion influen\u00adc\u00e9e par d\u2019autres direc\u00adtions, chaque tra\u00adc\u00e9 influen\u00ad\u00e7ait les autres tra\u00adc\u00e9s. <b>La signa\u00adture per\u00adson\u00adnelle inter\u00adagis\u00adsait avec les influences<\/b> qu\u2019elle per\u00adce\u00advait. Lorsqu\u2019un tra\u00adc\u00e9 ren\u00adcontre un autre tra\u00adc\u00e9, il n\u2019est plus le m\u00eame, son deve\u00adnir est \u00e0&nbsp;d\u00e9cou\u00advrir.<br><br>Dif\u00adf\u00e9\u00adrentes signa\u00adtures arrivent \u00e0&nbsp;for\u00admer ensemble une <b>m\u00e9ta\u00adsi\u00adgna\u00adture<\/b>, on croit que c\u2019est fait expr\u00e8s, mais cela reste de l\u2019ordre de l\u2019incertain.<br><br><b>La cloche se tait -<\/b><br><br>les fleurs en \u00e9cho<br><br>par\u00adfument le soir&nbsp;!<b><\/b><br><br><b>Mat\u00adsuo Bash\u00f4<\/b><br><br>Ma propre signa\u00adture cherche ses mots.<br><br>Lorsque les \u00e9mo\u00adtions nous sub\u00admergent, lais\u00adser pas\u00adser ce qui vient est le moyen \u00e0&nbsp;la fois de signer et d\u2019avoir une r\u00e9ponse&nbsp;: aller et retour ins\u00adtan\u00adta\u00adn\u00e9 \u00e0&nbsp;l\u2019envoyeur.<br><br>Je ne sais plus tr\u00e8s bien com\u00adment le chaud est venu dans tout cela. Ah si&nbsp;! Les \u00e9mo\u00adtions de la ren\u00adcontre, la com\u00admu\u00adni\u00adca\u00adtion par le chaud\u2026 cela a&nbsp;suf\u00adfi pour que naisse \u00ab&nbsp;l\u2019esth\u00e9tique du chaud&nbsp;\u00bb, comme une m\u00e9ta\u00adsi\u00adgna\u00adture \u00e0&nbsp;plu\u00adsieurs.<br><br>La mul\u00adti\u00adpli\u00adci\u00adt\u00e9 des \u00e9cri\u00adtures et leur <b>ren\u00adcontre syn\u00adchrone<\/b> nous ont vite fait voir que les accords ne se font pas quand l\u2019une ou l\u2019autre des signa\u00adtures est intru\u00adsive. C\u2019est la d\u00e9ban\u00addade, le sauve qui peut. Tout cela demande de l\u2019attention tran\u00adquille.<br><br>La signa\u00adture latine d\u2019un carac\u00adt\u00e8re est lourde, je suis t\u00eatu \u00e0&nbsp;fond&nbsp;? Deux solu\u00adtions&nbsp;: j\u2019\u00e9chappe, ou je reste. A&nbsp;se fuir, on \u00e9chappe aux ren\u00adcontres. A&nbsp;res\u00adter, les ten\u00adsions mus\u00adcu\u00adlaires prennent le risque d\u2019\u00eatre mani\u00adpu\u00adl\u00e9es. La limite entre volon\u00adtaire et invo\u00adlon\u00adtaire est si poreuse&nbsp;!<br><br>L\u2019approche d\u2019autres sen\u00adsibles a&nbsp;emprun\u00adt\u00e9 ce jour-l\u00e0 des routes ici et l\u00e0, avec l\u2019impression de se diri\u00adger vers <b>\u00ab&nbsp;l\u2019origine de la ren\u00adcontre&nbsp;\u00bb<\/b>, toutes antennes dehors. Alors avons-nous eu la sen\u00adsa\u00adtion que chaque signa\u00adture s\u2019apposait dans son int\u00e9\u00adgri\u00adt\u00e9, hors illus\u00adtra\u00adtion.<br><br>Ce fut de courte dur\u00e9e.<br><br>Un d\u00e9sir peut en atti\u00adrer un autre, et les deux ne vont pas for\u00adc\u00e9\u00adment ensemble. L\u2019un des d\u00e9si\u00adrs peut deve\u00adnir pr\u00e9\u00adda\u00adteur et croire \u00eatre en phase avec l\u2019autre, si le chal\u00adlenge de la ren\u00adcontre est au ren\u00addez-vous avec l\u2019imagination et l\u2019interpr\u00e9tation qui arrange.<br><br>Com\u00adment se retrou\u00adver soi dans la sen\u00adsa\u00adtion&nbsp;? Com\u00adment est-ce qu\u2019on inter\u00adpr\u00e8te la ren\u00adcontre&nbsp;? Quel est l\u2019espace entre d\u00e9sir et volon\u00adt\u00e9&nbsp;?<br><br>Fina\u00adle\u00adment, nous avons conve\u00adnu que le contact, cela peut \u00eatre un bout de phrase \u00e9crit \u00e0&nbsp;deux\u2026<br><br><i>Le bilan r\u00e9flexif a&nbsp;\u00e9t\u00e9 riche aus\u00adsi.<\/i><br><br>Nos ren\u00adcontres nous ont fait pen\u00adser \u00e0&nbsp;celle des mots amis et des mots enne\u00admis. \u00ab&nbsp;Agui\u00adla o&nbsp;sol&nbsp;\u00bb. S\u00e9man\u00adtique et affec\u00adti\u00advi\u00adt\u00e9&nbsp;: la nais\u00adsance d\u2019une tex\u00adtuelle des corps tient \u00e0&nbsp;celui qui regarde. Il y&nbsp;a une plu\u00adri\u00adva\u00adlence des \u00e9cri\u00adtures. La s\u00e9man\u00adtique est cr\u00e9\u00e9e par le spec\u00adta\u00adteur, elle est proche ou \u00e9loi\u00adgn\u00e9e de ce qui se vit sur sc\u00e8ne, elle se fait l\u2019\u00e9cho de ses propres \u00e9mo\u00adtions.<br><br>Dans l\u2019espace sc\u00e9\u00adnique, le dan\u00adseur exp\u00e9\u00adri\u00admente plus ou moins de pres\u00adsion, il est plus ou moins \u00e0&nbsp;l\u2019aise. Cela a&nbsp;peut-\u00eatre \u00e0&nbsp;voir avec le <b>degr\u00e9 d\u2019intimit\u00e9<\/b> dans la signa\u00adture, et avec le d\u00e9sir de mon\u00adtrer. Tout cela influence la fa\u00e7on d\u2019\u00eatre l\u00e9ger ou lourd dans la struc\u00adture sc\u00e9\u00adnique.<br><br>Si je me trouve bou\u00addeur, je peux cher\u00adcher \u00e0&nbsp;pas\u00adser outre, et je tra\u00eene une lour\u00addeur qui refuse de se mon\u00adtrer. Ou bien je fais le choix d\u2019\u00eatre en ad\u00e9\u00adqua\u00adtion avec ma bou\u00adde\u00adrie, et curieu\u00adse\u00adment, tout devient moins lourd.<br><br>Il y&nbsp;a des signa\u00adtures <b>per\u00adson\u00adnelles, et imper\u00adson\u00adnelles<\/b>. Le moi construit une dif\u00adf\u00e9\u00adrence qui sur\u00adgit dans la ges\u00adtuelle, tra\u00ad\u00e7ant une signa\u00adture. Ce qui nous a&nbsp;sur\u00adpris, c\u2019est que cette signa\u00adture per\u00admette de glis\u00adser hors de la \u00ab&nbsp;repr\u00e9\u00adsen\u00adta\u00adtion&nbsp;\u00bb, par une sorte de d\u00e9cou\u00adverte que l\u2019on fait de soi-m\u00eame en se <b>\u00ab&nbsp;pr\u00e9\u00adsen\u00adtant&nbsp;\u00bb<\/b>.<br><br>La main nous est appa\u00adrue comme un moyen de per\u00adcep\u00adtion qui prend avan\u00adta\u00adgeu\u00adse\u00adment le relais des yeux. Elle per\u00ad\u00e7oit en tou\u00adchant ou \u00e0&nbsp;dis\u00adtance, volumes et tex\u00adtures, tem\u00adp\u00e9\u00adra\u00adtures et consis\u00adtances, sen\u00adsa\u00adtions int\u00e9\u00adgr\u00e9es dans la danse elle-m\u00eame.<br><br>Quand les signa\u00adtures sont claires, on ne cherche pas \u00e0&nbsp;fusion\u00adner, le geste se fie \u00e0&nbsp;la sen\u00adsa\u00adtion.<br><br>Le sque\u00adlette de la signa\u00adture nous est appa\u00adru si vaste&nbsp;!<br><br>Andr\u00e9ine Bel,<br><br>d\u2019apr\u00e8s les retours de&nbsp;: Andr\u00e9ine B, Ber\u00adnard B, Emma G, Ken M, Leo\u00adnar\u00addo C, Ma\u00ef\u00adlys C, Marit\u00adza S, Minh N\u2011G,V\u00e9ronique B.<\/p><p style=\"color:green; text-align:right !important;\">Article cr\u00e9\u00e9 le 16\/02\/2020<\/p>","protected":false},"excerpt":{"rendered":"<p>Danse forum\u2192 Comptes-ren\u00ad\u00addus des ate\u00adliers\u2192 Aix-en-Pro\u00ad\u00advence !!\u00c9cri\u00adtures du corps et signa\u00adture cor\u00adpo\u00adrelle, 9&nbsp;mai 2010, stu\u00addio For\u00adbin, en pr\u00e9\u00adpa\u00adra\u00adtion du fes\u00adti\u00adval de For\u00adcal\u00adquier Nous \u00e9tions neuf ce dimanche 9&nbsp;mai 2010 au stu\u00addio For\u00adbin, autour des \u00ab&nbsp;\u00c9cri\u00adtures du corps et signa\u00adture cor\u00adpo\u00adrelle&nbsp;\u00bb. Nos retours ver\u00adbaux ont nour\u00adri mes&nbsp;notes\u2026 Pour la pre\u00admi\u00e8re fois peut-\u00eatre, l\u2019\u00e9veil des sen\u00adsa\u00adtions et des muscles nous a&nbsp;par\u00adl\u00e9 dis\u00adtinc\u00adte\u00adment d\u2019\u00e9critures du&nbsp;corps. Les vibra\u00adtions tra\u00ad\u00e7aient des des\u00adsins, les ten\u00adsions s\u2019exer\u00e7aient sur des lignes de force, la toni\u00adci\u00adt\u00e9 des hanches d\u00e9crivait&nbsp;[\u2026]<\/p>\n","protected":false},"author":2,"featured_media":0,"comment_status":"open","ping_status":"open","sticky":false,"template":"","format":"standard","meta":{"wp_typography_post_enhancements_disabled":false,"footnotes":""},"categories":[133],"tags":[210],"class_list":["post-93","post","type-post","status-publish","format-standard","hentry","category-ateliers_aix","tag-df_aixenprovence"],"yoast_head":"<!-- This site is optimized with the Yoast SEO plugin v27.5 - https:\/\/yoast.com\/product\/yoast-seo-wordpress\/ -->\n<title>\u00c9critures du corps et signature corporelle - Le TILT<\/title>\n<meta name=\"robots\" content=\"index, follow, max-snippet:-1, max-image-preview:large, max-video-preview:-1\" \/>\n<link rel=\"canonical\" href=\"https:\/\/www.leti.lt\/wordpress\/danseforum-ecrituresducorpsetsignaturecorporelle\/\" \/>\n<meta property=\"og:locale\" content=\"fr_FR\" \/>\n<meta property=\"og:type\" content=\"article\" \/>\n<meta property=\"og:title\" content=\"\u00c9critures du corps et signature corporelle - Le TILT\" \/>\n<meta property=\"og:description\" content=\"Danse forum\u2192 Comptes-ren\u00addus des ate\u00adliers\u2192 Aix-en-Pro\u00advence !!\u00c9cri\u00adtures du corps et signa\u00adture cor\u00adpo\u00adrelle, 9&nbsp;mai 2010, stu\u00addio For\u00adbin, en pr\u00e9\u00adpa\u00adra\u00adtion du fes\u00adti\u00adval de Forcalquier Nous \u00e9tions neuf ce dimanche 9&nbsp;mai 2010 au stu\u00addio For\u00adbin, autour des \u00ab&nbsp;\u00c9cri\u00adtures du corps et signa\u00adture cor\u00adpo\u00adrelle&nbsp;\u00bb. Nos retours ver\u00adbaux ont nour\u00adri mes&nbsp;notes\u2026 Pour la pre\u00admi\u00e8re fois peut-\u00eatre, l\u2019\u00e9veil des sen\u00adsa\u00adtions et des muscles nous a&nbsp;par\u00adl\u00e9 dis\u00adtinc\u00adte\u00adment d\u2019\u00e9critures du&nbsp;corps. Les vibra\u00adtions tra\u00ad\u00e7aient des des\u00adsins, les ten\u00adsions s\u2019exer\u00e7aient sur des lignes de force, la toni\u00adci\u00adt\u00e9 des hanches d\u00e9cri\u00advait [&hellip;]\" \/>\n<meta property=\"og:url\" content=\"https:\/\/www.leti.lt\/wordpress\/danseforum-ecrituresducorpsetsignaturecorporelle\/\" \/>\n<meta property=\"og:site_name\" content=\"Le TILT\" \/>\n<meta property=\"article:published_time\" content=\"2020-02-16T14:30:31+00:00\" \/>\n<meta name=\"author\" content=\"Andr\u00e9ine Bel\" \/>\n<meta name=\"twitter:card\" content=\"summary_large_image\" \/>\n<meta name=\"twitter:label1\" content=\"\u00c9crit par\" \/>\n\t<meta name=\"twitter:data1\" content=\"Andr\u00e9ine Bel\" \/>\n\t<meta name=\"twitter:label2\" content=\"Dur\u00e9e de lecture estim\u00e9e\" \/>\n\t<meta name=\"twitter:data2\" content=\"7 minutes\" \/>\n<script type=\"application\/ld+json\" class=\"yoast-schema-graph\">{\"@context\":\"https:\\\/\\\/schema.org\",\"@graph\":[{\"@type\":\"Article\",\"@id\":\"https:\\\/\\\/www.leti.lt\\\/wordpress\\\/danseforum-ecrituresducorpsetsignaturecorporelle\\\/#article\",\"isPartOf\":{\"@id\":\"https:\\\/\\\/www.leti.lt\\\/wordpress\\\/danseforum-ecrituresducorpsetsignaturecorporelle\\\/\"},\"author\":{\"name\":\"Andr\u00e9ine Bel\",\"@id\":\"https:\\\/\\\/www.leti.lt\\\/wordpress\\\/#\\\/schema\\\/person\\\/9bb307b2af8fbb575bb3603e57951f75\"},\"headline\":\"\u00c9critures du corps et signature corporelle\",\"datePublished\":\"2020-02-16T14:30:31+00:00\",\"mainEntityOfPage\":{\"@id\":\"https:\\\/\\\/www.leti.lt\\\/wordpress\\\/danseforum-ecrituresducorpsetsignaturecorporelle\\\/\"},\"wordCount\":1325,\"commentCount\":0,\"keywords\":[\"DF_AixEnProvence\"],\"articleSection\":[\"Ateliers Aix\"],\"inLanguage\":\"fr-FR\",\"potentialAction\":[{\"@type\":\"CommentAction\",\"name\":\"Comment\",\"target\":[\"https:\\\/\\\/www.leti.lt\\\/wordpress\\\/danseforum-ecrituresducorpsetsignaturecorporelle\\\/#respond\"]}]},{\"@type\":\"WebPage\",\"@id\":\"https:\\\/\\\/www.leti.lt\\\/wordpress\\\/danseforum-ecrituresducorpsetsignaturecorporelle\\\/\",\"url\":\"https:\\\/\\\/www.leti.lt\\\/wordpress\\\/danseforum-ecrituresducorpsetsignaturecorporelle\\\/\",\"name\":\"\u00c9critures du corps et signature corporelle - Le TILT\",\"isPartOf\":{\"@id\":\"https:\\\/\\\/www.leti.lt\\\/wordpress\\\/#website\"},\"datePublished\":\"2020-02-16T14:30:31+00:00\",\"author\":{\"@id\":\"https:\\\/\\\/www.leti.lt\\\/wordpress\\\/#\\\/schema\\\/person\\\/9bb307b2af8fbb575bb3603e57951f75\"},\"breadcrumb\":{\"@id\":\"https:\\\/\\\/www.leti.lt\\\/wordpress\\\/danseforum-ecrituresducorpsetsignaturecorporelle\\\/#breadcrumb\"},\"inLanguage\":\"fr-FR\",\"potentialAction\":[{\"@type\":\"ReadAction\",\"target\":[\"https:\\\/\\\/www.leti.lt\\\/wordpress\\\/danseforum-ecrituresducorpsetsignaturecorporelle\\\/\"]}]},{\"@type\":\"BreadcrumbList\",\"@id\":\"https:\\\/\\\/www.leti.lt\\\/wordpress\\\/danseforum-ecrituresducorpsetsignaturecorporelle\\\/#breadcrumb\",\"itemListElement\":[{\"@type\":\"ListItem\",\"position\":1,\"name\":\"Accueil\",\"item\":\"https:\\\/\\\/www.leti.lt\\\/wordpress\\\/\"},{\"@type\":\"ListItem\",\"position\":2,\"name\":\"\u00c9critures du corps et signature corporelle\"}]},{\"@type\":\"WebSite\",\"@id\":\"https:\\\/\\\/www.leti.lt\\\/wordpress\\\/#website\",\"url\":\"https:\\\/\\\/www.leti.lt\\\/wordpress\\\/\",\"name\":\"Le TILT\",\"description\":\"Recherche, publication, cr\u00e9ation artistique\",\"potentialAction\":[{\"@type\":\"SearchAction\",\"target\":{\"@type\":\"EntryPoint\",\"urlTemplate\":\"https:\\\/\\\/www.leti.lt\\\/wordpress\\\/?s={search_term_string}\"},\"query-input\":{\"@type\":\"PropertyValueSpecification\",\"valueRequired\":true,\"valueName\":\"search_term_string\"}}],\"inLanguage\":\"fr-FR\"},{\"@type\":\"Person\",\"@id\":\"https:\\\/\\\/www.leti.lt\\\/wordpress\\\/#\\\/schema\\\/person\\\/9bb307b2af8fbb575bb3603e57951f75\",\"name\":\"Andr\u00e9ine Bel\",\"image\":{\"@type\":\"ImageObject\",\"inLanguage\":\"fr-FR\",\"@id\":\"https:\\\/\\\/secure.gravatar.com\\\/avatar\\\/4ab041ec7c7ad3b90293023e86528ec1a700ce2971ff61811b2df6b288dd1f38?s=96&d=identicon&r=g\",\"url\":\"https:\\\/\\\/secure.gravatar.com\\\/avatar\\\/4ab041ec7c7ad3b90293023e86528ec1a700ce2971ff61811b2df6b288dd1f38?s=96&d=identicon&r=g\",\"contentUrl\":\"https:\\\/\\\/secure.gravatar.com\\\/avatar\\\/4ab041ec7c7ad3b90293023e86528ec1a700ce2971ff61811b2df6b288dd1f38?s=96&d=identicon&r=g\",\"caption\":\"Andr\u00e9ine Bel\"},\"url\":\"https:\\\/\\\/www.leti.lt\\\/wordpress\\\/author\\\/andreine\\\/\"}]}<\/script>\n<!-- \/ Yoast SEO plugin. -->","yoast_head_json":{"title":"\u00c9critures du corps et signature corporelle - Le TILT","robots":{"index":"index","follow":"follow","max-snippet":"max-snippet:-1","max-image-preview":"max-image-preview:large","max-video-preview":"max-video-preview:-1"},"canonical":"https:\/\/www.leti.lt\/wordpress\/danseforum-ecrituresducorpsetsignaturecorporelle\/","og_locale":"fr_FR","og_type":"article","og_title":"\u00c9critures du corps et signature corporelle - Le TILT","og_description":"Danse forum\u2192 Comptes-ren\u00addus des ate\u00adliers\u2192 Aix-en-Pro\u00advence !!\u00c9cri\u00adtures du corps et signa\u00adture cor\u00adpo\u00adrelle, 9&nbsp;mai 2010, stu\u00addio For\u00adbin, en pr\u00e9\u00adpa\u00adra\u00adtion du fes\u00adti\u00adval de Forcalquier Nous \u00e9tions neuf ce dimanche 9&nbsp;mai 2010 au stu\u00addio For\u00adbin, autour des \u00ab&nbsp;\u00c9cri\u00adtures du corps et signa\u00adture cor\u00adpo\u00adrelle&nbsp;\u00bb. Nos retours ver\u00adbaux ont nour\u00adri mes&nbsp;notes\u2026 Pour la pre\u00admi\u00e8re fois peut-\u00eatre, l\u2019\u00e9veil des sen\u00adsa\u00adtions et des muscles nous a&nbsp;par\u00adl\u00e9 dis\u00adtinc\u00adte\u00adment d\u2019\u00e9critures du&nbsp;corps. Les vibra\u00adtions tra\u00ad\u00e7aient des des\u00adsins, les ten\u00adsions s\u2019exer\u00e7aient sur des lignes de force, la toni\u00adci\u00adt\u00e9 des hanches d\u00e9cri\u00advait [&hellip;]","og_url":"https:\/\/www.leti.lt\/wordpress\/danseforum-ecrituresducorpsetsignaturecorporelle\/","og_site_name":"Le TILT","article_published_time":"2020-02-16T14:30:31+00:00","author":"Andr\u00e9ine Bel","twitter_card":"summary_large_image","twitter_misc":{"\u00c9crit par":"Andr\u00e9ine Bel","Dur\u00e9e de lecture estim\u00e9e":"7 minutes"},"schema":{"@context":"https:\/\/schema.org","@graph":[{"@type":"Article","@id":"https:\/\/www.leti.lt\/wordpress\/danseforum-ecrituresducorpsetsignaturecorporelle\/#article","isPartOf":{"@id":"https:\/\/www.leti.lt\/wordpress\/danseforum-ecrituresducorpsetsignaturecorporelle\/"},"author":{"name":"Andr\u00e9ine Bel","@id":"https:\/\/www.leti.lt\/wordpress\/#\/schema\/person\/9bb307b2af8fbb575bb3603e57951f75"},"headline":"\u00c9critures du corps et signature corporelle","datePublished":"2020-02-16T14:30:31+00:00","mainEntityOfPage":{"@id":"https:\/\/www.leti.lt\/wordpress\/danseforum-ecrituresducorpsetsignaturecorporelle\/"},"wordCount":1325,"commentCount":0,"keywords":["DF_AixEnProvence"],"articleSection":["Ateliers Aix"],"inLanguage":"fr-FR","potentialAction":[{"@type":"CommentAction","name":"Comment","target":["https:\/\/www.leti.lt\/wordpress\/danseforum-ecrituresducorpsetsignaturecorporelle\/#respond"]}]},{"@type":"WebPage","@id":"https:\/\/www.leti.lt\/wordpress\/danseforum-ecrituresducorpsetsignaturecorporelle\/","url":"https:\/\/www.leti.lt\/wordpress\/danseforum-ecrituresducorpsetsignaturecorporelle\/","name":"\u00c9critures du corps et signature corporelle - Le TILT","isPartOf":{"@id":"https:\/\/www.leti.lt\/wordpress\/#website"},"datePublished":"2020-02-16T14:30:31+00:00","author":{"@id":"https:\/\/www.leti.lt\/wordpress\/#\/schema\/person\/9bb307b2af8fbb575bb3603e57951f75"},"breadcrumb":{"@id":"https:\/\/www.leti.lt\/wordpress\/danseforum-ecrituresducorpsetsignaturecorporelle\/#breadcrumb"},"inLanguage":"fr-FR","potentialAction":[{"@type":"ReadAction","target":["https:\/\/www.leti.lt\/wordpress\/danseforum-ecrituresducorpsetsignaturecorporelle\/"]}]},{"@type":"BreadcrumbList","@id":"https:\/\/www.leti.lt\/wordpress\/danseforum-ecrituresducorpsetsignaturecorporelle\/#breadcrumb","itemListElement":[{"@type":"ListItem","position":1,"name":"Accueil","item":"https:\/\/www.leti.lt\/wordpress\/"},{"@type":"ListItem","position":2,"name":"\u00c9critures du corps et signature corporelle"}]},{"@type":"WebSite","@id":"https:\/\/www.leti.lt\/wordpress\/#website","url":"https:\/\/www.leti.lt\/wordpress\/","name":"Le TILT","description":"Recherche, publication, cr\u00e9ation artistique","potentialAction":[{"@type":"SearchAction","target":{"@type":"EntryPoint","urlTemplate":"https:\/\/www.leti.lt\/wordpress\/?s={search_term_string}"},"query-input":{"@type":"PropertyValueSpecification","valueRequired":true,"valueName":"search_term_string"}}],"inLanguage":"fr-FR"},{"@type":"Person","@id":"https:\/\/www.leti.lt\/wordpress\/#\/schema\/person\/9bb307b2af8fbb575bb3603e57951f75","name":"Andr\u00e9ine Bel","image":{"@type":"ImageObject","inLanguage":"fr-FR","@id":"https:\/\/secure.gravatar.com\/avatar\/4ab041ec7c7ad3b90293023e86528ec1a700ce2971ff61811b2df6b288dd1f38?s=96&d=identicon&r=g","url":"https:\/\/secure.gravatar.com\/avatar\/4ab041ec7c7ad3b90293023e86528ec1a700ce2971ff61811b2df6b288dd1f38?s=96&d=identicon&r=g","contentUrl":"https:\/\/secure.gravatar.com\/avatar\/4ab041ec7c7ad3b90293023e86528ec1a700ce2971ff61811b2df6b288dd1f38?s=96&d=identicon&r=g","caption":"Andr\u00e9ine Bel"},"url":"https:\/\/www.leti.lt\/wordpress\/author\/andreine\/"}]}},"_links":{"self":[{"href":"https:\/\/www.leti.lt\/wordpress\/wp-json\/wp\/v2\/posts\/93","targetHints":{"allow":["GET"]}}],"collection":[{"href":"https:\/\/www.leti.lt\/wordpress\/wp-json\/wp\/v2\/posts"}],"about":[{"href":"https:\/\/www.leti.lt\/wordpress\/wp-json\/wp\/v2\/types\/post"}],"author":[{"embeddable":true,"href":"https:\/\/www.leti.lt\/wordpress\/wp-json\/wp\/v2\/users\/2"}],"replies":[{"embeddable":true,"href":"https:\/\/www.leti.lt\/wordpress\/wp-json\/wp\/v2\/comments?post=93"}],"version-history":[{"count":0,"href":"https:\/\/www.leti.lt\/wordpress\/wp-json\/wp\/v2\/posts\/93\/revisions"}],"wp:attachment":[{"href":"https:\/\/www.leti.lt\/wordpress\/wp-json\/wp\/v2\/media?parent=93"}],"wp:term":[{"taxonomy":"category","embeddable":true,"href":"https:\/\/www.leti.lt\/wordpress\/wp-json\/wp\/v2\/categories?post=93"},{"taxonomy":"post_tag","embeddable":true,"href":"https:\/\/www.leti.lt\/wordpress\/wp-json\/wp\/v2\/tags?post=93"}],"curies":[{"name":"wp","href":"https:\/\/api.w.org\/{rel}","templated":true}]}}