{"id":92,"date":"2020-02-16T15:30:31","date_gmt":"2020-02-16T14:30:31","guid":{"rendered":"https:\/\/www.leti.lt\/wordpress\/?p=92"},"modified":"-0001-11-30T00:00:00","modified_gmt":"-0001-11-29T22:00:00","slug":"danseforum-eclosailles","status":"publish","type":"post","link":"https:\/\/www.leti.lt\/wordpress\/danseforum-eclosailles\/","title":{"rendered":"\u00c9closailles"},"content":{"rendered":"<p><a href=\"https:\/\/www.leti.lt\/wordpress\/danseforum-danseforum\/\">Danse forum<\/a><br>\u2192 <a href=\"https:\/\/www.leti.lt\/wordpress\/danseforum-comptesrendusateliers\/\">Comptes-ren\u00addus des ate\u00adliers<\/a><br>\u2192 <a href=\"https:\/\/www.leti.lt\/wordpress\/danseforum-forcalquier\/\">For\u00adcal\u00adquier<\/a><br><br>!!\u00ab&nbsp;Eclo\u00adsailles&nbsp;\u00bb \u2013 22\/4\/12<br><br><br><br><i>Compte-ren\u00addu de l\u2019Atelier de danse-forum (danse explo\u00adra\u00adtion) du 22 avril 2012, For\u00adcal\u00adquier<\/i><br><br><i>\u00abEclo\u00adsion, \u00e9clo\u00adsailles\u00ab<\/i><br><br>&nbsp;Nous \u00e9tions onze. Un petit vent fris\u00adquet nous a&nbsp;rete\u00adnu d\u2019aller dan\u00adser dans la nature. Nous avons donc pr\u00e9\u00adf\u00e9\u00adr\u00e9 les quatre murs s\u00e9cu\u00adri\u00adsants de la salle de danse avec ces trois fen\u00eatres \u00e0&nbsp;bar\u00adreaux que le soleil des\u00adsi\u00adnait sur le plan\u00adcher en bois. Trois espaces chauds et lumi\u00adneux qui nous ont atti\u00adr\u00e9 comme les lampes les papillons de nuit.<br><br>Beau\u00adcoup de fatigue dans les os, des ten\u00adsions, rai\u00addeurs, four\u00admille\u00adments, dou\u00adleurs, l\u2019hiver quoi \u2026 Puis, on part dedans. Cer\u00adtaines s\u2019endorment, se posent, d\u2019autres s\u2019\u00e9tirent, s\u2019allongent, se ral\u00adlongent, balan\u00adce\u00adments, ondu\u00adla\u00adtions, immo\u00adbi\u00adli\u00adt\u00e9s, d\u00e9tentes, ouver\u00adtures. Sans en par\u00adler lon\u00adgue\u00adment, le th\u00e8me de l\u2019\u00e9closion vient tr\u00e8s rapi\u00adde\u00adment. Ahhh, on n\u2019aurait pas pu trou\u00adver mieux pour ce moment d\u2019entr\u00e9e en prin\u00adtemps&nbsp;!<br><br>N. explique que pen\u00addant l\u2019\u00e9chauffement, elle qui pour\u00adtant a&nbsp;\u00e9t\u00e9 tr\u00e8s fati\u00adgu\u00e9e, en se posant a&nbsp;sen\u00adti par\u00adcelle par par\u00adcelle, arti\u00adcu\u00adla\u00adtion par arti\u00adcu\u00adla\u00adtion se mettre en mou\u00adve\u00adment, s\u2019ouvrir, se rem\u00adplir d\u2019un je-ne-sais-quoi, elle s\u2019est sen\u00adtie \u00e9clore et en m\u00eame temps en retrou\u00advailles avec son corps, trop long\u00adtemps oubli\u00e9, rouill\u00e9, en dou\u00adleur \u2026 C\u2019est elle qui nous a&nbsp;sor\u00adti ce mot&nbsp;: \u00e9clo\u00adsailles. Eclore et retrou\u00advailles. D\u2019autres avaient exp\u00e9\u00adri\u00admen\u00adt\u00e9 des choses simi\u00adlaires, un va et vient entre recro\u00adque\u00adville\u00adment, enfer\u00adme\u00adment et expan\u00adsion, ouver\u00adture.<br><br>Et nous voi\u00adl\u00e0 lanc\u00e9(e)s \u00e0&nbsp;exp\u00e9\u00adri\u00admen\u00adter en deux impro\u00advi\u00adsa\u00adtions longues ce th\u00e8me (la troi\u00adsi\u00e8me a&nbsp;\u00e9t\u00e9 emp\u00ea\u00adch\u00e9e par un d\u00e9l\u00e9\u00adgu\u00e9 de la mai\u00adrie qui est venu nous dire qu\u2019on fai\u00adsait trop de bruit, juste en des\u00adsous de la salle o\u00f9 le d\u00e9pouille\u00adment des bul\u00adle\u00adtins de vote des pr\u00e9\u00adsi\u00adden\u00adtielles venait de com\u00admen\u00adcer !)<br><br>Une pre\u00admi\u00e8re impro s\u2019est faite sans espace sc\u00e9\u00adnique tra\u00adc\u00e9, sur le K\u00f6ln-Kon\u00adzert de Keith Jar\u00adret puis une autre sur une musique sha\u00adma\u00adnique sud-am\u00e9\u00adri\u00adcaine. Pra\u00adti\u00adque\u00adment tout le monde debout, avec une for\u00admi\u00addable envie de bou\u00adger&nbsp;!<br><br>Puis on a&nbsp;mis en place l\u2019espace sc\u00e9\u00adnique. A&nbsp;chaque fois c\u2019est frap\u00adpant, la dif\u00adf\u00e9\u00adrence d\u2019intensit\u00e9 qu\u2019il y&nbsp;a entre les deux modes, avec toutes les contraintes que cela implique (oser entrer, d\u00e9pas\u00adser la bor\u00addure, \u00eatre regard\u00e9(e) par les autres, etc.) Puis l\u2019\u00e9ternelle dis\u00adcus\u00adsion sur la musique, trop intru\u00adsive par moments, pour cer\u00adtains. Choi\u00adsir entre la \u00ab&nbsp;lais\u00adser&nbsp;\u00bb de c\u00f4t\u00e9 quand elle nous g\u00e8ne, ou alors aller l\u2019\u00e9teindre ou bien par\u00adtir des\u00adsus, se lais\u00adser por\u00adter par, comme un par\u00adte\u00adnaire&nbsp;; tout est pos\u00adsible. Dans les impros qui ont sui\u00advi heu\u00adreu\u00adse\u00adment il y&nbsp;avait la fl\u00fbte de G., les voix de nous tous et toutes, les paroles des po\u00e8mes (Bau\u00adde\u00adlaire, Eluard et Hai\u00adkus) et les per\u00adcus\u00adsions de nos pieds sur le par\u00adquet (pauvres d\u00e9pouilleurs de bul\u00adle\u00adtins \u00e9lec\u00adto\u00adraux !)<br><br>Com\u00adment se d\u00e9plie un bour\u00adgeon, une cap\u00adsule de coque\u00adli\u00adcot avec ses p\u00e9tales fri\u00adp\u00e9s qui un par un trouvent leur che\u00admin pour se d\u00e9ployer, vibrer dans le vent et briller dans le soleil, com\u00adment jaillit une tige d\u2019une racine ou d\u2019un bulbe, s\u2019ouvre une graine dans la terre humide&nbsp;? Des micro-mou\u00adve\u00adments, cel\u00adlule par cel\u00adlule qui se met \u00e0&nbsp;bou\u00adger, s\u2019active, se connecte, se mul\u00adti\u00adplie. Qu\u2019est-ce qui la pousse ou la tire&nbsp;? La cha\u00adleur&nbsp;? L\u2019eau&nbsp;? La lune&nbsp;? Le soleil&nbsp;?\u2026 ahhh, l\u2019origine du mou\u00adve\u00adment&nbsp;! Quelle ques\u00adtion&nbsp;! Et pour nous, qu\u2019est-ce qui fait que je me lance, que j\u2019avance, me l\u00e8ve, que je tends vers \u2026 quoi au fait&nbsp;? Une musique, un mot, un bruit, un geste, un mou\u00adve\u00adment, un espace qui m\u2019appelle, une main qui m\u2019am\u00e8ne, un corps qui m\u2019attire, une ombre qui fr\u00e9\u00adtille. Sais-je la voir, l\u2019entendre, le sai\u00adsir, la sen\u00adtir ou le lais\u00adser consciem\u00adment ou ins\u00adtinc\u00adti\u00adve\u00adment de c\u00f4t\u00e9, tra\u00adcer ma route par ailleurs&nbsp;?<br><br><b>ensemble \u00e0&nbsp;petits pas<\/b><br>le tour de son jar\u00addin<br>\u2026 de plus en plus sau\u00advage<b><\/b><br><br>Mer\u00adci N. de nous avoir lu et relu ce Hai\u00adku sur tous les tons, rythmes, ponc\u00adtua\u00adtions, cou\u00adleurs et registres et de nous avoir per\u00admis de deve\u00adnir jar\u00addin, champ, gar\u00adrigue, herbe folle, arbre, for\u00eat vierge, lionnes, chats et ser\u00adpents, sca\u00adra\u00adb\u00e9es, asti\u00adcots, ruis\u00adseau, vent, cri\u2026 pour finir en un trio puis duo, puis solo, fra\u00adgiles, pleins de ten\u00addresse et de dou\u00adceur autour d\u2019un tout petit \u00eatre en deve\u00adnir, dans le ventre de sa m\u00e8re. Eclo\u00adsailles, le mot juste, tom\u00adb\u00e9 \u00e0&nbsp;pic. Des nou\u00adveaux pos\u00adsibles renou\u00adve\u00adl\u00e9s per\u00adp\u00e9\u00adtuel\u00adle\u00adment. En tout cas, tant que dure le prin\u00adtemps et qu\u2019il revient \u00e0&nbsp;chaque fois, m\u00eame si on n\u2019y a&nbsp;plus cru&nbsp;! Quand m\u00eame un chouette truc, le prin\u00adtemps, cette roue qui tourne, ce cercle infi\u00adni\u2026<br><br>Johan\u00adna Bou\u00adchar\u00addeau<br>johanna.\u200bbouchardeau@\u200bgmail.\u200bcom<br>6, rue St. Mary<br>04300 For\u00adcal\u00adquier<br>t\u00e9l&nbsp;: 0033\/(0)4 92 75 17&nbsp;36<\/p><p style=\"color:green; text-align:right !important;\">Article cr\u00e9\u00e9 le 16\/02\/2020<\/p>","protected":false},"excerpt":{"rendered":"<p>Danse forum\u2192 Comptes-ren\u00ad\u00addus des ate\u00adliers\u2192 For\u00adcal\u00adquier !!\u00ab&nbsp;Eclo\u00adsailles&nbsp;\u00bb \u2013 22\/4\/12 Compte-ren\u00ad\u00addu de l\u2019Atelier de danse-forum (danse explo\u00adra\u00adtion) du 22 avril 2012, For\u00adcal\u00adquier \u00ab&nbsp;Eclo\u00adsion, \u00e9clo\u00adsailles&nbsp;\u00bb Nous \u00e9tions onze. Un petit vent fris\u00adquet nous a&nbsp;rete\u00adnu d\u2019aller dan\u00adser dans la nature. Nous avons donc pr\u00e9\u00adf\u00e9\u00adr\u00e9 les quatre murs s\u00e9cu\u00adri\u00adsants de la salle de danse avec ces trois fen\u00eatres \u00e0&nbsp;bar\u00adreaux que le soleil des\u00adsi\u00adnait sur le plan\u00adcher en bois. Trois espaces chauds et lumi\u00adneux qui nous ont atti\u00adr\u00e9 comme les lampes les papillons de&nbsp;nuit. Beaucoup&nbsp;[\u2026]<\/p>\n","protected":false},"author":2,"featured_media":0,"comment_status":"open","ping_status":"open","sticky":false,"template":"","format":"standard","meta":{"wp_typography_post_enhancements_disabled":false,"footnotes":""},"categories":[132],"tags":[209],"class_list":["post-92","post","type-post","status-publish","format-standard","hentry","category-ateliers_forcalquier","tag-df_forcalquier"],"yoast_head":"<!-- This site is optimized with the Yoast SEO plugin v27.5 - https:\/\/yoast.com\/product\/yoast-seo-wordpress\/ -->\n<title>\u00c9closailles - Le TILT<\/title>\n<meta name=\"robots\" content=\"index, follow, max-snippet:-1, max-image-preview:large, max-video-preview:-1\" \/>\n<link rel=\"canonical\" href=\"https:\/\/www.leti.lt\/wordpress\/danseforum-eclosailles\/\" \/>\n<meta property=\"og:locale\" content=\"fr_FR\" \/>\n<meta property=\"og:type\" content=\"article\" \/>\n<meta property=\"og:title\" content=\"\u00c9closailles - Le TILT\" \/>\n<meta property=\"og:description\" content=\"Danse forum\u2192 Comptes-ren\u00addus des ate\u00adliers\u2192 For\u00adcal\u00adquier !!\u00ab&nbsp;Eclo\u00adsailles&nbsp;\u00bb \u2013 22\/4\/12 Compte-ren\u00addu de l\u2019Atelier de danse-forum (danse explo\u00adra\u00adtion) du 22 avril 2012, Forcalquier \u00ab&nbsp;Eclo\u00adsion, \u00e9closailles&nbsp;\u00bb Nous \u00e9tions onze. Un petit vent fris\u00adquet nous a&nbsp;rete\u00adnu d\u2019aller dan\u00adser dans la nature. Nous avons donc pr\u00e9\u00adf\u00e9\u00adr\u00e9 les quatre murs s\u00e9cu\u00adri\u00adsants de la salle de danse avec ces trois fen\u00eatres \u00e0&nbsp;bar\u00adreaux que le soleil des\u00adsi\u00adnait sur le plan\u00adcher en bois. Trois espaces chauds et lumi\u00adneux qui nous ont atti\u00adr\u00e9 comme les lampes les papillons de&nbsp;nuit. Beau\u00adcoup [&hellip;]\" \/>\n<meta property=\"og:url\" content=\"https:\/\/www.leti.lt\/wordpress\/danseforum-eclosailles\/\" \/>\n<meta property=\"og:site_name\" content=\"Le TILT\" \/>\n<meta property=\"article:published_time\" content=\"2020-02-16T14:30:31+00:00\" \/>\n<meta name=\"author\" content=\"Andr\u00e9ine Bel\" \/>\n<meta name=\"twitter:card\" content=\"summary_large_image\" \/>\n<meta name=\"twitter:label1\" content=\"\u00c9crit par\" \/>\n\t<meta name=\"twitter:data1\" content=\"Andr\u00e9ine Bel\" \/>\n\t<meta name=\"twitter:label2\" content=\"Dur\u00e9e de lecture estim\u00e9e\" \/>\n\t<meta name=\"twitter:data2\" content=\"4 minutes\" \/>\n<script type=\"application\/ld+json\" class=\"yoast-schema-graph\">{\"@context\":\"https:\\\/\\\/schema.org\",\"@graph\":[{\"@type\":\"Article\",\"@id\":\"https:\\\/\\\/www.leti.lt\\\/wordpress\\\/danseforum-eclosailles\\\/#article\",\"isPartOf\":{\"@id\":\"https:\\\/\\\/www.leti.lt\\\/wordpress\\\/danseforum-eclosailles\\\/\"},\"author\":{\"name\":\"Andr\u00e9ine Bel\",\"@id\":\"https:\\\/\\\/www.leti.lt\\\/wordpress\\\/#\\\/schema\\\/person\\\/9bb307b2af8fbb575bb3603e57951f75\"},\"headline\":\"\u00c9closailles\",\"datePublished\":\"2020-02-16T14:30:31+00:00\",\"mainEntityOfPage\":{\"@id\":\"https:\\\/\\\/www.leti.lt\\\/wordpress\\\/danseforum-eclosailles\\\/\"},\"wordCount\":803,\"commentCount\":0,\"keywords\":[\"DF_Forcalquier\"],\"articleSection\":[\"Ateliers Forcalquier\"],\"inLanguage\":\"fr-FR\",\"potentialAction\":[{\"@type\":\"CommentAction\",\"name\":\"Comment\",\"target\":[\"https:\\\/\\\/www.leti.lt\\\/wordpress\\\/danseforum-eclosailles\\\/#respond\"]}]},{\"@type\":\"WebPage\",\"@id\":\"https:\\\/\\\/www.leti.lt\\\/wordpress\\\/danseforum-eclosailles\\\/\",\"url\":\"https:\\\/\\\/www.leti.lt\\\/wordpress\\\/danseforum-eclosailles\\\/\",\"name\":\"\u00c9closailles - Le TILT\",\"isPartOf\":{\"@id\":\"https:\\\/\\\/www.leti.lt\\\/wordpress\\\/#website\"},\"datePublished\":\"2020-02-16T14:30:31+00:00\",\"author\":{\"@id\":\"https:\\\/\\\/www.leti.lt\\\/wordpress\\\/#\\\/schema\\\/person\\\/9bb307b2af8fbb575bb3603e57951f75\"},\"breadcrumb\":{\"@id\":\"https:\\\/\\\/www.leti.lt\\\/wordpress\\\/danseforum-eclosailles\\\/#breadcrumb\"},\"inLanguage\":\"fr-FR\",\"potentialAction\":[{\"@type\":\"ReadAction\",\"target\":[\"https:\\\/\\\/www.leti.lt\\\/wordpress\\\/danseforum-eclosailles\\\/\"]}]},{\"@type\":\"BreadcrumbList\",\"@id\":\"https:\\\/\\\/www.leti.lt\\\/wordpress\\\/danseforum-eclosailles\\\/#breadcrumb\",\"itemListElement\":[{\"@type\":\"ListItem\",\"position\":1,\"name\":\"Accueil\",\"item\":\"https:\\\/\\\/www.leti.lt\\\/wordpress\\\/\"},{\"@type\":\"ListItem\",\"position\":2,\"name\":\"\u00c9closailles\"}]},{\"@type\":\"WebSite\",\"@id\":\"https:\\\/\\\/www.leti.lt\\\/wordpress\\\/#website\",\"url\":\"https:\\\/\\\/www.leti.lt\\\/wordpress\\\/\",\"name\":\"Le TILT\",\"description\":\"Recherche, publication, cr\u00e9ation artistique\",\"potentialAction\":[{\"@type\":\"SearchAction\",\"target\":{\"@type\":\"EntryPoint\",\"urlTemplate\":\"https:\\\/\\\/www.leti.lt\\\/wordpress\\\/?s={search_term_string}\"},\"query-input\":{\"@type\":\"PropertyValueSpecification\",\"valueRequired\":true,\"valueName\":\"search_term_string\"}}],\"inLanguage\":\"fr-FR\"},{\"@type\":\"Person\",\"@id\":\"https:\\\/\\\/www.leti.lt\\\/wordpress\\\/#\\\/schema\\\/person\\\/9bb307b2af8fbb575bb3603e57951f75\",\"name\":\"Andr\u00e9ine Bel\",\"image\":{\"@type\":\"ImageObject\",\"inLanguage\":\"fr-FR\",\"@id\":\"https:\\\/\\\/secure.gravatar.com\\\/avatar\\\/4ab041ec7c7ad3b90293023e86528ec1a700ce2971ff61811b2df6b288dd1f38?s=96&d=identicon&r=g\",\"url\":\"https:\\\/\\\/secure.gravatar.com\\\/avatar\\\/4ab041ec7c7ad3b90293023e86528ec1a700ce2971ff61811b2df6b288dd1f38?s=96&d=identicon&r=g\",\"contentUrl\":\"https:\\\/\\\/secure.gravatar.com\\\/avatar\\\/4ab041ec7c7ad3b90293023e86528ec1a700ce2971ff61811b2df6b288dd1f38?s=96&d=identicon&r=g\",\"caption\":\"Andr\u00e9ine Bel\"},\"url\":\"https:\\\/\\\/www.leti.lt\\\/wordpress\\\/author\\\/andreine\\\/\"}]}<\/script>\n<!-- \/ Yoast SEO plugin. -->","yoast_head_json":{"title":"\u00c9closailles - Le TILT","robots":{"index":"index","follow":"follow","max-snippet":"max-snippet:-1","max-image-preview":"max-image-preview:large","max-video-preview":"max-video-preview:-1"},"canonical":"https:\/\/www.leti.lt\/wordpress\/danseforum-eclosailles\/","og_locale":"fr_FR","og_type":"article","og_title":"\u00c9closailles - Le TILT","og_description":"Danse forum\u2192 Comptes-ren\u00addus des ate\u00adliers\u2192 For\u00adcal\u00adquier !!\u00ab&nbsp;Eclo\u00adsailles&nbsp;\u00bb \u2013 22\/4\/12 Compte-ren\u00addu de l\u2019Atelier de danse-forum (danse explo\u00adra\u00adtion) du 22 avril 2012, Forcalquier \u00ab&nbsp;Eclo\u00adsion, \u00e9closailles&nbsp;\u00bb Nous \u00e9tions onze. Un petit vent fris\u00adquet nous a&nbsp;rete\u00adnu d\u2019aller dan\u00adser dans la nature. Nous avons donc pr\u00e9\u00adf\u00e9\u00adr\u00e9 les quatre murs s\u00e9cu\u00adri\u00adsants de la salle de danse avec ces trois fen\u00eatres \u00e0&nbsp;bar\u00adreaux que le soleil des\u00adsi\u00adnait sur le plan\u00adcher en bois. Trois espaces chauds et lumi\u00adneux qui nous ont atti\u00adr\u00e9 comme les lampes les papillons de&nbsp;nuit. Beau\u00adcoup [&hellip;]","og_url":"https:\/\/www.leti.lt\/wordpress\/danseforum-eclosailles\/","og_site_name":"Le TILT","article_published_time":"2020-02-16T14:30:31+00:00","author":"Andr\u00e9ine Bel","twitter_card":"summary_large_image","twitter_misc":{"\u00c9crit par":"Andr\u00e9ine Bel","Dur\u00e9e de lecture estim\u00e9e":"4 minutes"},"schema":{"@context":"https:\/\/schema.org","@graph":[{"@type":"Article","@id":"https:\/\/www.leti.lt\/wordpress\/danseforum-eclosailles\/#article","isPartOf":{"@id":"https:\/\/www.leti.lt\/wordpress\/danseforum-eclosailles\/"},"author":{"name":"Andr\u00e9ine Bel","@id":"https:\/\/www.leti.lt\/wordpress\/#\/schema\/person\/9bb307b2af8fbb575bb3603e57951f75"},"headline":"\u00c9closailles","datePublished":"2020-02-16T14:30:31+00:00","mainEntityOfPage":{"@id":"https:\/\/www.leti.lt\/wordpress\/danseforum-eclosailles\/"},"wordCount":803,"commentCount":0,"keywords":["DF_Forcalquier"],"articleSection":["Ateliers Forcalquier"],"inLanguage":"fr-FR","potentialAction":[{"@type":"CommentAction","name":"Comment","target":["https:\/\/www.leti.lt\/wordpress\/danseforum-eclosailles\/#respond"]}]},{"@type":"WebPage","@id":"https:\/\/www.leti.lt\/wordpress\/danseforum-eclosailles\/","url":"https:\/\/www.leti.lt\/wordpress\/danseforum-eclosailles\/","name":"\u00c9closailles - Le TILT","isPartOf":{"@id":"https:\/\/www.leti.lt\/wordpress\/#website"},"datePublished":"2020-02-16T14:30:31+00:00","author":{"@id":"https:\/\/www.leti.lt\/wordpress\/#\/schema\/person\/9bb307b2af8fbb575bb3603e57951f75"},"breadcrumb":{"@id":"https:\/\/www.leti.lt\/wordpress\/danseforum-eclosailles\/#breadcrumb"},"inLanguage":"fr-FR","potentialAction":[{"@type":"ReadAction","target":["https:\/\/www.leti.lt\/wordpress\/danseforum-eclosailles\/"]}]},{"@type":"BreadcrumbList","@id":"https:\/\/www.leti.lt\/wordpress\/danseforum-eclosailles\/#breadcrumb","itemListElement":[{"@type":"ListItem","position":1,"name":"Accueil","item":"https:\/\/www.leti.lt\/wordpress\/"},{"@type":"ListItem","position":2,"name":"\u00c9closailles"}]},{"@type":"WebSite","@id":"https:\/\/www.leti.lt\/wordpress\/#website","url":"https:\/\/www.leti.lt\/wordpress\/","name":"Le TILT","description":"Recherche, publication, cr\u00e9ation artistique","potentialAction":[{"@type":"SearchAction","target":{"@type":"EntryPoint","urlTemplate":"https:\/\/www.leti.lt\/wordpress\/?s={search_term_string}"},"query-input":{"@type":"PropertyValueSpecification","valueRequired":true,"valueName":"search_term_string"}}],"inLanguage":"fr-FR"},{"@type":"Person","@id":"https:\/\/www.leti.lt\/wordpress\/#\/schema\/person\/9bb307b2af8fbb575bb3603e57951f75","name":"Andr\u00e9ine Bel","image":{"@type":"ImageObject","inLanguage":"fr-FR","@id":"https:\/\/secure.gravatar.com\/avatar\/4ab041ec7c7ad3b90293023e86528ec1a700ce2971ff61811b2df6b288dd1f38?s=96&d=identicon&r=g","url":"https:\/\/secure.gravatar.com\/avatar\/4ab041ec7c7ad3b90293023e86528ec1a700ce2971ff61811b2df6b288dd1f38?s=96&d=identicon&r=g","contentUrl":"https:\/\/secure.gravatar.com\/avatar\/4ab041ec7c7ad3b90293023e86528ec1a700ce2971ff61811b2df6b288dd1f38?s=96&d=identicon&r=g","caption":"Andr\u00e9ine Bel"},"url":"https:\/\/www.leti.lt\/wordpress\/author\/andreine\/"}]}},"_links":{"self":[{"href":"https:\/\/www.leti.lt\/wordpress\/wp-json\/wp\/v2\/posts\/92","targetHints":{"allow":["GET"]}}],"collection":[{"href":"https:\/\/www.leti.lt\/wordpress\/wp-json\/wp\/v2\/posts"}],"about":[{"href":"https:\/\/www.leti.lt\/wordpress\/wp-json\/wp\/v2\/types\/post"}],"author":[{"embeddable":true,"href":"https:\/\/www.leti.lt\/wordpress\/wp-json\/wp\/v2\/users\/2"}],"replies":[{"embeddable":true,"href":"https:\/\/www.leti.lt\/wordpress\/wp-json\/wp\/v2\/comments?post=92"}],"version-history":[{"count":0,"href":"https:\/\/www.leti.lt\/wordpress\/wp-json\/wp\/v2\/posts\/92\/revisions"}],"wp:attachment":[{"href":"https:\/\/www.leti.lt\/wordpress\/wp-json\/wp\/v2\/media?parent=92"}],"wp:term":[{"taxonomy":"category","embeddable":true,"href":"https:\/\/www.leti.lt\/wordpress\/wp-json\/wp\/v2\/categories?post=92"},{"taxonomy":"post_tag","embeddable":true,"href":"https:\/\/www.leti.lt\/wordpress\/wp-json\/wp\/v2\/tags?post=92"}],"curies":[{"name":"wp","href":"https:\/\/api.w.org\/{rel}","templated":true}]}}