{"id":91,"date":"2020-02-16T15:30:31","date_gmt":"2020-02-16T14:30:31","guid":{"rendered":"https:\/\/www.leti.lt\/wordpress\/?p=91"},"modified":"-0001-11-30T00:00:00","modified_gmt":"-0001-11-29T22:00:00","slug":"danseforum-differentstemps","status":"publish","type":"post","link":"https:\/\/www.leti.lt\/wordpress\/danseforum-differentstemps\/","title":{"rendered":"Diff\u00e9rents temps"},"content":{"rendered":"<p><a href=\"https:\/\/www.leti.lt\/wordpress\/danseforum-danseforum\/\">Danse forum<\/a><br>\u2192 <a href=\"https:\/\/www.leti.lt\/wordpress\/danseforum-comptesrendusateliers\/\">Comptes-ren\u00addus des ate\u00adliers<\/a><br>\u2192 <a href=\"https:\/\/www.leti.lt\/wordpress\/danseforum-lambesc\/\">Lam\u00adbesc<\/a><br><br>!!Dif\u00adf\u00e9\u00adrents temps \u2013 11 mars 2006<br><br>Un rythme et sou\u00addain<br><br><br>une br\u00eache<br><br><br>pour un d\u00e9ploie\u00adment<br><br><br>hors de l\u2019espace<br><br><br>en dedans<br><br><br>et tout devient dedans<br><br><br>je suis le monde<br><br><br>et le temps est vivant&nbsp;!<br><br><br>Nous avons donc cher\u00adch\u00e9 dans cet ate\u00adlier \u00e0&nbsp;ouvrir le temps \u2026<br><br>Est-il pos\u00adsible d\u2019initier ces ouver\u00adtures res\u00adsen\u00adties spon\u00adta\u00adn\u00e9\u00adment dans la vie quo\u00adti\u00addienne, est-il pos\u00adsible d\u2019y ame\u00adner l\u2019autre&nbsp;?<br><br>Cette pro\u00adbl\u00e9\u00adma\u00adtique est appa\u00adrue apr\u00e8s un tra\u00advail sur les sauts, les types d\u2019\u00e9lans. Par\u00adfois dans un saut le temps s\u2019arr\u00eate, le temps mon\u00addain dis\u00adpa\u00adra\u00eet et autre chose na\u00eet. Peut-on pro\u00advo\u00adquer \u00e7a&nbsp;?<br><br>Le temps mon\u00addain n\u2019est pas for\u00adc\u00e9\u00adment ennuyeux, il peut \u00eatre tr\u00e8s dr\u00f4le m\u00eame&nbsp;! Les un-es dansent ain\u00adsi, un\u2011e autre essaye de les d\u00e9sta\u00adbi\u00adli\u00adser, de les faire sor\u00adtir de leur rythme pr\u00e9\u00advi\u00adsible. Par\u00adfois un bel \u00e9change s\u2019installe, deux danses se r\u00e9pondent, s\u2019approfondissent.<br><br>On n\u2019est plus dans le temps mon\u00addain&nbsp;; o\u00f9 est-on&nbsp;? Et la br\u00eache dans le temps s\u2019est-elle faite, ou alors s\u2019agit-il encore de rythme&nbsp;? Rythme et ouver\u00adture du temps s\u2019opposent-ils fina\u00adle\u00adment&nbsp;?<br><br>Cette ques\u00adtion du temps est une ques\u00adtion pro\u00adfonde, qui n\u2019est pas sim\u00adple\u00adment d\u2019origine intel\u00adlec\u00adtuelle&nbsp;; je ne res\u00adsens pas les ques\u00adtions de danse comme abs\u00adtraites, ou sym\u00adbo\u00adliques, mais pr\u00e9\u00adsentes au plus pro\u00adfond des corps.<br><br>La danse-forum pour\u00adrait-elle \u00eatre le lieu o\u00f9 la n\u00e9ces\u00adsi\u00adt\u00e9 de ces ques\u00adtions se d\u00e9voile&nbsp;?<br><br>Nadine<br><br>\u2014\u200a\u2014\u200a\u2014\u200a\u2013<br><br>Le mot exact employ\u00e9 par Euge\u00adnio Bar\u00adba pour oppo\u00adser au \u00ab&nbsp;temps mon\u00addain&nbsp;\u00bb est \u00ab&nbsp;extra-quo\u00adti\u00addien&nbsp;\u00bb. Nos mes\u00adsages jouent en miroir\u2026<br><br>Nous avions besoin de mou\u00adve\u00adment dyna\u00admique. La ques\u00adtion a&nbsp;\u00e9t\u00e9 pos\u00e9e de la dif\u00adf\u00e9\u00adrence entre la notion de mou\u00adve\u00adment et celle de dyna\u00admique.<br><br>Le saut nous est apa\u00adru \u00eatre le mou\u00adve\u00adment dyna\u00admique par excel\u00adlence. Sur des per\u00adcus\u00adsions cor\u00e9ennes, nous avons donc cher\u00adch\u00e9 tous les sauts qui nous venaient spon\u00adta\u00adn\u00e9\u00adment.<br><br>Puis nous avons essay\u00e9 de cer\u00adner tous les \u00e9lans \u00e0&nbsp;l\u2019origine des sauts&nbsp;: \u00e9lan sans appel, qui d\u00e9marre de l\u00e0 o\u00f9 on se trouve&nbsp;; \u00e9lan en sup\u00adpri\u00admant sou\u00addai\u00adne\u00adment le sup\u00adport (qui demande de d\u00e9ve\u00adlop\u00adper l\u2019art de tom\u00adber) ; l\u2019\u00e9lan en ouver\u00adture&nbsp;; \u00e9lan avec appel. Nous avons fini par une impro sur un po\u00e8me de Rim\u00adbaud&nbsp;: \u00ab&nbsp;Le ciel est par des\u00adsus le toit\u2026 \u00bb<br><br>Ces sauts nous ont fait pen\u00adser \u00e0&nbsp;la sen\u00adsa\u00adtion fugi\u00adtive d\u2019\u00eatre hors du temps, o\u00f9 le temps se supend&nbsp;? Se retourne&nbsp;? Et de l\u00e0 nous en sommes arri\u00adv\u00e9s \u00e0&nbsp;ce qui fut notre th\u00e8me de danse forum&nbsp;: les notions de \u00ab&nbsp;temps mon\u00addain et extra-quo\u00adti\u00addien&nbsp;\u00bb.<br><br>Nous avons d\u2019abord essay\u00e9 de repr\u00e9\u00adsen\u00adter le temps mon\u00addain, c\u2019est \u00e0&nbsp;dire le temps tel que nous le vivons au quo\u00adti\u00addien.<br><br>La tris\u00adtesse du \u00ab&nbsp;ren\u00addu&nbsp;\u00bb a&nbsp;fini par nous faire \u00e9cla\u00adter de rire&nbsp;! C\u2019\u00e9tait dodo-m\u00e9tro-bou\u00adlot dans toute sa splen\u00addeur, et en plus au ralen\u00adti\u2026<br><br>Nous avons donc appro\u00adch\u00e9 un temps mon\u00addain plus conforme \u00e0&nbsp;notre exp\u00e9\u00adrience du quo\u00adti\u00addien&nbsp;: ce qui est res\u00adsor\u00adti, c\u2019est que nous asso\u00adcions au quo\u00adti\u00addien un rythme \u00e9ta\u00adbli, r\u00e9cur\u00adrent, la pr\u00e9\u00advi\u00adsi\u00adbi\u00adli\u00adt\u00e9 des mou\u00adve\u00adments, la recherche de faci\u00adli\u00adt\u00e9, la redon\u00addance entre le mou\u00adve\u00adment et l\u2019environnement (ici musi\u00adcal).<br><br>Puis plu\u00adsieurs d\u2019entre nous, \u00e0&nbsp;tour de r\u00f4le, sommes entr\u00e9s en essayant de d\u00e9ran\u00adger ce temps mon\u00addain, voir si cela avait une influence sur les dan\u00adseurs et leur sen\u00adsa\u00adtion du temps.<br><br>Nous avons d\u00e9cou\u00advert que les deux temps pou\u00advaient tr\u00e8s bien coexis\u00adter, en s\u2019entre-croisant sou\u00advent, et s\u2019influen\u00e7ant de maintes fa\u00e7ons&nbsp;: chan\u00adge\u00adment de rythme, d\u2019attention au mou\u00adve\u00adment, d\u2019attention \u00e0&nbsp;l\u2019autre.<br><br>Nous avons eu des lec\u00adtures \u00e0&nbsp;plu\u00adsieurs niveaux. Le dyna\u00admisme propre \u00e0&nbsp;un temps extra-quo\u00adti\u00addien nous a&nbsp;paru plus lourd&nbsp;? \u00e9pais&nbsp;? plus rete\u00adnu, avec des cas\u00adsures de rythme et de vitesse, une sen\u00adsa\u00adtion de gra\u00advi\u00adt\u00e9 impr\u00e9\u00advi\u00adsible, ceci alors que nous avions (ou recher\u00adchions) la sen\u00adsa\u00adtion \u00ab&nbsp;d\u2019ouvrir le temps&nbsp;\u00bb.<br><br>Face \u00e0&nbsp;ce dyna\u00admisme, celui du temps mon\u00addain se lais\u00adsait faci\u00adle\u00adment influen\u00adcer, l\u2019inverse sem\u00adblait plus dif\u00adfi\u00adcile.<br><br>En m\u00eame temps, nous avons obser\u00adv\u00e9 que le temps extra-quo\u00adti\u00addien deve\u00adnait vite rou\u00adti\u00adnier, le retour\u00adnant en un temps mon\u00addain.<br><br>Nous avons par\u00adl\u00e9 du but\u00f4, qui r\u00e9us\u00adsit \u00e0&nbsp;faire entrer le spec\u00adta\u00adteur dans un autre temps et un autre espace, de la double fl\u00e8che du temps.\u2026 Duke Elling\u00adton, Hen\u00addel et Bach nous ont accom\u00adpa\u00adgn\u00e9 sur ces che\u00admins si d\u00e9li\u00adcats\u2026<br><br>Andr\u00e9ine Bel<br><br>\u2014\u2014<br><br>J\u2019ai l\u2019impression que vous tou\u00adchez au m\u00eame sen\u00adsa\u00adtions que je res\u00adsens quand je chante, quand je joue un ins\u00adtru\u00adment, quand j\u2019improvise avec les musi\u00adciens qui sont \u00e0&nbsp;l\u2019\u00e9coute avec tout le corps \u2013 (la musique est com\u00adpo\u00ads\u00e9e des sons \u00e9gale une danse mol\u00e9\u00adcu\u00adlaire des atomes qui nous com\u00adposent&nbsp;(?)<br><br>Le temps, quand j\u2019improvise, est \u00e9las\u00adtique, expan\u00adsif, pour deve\u00adnir un moment apr\u00e8s reflux et se replier. J\u2019en ai jus\u00adte\u00adment par\u00adl\u00e9 avec le vio\u00adlo\u00adniste avec qui je tra\u00advaille same\u00addi soir \u2013 peut-\u00eatre bien\u00adt\u00f4t un chant forum va na\u00eetre&nbsp;! \u2026 Est-ce que c\u2019est peut-\u00eatre le fait d\u2019\u00eatre \u00e0&nbsp;l\u2019\u00e9coute de l\u2019instant, l\u2019ici et main\u00adte\u00adnant, qui nous donne cette impres\u00adsion de l\u2019infini go\u00fb\u00adt\u00e9&nbsp;?<br><br>Aman\u00adda Loch<br><br>\u2014\u2014<br><br>Dans mon pr\u00e9\u00adc\u00e9\u00addent mes\u00adsage je pr\u00e9\u00adci\u00adsais que les ques\u00adtions de danse sont pour moi des ques\u00adtions concr\u00e8tes ancr\u00e9es dans mon v\u00e9cu quo\u00adti\u00addien, et non pas des ques\u00adtions sym\u00adbo\u00adliques ou abs\u00adtraites.<br><br>Le th\u00e9atre-forum repro\u00adduit des situa\u00adtions concr\u00e8tes&nbsp;: on rejout le conflit qui oppose l\u2019opprim\u00e9 et l\u2019oppresseur. Les mots qu\u2019on y&nbsp;dit, les gestes qu\u2019on y&nbsp;fait, sont les m\u00eames que ceux de la vie quo\u00adti\u00addienne.<br><br>En danse-forum lorsque nous dan\u00adsons le temps mon\u00addain, nous ne repro\u00addui\u00adsons pas les mou\u00adve\u00adments du quo\u00adti\u00addien. On peut donc pen\u00adser \u00e0&nbsp;une sym\u00adbo\u00adli\u00adsa\u00adtion de pro\u00adbl\u00e8mes eux-m\u00eames pas for\u00adc\u00e9\u00adment vus comme des pro\u00adbl\u00e8mes concrets, mais d\u00e9j\u00e0 bien abs\u00adtraits\u2026 (\u00ab&nbsp;Com\u00adment ouvrir le temps&nbsp;? \u00bb)<br><br>Je n\u2019arrive pas \u00e0&nbsp;bien pen\u00adser tout \u00e7a&nbsp;; je sais seule\u00adment que je n\u2019\u00e9tais pas dans le sym\u00adbo\u00adlique, mais au c\u0153ur de vraies ques\u00adtions concr\u00e8tes, lors de cette danse-forum (et lors d\u2019autres ate\u00adliers).<br><br>Pour\u00adriez-vous m\u2019aider \u00e0&nbsp;pen\u00adser ces ques\u00adtions&nbsp;?<br><br>Nadine<br><br>\u2014\u2013<br><br>\u2019\u00ab&nbsp;Sym\u00adbo\u00adlique, abs\u00adtrait, concret.&nbsp;\u00bb<br><br>Pour moi, le sym\u00adbo\u00adlique et l\u2019abstrait peuvent tou\u00adjours \u00eatre for\u00admu\u00adl\u00e9s \u00e0&nbsp;par\u00adtir d\u2019une situa\u00adtion concr\u00e8te. Par exemple, man\u00adger ensemble peut \u00eatre for\u00admu\u00adl\u00e9 comme&nbsp;: \u00ab&nbsp;rompre le pain&nbsp;\u00bb, au niveau sym\u00adbo\u00adlique. Une mos\u00adqu\u00e9e peut \u00eatre pr\u00e9\u00adsen\u00adt\u00e9e comme une figure g\u00e9o\u00adm\u00e9\u00adtrique.<br><br>De la m\u00eame fa\u00e7on, le concret peut tou\u00adjours d\u00e9cou\u00adler de l\u2019abstrait ou du sym\u00adbo\u00adlique, il en est l\u2019incarnation.<br><br>L\u2019art joue de cette double ou triple lec\u00adture.<br><br>On pour\u00adrait croire que le quo\u00adti\u00addien a&nbsp;une lec\u00adture unique, imm\u00e9\u00addiate&nbsp;: le pay\u00adsan rompt son pain pour rem\u00adplir son esto\u00admac. Mais m\u00eame \u00e0&nbsp;ce niveau de lec\u00adture, tout en fai\u00adsant cela, il peut avoir une conscience aig\u00fce de pui\u00adser dans les bon\u00adt\u00e9s de la terre de quoi se nour\u00adrir, c\u2019est \u00e0&nbsp;dire rendre hom\u00admage \u00e0&nbsp;son corps, pour lui v\u00e9hi\u00adcule de l\u2019\u00e2me.<br><br>Aus\u00adsi est-ce bien dans le quo\u00adti\u00addien que l\u2019art puise son ins\u00adpi\u00adra\u00adtion, et c\u2019est bien dans l\u2019art que le quo\u00adti\u00addien puise sa force. A&nbsp;la condi\u00adtion que l\u2019art ne p\u00e8te pas plus haut que son cul, et que le quo\u00adti\u00addien accepte de lier pro\u00adfon\u00addeur et subli\u00adma\u00adtion. Ce qui somme toute les met au m\u00eame niveau.<br><br>Andr\u00e9ine Bel<\/p><p style=\"color:green; text-align:right !important;\">Article cr\u00e9\u00e9 le 16\/02\/2020<\/p>","protected":false},"excerpt":{"rendered":"<p>Danse forum\u2192 Comptes-ren\u00ad\u00addus des ate\u00adliers\u2192 Lam\u00adbesc !!Dif\u00adf\u00e9\u00adrents temps \u2013 11 mars&nbsp;2006 Un rythme et sou\u00addain une br\u00eache pour un d\u00e9ploie\u00adment hors de l\u2019espace en dedans et tout devient dedans je suis le&nbsp;monde et le temps est vivant&nbsp;! Nous avons donc cher\u00adch\u00e9 dans cet ate\u00adlier \u00e0&nbsp;ouvrir le&nbsp;temps&nbsp;\u2026 Est-il pos\u00adsible d\u2019initier ces ouver\u00adtures res\u00adsen\u00adties spon\u00adta\u00adn\u00e9\u00adment dans la vie quo\u00adti\u00addienne, est-il pos\u00adsible d\u2019y ame\u00adner l\u2019autre&nbsp;? Cette pro\u00adbl\u00e9\u00adma\u00adtique est appa\u00adrue apr\u00e8s un tra\u00advail sur les sauts, les types d\u2019\u00e9lans. Par\u00adfois dans un saut&nbsp;le&nbsp;[\u2026]<\/p>\n","protected":false},"author":2,"featured_media":0,"comment_status":"open","ping_status":"open","sticky":false,"template":"","format":"standard","meta":{"wp_typography_post_enhancements_disabled":false,"footnotes":""},"categories":[184],"tags":[208],"class_list":["post-91","post","type-post","status-publish","format-standard","hentry","category-ateliers_lambesc","tag-df_lambesc"],"yoast_head":"<!-- This site is optimized with the Yoast SEO plugin v27.5 - https:\/\/yoast.com\/product\/yoast-seo-wordpress\/ -->\n<title>Diff\u00e9rents temps - Le TILT<\/title>\n<meta name=\"robots\" content=\"index, follow, max-snippet:-1, max-image-preview:large, max-video-preview:-1\" \/>\n<link rel=\"canonical\" href=\"https:\/\/www.leti.lt\/wordpress\/danseforum-differentstemps\/\" \/>\n<meta property=\"og:locale\" content=\"fr_FR\" \/>\n<meta property=\"og:type\" content=\"article\" \/>\n<meta property=\"og:title\" content=\"Diff\u00e9rents temps - Le TILT\" \/>\n<meta property=\"og:description\" content=\"Danse forum\u2192 Comptes-ren\u00addus des ate\u00adliers\u2192 Lam\u00adbesc !!Dif\u00adf\u00e9\u00adrents temps \u2013 11 mars&nbsp;2006 Un rythme et soudain une br\u00eache pour un d\u00e9ploiement hors de l\u2019espace en dedans et tout devient dedans je suis le&nbsp;monde et le temps est vivant&nbsp;! Nous avons donc cher\u00adch\u00e9 dans cet ate\u00adlier \u00e0&nbsp;ouvrir le&nbsp;temps&nbsp;\u2026 Est-il pos\u00adsible d\u2019initier ces ouver\u00adtures res\u00adsen\u00adties spon\u00adta\u00adn\u00e9\u00adment dans la vie quo\u00adti\u00addienne, est-il pos\u00adsible d\u2019y ame\u00adner l\u2019autre&nbsp;? Cette pro\u00adbl\u00e9\u00adma\u00adtique est appa\u00adrue apr\u00e8s un tra\u00advail sur les sauts, les types d\u2019\u00e9lans. Par\u00adfois dans un saut le [&hellip;]\" \/>\n<meta property=\"og:url\" content=\"https:\/\/www.leti.lt\/wordpress\/danseforum-differentstemps\/\" \/>\n<meta property=\"og:site_name\" content=\"Le TILT\" \/>\n<meta property=\"article:published_time\" content=\"2020-02-16T14:30:31+00:00\" \/>\n<meta name=\"author\" content=\"Andr\u00e9ine Bel\" \/>\n<meta name=\"twitter:card\" content=\"summary_large_image\" \/>\n<meta name=\"twitter:label1\" content=\"\u00c9crit par\" \/>\n\t<meta name=\"twitter:data1\" content=\"Andr\u00e9ine Bel\" \/>\n\t<meta name=\"twitter:label2\" content=\"Dur\u00e9e de lecture estim\u00e9e\" \/>\n\t<meta name=\"twitter:data2\" content=\"6 minutes\" \/>\n<script type=\"application\/ld+json\" class=\"yoast-schema-graph\">{\"@context\":\"https:\\\/\\\/schema.org\",\"@graph\":[{\"@type\":\"Article\",\"@id\":\"https:\\\/\\\/www.leti.lt\\\/wordpress\\\/danseforum-differentstemps\\\/#article\",\"isPartOf\":{\"@id\":\"https:\\\/\\\/www.leti.lt\\\/wordpress\\\/danseforum-differentstemps\\\/\"},\"author\":{\"name\":\"Andr\u00e9ine Bel\",\"@id\":\"https:\\\/\\\/www.leti.lt\\\/wordpress\\\/#\\\/schema\\\/person\\\/9bb307b2af8fbb575bb3603e57951f75\"},\"headline\":\"Diff\u00e9rents temps\",\"datePublished\":\"2020-02-16T14:30:31+00:00\",\"mainEntityOfPage\":{\"@id\":\"https:\\\/\\\/www.leti.lt\\\/wordpress\\\/danseforum-differentstemps\\\/\"},\"wordCount\":1237,\"commentCount\":0,\"keywords\":[\"DF_Lambesc\"],\"articleSection\":[\"Ateliers Lambesc\"],\"inLanguage\":\"fr-FR\",\"potentialAction\":[{\"@type\":\"CommentAction\",\"name\":\"Comment\",\"target\":[\"https:\\\/\\\/www.leti.lt\\\/wordpress\\\/danseforum-differentstemps\\\/#respond\"]}]},{\"@type\":\"WebPage\",\"@id\":\"https:\\\/\\\/www.leti.lt\\\/wordpress\\\/danseforum-differentstemps\\\/\",\"url\":\"https:\\\/\\\/www.leti.lt\\\/wordpress\\\/danseforum-differentstemps\\\/\",\"name\":\"Diff\u00e9rents temps - Le TILT\",\"isPartOf\":{\"@id\":\"https:\\\/\\\/www.leti.lt\\\/wordpress\\\/#website\"},\"datePublished\":\"2020-02-16T14:30:31+00:00\",\"author\":{\"@id\":\"https:\\\/\\\/www.leti.lt\\\/wordpress\\\/#\\\/schema\\\/person\\\/9bb307b2af8fbb575bb3603e57951f75\"},\"breadcrumb\":{\"@id\":\"https:\\\/\\\/www.leti.lt\\\/wordpress\\\/danseforum-differentstemps\\\/#breadcrumb\"},\"inLanguage\":\"fr-FR\",\"potentialAction\":[{\"@type\":\"ReadAction\",\"target\":[\"https:\\\/\\\/www.leti.lt\\\/wordpress\\\/danseforum-differentstemps\\\/\"]}]},{\"@type\":\"BreadcrumbList\",\"@id\":\"https:\\\/\\\/www.leti.lt\\\/wordpress\\\/danseforum-differentstemps\\\/#breadcrumb\",\"itemListElement\":[{\"@type\":\"ListItem\",\"position\":1,\"name\":\"Accueil\",\"item\":\"https:\\\/\\\/www.leti.lt\\\/wordpress\\\/\"},{\"@type\":\"ListItem\",\"position\":2,\"name\":\"Diff\u00e9rents temps\"}]},{\"@type\":\"WebSite\",\"@id\":\"https:\\\/\\\/www.leti.lt\\\/wordpress\\\/#website\",\"url\":\"https:\\\/\\\/www.leti.lt\\\/wordpress\\\/\",\"name\":\"Le TILT\",\"description\":\"Recherche, publication, cr\u00e9ation artistique\",\"potentialAction\":[{\"@type\":\"SearchAction\",\"target\":{\"@type\":\"EntryPoint\",\"urlTemplate\":\"https:\\\/\\\/www.leti.lt\\\/wordpress\\\/?s={search_term_string}\"},\"query-input\":{\"@type\":\"PropertyValueSpecification\",\"valueRequired\":true,\"valueName\":\"search_term_string\"}}],\"inLanguage\":\"fr-FR\"},{\"@type\":\"Person\",\"@id\":\"https:\\\/\\\/www.leti.lt\\\/wordpress\\\/#\\\/schema\\\/person\\\/9bb307b2af8fbb575bb3603e57951f75\",\"name\":\"Andr\u00e9ine Bel\",\"image\":{\"@type\":\"ImageObject\",\"inLanguage\":\"fr-FR\",\"@id\":\"https:\\\/\\\/secure.gravatar.com\\\/avatar\\\/4ab041ec7c7ad3b90293023e86528ec1a700ce2971ff61811b2df6b288dd1f38?s=96&d=identicon&r=g\",\"url\":\"https:\\\/\\\/secure.gravatar.com\\\/avatar\\\/4ab041ec7c7ad3b90293023e86528ec1a700ce2971ff61811b2df6b288dd1f38?s=96&d=identicon&r=g\",\"contentUrl\":\"https:\\\/\\\/secure.gravatar.com\\\/avatar\\\/4ab041ec7c7ad3b90293023e86528ec1a700ce2971ff61811b2df6b288dd1f38?s=96&d=identicon&r=g\",\"caption\":\"Andr\u00e9ine Bel\"},\"url\":\"https:\\\/\\\/www.leti.lt\\\/wordpress\\\/author\\\/andreine\\\/\"}]}<\/script>\n<!-- \/ Yoast SEO plugin. -->","yoast_head_json":{"title":"Diff\u00e9rents temps - Le TILT","robots":{"index":"index","follow":"follow","max-snippet":"max-snippet:-1","max-image-preview":"max-image-preview:large","max-video-preview":"max-video-preview:-1"},"canonical":"https:\/\/www.leti.lt\/wordpress\/danseforum-differentstemps\/","og_locale":"fr_FR","og_type":"article","og_title":"Diff\u00e9rents temps - Le TILT","og_description":"Danse forum\u2192 Comptes-ren\u00addus des ate\u00adliers\u2192 Lam\u00adbesc !!Dif\u00adf\u00e9\u00adrents temps \u2013 11 mars&nbsp;2006 Un rythme et soudain une br\u00eache pour un d\u00e9ploiement hors de l\u2019espace en dedans et tout devient dedans je suis le&nbsp;monde et le temps est vivant&nbsp;! Nous avons donc cher\u00adch\u00e9 dans cet ate\u00adlier \u00e0&nbsp;ouvrir le&nbsp;temps&nbsp;\u2026 Est-il pos\u00adsible d\u2019initier ces ouver\u00adtures res\u00adsen\u00adties spon\u00adta\u00adn\u00e9\u00adment dans la vie quo\u00adti\u00addienne, est-il pos\u00adsible d\u2019y ame\u00adner l\u2019autre&nbsp;? Cette pro\u00adbl\u00e9\u00adma\u00adtique est appa\u00adrue apr\u00e8s un tra\u00advail sur les sauts, les types d\u2019\u00e9lans. Par\u00adfois dans un saut le [&hellip;]","og_url":"https:\/\/www.leti.lt\/wordpress\/danseforum-differentstemps\/","og_site_name":"Le TILT","article_published_time":"2020-02-16T14:30:31+00:00","author":"Andr\u00e9ine Bel","twitter_card":"summary_large_image","twitter_misc":{"\u00c9crit par":"Andr\u00e9ine Bel","Dur\u00e9e de lecture estim\u00e9e":"6 minutes"},"schema":{"@context":"https:\/\/schema.org","@graph":[{"@type":"Article","@id":"https:\/\/www.leti.lt\/wordpress\/danseforum-differentstemps\/#article","isPartOf":{"@id":"https:\/\/www.leti.lt\/wordpress\/danseforum-differentstemps\/"},"author":{"name":"Andr\u00e9ine Bel","@id":"https:\/\/www.leti.lt\/wordpress\/#\/schema\/person\/9bb307b2af8fbb575bb3603e57951f75"},"headline":"Diff\u00e9rents temps","datePublished":"2020-02-16T14:30:31+00:00","mainEntityOfPage":{"@id":"https:\/\/www.leti.lt\/wordpress\/danseforum-differentstemps\/"},"wordCount":1237,"commentCount":0,"keywords":["DF_Lambesc"],"articleSection":["Ateliers Lambesc"],"inLanguage":"fr-FR","potentialAction":[{"@type":"CommentAction","name":"Comment","target":["https:\/\/www.leti.lt\/wordpress\/danseforum-differentstemps\/#respond"]}]},{"@type":"WebPage","@id":"https:\/\/www.leti.lt\/wordpress\/danseforum-differentstemps\/","url":"https:\/\/www.leti.lt\/wordpress\/danseforum-differentstemps\/","name":"Diff\u00e9rents temps - Le TILT","isPartOf":{"@id":"https:\/\/www.leti.lt\/wordpress\/#website"},"datePublished":"2020-02-16T14:30:31+00:00","author":{"@id":"https:\/\/www.leti.lt\/wordpress\/#\/schema\/person\/9bb307b2af8fbb575bb3603e57951f75"},"breadcrumb":{"@id":"https:\/\/www.leti.lt\/wordpress\/danseforum-differentstemps\/#breadcrumb"},"inLanguage":"fr-FR","potentialAction":[{"@type":"ReadAction","target":["https:\/\/www.leti.lt\/wordpress\/danseforum-differentstemps\/"]}]},{"@type":"BreadcrumbList","@id":"https:\/\/www.leti.lt\/wordpress\/danseforum-differentstemps\/#breadcrumb","itemListElement":[{"@type":"ListItem","position":1,"name":"Accueil","item":"https:\/\/www.leti.lt\/wordpress\/"},{"@type":"ListItem","position":2,"name":"Diff\u00e9rents temps"}]},{"@type":"WebSite","@id":"https:\/\/www.leti.lt\/wordpress\/#website","url":"https:\/\/www.leti.lt\/wordpress\/","name":"Le TILT","description":"Recherche, publication, cr\u00e9ation artistique","potentialAction":[{"@type":"SearchAction","target":{"@type":"EntryPoint","urlTemplate":"https:\/\/www.leti.lt\/wordpress\/?s={search_term_string}"},"query-input":{"@type":"PropertyValueSpecification","valueRequired":true,"valueName":"search_term_string"}}],"inLanguage":"fr-FR"},{"@type":"Person","@id":"https:\/\/www.leti.lt\/wordpress\/#\/schema\/person\/9bb307b2af8fbb575bb3603e57951f75","name":"Andr\u00e9ine Bel","image":{"@type":"ImageObject","inLanguage":"fr-FR","@id":"https:\/\/secure.gravatar.com\/avatar\/4ab041ec7c7ad3b90293023e86528ec1a700ce2971ff61811b2df6b288dd1f38?s=96&d=identicon&r=g","url":"https:\/\/secure.gravatar.com\/avatar\/4ab041ec7c7ad3b90293023e86528ec1a700ce2971ff61811b2df6b288dd1f38?s=96&d=identicon&r=g","contentUrl":"https:\/\/secure.gravatar.com\/avatar\/4ab041ec7c7ad3b90293023e86528ec1a700ce2971ff61811b2df6b288dd1f38?s=96&d=identicon&r=g","caption":"Andr\u00e9ine Bel"},"url":"https:\/\/www.leti.lt\/wordpress\/author\/andreine\/"}]}},"_links":{"self":[{"href":"https:\/\/www.leti.lt\/wordpress\/wp-json\/wp\/v2\/posts\/91","targetHints":{"allow":["GET"]}}],"collection":[{"href":"https:\/\/www.leti.lt\/wordpress\/wp-json\/wp\/v2\/posts"}],"about":[{"href":"https:\/\/www.leti.lt\/wordpress\/wp-json\/wp\/v2\/types\/post"}],"author":[{"embeddable":true,"href":"https:\/\/www.leti.lt\/wordpress\/wp-json\/wp\/v2\/users\/2"}],"replies":[{"embeddable":true,"href":"https:\/\/www.leti.lt\/wordpress\/wp-json\/wp\/v2\/comments?post=91"}],"version-history":[{"count":0,"href":"https:\/\/www.leti.lt\/wordpress\/wp-json\/wp\/v2\/posts\/91\/revisions"}],"wp:attachment":[{"href":"https:\/\/www.leti.lt\/wordpress\/wp-json\/wp\/v2\/media?parent=91"}],"wp:term":[{"taxonomy":"category","embeddable":true,"href":"https:\/\/www.leti.lt\/wordpress\/wp-json\/wp\/v2\/categories?post=91"},{"taxonomy":"post_tag","embeddable":true,"href":"https:\/\/www.leti.lt\/wordpress\/wp-json\/wp\/v2\/tags?post=91"}],"curies":[{"name":"wp","href":"https:\/\/api.w.org\/{rel}","templated":true}]}}