{"id":90,"date":"2020-02-16T15:30:31","date_gmt":"2020-02-16T14:30:31","guid":{"rendered":"https:\/\/www.leti.lt\/wordpress\/?p=90"},"modified":"-0001-11-30T00:00:00","modified_gmt":"-0001-11-29T22:00:00","slug":"danseforum-dialoguedansemusique","status":"publish","type":"post","link":"https:\/\/www.leti.lt\/wordpress\/danseforum-dialoguedansemusique\/","title":{"rendered":"Dialogue danse et musique"},"content":{"rendered":"<p><a href=\"https:\/\/www.leti.lt\/wordpress\/danseforum-danseforum\/\">Danse forum<\/a><br>\u2192 <a href=\"https:\/\/www.leti.lt\/wordpress\/danseforum-comptesrendusateliers\/\">Comptes-ren\u00addus des ate\u00adliers<\/a><br>\u2192 <a href=\"https:\/\/www.leti.lt\/wordpress\/danseforum-lambesc\/\">Lam\u00adbesc<\/a><br><br>!!Dia\u00adlogue danse-musique \u2013 31 mars 2007<br><br>Nous \u00e9tions deux.<br><br>Les sen\u00adsa\u00adtions \u00e9taient celles de lour\u00addeur et de dou\u00adceur.<br><br>R\u00e9pondre aux besoins, cela peut se faire selon un but que l\u2019on se donne&nbsp;: la sen\u00adsa\u00adtion est l\u00e0 comme indi\u00adca\u00adteur de ce qui est \u00e0&nbsp;cor\u00adri\u00adger ou am\u00e9\u00adlio\u00adrer, avec tel ou tel exer\u00adcice, que l\u2019on choi\u00adsit ou \u00e9la\u00adbore pour \u00e9ti\u00adrer, pour d\u00e9tendre, pour toni\u00adfier\u2026 Les mou\u00adve\u00adments sont sym\u00e9\u00adtriques, \u00ab&nbsp;clas\u00adsiques&nbsp;\u00bb, \u00ab&nbsp;\u00e9qui\u00adli\u00adbr\u00e9s&nbsp;\u00bb, cibl\u00e9s pour r\u00e9pondre au diag\u00adnos\u00adtic&nbsp;: com\u00adbler le manque, r\u00e9duire l\u2019exc\u00e9dent, har\u00admo\u00adni\u00adser le corps et son \u00e9ner\u00adgie. Il s\u2019agit de s\u2019\u00e9chauffer et se pr\u00e9\u00adpa\u00adrer, pour \u00eatre au maxi\u00admum de nos pos\u00adsi\u00adbi\u00adli\u00adt\u00e9s de la danse qui devrait suivre.<br><br>Mais on peut aus\u00adsi r\u00e9pondre aux besoins tels qu\u2019ils s\u2019expriment&nbsp;: on accueille la sen\u00adsa\u00adtion, on n\u2019essaie pas de la cor\u00adri\u00adger, on la laisse se faire un che\u00admin et dire au corps com\u00adment r\u00e9pondre \u00e0&nbsp;ses besoins. Les mou\u00adve\u00adments sont asy\u00adm\u00e9\u00adtriques, nous sur\u00adprennent en forme de voyage dans les m\u00e9andres de l\u2019organisme&nbsp;: telle par\u00adtie s\u2019ouvre, telle autre s\u2019affirme, la chair s\u2019\u00e9panouit, le rythme se place, \u00e9las\u00adtique et impr\u00e9\u00advi\u00adsible. Pas de but d\u00e9ter\u00admi\u00adn\u00e9, mais un che\u00admin \u00e0&nbsp;d\u00e9cou\u00advrir et savou\u00adrer, dans un pay\u00adsage dont chaque dimen\u00adsion est abor\u00add\u00e9e comme une incon\u00adnue r\u00e9in\u00adven\u00adt\u00e9e d\u2019une danse qui a&nbsp;lieu.<br><br>Pen\u00addant que je vous \u00e9cris, Blaise Cen\u00addrars sur Arte, qui n\u2019aime pas les hi\u00e9\u00adrar\u00adchies des mots&nbsp;: \u00ab&nbsp;Il faut que l\u2019\u00e9criture soit adap\u00adt\u00e9e \u00e0&nbsp;ce que j\u2019ai \u00e0&nbsp;dire main\u00adte\u00adnant, et non \u00e0&nbsp;ce que j\u2019ai dit avant.&nbsp;\u00bb Ecri\u00adtures du corps.<br><br>Nous repar\u00adlons d\u2019autonomie. Le b\u00e9b\u00e9 ne na\u00eet pas seul&nbsp;: il lui faut sa m\u00e8re au mini\u00admum, puis la pesan\u00adteur, l\u2019air et le soleil, le son et la voix, la saveur lac\u00adt\u00e9e, le par\u00adfum de la peau. Le dan\u00adseur n\u2019est pas seul sur sc\u00e8ne&nbsp;: les lignes, les volumes, la fra\u00ee\u00adcheur de l\u2019air sur sa peau, il va les che\u00advau\u00adcher pour tra\u00adver\u00adser la rivi\u00e8re. Il peut choi\u00adsir les notes sur les\u00adquelles rebon\u00addir, le long du temps, de l\u2019espace, en inten\u00adsi\u00adt\u00e9. Son corps fait \u00e9cho \u00e0&nbsp;ce qui l\u2019environne en un dia\u00adlogue de sen\u00adsa\u00adtions.<br><br>Explo\u00adrer les contraintes et leur apport, cela demande de pui\u00adser dans les res\u00adsources. La masse s\u2019est mise en route, au bord du d\u00e9col\u00adlage. Sur le rec\u00adtangle des tata\u00admis et sous le chant des oiseaux, les pieds ont inven\u00adt\u00e9 mille des\u00adsins et inten\u00adsi\u00adt\u00e9s, lib\u00e9\u00adrant l\u2019espace de ses murs\u2026<br><br>Andr\u00e9ine Bel<br><br>d\u2019apr\u00e8s les retours de&nbsp;: Andr\u00e9ine B, Laurent B.<\/p><p style=\"color:green; text-align:right !important;\">Article cr\u00e9\u00e9 le 16\/02\/2020<\/p>","protected":false},"excerpt":{"rendered":"<p>Danse forum\u2192 Comptes-ren\u00ad\u00addus des ate\u00adliers\u2192 Lam\u00adbesc !!Dia\u00adlogue danse-musique \u2013 31 mars&nbsp;2007 Nous \u00e9tions deux. Les sen\u00adsa\u00adtions \u00e9taient celles de lour\u00addeur et de dou\u00adceur. R\u00e9pondre aux besoins, cela peut se faire selon un but que l\u2019on se donne&nbsp;: la sen\u00adsa\u00adtion est l\u00e0 comme indi\u00adca\u00adteur de ce qui est \u00e0&nbsp;cor\u00adri\u00adger ou am\u00e9\u00adlio\u00adrer, avec tel ou tel exer\u00adcice, que l\u2019on choi\u00adsit ou \u00e9la\u00adbore pour \u00e9ti\u00adrer, pour d\u00e9tendre, pour toni\u00adfier\u2026 Les mou\u00adve\u00adments sont sym\u00e9\u00adtriques, \u00ab&nbsp;clas\u00adsiques&nbsp;\u00bb, \u00ab&nbsp;\u00e9qui\u00adli\u00adbr\u00e9s&nbsp;\u00bb, cibl\u00e9s pour r\u00e9pondre au diag\u00adnos\u00adtic&nbsp;: com\u00adbler le manque,&nbsp;[\u2026]<\/p>\n","protected":false},"author":2,"featured_media":0,"comment_status":"open","ping_status":"open","sticky":false,"template":"","format":"standard","meta":{"wp_typography_post_enhancements_disabled":false,"footnotes":""},"categories":[184],"tags":[208],"class_list":["post-90","post","type-post","status-publish","format-standard","hentry","category-ateliers_lambesc","tag-df_lambesc"],"yoast_head":"<!-- This site is optimized with the Yoast SEO plugin v27.5 - https:\/\/yoast.com\/product\/yoast-seo-wordpress\/ -->\n<title>Dialogue danse et musique - Le TILT<\/title>\n<meta name=\"robots\" content=\"index, follow, max-snippet:-1, max-image-preview:large, max-video-preview:-1\" \/>\n<link rel=\"canonical\" href=\"https:\/\/www.leti.lt\/wordpress\/danseforum-dialoguedansemusique\/\" \/>\n<meta property=\"og:locale\" content=\"fr_FR\" \/>\n<meta property=\"og:type\" content=\"article\" \/>\n<meta property=\"og:title\" content=\"Dialogue danse et musique - Le TILT\" \/>\n<meta property=\"og:description\" content=\"Danse forum\u2192 Comptes-ren\u00addus des ate\u00adliers\u2192 Lam\u00adbesc !!Dia\u00adlogue danse-musique \u2013 31 mars&nbsp;2007 Nous \u00e9tions deux. Les sen\u00adsa\u00adtions \u00e9taient celles de lour\u00addeur et de douceur. R\u00e9pondre aux besoins, cela peut se faire selon un but que l\u2019on se donne&nbsp;: la sen\u00adsa\u00adtion est l\u00e0 comme indi\u00adca\u00adteur de ce qui est \u00e0&nbsp;cor\u00adri\u00adger ou am\u00e9\u00adlio\u00adrer, avec tel ou tel exer\u00adcice, que l\u2019on choi\u00adsit ou \u00e9la\u00adbore pour \u00e9ti\u00adrer, pour d\u00e9tendre, pour toni\u00adfier\u2026 Les mou\u00adve\u00adments sont sym\u00e9\u00adtriques, \u00ab&nbsp;clas\u00adsiques&nbsp;\u00bb, \u00ab&nbsp;\u00e9qui\u00adli\u00adbr\u00e9s&nbsp;\u00bb, cibl\u00e9s pour r\u00e9pondre au diag\u00adnos\u00adtic&nbsp;: com\u00adbler le manque, [&hellip;]\" \/>\n<meta property=\"og:url\" content=\"https:\/\/www.leti.lt\/wordpress\/danseforum-dialoguedansemusique\/\" \/>\n<meta property=\"og:site_name\" content=\"Le TILT\" \/>\n<meta property=\"article:published_time\" content=\"2020-02-16T14:30:31+00:00\" \/>\n<meta name=\"author\" content=\"Andr\u00e9ine Bel\" \/>\n<meta name=\"twitter:card\" content=\"summary_large_image\" \/>\n<meta name=\"twitter:label1\" content=\"\u00c9crit par\" \/>\n\t<meta name=\"twitter:data1\" content=\"Andr\u00e9ine Bel\" \/>\n\t<meta name=\"twitter:label2\" content=\"Dur\u00e9e de lecture estim\u00e9e\" \/>\n\t<meta name=\"twitter:data2\" content=\"2 minutes\" \/>\n<script type=\"application\/ld+json\" class=\"yoast-schema-graph\">{\"@context\":\"https:\\\/\\\/schema.org\",\"@graph\":[{\"@type\":\"Article\",\"@id\":\"https:\\\/\\\/www.leti.lt\\\/wordpress\\\/danseforum-dialoguedansemusique\\\/#article\",\"isPartOf\":{\"@id\":\"https:\\\/\\\/www.leti.lt\\\/wordpress\\\/danseforum-dialoguedansemusique\\\/\"},\"author\":{\"name\":\"Andr\u00e9ine Bel\",\"@id\":\"https:\\\/\\\/www.leti.lt\\\/wordpress\\\/#\\\/schema\\\/person\\\/9bb307b2af8fbb575bb3603e57951f75\"},\"headline\":\"Dialogue danse et musique\",\"datePublished\":\"2020-02-16T14:30:31+00:00\",\"mainEntityOfPage\":{\"@id\":\"https:\\\/\\\/www.leti.lt\\\/wordpress\\\/danseforum-dialoguedansemusique\\\/\"},\"wordCount\":450,\"commentCount\":0,\"keywords\":[\"DF_Lambesc\"],\"articleSection\":[\"Ateliers Lambesc\"],\"inLanguage\":\"fr-FR\",\"potentialAction\":[{\"@type\":\"CommentAction\",\"name\":\"Comment\",\"target\":[\"https:\\\/\\\/www.leti.lt\\\/wordpress\\\/danseforum-dialoguedansemusique\\\/#respond\"]}]},{\"@type\":\"WebPage\",\"@id\":\"https:\\\/\\\/www.leti.lt\\\/wordpress\\\/danseforum-dialoguedansemusique\\\/\",\"url\":\"https:\\\/\\\/www.leti.lt\\\/wordpress\\\/danseforum-dialoguedansemusique\\\/\",\"name\":\"Dialogue danse et musique - Le TILT\",\"isPartOf\":{\"@id\":\"https:\\\/\\\/www.leti.lt\\\/wordpress\\\/#website\"},\"datePublished\":\"2020-02-16T14:30:31+00:00\",\"author\":{\"@id\":\"https:\\\/\\\/www.leti.lt\\\/wordpress\\\/#\\\/schema\\\/person\\\/9bb307b2af8fbb575bb3603e57951f75\"},\"breadcrumb\":{\"@id\":\"https:\\\/\\\/www.leti.lt\\\/wordpress\\\/danseforum-dialoguedansemusique\\\/#breadcrumb\"},\"inLanguage\":\"fr-FR\",\"potentialAction\":[{\"@type\":\"ReadAction\",\"target\":[\"https:\\\/\\\/www.leti.lt\\\/wordpress\\\/danseforum-dialoguedansemusique\\\/\"]}]},{\"@type\":\"BreadcrumbList\",\"@id\":\"https:\\\/\\\/www.leti.lt\\\/wordpress\\\/danseforum-dialoguedansemusique\\\/#breadcrumb\",\"itemListElement\":[{\"@type\":\"ListItem\",\"position\":1,\"name\":\"Accueil\",\"item\":\"https:\\\/\\\/www.leti.lt\\\/wordpress\\\/\"},{\"@type\":\"ListItem\",\"position\":2,\"name\":\"Dialogue danse et musique\"}]},{\"@type\":\"WebSite\",\"@id\":\"https:\\\/\\\/www.leti.lt\\\/wordpress\\\/#website\",\"url\":\"https:\\\/\\\/www.leti.lt\\\/wordpress\\\/\",\"name\":\"Le TILT\",\"description\":\"Recherche, publication, cr\u00e9ation artistique\",\"potentialAction\":[{\"@type\":\"SearchAction\",\"target\":{\"@type\":\"EntryPoint\",\"urlTemplate\":\"https:\\\/\\\/www.leti.lt\\\/wordpress\\\/?s={search_term_string}\"},\"query-input\":{\"@type\":\"PropertyValueSpecification\",\"valueRequired\":true,\"valueName\":\"search_term_string\"}}],\"inLanguage\":\"fr-FR\"},{\"@type\":\"Person\",\"@id\":\"https:\\\/\\\/www.leti.lt\\\/wordpress\\\/#\\\/schema\\\/person\\\/9bb307b2af8fbb575bb3603e57951f75\",\"name\":\"Andr\u00e9ine Bel\",\"image\":{\"@type\":\"ImageObject\",\"inLanguage\":\"fr-FR\",\"@id\":\"https:\\\/\\\/secure.gravatar.com\\\/avatar\\\/4ab041ec7c7ad3b90293023e86528ec1a700ce2971ff61811b2df6b288dd1f38?s=96&d=identicon&r=g\",\"url\":\"https:\\\/\\\/secure.gravatar.com\\\/avatar\\\/4ab041ec7c7ad3b90293023e86528ec1a700ce2971ff61811b2df6b288dd1f38?s=96&d=identicon&r=g\",\"contentUrl\":\"https:\\\/\\\/secure.gravatar.com\\\/avatar\\\/4ab041ec7c7ad3b90293023e86528ec1a700ce2971ff61811b2df6b288dd1f38?s=96&d=identicon&r=g\",\"caption\":\"Andr\u00e9ine Bel\"},\"url\":\"https:\\\/\\\/www.leti.lt\\\/wordpress\\\/author\\\/andreine\\\/\"}]}<\/script>\n<!-- \/ Yoast SEO plugin. -->","yoast_head_json":{"title":"Dialogue danse et musique - Le TILT","robots":{"index":"index","follow":"follow","max-snippet":"max-snippet:-1","max-image-preview":"max-image-preview:large","max-video-preview":"max-video-preview:-1"},"canonical":"https:\/\/www.leti.lt\/wordpress\/danseforum-dialoguedansemusique\/","og_locale":"fr_FR","og_type":"article","og_title":"Dialogue danse et musique - Le TILT","og_description":"Danse forum\u2192 Comptes-ren\u00addus des ate\u00adliers\u2192 Lam\u00adbesc !!Dia\u00adlogue danse-musique \u2013 31 mars&nbsp;2007 Nous \u00e9tions deux. Les sen\u00adsa\u00adtions \u00e9taient celles de lour\u00addeur et de douceur. R\u00e9pondre aux besoins, cela peut se faire selon un but que l\u2019on se donne&nbsp;: la sen\u00adsa\u00adtion est l\u00e0 comme indi\u00adca\u00adteur de ce qui est \u00e0&nbsp;cor\u00adri\u00adger ou am\u00e9\u00adlio\u00adrer, avec tel ou tel exer\u00adcice, que l\u2019on choi\u00adsit ou \u00e9la\u00adbore pour \u00e9ti\u00adrer, pour d\u00e9tendre, pour toni\u00adfier\u2026 Les mou\u00adve\u00adments sont sym\u00e9\u00adtriques, \u00ab&nbsp;clas\u00adsiques&nbsp;\u00bb, \u00ab&nbsp;\u00e9qui\u00adli\u00adbr\u00e9s&nbsp;\u00bb, cibl\u00e9s pour r\u00e9pondre au diag\u00adnos\u00adtic&nbsp;: com\u00adbler le manque, [&hellip;]","og_url":"https:\/\/www.leti.lt\/wordpress\/danseforum-dialoguedansemusique\/","og_site_name":"Le TILT","article_published_time":"2020-02-16T14:30:31+00:00","author":"Andr\u00e9ine Bel","twitter_card":"summary_large_image","twitter_misc":{"\u00c9crit par":"Andr\u00e9ine Bel","Dur\u00e9e de lecture estim\u00e9e":"2 minutes"},"schema":{"@context":"https:\/\/schema.org","@graph":[{"@type":"Article","@id":"https:\/\/www.leti.lt\/wordpress\/danseforum-dialoguedansemusique\/#article","isPartOf":{"@id":"https:\/\/www.leti.lt\/wordpress\/danseforum-dialoguedansemusique\/"},"author":{"name":"Andr\u00e9ine Bel","@id":"https:\/\/www.leti.lt\/wordpress\/#\/schema\/person\/9bb307b2af8fbb575bb3603e57951f75"},"headline":"Dialogue danse et musique","datePublished":"2020-02-16T14:30:31+00:00","mainEntityOfPage":{"@id":"https:\/\/www.leti.lt\/wordpress\/danseforum-dialoguedansemusique\/"},"wordCount":450,"commentCount":0,"keywords":["DF_Lambesc"],"articleSection":["Ateliers Lambesc"],"inLanguage":"fr-FR","potentialAction":[{"@type":"CommentAction","name":"Comment","target":["https:\/\/www.leti.lt\/wordpress\/danseforum-dialoguedansemusique\/#respond"]}]},{"@type":"WebPage","@id":"https:\/\/www.leti.lt\/wordpress\/danseforum-dialoguedansemusique\/","url":"https:\/\/www.leti.lt\/wordpress\/danseforum-dialoguedansemusique\/","name":"Dialogue danse et musique - Le TILT","isPartOf":{"@id":"https:\/\/www.leti.lt\/wordpress\/#website"},"datePublished":"2020-02-16T14:30:31+00:00","author":{"@id":"https:\/\/www.leti.lt\/wordpress\/#\/schema\/person\/9bb307b2af8fbb575bb3603e57951f75"},"breadcrumb":{"@id":"https:\/\/www.leti.lt\/wordpress\/danseforum-dialoguedansemusique\/#breadcrumb"},"inLanguage":"fr-FR","potentialAction":[{"@type":"ReadAction","target":["https:\/\/www.leti.lt\/wordpress\/danseforum-dialoguedansemusique\/"]}]},{"@type":"BreadcrumbList","@id":"https:\/\/www.leti.lt\/wordpress\/danseforum-dialoguedansemusique\/#breadcrumb","itemListElement":[{"@type":"ListItem","position":1,"name":"Accueil","item":"https:\/\/www.leti.lt\/wordpress\/"},{"@type":"ListItem","position":2,"name":"Dialogue danse et musique"}]},{"@type":"WebSite","@id":"https:\/\/www.leti.lt\/wordpress\/#website","url":"https:\/\/www.leti.lt\/wordpress\/","name":"Le TILT","description":"Recherche, publication, cr\u00e9ation artistique","potentialAction":[{"@type":"SearchAction","target":{"@type":"EntryPoint","urlTemplate":"https:\/\/www.leti.lt\/wordpress\/?s={search_term_string}"},"query-input":{"@type":"PropertyValueSpecification","valueRequired":true,"valueName":"search_term_string"}}],"inLanguage":"fr-FR"},{"@type":"Person","@id":"https:\/\/www.leti.lt\/wordpress\/#\/schema\/person\/9bb307b2af8fbb575bb3603e57951f75","name":"Andr\u00e9ine Bel","image":{"@type":"ImageObject","inLanguage":"fr-FR","@id":"https:\/\/secure.gravatar.com\/avatar\/4ab041ec7c7ad3b90293023e86528ec1a700ce2971ff61811b2df6b288dd1f38?s=96&d=identicon&r=g","url":"https:\/\/secure.gravatar.com\/avatar\/4ab041ec7c7ad3b90293023e86528ec1a700ce2971ff61811b2df6b288dd1f38?s=96&d=identicon&r=g","contentUrl":"https:\/\/secure.gravatar.com\/avatar\/4ab041ec7c7ad3b90293023e86528ec1a700ce2971ff61811b2df6b288dd1f38?s=96&d=identicon&r=g","caption":"Andr\u00e9ine Bel"},"url":"https:\/\/www.leti.lt\/wordpress\/author\/andreine\/"}]}},"_links":{"self":[{"href":"https:\/\/www.leti.lt\/wordpress\/wp-json\/wp\/v2\/posts\/90","targetHints":{"allow":["GET"]}}],"collection":[{"href":"https:\/\/www.leti.lt\/wordpress\/wp-json\/wp\/v2\/posts"}],"about":[{"href":"https:\/\/www.leti.lt\/wordpress\/wp-json\/wp\/v2\/types\/post"}],"author":[{"embeddable":true,"href":"https:\/\/www.leti.lt\/wordpress\/wp-json\/wp\/v2\/users\/2"}],"replies":[{"embeddable":true,"href":"https:\/\/www.leti.lt\/wordpress\/wp-json\/wp\/v2\/comments?post=90"}],"version-history":[{"count":0,"href":"https:\/\/www.leti.lt\/wordpress\/wp-json\/wp\/v2\/posts\/90\/revisions"}],"wp:attachment":[{"href":"https:\/\/www.leti.lt\/wordpress\/wp-json\/wp\/v2\/media?parent=90"}],"wp:term":[{"taxonomy":"category","embeddable":true,"href":"https:\/\/www.leti.lt\/wordpress\/wp-json\/wp\/v2\/categories?post=90"},{"taxonomy":"post_tag","embeddable":true,"href":"https:\/\/www.leti.lt\/wordpress\/wp-json\/wp\/v2\/tags?post=90"}],"curies":[{"name":"wp","href":"https:\/\/api.w.org\/{rel}","templated":true}]}}