{"id":88,"date":"2020-02-16T15:30:31","date_gmt":"2020-02-16T14:30:31","guid":{"rendered":"https:\/\/www.leti.lt\/wordpress\/?p=88"},"modified":"-0001-11-30T00:00:00","modified_gmt":"-0001-11-29T22:00:00","slug":"danseforum-dfmeta","status":"publish","type":"post","link":"https:\/\/www.leti.lt\/wordpress\/danseforum-dfmeta\/","title":{"rendered":"Danse forum \u2013&nbsp;Meta"},"content":{"rendered":"<p><a href=\"https:\/\/www.leti.lt\/wordpress\/danseforum-danseforum\/\">Danse forum<\/a><br>\u2192 <a href=\"https:\/\/www.leti.lt\/wordpress\/danseforum-comptesrendusateliers\/\">Comptes-ren\u00addus des ate\u00adliers<\/a><br>\u2192 <a href=\"https:\/\/www.leti.lt\/wordpress\/danseforum-lambesc\/\">Lam\u00adbesc<\/a><br><br>!!DF invite pro\u00adta\u00adgo\u00adnistes m\u00e9ta \u2013 7&nbsp;juin 2008<br><br>Nous \u00e9tions neuf, pas tr\u00e8s en forme au d\u00e9but&nbsp;: fatigue, froid intense, ten\u00adsions, crampes, som\u00admeil, tous les ingr\u00e9\u00addients \u00e9taient l\u00e0, pour n\u2019aller que mieux\u2026&nbsp;<br><br>Obser\u00adver une sen\u00adsa\u00adtion sans la modi\u00adfier&nbsp;: la dif\u00adfi\u00adcul\u00adt\u00e9 n\u2019est pas pas\u00ads\u00e9e inaper\u00ad\u00e7ue, sur\u00adtout quand la sen\u00adsa\u00adtion en ques\u00adtion est plu\u00adt\u00f4t d\u00e9sa\u00adgr\u00e9able.<br><br>La fric\u00adtion entre les concepts de spon\u00adta\u00adn\u00e9i\u00adt\u00e9 en danse forum, et de non-vou\u00adloir dans les pro\u00adto\u00adcoles m\u00e9ta a&nbsp;pro\u00adduit un beau bijou, un de ces ins\u00adtants rares, o\u00f9 la sc\u00e8ne s\u2019est vue inves\u00adtie par une chaise qui, de son \u00e9tat b\u00eate de si\u00e8ge pour tous, est deve\u00adnue un r\u00e9ca\u00admier, puis une table \u00e0&nbsp;dis\u00adsec\u00adtion d\u2019\u00e9motions, en pas\u00adsant par une pri\u00adson \u00e0&nbsp;bar\u00adreaux flexibles, un boyau sou\u00adter\u00adrain pour arch\u00e9o\u00adlogue en herbe et la porte pour l\u2019\u00e9chapp\u00e9e belle.<br><br>On en rede\u00admande&nbsp;!<br><br>Andr\u00e9ine Bel<br><br>d\u2019apr\u00e8s les retours de&nbsp;: Alexandre D, Andr\u00e9ine B, Ber\u00adnard B, Chan\u00adtal T, Guillaume T, Jean-Paul T, Johan\u00adna B, Mar\u00adtine, Nadine G.<\/p><p style=\"color:green; text-align:right !important;\">Article cr\u00e9\u00e9 le 16\/02\/2020<\/p>","protected":false},"excerpt":{"rendered":"<p>Danse forum\u2192 Comptes-ren\u00ad\u00addus des ate\u00adliers\u2192 Lam\u00adbesc !!DF invite pro\u00adta\u00adgo\u00adnistes m\u00e9ta \u2013 7&nbsp;juin 2008 Nous \u00e9tions neuf, pas tr\u00e8s en forme au d\u00e9but&nbsp;: fatigue, froid intense, ten\u00adsions, crampes, som\u00admeil, tous les ingr\u00e9\u00addients \u00e9taient l\u00e0, pour n\u2019aller que&nbsp;mieux\u2026&nbsp;Obser\u00adver une sen\u00adsa\u00adtion sans la modi\u00adfier&nbsp;: la dif\u00adfi\u00adcul\u00adt\u00e9 n\u2019est pas pas\u00ads\u00e9e inaper\u00ad\u00e7ue, sur\u00adtout quand la sen\u00adsa\u00adtion en ques\u00adtion est plu\u00adt\u00f4t d\u00e9sa\u00adgr\u00e9able. La fric\u00adtion entre les concepts de spon\u00adta\u00adn\u00e9i\u00adt\u00e9 en danse forum, et de non-vou\u00ad\u00adloir dans les pro\u00adto\u00adcoles m\u00e9ta a&nbsp;pro\u00adduit un beau bijou, un&nbsp;de&nbsp;[\u2026]<\/p>\n","protected":false},"author":2,"featured_media":0,"comment_status":"open","ping_status":"open","sticky":false,"template":"","format":"standard","meta":{"wp_typography_post_enhancements_disabled":false,"footnotes":""},"categories":[184],"tags":[208],"class_list":["post-88","post","type-post","status-publish","format-standard","hentry","category-ateliers_lambesc","tag-df_lambesc"],"yoast_head":"<!-- This site is optimized with the Yoast SEO plugin v27.5 - https:\/\/yoast.com\/product\/yoast-seo-wordpress\/ -->\n<title>Danse forum - Meta - Le TILT<\/title>\n<meta name=\"robots\" content=\"index, follow, max-snippet:-1, max-image-preview:large, max-video-preview:-1\" \/>\n<link rel=\"canonical\" href=\"https:\/\/www.leti.lt\/wordpress\/danseforum-dfmeta\/\" \/>\n<meta property=\"og:locale\" content=\"fr_FR\" \/>\n<meta property=\"og:type\" content=\"article\" \/>\n<meta property=\"og:title\" content=\"Danse forum - Meta - Le TILT\" \/>\n<meta property=\"og:description\" content=\"Danse forum\u2192 Comptes-ren\u00addus des ate\u00adliers\u2192 Lam\u00adbesc !!DF invite pro\u00adta\u00adgo\u00adnistes m\u00e9ta \u2013 7&nbsp;juin 2008 Nous \u00e9tions neuf, pas tr\u00e8s en forme au d\u00e9but&nbsp;: fatigue, froid intense, ten\u00adsions, crampes, som\u00admeil, tous les ingr\u00e9\u00addients \u00e9taient l\u00e0, pour n\u2019aller que&nbsp;mieux\u2026&nbsp; Obser\u00adver une sen\u00adsa\u00adtion sans la modi\u00adfier&nbsp;: la dif\u00adfi\u00adcul\u00adt\u00e9 n\u2019est pas pas\u00ads\u00e9e inaper\u00ad\u00e7ue, sur\u00adtout quand la sen\u00adsa\u00adtion en ques\u00adtion est plu\u00adt\u00f4t d\u00e9sagr\u00e9able. La fric\u00adtion entre les concepts de spon\u00adta\u00adn\u00e9i\u00adt\u00e9 en danse forum, et de non-vou\u00adloir dans les pro\u00adto\u00adcoles m\u00e9ta a&nbsp;pro\u00adduit un beau bijou, un de [&hellip;]\" \/>\n<meta property=\"og:url\" content=\"https:\/\/www.leti.lt\/wordpress\/danseforum-dfmeta\/\" \/>\n<meta property=\"og:site_name\" content=\"Le TILT\" \/>\n<meta property=\"article:published_time\" content=\"2020-02-16T14:30:31+00:00\" \/>\n<meta name=\"author\" content=\"Andr\u00e9ine Bel\" \/>\n<meta name=\"twitter:card\" content=\"summary_large_image\" \/>\n<meta name=\"twitter:label1\" content=\"\u00c9crit par\" \/>\n\t<meta name=\"twitter:data1\" content=\"Andr\u00e9ine Bel\" \/>\n\t<meta name=\"twitter:label2\" content=\"Dur\u00e9e de lecture estim\u00e9e\" \/>\n\t<meta name=\"twitter:data2\" content=\"1 minute\" \/>\n<script type=\"application\/ld+json\" class=\"yoast-schema-graph\">{\"@context\":\"https:\\\/\\\/schema.org\",\"@graph\":[{\"@type\":\"Article\",\"@id\":\"https:\\\/\\\/www.leti.lt\\\/wordpress\\\/danseforum-dfmeta\\\/#article\",\"isPartOf\":{\"@id\":\"https:\\\/\\\/www.leti.lt\\\/wordpress\\\/danseforum-dfmeta\\\/\"},\"author\":{\"name\":\"Andr\u00e9ine Bel\",\"@id\":\"https:\\\/\\\/www.leti.lt\\\/wordpress\\\/#\\\/schema\\\/person\\\/9bb307b2af8fbb575bb3603e57951f75\"},\"headline\":\"Danse forum \u2013&nbsp;Meta\",\"datePublished\":\"2020-02-16T14:30:31+00:00\",\"mainEntityOfPage\":{\"@id\":\"https:\\\/\\\/www.leti.lt\\\/wordpress\\\/danseforum-dfmeta\\\/\"},\"wordCount\":187,\"commentCount\":0,\"keywords\":[\"DF_Lambesc\"],\"articleSection\":[\"Ateliers Lambesc\"],\"inLanguage\":\"fr-FR\",\"potentialAction\":[{\"@type\":\"CommentAction\",\"name\":\"Comment\",\"target\":[\"https:\\\/\\\/www.leti.lt\\\/wordpress\\\/danseforum-dfmeta\\\/#respond\"]}]},{\"@type\":\"WebPage\",\"@id\":\"https:\\\/\\\/www.leti.lt\\\/wordpress\\\/danseforum-dfmeta\\\/\",\"url\":\"https:\\\/\\\/www.leti.lt\\\/wordpress\\\/danseforum-dfmeta\\\/\",\"name\":\"Danse forum - Meta - Le TILT\",\"isPartOf\":{\"@id\":\"https:\\\/\\\/www.leti.lt\\\/wordpress\\\/#website\"},\"datePublished\":\"2020-02-16T14:30:31+00:00\",\"author\":{\"@id\":\"https:\\\/\\\/www.leti.lt\\\/wordpress\\\/#\\\/schema\\\/person\\\/9bb307b2af8fbb575bb3603e57951f75\"},\"breadcrumb\":{\"@id\":\"https:\\\/\\\/www.leti.lt\\\/wordpress\\\/danseforum-dfmeta\\\/#breadcrumb\"},\"inLanguage\":\"fr-FR\",\"potentialAction\":[{\"@type\":\"ReadAction\",\"target\":[\"https:\\\/\\\/www.leti.lt\\\/wordpress\\\/danseforum-dfmeta\\\/\"]}]},{\"@type\":\"BreadcrumbList\",\"@id\":\"https:\\\/\\\/www.leti.lt\\\/wordpress\\\/danseforum-dfmeta\\\/#breadcrumb\",\"itemListElement\":[{\"@type\":\"ListItem\",\"position\":1,\"name\":\"Accueil\",\"item\":\"https:\\\/\\\/www.leti.lt\\\/wordpress\\\/\"},{\"@type\":\"ListItem\",\"position\":2,\"name\":\"Danse forum \u2013&nbsp;Meta\"}]},{\"@type\":\"WebSite\",\"@id\":\"https:\\\/\\\/www.leti.lt\\\/wordpress\\\/#website\",\"url\":\"https:\\\/\\\/www.leti.lt\\\/wordpress\\\/\",\"name\":\"Le TILT\",\"description\":\"Recherche, publication, cr\u00e9ation artistique\",\"potentialAction\":[{\"@type\":\"SearchAction\",\"target\":{\"@type\":\"EntryPoint\",\"urlTemplate\":\"https:\\\/\\\/www.leti.lt\\\/wordpress\\\/?s={search_term_string}\"},\"query-input\":{\"@type\":\"PropertyValueSpecification\",\"valueRequired\":true,\"valueName\":\"search_term_string\"}}],\"inLanguage\":\"fr-FR\"},{\"@type\":\"Person\",\"@id\":\"https:\\\/\\\/www.leti.lt\\\/wordpress\\\/#\\\/schema\\\/person\\\/9bb307b2af8fbb575bb3603e57951f75\",\"name\":\"Andr\u00e9ine Bel\",\"image\":{\"@type\":\"ImageObject\",\"inLanguage\":\"fr-FR\",\"@id\":\"https:\\\/\\\/secure.gravatar.com\\\/avatar\\\/4ab041ec7c7ad3b90293023e86528ec1a700ce2971ff61811b2df6b288dd1f38?s=96&d=identicon&r=g\",\"url\":\"https:\\\/\\\/secure.gravatar.com\\\/avatar\\\/4ab041ec7c7ad3b90293023e86528ec1a700ce2971ff61811b2df6b288dd1f38?s=96&d=identicon&r=g\",\"contentUrl\":\"https:\\\/\\\/secure.gravatar.com\\\/avatar\\\/4ab041ec7c7ad3b90293023e86528ec1a700ce2971ff61811b2df6b288dd1f38?s=96&d=identicon&r=g\",\"caption\":\"Andr\u00e9ine Bel\"},\"url\":\"https:\\\/\\\/www.leti.lt\\\/wordpress\\\/author\\\/andreine\\\/\"}]}<\/script>\n<!-- \/ Yoast SEO plugin. -->","yoast_head_json":{"title":"Danse forum - Meta - Le TILT","robots":{"index":"index","follow":"follow","max-snippet":"max-snippet:-1","max-image-preview":"max-image-preview:large","max-video-preview":"max-video-preview:-1"},"canonical":"https:\/\/www.leti.lt\/wordpress\/danseforum-dfmeta\/","og_locale":"fr_FR","og_type":"article","og_title":"Danse forum - Meta - Le TILT","og_description":"Danse forum\u2192 Comptes-ren\u00addus des ate\u00adliers\u2192 Lam\u00adbesc !!DF invite pro\u00adta\u00adgo\u00adnistes m\u00e9ta \u2013 7&nbsp;juin 2008 Nous \u00e9tions neuf, pas tr\u00e8s en forme au d\u00e9but&nbsp;: fatigue, froid intense, ten\u00adsions, crampes, som\u00admeil, tous les ingr\u00e9\u00addients \u00e9taient l\u00e0, pour n\u2019aller que&nbsp;mieux\u2026&nbsp; Obser\u00adver une sen\u00adsa\u00adtion sans la modi\u00adfier&nbsp;: la dif\u00adfi\u00adcul\u00adt\u00e9 n\u2019est pas pas\u00ads\u00e9e inaper\u00ad\u00e7ue, sur\u00adtout quand la sen\u00adsa\u00adtion en ques\u00adtion est plu\u00adt\u00f4t d\u00e9sagr\u00e9able. La fric\u00adtion entre les concepts de spon\u00adta\u00adn\u00e9i\u00adt\u00e9 en danse forum, et de non-vou\u00adloir dans les pro\u00adto\u00adcoles m\u00e9ta a&nbsp;pro\u00adduit un beau bijou, un de [&hellip;]","og_url":"https:\/\/www.leti.lt\/wordpress\/danseforum-dfmeta\/","og_site_name":"Le TILT","article_published_time":"2020-02-16T14:30:31+00:00","author":"Andr\u00e9ine Bel","twitter_card":"summary_large_image","twitter_misc":{"\u00c9crit par":"Andr\u00e9ine Bel","Dur\u00e9e de lecture estim\u00e9e":"1 minute"},"schema":{"@context":"https:\/\/schema.org","@graph":[{"@type":"Article","@id":"https:\/\/www.leti.lt\/wordpress\/danseforum-dfmeta\/#article","isPartOf":{"@id":"https:\/\/www.leti.lt\/wordpress\/danseforum-dfmeta\/"},"author":{"name":"Andr\u00e9ine Bel","@id":"https:\/\/www.leti.lt\/wordpress\/#\/schema\/person\/9bb307b2af8fbb575bb3603e57951f75"},"headline":"Danse forum \u2013&nbsp;Meta","datePublished":"2020-02-16T14:30:31+00:00","mainEntityOfPage":{"@id":"https:\/\/www.leti.lt\/wordpress\/danseforum-dfmeta\/"},"wordCount":187,"commentCount":0,"keywords":["DF_Lambesc"],"articleSection":["Ateliers Lambesc"],"inLanguage":"fr-FR","potentialAction":[{"@type":"CommentAction","name":"Comment","target":["https:\/\/www.leti.lt\/wordpress\/danseforum-dfmeta\/#respond"]}]},{"@type":"WebPage","@id":"https:\/\/www.leti.lt\/wordpress\/danseforum-dfmeta\/","url":"https:\/\/www.leti.lt\/wordpress\/danseforum-dfmeta\/","name":"Danse forum - Meta - Le TILT","isPartOf":{"@id":"https:\/\/www.leti.lt\/wordpress\/#website"},"datePublished":"2020-02-16T14:30:31+00:00","author":{"@id":"https:\/\/www.leti.lt\/wordpress\/#\/schema\/person\/9bb307b2af8fbb575bb3603e57951f75"},"breadcrumb":{"@id":"https:\/\/www.leti.lt\/wordpress\/danseforum-dfmeta\/#breadcrumb"},"inLanguage":"fr-FR","potentialAction":[{"@type":"ReadAction","target":["https:\/\/www.leti.lt\/wordpress\/danseforum-dfmeta\/"]}]},{"@type":"BreadcrumbList","@id":"https:\/\/www.leti.lt\/wordpress\/danseforum-dfmeta\/#breadcrumb","itemListElement":[{"@type":"ListItem","position":1,"name":"Accueil","item":"https:\/\/www.leti.lt\/wordpress\/"},{"@type":"ListItem","position":2,"name":"Danse forum \u2013&nbsp;Meta"}]},{"@type":"WebSite","@id":"https:\/\/www.leti.lt\/wordpress\/#website","url":"https:\/\/www.leti.lt\/wordpress\/","name":"Le TILT","description":"Recherche, publication, cr\u00e9ation artistique","potentialAction":[{"@type":"SearchAction","target":{"@type":"EntryPoint","urlTemplate":"https:\/\/www.leti.lt\/wordpress\/?s={search_term_string}"},"query-input":{"@type":"PropertyValueSpecification","valueRequired":true,"valueName":"search_term_string"}}],"inLanguage":"fr-FR"},{"@type":"Person","@id":"https:\/\/www.leti.lt\/wordpress\/#\/schema\/person\/9bb307b2af8fbb575bb3603e57951f75","name":"Andr\u00e9ine Bel","image":{"@type":"ImageObject","inLanguage":"fr-FR","@id":"https:\/\/secure.gravatar.com\/avatar\/4ab041ec7c7ad3b90293023e86528ec1a700ce2971ff61811b2df6b288dd1f38?s=96&d=identicon&r=g","url":"https:\/\/secure.gravatar.com\/avatar\/4ab041ec7c7ad3b90293023e86528ec1a700ce2971ff61811b2df6b288dd1f38?s=96&d=identicon&r=g","contentUrl":"https:\/\/secure.gravatar.com\/avatar\/4ab041ec7c7ad3b90293023e86528ec1a700ce2971ff61811b2df6b288dd1f38?s=96&d=identicon&r=g","caption":"Andr\u00e9ine Bel"},"url":"https:\/\/www.leti.lt\/wordpress\/author\/andreine\/"}]}},"_links":{"self":[{"href":"https:\/\/www.leti.lt\/wordpress\/wp-json\/wp\/v2\/posts\/88","targetHints":{"allow":["GET"]}}],"collection":[{"href":"https:\/\/www.leti.lt\/wordpress\/wp-json\/wp\/v2\/posts"}],"about":[{"href":"https:\/\/www.leti.lt\/wordpress\/wp-json\/wp\/v2\/types\/post"}],"author":[{"embeddable":true,"href":"https:\/\/www.leti.lt\/wordpress\/wp-json\/wp\/v2\/users\/2"}],"replies":[{"embeddable":true,"href":"https:\/\/www.leti.lt\/wordpress\/wp-json\/wp\/v2\/comments?post=88"}],"version-history":[{"count":0,"href":"https:\/\/www.leti.lt\/wordpress\/wp-json\/wp\/v2\/posts\/88\/revisions"}],"wp:attachment":[{"href":"https:\/\/www.leti.lt\/wordpress\/wp-json\/wp\/v2\/media?parent=88"}],"wp:term":[{"taxonomy":"category","embeddable":true,"href":"https:\/\/www.leti.lt\/wordpress\/wp-json\/wp\/v2\/categories?post=88"},{"taxonomy":"post_tag","embeddable":true,"href":"https:\/\/www.leti.lt\/wordpress\/wp-json\/wp\/v2\/tags?post=88"}],"curies":[{"name":"wp","href":"https:\/\/api.w.org\/{rel}","templated":true}]}}