{"id":86,"date":"2020-02-16T15:30:31","date_gmt":"2020-02-16T14:30:31","guid":{"rendered":"https:\/\/www.leti.lt\/wordpress\/?p=86"},"modified":"-0001-11-30T00:00:00","modified_gmt":"-0001-11-29T22:00:00","slug":"danseforum-desintegration-recomposition","status":"publish","type":"post","link":"https:\/\/www.leti.lt\/wordpress\/danseforum-desintegration-recomposition\/","title":{"rendered":"D\u00e9sint\u00e9gration et recomposition (1)"},"content":{"rendered":"<p><a href=\"https:\/\/www.leti.lt\/wordpress\/danseforum-danseforum\/\">Danse forum<\/a><br>\u2192 <a href=\"https:\/\/www.leti.lt\/wordpress\/danseforum-comptesrendusateliers\/\">Comptes Ren\u00addus des Ate\u00adliers<\/a> \u2192 <a href=\"https:\/\/www.leti.lt\/wordpress\/danseforum-illeetvilaine\/\">Ille et Vilaine<\/a><br><br>!!De la d\u00e9s\u00adin\u00adt\u00e9\u00adgra\u00adtion \u00e0&nbsp;la recom\u00adpo\u00adsi\u00adtion <b> Se mettre en marche \u2013 27\/11\/16<\/b><br><br>https:\/\/\u200bcol\u200blec\u200btif\u200bsans\u200btete\u200b.word\u200bpress\u200b.com\/\u200bd\u200be\u200bs\u200bi\u200bn\u200bt\u200be\u200bg\u200br\u200ba\u200bt\u200bi\u200bo\u200bn\u200b-27\u200a\u2013\u200a11-16\/<br><br><i>14h \u2013 18h, MJC de Pac\u00e9.<\/i><br><br>Pr\u00e9\u00adsents&nbsp;: Chris\u00adtian, El\u00e9o\u00adno\u00adra, Her\u00adv\u00e9, L\u00e9a, Lise, Louis, Maga\u00adli, Ma\u00efa\u00adna, Nico.<br><br><i>R\u00e9dac\u00adtion<\/i> de ce CR&nbsp;: Her\u00adv\u00e9 Maron\u00adgiu.<br><br>Th\u00e8me r\u00e9flexif pro\u00adpo\u00adsi\u00adtions&nbsp;:<br><br>- trans\u00adfor\u00adma\u00adtion, muta\u00adtion, m\u00e9ta\u00admor\u00adphose, d\u00e9s\u00adin\u00adt\u00e9\u00adgra\u00adtion, recom\u00adpo\u00adsi\u00adtion, aban\u00addon, migra\u00adtion, trouble, deve\u00adnir, chute.<br><br><i>Th\u00e8me r\u00e9flexif&nbsp;choi\u00adsi&nbsp;: de la d\u00e9s\u00adin\u00adt\u00e9\u00adgra\u00adtion \u00e0&nbsp;la recom\u00adpo\u00adsi\u00adtion<\/i><br><br>Ma\u00efa\u00adna d\u00e9cide de par\u00adtir apr\u00e8s le choix du th\u00e8me r\u00e9flexif. Elle nous enver\u00adra un mail 2&nbsp;jours plus tard nous expli\u00adquant pour\u00adquoi elle d\u00e9cide de quit\u00adter le groupe Danse Forum.<br><br>Nico m\u00e8ne l\u2019\u00e9chauffement<br><br>Retours&nbsp;:<br>- marche, com\u00adbattre<br><br>- tor\u00adsions, rythme lent, rapide, sac\u00adca\u00add\u00e9, extension\/rel\u00e2chement<br><br>- p\u00e2teux\/marche<br><br>- marche, jeu sur l\u2019appui, rota\u00adtion, tou\u00adpie, arr\u00eat, pli\u00e9 jambe, lan\u00adcer devant\/derri\u00e8re, mou\u00adve\u00adment <br><br>- dilu\u00adtion, contra\u00addic\u00adtion, s\u2019\u00e9tirer, s\u2019agiter<br><br>- d\u00e9faire par l\u2019\u00e9tirement, la com\u00adpres\u00adsion, marche, \u00e9las\u00adtic<br><br>- mou\u00adve\u00adment de fer\u00adme\u00adture, contrac\u00adtions douces, appuis au sol et entre dif\u00adf\u00e9\u00adrentes par\u00adties du corps<br><br>- marche, besoin d\u2019ancrage au niveau du sol, balan\u00adce\u00adments, rota\u00adtion, \u00e9ti\u00adre\u00adments, expan\u00adsion<br><br><i>Choix du th\u00e8me sen\u00adsi\u00adtif&nbsp;: com\u00adment se mettre en marche&nbsp;?<\/i><br><br>Temps de danse 1&nbsp;: Her\u00adv\u00e9 tilte<br><br>L\u00e9a&nbsp;: Suite \u00e0&nbsp;la der\u00adni\u00e8re DF&nbsp;: quelles sont les fron\u00adti\u00e8res que je me pose&nbsp;? Dedans-dehors&nbsp;?<br><br>Her\u00adv\u00e9&nbsp;: L\u2019espace sonore a&nbsp;\u00e9t\u00e9 tr\u00e8s pris par la bat\u00adte\u00adrie (Chris\u00adtian), qui a&nbsp;vrai\u00adment mis en marche [quelque chose]. Les ryth\u00admiques de la bat\u00adte\u00adrie m\u2019ont fait pen\u00adser au th\u00e8me \u00ab&nbsp;d\u00e9s\u00adin\u00adt\u00e9\u00adgra\u00adtion, recom\u00adpo\u00adsi\u00adtion&nbsp;\u00bb. J\u2019ai vu des corps qui se sont mis en marche. Qu\u2019est-ce qui nous met en marche&nbsp;?<br><br>El\u00e9o\u00adno\u00adra&nbsp;: Cette ques\u00adtion me fait pen\u00adser aux res\u00adsen\u00adtis que j\u2019ai eus en dan\u00adsant avec les corps et la musique. C\u2019\u00e9tait une esp\u00e8ce de vio\u00adlence, conflit, m\u00eame si \u00e0&nbsp;un moment je vou\u00adlais sor\u00adtir de \u00e7a pour \u00e9ta\u00adblir d\u2019autres types de liens, phy\u00adsi\u00adque\u00adment, c\u2019\u00e9tait tr\u00e8s dif\u00adfi\u00adcile. Est-ce que se mettre en marche doit for\u00adc\u00e9\u00adment pas\u00adser par le conflit, la vio\u00adlence, le d\u00e9chi\u00adre\u00adment&nbsp;? En sachant qu\u2019il y&nbsp;a aus\u00adsi un c\u00f4t\u00e9 lib\u00e9\u00adra\u00adtoire de puis\u00adsance, je l\u2019ai res\u00adsen\u00adtie comme \u00e7a et je l\u2019ai plu\u00adt\u00f4t bien v\u00e9cue.<br><br>Louis&nbsp;: J\u2019ai v\u00e9cu une sorte de grand bouillon\u00adne\u00adment, cham\u00adbar\u00adde\u00adment, pluie de coups, comme si \u00e7a fai\u00adsait des bulles en moi. Je tr\u00e9\u00adpi\u00adgnais juste en amorce de la ligne (tra\u00adc\u00e9e au sol). Je me suis deman\u00add\u00e9, avant que \u00e7a com\u00admence, est-ce qu\u2019on va par\u00adtir en cou\u00adrant, com\u00adment on part, com\u00adment on d\u00e9marre&nbsp;? Je tr\u00e9\u00adpi\u00adgnais mais n\u2019arrivais pas \u00e0&nbsp;avan\u00adcer ou \u00e0&nbsp;ren\u00adtrer, ce qui fait que je me suis retrou\u00adv\u00e9 dans une esp\u00e8ce de transe immo\u00adbile. Est-ce que pour se mettre en marche il faut d\u00e9j\u00e0 avoir com\u00admen\u00adc\u00e9 \u00e0&nbsp;bou\u00adger&nbsp;?<br><br>L\u00e9a&nbsp;: C\u2019est aus\u00adsi la ques\u00adtion que je me suis pos\u00e9e au d\u00e9but. J\u2019avais tr\u00e8s tr\u00e8s envie d\u2019y aller, de r\u00e9pondre \u00e0&nbsp;la musique, mais en m\u00eame temps, j\u2019\u00e9tais et je suis dans un \u00e9tat un peu p\u00e2teux o\u00f9 je ne me sens pas d\u2019aller sau\u00adter, cou\u00adrir etc. Donc, com\u00adment je me mets en marche, com\u00adment je me mets \u00e0&nbsp;ram\u00adper&nbsp;? Parce que j\u2019ai envie de r\u00e9pondre \u00e0&nbsp;la musique, mais en m\u00eame temps dans l\u2019\u00e9tat o\u00f9 je suis je ne peux pas. Com\u00adment arri\u00adver \u00e0&nbsp;com\u00adbler le d\u00e9ca\u00adlage qu\u2019il y&nbsp;a entre l\u2019esprit et le corps&nbsp;? Com\u00adment les r\u00e9unir&nbsp;?<br><br>Lise&nbsp;: Je rejoins assez bien tout ce qui a&nbsp;\u00e9t\u00e9 dit. J\u2019ai v\u00e9cu la mise en marche comme quelque chose de tr\u00e8s com\u00adpli\u00adqu\u00e9, tr\u00e8s dif\u00adfi\u00adcile. Savoir com\u00adment arri\u00adver \u00e0&nbsp;se mettre en marche avec cet ins\u00adtant d\u2019avant qui mobi\u00adlise la t\u00eate sans que le corps agisse, cette attente du corps par rap\u00adport au men\u00adtal. Et puis une fois que c\u2019est lan\u00adc\u00e9, le corps prend le des\u00adsus et il n\u2019y a&nbsp;plus de men\u00adtal et c\u2019est une sorte de lib\u00e9\u00adra\u00adtion pour moi, mais avec une r\u00e9elle dif\u00adfi\u00adcul\u00adt\u00e9 de la mise en marche. Donc la ques\u00adtion reste pour moi&nbsp;: com\u00adment se mettre en marche&nbsp;?<br><br>Nico&nbsp;: Je crois que l\u00e0, on a&nbsp;une vraie rela\u00adtion corps-esprit dans toutes vos ques\u00adtions. Je ne vous ai pas beau\u00adcoup regar\u00add\u00e9, pas tr\u00e8s atten\u00adti\u00adve\u00adment. J\u2019ai pas mal des\u00adsi\u00adn\u00e9 ou regar\u00add\u00e9 ma feuille, ce que je ne fais d\u2019habitude. En fait, ce que vos ques\u00adtions me posent comme ques\u00adtions par rap\u00adport \u00e0&nbsp;ce que j\u2019ai vu et ce que j\u2019ai fait, c\u2019est&nbsp;: est-ce que c\u2019est plus sou\u00advent la mise en marche du corps qui met en marche le men\u00adtal, ou l\u2019inverse, est-ce que les deux se valent, ou pas&nbsp;? Parce qu\u2019au d\u00e9but moi je vou\u00adlais bien y&nbsp;aller mais c\u2019\u00e9tait le corps qui ne se met\u00adtait pas en marche. Par contre quand le corps est en marche, l\u00e0 il y&nbsp;a des id\u00e9es qui viennent. Pen\u00addant que je des\u00adsi\u00adnais, j\u2019avais envie de dan\u00adser mais j\u2019\u00e9tais d\u00e9j\u00e0 en train de des\u00adsi\u00adner, et quand j\u2019ai arr\u00ea\u00adt\u00e9 de des\u00adsi\u00adner je n\u2019avais plus envie de dan\u00adser.<br><br>Louis&nbsp;: Ca pose la ques\u00adtion de se remettre en marche&nbsp;? D\u00e8s qu\u2019on s\u2019arr\u00eate, la ques\u00adtion se repose.<br><br>Nico&nbsp;: J\u2019ai enten\u00addu une \u00e9mis\u00adsion o\u00f9 on disait qu\u2019on fai\u00adsait de moins en moins de gestes vari\u00e9s et que \u00e7a appau\u00advris\u00adsait les capa\u00adci\u00adt\u00e9s de r\u00e9flexion et \u00e7a expli\u00adquait aus\u00adsi une grosse hausse de l\u2019ill\u00e9trisme en France ces 20 der\u00adni\u00e8res ann\u00e9es, enfin bref\u2026 C\u2019est le lien entre le geste et la pen\u00ads\u00e9e.<br><br>Chris\u00adtian&nbsp;: De ma place de musi\u00adcien, c\u2019est int\u00e9\u00adres\u00adsant de voir que quand on joue un truc qui n\u2019est pas tr\u00e8s fort mais qui donne de l\u2019\u00e9nergie, vous \u00eates confron\u00adt\u00e9s \u00e0&nbsp;quelque chose [en vous] o\u00f9 il n\u2019y a&nbsp;pas d\u2019\u00e9nergie, o\u00f9 \u00e7a ne bouge pas. C\u2019est-\u00e0-dire qu\u2019on se dit&nbsp;: l\u00e0 on joue, et on se dit je conti\u00adnue ou je ne conti\u00adnue pas&nbsp;? Qu\u2019est-ce qu\u2019il faut pour que \u00e7a d\u00e9marre, jus\u00adte\u00adment&nbsp;? Et puis je me suis dit je conti\u00adnue \u00e0&nbsp;jouer et puis c\u2019est par\u00adti. Et cela m\u2019a per\u00admis de repar\u00adtir sur quelque chose de plus ryth\u00admique, moins free, et apr\u00e8s je suis repas\u00ads\u00e9 \u00e0&nbsp;quelque chose qui cas\u00adsait le rythme. Je me disais, ce qui fait d\u00e9mar\u00adrer, c\u2019est pas for\u00adc\u00e9\u00adment la musique. Ca pose une autre ques\u00adtion. La ques\u00adtion du d\u00e9mar\u00adrage \u00e7a va cher\u00adcher pro\u00adfond.<br><br>Louis&nbsp;: Sur quoi prendre appui&nbsp;?<br><br>Chris\u00adtian&nbsp;: Faut-il prendre appui sur quelque chose&nbsp;?&nbsp;Pour d\u00e9mar\u00adrer, ne faut-il pas l\u00e2cher car\u00adr\u00e9\u00adment&nbsp;? On par\u00adlait d\u2019abandon, est-ce que le d\u00e9mar\u00adrage n\u2019est pas un aban\u00addon fina\u00adle\u00adment&nbsp;?<br><br>El\u00e9o\u00adno\u00adra&nbsp;: Apr\u00e8s, de toutes mani\u00e8res, c\u2019est for\u00adc\u00e9\u00adment un aban\u00addon de quelque chose, d\u00e8s que tu fais une action\u2026<br><br>Her\u00adv\u00e9&nbsp;: Mais on n\u2019en est pas for\u00adc\u00e9\u00adment conscient non plus. Le conscien\u00adti\u00adser per\u00admet d\u2019ouvrir d\u2019autres portes.<br><br>L\u00e9a&nbsp;: Pour moi, il y&nbsp;a deux sens dans l\u2019abandon&nbsp;: le fait de lais\u00adser quelque chose, d\u2019abandonner quelque chose&nbsp;; et s\u2019abandonner, le fait de se lais\u00adser aller, comme on dit \u00ab&nbsp;s\u2019abandonner dans les bras de quelqu\u2019un&nbsp;\u00bb\u2026<br><br>Maga\u00adli&nbsp;: J\u2019ai \u00e9t\u00e9 essen\u00adtiel\u00adle\u00adment obser\u00adva\u00adtrice. J\u2019ai eu du mal \u00e0&nbsp;me lan\u00adcer parce que, par exemple, le fait qu\u2019on soit tout de suite dans l\u2019ampleur de la bat\u00adte\u00adrie, \u00e7a m\u2019a inhi\u00adb\u00e9e. Mais je pense que c\u2019est incons\u00adcient, car je me suis dit que mon corps, mes mou\u00adve\u00adments, ce que je vais pro\u00adpo\u00adser ne va pas \u00eatre \u00e0&nbsp;la mesure de l\u2019ampleur de la bat\u00adte\u00adrie. Enfin \u00e7a, c\u2019est que je for\u00admule apr\u00e8s coup, men\u00adta\u00adle\u00adment.<br><br>Chris\u00adtian&nbsp;: Mais tu n\u2019es pas obli\u00adg\u00e9e de t\u2019exprimer dans la m\u00eame ampleur que la musique. Tu peux tr\u00e8s bien faire quelque chose de beau\u00adcoup plus mini\u00adma\u00adliste, \u00e7a ne pose aucun pro\u00adbl\u00e8me.<br><br>Maga\u00adli&nbsp;: Je sais qu\u2019il n\u2019y a&nbsp;aucune obli\u00adga\u00adtion. C\u2019est quelque chose d\u2019inconscient que j\u2019essaye d\u2019expliquer l\u00e0, comme \u00e7a.<br><br><i>La dis\u00adcus\u00adsion se pour\u00adsuit sur com\u00adment d\u00e9mar\u00adrer la danse&nbsp;?<\/i><br><br>El\u00e9o\u00adno\u00adra&nbsp;: Du coup \u00e7a pose la ques\u00adtion aus\u00adsi de com\u00adment on r\u00e9agit aux invi\u00adta\u00adtions, car chaque pro\u00adpo\u00adsi\u00adtion peut \u00eatre une invi\u00adta\u00adtion, en tous cas est une pro\u00adpo\u00adsi\u00adtion faite aux autres. Et cha\u00adcun la re\u00e7oit comme il veut&nbsp;: est-ce que je suis pr\u00eat \u00e0&nbsp;r\u00e9pondre \u00e0&nbsp;cette invi\u00adta\u00adtion ou pas&nbsp;? Est-ce que je suis abso\u00adlu\u00adment pr\u00eat mais je n\u2019ai pas le cou\u00adrage&nbsp;? Est-ce que j\u2019ai trop envie mais je ne peux pas etc.<br><br>Chris\u00adtian&nbsp;: C\u2019est int\u00e9\u00adres\u00adsant ce que dit Maga\u00adli, de prendre conscience de ce qui nous invite plus faci\u00adle\u00adment ou plus dif\u00adfi\u00adci\u00adle\u00adment. Int\u00e9\u00adres\u00adsant aus\u00adsi de tra\u00advailler l\u00e0-des\u00adsus.<br><br>Louis&nbsp;: Ce que sou\u00adl\u00e8ve Maga\u00adli&nbsp;[parle de] cette id\u00e9e de ne pas \u00eatre \u00e0&nbsp;la hau\u00adteur de la puis\u00adsance pour se mettre en marche. Par exemple dans le monde actuel, com\u00adment se mettre en marche quand tout a&nbsp;l\u2019air de tour\u00adner \u00e0&nbsp;la vitesse de la loco\u00admo\u00adtive (du TGV tu veux dire?!). Et m\u00eame quand on essaye de faire des choses par\u00adti\u00adci\u00adpa\u00adtives, on se demande pour\u00adquoi c\u2019est si dur, pour\u00adquoi les gens ont tant de mal \u00e0&nbsp;se mettre en marche quand toutes les condi\u00adtions sont r\u00e9unies pour cela, c\u2019est une \u00e9nigme \u00e0&nbsp;laquelle on n\u2019a pas vrai\u00adment la r\u00e9ponse. Mais il y&nbsp;a aus\u00adsi peut-\u00eatre&nbsp;: \u00eatre inhi\u00adb\u00e9 par la puis\u00adsance de ce qui est d\u00e9j\u00e0 en marche, ou de l\u2019invitation, se dire&nbsp;: \u00ab&nbsp;Oh l\u00e0 l\u00e0, ils en sont d\u00e9j\u00e0 l\u00e0, ils ont d\u00e9j\u00e0 un tel rythme\u2026&nbsp;\u00bb. En fait c\u2019est comme pour l\u2019embrayage, si il y&nbsp;a un truc qui tourne \u00e0&nbsp;fond, il faut trou\u00adver le point de pati\u00adnage o\u00f9 tu peux te mettre en marche avec le mou\u00adve\u00adment.<br><br>El\u00e9o\u00adno\u00adra&nbsp;: Et en m\u00eame temps, moi je pense que sans cette impul\u00adsion l\u00e0 (la bat\u00adte\u00adrie) je n\u2019aurais pas r\u00e9us\u00adsi \u00e0&nbsp;d\u00e9mar\u00adrer, ou \u00e0&nbsp;d\u00e9mar\u00adrer autre\u00adment. Par\u00adfois se faire por\u00adter par la pro\u00adpo\u00adsi\u00adtion de quelqu\u2019un d\u2019autre t\u2019am\u00e8ne \u00e0&nbsp;explo\u00adrer des choses que tu ne ferais pas tout seul.<br><br><i>Temps de danse 2&nbsp;: L\u00e9a tilte<\/i><br><br>Temps d\u2019\u00e9criture auto\u00adma\u00adtique, 5mn.<br><br><i>Temps de danse 3&nbsp;: Nico tilte<\/i><br><br>Nico&nbsp;: Au d\u00e9but j\u2019ai vu envie d\u2019y aller sans y&nbsp;aller, un peu comme&nbsp;: j\u2019y vais mais pas com\u00adpl\u00e8\u00adte\u00adment non plus. Her\u00adv\u00e9, \u00e0&nbsp;un moment tu recu\u00adlais et tu avan\u00ad\u00e7ais comme si chaque pas \u00e9tait ques\u00adtion\u00adnable.<br><br>El\u00e9o\u00adno\u00adra&nbsp;: J\u2019ai un peu du mal, apr\u00e8s avoir dan\u00ads\u00e9, \u00e0&nbsp;me rap\u00adpe\u00adler les sen\u00adsa\u00adtions dans les\u00adquelles j\u2019\u00e9tais, un peu comme quand je sors d\u2019une s\u00e9ance de psy.<br><br>L\u00e9a&nbsp;: J\u2019ai la sen\u00adsa\u00adtion d\u00e9sa\u00adgr\u00e9able d\u2019\u00eatre une \u00e9l\u00e9\u00adphante qui vou\u00addrait \u00eatre gra\u00adcieuse, du coup j\u2019ai accep\u00adt\u00e9 cette sen\u00adsa\u00adtion et j\u2019ai fait avec, au lieu d\u2019en sor\u00adtir. Est-ce quelque chose de d\u00e9sa\u00adg\u00e9able que je le subis, ou est-ce que j\u2019ai la pos\u00adsi\u00adbi\u00adli\u00adt\u00e9 de le trans\u00adfor\u00admer en autre chose&nbsp;?<br><br>Her\u00adv\u00e9&nbsp;: Je rebon\u00addis car je suis pas mal l\u00e0 dedans en ce moment. Et en fait, c\u2019\u00e9tait jouis\u00adsif de dan\u00adser des choses contra\u00addic\u00adtoires. Parce que \u00e7a donne une dyna\u00admique ryth\u00admique, comme si les pen\u00ads\u00e9es \u00e9taient des rythmes qui s\u2019entrechoquaient. C\u2019est \u00e0&nbsp;la limite de la transe par\u00adfois, parce que j\u2019\u00e9tais pris par mes pen\u00ads\u00e9es qui \u00e9taient dans le corps\u2026 Bref j\u2019ai pris mon pied grave&nbsp;! Sou\u00advent j\u2019oublie le th\u00e8me pen\u00addant les temps de danse, mais l\u00e0 j\u2019\u00e9tais vrai\u00adment dans le \u00ab&nbsp;mettre en marche, \u00e7a se d\u00e9s\u00adin\u00adt\u00e8gre, r\u00e9or\u00adga\u00adni\u00adser&nbsp;\u00bb&nbsp;Qu\u2019est-ce que je fais avec tout \u00e7a, qu\u2019est-ce que fait mon corps avec \u00e7a, qu\u2019est-ce que je fais avec les autres qui sont l\u00e0&nbsp;?<br><br>Chris\u00adtian&nbsp;: En tant que musi\u00adcien, je vous regar\u00addais en m\u00eame temps dan\u00adser, c\u2019\u00e9tait tr\u00e8s agr\u00e9able de jouer car je sen\u00adtais qu\u2019il y&nbsp;avait du plai\u00adsir dans votre danse. Du coup c\u2019est sti\u00admu\u00adlant, il y&nbsp;a une rela\u00adtion qui s\u2019\u00e9tablit qui est peut-\u00eatre plus \u00e9vi\u00addente dans ces moments l\u00e0. Et ce qui est chouette, c\u2019est que lorsque la musique s\u2019arr\u00eate les dan\u00adseurs conti\u00adnuent et vous int\u00e9\u00adgrez en vous la musique. Du coup je peux m\u2019arr\u00eater, car je sens que vous pre\u00adnez la rel\u00e8ve. C\u2019est vrai\u00adment un des moteurs de la rela\u00adtion musi\u00adcien-dan\u00adseur, quand les dan\u00adseurs peuvent le sou\u00adla\u00adger de jouer, c\u2019est impor\u00adtant.<br><br>Louis&nbsp;: Je me suis sen\u00adti un peu gel\u00e9, g\u00e9li\u00adfi\u00e9. Du coup j\u2019ai eu du mal \u00e0&nbsp;sor\u00adtir de \u00e7a. J\u2019ai chan\u00adg\u00e9 de zones, mais \u00e7a n\u2019a pas \u00e9t\u00e9 facile de me remettre en marche. J\u2019ai plus par\u00adti\u00adci\u00adp\u00e9 au niveau vocal.<br><br>Her\u00adv\u00e9&nbsp;: \u00c7a me fait pen\u00adser, quand je suis fati\u00adgu\u00e9 comme aujourd\u2019hui, si je me force \u00e0&nbsp;mettre le corps en marche, il met en marche plein d\u2019autres choses qui ne se seraient pas pas\u00ads\u00e9es si je ne m\u2019\u00e9tais pas obli\u00adg\u00e9 \u00e0&nbsp;le for\u00adcer. Et \u00e7a c\u2019est un truc magique dans le corps et qui ne m\u2019arrive jamais dans la r\u00e9flexion intel\u00adlec\u00adtuelle&nbsp;: \u00e7a me donne des maux de t\u00eate, alors que l\u00e0 \u00e7a ouvre plein de portes. Sur\u00adtout que c\u2019est une r\u00e9flexion aus\u00adsi riche que la r\u00e9flexion intel\u00adlec\u00adtuelle.<br><br>Lise&nbsp;: J\u2019ai eu beau\u00adcoup de mal \u00e0&nbsp;y aller, \u00e0&nbsp;cause de la fatigue aus\u00adsi. Mais je me suis for\u00adc\u00e9e et apr\u00e8s j\u2019y ai pris \u00e9ga\u00adle\u00adment beau\u00adcoup de plai\u00adsir.<br><br>El\u00e9o\u00adno\u00adra&nbsp;: J\u2019\u00e9tais \u00e0&nbsp;nou\u00adveau dans une \u00e9ner\u00adgie basse et je me deman\u00addais si j\u2019allais assu\u00admer de ren\u00adtrer dans cette \u00e9ner\u00adgie-l\u00e0. Mais j\u2019ai eu envie d\u2019essayer pour voir si autre chose peut se pas\u00adser. Il y&nbsp;a en fait deux mani\u00e8res de ren\u00adtrer, soit tu prends appui sur quelque chose et du coup tu t\u2019\u00e9lances \u2013 tu t\u2019\u00e9tires vers quelque chose qui n\u2019est pas ton \u00e9tat par rapo\u00adport \u00e0&nbsp;ce qui se passe \u2013 soit tu fais le pari de ren\u00adtrer quand-m\u00eame mal\u00adgr\u00e9 ton \u00e9tat.<br><br>Nico&nbsp;: Je rebon\u00addis sur le \u00ab&nbsp;ren\u00adtrer avec son \u00e9tat en le pariant&nbsp;\u00bb, c\u2019est quelque chose que j\u2019ai pas mal vu dans les \u00e9vo\u00adlu\u00adtions des danses. Quand \u00e7a fai\u00adsait un moment que quelqu\u2019un \u00e9tait en train de dan\u00adser, j\u2019avais l\u2019impression de voir des choses tra\u00advailler, qui se cas\u00adsaient un peu, et que les corps \u00e9mo\u00adtion\u00adnels se com\u00adpo\u00adsaient de choses fra\u00adgiles. Je voyais une ten\u00adsion entre&nbsp;: on est obli\u00adg\u00e9 de manier des choses fra\u00adgiles et de les cas\u00adser un peu (la d\u00e9s\u00adin\u00adt\u00e9\u00adgra\u00adtion), et aban\u00addon\u00adner des choses pour qu\u2019il y&nbsp;ait autre chose, du nou\u00adveau, du deve\u00adnir. Et en m\u00eame temps, on n\u2019a pas for\u00adc\u00e9\u00adment besoin de tout cas\u00adser, de tout r\u00e9duire en pi\u00e8ce pour pou\u00advoir recom\u00adpo\u00adser avec ce qui exis\u00adtait d\u00e9j\u00e0. Mais \u00e7a c\u2019est \u00e0&nbsp;tous les niveaux, je trouve que comme la danse forum est tr\u00e8s ax\u00e9e sur le groupe, c\u2019est aus\u00adsi tr\u00e8s poli\u00adtique, \u00e7a me fait tou\u00adjours pen\u00adser \u00e0&nbsp;d\u2019autres choses sur la soci\u00e9\u00adt\u00e9 ou dans les petits groupes d\u2019individus en g\u00e9n\u00e9\u00adral.<br><br>En fait quand il y&nbsp;avait L\u00e9a, Her\u00adv\u00e9 et El\u00e9o\u00adno\u00adra, vous \u00e9tiez tous dans le m\u00eame coin, et il y&nbsp;avait des chan\u00adge\u00adments de niveaux qui se fai\u00adsaient en m\u00eame temps, du coup \u00e7a m\u2019a fait pen\u00adser \u00e0&nbsp;une concer\u00adta\u00adtion. En fait les chan\u00adge\u00adments et en par\u00adti\u00adcu\u00adlier les grands chan\u00adge\u00adments se font en concer\u00adta\u00adtion avec ce qui est d\u00e9j\u00e0 l\u00e0 avant le chan\u00adge\u00adment et qui sera tou\u00adjours l\u00e0 apr\u00e8s le chan\u00adge\u00adment. Donc l\u00e0 pour les dan\u00adseurs, ce sont les autres dan\u00adseurs. Mais je voyais aus\u00adsi des choses dans les pos\u00adtures et dans les gestes qui res\u00adtaient les m\u00eames (entre au sol, debout et en mar\u00adchant par exemple), et du coup je pense cela est appli\u00adcable en poli\u00adtique quand par exemple une mai\u00adrie pr\u00e9\u00advoit de faire des chan\u00adge\u00adments urba\u00adnis\u00adtiques. Si on ne se concerte pas avec les habi\u00adtants, \u00e7a ne va pas aller, vu que ce sont les habi\u00adtants qui \u00e9taient l\u00e0 avant et qui seront l\u00e0 apr\u00e8s, enfin bref, c\u2019est un peu un grand prin\u00adcipe que j\u2019ai vu sur\u00adtout dans votre inter\u00adac\u00adtion \u00e0&nbsp;vous 3. Et autre chose, quand Her\u00adv\u00e9 fai\u00adsait des allers\/retours sur une m\u00eame ligne en mar\u00adchant tout en r\u00e9tr\u00e9\u00adcis\u00adsant sa tra\u00adjec\u00adtoire jusqu\u2019\u00e0 finir au milieu. Tu as ensuite re-bou\u00adg\u00e9 et tu es reve\u00adnu au milieu. Et vous deux \u00eates venues le cher\u00adcher l\u00e0, et je me deman\u00addais ce que tu ferais une fois que tu aurais atteint le milieu. En fait ce sont elles qui sont venues, ce n\u2019\u00e9tait pas du tout d\u00e9pen\u00addant de toi. En fait pour te remettre en mou\u00adve\u00adment, c\u2019est quelque chose de com\u00adpl\u00e8\u00adte\u00adment ext\u00e9\u00adrieur qui t\u2019a recom\u00adpo\u00ads\u00e9.<br><br>Her\u00adv\u00e9&nbsp;: Je me suis ren\u00addu compte que ce mot de d\u00e9s\u00adin\u00adt\u00e9\u00adgra\u00adtion m\u2019effrayait un peu, parce qu\u2019il est assez violent. J\u2019ai pris conscience \u00e0&nbsp;quel point c\u2019est utile de d\u00e9s\u00adin\u00adt\u00e9\u00adgrer pour recom\u00adpo\u00adser ensuite, sur\u00adtout de me lais\u00adser faire par cette d\u00e9s\u00adin\u00adt\u00e9\u00adgra\u00adtion au lieu d\u2019y r\u00e9sis\u00adter. Je ne m\u2019en \u00e9tais jamais autant aper\u00ad\u00e7u qu\u2019en le tra\u00advaillant aujourd\u2019hui dans la danse.<br><br><i>Bilan<\/i><br><br>Louis&nbsp;: C\u2019\u00e9tait ma pre\u00admi\u00e8re DF, voir m\u00eame ate\u00adlier de danse, de corps. Pour moi l\u2019outil DF est tr\u00e8s riche \u2013 car je ne l\u2019avais pas du tout appr\u00e9\u00adhen\u00add\u00e9, j\u2019\u00e9tais \u00e0&nbsp;ext\u00e9\u00adrieur quand je l\u2019avais chro\u00adni\u00adqu\u00e9 en 2011 lors du Fes\u00adti\u00adval du Plus beau th\u00e9\u00e2tre du monde. [Louis Hau\u00adte\u00adfort, po\u00e8te, a&nbsp;\u00e9crit les textes paru dans le recueil Lisi\u00e8re avec les pho\u00adtos de Jes\u00adsi\u00adca Her\u00advo]. De le pra\u00adti\u00adquer, \u00e7a n\u2019a rien \u00e0&nbsp;voir, moi qui suis avide de pen\u00adser, de fabri\u00adquer de la pen\u00ads\u00e9e, tu par\u00adlais de la palette des gestes de pen\u00ads\u00e9es, je trouve que c\u2019est super ce dia\u00adlogue. Je ne sais pas qui est la poule et l\u2019oeuf, qui met en marche, mais en tous cas une fois que c\u2019est en marche, la danse g\u00e9n\u00e8re de la pen\u00ads\u00e9e, la pen\u00ads\u00e9e g\u00e9n\u00e8re de la danse qui r\u00e9g\u00e9\u00adn\u00e8re de la pen\u00ads\u00e9e qui r\u00e9g\u00e9\u00adn\u00e8re de la danse, c\u2019est for\u00admi\u00addable. Et les croi\u00adse\u00adments, parce qu\u2019\u00e0 la fois il y&nbsp;a des dis\u00adcours poli\u00adtiques et en m\u00eame temps \u00e7a fait \u0153uvre chaque tableau. Il y&nbsp;a des dia\u00adlogues qui ne sont m\u00eame plus inter\u00addis\u00adci\u00adpli\u00adnaire, c\u2019est indis\u00adci\u00adpli\u00adn\u00e9, il y&nbsp;a tel\u00adle\u00adment de trucs qui se veulent inter\u00addis\u00adci\u00adpli\u00adnaires, l\u00e0 c\u2019est vrai\u00adment indis\u00adci\u00adpli\u00adn\u00e9, c\u2019est plein de pas\u00adsages, c\u2019est un super outil.<br><br>Lise&nbsp;: Je trouve que la phase du th\u00e8me r\u00e9flexif est tou\u00adjours un peu longue avec ensuite l\u2019\u00e9veil des sen\u00adsa\u00adtions et des muscles plus le choix du th\u00e8me sen\u00adsi\u00adtif. Mais on ne peut pas en faire l\u2019\u00e9conomie, car c\u2019est \u00e0&nbsp;tra\u00advers toutes ces dis\u00adcus\u00adsions que s\u2019impr\u00e8gnent en nous les th\u00e8mes etc. Et la pause a&nbsp;\u00e9t\u00e9 courte, ce qui a&nbsp;per\u00admis de gar\u00adder une cer\u00adtaine dyna\u00admique. De plus, il y&nbsp;a eu une cer\u00adtaine conci\u00adsion dans les \u00e9changes, donc c\u2019\u00e9tait bien.<br><br>L\u00e9a&nbsp;: Je rebon\u00addis, lors des trois jours de trans\u00admis\u00adsion on avait pas\u00ads\u00e9 trois jours sur le m\u00eame th\u00e8me, et c\u2019est \u00e7a aus\u00adsi qui nous avait per\u00admis d\u2019avancer beau\u00adcoup dans le sujet. Peut-\u00eatre l\u2019id\u00e9e c\u2019est qu\u2019on garde le m\u00eame th\u00e8me r\u00e9flexif sur plu\u00adsieurs s\u00e9ances.<br><br>Lise&nbsp;: Je me disais qu\u2019on pour\u00adrait peut-\u00eatre choi\u00adsir le th\u00e8me r\u00e9flexif en amont, mais il n\u2019y aurait pas toute la r\u00e9flexion.<br><br>Louis&nbsp;: Gar\u00adder le m\u00eame th\u00e8me sur plu\u00adsieurs DF per\u00admet aus\u00adsi de le nour\u00adrir par la r\u00e9flexion entre chaque s\u00e9ance.<br><br>L\u00e9a&nbsp;: On remarque que c\u2019est sou\u00advent \u00e0&nbsp;par\u00adtir du 2<sup class=\"ordinal\">e<\/sup> ou 3<sup class=\"ordinal\">e<\/sup> temps de danse qu\u2019il y&nbsp;a quelque chose qui se cr\u00e9e. Du coup, ne faire qu\u2019une seule apr\u00e8s-midi n\u2019est pas assez. Peut-\u00eatre qu\u2019on pour\u00adrait pas\u00adser au for\u00admat jour\u00adn\u00e9e si c\u2019est pos\u00adsible pour les uns et les autres.<br><br>Nico&nbsp;: On pour\u00adrait aus\u00adsi ten\u00adter de faire 13h-19h. Sinon est-ce que c\u2019\u00e9tait clair pour vous les \u00e9chauf\u00adfe\u00adments&nbsp;? Parce que pen\u00addant la trans\u00admis\u00adsion ce n\u2019\u00e9tait pas clair pour beau\u00adcoup de per\u00adsonnes.<br><br>El\u00e9o\u00adno\u00adra&nbsp;: J\u2019ai trou\u00adv\u00e9 que c\u2019\u00e9tait clair, c\u2019est juste que \u00e7a allait trop vite pour moi, dans le sens que je n\u2019ai pas eu le temps de me poser dedans, dans l\u2019\u00e9veil des sen\u00adsa\u00adtions. C\u2019est all\u00e9 trop vite entre choi\u00adsir la sen\u00adsa\u00adtion etc, du coup j\u2019ai \u00e9t\u00e9 un peu \u00e0&nbsp;la bourre&nbsp;: laquelle je choi\u00adsis&nbsp;? J\u2019avis du mal \u00e0&nbsp;choi\u00adsir, du coup j\u2019ai choi\u00adsi un peu au hasard.<br><br>L\u00e9a&nbsp;: Lors de la trans\u00admis\u00adsion on pas\u00adsait entre 45mn et 1h par \u00e9chauf\u00adfe\u00adment. Et l\u00e0, 30mn, c\u2019est court.<br><br>El\u00e9o\u00adno\u00adra&nbsp;: Par rap\u00adport \u00e0&nbsp;l\u2019outil, je le trouve super. Apr\u00e8s peut-\u00eatre que ce serait bien de rap\u00adpe\u00adler plu\u00adsieurs fois le th\u00e8me qu\u2019on est en train de tra\u00advailler&nbsp;? Moi \u00e7a m\u2019aiderait parce que je n\u2019ai pas beau\u00adcoup d\u2019auto-discipline une fois que je suis lan\u00adc\u00e9e. Je me dis que ce qui est int\u00e9\u00adres\u00adsant dans cet outil, c\u2019est qu\u2019il y&nbsp;a un fil com\u00admun [entre nous].<br><br>Her\u00adv\u00e9&nbsp;: On pour\u00adrait affi\u00adcher le th\u00e8me sur le mur en grand pour l\u2019avoir tou\u00adjours pr\u00e9\u00adsent \u00e0&nbsp;l\u2019esprit.<br><br>Nico&nbsp;: En m\u00eame temps les th\u00e8mes, il ne faut pas se foca\u00adli\u00adser des\u00adsus tout le temps car c\u2019est sen\u00ads\u00e9 tra\u00advailler en arri\u00e8re-plan. Andr\u00e9ine nous disait que c\u2019\u00e9tait pas grave de ne pas y&nbsp;pen\u00adser tout le temps.<br><br>L\u00e9a&nbsp;: On s\u2019est ren\u00addu compte aus\u00adsi que le th\u00e8me oriente un peu la danse, c\u2019est s\u00fbr. Mais c\u2019est sur\u00adtout apr\u00e8s les temps de forum, le th\u00e8me oriente notre regard sur la danse.<br><br>El\u00e9o\u00adno\u00adra&nbsp;: Par exemple pen\u00addant l\u2019\u00e9criture auto\u00adma\u00adtique, je n\u2019ai pas du tout par\u00adl\u00e9 du th\u00e8me, rien \u00e0&nbsp;voir, bref. Et puis quand on y&nbsp;retourne, comme on a&nbsp;cette th\u00e9\u00adma\u00adtique intel\u00adlec\u00adtuelle, on regarde la danse qui s\u2019est faite par rap\u00adport \u00e0&nbsp;\u00e7a. D\u2019un c\u00f4t\u00e9 c\u2019est chouette, mais d\u2019un autre c\u00f4t\u00e9, \u00e7a ne raconte pas vrai\u00adment la trans\u00adfor\u00adma\u00adtion. Le tra\u00advail du th\u00e8me n\u2019est pas cor\u00adpo\u00adrel, il est men\u00adtal, parce que moi cor\u00adpo\u00adrel\u00adle\u00adment je suis par\u00adtie tra\u00advailler d\u2019autres choses qui n\u2019ont rien \u00e0&nbsp;voir avec \u00e7a. Et du coup je remets une couche d\u2019intellectuel \u00e0&nbsp;la fin, et je trouve \u00e7a un peu dom\u00admage de regar\u00adder un truc que j\u2019ai fait, apr\u00e8s peu importe parce que cha\u00adcun recom\u00adpose chez soi.<br><br>Chris\u00adtian&nbsp;: La trans\u00adfor\u00adma\u00adtion se fait des fois \u00e0&nbsp;notre insu, m\u00eame si tu oublies le th\u00e8me, le fait de vivre la danse ou autre chose, la trans\u00adfor\u00adma\u00adtion se fait mais elle [conti\u00adnue \u00e0] travaille[r] quand m\u00eame.<br><br>L\u00e9a&nbsp;: Pour les pro\u00adchaines fois, si on choi\u00adsit de gar\u00adder le m\u00eame th\u00e8me, on peut d\u00e9ci\u00adder de man\u00adger ensemble \u00e0&nbsp;midi. Et \u00e7a peut aus\u00adsi nous per\u00admettre de choi\u00adsir le th\u00e8me en man\u00adgeant pour gagner du temps.<br><br>Toutes les pho\u00adtos&nbsp;sont de Mip Pava.<br><br>Her\u00adv\u00e9 Maron\u00adgiu pour le&nbsp;CR.<\/p><p style=\"color:green; text-align:right !important;\">Article cr\u00e9\u00e9 le 16\/02\/2020<\/p>","protected":false},"excerpt":{"rendered":"<p>Danse forum\u2192 Comptes Ren\u00addus des Ate\u00adliers \u2192 Ille et Vilaine !!De la d\u00e9s\u00adin\u00adt\u00e9\u00adgra\u00adtion \u00e0&nbsp;la recom\u00adpo\u00adsi\u00adtion Se mettre en marche \u2013 27\/11\/16 https:\/\/\u200bcol\u200blec\u200btif\u200bsans\u200btete\u200b.word\u200bpress\u200b.com\/\u200bd\u200be\u200bs\u200bi\u200bn\u200bt\u200be\u200bg\u200br\u200ba\u200bt\u200bi\u200bo\u200bn\u200b-27 \u2013 11\u200a\u2013\u200a16\/ 14h \u2013 18h, MJC de&nbsp;Pac\u00e9. Pr\u00e9\u00adsents&nbsp;: Chris\u00adtian, El\u00e9o\u00adno\u00adra, Her\u00adv\u00e9, L\u00e9a, Lise, Louis, Maga\u00adli, Ma\u00efa\u00adna,&nbsp;Nico. R\u00e9dac\u00adtion de ce CR&nbsp;: Her\u00adv\u00e9 Maron\u00adgiu. Th\u00e8me r\u00e9flexif pro\u00adpo\u00adsi\u00adtions&nbsp;: \u2013 trans\u00adfor\u00adma\u00adtion, muta\u00adtion, m\u00e9ta\u00admor\u00adphose, d\u00e9s\u00adin\u00adt\u00e9\u00adgra\u00adtion, recom\u00adpo\u00adsi\u00adtion, aban\u00addon, migra\u00adtion, trouble, deve\u00adnir,&nbsp;chute. Th\u00e8me r\u00e9flexif&nbsp;choi\u00adsi&nbsp;: de la d\u00e9s\u00adin\u00adt\u00e9\u00adgra\u00adtion \u00e0&nbsp;la recom\u00adpo\u00adsi\u00adtion Ma\u00efa\u00adna d\u00e9cide de par\u00adtir apr\u00e8s le choix du th\u00e8me r\u00e9flexif. Elle nous enver\u00adra un mail 2&nbsp;jours plus&nbsp;tard&nbsp;[\u2026]<\/p>\n","protected":false},"author":2,"featured_media":0,"comment_status":"open","ping_status":"open","sticky":false,"template":"","format":"standard","meta":{"wp_typography_post_enhancements_disabled":false,"footnotes":""},"categories":[181],"tags":[207],"class_list":["post-86","post","type-post","status-publish","format-standard","hentry","category-ateliers_ille-et-vilaine","tag-df_illeetvilaine"],"yoast_head":"<!-- This site is optimized with the Yoast SEO plugin v27.5 - https:\/\/yoast.com\/product\/yoast-seo-wordpress\/ -->\n<title>D\u00e9sint\u00e9gration et recomposition (1) - Le TILT<\/title>\n<meta name=\"robots\" content=\"index, follow, max-snippet:-1, max-image-preview:large, max-video-preview:-1\" \/>\n<link rel=\"canonical\" href=\"https:\/\/www.leti.lt\/wordpress\/danseforum-desintegration-recomposition\/\" \/>\n<meta property=\"og:locale\" content=\"fr_FR\" \/>\n<meta property=\"og:type\" content=\"article\" \/>\n<meta property=\"og:title\" content=\"D\u00e9sint\u00e9gration et recomposition (1) - Le TILT\" \/>\n<meta property=\"og:description\" content=\"Danse forum\u2192 Comptes Ren\u00addus des Ate\u00adliers \u2192 Ille et Vilaine !!De la d\u00e9s\u00adin\u00adt\u00e9\u00adgra\u00adtion \u00e0&nbsp;la recom\u00adpo\u00adsi\u00adtion Se mettre en marche \u2013 27\/11\/16 https:\/\/\u200bcol\u200blec\u200btif\u200bsans\u200btete\u200b.word\u200bpress\u200b.com\/\u200bd\u200be\u200bs\u200bi\u200bn\u200bt\u200be\u200bg\u200br\u200ba\u200bt\u200bi\u200bo\u200bn\u200b-27\u200a\u2013\u200a11-16\/ 14h \u2013 18h, MJC de&nbsp;Pac\u00e9. Pr\u00e9\u00adsents&nbsp;: Chris\u00adtian, El\u00e9o\u00adno\u00adra, Her\u00adv\u00e9, L\u00e9a, Lise, Louis, Maga\u00adli, Ma\u00efa\u00adna,&nbsp;Nico. R\u00e9dac\u00adtion de ce CR&nbsp;: Her\u00adv\u00e9 Marongiu. Th\u00e8me r\u00e9flexif propositions&nbsp;: - trans\u00adfor\u00adma\u00adtion, muta\u00adtion, m\u00e9ta\u00admor\u00adphose, d\u00e9s\u00adin\u00adt\u00e9\u00adgra\u00adtion, recom\u00adpo\u00adsi\u00adtion, aban\u00addon, migra\u00adtion, trouble, deve\u00adnir,&nbsp;chute. Th\u00e8me r\u00e9flexif&nbsp;choi\u00adsi&nbsp;: de la d\u00e9s\u00adin\u00adt\u00e9\u00adgra\u00adtion \u00e0&nbsp;la recomposition Ma\u00efa\u00adna d\u00e9cide de par\u00adtir apr\u00e8s le choix du th\u00e8me r\u00e9flexif. Elle nous enver\u00adra un mail 2&nbsp;jours plus tard [&hellip;]\" \/>\n<meta property=\"og:url\" content=\"https:\/\/www.leti.lt\/wordpress\/danseforum-desintegration-recomposition\/\" \/>\n<meta property=\"og:site_name\" content=\"Le TILT\" \/>\n<meta property=\"article:published_time\" content=\"2020-02-16T14:30:31+00:00\" \/>\n<meta name=\"author\" content=\"Andr\u00e9ine Bel\" \/>\n<meta name=\"twitter:card\" content=\"summary_large_image\" \/>\n<meta name=\"twitter:label1\" content=\"\u00c9crit par\" \/>\n\t<meta name=\"twitter:data1\" content=\"Andr\u00e9ine Bel\" \/>\n\t<meta name=\"twitter:label2\" content=\"Dur\u00e9e de lecture estim\u00e9e\" \/>\n\t<meta name=\"twitter:data2\" content=\"20 minutes\" \/>\n<script type=\"application\/ld+json\" class=\"yoast-schema-graph\">{\"@context\":\"https:\\\/\\\/schema.org\",\"@graph\":[{\"@type\":\"Article\",\"@id\":\"https:\\\/\\\/www.leti.lt\\\/wordpress\\\/danseforum-desintegration-recomposition\\\/#article\",\"isPartOf\":{\"@id\":\"https:\\\/\\\/www.leti.lt\\\/wordpress\\\/danseforum-desintegration-recomposition\\\/\"},\"author\":{\"name\":\"Andr\u00e9ine Bel\",\"@id\":\"https:\\\/\\\/www.leti.lt\\\/wordpress\\\/#\\\/schema\\\/person\\\/9bb307b2af8fbb575bb3603e57951f75\"},\"headline\":\"D\u00e9sint\u00e9gration et recomposition (1)\",\"datePublished\":\"2020-02-16T14:30:31+00:00\",\"mainEntityOfPage\":{\"@id\":\"https:\\\/\\\/www.leti.lt\\\/wordpress\\\/danseforum-desintegration-recomposition\\\/\"},\"wordCount\":3960,\"commentCount\":0,\"keywords\":[\"DF_IlleEtVilaine\"],\"articleSection\":[\"Ateliers Ille-et-Vilaine\"],\"inLanguage\":\"fr-FR\",\"potentialAction\":[{\"@type\":\"CommentAction\",\"name\":\"Comment\",\"target\":[\"https:\\\/\\\/www.leti.lt\\\/wordpress\\\/danseforum-desintegration-recomposition\\\/#respond\"]}]},{\"@type\":\"WebPage\",\"@id\":\"https:\\\/\\\/www.leti.lt\\\/wordpress\\\/danseforum-desintegration-recomposition\\\/\",\"url\":\"https:\\\/\\\/www.leti.lt\\\/wordpress\\\/danseforum-desintegration-recomposition\\\/\",\"name\":\"D\u00e9sint\u00e9gration et recomposition (1) - Le TILT\",\"isPartOf\":{\"@id\":\"https:\\\/\\\/www.leti.lt\\\/wordpress\\\/#website\"},\"datePublished\":\"2020-02-16T14:30:31+00:00\",\"author\":{\"@id\":\"https:\\\/\\\/www.leti.lt\\\/wordpress\\\/#\\\/schema\\\/person\\\/9bb307b2af8fbb575bb3603e57951f75\"},\"breadcrumb\":{\"@id\":\"https:\\\/\\\/www.leti.lt\\\/wordpress\\\/danseforum-desintegration-recomposition\\\/#breadcrumb\"},\"inLanguage\":\"fr-FR\",\"potentialAction\":[{\"@type\":\"ReadAction\",\"target\":[\"https:\\\/\\\/www.leti.lt\\\/wordpress\\\/danseforum-desintegration-recomposition\\\/\"]}]},{\"@type\":\"BreadcrumbList\",\"@id\":\"https:\\\/\\\/www.leti.lt\\\/wordpress\\\/danseforum-desintegration-recomposition\\\/#breadcrumb\",\"itemListElement\":[{\"@type\":\"ListItem\",\"position\":1,\"name\":\"Accueil\",\"item\":\"https:\\\/\\\/www.leti.lt\\\/wordpress\\\/\"},{\"@type\":\"ListItem\",\"position\":2,\"name\":\"D\u00e9sint\u00e9gration et recomposition (1)\"}]},{\"@type\":\"WebSite\",\"@id\":\"https:\\\/\\\/www.leti.lt\\\/wordpress\\\/#website\",\"url\":\"https:\\\/\\\/www.leti.lt\\\/wordpress\\\/\",\"name\":\"Le TILT\",\"description\":\"Recherche, publication, cr\u00e9ation artistique\",\"potentialAction\":[{\"@type\":\"SearchAction\",\"target\":{\"@type\":\"EntryPoint\",\"urlTemplate\":\"https:\\\/\\\/www.leti.lt\\\/wordpress\\\/?s={search_term_string}\"},\"query-input\":{\"@type\":\"PropertyValueSpecification\",\"valueRequired\":true,\"valueName\":\"search_term_string\"}}],\"inLanguage\":\"fr-FR\"},{\"@type\":\"Person\",\"@id\":\"https:\\\/\\\/www.leti.lt\\\/wordpress\\\/#\\\/schema\\\/person\\\/9bb307b2af8fbb575bb3603e57951f75\",\"name\":\"Andr\u00e9ine Bel\",\"image\":{\"@type\":\"ImageObject\",\"inLanguage\":\"fr-FR\",\"@id\":\"https:\\\/\\\/secure.gravatar.com\\\/avatar\\\/4ab041ec7c7ad3b90293023e86528ec1a700ce2971ff61811b2df6b288dd1f38?s=96&d=identicon&r=g\",\"url\":\"https:\\\/\\\/secure.gravatar.com\\\/avatar\\\/4ab041ec7c7ad3b90293023e86528ec1a700ce2971ff61811b2df6b288dd1f38?s=96&d=identicon&r=g\",\"contentUrl\":\"https:\\\/\\\/secure.gravatar.com\\\/avatar\\\/4ab041ec7c7ad3b90293023e86528ec1a700ce2971ff61811b2df6b288dd1f38?s=96&d=identicon&r=g\",\"caption\":\"Andr\u00e9ine Bel\"},\"url\":\"https:\\\/\\\/www.leti.lt\\\/wordpress\\\/author\\\/andreine\\\/\"}]}<\/script>\n<!-- \/ Yoast SEO plugin. -->","yoast_head_json":{"title":"D\u00e9sint\u00e9gration et recomposition (1) - Le TILT","robots":{"index":"index","follow":"follow","max-snippet":"max-snippet:-1","max-image-preview":"max-image-preview:large","max-video-preview":"max-video-preview:-1"},"canonical":"https:\/\/www.leti.lt\/wordpress\/danseforum-desintegration-recomposition\/","og_locale":"fr_FR","og_type":"article","og_title":"D\u00e9sint\u00e9gration et recomposition (1) - Le TILT","og_description":"Danse forum\u2192 Comptes Ren\u00addus des Ate\u00adliers \u2192 Ille et Vilaine !!De la d\u00e9s\u00adin\u00adt\u00e9\u00adgra\u00adtion \u00e0&nbsp;la recom\u00adpo\u00adsi\u00adtion Se mettre en marche \u2013 27\/11\/16 https:\/\/\u200bcol\u200blec\u200btif\u200bsans\u200btete\u200b.word\u200bpress\u200b.com\/\u200bd\u200be\u200bs\u200bi\u200bn\u200bt\u200be\u200bg\u200br\u200ba\u200bt\u200bi\u200bo\u200bn\u200b-27\u200a\u2013\u200a11-16\/ 14h \u2013 18h, MJC de&nbsp;Pac\u00e9. Pr\u00e9\u00adsents&nbsp;: Chris\u00adtian, El\u00e9o\u00adno\u00adra, Her\u00adv\u00e9, L\u00e9a, Lise, Louis, Maga\u00adli, Ma\u00efa\u00adna,&nbsp;Nico. R\u00e9dac\u00adtion de ce CR&nbsp;: Her\u00adv\u00e9 Marongiu. Th\u00e8me r\u00e9flexif propositions&nbsp;: - trans\u00adfor\u00adma\u00adtion, muta\u00adtion, m\u00e9ta\u00admor\u00adphose, d\u00e9s\u00adin\u00adt\u00e9\u00adgra\u00adtion, recom\u00adpo\u00adsi\u00adtion, aban\u00addon, migra\u00adtion, trouble, deve\u00adnir,&nbsp;chute. Th\u00e8me r\u00e9flexif&nbsp;choi\u00adsi&nbsp;: de la d\u00e9s\u00adin\u00adt\u00e9\u00adgra\u00adtion \u00e0&nbsp;la recomposition Ma\u00efa\u00adna d\u00e9cide de par\u00adtir apr\u00e8s le choix du th\u00e8me r\u00e9flexif. Elle nous enver\u00adra un mail 2&nbsp;jours plus tard [&hellip;]","og_url":"https:\/\/www.leti.lt\/wordpress\/danseforum-desintegration-recomposition\/","og_site_name":"Le TILT","article_published_time":"2020-02-16T14:30:31+00:00","author":"Andr\u00e9ine Bel","twitter_card":"summary_large_image","twitter_misc":{"\u00c9crit par":"Andr\u00e9ine Bel","Dur\u00e9e de lecture estim\u00e9e":"20 minutes"},"schema":{"@context":"https:\/\/schema.org","@graph":[{"@type":"Article","@id":"https:\/\/www.leti.lt\/wordpress\/danseforum-desintegration-recomposition\/#article","isPartOf":{"@id":"https:\/\/www.leti.lt\/wordpress\/danseforum-desintegration-recomposition\/"},"author":{"name":"Andr\u00e9ine Bel","@id":"https:\/\/www.leti.lt\/wordpress\/#\/schema\/person\/9bb307b2af8fbb575bb3603e57951f75"},"headline":"D\u00e9sint\u00e9gration et recomposition (1)","datePublished":"2020-02-16T14:30:31+00:00","mainEntityOfPage":{"@id":"https:\/\/www.leti.lt\/wordpress\/danseforum-desintegration-recomposition\/"},"wordCount":3960,"commentCount":0,"keywords":["DF_IlleEtVilaine"],"articleSection":["Ateliers Ille-et-Vilaine"],"inLanguage":"fr-FR","potentialAction":[{"@type":"CommentAction","name":"Comment","target":["https:\/\/www.leti.lt\/wordpress\/danseforum-desintegration-recomposition\/#respond"]}]},{"@type":"WebPage","@id":"https:\/\/www.leti.lt\/wordpress\/danseforum-desintegration-recomposition\/","url":"https:\/\/www.leti.lt\/wordpress\/danseforum-desintegration-recomposition\/","name":"D\u00e9sint\u00e9gration et recomposition (1) - Le TILT","isPartOf":{"@id":"https:\/\/www.leti.lt\/wordpress\/#website"},"datePublished":"2020-02-16T14:30:31+00:00","author":{"@id":"https:\/\/www.leti.lt\/wordpress\/#\/schema\/person\/9bb307b2af8fbb575bb3603e57951f75"},"breadcrumb":{"@id":"https:\/\/www.leti.lt\/wordpress\/danseforum-desintegration-recomposition\/#breadcrumb"},"inLanguage":"fr-FR","potentialAction":[{"@type":"ReadAction","target":["https:\/\/www.leti.lt\/wordpress\/danseforum-desintegration-recomposition\/"]}]},{"@type":"BreadcrumbList","@id":"https:\/\/www.leti.lt\/wordpress\/danseforum-desintegration-recomposition\/#breadcrumb","itemListElement":[{"@type":"ListItem","position":1,"name":"Accueil","item":"https:\/\/www.leti.lt\/wordpress\/"},{"@type":"ListItem","position":2,"name":"D\u00e9sint\u00e9gration et recomposition (1)"}]},{"@type":"WebSite","@id":"https:\/\/www.leti.lt\/wordpress\/#website","url":"https:\/\/www.leti.lt\/wordpress\/","name":"Le TILT","description":"Recherche, publication, cr\u00e9ation artistique","potentialAction":[{"@type":"SearchAction","target":{"@type":"EntryPoint","urlTemplate":"https:\/\/www.leti.lt\/wordpress\/?s={search_term_string}"},"query-input":{"@type":"PropertyValueSpecification","valueRequired":true,"valueName":"search_term_string"}}],"inLanguage":"fr-FR"},{"@type":"Person","@id":"https:\/\/www.leti.lt\/wordpress\/#\/schema\/person\/9bb307b2af8fbb575bb3603e57951f75","name":"Andr\u00e9ine Bel","image":{"@type":"ImageObject","inLanguage":"fr-FR","@id":"https:\/\/secure.gravatar.com\/avatar\/4ab041ec7c7ad3b90293023e86528ec1a700ce2971ff61811b2df6b288dd1f38?s=96&d=identicon&r=g","url":"https:\/\/secure.gravatar.com\/avatar\/4ab041ec7c7ad3b90293023e86528ec1a700ce2971ff61811b2df6b288dd1f38?s=96&d=identicon&r=g","contentUrl":"https:\/\/secure.gravatar.com\/avatar\/4ab041ec7c7ad3b90293023e86528ec1a700ce2971ff61811b2df6b288dd1f38?s=96&d=identicon&r=g","caption":"Andr\u00e9ine Bel"},"url":"https:\/\/www.leti.lt\/wordpress\/author\/andreine\/"}]}},"_links":{"self":[{"href":"https:\/\/www.leti.lt\/wordpress\/wp-json\/wp\/v2\/posts\/86","targetHints":{"allow":["GET"]}}],"collection":[{"href":"https:\/\/www.leti.lt\/wordpress\/wp-json\/wp\/v2\/posts"}],"about":[{"href":"https:\/\/www.leti.lt\/wordpress\/wp-json\/wp\/v2\/types\/post"}],"author":[{"embeddable":true,"href":"https:\/\/www.leti.lt\/wordpress\/wp-json\/wp\/v2\/users\/2"}],"replies":[{"embeddable":true,"href":"https:\/\/www.leti.lt\/wordpress\/wp-json\/wp\/v2\/comments?post=86"}],"version-history":[{"count":0,"href":"https:\/\/www.leti.lt\/wordpress\/wp-json\/wp\/v2\/posts\/86\/revisions"}],"wp:attachment":[{"href":"https:\/\/www.leti.lt\/wordpress\/wp-json\/wp\/v2\/media?parent=86"}],"wp:term":[{"taxonomy":"category","embeddable":true,"href":"https:\/\/www.leti.lt\/wordpress\/wp-json\/wp\/v2\/categories?post=86"},{"taxonomy":"post_tag","embeddable":true,"href":"https:\/\/www.leti.lt\/wordpress\/wp-json\/wp\/v2\/tags?post=86"}],"curies":[{"name":"wp","href":"https:\/\/api.w.org\/{rel}","templated":true}]}}