{"id":83,"date":"2020-02-16T15:30:31","date_gmt":"2020-02-16T14:30:31","guid":{"rendered":"https:\/\/www.leti.lt\/wordpress\/?p=83"},"modified":"2020-06-10T13:37:35","modified_gmt":"2020-06-10T11:37:35","slug":"danseforum-danseforumetpolitique","status":"publish","type":"post","link":"https:\/\/www.leti.lt\/wordpress\/danseforum-danseforumetpolitique\/","title":{"rendered":"Danse forum et politique"},"content":{"rendered":"\n<p><a href=\"https:\/\/www.leti.lt\/wordpress\/danseforum-danseforum\/\">Danse forum<\/a><br>\u2192 <a href=\"https:\/\/www.leti.lt\/wordpress\/danseforum-aproposdeladanseforum\/\">Che\u00admi\u00adne\u00adment de la danse forum<\/a><br><br>!! Danse forum et poli\u00adtique \u2013 ao\u00fbt 2007<br><br><b>En quoi la danse forum est-elle poli\u00adtique&nbsp;?<\/b> C\u2019\u00e9tait une ques\u00adtion d\u2019Elsa, pen\u00addant et au sor\u00adtir de notre ren\u00adcontre du 6&nbsp;ao\u00fbt 2007. En effet, nous avons cit\u00e9 pen\u00addant la r\u00e9union les exemples qui font de notre pra\u00adtique de la danse forum un acte poli\u00adtique autant qu\u2019artistique. Mais nous n\u2019avons pas concep\u00adtua\u00adli\u00ads\u00e9 en quoi la danse forum est poli\u00adtique.<br><br>Voi\u00adci ce que je peux en dire aujourd\u2019hui.<br><br>Lors du bilan du 7\/7\/07, deux buts pos\u00adsibles de la DF ont \u00e9t\u00e9 \u00e9vo\u00adqu\u00e9s&nbsp;: vou\u00adloir trans\u00adfor\u00admer la soci\u00e9\u00adt\u00e9 \u2013 ce qui serait plus poli\u00adtique, altruiste, exo\u00adt\u00e9\u00adriste, et vou\u00adloir se chan\u00adger \u2013 qui serait plus du domaine du d\u00e9ve\u00adlop\u00adpe\u00adment per\u00adson\u00adnel et de la spi\u00adri\u00adtua\u00adli\u00adt\u00e9.<br><br>La ques\u00adtion qui se pose aujourd\u2019hui pour nous est&nbsp;: <b>la DF aurait-elle \u00ab&nbsp;la&nbsp;\u00bb r\u00e9ponse aux pro\u00adbl\u00e8mes du monde et des gens&nbsp;?<\/b><br><br>Il me semble impor\u00adtant de dire que la DF n\u2019est pas dans le fan\u00adtasme de chan\u00adger le monde ni la soci\u00e9\u00adt\u00e9. Cha\u00adcun change le monde par ses enga\u00adge\u00adments et ses com\u00adp\u00e9\u00adtences, et per\u00adsonne n\u2019attend la DF pour cela.<br><br>Elle ne pr\u00e9\u00adtend pas non plus ins\u00adtau\u00adrer une forme popu\u00adlaire de la danse&nbsp;: elle est sim\u00adple\u00adment une r\u00e9flexion sur le m\u00e9dium de la danse, forme et conte\u00adnu. Elle ne se cache pas der\u00adri\u00e8re un dis\u00adcours popu\u00adliste&nbsp;: les dan\u00adseurs pro\u00adfes\u00adsion\u00adnels peuvent s\u2019investir \u00e0&nbsp;part enti\u00e8re sans se mettre au niveau des d\u00e9bu\u00adtants. Il n\u2019y a&nbsp;donc pas nivel\u00adle\u00adment par le bas, ni sacra\u00adli\u00adsa\u00adtion de l\u2019amateurisme. En clair, il y&nbsp;a place pour toutes les formes d\u2019expertise.<br><br>Si \u00ab&nbsp;\u00eatre poli\u00adtique&nbsp;\u00bb signi\u00adfiait \u00ab&nbsp;com\u00admen\u00adcer par se chan\u00adger soi-m\u00eame pour faire \u00e9vo\u00adluer les autres&nbsp;\u00bb, on en vien\u00addrait qua\u00adsi\u00adment au m\u00eame point&nbsp;: l\u2019individu se pose en mod\u00e8le aux autres indi\u00advi\u00addus qu\u2019il esp\u00e8re influen\u00adcer dans son sens, il tire de son chan\u00adge\u00adment un pro\u00adfit psy\u00adcho\u00adlo\u00adgique ou spi\u00adri\u00adtuel, un d\u00e9ve\u00adlop\u00adpe\u00adment per\u00adson\u00adnel.<br><br>Si l\u2019on renonce \u00e0&nbsp;ces deux volon\u00adt\u00e9s de faire \u00e9vo\u00adluer les autres ou soi, je vois deux approches poli\u00adtiques qui visent \u00e0&nbsp;chan\u00adger une ou des r\u00e9a\u00adli\u00adt\u00e9s, et non les per\u00adsonnes, tout en les pre\u00adnant en compte. Ces deux approches poli\u00adtiques sont d\u2019ailleurs li\u00e9es et ont \u00e9t\u00e9 \u00e9vo\u00adqu\u00e9es, lors du bilan du 7\/7\/07, comme moyens d\u2019action&nbsp;:<br><br>1- Elsa et d\u2019autres ont insis\u00adt\u00e9 sur la n\u00e9ces\u00adsi\u00adt\u00e9 d\u2019une (micro)politique qui prenne en compte l\u2019individu et pas seule\u00adment des groupes. Tous les \u00ab&nbsp;acteurs&nbsp;\u00bb de danse forum sont libres de leur enga\u00adge\u00adment, de leur opi\u00adnion et de leur contri\u00adbu\u00adtion. Ils ne sont pas inves\u00adtis du devoir de pro\u00adpul\u00adser cet outil qu\u2019est la DF comme une pana\u00adc\u00e9e uni\u00adver\u00adselle.<br><br>2- Elsa sou\u00adli\u00adgnait la n\u00e9ces\u00adsi\u00adt\u00e9 de lier l\u2019art et la poli\u00adtique.<br><br>Ces deux notions font par\u00adtie de \u00ab&nbsp;l\u2019empowerment&nbsp;\u00bb&nbsp;: res\u00adti\u00adtuer \u00e0&nbsp;l\u2019individu le pou\u00advoir qui est le sien \u00e0&nbsp;par\u00adtir d\u2019une sub\u00adjec\u00adti\u00advi\u00adt\u00e9 construite par le groupe. Le pou\u00advoir est de l\u2019ordre du poli\u00adtique tan\u00addis que la sub\u00adjec\u00adti\u00advi\u00adt\u00e9 est du domaine de l\u2019art.<br><br>Ce que je vou\u00addrais sou\u00adli\u00adgner, c\u2019est que l\u2019empowerment est le r\u00e9sul\u00adtat d\u2019une action coop\u00e9\u00adra\u00adtive, plu\u00adt\u00f4t que par\u00adti\u00adci\u00adpa\u00adtive, entre les indi\u00advi\u00addus.<br><br>Dans son article&nbsp;: http:\/\/\u200bccrss\u200b.ws\/\u200bv\u200bc\u200bd\u200ba\u200b-\u200bf\u200br\u200b\/\u200bd\u200bo\u200bc\u200bs\u200b\/\u200bP\u200ba\u200br\u200bt\u200bi\u200bc\u200bi\u200bp\u200ba\u200bt\u200bi\u200bo\u200bn\u200bC\u200bo\u200bo\u200bp\u200be\u200br\u200ba\u200bt\u200bi\u200bo\u200bn\u200b.\u200bpdf, Ber\u00adnard cite notre ami Guy Poi\u00adte\u00advin, dif\u00adf\u00e9\u00adren\u00adciant l\u2019approche par\u00adti\u00adci\u00adpa\u00adtive de l\u2019approche coop\u00e9\u00adra\u00adtive, dif\u00adf\u00e9\u00adrence qui me semble \u00eatre au centre de la ques\u00adtion de la poli\u00adtique en danse forum.<br><br>Vers la fin de cet article, le tableau r\u00e9ca\u00adpi\u00adtu\u00adla\u00adtif de Guy Poi\u00adte\u00advin situe qua\u00adsi\u00adment point par point la danse forum dans \u00ab&nbsp;l\u2019action sociale&nbsp;\u00bb, dis\u00adtincte du \u00ab&nbsp;tra\u00advail social&nbsp;\u00bb qui est encore l\u2019approche (macro)politique domi\u00adnante de notre his\u00adtoire contem\u00adpo\u00adraine.<br><br>J\u2019en reco\u00adpie ici le der\u00adnier para\u00adgraphe qui est d\u2019ailleurs repris sur Wiki\u00adpe\u00addia&nbsp;: http:\/\/\u200bfr\u200b.wiki\u200bpe\u200bdia\u200b.org\/\u200bw\u200bi\u200bk\u200bi\u200b\/\u200bG\u200bu\u200by\u200b_\u200bP\u200bo\u200bi\u200bt\u200be\u200bvin<br><br><b>\u00ab \u2013 Approche coop\u00e9\u00adra\u00adtive en sciences sociales \u2013 La m\u00e9tho\u00addo\u00adlo\u00adgie de \u00ab&nbsp;recherche-action coop\u00e9\u00adra\u00adtive&nbsp;\u00bb, d\u00e9si\u00adgn\u00e9e aus\u00adsi comme \u00ab&nbsp;d\u00e9mo\u00adcra\u00adti\u00adsa\u00adtion active&nbsp;\u00bb par les ani\u00adma\u00adteurs sociaux de VCDA r\u00e9ha\u00adbi\u00adlite la notion d\u2019expertise en s\u2019appuyant sur une d\u00e9marche (auto-)\u00e9ducationnelle de pro\u00adduc\u00adtion d\u2019un savoir endo\u00adg\u00e8ne. En cela, elle s\u2019oppose radi\u00adca\u00adle\u00adment au popu\u00adlisme consen\u00adsuel de la d\u00e9mo\u00adcra\u00adtie par\u00adti\u00adci\u00adpa\u00adtive. Il ne suf\u00adfit pas de faire le choix entre une par\u00adti\u00adci\u00adpa\u00adtion \u00ab&nbsp;des\u00adcen\u00addante&nbsp;\u00bb (top-down) et \u00ab&nbsp;ascen\u00addante&nbsp;\u00bb (bot\u00adtom-up) selon que les ini\u00adtia\u00adtives pro\u00adviennent des \u00ab&nbsp;experts&nbsp;\u00bb ou des \u00ab&nbsp;b\u00e9n\u00e9\u00adfi\u00adciaires&nbsp;\u00bb&nbsp;; l\u2019approche coop\u00e9\u00adra\u00adtive est plu\u00adt\u00f4t un pro\u00adces\u00adsus dyna\u00admique d\u2019acquisition de pou\u00advoir (empo\u00adwerment) que l\u2019on peut qua\u00adli\u00adfier de \u00ab&nbsp;chao\u00adti\u00adque\u00adment construc\u00adtif&nbsp;\u00bb, alors que l\u2019approche par\u00adti\u00adci\u00adpa\u00adtive ne fait qu\u2019ordonnancer la r\u00e9par\u00adti\u00adtion et la d\u00e9l\u00e9\u00adga\u00adtion des pou\u00advoirs. Il ne s\u2019agit pas seule\u00adment, pour l\u2019individu, de s\u2019adapter \u00e0&nbsp;des condi\u00adtions nou\u00advelles qui lui ont \u00e9t\u00e9 impo\u00ads\u00e9es, mais \u00ab&nbsp;d\u2019int\u00e9grer&nbsp;\u00bb les niveaux de r\u00e9a\u00adli\u00adt\u00e9, au sens de Pao\u00adlo Freire (2002 [1973], p. 4) : L\u2019int\u00e9gration r\u00e9sulte de la capa\u00adci\u00adt\u00e9 de s\u2019adapter \u00e0&nbsp;la r\u00e9a\u00adli\u00adt\u00e9 plus la capa\u00adci\u00adt\u00e9 cri\u00adtique de faire des choix et de trans\u00adfor\u00admer cette r\u00e9a\u00adli\u00adt\u00e9.\u00ab<\/b><br><br>&nbsp;Freire, Pao\u00adlo. Edu\u00adca\u00adtion for Cri\u00adti\u00adcal Conscious\u00adness. New York&nbsp;: Conti\u00adnuum, 2002. (1<sup class=\"ordinal\">e<\/sup> \u00e9di\u00adtion 1973) ISBN 0826412769<br><br>Nous pou\u00advons retrou\u00adver dans ce r\u00e9su\u00adm\u00e9 des points essen\u00adtiels pour nous en DF&nbsp;: m\u00e9tho\u00addo\u00adlo\u00adgie, d\u00e9mo\u00adcra\u00adti\u00adsa\u00adtion, exper\u00adtise et auto-appren\u00adtis\u00adsa\u00adge\/au\u00adto-\u00e9du\u00adca\u00adtion, chaos construc\u00adtif. C\u2019et ce dont nous t\u00e9moi\u00adgnons&nbsp;: la DF influe posi\u00adti\u00adve\u00adment sur nos com\u00adpor\u00adte\u00adments et actes quo\u00adti\u00addiens, se retrouve dans la notion \u00ab&nbsp;d\u2019int\u00e9gration&nbsp;\u00bb telle qu\u2019elle est pr\u00e9\u00adsen\u00adt\u00e9e par Pao\u00adlo Freire.<br><br>Notre d\u00e9ter\u00admi\u00adna\u00adtion \u00e0&nbsp;fil\u00admer les ate\u00adliers comme sup\u00adport de r\u00e9flexion et de bilan interne va tout \u00e0&nbsp;fait dans le sens d\u2019une approche coop\u00e9\u00adra\u00adtive. Le bilan sys\u00adt\u00e9\u00adma\u00adtique fait par les forum\u00addan\u00adseurs et spec\u00adta\u00addan\u00adseurs eux-m\u00eames op\u00e8re une \u00e9va\u00adlua\u00adtion r\u00e9flexive, qui ne se r\u00e9duit pas au forum, mais \u00e0&nbsp;la r\u00e9flexion sur le forum lui-m\u00eame. Nous fai\u00adsons ain\u00adsi avan\u00adcer de pair le fond et la forme.<br><br>C\u2019est pour cela que la d\u00e9fi\u00adni\u00adtion de l\u2019atelier pour\u00adrait deve\u00adnir, si nous en sommes tous d\u2019accord et sans vou\u00adloir \u00eatre pom\u00adpeux, un \u00ab&nbsp;groupe de recherche-action coop\u00e9\u00adra\u00adtive en danse forum&nbsp;\u00bb. Les buts poli\u00adtique et artis\u00adtique de la danse forum seraient ain\u00adsi plus clai\u00adre\u00adment \u00e9non\u00adc\u00e9s.<br><br>Andr\u00e9ine Bel<\/p>\n<p style=\"color:green; text-align:right !important;\">Article cr\u00e9\u00e9 le 16\/02\/2020 \u2013 modi\u00adfi\u00e9 le 10\/06\/2020<\/p>","protected":false},"excerpt":{"rendered":"<p>Danse forum\u2192 Che\u00admi\u00adne\u00adment de la danse&nbsp;forum !! Danse forum et poli\u00adtique \u2013 ao\u00fbt&nbsp;2007 En quoi la danse forum est-elle poli\u00adtique&nbsp;? C\u2019\u00e9tait une ques\u00adtion d\u2019Elsa, pen\u00addant et au sor\u00adtir de notre ren\u00adcontre du 6&nbsp;ao\u00fbt 2007. En effet, nous avons cit\u00e9 pen\u00addant la r\u00e9union les exemples qui font de notre pra\u00adtique de la danse forum un acte poli\u00adtique autant qu\u2019artistique. Mais nous n\u2019avons pas concep\u00adtua\u00adli\u00ads\u00e9 en quoi la danse forum est poli\u00adtique. Voi\u00adci ce que je peux en dire aujourd\u2019hui. Lors&nbsp;du&nbsp;[\u2026]<\/p>\n","protected":false},"author":2,"featured_media":0,"comment_status":"open","ping_status":"open","sticky":false,"template":"","format":"standard","meta":{"wp_typography_post_enhancements_disabled":false,"footnotes":""},"categories":[229],"tags":[218],"class_list":["post-83","post","type-post","status-publish","format-standard","hentry","category-cheminement-danseforum","tag-df_a_propos"],"yoast_head":"<!-- This site is optimized with the Yoast SEO plugin v27.5 - https:\/\/yoast.com\/product\/yoast-seo-wordpress\/ -->\n<title>Danse forum et politique - Le TILT<\/title>\n<meta name=\"robots\" content=\"index, follow, max-snippet:-1, max-image-preview:large, max-video-preview:-1\" \/>\n<link rel=\"canonical\" href=\"https:\/\/www.leti.lt\/wordpress\/danseforum-danseforumetpolitique\/\" \/>\n<meta property=\"og:locale\" content=\"fr_FR\" \/>\n<meta property=\"og:type\" content=\"article\" \/>\n<meta property=\"og:title\" content=\"Danse forum et politique - Le TILT\" \/>\n<meta property=\"og:description\" content=\"Danse forum\u2192 Che\u00admi\u00adne\u00adment de la danse&nbsp;forum !! Danse forum et poli\u00adtique \u2013 ao\u00fbt&nbsp;2007 En quoi la danse forum est-elle poli\u00adtique&nbsp;? C\u2019\u00e9tait une ques\u00adtion d\u2019Elsa, pen\u00addant et au sor\u00adtir de notre ren\u00adcontre du 6&nbsp;ao\u00fbt 2007. En effet, nous avons cit\u00e9 pen\u00addant la r\u00e9union les exemples qui font de notre pra\u00adtique de la danse forum un acte poli\u00adtique autant qu\u2019artistique. Mais nous n\u2019avons pas concep\u00adtua\u00adli\u00ads\u00e9 en quoi la danse forum est politique. Voi\u00adci ce que je peux en dire aujourd\u2019hui. Lors du [&hellip;]\" \/>\n<meta property=\"og:url\" content=\"https:\/\/www.leti.lt\/wordpress\/danseforum-danseforumetpolitique\/\" \/>\n<meta property=\"og:site_name\" content=\"Le TILT\" \/>\n<meta property=\"article:published_time\" content=\"2020-02-16T14:30:31+00:00\" \/>\n<meta property=\"article:modified_time\" content=\"2020-06-10T11:37:35+00:00\" \/>\n<meta name=\"author\" content=\"Andr\u00e9ine Bel\" \/>\n<meta name=\"twitter:card\" content=\"summary_large_image\" \/>\n<meta name=\"twitter:label1\" content=\"\u00c9crit par\" \/>\n\t<meta name=\"twitter:data1\" content=\"Andr\u00e9ine Bel\" \/>\n\t<meta name=\"twitter:label2\" content=\"Dur\u00e9e de lecture estim\u00e9e\" \/>\n\t<meta name=\"twitter:data2\" content=\"5 minutes\" \/>\n<script type=\"application\/ld+json\" class=\"yoast-schema-graph\">{\"@context\":\"https:\\\/\\\/schema.org\",\"@graph\":[{\"@type\":\"Article\",\"@id\":\"https:\\\/\\\/www.leti.lt\\\/wordpress\\\/danseforum-danseforumetpolitique\\\/#article\",\"isPartOf\":{\"@id\":\"https:\\\/\\\/www.leti.lt\\\/wordpress\\\/danseforum-danseforumetpolitique\\\/\"},\"author\":{\"name\":\"Andr\u00e9ine Bel\",\"@id\":\"https:\\\/\\\/www.leti.lt\\\/wordpress\\\/#\\\/schema\\\/person\\\/9bb307b2af8fbb575bb3603e57951f75\"},\"headline\":\"Danse forum et politique\",\"datePublished\":\"2020-02-16T14:30:31+00:00\",\"dateModified\":\"2020-06-10T11:37:35+00:00\",\"mainEntityOfPage\":{\"@id\":\"https:\\\/\\\/www.leti.lt\\\/wordpress\\\/danseforum-danseforumetpolitique\\\/\"},\"wordCount\":1047,\"commentCount\":0,\"keywords\":[\"DF_A_propos\"],\"articleSection\":[\"Cheminement\"],\"inLanguage\":\"fr-FR\",\"potentialAction\":[{\"@type\":\"CommentAction\",\"name\":\"Comment\",\"target\":[\"https:\\\/\\\/www.leti.lt\\\/wordpress\\\/danseforum-danseforumetpolitique\\\/#respond\"]}]},{\"@type\":\"WebPage\",\"@id\":\"https:\\\/\\\/www.leti.lt\\\/wordpress\\\/danseforum-danseforumetpolitique\\\/\",\"url\":\"https:\\\/\\\/www.leti.lt\\\/wordpress\\\/danseforum-danseforumetpolitique\\\/\",\"name\":\"Danse forum et politique - Le TILT\",\"isPartOf\":{\"@id\":\"https:\\\/\\\/www.leti.lt\\\/wordpress\\\/#website\"},\"datePublished\":\"2020-02-16T14:30:31+00:00\",\"dateModified\":\"2020-06-10T11:37:35+00:00\",\"author\":{\"@id\":\"https:\\\/\\\/www.leti.lt\\\/wordpress\\\/#\\\/schema\\\/person\\\/9bb307b2af8fbb575bb3603e57951f75\"},\"breadcrumb\":{\"@id\":\"https:\\\/\\\/www.leti.lt\\\/wordpress\\\/danseforum-danseforumetpolitique\\\/#breadcrumb\"},\"inLanguage\":\"fr-FR\",\"potentialAction\":[{\"@type\":\"ReadAction\",\"target\":[\"https:\\\/\\\/www.leti.lt\\\/wordpress\\\/danseforum-danseforumetpolitique\\\/\"]}]},{\"@type\":\"BreadcrumbList\",\"@id\":\"https:\\\/\\\/www.leti.lt\\\/wordpress\\\/danseforum-danseforumetpolitique\\\/#breadcrumb\",\"itemListElement\":[{\"@type\":\"ListItem\",\"position\":1,\"name\":\"Accueil\",\"item\":\"https:\\\/\\\/www.leti.lt\\\/wordpress\\\/\"},{\"@type\":\"ListItem\",\"position\":2,\"name\":\"Danse forum et politique\"}]},{\"@type\":\"WebSite\",\"@id\":\"https:\\\/\\\/www.leti.lt\\\/wordpress\\\/#website\",\"url\":\"https:\\\/\\\/www.leti.lt\\\/wordpress\\\/\",\"name\":\"Le TILT\",\"description\":\"Recherche, publication, cr\u00e9ation artistique\",\"potentialAction\":[{\"@type\":\"SearchAction\",\"target\":{\"@type\":\"EntryPoint\",\"urlTemplate\":\"https:\\\/\\\/www.leti.lt\\\/wordpress\\\/?s={search_term_string}\"},\"query-input\":{\"@type\":\"PropertyValueSpecification\",\"valueRequired\":true,\"valueName\":\"search_term_string\"}}],\"inLanguage\":\"fr-FR\"},{\"@type\":\"Person\",\"@id\":\"https:\\\/\\\/www.leti.lt\\\/wordpress\\\/#\\\/schema\\\/person\\\/9bb307b2af8fbb575bb3603e57951f75\",\"name\":\"Andr\u00e9ine Bel\",\"image\":{\"@type\":\"ImageObject\",\"inLanguage\":\"fr-FR\",\"@id\":\"https:\\\/\\\/secure.gravatar.com\\\/avatar\\\/4ab041ec7c7ad3b90293023e86528ec1a700ce2971ff61811b2df6b288dd1f38?s=96&d=identicon&r=g\",\"url\":\"https:\\\/\\\/secure.gravatar.com\\\/avatar\\\/4ab041ec7c7ad3b90293023e86528ec1a700ce2971ff61811b2df6b288dd1f38?s=96&d=identicon&r=g\",\"contentUrl\":\"https:\\\/\\\/secure.gravatar.com\\\/avatar\\\/4ab041ec7c7ad3b90293023e86528ec1a700ce2971ff61811b2df6b288dd1f38?s=96&d=identicon&r=g\",\"caption\":\"Andr\u00e9ine Bel\"},\"url\":\"https:\\\/\\\/www.leti.lt\\\/wordpress\\\/author\\\/andreine\\\/\"}]}<\/script>\n<!-- \/ Yoast SEO plugin. -->","yoast_head_json":{"title":"Danse forum et politique - Le TILT","robots":{"index":"index","follow":"follow","max-snippet":"max-snippet:-1","max-image-preview":"max-image-preview:large","max-video-preview":"max-video-preview:-1"},"canonical":"https:\/\/www.leti.lt\/wordpress\/danseforum-danseforumetpolitique\/","og_locale":"fr_FR","og_type":"article","og_title":"Danse forum et politique - Le TILT","og_description":"Danse forum\u2192 Che\u00admi\u00adne\u00adment de la danse&nbsp;forum !! Danse forum et poli\u00adtique \u2013 ao\u00fbt&nbsp;2007 En quoi la danse forum est-elle poli\u00adtique&nbsp;? C\u2019\u00e9tait une ques\u00adtion d\u2019Elsa, pen\u00addant et au sor\u00adtir de notre ren\u00adcontre du 6&nbsp;ao\u00fbt 2007. En effet, nous avons cit\u00e9 pen\u00addant la r\u00e9union les exemples qui font de notre pra\u00adtique de la danse forum un acte poli\u00adtique autant qu\u2019artistique. Mais nous n\u2019avons pas concep\u00adtua\u00adli\u00ads\u00e9 en quoi la danse forum est politique. Voi\u00adci ce que je peux en dire aujourd\u2019hui. Lors du [&hellip;]","og_url":"https:\/\/www.leti.lt\/wordpress\/danseforum-danseforumetpolitique\/","og_site_name":"Le TILT","article_published_time":"2020-02-16T14:30:31+00:00","article_modified_time":"2020-06-10T11:37:35+00:00","author":"Andr\u00e9ine Bel","twitter_card":"summary_large_image","twitter_misc":{"\u00c9crit par":"Andr\u00e9ine Bel","Dur\u00e9e de lecture estim\u00e9e":"5 minutes"},"schema":{"@context":"https:\/\/schema.org","@graph":[{"@type":"Article","@id":"https:\/\/www.leti.lt\/wordpress\/danseforum-danseforumetpolitique\/#article","isPartOf":{"@id":"https:\/\/www.leti.lt\/wordpress\/danseforum-danseforumetpolitique\/"},"author":{"name":"Andr\u00e9ine Bel","@id":"https:\/\/www.leti.lt\/wordpress\/#\/schema\/person\/9bb307b2af8fbb575bb3603e57951f75"},"headline":"Danse forum et politique","datePublished":"2020-02-16T14:30:31+00:00","dateModified":"2020-06-10T11:37:35+00:00","mainEntityOfPage":{"@id":"https:\/\/www.leti.lt\/wordpress\/danseforum-danseforumetpolitique\/"},"wordCount":1047,"commentCount":0,"keywords":["DF_A_propos"],"articleSection":["Cheminement"],"inLanguage":"fr-FR","potentialAction":[{"@type":"CommentAction","name":"Comment","target":["https:\/\/www.leti.lt\/wordpress\/danseforum-danseforumetpolitique\/#respond"]}]},{"@type":"WebPage","@id":"https:\/\/www.leti.lt\/wordpress\/danseforum-danseforumetpolitique\/","url":"https:\/\/www.leti.lt\/wordpress\/danseforum-danseforumetpolitique\/","name":"Danse forum et politique - Le TILT","isPartOf":{"@id":"https:\/\/www.leti.lt\/wordpress\/#website"},"datePublished":"2020-02-16T14:30:31+00:00","dateModified":"2020-06-10T11:37:35+00:00","author":{"@id":"https:\/\/www.leti.lt\/wordpress\/#\/schema\/person\/9bb307b2af8fbb575bb3603e57951f75"},"breadcrumb":{"@id":"https:\/\/www.leti.lt\/wordpress\/danseforum-danseforumetpolitique\/#breadcrumb"},"inLanguage":"fr-FR","potentialAction":[{"@type":"ReadAction","target":["https:\/\/www.leti.lt\/wordpress\/danseforum-danseforumetpolitique\/"]}]},{"@type":"BreadcrumbList","@id":"https:\/\/www.leti.lt\/wordpress\/danseforum-danseforumetpolitique\/#breadcrumb","itemListElement":[{"@type":"ListItem","position":1,"name":"Accueil","item":"https:\/\/www.leti.lt\/wordpress\/"},{"@type":"ListItem","position":2,"name":"Danse forum et politique"}]},{"@type":"WebSite","@id":"https:\/\/www.leti.lt\/wordpress\/#website","url":"https:\/\/www.leti.lt\/wordpress\/","name":"Le TILT","description":"Recherche, publication, cr\u00e9ation artistique","potentialAction":[{"@type":"SearchAction","target":{"@type":"EntryPoint","urlTemplate":"https:\/\/www.leti.lt\/wordpress\/?s={search_term_string}"},"query-input":{"@type":"PropertyValueSpecification","valueRequired":true,"valueName":"search_term_string"}}],"inLanguage":"fr-FR"},{"@type":"Person","@id":"https:\/\/www.leti.lt\/wordpress\/#\/schema\/person\/9bb307b2af8fbb575bb3603e57951f75","name":"Andr\u00e9ine Bel","image":{"@type":"ImageObject","inLanguage":"fr-FR","@id":"https:\/\/secure.gravatar.com\/avatar\/4ab041ec7c7ad3b90293023e86528ec1a700ce2971ff61811b2df6b288dd1f38?s=96&d=identicon&r=g","url":"https:\/\/secure.gravatar.com\/avatar\/4ab041ec7c7ad3b90293023e86528ec1a700ce2971ff61811b2df6b288dd1f38?s=96&d=identicon&r=g","contentUrl":"https:\/\/secure.gravatar.com\/avatar\/4ab041ec7c7ad3b90293023e86528ec1a700ce2971ff61811b2df6b288dd1f38?s=96&d=identicon&r=g","caption":"Andr\u00e9ine Bel"},"url":"https:\/\/www.leti.lt\/wordpress\/author\/andreine\/"}]}},"_links":{"self":[{"href":"https:\/\/www.leti.lt\/wordpress\/wp-json\/wp\/v2\/posts\/83","targetHints":{"allow":["GET"]}}],"collection":[{"href":"https:\/\/www.leti.lt\/wordpress\/wp-json\/wp\/v2\/posts"}],"about":[{"href":"https:\/\/www.leti.lt\/wordpress\/wp-json\/wp\/v2\/types\/post"}],"author":[{"embeddable":true,"href":"https:\/\/www.leti.lt\/wordpress\/wp-json\/wp\/v2\/users\/2"}],"replies":[{"embeddable":true,"href":"https:\/\/www.leti.lt\/wordpress\/wp-json\/wp\/v2\/comments?post=83"}],"version-history":[{"count":1,"href":"https:\/\/www.leti.lt\/wordpress\/wp-json\/wp\/v2\/posts\/83\/revisions"}],"predecessor-version":[{"id":663,"href":"https:\/\/www.leti.lt\/wordpress\/wp-json\/wp\/v2\/posts\/83\/revisions\/663"}],"wp:attachment":[{"href":"https:\/\/www.leti.lt\/wordpress\/wp-json\/wp\/v2\/media?parent=83"}],"wp:term":[{"taxonomy":"category","embeddable":true,"href":"https:\/\/www.leti.lt\/wordpress\/wp-json\/wp\/v2\/categories?post=83"},{"taxonomy":"post_tag","embeddable":true,"href":"https:\/\/www.leti.lt\/wordpress\/wp-json\/wp\/v2\/tags?post=83"}],"curies":[{"name":"wp","href":"https:\/\/api.w.org\/{rel}","templated":true}]}}