{"id":81,"date":"2020-02-16T15:30:31","date_gmt":"2020-02-16T14:30:31","guid":{"rendered":"https:\/\/www.leti.lt\/wordpress\/?p=81"},"modified":"2022-06-02T17:39:37","modified_gmt":"2022-06-02T15:39:37","slug":"danseforum-danseforumetacpaca","status":"publish","type":"post","link":"https:\/\/www.leti.lt\/wordpress\/danseforum-danseforumetacpaca\/","title":{"rendered":"AC-PACA&nbsp;: danse&nbsp;forum"},"content":{"rendered":"\n<p>Voi\u00adci le texte pro\u00adpo\u00ads\u00e9 \u00e0&nbsp;AC PACA pour son appel \u00e0&nbsp;\u00e9criture<\/p>\n\n\n\n<p><i>1. D\u00e9fi\u00adni\u00adtion de notre d\u00e9marche artis\u00adtique (de notre fonc\u00adtion\u00adne\u00adment consi\u00add\u00e9\u00adrant les aspects li\u00e9s \u00e0&nbsp;la pro\u00adduc\u00adtion, \u00e0&nbsp;la dif\u00adfu\u00adsion au sens large, aux publics)<\/i><br><br>La danse forum est une pra\u00adtique sociale orien\u00adt\u00e9e vers la recherche et l\u2019exp\u00e9rimentation artis\u00adtique \u00e0&nbsp;tra\u00advers la danse. Elle pro\u00adduit des \u00e9v\u00e9\u00adne\u00adments sin\u00adgu\u00adliers en inter\u00adac\u00adtion avec le public.<\/p>\n\n\n\n<p>Il s\u2019agit de \u00ab&nbsp;pro\u00adbl\u00e9\u00adma\u00adti\u00adser&nbsp;\u00bb (1) et mettre en forum des th\u00e8mes artis\u00adtiques, sociaux, poli\u00adtiques ou rela\u00adtion\u00adnels \u00e0&nbsp;tra\u00advers des allers-retours entre mou\u00adve\u00adment, impro\u00advi\u00adsa\u00adtion et parole. Ceci implique une \u00e9du\u00adca\u00adtion du regard et de l\u2019esprit cri\u00adtique de tous les acteurs.<br><br><i>Pro\u00adduc\u00adtion<\/i><br><br>La danse forum par\u00adti\u00adcipe \u00e0&nbsp;des \u00e9v\u00e9\u00adne\u00adments artis\u00adtiques et cultu\u00adrels et r\u00e9pond \u00e0&nbsp;des invi\u00adta\u00adtions diverses&nbsp;: pro\u00adces\u00adsus col\u00adlec\u00adtifs, ren\u00adcontres, groupes de recherche etc.<br><br>Elle se pr\u00e9\u00adsente sous forme&nbsp;:<br><br>- d\u2019ateliers per\u00adma\u00adnents o\u00f9 l\u2019on d\u00e9ve\u00adloppe la recherche en danse et la mise en forum.<br><br>- de pr\u00e9\u00adsen\u00adta\u00adtions publiques o\u00f9 les spec\u00adta\u00adteurs deviennent actifs. Le fait que les r\u00f4les puissent s\u2019\u00e9changer \u00e0&nbsp;tout ins\u00adtant entre dan\u00adseur et spec\u00adta\u00adteur per\u00admet au regard une qua\u00adli\u00adt\u00e9 d\u2019\u00e9coute empa\u00adthique. Les pro\u00adpo\u00adsi\u00adtions des spec\u00adta\u00adteurs peuvent \u00eatre essay\u00e9es sur le champ, mises en situa\u00adtion et en inter\u00adac\u00adtion par eux-m\u00eames avec les autres pro\u00adta\u00adgo\u00adnistes, puis r\u00e9\u00e9va\u00adlu\u00e9es par leurs auteurs lors du \u00ab&nbsp;retour&nbsp;\u00bb ver\u00adbal.<br><br>Son prin\u00adcipe est celui d\u2019une \u00e9co\u00adno\u00admie de moyens&nbsp;:<br><br>- salle muni\u00adci\u00adpale, dojo ou autres espaces adap\u00adt\u00e9s sont des lieux pos\u00adsibles pour les repr\u00e9\u00adsen\u00adta\u00adtions de danse forum.<br><br>- un sol qu\u2019on puisse inves\u00adtir par la danse, dans une salle a&nbsp;bonne tem\u00adp\u00e9\u00adra\u00adture ou en ext\u00e9\u00adrieur.<br><br>- d\u00e9cors et lumi\u00e8res sont facul\u00adta\u00adtifs.<br><br>- les ani\u00adma\u00adteurs de danse forum ont a&nbsp;mini\u00adma leurs frais rem\u00adbour\u00ads\u00e9s lorsqu\u2019ils doivent se d\u00e9pla\u00adcer pour une repr\u00e9\u00adsen\u00adta\u00adtion.<br><br><i>Dif\u00adfu\u00adsion<\/i><br><br>Bilans cri\u00adtiques, comptes-ren\u00addus r\u00e9gu\u00adliers, articles de fond et vid\u00e9os sont dif\u00adfu\u00ads\u00e9s pour mutua\u00adli\u00adser et p\u00e9ren\u00adni\u00adser nos recherches en les par\u00adta\u00adgeant sur notre wiki http:\/\/\u200bleti\u200b.lt<br><br><i>Public<\/i><br><br>Les ate\u00adliers comme les pr\u00e9\u00adsen\u00adta\u00adtions publiques sont ouverts \u00e0&nbsp;tous sans pr\u00e9-requis tech\u00adnique.<br><br>Notre d\u00e9no\u00admi\u00adna\u00adteur com\u00admun se base sur les sen\u00adsa\u00adtions, plu\u00adt\u00f4t que sur l\u2019esth\u00e9tisme ou la vir\u00adtuo\u00adsi\u00adt\u00e9. D\u00e8s que l\u2019attention se porte sur les sen\u00adsa\u00adtions, la non-com\u00adp\u00e9\u00adti\u00adtion entre dan\u00adseurs devient pos\u00adsible. En dan\u00adsant, le dan\u00adseur \u00ab&nbsp;se pr\u00e9\u00adsente&nbsp;\u00bb en dia\u00adlogue avec ses sen\u00adsa\u00adtions. Il est \u00e0&nbsp;la ren\u00adcontre de lui-m\u00eame et des autres, de son art et des autres arts, dans l\u2019\u00e9change imm\u00e9\u00addiat des exper\u00adtises, des savoirs, et des ques\u00adtions qui se posent \u00e0&nbsp;lui.<br><br>Dans la danse forum, d\u2019autres arts inter\u00adviennent au moment de mettre le th\u00e8me en forum, et ils se croisent avec la danse&nbsp;: po\u00e9\u00adsie, musique live, th\u00e9\u00e2tre, pein\u00adture, cal\u00adli\u00adgra\u00adphie, sculp\u00adture, \u00e9cri\u00adture\u2026 A&nbsp;cer\u00adtaines occa\u00adsions ce sont des pro\u00adfes\u00adsion\u00adnels dans ces domaines qui nous rejoignent ou que nous invi\u00adtons sp\u00e9\u00adcia\u00adle\u00adment.<br><br><i>2. Syn\u00adth\u00e8se de nos exp\u00e9\u00adriences col\u00adlec\u00adtives et coop\u00e9\u00adra\u00adtives (d\u00e9j\u00e0 v\u00e9cues dans notre tra\u00advail)<\/i><br><br>La danse forum est un outil exp\u00e9\u00adri\u00admen\u00adtal d\u2019auto-apprentissage coop\u00e9\u00adra\u00adtif.<br><br>Au d\u00e9part, une insa\u00adtis\u00adfac\u00adtion pour cer\u00adtains d\u2019entre nous de nos propres pra\u00adtiques, trop iso\u00adl\u00e9es, trop loin du public, trop nom\u00adbri\u00adlistes. Un d\u00e9sir pour cha\u00adcun, \u00ab&nbsp;dan\u00adseurs&nbsp;\u00bb ou non, de \u00ab&nbsp;d\u00e9con\u00adfis\u00adquer&nbsp;\u00bb la danse hors des lieux et moyens de pro\u00adduc\u00adtion habi\u00adtuels. <br><br>Se r\u00e9ap\u00adpro\u00adprier la danse, c\u2019est voir et d\u00e9faire les inhi\u00adbi\u00adtions, les jeux de pou\u00advoir, la tyran\u00adnie du beau, ques\u00adtion\u00adner le juge\u00adment et se d\u00e9for\u00adma\u00adter. L\u2019expertise est ain\u00adsi ren\u00addue \u00e0&nbsp;l\u2019humain et au v\u00e9cu dans toute leur com\u00adplexi\u00adt\u00e9. Sor\u00adtir du \u00ab&nbsp;faire de la danse&nbsp;\u00bb pour pou\u00advoir dan\u00adser. Rendre pos\u00adsible le fran\u00adchis\u00adse\u00adment des ter\u00adri\u00adtoires danseurs\/public.<br><br><b>D\u2019o\u00f9 par\u00adtir&nbsp;?<\/b> Pas de nos tech\u00adniques ni de nos savoirs, mais de ce que nous avons en com\u00admun de tan\u00adgible et qui peut \u00eatre par\u00adta\u00adg\u00e9&nbsp;: nos sen\u00adsa\u00adtions de l\u2019instant, la r\u00e9flexion et l\u2019imagination cr\u00e9a\u00adtrice (2).<br><br><b>Se poser la ques\u00adtion<\/b>&nbsp;: qu\u2019est-ce une sen\u00adsa\u00adtion&nbsp;? Une \u00e9mo\u00adtion&nbsp;? Un besoin&nbsp;? Un d\u00e9sir&nbsp;? Une n\u00e9ces\u00adsi\u00adt\u00e9&nbsp;? \u2026<br><br><b>Mettre en com\u00admun<\/b> nos com\u00adp\u00e9\u00adtences et repar\u00adtir plus riche.<br><br><b>\u00c9la\u00adbo\u00adrer ensemble<\/b> le voca\u00adbu\u00adlaire (bor\u00addure, danse de l\u2019immanence\u2026), mutua\u00adli\u00adser des concepts (l\u2019instant d\u00e9ci\u00adsif (3), le corps sans organes (4), le hasard\u2026), explo\u00adrer tous azi\u00admuts (les capa\u00adci\u00adt\u00e9s de l\u2019involontaire, le spon\u00adta\u00adn\u00e9\u2026). <br><br><b>Pr\u00e9\u00adf\u00e9\u00adrer les \u00ab&nbsp;mises en situa\u00adtion&nbsp;\u00bb aux exer\u00adcices<\/b>&nbsp;: com\u00adment se rendre sen\u00adsible \u00e0&nbsp;la per\u00adti\u00adnence d\u2019un geste et \u00e0&nbsp;sa n\u00e9ces\u00adsi\u00adt\u00e9, com\u00adment d\u00e9ve\u00adlop\u00adper l\u2019intensit\u00e9, l\u2019exigence int\u00e9\u00adrieure et exer\u00adcer son dis\u00adcer\u00adne\u00adment.<br><br><b>Situer plu\u00adt\u00f4t qu\u2019\u00e9loigner<\/b>&nbsp;: les pra\u00adtiques, les habi\u00adtudes, les savoirs, les styles de danse.<br><br><b>\u00c9chan\u00adger les r\u00f4les<\/b> (mettre la musique, fil\u00admer, veiller au bon d\u00e9rou\u00adle\u00adment de la danse forum). <br><br><b>\u00c9la\u00adguer les for\u00ad\u00e7ages<\/b>, les vel\u00adl\u00e9i\u00adt\u00e9s, favo\u00adri\u00adser l\u2019\u00e9conomie de moyens.<br><br><b>Se consul\u00adter en r\u00e9fl\u00e9\u00adchis\u00adsant ensemble<\/b> selon une approche de \u00ab&nbsp;micro\u00adpo\u00adli\u00adtiques des groupes \u00bb (5).<br><br>Ceci pour une concep\u00adtion coop\u00e9\u00adra\u00adtive des r\u00e8gles n\u00e9ces\u00adsaires et suf\u00adfi\u00adsantes de la danse forum et d\u2019un cadre qui sert de levier \u00e0&nbsp;la cr\u00e9a\u00adti\u00advi\u00adt\u00e9 et s\u2019\u00e9labore sans cesse.<br><br><i>3. Nos rela\u00adtions aux lieux d\u2019accueil, aux espaces de tra\u00advail, nos attentes<\/i><br><br>Ser\u00advant de lieu de r\u00e9p\u00e9\u00adti\u00adtion, le stu\u00addio For\u00adbin est mis \u00e0&nbsp;dis\u00adpo\u00adsi\u00adtion par la Mai\u00adrie d\u2019Aix-en-Provence \u00e0&nbsp;titre de sub\u00adven\u00adtions pour l\u2019association The Tilt.<br><br>Avec six ans d\u2019\u00e2ge la danse forum sort \u00e0&nbsp;peine de son stade de labo\u00adra\u00adtoire. Il va \u00eatre temps pour nous de d\u00e9ve\u00adlop\u00adper sa repr\u00e9\u00adsen\u00adta\u00adti\u00advi\u00adt\u00e9 pour la faire conna\u00eetre avec un rayon\u00adne\u00adment plus large et plus sys\u00adt\u00e9\u00adma\u00adtique. Nos attentes vont vers l\u2019\u00e9laboration avec nos par\u00adte\u00adnaires de moyens adap\u00adt\u00e9s \u00e0&nbsp;la danse forum, \u00e0&nbsp;son \u00e9thique comme \u00e0&nbsp;sa pra\u00adtique, par des \u00e9changes avec les lieux qui nous accueillent ou plu\u00adt\u00f4t les per\u00adsonnes qui les fr\u00e9\u00adquentent. <br><br><i>4. Ce que nous pen\u00adsons ou ima\u00adgi\u00adnons d\u2019une coop\u00e9\u00adra\u00adtion et d\u2019une mutua\u00adli\u00adsa\u00adtion<\/i><br><br>La coop\u00e9\u00adra\u00adtion s\u2019exerce entre nos ate\u00adliers (pour l\u2019instant&nbsp;: Aix-en-Pro\u00advence, Mar\u00adseille, For\u00adcal\u00adquier) gr\u00e2ce aux comptes-ren\u00addus r\u00e9gu\u00adliers de danses forums, des r\u00e9unions et ate\u00adliers com\u00admuns qui assurent une cer\u00adtaine coh\u00e9\u00adrence entre nos pra\u00adtiques.<br><br>Nous vou\u00addrions par\u00adta\u00adger avec d\u2019autres des espaces, des temps, des dyna\u00admiques, des com\u00adbats, mutua\u00adli\u00adser du mat\u00e9\u00adriel, des ser\u00advices, de la com\u00admu\u00adni\u00adca\u00adtion, orga\u00adni\u00adser des \u00e9v\u00e9\u00adne\u00adments en com\u00admun\u2026<br><br><i>Notes&nbsp;:<\/i><br><br>1) La pro\u00adbl\u00e9\u00adma\u00adti\u00adsa\u00adtion<br><br>- Freire, P. (2002). Edu\u00adca\u00adtion for Cri\u00adti\u00adcal Conscious\u00adness. New York&nbsp;: Conti\u00adnuum.<br><br>- Deleuze, G . ; Guat\u00adta\u00adri, F. (1980). Mille Pla\u00adteaux \u2013 Capi\u00adta\u00adlisme et schi\u00adzo\u00adphr\u00e9\u00adnie 2. Paris&nbsp;: \u00c9di\u00adtions de Minuit.<br><br>2) L\u2019imagination cr\u00e9a\u00adtrice<br><br>Vat\u00adsyayan Kapi\u00adla (1968). Clas\u00adsi\u00adcal Indian Dance en Lite\u00adra\u00adture and the Arts. New Del\u00adhi&nbsp;: San\u00adgeet Natak Aka\u00adde\u00admi.<br><br>3) L\u2019Instant d\u00e9ci\u00adsif<br><br>- Assou\u00adline, P. (2006). Car\u00adtier-Bres\u00adson. L\u2019\u0153il du si\u00e8cle. Paris&nbsp;: Gal\u00adli\u00admard.<br><br>4) Le Corps sans organes<br><br>- Artaud, A. (1985). Le th\u00e9\u00e2tre et son double. Paris&nbsp;: Flam\u00adma\u00adrion.<br><br>- Deleuze, G . ; Guat\u00adta\u00adri, F. (1980). L\u2019art de l\u2019exp\u00e9rimentation ou com\u00adment se faire un Corps sans Organes. In Mille Pla\u00adteaux, supra, 197.<br><br>5) Micro-poli\u00adtiques des groupes<br><br>Ver\u00adcau\u00adte\u00adren, D. ; M\u00fcl\u00adler, T. ; Crab\u00adb\u00e9, O. (2007). Micro\u00adpo\u00adli\u00adtiques des groupes, pour une \u00e9co\u00adlo\u00adgie des pra\u00adtiques col\u00adlec\u00adtives. For\u00adcal\u00adquier&nbsp;: HB \u00e9di\u00adtions. R\u00e9\u00e9di\u00adtion 2011&nbsp;: Les Prai\u00adries Ordinaires.<\/p>\n<p style=\"color:green; text-align:right !important;\">Article cr\u00e9\u00e9 le 16\/02\/2020 \u2013 modi\u00adfi\u00e9 le 2\/06\/2022<\/p>","protected":false},"excerpt":{"rendered":"<p>Texte pro\u00adpo\u00ads\u00e9 \u00e0&nbsp;AC PACA pour son appel \u00e0&nbsp;\u00e9criture<\/p>\n","protected":false},"author":2,"featured_media":0,"comment_status":"open","ping_status":"open","sticky":false,"template":"","format":"standard","meta":{"wp_typography_post_enhancements_disabled":false,"footnotes":""},"categories":[100,1],"tags":[217],"class_list":["post-81","post","type-post","status-publish","format-standard","hentry","category-autres_approches","category-danseforum","tag-danseforum"],"yoast_head":"<!-- This site is optimized with the Yoast SEO plugin v27.5 - https:\/\/yoast.com\/product\/yoast-seo-wordpress\/ -->\n<title>AC-PACA : danse forum - Le TILT<\/title>\n<meta name=\"description\" content=\"Texte propos\u00e9 \u00e0 AC PACA pour son appel \u00e0 \u00e9criture\" \/>\n<meta name=\"robots\" content=\"index, follow, max-snippet:-1, max-image-preview:large, max-video-preview:-1\" \/>\n<link rel=\"canonical\" href=\"https:\/\/www.leti.lt\/wordpress\/danseforum-danseforumetacpaca\/\" \/>\n<meta property=\"og:locale\" content=\"fr_FR\" \/>\n<meta property=\"og:type\" content=\"article\" \/>\n<meta property=\"og:title\" content=\"AC-PACA : danse forum - Le TILT\" \/>\n<meta property=\"og:description\" content=\"Texte propos\u00e9 \u00e0 AC PACA pour son appel \u00e0 \u00e9criture\" \/>\n<meta property=\"og:url\" content=\"https:\/\/www.leti.lt\/wordpress\/danseforum-danseforumetacpaca\/\" \/>\n<meta property=\"og:site_name\" content=\"Le TILT\" \/>\n<meta property=\"article:published_time\" content=\"2020-02-16T14:30:31+00:00\" \/>\n<meta property=\"article:modified_time\" content=\"2022-06-02T15:39:37+00:00\" \/>\n<meta name=\"author\" content=\"Andr\u00e9ine Bel\" \/>\n<meta name=\"twitter:card\" content=\"summary_large_image\" \/>\n<meta name=\"twitter:label1\" content=\"\u00c9crit par\" \/>\n\t<meta name=\"twitter:data1\" content=\"Andr\u00e9ine Bel\" \/>\n\t<meta name=\"twitter:label2\" content=\"Dur\u00e9e de lecture estim\u00e9e\" \/>\n\t<meta name=\"twitter:data2\" content=\"6 minutes\" \/>\n<script type=\"application\/ld+json\" class=\"yoast-schema-graph\">{\"@context\":\"https:\\\/\\\/schema.org\",\"@graph\":[{\"@type\":\"Article\",\"@id\":\"https:\\\/\\\/www.leti.lt\\\/wordpress\\\/danseforum-danseforumetacpaca\\\/#article\",\"isPartOf\":{\"@id\":\"https:\\\/\\\/www.leti.lt\\\/wordpress\\\/danseforum-danseforumetacpaca\\\/\"},\"author\":{\"name\":\"Andr\u00e9ine Bel\",\"@id\":\"https:\\\/\\\/www.leti.lt\\\/wordpress\\\/#\\\/schema\\\/person\\\/9bb307b2af8fbb575bb3603e57951f75\"},\"headline\":\"AC-PACA&nbsp;: danse&nbsp;forum\",\"datePublished\":\"2020-02-16T14:30:31+00:00\",\"dateModified\":\"2022-06-02T15:39:37+00:00\",\"mainEntityOfPage\":{\"@id\":\"https:\\\/\\\/www.leti.lt\\\/wordpress\\\/danseforum-danseforumetacpaca\\\/\"},\"wordCount\":1176,\"commentCount\":0,\"keywords\":[\"DanseForum\"],\"articleSection\":[\"Autres approches\",\"DanseForum\"],\"inLanguage\":\"fr-FR\",\"potentialAction\":[{\"@type\":\"CommentAction\",\"name\":\"Comment\",\"target\":[\"https:\\\/\\\/www.leti.lt\\\/wordpress\\\/danseforum-danseforumetacpaca\\\/#respond\"]}]},{\"@type\":\"WebPage\",\"@id\":\"https:\\\/\\\/www.leti.lt\\\/wordpress\\\/danseforum-danseforumetacpaca\\\/\",\"url\":\"https:\\\/\\\/www.leti.lt\\\/wordpress\\\/danseforum-danseforumetacpaca\\\/\",\"name\":\"AC-PACA : danse forum - Le TILT\",\"isPartOf\":{\"@id\":\"https:\\\/\\\/www.leti.lt\\\/wordpress\\\/#website\"},\"datePublished\":\"2020-02-16T14:30:31+00:00\",\"dateModified\":\"2022-06-02T15:39:37+00:00\",\"author\":{\"@id\":\"https:\\\/\\\/www.leti.lt\\\/wordpress\\\/#\\\/schema\\\/person\\\/9bb307b2af8fbb575bb3603e57951f75\"},\"description\":\"Texte propos\u00e9 \u00e0 AC PACA pour son appel \u00e0 \u00e9criture\",\"breadcrumb\":{\"@id\":\"https:\\\/\\\/www.leti.lt\\\/wordpress\\\/danseforum-danseforumetacpaca\\\/#breadcrumb\"},\"inLanguage\":\"fr-FR\",\"potentialAction\":[{\"@type\":\"ReadAction\",\"target\":[\"https:\\\/\\\/www.leti.lt\\\/wordpress\\\/danseforum-danseforumetacpaca\\\/\"]}]},{\"@type\":\"BreadcrumbList\",\"@id\":\"https:\\\/\\\/www.leti.lt\\\/wordpress\\\/danseforum-danseforumetacpaca\\\/#breadcrumb\",\"itemListElement\":[{\"@type\":\"ListItem\",\"position\":1,\"name\":\"Accueil\",\"item\":\"https:\\\/\\\/www.leti.lt\\\/wordpress\\\/\"},{\"@type\":\"ListItem\",\"position\":2,\"name\":\"AC-PACA : danse forum\"}]},{\"@type\":\"WebSite\",\"@id\":\"https:\\\/\\\/www.leti.lt\\\/wordpress\\\/#website\",\"url\":\"https:\\\/\\\/www.leti.lt\\\/wordpress\\\/\",\"name\":\"Le TILT\",\"description\":\"Recherche, publication, cr\u00e9ation artistique\",\"potentialAction\":[{\"@type\":\"SearchAction\",\"target\":{\"@type\":\"EntryPoint\",\"urlTemplate\":\"https:\\\/\\\/www.leti.lt\\\/wordpress\\\/?s={search_term_string}\"},\"query-input\":{\"@type\":\"PropertyValueSpecification\",\"valueRequired\":true,\"valueName\":\"search_term_string\"}}],\"inLanguage\":\"fr-FR\"},{\"@type\":\"Person\",\"@id\":\"https:\\\/\\\/www.leti.lt\\\/wordpress\\\/#\\\/schema\\\/person\\\/9bb307b2af8fbb575bb3603e57951f75\",\"name\":\"Andr\u00e9ine Bel\",\"image\":{\"@type\":\"ImageObject\",\"inLanguage\":\"fr-FR\",\"@id\":\"https:\\\/\\\/secure.gravatar.com\\\/avatar\\\/4ab041ec7c7ad3b90293023e86528ec1a700ce2971ff61811b2df6b288dd1f38?s=96&d=identicon&r=g\",\"url\":\"https:\\\/\\\/secure.gravatar.com\\\/avatar\\\/4ab041ec7c7ad3b90293023e86528ec1a700ce2971ff61811b2df6b288dd1f38?s=96&d=identicon&r=g\",\"contentUrl\":\"https:\\\/\\\/secure.gravatar.com\\\/avatar\\\/4ab041ec7c7ad3b90293023e86528ec1a700ce2971ff61811b2df6b288dd1f38?s=96&d=identicon&r=g\",\"caption\":\"Andr\u00e9ine Bel\"},\"url\":\"https:\\\/\\\/www.leti.lt\\\/wordpress\\\/author\\\/andreine\\\/\"}]}<\/script>\n<!-- \/ Yoast SEO plugin. -->","yoast_head_json":{"title":"AC-PACA : danse forum - Le TILT","description":"Texte propos\u00e9 \u00e0 AC PACA pour son appel \u00e0 \u00e9criture","robots":{"index":"index","follow":"follow","max-snippet":"max-snippet:-1","max-image-preview":"max-image-preview:large","max-video-preview":"max-video-preview:-1"},"canonical":"https:\/\/www.leti.lt\/wordpress\/danseforum-danseforumetacpaca\/","og_locale":"fr_FR","og_type":"article","og_title":"AC-PACA : danse forum - Le TILT","og_description":"Texte propos\u00e9 \u00e0 AC PACA pour son appel \u00e0 \u00e9criture","og_url":"https:\/\/www.leti.lt\/wordpress\/danseforum-danseforumetacpaca\/","og_site_name":"Le TILT","article_published_time":"2020-02-16T14:30:31+00:00","article_modified_time":"2022-06-02T15:39:37+00:00","author":"Andr\u00e9ine Bel","twitter_card":"summary_large_image","twitter_misc":{"\u00c9crit par":"Andr\u00e9ine Bel","Dur\u00e9e de lecture estim\u00e9e":"6 minutes"},"schema":{"@context":"https:\/\/schema.org","@graph":[{"@type":"Article","@id":"https:\/\/www.leti.lt\/wordpress\/danseforum-danseforumetacpaca\/#article","isPartOf":{"@id":"https:\/\/www.leti.lt\/wordpress\/danseforum-danseforumetacpaca\/"},"author":{"name":"Andr\u00e9ine Bel","@id":"https:\/\/www.leti.lt\/wordpress\/#\/schema\/person\/9bb307b2af8fbb575bb3603e57951f75"},"headline":"AC-PACA&nbsp;: danse&nbsp;forum","datePublished":"2020-02-16T14:30:31+00:00","dateModified":"2022-06-02T15:39:37+00:00","mainEntityOfPage":{"@id":"https:\/\/www.leti.lt\/wordpress\/danseforum-danseforumetacpaca\/"},"wordCount":1176,"commentCount":0,"keywords":["DanseForum"],"articleSection":["Autres approches","DanseForum"],"inLanguage":"fr-FR","potentialAction":[{"@type":"CommentAction","name":"Comment","target":["https:\/\/www.leti.lt\/wordpress\/danseforum-danseforumetacpaca\/#respond"]}]},{"@type":"WebPage","@id":"https:\/\/www.leti.lt\/wordpress\/danseforum-danseforumetacpaca\/","url":"https:\/\/www.leti.lt\/wordpress\/danseforum-danseforumetacpaca\/","name":"AC-PACA : danse forum - Le TILT","isPartOf":{"@id":"https:\/\/www.leti.lt\/wordpress\/#website"},"datePublished":"2020-02-16T14:30:31+00:00","dateModified":"2022-06-02T15:39:37+00:00","author":{"@id":"https:\/\/www.leti.lt\/wordpress\/#\/schema\/person\/9bb307b2af8fbb575bb3603e57951f75"},"description":"Texte propos\u00e9 \u00e0 AC PACA pour son appel \u00e0 \u00e9criture","breadcrumb":{"@id":"https:\/\/www.leti.lt\/wordpress\/danseforum-danseforumetacpaca\/#breadcrumb"},"inLanguage":"fr-FR","potentialAction":[{"@type":"ReadAction","target":["https:\/\/www.leti.lt\/wordpress\/danseforum-danseforumetacpaca\/"]}]},{"@type":"BreadcrumbList","@id":"https:\/\/www.leti.lt\/wordpress\/danseforum-danseforumetacpaca\/#breadcrumb","itemListElement":[{"@type":"ListItem","position":1,"name":"Accueil","item":"https:\/\/www.leti.lt\/wordpress\/"},{"@type":"ListItem","position":2,"name":"AC-PACA : danse forum"}]},{"@type":"WebSite","@id":"https:\/\/www.leti.lt\/wordpress\/#website","url":"https:\/\/www.leti.lt\/wordpress\/","name":"Le TILT","description":"Recherche, publication, cr\u00e9ation artistique","potentialAction":[{"@type":"SearchAction","target":{"@type":"EntryPoint","urlTemplate":"https:\/\/www.leti.lt\/wordpress\/?s={search_term_string}"},"query-input":{"@type":"PropertyValueSpecification","valueRequired":true,"valueName":"search_term_string"}}],"inLanguage":"fr-FR"},{"@type":"Person","@id":"https:\/\/www.leti.lt\/wordpress\/#\/schema\/person\/9bb307b2af8fbb575bb3603e57951f75","name":"Andr\u00e9ine Bel","image":{"@type":"ImageObject","inLanguage":"fr-FR","@id":"https:\/\/secure.gravatar.com\/avatar\/4ab041ec7c7ad3b90293023e86528ec1a700ce2971ff61811b2df6b288dd1f38?s=96&d=identicon&r=g","url":"https:\/\/secure.gravatar.com\/avatar\/4ab041ec7c7ad3b90293023e86528ec1a700ce2971ff61811b2df6b288dd1f38?s=96&d=identicon&r=g","contentUrl":"https:\/\/secure.gravatar.com\/avatar\/4ab041ec7c7ad3b90293023e86528ec1a700ce2971ff61811b2df6b288dd1f38?s=96&d=identicon&r=g","caption":"Andr\u00e9ine Bel"},"url":"https:\/\/www.leti.lt\/wordpress\/author\/andreine\/"}]}},"_links":{"self":[{"href":"https:\/\/www.leti.lt\/wordpress\/wp-json\/wp\/v2\/posts\/81","targetHints":{"allow":["GET"]}}],"collection":[{"href":"https:\/\/www.leti.lt\/wordpress\/wp-json\/wp\/v2\/posts"}],"about":[{"href":"https:\/\/www.leti.lt\/wordpress\/wp-json\/wp\/v2\/types\/post"}],"author":[{"embeddable":true,"href":"https:\/\/www.leti.lt\/wordpress\/wp-json\/wp\/v2\/users\/2"}],"replies":[{"embeddable":true,"href":"https:\/\/www.leti.lt\/wordpress\/wp-json\/wp\/v2\/comments?post=81"}],"version-history":[{"count":9,"href":"https:\/\/www.leti.lt\/wordpress\/wp-json\/wp\/v2\/posts\/81\/revisions"}],"predecessor-version":[{"id":892,"href":"https:\/\/www.leti.lt\/wordpress\/wp-json\/wp\/v2\/posts\/81\/revisions\/892"}],"wp:attachment":[{"href":"https:\/\/www.leti.lt\/wordpress\/wp-json\/wp\/v2\/media?parent=81"}],"wp:term":[{"taxonomy":"category","embeddable":true,"href":"https:\/\/www.leti.lt\/wordpress\/wp-json\/wp\/v2\/categories?post=81"},{"taxonomy":"post_tag","embeddable":true,"href":"https:\/\/www.leti.lt\/wordpress\/wp-json\/wp\/v2\/tags?post=81"}],"curies":[{"name":"wp","href":"https:\/\/api.w.org\/{rel}","templated":true}]}}