{"id":78,"date":"2020-02-16T15:30:31","date_gmt":"2020-02-16T14:30:31","guid":{"rendered":"https:\/\/www.leti.lt\/wordpress\/?p=78"},"modified":"-0001-11-30T00:00:00","modified_gmt":"-0001-11-29T22:00:00","slug":"danseforum-corps","status":"publish","type":"post","link":"https:\/\/www.leti.lt\/wordpress\/danseforum-corps\/","title":{"rendered":"Danse forum \u2013 le&nbsp;corps"},"content":{"rendered":"<p><a href=\"https:\/\/www.leti.lt\/wordpress\/danseforum-danseforum\/\">Danse forum<\/a><br>\u2192 <a href=\"https:\/\/www.leti.lt\/wordpress\/danseforum-surlefildeladanseforum\/\">L\u2019\u00e9criture de la danse forum<\/a><br><br>!!Corps \u2013 10 ao\u00fbt 2007<br><br>\u2014-<br><br>\u2019\u2019\u2019Nadine Gar\u00add\u00e8res&nbsp;:\u2019\u2019\u2019<br><br>Ce que je connais de la danse contem\u00adpo\u00adraine me donne l\u2019impression qu\u2019elle explore un champs tr\u00e8s r\u00e9duit de l\u2019exp\u00e9rience humaine, l\u00e0 o\u00f9 sa fonc\u00adtion, son essence m\u00eame serait au contraire d\u2019explorer au-del\u00e0 du com\u00admun.<br><br>Ce qui me fait dire \u00e7a, ce sont les corps des dan\u00adseuses.<br><br>Une femme tout au long de sa vie doit se col\u00adti\u00adner avec des normes sociales tr\u00e8s strictes, qu\u2019elle porte en corps&nbsp;: \u00eatre mince, \u00eatre jeune ou en avoir l\u2019air, \u00eatre lisse et douce\u2026<br><br>La danse telle que je la com\u00adprends devrait \u00eatre LE lieu par excel\u00adlence o\u00f9 ces normes sont bous\u00adcu\u00adl\u00e9es, inter\u00adro\u00adg\u00e9es, mises \u00e0&nbsp;mal.<br><br>Or, j\u2019ai bien l\u2019impression qu\u2019au contraire une femme dan\u00adseuse est encore plus ali\u00e9\u00adn\u00e9e \u00e0&nbsp;ces normes que les autres femmes&nbsp;; elle doit \u00eatre encore plus mince, encore plus jeune et encore plus lisse que la moyenne.<br><br>M\u00eame celles qui explorent la danse dans le sens de la remise en cause de ces normes-l\u00e0 ont un corps \u00ab&nbsp;encore plus que comme il faut&nbsp;\u00bb.<br><br>La danse serait le lieu d\u2019exposition de l\u2019id\u00e9al social des corps \u2026 on va voir la danse non pas pour sor\u00adtir de nos car\u00adcans sociaux, mais pour se confor\u00adter de la r\u00e9us\u00adsite des autres, la vivre par pro\u00adcu\u00adra\u00adtion\u2026 un peu comme on se d\u00e9lecte de la vie des stars&nbsp;!<br><br>Pour tra\u00advailler \u00e0&nbsp;contre\u00adsens de cela, il ne suf\u00adfit pas de dan\u00adser ce contre\u00adsens, mais il faut mon\u00adtrer en danse des corps qui sont \u00e0&nbsp;contre\u00adsens&nbsp;: des corps gros, des corps poi\u00adlus, des corps mal\u00adadroits, des corps vieux\u2026 Nos corps, en somme&nbsp;!<br><br>Sor\u00adtir aus\u00adsi de la \u00ab&nbsp;danse spor\u00adtive&nbsp;\u00bb, o\u00f9 pour dan\u00adser il faut de toutes fa\u00e7ons et avant tout \u00eatre souple et mus\u00adcl\u00e9e, le corps d\u00e9j\u00e0 bien tra\u00advaill\u00e9 \u00ab&nbsp;dans le sens du poil&nbsp;\u00bb.<br><br><br><br>\u2019\u2019\u2019Ber\u00adnard Bel&nbsp;:\u2019\u2019\u2019<br><br><b>L\u2019homme est malade parce qu\u2019il est mal construit.<\/b><br><br>[\u2026]<br><br><b>Lorsque vous lui aurez fait un corps sans organes<\/b><br><br><b>alors vous l\u2019aurez d\u00e9li\u00advr\u00e9 de tous ses auto\u00adma\u00adtismes<\/b><br><br><b>et ren\u00addu \u00e0&nbsp;sa v\u00e9ri\u00adtable liber\u00adt\u00e9.<\/b><br><br><b>Alors vous lui r\u00e9ap\u00adpren\u00addrez \u00e0&nbsp;dan\u00adser \u00e0&nbsp;l\u2019envers<\/b><br><br><b>comme dans le d\u00e9lire des bals musette<\/b><br><br><b>et cet envers sera son v\u00e9ri\u00adtable endroit.<\/b><br><br>(Anto\u00adnin Artaud. \u00ab&nbsp;Pour en finir avec le juge\u00adment de Dieu&nbsp;\u00bb)<br><br>La ques\u00adtion qui se pose \u00e0&nbsp;par\u00adtir de cette r\u00e9flexion est&nbsp;: dans quelle mesure la danse forum, qui se veut \u00ab&nbsp;dans l\u2019instant&nbsp;\u00bb, peut-elle s\u2019affranchir des st\u00e9\u00adr\u00e9o\u00adtypes cultu\u00adrels&nbsp;? Est-ce qu\u2019elle fera mieux que certain(e)s cho\u00adr\u00e9\u00adgraphes contemporain(e)s qui ont d\u00e9li\u00adb\u00e9\u00adr\u00e9\u00adment trans\u00adgres\u00ads\u00e9 les normes de s\u00e9lec\u00adtion des inter\u00adpr\u00e8tes et les conven\u00adtions de l\u2019exposition des corps humains (nudi\u00adt\u00e9 etc.) ? Parce que, on a&nbsp;beau \u00eatre dans l\u2019instant, notre rap\u00adport au corps humain montr\u00e9\/regard\u00e9 reste condi\u00adtion\u00adn\u00e9 par l\u2019histoire col\u00adlec\u00adtive et indi\u00advi\u00adduelle.<br><br>L\u00e0 o\u00f9 tu dis \u00ab&nbsp;vivre par pro\u00adcu\u00adra\u00adtion&nbsp;\u00bb (dans le corps d\u2019un autre, danseur\/sportif\/acteur\u2026) d\u2019autres ont th\u00e9o\u00adri\u00ads\u00e9 \u00ab&nbsp;subli\u00adma\u00adtion du d\u00e9sir&nbsp;\u00bb. Avec tout ce que \u00e7a v\u00e9hi\u00adcule d\u2019hypocrisie sociale. Deux exemples&nbsp;: la bal\u00adle\u00adrine occi\u00adden\u00adtale, image de femme impub\u00e8re\/asexu\u00e9e, ni maman ni putain, mais dont l\u2019histoire nous apprend que tr\u00e8s sou\u00advent elle est entre\u00adte\u00adnue par un \u00ab&nbsp;pro\u00adtec\u00adteur&nbsp;\u00bb (vieux\/poilu\/maladroit) qui l\u2019exploite sexuel\u00adle\u00adment. Le spec\u00adta\u00adteur (m\u00e2le ou femelle) fait comme si cela n\u2019existait pas&nbsp;: la \u00ab&nbsp;subli\u00adma\u00adtion&nbsp;\u00bb, pour cer\u00adtains, fait par\u00adtie du fan\u00adtasme \u2013 le mini\u00adma\u00adlisme comme ultime raf\u00adfi\u00adne\u00adment du d\u00e9sir. Deuxi\u00e8me exemple&nbsp;: dans le th\u00e9\u00e2tre reli\u00adgieux (chant\u00e9\/dans\u00e9) de la soci\u00e9\u00adt\u00e9 puri\u00adtaine indienne (katha\u00adka\u00adli dans le sud, rasa\u00adli\u00adla dans le nord) tous les r\u00f4les f\u00e9mi\u00adnins sont tenus par des gar\u00ad\u00e7ons impu\u00adb\u00e8res, sachant qu\u2019il serait \u00ab&nbsp;ind\u00e9\u00adcent&nbsp;\u00bb de mon\u00adtrer des femmes sur sc\u00e8ne. Or ces enfants sont sou\u00advent vic\u00adtimes d\u2019abus sexuels de ceux qui ont auto\u00adri\u00adt\u00e9 sur eux. J\u2019ai cit\u00e9 ces deux exemples pour dire que ce n\u2019est pas \u00ab&nbsp;le corps de la femme&nbsp;\u00bb qui pose pro\u00adbl\u00e8me, mais le d\u00e9sir sexuel mas\u00adcu\u00adlin dans les soci\u00e9\u00adt\u00e9s dont une majeure par\u00adtie de l\u2019activit\u00e9 est orien\u00adt\u00e9e vers sa satis\u00adfac\u00adtion par tous les moyens ima\u00adgi\u00adnables. Mais comme l\u2019objet de satis\u00adfac\u00adtion est majo\u00adri\u00adtai\u00adre\u00adment le corps de la femme, son exploitation\/ali\u00e9nation est plus fr\u00e9\u00adquente (ou plus visible).<br><br>Le mot \u00ab&nbsp;ali\u00e9\u00adna\u00adtion&nbsp;\u00bb me para\u00eet riche de sens. Dans l\u2019Europe du 18<sup class=\"ordinal\">e<\/sup>-19<sup class=\"ordinal\">e<\/sup> si\u00e8cle, ce sont sur\u00adtout des femmes opu\u00adlentes qui foca\u00adlisent le d\u00e9sir mas\u00adcu\u00adlin. (A mon avis on assiste \u00e0&nbsp;un retour vers ce fan\u00adtasme avec les bim\u00adbos sili\u00adco\u00adn\u00e9es\u2026). Donc en met\u00adtant en sc\u00e8ne des femmes minces et sans \u00ab&nbsp;formes&nbsp;\u00bb on fait sem\u00adblant de les asexuer, de les rendre \u00e9tran\u00adg\u00e8res (ali\u00e9\u00adn\u00e9es) \u00e0&nbsp;leur f\u00e9mi\u00adni\u00adt\u00e9 dans ce qu\u2019elle a&nbsp;de d\u00e9rangeant\/attirant. Je pense aus\u00adsi (mais je ne sais pas si \u00e7a a&nbsp;\u00e9t\u00e9 abor\u00add\u00e9 par des his\u00adto\u00adrien-nes) que pour les hommes \u00ab&nbsp;culti\u00adv\u00e9s&nbsp;\u00bb de cette \u00e9poque, il y&nbsp;a un refou\u00adle\u00adment du d\u00e9sir inces\u00adtueux dans la soi-disant \u00ab&nbsp;subli\u00adma\u00adtion&nbsp;\u00bb du corps de ces jeunes filles \u2013 et une satis\u00adfac\u00adtion par pro\u00adcu\u00adra\u00adtion de ce d\u00e9sir pour ceux qui font par\u00adtie de l\u2019arri\u00e8re-sc\u00e8ne.<br><br>Notre vision aujourd\u2019hui est dif\u00adf\u00e9\u00adrente puisque ces corps minces sont deve\u00adnus embl\u00e9\u00adma\u00adtiques d\u2019objets sexuels \u00ab&nbsp;hors d\u2019atteinte&nbsp;\u00bb uti\u00adli\u00ads\u00e9s comme app\u00e2ts publi\u00adci\u00adtaires ou dans cer\u00adtaines formes d\u2019expression \u00e9ro\u00adtique (pho\u00adto, lit\u00adt\u00e9\u00adra\u00adture). Il reste \u00e0&nbsp;\u00e9lu\u00adci\u00adder pour quelles rai\u00adsons historiques\/culturelles\/esth\u00e9tiques les m\u00eames normes sont uti\u00adli\u00ads\u00e9es pour le recru\u00adte\u00adment des inter\u00adpr\u00e8tes en danse. Quelle image des spec\u00adta\u00adteurs ont ceux\/celles qui per\u00adp\u00e9\u00adtuent ce mode de recru\u00adte\u00adment&nbsp;?<br><br>Si la ques\u00adtion nous ren\u00advoie aux spec\u00adta\u00adteurs, n\u2019est-elle pas au centre de la pro\u00adbl\u00e9\u00adma\u00adtique de la danse&nbsp;forum&nbsp;?<\/p><p style=\"color:green; text-align:right !important;\">Article cr\u00e9\u00e9 le 16\/02\/2020<\/p>","protected":false},"excerpt":{"rendered":"<p>Danse forum\u2192 L\u2019\u00e9criture de la danse&nbsp;forum !!Corps \u2013 10 ao\u00fbt&nbsp;2007 \u2014- \u2019\u2019\u2019Nadine Gar\u00add\u00e8res&nbsp;:\u2019\u2019\u2019 Ce que je connais de la danse contem\u00adpo\u00adraine me donne l\u2019impression qu\u2019elle explore un champs tr\u00e8s r\u00e9duit de l\u2019exp\u00e9rience humaine, l\u00e0 o\u00f9 sa fonc\u00adtion, son essence m\u00eame serait au contraire d\u2019explorer au-del\u00e0 du com\u00admun. Ce qui me fait dire \u00e7a, ce sont les corps des dan\u00adseuses. Une femme tout au long de sa vie doit se col\u00adti\u00adner avec des normes sociales tr\u00e8s strictes, qu\u2019elle porte en&nbsp;corps&nbsp;:&nbsp;[\u2026]<\/p>\n","protected":false},"author":2,"featured_media":0,"comment_status":"open","ping_status":"open","sticky":false,"template":"","format":"standard","meta":{"wp_typography_post_enhancements_disabled":false,"footnotes":""},"categories":[18],"tags":[189],"class_list":["post-78","post","type-post","status-publish","format-standard","hentry","category-sur_le_fil","tag-df_surlefildeladf"],"yoast_head":"<!-- This site is optimized with the Yoast SEO plugin v27.5 - https:\/\/yoast.com\/product\/yoast-seo-wordpress\/ -->\n<title>Danse forum - le corps - Le TILT<\/title>\n<meta name=\"robots\" content=\"index, follow, max-snippet:-1, max-image-preview:large, max-video-preview:-1\" \/>\n<link rel=\"canonical\" href=\"https:\/\/www.leti.lt\/wordpress\/danseforum-corps\/\" \/>\n<meta property=\"og:locale\" content=\"fr_FR\" \/>\n<meta property=\"og:type\" content=\"article\" \/>\n<meta property=\"og:title\" content=\"Danse forum - le corps - Le TILT\" \/>\n<meta property=\"og:description\" content=\"Danse forum\u2192 L\u2019\u00e9criture de la danse&nbsp;forum !!Corps \u2013 10 ao\u00fbt&nbsp;2007 \u2014- \u2019\u2019\u2019Nadine Gar\u00add\u00e8res&nbsp;:\u2019\u2019\u2019 Ce que je connais de la danse contem\u00adpo\u00adraine me donne l\u2019impression qu\u2019elle explore un champs tr\u00e8s r\u00e9duit de l\u2019exp\u00e9rience humaine, l\u00e0 o\u00f9 sa fonc\u00adtion, son essence m\u00eame serait au contraire d\u2019explorer au-del\u00e0 du commun. Ce qui me fait dire \u00e7a, ce sont les corps des danseuses. Une femme tout au long de sa vie doit se col\u00adti\u00adner avec des normes sociales tr\u00e8s strictes, qu\u2019elle porte en corps&nbsp;: [&hellip;]\" \/>\n<meta property=\"og:url\" content=\"https:\/\/www.leti.lt\/wordpress\/danseforum-corps\/\" \/>\n<meta property=\"og:site_name\" content=\"Le TILT\" \/>\n<meta property=\"article:published_time\" content=\"2020-02-16T14:30:31+00:00\" \/>\n<meta name=\"author\" content=\"Andr\u00e9ine Bel\" \/>\n<meta name=\"twitter:card\" content=\"summary_large_image\" \/>\n<meta name=\"twitter:label1\" content=\"\u00c9crit par\" \/>\n\t<meta name=\"twitter:data1\" content=\"Andr\u00e9ine Bel\" \/>\n\t<meta name=\"twitter:label2\" content=\"Dur\u00e9e de lecture estim\u00e9e\" \/>\n\t<meta name=\"twitter:data2\" content=\"5 minutes\" \/>\n<script type=\"application\/ld+json\" class=\"yoast-schema-graph\">{\"@context\":\"https:\\\/\\\/schema.org\",\"@graph\":[{\"@type\":\"Article\",\"@id\":\"https:\\\/\\\/www.leti.lt\\\/wordpress\\\/danseforum-corps\\\/#article\",\"isPartOf\":{\"@id\":\"https:\\\/\\\/www.leti.lt\\\/wordpress\\\/danseforum-corps\\\/\"},\"author\":{\"name\":\"Andr\u00e9ine Bel\",\"@id\":\"https:\\\/\\\/www.leti.lt\\\/wordpress\\\/#\\\/schema\\\/person\\\/9bb307b2af8fbb575bb3603e57951f75\"},\"headline\":\"Danse forum \u2013 le&nbsp;corps\",\"datePublished\":\"2020-02-16T14:30:31+00:00\",\"mainEntityOfPage\":{\"@id\":\"https:\\\/\\\/www.leti.lt\\\/wordpress\\\/danseforum-corps\\\/\"},\"wordCount\":983,\"commentCount\":0,\"keywords\":[\"DF_SurLeFilDeLaDF\"],\"articleSection\":[\"Sur le fil de la DF\"],\"inLanguage\":\"fr-FR\",\"potentialAction\":[{\"@type\":\"CommentAction\",\"name\":\"Comment\",\"target\":[\"https:\\\/\\\/www.leti.lt\\\/wordpress\\\/danseforum-corps\\\/#respond\"]}]},{\"@type\":\"WebPage\",\"@id\":\"https:\\\/\\\/www.leti.lt\\\/wordpress\\\/danseforum-corps\\\/\",\"url\":\"https:\\\/\\\/www.leti.lt\\\/wordpress\\\/danseforum-corps\\\/\",\"name\":\"Danse forum - le corps - Le TILT\",\"isPartOf\":{\"@id\":\"https:\\\/\\\/www.leti.lt\\\/wordpress\\\/#website\"},\"datePublished\":\"2020-02-16T14:30:31+00:00\",\"author\":{\"@id\":\"https:\\\/\\\/www.leti.lt\\\/wordpress\\\/#\\\/schema\\\/person\\\/9bb307b2af8fbb575bb3603e57951f75\"},\"breadcrumb\":{\"@id\":\"https:\\\/\\\/www.leti.lt\\\/wordpress\\\/danseforum-corps\\\/#breadcrumb\"},\"inLanguage\":\"fr-FR\",\"potentialAction\":[{\"@type\":\"ReadAction\",\"target\":[\"https:\\\/\\\/www.leti.lt\\\/wordpress\\\/danseforum-corps\\\/\"]}]},{\"@type\":\"BreadcrumbList\",\"@id\":\"https:\\\/\\\/www.leti.lt\\\/wordpress\\\/danseforum-corps\\\/#breadcrumb\",\"itemListElement\":[{\"@type\":\"ListItem\",\"position\":1,\"name\":\"Accueil\",\"item\":\"https:\\\/\\\/www.leti.lt\\\/wordpress\\\/\"},{\"@type\":\"ListItem\",\"position\":2,\"name\":\"Danse forum \u2013 le&nbsp;corps\"}]},{\"@type\":\"WebSite\",\"@id\":\"https:\\\/\\\/www.leti.lt\\\/wordpress\\\/#website\",\"url\":\"https:\\\/\\\/www.leti.lt\\\/wordpress\\\/\",\"name\":\"Le TILT\",\"description\":\"Recherche, publication, cr\u00e9ation artistique\",\"potentialAction\":[{\"@type\":\"SearchAction\",\"target\":{\"@type\":\"EntryPoint\",\"urlTemplate\":\"https:\\\/\\\/www.leti.lt\\\/wordpress\\\/?s={search_term_string}\"},\"query-input\":{\"@type\":\"PropertyValueSpecification\",\"valueRequired\":true,\"valueName\":\"search_term_string\"}}],\"inLanguage\":\"fr-FR\"},{\"@type\":\"Person\",\"@id\":\"https:\\\/\\\/www.leti.lt\\\/wordpress\\\/#\\\/schema\\\/person\\\/9bb307b2af8fbb575bb3603e57951f75\",\"name\":\"Andr\u00e9ine Bel\",\"image\":{\"@type\":\"ImageObject\",\"inLanguage\":\"fr-FR\",\"@id\":\"https:\\\/\\\/secure.gravatar.com\\\/avatar\\\/4ab041ec7c7ad3b90293023e86528ec1a700ce2971ff61811b2df6b288dd1f38?s=96&d=identicon&r=g\",\"url\":\"https:\\\/\\\/secure.gravatar.com\\\/avatar\\\/4ab041ec7c7ad3b90293023e86528ec1a700ce2971ff61811b2df6b288dd1f38?s=96&d=identicon&r=g\",\"contentUrl\":\"https:\\\/\\\/secure.gravatar.com\\\/avatar\\\/4ab041ec7c7ad3b90293023e86528ec1a700ce2971ff61811b2df6b288dd1f38?s=96&d=identicon&r=g\",\"caption\":\"Andr\u00e9ine Bel\"},\"url\":\"https:\\\/\\\/www.leti.lt\\\/wordpress\\\/author\\\/andreine\\\/\"}]}<\/script>\n<!-- \/ Yoast SEO plugin. -->","yoast_head_json":{"title":"Danse forum - le corps - Le TILT","robots":{"index":"index","follow":"follow","max-snippet":"max-snippet:-1","max-image-preview":"max-image-preview:large","max-video-preview":"max-video-preview:-1"},"canonical":"https:\/\/www.leti.lt\/wordpress\/danseforum-corps\/","og_locale":"fr_FR","og_type":"article","og_title":"Danse forum - le corps - Le TILT","og_description":"Danse forum\u2192 L\u2019\u00e9criture de la danse&nbsp;forum !!Corps \u2013 10 ao\u00fbt&nbsp;2007 \u2014- \u2019\u2019\u2019Nadine Gar\u00add\u00e8res&nbsp;:\u2019\u2019\u2019 Ce que je connais de la danse contem\u00adpo\u00adraine me donne l\u2019impression qu\u2019elle explore un champs tr\u00e8s r\u00e9duit de l\u2019exp\u00e9rience humaine, l\u00e0 o\u00f9 sa fonc\u00adtion, son essence m\u00eame serait au contraire d\u2019explorer au-del\u00e0 du commun. Ce qui me fait dire \u00e7a, ce sont les corps des danseuses. Une femme tout au long de sa vie doit se col\u00adti\u00adner avec des normes sociales tr\u00e8s strictes, qu\u2019elle porte en corps&nbsp;: [&hellip;]","og_url":"https:\/\/www.leti.lt\/wordpress\/danseforum-corps\/","og_site_name":"Le TILT","article_published_time":"2020-02-16T14:30:31+00:00","author":"Andr\u00e9ine Bel","twitter_card":"summary_large_image","twitter_misc":{"\u00c9crit par":"Andr\u00e9ine Bel","Dur\u00e9e de lecture estim\u00e9e":"5 minutes"},"schema":{"@context":"https:\/\/schema.org","@graph":[{"@type":"Article","@id":"https:\/\/www.leti.lt\/wordpress\/danseforum-corps\/#article","isPartOf":{"@id":"https:\/\/www.leti.lt\/wordpress\/danseforum-corps\/"},"author":{"name":"Andr\u00e9ine Bel","@id":"https:\/\/www.leti.lt\/wordpress\/#\/schema\/person\/9bb307b2af8fbb575bb3603e57951f75"},"headline":"Danse forum \u2013 le&nbsp;corps","datePublished":"2020-02-16T14:30:31+00:00","mainEntityOfPage":{"@id":"https:\/\/www.leti.lt\/wordpress\/danseforum-corps\/"},"wordCount":983,"commentCount":0,"keywords":["DF_SurLeFilDeLaDF"],"articleSection":["Sur le fil de la DF"],"inLanguage":"fr-FR","potentialAction":[{"@type":"CommentAction","name":"Comment","target":["https:\/\/www.leti.lt\/wordpress\/danseforum-corps\/#respond"]}]},{"@type":"WebPage","@id":"https:\/\/www.leti.lt\/wordpress\/danseforum-corps\/","url":"https:\/\/www.leti.lt\/wordpress\/danseforum-corps\/","name":"Danse forum - le corps - Le TILT","isPartOf":{"@id":"https:\/\/www.leti.lt\/wordpress\/#website"},"datePublished":"2020-02-16T14:30:31+00:00","author":{"@id":"https:\/\/www.leti.lt\/wordpress\/#\/schema\/person\/9bb307b2af8fbb575bb3603e57951f75"},"breadcrumb":{"@id":"https:\/\/www.leti.lt\/wordpress\/danseforum-corps\/#breadcrumb"},"inLanguage":"fr-FR","potentialAction":[{"@type":"ReadAction","target":["https:\/\/www.leti.lt\/wordpress\/danseforum-corps\/"]}]},{"@type":"BreadcrumbList","@id":"https:\/\/www.leti.lt\/wordpress\/danseforum-corps\/#breadcrumb","itemListElement":[{"@type":"ListItem","position":1,"name":"Accueil","item":"https:\/\/www.leti.lt\/wordpress\/"},{"@type":"ListItem","position":2,"name":"Danse forum \u2013 le&nbsp;corps"}]},{"@type":"WebSite","@id":"https:\/\/www.leti.lt\/wordpress\/#website","url":"https:\/\/www.leti.lt\/wordpress\/","name":"Le TILT","description":"Recherche, publication, cr\u00e9ation artistique","potentialAction":[{"@type":"SearchAction","target":{"@type":"EntryPoint","urlTemplate":"https:\/\/www.leti.lt\/wordpress\/?s={search_term_string}"},"query-input":{"@type":"PropertyValueSpecification","valueRequired":true,"valueName":"search_term_string"}}],"inLanguage":"fr-FR"},{"@type":"Person","@id":"https:\/\/www.leti.lt\/wordpress\/#\/schema\/person\/9bb307b2af8fbb575bb3603e57951f75","name":"Andr\u00e9ine Bel","image":{"@type":"ImageObject","inLanguage":"fr-FR","@id":"https:\/\/secure.gravatar.com\/avatar\/4ab041ec7c7ad3b90293023e86528ec1a700ce2971ff61811b2df6b288dd1f38?s=96&d=identicon&r=g","url":"https:\/\/secure.gravatar.com\/avatar\/4ab041ec7c7ad3b90293023e86528ec1a700ce2971ff61811b2df6b288dd1f38?s=96&d=identicon&r=g","contentUrl":"https:\/\/secure.gravatar.com\/avatar\/4ab041ec7c7ad3b90293023e86528ec1a700ce2971ff61811b2df6b288dd1f38?s=96&d=identicon&r=g","caption":"Andr\u00e9ine Bel"},"url":"https:\/\/www.leti.lt\/wordpress\/author\/andreine\/"}]}},"_links":{"self":[{"href":"https:\/\/www.leti.lt\/wordpress\/wp-json\/wp\/v2\/posts\/78","targetHints":{"allow":["GET"]}}],"collection":[{"href":"https:\/\/www.leti.lt\/wordpress\/wp-json\/wp\/v2\/posts"}],"about":[{"href":"https:\/\/www.leti.lt\/wordpress\/wp-json\/wp\/v2\/types\/post"}],"author":[{"embeddable":true,"href":"https:\/\/www.leti.lt\/wordpress\/wp-json\/wp\/v2\/users\/2"}],"replies":[{"embeddable":true,"href":"https:\/\/www.leti.lt\/wordpress\/wp-json\/wp\/v2\/comments?post=78"}],"version-history":[{"count":0,"href":"https:\/\/www.leti.lt\/wordpress\/wp-json\/wp\/v2\/posts\/78\/revisions"}],"wp:attachment":[{"href":"https:\/\/www.leti.lt\/wordpress\/wp-json\/wp\/v2\/media?parent=78"}],"wp:term":[{"taxonomy":"category","embeddable":true,"href":"https:\/\/www.leti.lt\/wordpress\/wp-json\/wp\/v2\/categories?post=78"},{"taxonomy":"post_tag","embeddable":true,"href":"https:\/\/www.leti.lt\/wordpress\/wp-json\/wp\/v2\/tags?post=78"}],"curies":[{"name":"wp","href":"https:\/\/api.w.org\/{rel}","templated":true}]}}