{"id":75,"date":"2020-02-16T15:30:31","date_gmt":"2020-02-16T14:30:31","guid":{"rendered":"https:\/\/www.leti.lt\/wordpress\/?p=75"},"modified":"-0001-11-30T00:00:00","modified_gmt":"-0001-11-29T22:00:00","slug":"danseforum-choixnomadeondefrissonnante","status":"publish","type":"post","link":"https:\/\/www.leti.lt\/wordpress\/danseforum-choixnomadeondefrissonnante\/","title":{"rendered":"Choix no\u00admade \u00ab&nbsp;Onde fris\u00adson\u00adnante&nbsp;\u00bb \u2013 17\/\u200b02\/\u200b2018"},"content":{"rendered":"<p><a href=\"https:\/\/www.leti.lt\/wordpress\/danseforum-danseforum\/\">Danse forum<\/a><br>\u2192 <a href=\"https:\/\/www.leti.lt\/wordpress\/danseforum-comptesrendusateliers\/\">Comptes Ren\u00addus des Ate\u00adliers<\/a> \u2192 <a href=\"https:\/\/www.leti.lt\/wordpress\/danseforum-illeetvilaine\/\">Ille et Vilaine<\/a><br><br>!!Choix nomade <b> Onde fris\u00adson\u00adnante \u2013 17\/2\/18<\/b><br><br>https:\/\/\u200bcol\u200blec\u200btif\u200bsans\u200btete\u200b.word\u200bpress\u200b.com\/\u200bd\u200bf\u200b-17\u200a\u2013\u200a02-18\u200a\u2013\u200a3\/<br><br>Les par\u00adti\u00adci\u00adpants&nbsp;: C\u00e9line (nou\u00advelle), Nico, Chris\u00adtian, J\u00e9re\u00admy et Her\u00adv\u00e9.<br><br>R\u00e9dac\u00adtion du CR&nbsp;: Her\u00adv\u00e9<br><br>J\u2019ai fait le choix pour ce CR de ne pas tout noter au cours des temps de forum pour \u00eatre plus dans la dis\u00adcus\u00adsion avec le groupe et aus\u00adsi parce que la r\u00e9dac\u00adtion des CR est chro\u00adno\u00adphage et j\u2019ai peu de temps en ce moment. Ega\u00adle\u00adment pour essayer une autre forme de r\u00e9dac\u00adtion, plus syn\u00adth\u00e9\u00adtique.<br><br><i>MATIN<\/i><br><br>Nous com\u00admen\u00ad\u00e7ons la mati\u00adn\u00e9e avec un \u00e9veil des sen\u00adsa\u00adtions, puis le choix d\u2019un th\u00e8me sen\u00adsi\u00adtif, et un temps d\u2019impro sur le th\u00e8me sen\u00adsi\u00adtif sans th\u00e8me r\u00e9flexif que nous choi\u00adsi\u00adrons \u00e0&nbsp;l\u2019issue de la dis\u00adcus\u00adsion pen\u00addant le repas.<br><br><b>Th\u00e8me sen\u00adsi\u00adtif&nbsp;: ONDE FRISSONNANTE<\/b><br><br><i>Forum apr\u00e8s le temps de danse 1<\/i> , J\u00e9re\u00admy tilte<br><br>N&nbsp;: les mou\u00adve\u00adments se fai\u00adsaient par rico\u00adchets, qui pou\u00advaient avoir l\u2019air de retours d\u2019ondes.<br><br>J&nbsp;: \u00e7a m\u2019a ame\u00adn\u00e9 une ques\u00adtion en vous voyant sur l\u2019espace sc\u00e9\u00adnique, cela a&nbsp;\u00e0 voir avec une consi\u00add\u00e9\u00adra\u00adtion pour l\u2019air qui est deve\u00adnue mati\u00e8re, comme deve\u00adnir gluant, s\u2019accrocher, fixer vers soi.<br><br>C\u00e9&nbsp;: c\u2019est hyper \u00e9trange de gar\u00adder une pr\u00e9\u00adsence conti\u00adnue entre dan\u00adser et regar\u00adder. C\u2019est agr\u00e9able d\u2019\u00eatre dans un \u00e9tat de cr\u00e9a\u00adtion pour rien.<br><br>H&nbsp;: je me demande o\u00f9 est la limite entre l\u2019imaginaire et la r\u00e9a\u00adli\u00adt\u00e9&nbsp;? Accep\u00adter qu\u2019il n\u2019y a&nbsp;pas de fron\u00adti\u00e8res entre dehors et dedans. Y\u2011a-t-il une fron\u00adti\u00e8re entre int\u00e9\u00adrieur et ext\u00e9\u00adrieur&nbsp;? A&nbsp;par\u00adtir de quel moment un son p\u00e9n\u00e8tre le corps&nbsp;?<br><br><i>REPAS<\/i><br><br>Dis\u00adcus\u00adsion pour choi\u00adsir le th\u00e8me r\u00e9flexif. Point de d\u00e9part de la dis\u00adcus\u00adsion&nbsp;: l\u2019ind\u00e9cision. Puis on glisse sur le noma\u00addisme et les s\u00e9den\u00adtaires. Puis aus\u00adsi le noma\u00addisme de la pen\u00ads\u00e9e et des choix \u00e0&nbsp;faire au quo\u00adti\u00addien. Choi\u00adsir sa fa\u00e7on de pen\u00adser ou ses voyages&nbsp;? Dis\u00adcus\u00adsion autour de l\u2019efficacit\u00e9 tout court. L\u2019efficacit\u00e9 de nos choix.<br><br><b>Th\u00e8me r\u00e9flexif&nbsp;: CHOIX NOMADE<\/b><br><br>A pro\u00adpos du choix du th\u00e8me r\u00e9flexif&nbsp;: vu que le choix du th\u00e8me r\u00e9flexif a&nbsp;pris beau\u00adcoup trop de temps, trop de temps pour trou\u00adver un ou deux mots qui nous ras\u00adsemble tous les cinq, trop lourd, o\u00f9 la dis\u00adcus\u00adsion tourne en rond et ne per\u00admet pas de faire \u00e9vo\u00adluer la r\u00e9flexion, nous nous sommes dit qu\u2019on allait essayer les pro\u00adchaines fois de mettre plu\u00adt\u00f4t un nuage de mots qui ont \u00e9t\u00e9 cit\u00e9s tout au long de la dis\u00adcus\u00adsion, plu\u00adt\u00f4t qu\u2019un seul ou deux acco\u00adl\u00e9s. Tou\u00adjours cette ques\u00adtion du temps, les temps d\u2019impro sont rac\u00adcour\u00adcis plus on prend du temps pour la dis\u00adcus\u00adsion autour du th\u00e8me ou m\u00eame pen\u00addant les forums&nbsp;; c\u2019est un vrai dilemme&nbsp;! Et pour\u00adtant cha\u00adcun mesure aus\u00adsi l\u2019importance de ces dis\u00adcus\u00adsions qui nour\u00adrissent les impros et les incons\u00adcients de cha\u00adcun.<br><br><i>APRES-MIDI<\/i><br><br><i>Temps de danse 1<\/i> Her\u00adv\u00e9 tilte<br><br>N&nbsp;: quand main\u00adte\u00adnir ses choix&nbsp;? Quand faut-il renon\u00adcer&nbsp;?<br><br>Ch&nbsp;: je me suis sen\u00adti assez nomade avec sa bat\u00adte\u00adrie. Je me suis bal\u00adla\u00add\u00e9 sur la bor\u00addure sc\u00e9\u00adnique pour cho\u00adper au vol des pro\u00adpo\u00adsi\u00adtions d\u2019impros.<br><br>J&nbsp;: je me sens l\u00e9ger dans la danse apr\u00e8s le temps de r\u00e9flexion sur le choix du th\u00e8me. Je me sens comme une m\u00e9duse dans l\u2019eau qui se laisse por\u00adter par le cou\u00adrant.<br><br>C\u00e9&nbsp;: his\u00adtoire d\u2019interface, ren\u00adtrer, sor\u00adtir. Uti\u00adli\u00adsa\u00adtion des marion\u00adnettes. Beau\u00adcoup de flui\u00addi\u00adt\u00e9. Si tout s\u2019effondre dans mon inter\u00adface, je ne peux pas faire face dans mes choix au monde. Confiance dans le dis\u00adpo\u00adsi\u00adtif danse forum pour faire les choix qu\u2019on veut, libre\u00adment. Pas de pres\u00adsion. Vivre le choix avant de faire le bilan de&nbsp;: \u00ab&nbsp;Est ce vrai\u00adment le bon choix&nbsp;? \u00bb<br><br>Dis\u00adcus\u00adsion autour de la volon\u00adt\u00e9 de se lais\u00adser por\u00adter par des impul\u00adsions sans cen\u00adsu\u00adrer, donc faire un choix de ne pas \u00eatre nomade ou de l\u2019\u00eatre. Il y&nbsp;a peut-\u00eatre plus d\u2019aisance quand on se laisse por\u00adter par la vie, de faire ce choix du noma\u00addisme.<br><br><i>Temps de danse 2<\/i><br><br>Ecrits Bruts<br><br><i>Temps de danse 3<\/i><br><br>Le noma\u00addisme en dan\u00adsant m\u2019a ame\u00adn\u00e9 a&nbsp;de l\u2019ennui et m\u2019a donc obli\u00adg\u00e9 de faire un choix et de me rendre libre de faire les choix que je veux.<br><br>J&nbsp;: j\u2019ai tra\u00adver\u00ads\u00e9 deux \u00e9tats&nbsp;: 1- je suis dans le corps et je me sens libre, je me sens d\u00e9per\u00adson\u00adni\u00adfi\u00e9 et dans quelque chose de pro\u00adfond. 2- le per\u00adson\u00adnage social J\u00e9re\u00admy, qui ne s\u2019autorise pas dans le monde social, \u00e0&nbsp;dan\u00adser comme il veut, \u00e0&nbsp;expri\u00admer sa sexua\u00adli\u00adt\u00e9, sen\u00adsua\u00adli\u00adt\u00e9.<br><br>Ch&nbsp;: le temps d\u2019impro \u00e9tait assez th\u00e9\u00e2\u00adtral, sans musique. Beau\u00adcoup de tableaux \u00e0&nbsp;2, 3&nbsp;ou 4&nbsp;per\u00adson\u00adnages. Les marion\u00adnettes sont inter\u00adve\u00adnues. Il n\u2019y a&nbsp;pas besoin de beau\u00adcoup de mou\u00adve\u00adments si les corps sont habi\u00adt\u00e9s.<br><br>Ques\u00adtion au sujet des marion\u00adnettes&nbsp;: c\u2019est la pre\u00admi\u00e8re fois qu\u2019on a&nbsp;des marion\u00adnettes qui inter\u00adviennent en DF. Qu\u2019est ce qu\u2019on fait avec des marion\u00adnettes, puisqu\u2019elles ne peuvent pas par\u00adler et que celui qui mani\u00adpule ne peut pas par\u00adler \u00e0&nbsp;la place des marion\u00adnettes, car ce que j\u2019essaye de leurs faire expri\u00admer ne sera pas per\u00ad\u00e7u de la m\u00eame fa\u00e7on par celles et ceux qui regardent la sc\u00e8ne qui se joue&nbsp;?<br><br>O\u00f9 est la part du spon\u00adta\u00adn\u00e9, de l\u2019intuitif dans l\u2019impro en danse&nbsp;? Fait-on vrai\u00adment des choix ins\u00adtant apr\u00e8s ins\u00adtant&nbsp;?<br><br><i>Ajout des notes prises par Nico<\/i><br><br>Qu\u2019est ce qu\u2019un monde qui se d\u00e9place tou\u00adjours de la m\u00eame fa\u00e7on, sait et sent com\u00adment mar\u00adcher dans des traces&nbsp;? Qu\u2019est ce que mar\u00adcher en dehors des sen\u00adtiers bat\u00adtus quand l\u2019anticonformisme est le mot d\u2019ordre&nbsp;? Qu\u2019est ce qu\u2019un s\u00e9den\u00adtaire qui porte chaque jour un regard nou\u00adveau sur sa rue, mais ne change pas de lunettes, recon\u00adna\u00eet les m\u00eames choses sous la m\u00eame lumi\u00e8re&nbsp;?<br><br>Her\u00adv\u00e9 \u00ab&nbsp;entre ciel et terre \u2013 en \u00eates-vous s\u00fbrs&nbsp;? \u00bb = ind\u00e9\u00adci\u00adsion sur la ques\u00adtion&nbsp;; ou quand la fa\u00e7on de ques\u00adtion\u00adner est en ques\u00adtion.<br><br>Le fris\u00adson, signal d\u2019alerte et de plai\u00adsir \u2013 sen\u00adsa\u00adtion tout court. Le fris\u00adson dit que l\u2019on est en \u00e9veil. Et si l\u2019onde est le mou\u00adve\u00adment des choses, conta\u00adgions, rico\u00adchets, cir\u00adcu\u00adla\u00adtion, impacts, alors si le fris\u00adson c\u2019est pro\u00adfi\u00adter des choses, y&nbsp;\u00eatre \u00e9veill\u00e9, dis\u00adpo\u00adnible, les rece\u00advoir, l\u2019onde fris\u00adson\u00adnante comme ton \u00e9veil au monde. Un peu sch\u00e9\u00adma\u00adtique peut-\u00eatre mais pour\u00adquoi pas&nbsp;? Le fris\u00adson dit qu\u2019il y&nbsp;a quelque chose, qu\u2019il se passe quelque chose, mais qu\u2019il y&nbsp;a quelque chose \u00e0&nbsp;faire, \u00e0&nbsp;per\u00adce\u00advoir rece\u00advoir plus pro\u00adfon\u00add\u00e9\u00adment encore. Mais ce n\u2019est pas un ordre, un exc\u00e8s, seule\u00adment un pos\u00adsible qui se signale.<br><br><i>BILAN<\/i><br><br>C\u00e9&nbsp;: l\u2019absence d\u2019un cadre d\u00e9fi\u00adni est par\u00adfois d\u00e9sta\u00adbi\u00adli\u00adsant. C\u2019est tr\u00e8s agr\u00e9able de ne pas \u00eatre jug\u00e9e mais j\u2019aurais besoin qu\u2019on me dise si c\u2019est juste ou si \u00e7a ne l\u2019est pas. J\u2019\u00e9prouve un manque au niveau de cette absence de cadre, o\u00f9 il y&nbsp;ait des retours sur sa propre pro\u00adduc\u00adtion. Mais c\u2019est \u00e0&nbsp;la fois bien qu\u2019il n\u2019y ait aucun juge\u00adment sur ce qui est fait, qu\u2019il n\u2019y ait pas de pres\u00adsion sur une pro\u00adduc\u00adtion \u00e0&nbsp;four\u00adnir. Cha\u00adcun est libre de s\u2019exprimer comme il l\u2019entend. \u00c7a peut \u00eatre d\u00e9sta\u00adbi\u00adli\u00adsant d\u2019avoir trop de liber\u00adt\u00e9, pour cer\u00adtains, \u00e7a demande d\u2019avoir une vigi\u00adlance accrue envers soi car la soci\u00e9\u00adt\u00e9 ne nous per\u00admet pas ce genre de liber\u00adt\u00e9 d\u2019expression.<\/p><p style=\"color:green; text-align:right !important;\">Article cr\u00e9\u00e9 le 16\/02\/2020<\/p>","protected":false},"excerpt":{"rendered":"<p>Danse forum\u2192 Comptes Ren\u00addus des Ate\u00adliers \u2192 Ille et Vilaine !!Choix nomade Onde fris\u00adson\u00adnante \u2013 17\/2\/18 https:\/\/\u200bcol\u200blec\u200btif\u200bsans\u200btete\u200b.word\u200bpress\u200b.com\/\u200bd\u200bf\u200b-17 \u2013 02\u200a\u2013\u200a18 \u2013 3\/ Les par\u00adti\u00adci\u00adpants&nbsp;: C\u00e9line (nou\u00advelle), Nico, Chris\u00adtian, J\u00e9re\u00admy et&nbsp;Her\u00adv\u00e9. R\u00e9dac\u00adtion du CR&nbsp;: Her\u00adv\u00e9 J\u2019ai fait le choix pour ce CR de ne pas tout noter au cours des temps de forum pour \u00eatre plus dans la dis\u00adcus\u00adsion avec le groupe et aus\u00adsi parce que la r\u00e9dac\u00adtion des CR est chro\u00adno\u00adphage et j\u2019ai peu de temps en ce moment. Ega\u00adle\u00adment pour essayer une autre&nbsp;forme&nbsp;[\u2026]<\/p>\n","protected":false},"author":2,"featured_media":0,"comment_status":"open","ping_status":"open","sticky":false,"template":"","format":"standard","meta":{"wp_typography_post_enhancements_disabled":false,"footnotes":""},"categories":[181],"tags":[207],"class_list":["post-75","post","type-post","status-publish","format-standard","hentry","category-ateliers_ille-et-vilaine","tag-df_illeetvilaine"],"yoast_head":"<!-- This site is optimized with the Yoast SEO plugin v27.5 - https:\/\/yoast.com\/product\/yoast-seo-wordpress\/ -->\n<title>Choix no\u00admade &quot;Onde fris\u00adson\u00adnante&quot; \u2013 17\/\u200b02\/\u200b2018 - Le TILT<\/title>\n<meta name=\"robots\" content=\"index, follow, max-snippet:-1, max-image-preview:large, max-video-preview:-1\" \/>\n<link rel=\"canonical\" href=\"https:\/\/www.leti.lt\/wordpress\/danseforum-choixnomadeondefrissonnante\/\" \/>\n<meta property=\"og:locale\" content=\"fr_FR\" \/>\n<meta property=\"og:type\" content=\"article\" \/>\n<meta property=\"og:title\" content=\"Choix no\u00admade &quot;Onde fris\u00adson\u00adnante&quot; \u2013 17\/\u200b02\/\u200b2018 - Le TILT\" \/>\n<meta property=\"og:description\" content=\"Danse forum\u2192 Comptes Ren\u00addus des Ate\u00adliers \u2192 Ille et Vilaine !!Choix nomade Onde fris\u00adson\u00adnante \u2013 17\/2\/18 https:\/\/\u200bcol\u200blec\u200btif\u200bsans\u200btete\u200b.word\u200bpress\u200b.com\/\u200bd\u200bf\u200b-17\u200a\u2013\u200a02-18\u200a\u2013\u200a3\/ Les par\u00adti\u00adci\u00adpants&nbsp;: C\u00e9line (nou\u00advelle), Nico, Chris\u00adtian, J\u00e9re\u00admy et&nbsp;Herv\u00e9. R\u00e9dac\u00adtion du CR&nbsp;: Herv\u00e9 J\u2019ai fait le choix pour ce CR de ne pas tout noter au cours des temps de forum pour \u00eatre plus dans la dis\u00adcus\u00adsion avec le groupe et aus\u00adsi parce que la r\u00e9dac\u00adtion des CR est chro\u00adno\u00adphage et j\u2019ai peu de temps en ce moment. Ega\u00adle\u00adment pour essayer une autre forme [&hellip;]\" \/>\n<meta property=\"og:url\" content=\"https:\/\/www.leti.lt\/wordpress\/danseforum-choixnomadeondefrissonnante\/\" \/>\n<meta property=\"og:site_name\" content=\"Le TILT\" \/>\n<meta property=\"article:published_time\" content=\"2020-02-16T14:30:31+00:00\" \/>\n<meta name=\"author\" content=\"Andr\u00e9ine Bel\" \/>\n<meta name=\"twitter:card\" content=\"summary_large_image\" \/>\n<meta name=\"twitter:label1\" content=\"\u00c9crit par\" \/>\n\t<meta name=\"twitter:data1\" content=\"Andr\u00e9ine Bel\" \/>\n\t<meta name=\"twitter:label2\" content=\"Dur\u00e9e de lecture estim\u00e9e\" \/>\n\t<meta name=\"twitter:data2\" content=\"6 minutes\" \/>\n<script type=\"application\/ld+json\" class=\"yoast-schema-graph\">{\"@context\":\"https:\\\/\\\/schema.org\",\"@graph\":[{\"@type\":\"Article\",\"@id\":\"https:\\\/\\\/www.leti.lt\\\/wordpress\\\/danseforum-choixnomadeondefrissonnante\\\/#article\",\"isPartOf\":{\"@id\":\"https:\\\/\\\/www.leti.lt\\\/wordpress\\\/danseforum-choixnomadeondefrissonnante\\\/\"},\"author\":{\"name\":\"Andr\u00e9ine Bel\",\"@id\":\"https:\\\/\\\/www.leti.lt\\\/wordpress\\\/#\\\/schema\\\/person\\\/9bb307b2af8fbb575bb3603e57951f75\"},\"headline\":\"Choix no\u00admade \u00ab&nbsp;Onde fris\u00adson\u00adnante&nbsp;\u00bb \u2013 17\\\/\u200b02\\\/\u200b2018\",\"datePublished\":\"2020-02-16T14:30:31+00:00\",\"mainEntityOfPage\":{\"@id\":\"https:\\\/\\\/www.leti.lt\\\/wordpress\\\/danseforum-choixnomadeondefrissonnante\\\/\"},\"wordCount\":1297,\"commentCount\":0,\"keywords\":[\"DF_IlleEtVilaine\"],\"articleSection\":[\"Ateliers Ille-et-Vilaine\"],\"inLanguage\":\"fr-FR\",\"potentialAction\":[{\"@type\":\"CommentAction\",\"name\":\"Comment\",\"target\":[\"https:\\\/\\\/www.leti.lt\\\/wordpress\\\/danseforum-choixnomadeondefrissonnante\\\/#respond\"]}]},{\"@type\":\"WebPage\",\"@id\":\"https:\\\/\\\/www.leti.lt\\\/wordpress\\\/danseforum-choixnomadeondefrissonnante\\\/\",\"url\":\"https:\\\/\\\/www.leti.lt\\\/wordpress\\\/danseforum-choixnomadeondefrissonnante\\\/\",\"name\":\"Choix no\u00admade \\\"Onde fris\u00adson\u00adnante\\\" \u2013 17\\\/\u200b02\\\/\u200b2018 - Le TILT\",\"isPartOf\":{\"@id\":\"https:\\\/\\\/www.leti.lt\\\/wordpress\\\/#website\"},\"datePublished\":\"2020-02-16T14:30:31+00:00\",\"author\":{\"@id\":\"https:\\\/\\\/www.leti.lt\\\/wordpress\\\/#\\\/schema\\\/person\\\/9bb307b2af8fbb575bb3603e57951f75\"},\"breadcrumb\":{\"@id\":\"https:\\\/\\\/www.leti.lt\\\/wordpress\\\/danseforum-choixnomadeondefrissonnante\\\/#breadcrumb\"},\"inLanguage\":\"fr-FR\",\"potentialAction\":[{\"@type\":\"ReadAction\",\"target\":[\"https:\\\/\\\/www.leti.lt\\\/wordpress\\\/danseforum-choixnomadeondefrissonnante\\\/\"]}]},{\"@type\":\"BreadcrumbList\",\"@id\":\"https:\\\/\\\/www.leti.lt\\\/wordpress\\\/danseforum-choixnomadeondefrissonnante\\\/#breadcrumb\",\"itemListElement\":[{\"@type\":\"ListItem\",\"position\":1,\"name\":\"Accueil\",\"item\":\"https:\\\/\\\/www.leti.lt\\\/wordpress\\\/\"},{\"@type\":\"ListItem\",\"position\":2,\"name\":\"Choix no\u00admade \u00ab&nbsp;Onde fris\u00adson\u00adnante&nbsp;\u00bb \u2013 17\\\/\u200b02\\\/\u200b2018\"}]},{\"@type\":\"WebSite\",\"@id\":\"https:\\\/\\\/www.leti.lt\\\/wordpress\\\/#website\",\"url\":\"https:\\\/\\\/www.leti.lt\\\/wordpress\\\/\",\"name\":\"Le TILT\",\"description\":\"Recherche, publication, cr\u00e9ation artistique\",\"potentialAction\":[{\"@type\":\"SearchAction\",\"target\":{\"@type\":\"EntryPoint\",\"urlTemplate\":\"https:\\\/\\\/www.leti.lt\\\/wordpress\\\/?s={search_term_string}\"},\"query-input\":{\"@type\":\"PropertyValueSpecification\",\"valueRequired\":true,\"valueName\":\"search_term_string\"}}],\"inLanguage\":\"fr-FR\"},{\"@type\":\"Person\",\"@id\":\"https:\\\/\\\/www.leti.lt\\\/wordpress\\\/#\\\/schema\\\/person\\\/9bb307b2af8fbb575bb3603e57951f75\",\"name\":\"Andr\u00e9ine Bel\",\"image\":{\"@type\":\"ImageObject\",\"inLanguage\":\"fr-FR\",\"@id\":\"https:\\\/\\\/secure.gravatar.com\\\/avatar\\\/4ab041ec7c7ad3b90293023e86528ec1a700ce2971ff61811b2df6b288dd1f38?s=96&d=identicon&r=g\",\"url\":\"https:\\\/\\\/secure.gravatar.com\\\/avatar\\\/4ab041ec7c7ad3b90293023e86528ec1a700ce2971ff61811b2df6b288dd1f38?s=96&d=identicon&r=g\",\"contentUrl\":\"https:\\\/\\\/secure.gravatar.com\\\/avatar\\\/4ab041ec7c7ad3b90293023e86528ec1a700ce2971ff61811b2df6b288dd1f38?s=96&d=identicon&r=g\",\"caption\":\"Andr\u00e9ine Bel\"},\"url\":\"https:\\\/\\\/www.leti.lt\\\/wordpress\\\/author\\\/andreine\\\/\"}]}<\/script>\n<!-- \/ Yoast SEO plugin. -->","yoast_head_json":{"title":"Choix no\u00admade \"Onde fris\u00adson\u00adnante\" \u2013 17\/\u200b02\/\u200b2018 - Le TILT","robots":{"index":"index","follow":"follow","max-snippet":"max-snippet:-1","max-image-preview":"max-image-preview:large","max-video-preview":"max-video-preview:-1"},"canonical":"https:\/\/www.leti.lt\/wordpress\/danseforum-choixnomadeondefrissonnante\/","og_locale":"fr_FR","og_type":"article","og_title":"Choix no\u00admade \"Onde fris\u00adson\u00adnante\" \u2013 17\/\u200b02\/\u200b2018 - Le TILT","og_description":"Danse forum\u2192 Comptes Ren\u00addus des Ate\u00adliers \u2192 Ille et Vilaine !!Choix nomade Onde fris\u00adson\u00adnante \u2013 17\/2\/18 https:\/\/\u200bcol\u200blec\u200btif\u200bsans\u200btete\u200b.word\u200bpress\u200b.com\/\u200bd\u200bf\u200b-17\u200a\u2013\u200a02-18\u200a\u2013\u200a3\/ Les par\u00adti\u00adci\u00adpants&nbsp;: C\u00e9line (nou\u00advelle), Nico, Chris\u00adtian, J\u00e9re\u00admy et&nbsp;Herv\u00e9. R\u00e9dac\u00adtion du CR&nbsp;: Herv\u00e9 J\u2019ai fait le choix pour ce CR de ne pas tout noter au cours des temps de forum pour \u00eatre plus dans la dis\u00adcus\u00adsion avec le groupe et aus\u00adsi parce que la r\u00e9dac\u00adtion des CR est chro\u00adno\u00adphage et j\u2019ai peu de temps en ce moment. Ega\u00adle\u00adment pour essayer une autre forme [&hellip;]","og_url":"https:\/\/www.leti.lt\/wordpress\/danseforum-choixnomadeondefrissonnante\/","og_site_name":"Le TILT","article_published_time":"2020-02-16T14:30:31+00:00","author":"Andr\u00e9ine Bel","twitter_card":"summary_large_image","twitter_misc":{"\u00c9crit par":"Andr\u00e9ine Bel","Dur\u00e9e de lecture estim\u00e9e":"6 minutes"},"schema":{"@context":"https:\/\/schema.org","@graph":[{"@type":"Article","@id":"https:\/\/www.leti.lt\/wordpress\/danseforum-choixnomadeondefrissonnante\/#article","isPartOf":{"@id":"https:\/\/www.leti.lt\/wordpress\/danseforum-choixnomadeondefrissonnante\/"},"author":{"name":"Andr\u00e9ine Bel","@id":"https:\/\/www.leti.lt\/wordpress\/#\/schema\/person\/9bb307b2af8fbb575bb3603e57951f75"},"headline":"Choix no\u00admade \u00ab&nbsp;Onde fris\u00adson\u00adnante&nbsp;\u00bb \u2013 17\/\u200b02\/\u200b2018","datePublished":"2020-02-16T14:30:31+00:00","mainEntityOfPage":{"@id":"https:\/\/www.leti.lt\/wordpress\/danseforum-choixnomadeondefrissonnante\/"},"wordCount":1297,"commentCount":0,"keywords":["DF_IlleEtVilaine"],"articleSection":["Ateliers Ille-et-Vilaine"],"inLanguage":"fr-FR","potentialAction":[{"@type":"CommentAction","name":"Comment","target":["https:\/\/www.leti.lt\/wordpress\/danseforum-choixnomadeondefrissonnante\/#respond"]}]},{"@type":"WebPage","@id":"https:\/\/www.leti.lt\/wordpress\/danseforum-choixnomadeondefrissonnante\/","url":"https:\/\/www.leti.lt\/wordpress\/danseforum-choixnomadeondefrissonnante\/","name":"Choix no\u00admade \"Onde fris\u00adson\u00adnante\" \u2013 17\/\u200b02\/\u200b2018 - Le TILT","isPartOf":{"@id":"https:\/\/www.leti.lt\/wordpress\/#website"},"datePublished":"2020-02-16T14:30:31+00:00","author":{"@id":"https:\/\/www.leti.lt\/wordpress\/#\/schema\/person\/9bb307b2af8fbb575bb3603e57951f75"},"breadcrumb":{"@id":"https:\/\/www.leti.lt\/wordpress\/danseforum-choixnomadeondefrissonnante\/#breadcrumb"},"inLanguage":"fr-FR","potentialAction":[{"@type":"ReadAction","target":["https:\/\/www.leti.lt\/wordpress\/danseforum-choixnomadeondefrissonnante\/"]}]},{"@type":"BreadcrumbList","@id":"https:\/\/www.leti.lt\/wordpress\/danseforum-choixnomadeondefrissonnante\/#breadcrumb","itemListElement":[{"@type":"ListItem","position":1,"name":"Accueil","item":"https:\/\/www.leti.lt\/wordpress\/"},{"@type":"ListItem","position":2,"name":"Choix no\u00admade \u00ab&nbsp;Onde fris\u00adson\u00adnante&nbsp;\u00bb \u2013 17\/\u200b02\/\u200b2018"}]},{"@type":"WebSite","@id":"https:\/\/www.leti.lt\/wordpress\/#website","url":"https:\/\/www.leti.lt\/wordpress\/","name":"Le TILT","description":"Recherche, publication, cr\u00e9ation artistique","potentialAction":[{"@type":"SearchAction","target":{"@type":"EntryPoint","urlTemplate":"https:\/\/www.leti.lt\/wordpress\/?s={search_term_string}"},"query-input":{"@type":"PropertyValueSpecification","valueRequired":true,"valueName":"search_term_string"}}],"inLanguage":"fr-FR"},{"@type":"Person","@id":"https:\/\/www.leti.lt\/wordpress\/#\/schema\/person\/9bb307b2af8fbb575bb3603e57951f75","name":"Andr\u00e9ine Bel","image":{"@type":"ImageObject","inLanguage":"fr-FR","@id":"https:\/\/secure.gravatar.com\/avatar\/4ab041ec7c7ad3b90293023e86528ec1a700ce2971ff61811b2df6b288dd1f38?s=96&d=identicon&r=g","url":"https:\/\/secure.gravatar.com\/avatar\/4ab041ec7c7ad3b90293023e86528ec1a700ce2971ff61811b2df6b288dd1f38?s=96&d=identicon&r=g","contentUrl":"https:\/\/secure.gravatar.com\/avatar\/4ab041ec7c7ad3b90293023e86528ec1a700ce2971ff61811b2df6b288dd1f38?s=96&d=identicon&r=g","caption":"Andr\u00e9ine Bel"},"url":"https:\/\/www.leti.lt\/wordpress\/author\/andreine\/"}]}},"_links":{"self":[{"href":"https:\/\/www.leti.lt\/wordpress\/wp-json\/wp\/v2\/posts\/75","targetHints":{"allow":["GET"]}}],"collection":[{"href":"https:\/\/www.leti.lt\/wordpress\/wp-json\/wp\/v2\/posts"}],"about":[{"href":"https:\/\/www.leti.lt\/wordpress\/wp-json\/wp\/v2\/types\/post"}],"author":[{"embeddable":true,"href":"https:\/\/www.leti.lt\/wordpress\/wp-json\/wp\/v2\/users\/2"}],"replies":[{"embeddable":true,"href":"https:\/\/www.leti.lt\/wordpress\/wp-json\/wp\/v2\/comments?post=75"}],"version-history":[{"count":0,"href":"https:\/\/www.leti.lt\/wordpress\/wp-json\/wp\/v2\/posts\/75\/revisions"}],"wp:attachment":[{"href":"https:\/\/www.leti.lt\/wordpress\/wp-json\/wp\/v2\/media?parent=75"}],"wp:term":[{"taxonomy":"category","embeddable":true,"href":"https:\/\/www.leti.lt\/wordpress\/wp-json\/wp\/v2\/categories?post=75"},{"taxonomy":"post_tag","embeddable":true,"href":"https:\/\/www.leti.lt\/wordpress\/wp-json\/wp\/v2\/tags?post=75"}],"curies":[{"name":"wp","href":"https:\/\/api.w.org\/{rel}","templated":true}]}}