{"id":71,"date":"2020-02-16T15:30:31","date_gmt":"2020-02-16T14:30:31","guid":{"rendered":"https:\/\/www.leti.lt\/wordpress\/?p=71"},"modified":"-0001-11-30T00:00:00","modified_gmt":"-0001-11-29T22:00:00","slug":"danseforum-brainstormingb","status":"publish","type":"post","link":"https:\/\/www.leti.lt\/wordpress\/danseforum-brainstormingb\/","title":{"rendered":"Brainstorming B"},"content":{"rendered":"<p><a href=\"https:\/\/www.leti.lt\/wordpress\/danseforum-danseforum\/\">Dan\u00adse\u00adFo\u00adrum<\/a><br>\u2192 <a href=\"https:\/\/www.leti.lt\/wordpress\/danseforum-aproposdeladanseforum\/\">aPro\u00adpos\u00adDe\u00adLa\u00adDan\u00adse\u00adFo\u00adrum<\/a><br><br>!! Brains\u00adtor\u00adming II \u2013 15 octobre 2007<br><br><br><br>Ce brains\u00adtor\u00adming II est le fruit de trois ren\u00adcontres en petits<br>groupes au sein de la danse forum, le 8\/7\/07, le 6\/8\/07 et le<br>18\/9\/07. Notre sup\u00adport de r\u00e9flexion a&nbsp;\u00e9t\u00e9 la repr\u00e9\u00adsen\u00adta\u00adtion publique<br>du 7\/7\/07 \u00e0&nbsp;St Michel l\u2019Observatoire, qui est venue confir\u00admer ou<br>infir\u00admer nos avan\u00adc\u00e9es concep\u00adtuelles de l\u2019ann\u00e9e.<br><br><i>1) Repr\u00e9\u00adsen\u00adta\u00adtion publique<\/i><br><br>Repr\u00e9\u00adsen\u00adter publi\u00adque\u00adment notre \u00ab&nbsp;tra\u00advail de labo\u00adra\u00adtoire&nbsp;\u00bb nous posait<br>pro\u00adbl\u00e8me. Jusqu\u2019\u00e0 pr\u00e9\u00adsent, nous nous arran\u00adgions, mal\u00adgr\u00e9 nous et\/ou<br>par com\u00admo\u00addi\u00adt\u00e9, pour incor\u00adpo\u00adrer le public \u00e0&nbsp;l\u2019atelier. Le 7\/7\/07,<br>nous avons d\u00e9ci\u00add\u00e9 de vrai\u00adment fran\u00adchir le pas, et de conser\u00adver un<br>public \u00ab&nbsp;digne de ce nom&nbsp;\u00bb.<br><br>Aus\u00adsi, com\u00adprendre pour\u00adquoi le forum du 7&nbsp;juillet a \u00ab&nbsp;mar\u00adch\u00e9&nbsp;\u00bb \u00e9tait<br>impor\u00adtant pour nous. Trois points se sont r\u00e9v\u00e9\u00adl\u00e9s d\u00e9ter\u00admi\u00adnants&nbsp;:<br><br>- Nous avons eu la pos\u00adsi\u00adbi\u00adli\u00adt\u00e9 de faire une pr\u00e9\u00adpa\u00adra\u00adtion longue et en<br>toute qui\u00e9\u00adtude.<br><br>- Notre public \u00e9tait un groupe de th\u00e9\u00e2tre en tra\u00advail depuis cinq<br>jours. Nous devrons aller peu \u00e0&nbsp;peu vers des publics non aver\u00adtis.<br><br>- Nous avons impro\u00advi\u00ads\u00e9 la struc\u00adture au fur et \u00e0&nbsp;mesure, en nous<br>adap\u00adtant \u00e0&nbsp;ce qui se pas\u00adsait et aux besoins res\u00adsen\u00adtis. D\u2019o\u00f9 un<br>plai\u00adsir cer\u00adtain \u00e0&nbsp;dan\u00adser, qui a&nbsp;peut-\u00eatre \u00e9t\u00e9 com\u00admu\u00adni\u00adca\u00adtif.<br><br>Par\u00admi les inno\u00adva\u00adtions ce jour-l\u00e0&nbsp;: \u00e9la\u00adbo\u00adrer le th\u00e8me en avance de la<br>repr\u00e9\u00adsen\u00adta\u00adtion, le m\u00e9ta\u00adpho\u00adri\u00adser pour le public, pr\u00e9\u00adsen\u00adter trois<br>tableaux impro\u00advi\u00ads\u00e9s en amont du forum, pour\u00adsuivre l\u2019improvisation<br>pen\u00addant le forum sans retour en arri\u00e8re, pro\u00adbl\u00e9\u00adma\u00adti\u00adser apr\u00e8s la danse<br>et non avant. Tout cela a&nbsp;per\u00admis la mise en sc\u00e8ne d\u2019un pro\u00adces\u00adsus<br>plu\u00adt\u00f4t que d\u2019une his\u00adtoire.<br><br><i>2) Les points aux\u00adquels nous tenons en danse forum<\/i><br><br>Avec la pra\u00adtique et le temps, la danse forum \u00e9vo\u00adlue, fond et forme.<br>Mais, comme la cr\u00eame qui monte lorsque l\u2019on baratte du lait, cer\u00adtains<br>aspects reviennent tou\u00adjours \u00e0&nbsp;la sur\u00adface, se rap\u00adpe\u00adler \u00e0&nbsp;nous.<br><br>- Prendre le temps et avoir un lieu pro\u00adt\u00e9\u00adg\u00e9. D\u00e9li\u00admi\u00adter l\u2019espace sc\u00e9\u00adnique.<br><br>- Par\u00adtir de l\u00e0 o\u00f9 l\u2019on est, de com\u00adment on se sent, de ce qui se passe<br>pour nous et autour de nous.<br><br>- Liber\u00adt\u00e9 de venir ou pas, de par\u00adti\u00adci\u00adper ou non, de s\u2019impliquer<br>cha\u00adcun \u00e0&nbsp;sa mesure et \u00e0&nbsp;sa fa\u00e7on sans avoir \u00e0&nbsp;se jus\u00adti\u00adfier et sans<br>que cela ne g\u00eane qui\u00adconque.<br><br>- Non-juge\u00adment, alli\u00e9 \u00e0&nbsp;l\u2019\u00e9valuation de ce que nous fai\u00adsons. Le<br>non-juge\u00adment des per\u00adsonnes est incon\u00addi\u00adtion\u00adnel.<br><br>- Exer\u00adcice de l\u2019esprit cri\u00adtique, dans la forme comme dans le fond.<br>Il est garant de l\u2019\u00e9ducation du regard.<br><br>- Droit \u00e0&nbsp;l\u2019erreur, comme outil d\u2019apprentissage.<br><br>- Int\u00e9\u00adgrer les contraintes (musiques choi\u00adsies, consignes etc.) comme<br>des \u00e9l\u00e9\u00adments envi\u00adron\u00adne\u00admen\u00adtaux qui nous per\u00admettent de res\u00adter reli\u00e9s \u00e0<br>nos sen\u00adsa\u00adtions et \u00e0&nbsp;l\u2019instant.<br><br>- Cr\u00e9a\u00adtion d\u2019un espace d\u2019exp\u00e9rimentation et de cr\u00e9a\u00adti\u00advi\u00adt\u00e9 plu\u00adt\u00f4t que<br>d\u2019un mod\u00e8le.<br><br>- Accor\u00adder autant d\u2019int\u00e9r\u00eat \u00e0&nbsp;l\u2019art de la danse qu\u2019au forum, \u00e0<br>l\u2019involontaire qu\u2019au volon\u00adtaire, \u00e0&nbsp;l\u2019inconscient qu\u2019au conscient.<br><br>- Le mini\u00admum et le suf\u00adfi\u00adsant res\u00adtent une recherche constante&nbsp;: aller \u00e0<br>l\u2019essentiel, \u00e9la\u00adguer l\u2019inutile dans le fond comme dans la forme.<br><br><i>3) Arti\u00adcu\u00adla\u00adtion du th\u00e8me avec le besoin en tant que n\u00e9ces\u00adsi\u00adt\u00e9 imm\u00e9\u00addiate<\/i><br><br>- Un lien appa\u00adra\u00eet entre l\u2019accueil incon\u00addi\u00adtion\u00adnel des sen\u00adsa\u00adtions et<br>la r\u00e9ponse aux besoins per\u00ad\u00e7us \u00e0&nbsp;tra\u00advers ces sen\u00adsa\u00adtions. Si on prend<br>le temps d\u2019observer de fa\u00e7on assez dis\u00adtan\u00adci\u00e9e et \u00ab&nbsp;neutre&nbsp;\u00bb, la<br>sen\u00adsa\u00adtion indique en elle-m\u00eame le besoin et la r\u00e9ponse \u00e0&nbsp;lui don\u00adner.<br>Ain\u00adsi la ten\u00adsion va recen\u00adtrer et redon\u00adner de la coh\u00e9\u00adrence \u00e0&nbsp;ce qui a<br>\u00e9t\u00e9 dis\u00adper\u00ads\u00e9. Ce n\u2019est qu\u2019une fois la coh\u00e9\u00adsion retrou\u00adv\u00e9e gr\u00e2ce \u00e0<br>l\u2019apport de ten\u00adsion que l\u2019organisme peut se d\u00e9tendre pro\u00adfon\u00add\u00e9\u00adment.<br><br>Pour aller des sen\u00adsa\u00adtions au th\u00e8me, nous pas\u00adsons par les besoins.<br>Nom\u00admer les besoins fait res\u00adsor\u00adtir les pro\u00adbl\u00e9\u00adma\u00adtiques, ou du moins ce<br>qui est impor\u00adtant pour nous \u00e0&nbsp;ce moment-l\u00e0. En ne d\u00e9ci\u00addant pas le<br>th\u00e8me en amont, mais en le lais\u00adsant se d\u00e9ve\u00adlop\u00adper selon nos<br>n\u00e9ces\u00adsi\u00adt\u00e9s, nous avons plus de faci\u00adli\u00adt\u00e9 pour que le th\u00e8me ne devienne<br>pas illus\u00adtra\u00adtif.<br><br><i>4) Equi\u00adlibre entre&nbsp;: a) auto-appren\u00adtis\u00adsage et tech\u00adnique, b) invo\u00adlon\u00adtaire et volon\u00adtaire<\/i><br><br>Jusqu\u2019\u00e0 il y&nbsp;a six mois envi\u00adron, nous essayions de nous mettre en<br>condi\u00adtion par des exer\u00adcices pour gui\u00adder, d\u00e9ve\u00adlop\u00adper la sen\u00adsi\u00adbi\u00adli\u00adt\u00e9,<br>explo\u00adrer, faci\u00adli\u00adter les mou\u00adve\u00adments, sou\u00adder le groupe, le dyna\u00admi\u00adser,<br>\u00e9vi\u00adter l\u2019illustration\u2026<br><br>a) Nous avons peu \u00e0&nbsp;peu \u00e9la\u00adgu\u00e9 tout cela, pour per\u00admettre deux<br>pro\u00adces\u00adsus d\u2019auto-apprentissage qui s\u2019\u00e9quilibrent&nbsp;:<br><br>- Le pre\u00admier est celui de \u00ab&nbsp;l\u2019infra-technique&nbsp;\u00bb, qui va de la<br>sen\u00adsa\u00adtion au mou\u00adve\u00adment&nbsp;: l\u2019exploration de nos sen\u00adsa\u00adtions est source<br>d\u2019inspiration, de la danse comme du forum.<br><br>- Le second concerne la pr\u00e9-expres\u00adsi\u00advi\u00adt\u00e9, qui va du mou\u00adve\u00adment \u00e0&nbsp;la<br>sen\u00adsa\u00adtion, comme vivier de tech\u00adniques ajus\u00adt\u00e9es \u00e0&nbsp;nos besoins<br>indi\u00advi\u00adduels et de groupe. La pr\u00e9-expres\u00adsi\u00advi\u00adt\u00e9 per\u00admet un<br>appren\u00adtis\u00adsage tech\u00adnique direc\u00adtif, mais non nor\u00adma\u00adtif ni imi\u00adta\u00adtif, qui<br>per\u00admet \u00e0&nbsp;cha\u00adcun de se r\u00e9ap\u00adpro\u00adprier, par les sen\u00adsa\u00adtions, les<br>mou\u00adve\u00adments ou pos\u00adtures pro\u00adpo\u00ads\u00e9es.<br><br>Que l\u2019on parte du mou\u00adve\u00adment ou de la sen\u00adsa\u00adtion, la neu\u00adtra\u00adli\u00adt\u00e9 est<br>vis\u00e9e, pour jus\u00adte\u00adment que puisse spon\u00adta\u00adn\u00e9\u00adment jaillir l\u2019\u00e9motion. Les<br>deux approches se nour\u00adrissent mutuel\u00adle\u00adment et affinent conscience et<br>per\u00adcep\u00adtion, \u00e0&nbsp;la fois, des mou\u00adve\u00adments et des sen\u00adsa\u00adtions.<br><br>Dans cet appren\u00adtis\u00adsage, l\u2019expertise est \u00e9la\u00adbo\u00adr\u00e9e ou par\u00adta\u00adg\u00e9e de fa\u00e7on<br>coop\u00e9\u00adra\u00adtive, elle n\u2019est pas concen\u00adtr\u00e9e dans les mains d\u2019un ensei\u00adgnant<br>sup\u00adpo\u00ads\u00e9 tout savoir, avec d\u2019autres pour rece\u00advoir. Cela n\u2019exclut pas<br>que cer\u00adtaines par\u00adties de l\u2019atelier soient diri\u00adg\u00e9es par l\u2019un d\u2019entre<br>nous. C\u2019est une fa\u00e7on, pour notre groupe, de ren\u00adfor\u00adcer les<br>indi\u00advi\u00addua\u00adli\u00adt\u00e9s et les exper\u00adtises, et cela nous \u00e9vite de les nivel\u00adler<br>par le bas, comme on peut le voir dans cer\u00adtains col\u00adlec\u00adtifs.<br><br>b) Nous recher\u00adchons aus\u00adsi un \u00e9qui\u00adlibre et un lien entre deux p\u00f4les&nbsp;:<br>celui ax\u00e9 sur l\u2019involontaire, l\u2019intuitif, et l\u2019autre sur le<br>volon\u00adtaire, le rai\u00adson\u00adne\u00adment. Les sen\u00adsa\u00adtions font le lien entre ces<br>deux p\u00f4les, assu\u00adrant la spon\u00adta\u00adn\u00e9i\u00adt\u00e9 du geste.<br><br>L\u2019involontaire n\u2019annihile pas la volon\u00adt\u00e9 ou la d\u00e9ci\u00adsion&nbsp;; c\u2019est plus<br>quelque chose auquel on donne voix \u00e0&nbsp;un moment don\u00adn\u00e9. Redon\u00adner voix \u00e0<br>l\u2019involontaire enri\u00adchit le volon\u00adtaire, lui donne relief, saveur,<br>pro\u00adfon\u00addeur et vice ver\u00adsa. Il reste qu\u2019il est extr\u00ea\u00adme\u00adment dif\u00adfi\u00adcile<br>de d\u00e9ci\u00adder (volon\u00adtai\u00adre\u00adment ?) de don\u00adner voix \u00e0&nbsp;l\u2019involontaire&nbsp;: s\u2019il<br>y a&nbsp;une tech\u00adnique de fond, c\u2019est bien celle-l\u00e0.<br><br><i>5) R\u00f4les pen\u00addant l\u2019atelier<\/i><br><br>Jok\u00e9\u00adri\u00adser, mettre les musiques et fil\u00admer sont des r\u00f4les exer\u00adc\u00e9s par<br>les dan\u00adseurs eux-m\u00eames. D\u00e9ter\u00admi\u00adner qui fait quoi tout au long de<br>l\u2019atelier nous semble impor\u00adtant.<br><br>Prendre des r\u00f4les dif\u00adf\u00e9\u00adrents \u00e0&nbsp;dif\u00adf\u00e9\u00adrents ate\u00adliers per\u00admet d\u2019avoir<br>plu\u00adsieurs angles de vue. Nous avons remar\u00adqu\u00e9 que cela lib\u00e8re le<br>regard cri\u00adtique. Le chan\u00adge\u00adment de r\u00f4le n\u2019a pas besoin d\u2019\u00eatre<br>sys\u00adt\u00e9\u00adma\u00adtique \u00e0&nbsp;chaque ate\u00adlier.<br><br><i>6) Le pro\u00adbl\u00e8me de la pro\u00adbl\u00e9\u00adma\u00adti\u00adsa\u00adtion<\/i><br><br>Nous nous aper\u00adce\u00advons peu \u00e0&nbsp;peu que pro\u00adbl\u00e9\u00adma\u00adti\u00adser ne revient pas \u00e0<br>d\u00e9crire le pro\u00adbl\u00e8me en une phrase ou deux, comme nous nous y<br>exer\u00adcions pen\u00addant les ate\u00adliers, \u00e0&nbsp;la suite des impro\u00advi\u00adsa\u00adtions. Ce<br>n\u2019est pas non plus avoir la r\u00e9ponse avant la ques\u00adtion, selon le<br>sch\u00e9\u00adma du pr\u00e9\u00adsup\u00adpo\u00ads\u00e9 id\u00e9o\u00adlo\u00adgique. En fait, nous fai\u00adsions de la \u00ab&nbsp;<br>pro\u00adbl\u00e9\u00adma\u00adto\u00adlo\u00adgie&nbsp;\u00bb&nbsp;: toute affir\u00adma\u00adtion am\u00e8ne une ques\u00adtion, donc il \u00ab&nbsp;<br>faut&nbsp;\u00bb cher\u00adcher les ques\u00adtions, et en amont, trou\u00adver la pro\u00adbl\u00e9\u00adma\u00adtique.<br>Nous en arri\u00advions \u00e0&nbsp;gom\u00admer la com\u00adplexi\u00adt\u00e9 en l\u2019arrangeant \u00e0&nbsp;notre<br>go\u00fbt, et nous ver\u00adsions dans l\u2019illustration.<br><br>Cette fa\u00e7on de pro\u00adbl\u00e9\u00adma\u00adti\u00adser nous obli\u00adgeait \u00e0 \u00ab&nbsp;reprendre&nbsp;\u00bb<br>l\u2019improvisation \u00e0&nbsp;par\u00adtir de la pro\u00adbl\u00e9\u00adma\u00adtique, au lieu de b\u00e9n\u00e9\u00adfi\u00adcier<br>de son che\u00admi\u00adne\u00adment et d\u2019ajuster nos mou\u00adve\u00adments \u00e0&nbsp;notre res\u00adsen\u00adti.<br><br>La par\u00adtie danse du forum est bas\u00e9e sur la sen\u00adsa\u00adtion de l\u2019instant,<br>fruit de notre his\u00adtoire pas\u00ads\u00e9e, pr\u00e9\u00adsente et \u00e0&nbsp;venir&nbsp;: il n\u2019y a&nbsp;ni<br>rai\u00adson ni n\u00e9ces\u00adsi\u00adt\u00e9 \u00e0&nbsp;reve\u00adnir en arri\u00e8re dans le d\u00e9rou\u00adle\u00adment de la<br>danse forum. Chaque inter\u00adven\u00adtion, par\u00adl\u00e9e ou dan\u00ads\u00e9e, fait avan\u00adcer le<br>mat\u00e9\u00adriau (danse impro\u00advi\u00ads\u00e9e) \u00e0&nbsp;par\u00adtir duquel nous pro\u00adbl\u00e9\u00adma\u00adti\u00adsons.<br><br>A St Michel, nous avons com\u00admen\u00adc\u00e9, avec le public, \u00e0&nbsp;tou\u00adcher du doigt<br>le pro\u00adces\u00adsus r\u00e9flexif de la pro\u00adbl\u00e9\u00adma\u00adti\u00adsa\u00adtion, tel qu\u2019en parle Pau\u00adlo<br>Freire&nbsp;: \u00e9v\u00e9\u00adne\u00adment &gt; r\u00e9ac\u00adtions indi\u00advi\u00adduelles &gt; r\u00e9flexion coop\u00e9\u00adra\u00adtive<br>qui dis\u00adtan\u00adcie et r\u00e9\u00e9va\u00adlue les r\u00e9ac\u00adtions indi\u00advi\u00adduelles &gt; action &gt;<br>\u00e9v\u00e9\u00adne\u00adment &gt; etc.<br><br>R\u00e9fl\u00e9\u00adchir \u00e0&nbsp;nos r\u00e9ac\u00adtions nous en apprend plus que si l\u2019on essayait<br>d\u2019analyser l\u2019\u00e9v\u00e9nement pre\u00admier. La rai\u00adson pour laquelle un tel fait<br>ceci ou cela, on ne la conna\u00eet pas. On sait pas de quoi est faite sa<br>vie, les \u00e9l\u00e9\u00adments d\u00e9ter\u00admi\u00adnants, et ce n\u2019est pas ce qui entre en<br>compte dans la pro\u00adbl\u00e9\u00adma\u00adti\u00adsa\u00adtion. Par contre, r\u00e9fl\u00e9\u00adchir sur nos<br>r\u00e9ac\u00adtions \u00e0&nbsp;un \u00e9v\u00e9\u00adne\u00adment apr\u00e8s l\u2019avoir situ\u00e9 et cir\u00adcons\u00adtan\u00adci\u00e9,<br>r\u00e9ac\u00adtions \u00e9mo\u00adtives, intel\u00adlec\u00adtuelles, cultu\u00adrelles etc., nous per\u00admet<br>d\u2019apprendre quelque chose sur nous-m\u00eames et notre envi\u00adron\u00adne\u00adment. Nous<br>nous exer\u00ad\u00e7ons ain\u00adsi \u00e0&nbsp;d\u00e9ve\u00adlop\u00adper des outils et exper\u00adtises, et voir<br>com\u00adment arti\u00adcu\u00adler l\u2019action que nous allons mettre en \u0153uvre sur la<br>sc\u00e8ne comme dans la vie.<br><br><i>7) La danse forum comme acte poli\u00adtique<\/i><br><br>Trois aspects sont appa\u00adrus&nbsp;:<br><br>- R\u00e9con\u00adci\u00adlia\u00adtion de la danse avec la poli\u00adtique et l\u2019inverse.<br><br>- R\u00e9ap\u00adpro\u00adpria\u00adtion et d\u00e9ve\u00adlop\u00adpe\u00adment de nos exper\u00adtises.<br><br>- Mettre en jeu, en mou\u00adve\u00adment, le corps, pour \u00ab&nbsp;mettre du mou\u00adve\u00adment<br>dans la vie, notre vie&nbsp;\u00bb.<br><br>[Voir wiki&nbsp;: http:\/\/\u200bwiki\u200b.leti\u200b.lt\/\u200bp\u200bm\u200bw\u200bi\u200bk\u200bi\u200b.\u200bp\u200bh\u200bp\u200b?\u200bn\u200b=\u200bD\u200ba\u200bn\u200bs\u200be\u200bF\u200bo\u200br\u200bu\u200bm\u200b.\u200bD\u200ba\u200bn\u200bs\u200be\u200bF\u200bo\u200br\u200bu\u200bm\u200bE\u200bt\u200bP\u200bo\u200bl\u200bi\u200bt\u200bi\u200bque]<br><br><i>8) Regard cri\u00adtique et non jugeant&nbsp;: o\u00f9 situer le \u00ab&nbsp;n\u2019importe quoi&nbsp;\u00bb&nbsp;?<\/i><br><br>Pen\u00addant le bilan de la repr\u00e9\u00adsen\u00adta\u00adtion \u00e0&nbsp;St Michel, les ques\u00adtions du \u00ab&nbsp;<br>n\u2019impoorte quoi&nbsp;\u00bb et de \u00ab&nbsp;l\u2019\u00e9valuation non-jugeante&nbsp;\u00bb ont \u00e9t\u00e9<br>abor\u00add\u00e9es sans trou\u00adver d\u2019entente. Nous y&nbsp;sommes reve\u00adnus pour essayer<br>d\u2019y voir plus clair.<br><br>A- Le n\u2019importe quoi, si tant est qu\u2019il soit une erreur, ne<br>pour\u00adrait-il avoir sa place&nbsp;? N\u2019apprend-on pas de ses erreurs&nbsp;?<br>Certes, et c\u2019est pour cela que le droit \u00e0&nbsp;l\u2019erreur est inali\u00e9\u00adnable<br>pour nous. L\u2019erreur perd son c\u00f4t\u00e9 culpa\u00adbi\u00adli\u00adsa\u00adteur lorsqu\u2019elle est<br>rame\u00adn\u00e9e \u00e0&nbsp;un outil d\u2019apprentissage.<br><br>Il y&nbsp;a une contra\u00addic\u00adtion inh\u00e9\u00adrente \u00e0&nbsp;vou\u00adloir \u00ab&nbsp;\u00e9va\u00adluer sans juger&nbsp;\u00bb,<br>contra\u00addic\u00adtion qu\u2019il faut pour\u00adtant arri\u00adver \u00e0&nbsp;r\u00e9soudre ou au moins<br>assu\u00admer, si nous vou\u00adlons pro\u00adgres\u00adser sur la bonne pente.<br><br>L\u2019exercice consiste \u00e0 \u00ab&nbsp;lais\u00adser une chance&nbsp;\u00bb \u00e0&nbsp;toute expres\u00adsion, et<br>en m\u00eame temps ne pas consi\u00add\u00e9\u00adrer que \u00ab&nbsp;tout se vaut&nbsp;\u00bb. Cen\u00adsure et<br>manque de dis\u00adcer\u00adnem\u00adment sont ren\u00advoy\u00e9s dos \u00e0&nbsp;dos.<br><br>Toute expres\u00adsion sc\u00e9\u00adnique a&nbsp;la pos\u00adsi\u00adbi\u00adli\u00adt\u00e9 d\u2019\u00eatre per\u00adti\u00adnente,<br>bien\u00adve\u00adnue, f\u00e9con\u00adda\u00adtrice, cela d\u00e9pend en fait du contexte&nbsp;: assu\u00adm\u00e9e,<br>elle peut faire sa place.<br><br>B- Prendre posi\u00adtion face au n\u2019importe quoi nous a&nbsp;ouverts \u00e0&nbsp;de<br>nom\u00adbreuses ques\u00adtions. Com\u00adment dis\u00adcer\u00adner ce qui est bon ou beau de ce<br>qui ne l\u2019est pas, ce qui est per\u00adti\u00adnent de ce qui ne fait pas sens&nbsp;?<br>Au nom de quoi&nbsp;?<br><br>a) Une pre\u00admi\u00e8re r\u00e9ponse consiste \u00e0&nbsp;ne pas g\u00e9n\u00e9\u00adra\u00adli\u00adser pour autrui ce<br>que l\u2019on sent ou res\u00adsent. Ce qui ne fait pas sens pour soi peut<br>faire sens pour l\u2019autre. Et le go\u00fbt change et \u00e9vo\u00adlue, la proxi\u00admi\u00adt\u00e9<br>ou la fami\u00adlia\u00adri\u00adt\u00e9 avec une \u0153uvre, avec son auteur ou ceux qui<br>l\u2019appr\u00e9cient, nous la rendent plus acces\u00adsible.<br><br>b) Une deuxi\u00e8me r\u00e9ponse qui nous est venue est que le \u00ab&nbsp;n\u2019importe<br>quoi&nbsp;\u00bb ne peut \u00eatre d\u00e9si\u00adgn\u00e9 comme tel que par rap\u00adport \u00e0&nbsp;des cri\u00adt\u00e8res<br>\u00e9non\u00adc\u00e9s, et consen\u00adsuels si l\u2019on est au sein d\u2019un groupe.<br><br>- Nous avions \u00e0&nbsp;St Michel \u00e9vo\u00adqu\u00e9, pour d\u00e9si\u00adgner le \u00ab&nbsp;n\u2019importe quoi&nbsp;\u00bb,<br>ce qui ne res\u00adpec\u00adtait pas soi, ou les autres. Le res\u00adpect serait donc<br>un cri\u00adt\u00e8re, m\u00eame si cette notion ne repr\u00e9\u00adsente pas tout \u00e0&nbsp;fait la<br>m\u00eame chose pour cha\u00adcun. Lorsqu\u2019un sexe en \u00e9rec\u00adtion est mon\u00adtr\u00e9 sur<br>sc\u00e8ne, comme c\u2019est par\u00adfois le cas en danse contem\u00adpo\u00adraine, les uns<br>crient au n\u2019importe quoi, au manque de res\u00adpect, les autres y&nbsp;voient<br>du g\u00e9nie. L\u2019histoire de l\u2019art est faite de ces fric\u00adtions sommes<br>toutes b\u00e9n\u00e9\u00adfiques puisqu\u2019elles font \u00e9vo\u00adluer les esprits.<br><br>Par contre, cha\u00adcun peut savoir s\u2019il se manque de res\u00adpect ou que<br>quelqu\u2019un lui manque de res\u00adpect. Cela lui appar\u00adtient, c\u2019est son<br>jar\u00addin int\u00e9\u00adrieur.<br><br>- En danse forum, nous essayons de dan\u00adser selon nos sen\u00adsa\u00adtions, qui<br>se r\u00e9sument pour un dan\u00adseur aux sen\u00adsa\u00adtions du temps, de l\u2019espace et<br>du poids.<br><br>Mais faire de la sen\u00adsa\u00adtion un cri\u00adt\u00e8re pose \u00e0&nbsp;nou\u00adveau pro\u00adbl\u00e8me. Le<br>risque est tou\u00adjours l\u00e0, et nous devons y&nbsp;exer\u00adcer notre vigi\u00adlance, de<br>ne pas faire du cri\u00adt\u00e8re de la sen\u00adsa\u00adtion, quand elle s\u2019applique aux<br>autres, une sorte de dic\u00adta\u00adture, pire qu\u2019un condi\u00adtion\u00adne\u00adment artis\u00adtique<br>\u00e9troit.<br><br>En effet, la neu\u00adtra\u00adli\u00adt\u00e9 abso\u00adlue n\u2019existe pas&nbsp;: d\u00e8s qu\u2019une sen\u00adsa\u00adtion<br>devient per\u00adcep\u00adtible, elle est ins\u00adtan\u00adta\u00adn\u00e9\u00adment influen\u00adc\u00e9e, inter\u00adpr\u00e9\u00adt\u00e9e<br>selon la m\u00e9moire et le v\u00e9cu.<br><br>Il nous faut aus\u00adsi dis\u00adtin\u00adguer la \u00ab&nbsp;sen\u00adsa\u00adtion&nbsp;\u00bb du \u00ab&nbsp;res\u00adsen\u00adti&nbsp;\u00bb. Je<br>peux sen\u00adtir mon poids, mes appuis, les uti\u00adli\u00adser pour bou\u00adger, ou je<br>peux res\u00adsen\u00adtir mon poids, trop lourd ou trop l\u00e9ger \u00e0&nbsp;mon go\u00fbt, avec<br>l\u2019impression de me trai\u00adner ou de ne pas tou\u00adcher terre. Je peux<br>sen\u00adtir que ce dan\u00adseur est pos\u00e9 sur ses appuis, ou res\u00adsen\u00adtir qu\u2019il est<br>vani\u00adteux.<br><br>C- Mais alors, est-ce \u00e0&nbsp;dire que cha\u00adcun se d\u00e9brouille avec sa<br>per\u00adcep\u00adtion sen\u00adso\u00adrielle et ses \u00e9mo\u00adtions, iso\u00adl\u00e9 dans sa sub\u00adjec\u00adti\u00advi\u00adt\u00e9<br>sans que l\u2019on puisse attri\u00adbuer quelque qua\u00adli\u00adt\u00e9 consen\u00adsuelle que ce<br>soit \u00e0&nbsp;une \u0153uvre&nbsp;? S\u2019il en \u00e9tait ain\u00adsi, tout serait au m\u00eame niveau<br>et nous lais\u00adse\u00adrait tous indif\u00adf\u00e9\u00adrents.<br><br>Nous avons tous exp\u00e9\u00adri\u00admen\u00adt\u00e9 ou \u00e9t\u00e9 t\u00e9moins de \u00ab&nbsp;moments de gr\u00e2ce&nbsp;\u00bb, o\u00f9<br>le geste semble \u00ab&nbsp;se faire tout seul&nbsp;\u00bb, en par\u00adfaite ad\u00e9\u00adqua\u00adtion entre<br>l\u2019individu et son envi\u00adron\u00adne\u00adment. La danse aus\u00adsi a&nbsp;ses moments de<br>gr\u00e2ce, quels que soient le style et l\u2019\u00e9poque. Qu\u2019est-ce donc qui<br>agit et qui fait que le public est tou\u00adch\u00e9, arr\u00eate de res\u00adpi\u00adrer&nbsp;? La<br>ques\u00adtion reste ouverte.<br><br>Bien s\u00fbr, entre ces moments rares et pri\u00advi\u00adl\u00e9\u00adgi\u00e9s et les moments<br>d\u2019ennui, il y&nbsp;a toute une palette de qua\u00adli\u00adt\u00e9s dif\u00adf\u00e9\u00adrentes, qui nous<br>touche, \u00e0&nbsp;des endroits dif\u00adf\u00e9\u00adrents de nous-m\u00eames. Et ces moments,<br>infi\u00adnie\u00adment plus nom\u00adbreux que les ins\u00adtants de gr\u00e2ce, sont le mat\u00e9\u00adriau<br>de la vie de l\u2019\u0153uvre, sur lequel l\u2019\u00eatre et l\u2019artiste se construisent.<br>Ils ont leur beau\u00adt\u00e9 propre, et sans eux, nulle \u0153uvre ne peut prendre<br>forme.<br><br>Bien s\u00fbr \u00e9ga\u00adle\u00adment, tel spec\u00adta\u00adteur va \u00eatre tou\u00adch\u00e9 quand le reste de<br>l\u2019audience s\u2019ennuie, tel autre va b\u00e2iller alors que les autres \u00ab&nbsp;<br>s\u2019accrochent&nbsp;\u00bb \u00e0&nbsp;leur fau\u00adteuil.<br><br>Pro\u00adba\u00adble\u00adment le condi\u00adtion\u00adne\u00adment est-il omni\u00adpr\u00e9\u00adsent, et m\u00eame<br>indis\u00adpen\u00adsable \u00e0&nbsp;la for\u00adma\u00adtion du \u00ab&nbsp;go\u00fbt&nbsp;\u00bb comme de cha\u00adcun des cinq<br>sens \u2013 six avec le sens du mou\u00adve\u00adment. Que ce soit phy\u00adsi\u00adque\u00adment ou<br>men\u00adta\u00adle\u00adment, les sens sont condi\u00adtion\u00adn\u00e9s d\u00e8s le ventre de la m\u00e8re.<br>Chaque indi\u00advi\u00addu par\u00adti\u00adcipe \u00e0&nbsp;ce condi\u00adtion\u00adne\u00adment mul\u00adti\u00adforme, le fait<br>sien ou le rejette. Mais chaque indi\u00advi\u00addu a&nbsp;aus\u00adsi son ori\u00adgi\u00adna\u00adli\u00adt\u00e9<br>propre, et c\u2019est de la fric\u00adtion de ces diverses ori\u00adgi\u00adna\u00adli\u00adt\u00e9s,<br>indi\u00advi\u00adduelles ou de groupe, que na\u00eet les richesses cultu\u00adrelles<br>res\u00adpec\u00adtives.<br><br>Entre culture et sen\u00adsa\u00adtion, l\u2019espace n\u2019est pas si grand qu\u2019elles ne<br>puissent \u00eatre reli\u00e9s par une pas\u00adse\u00adrelle&nbsp;: l\u2019art de vivre.<br><br><i>9) Les emprunts au th\u00e9\u00e2tre forum<\/i><br><br>Nous nous ins\u00adpi\u00adrons du th\u00e9\u00e2tre forum puisque c\u2019est de cet outil que<br>nous sommes par\u00adtis.<br>Imi\u00adter le th\u00e9\u00e2tre forum revien\u00addrait \u00e0&nbsp;le pla\u00adgier. Aus\u00adsi est-il<br>impor\u00adtant pour nous de citer les emprunts&nbsp;: cela nous per\u00admet de rendre<br>au t\u00e9\u00e2tre forum ce qui lui appar\u00adtient.<br><br>La struc\u00adture de base de la danse forum est assez simi\u00adlaire \u00e0&nbsp;celle du<br>th\u00e9\u00e2tre forum&nbsp;: un joker fait le lien entre sc\u00e8ne, dan\u00adseurs et public&nbsp;;<br>le th\u00e8me et prin\u00adcipe de pro\u00adbl\u00e9\u00adma\u00adti\u00adsa\u00adtion servent de sup\u00adport<br>d\u2019\u00e9change&nbsp;; le bilan est fait par tous les par\u00adti\u00adci\u00adpants. Tout cela<br>repr\u00e9\u00adsente des carac\u00adt\u00e8res com\u00admuns.<br><br>Mais d\u00e8s le d\u00e9but, la danse forum a&nbsp;eu ses sp\u00e9\u00adci\u00adfi\u00adci\u00adt\u00e9s que nous<br>d\u00e9cou\u00advrons peu \u00e0&nbsp;peu en l\u2019\u00e9laborant. Ain\u00adsi, cer\u00adtains emprunts au<br>th\u00e9\u00e2tre forum se sont r\u00e9v\u00e9\u00adl\u00e9s assez vite inadap\u00adt\u00e9s tels quels, il<br>nous faut les modi\u00adfier et ils \u00e9vo\u00adlue\u00adront pro\u00adba\u00adble\u00adment tou\u00adjours.<br><br>- Elsa nous fait remar\u00adquer que, aupa\u00adra\u00advant, nous uti\u00adli\u00adsions<br>l\u2019opposition \u00ab&nbsp;pro\u00adta\u00adgo\u00adniste \/antagoniste&nbsp;\u00bb et que nous l\u2019avons<br>aban\u00addon\u00adn\u00e9e. Cela s\u2019est pas\u00ads\u00e9 sans que nous en ayons vrai\u00adment<br>conscience.<br><br>- Un autre exemple est celui de ne lais\u00adser entrer sur sc\u00e8ne qu\u2019une<br>seule per\u00adsonne \u00e0&nbsp;la fois. Il nous a&nbsp;fal\u00adlu plus d\u2019un an pour nous<br>aper\u00adce\u00advoir que la danse n\u2019est pas (un lan\u00adgage) lin\u00e9aire&nbsp;: elle<br>demande \u00e0&nbsp;\u00eatre inves\u00adtie sur plu\u00adsieurs dimen\u00adsions, spa\u00adtiales comme<br>tem\u00adpo\u00adrelles.<br><br>- C\u2019est d\u2019ailleurs pour cela que la pro\u00adbl\u00e9\u00adma\u00adtique aus\u00adsi ne peut<br>s\u2019accommoder d\u2019un d\u00e9rou\u00adle\u00adment lin\u00e9aire, auquel nous essayions en vain<br>de nous r\u00e9f\u00e9\u00adrer.<br>Le retour aux sen\u00adsa\u00adtions et \u00e0&nbsp;la \u00ab&nbsp;neu\u00adtra\u00adli\u00adt\u00e9 \u00e9mo\u00adtive&nbsp;\u00bb des trois<br>dimen\u00adsions du mou\u00adve\u00adment (temps, espace et poids\/\u00e9nergie) rend sa<br>libert\u00e9\/versatilit\u00e9 d\u2019interpr\u00e9tation au spec\u00adta\u00addan\u00adseur qui est ame\u00adn\u00e9 \u00e0<br>recr\u00e9er, par ses propres \u00e9mo\u00adtions, l\u2019\u0153uvre \u00e0&nbsp;sa fa\u00e7on. La<br>pro\u00adbl\u00e9\u00adma\u00adtique en est d\u2019autant plus riche et vari\u00e9e, \u00e9vo\u00adlu\u00adtive.<br><br>- Com\u00adment assu\u00adrer la \u00ab&nbsp;lisi\u00adbi\u00adli\u00adt\u00e9&nbsp;\u00bb de la danse sans en faire un \u00ab&nbsp;<br>dis\u00adcours&nbsp;\u00bb est aus\u00adsi une n\u00e9ces\u00adsi\u00adt\u00e9 qui am\u00e8ne des contraintes autres<br>qu\u2019en th\u00e9\u00e2tre forum, dont le m\u00e9dium pri\u00advi\u00adl\u00e9\u00adgi\u00e9 est la parole.<br><br>- Augus\u00adto Boal insiste sur la sim\u00adpli\u00adci\u00adt\u00e9 et la clar\u00adt\u00e9 de la mise en<br>sc\u00e8ne de d\u00e9part, quitte \u00e0&nbsp;uti\u00adli\u00adser des st\u00e9\u00adr\u00e9o\u00adtypes. La sub\u00adti\u00adli\u00adt\u00e9 et<br>la com\u00adplexi\u00adt\u00e9 sont intro\u00adduits par les spect\u2019acteurs.<br><br>En danse forum, nous nous ren\u00addons compte que les st\u00e9\u00adr\u00e9o\u00adtypes ne<br>per\u00admettent pas a&nbsp;prio\u00adri une danse selon \u00ab&nbsp;l\u2019instant d\u00e9ci\u00adsif&nbsp;\u00bb, en<br>accord avec les sen\u00adsa\u00adtions. Mais ce n\u2019est pas auto\u00adma\u00adtique non plus.<br>Les st\u00e9\u00adr\u00e9o\u00adtypes, comme d\u2019ailleurs l\u2019illustration ou la redon\u00addance,<br>peuvent avoir leur place ponc\u00adtuel\u00adle\u00adment, et par\u00adti\u00adci\u00adper \u00e0&nbsp;la magie de<br>l\u2019instant, pour\u00advu qu\u2019ils soient conscien\u00adti\u00ads\u00e9s et assu\u00adm\u00e9s comme tels.<br><br><i>10) Trans\u00admis\u00adsion et repr\u00e9\u00adsen\u00adta\u00adti\u00advi\u00adt\u00e9 de la danse forum<\/i><br><br>Ces ques\u00adtions sont deve\u00adnues in\u00e9vi\u00adtables et nous avons com\u00admen\u00adc\u00e9 \u00e0&nbsp;les<br>consi\u00add\u00e9\u00adrer. Nous sen\u00adtons bien leur impor\u00adtance, et en quoi elles<br>peuvent infl\u00e9\u00adchir la danse forum dans le sens que nous sou\u00adhai\u00adtons<br>consen\u00adsuel\u00adle\u00adment ou a&nbsp;contra\u00adrio.<br><br>Seul un petit groupe a&nbsp;r\u00e9fl\u00e9\u00adchi \u00e0&nbsp;haute voix. Voi\u00adci donc les<br>pr\u00e9\u00admisses d\u2019une r\u00e9flexion qui deman\u00adde\u00adra \u00e0&nbsp;\u00eatre par\u00adta\u00adg\u00e9e, rec\u00adti\u00adfi\u00e9e au<br>besoin, et d\u00e9ve\u00adlop\u00adp\u00e9e par tous les par\u00adti\u00adci\u00adpants r\u00e9gu\u00adliers qui se<br>sentent concer\u00adn\u00e9s par le fonc\u00adtion\u00adne\u00adment de la danse forum.<br><br>Trois cas de figure&nbsp;:<br><br>a- Les ate\u00adliers r\u00e9gu\u00adliers&nbsp;:<br><br>Ils sont ouverts \u00e0&nbsp;tous et gra\u00adtuits (si ce n\u2019est pour rem\u00adbour\u00adser l\u2019assurance).<br><br>L\u2019\u00e9bauche d\u2019une pro\u00adpo\u00adsi\u00adtion fait sur\u00adface&nbsp;: que le der\u00adnier same\u00addi de<br>chaque mois soit l\u2019occasion d\u2019une repr\u00e9\u00adsen\u00adta\u00adtion ouverte au public<br>(connais\u00adsances et amis), ce qui per\u00admet\u00adtrait aux per\u00adsonnes int\u00e9\u00adres\u00ads\u00e9es<br>de se fami\u00adlia\u00adri\u00adser avec la danse forum c\u00f4t\u00e9 public, avant de<br>par\u00adti\u00adci\u00adper aux ate\u00adliers. La pr\u00e9\u00adpa\u00adra\u00adtion des dan\u00adseurs com\u00admen\u00adce\u00adrait \u00e0<br>18H, le public entre\u00adrait \u00e0&nbsp;20H et le forum pren\u00addrait place jusqu\u2019\u00e0<br>23H au plus tard, vision\u00adnage de la video et bilan inclus (\u00e0 confir\u00admer<br>aupr\u00e8s de la mai\u00adrie de Venelles).<br><br>b- Les ate\u00adliers ponc\u00adtuels<br><br>La demande nous est d\u00e9j\u00e0 faite d\u2019envisager de trans\u00admettre la danse<br>forum lors de WE, pour le d\u00e9mar\u00adrage d\u2019un futur groupe par exemple, ou<br>dans le sein d\u2019une asso\u00adcia\u00adtion d\u2019artistes int\u00e9\u00adres\u00ads\u00e9s par notre<br>pra\u00adtique.<br><br>Nous pour\u00adrions pla\u00adni\u00adfier que les dan\u00adseurs de Lam\u00adbesc qui le<br>sou\u00adhaitent se d\u00e9placent ain\u00adsi ponc\u00adtuel\u00adle\u00adment, pour ani\u00admer un ate\u00adlier<br>sur un ou deux jours, avec les per\u00adsonnes qui nous invitent en leur<br>lieu.<br><br>Une r\u00e9mu\u00adn\u00e9\u00adra\u00adtion a&nbsp;\u00e9t\u00e9 envi\u00adsa\u00adg\u00e9e, bien s\u00fbr elle arran\u00adge\u00adrait pas mal<br>d\u2019entre nous&nbsp;; mais la gra\u00adtui\u00adt\u00e9 (frais de d\u00e9pla\u00adce\u00adment et<br>d\u2019h\u00e9bergement rem\u00adbour\u00ads\u00e9s) nous semble impor\u00adtante si l\u2019on ne veut pas<br>entrer dans un sys\u00adt\u00e8me (habi\u00adtuel) qui nous manie\u00adrait \u00e0&nbsp;sa fa\u00e7on et in<br>fine contre notre gr\u00e9. Nous sen\u00adtons clai\u00adre\u00adment qu\u2019ils nous faut<br>mettre en place une forme de trans\u00admis\u00adsion adap\u00adt\u00e9e \u00e0&nbsp;celle de la danse<br>forum.<br><br>c- Les nou\u00adveaux ate\u00adliers<br><br>Le besoin d\u2019ouvrir d\u2019autres ate\u00adliers de danse forum com\u00admence \u00e0&nbsp;se<br>faire sen\u00adtir&nbsp;: tel dan\u00adseur habite loin, conna\u00eet des amis sur place<br>qui vou\u00addraient d\u00e9cou\u00advrir cette pra\u00adtique, il est nor\u00admal qu\u2019un groupe<br>se forme.<br><br>Il nous para\u00eet tout \u00e0&nbsp;fait pos\u00adsible et sou\u00adhai\u00adtable que d\u2019autres<br>ate\u00adliers voient le jour.<br><br>Andr\u00e9ine a&nbsp;pro\u00adpo\u00ads\u00e9 une fa\u00e7on de les dis\u00adtin\u00adguer dans leur carac\u00adt\u00e8re et<br>sp\u00e9\u00adci\u00adfi\u00adci\u00adt\u00e9&nbsp;: por\u00adter le nom de la ville ou du vil\u00adlage o\u00f9 ils ont lieu,<br>comme nous le fai\u00adsons pour les ate\u00adliers danse forum de Lam\u00adbesc. La<br>situa\u00adtion g\u00e9o\u00adgra\u00adphique, pre\u00admi\u00e8re des condi\u00adtions de par\u00adti\u00adci\u00adpa\u00adtion,<br>serait ain\u00adsi indi\u00adqu\u00e9e de suite. Le nom d\u2019un lieu offre une cer\u00adtaine<br>neu\u00adtra\u00adli\u00adt\u00e9 pour pr\u00e9\u00adsen\u00adter un groupe, en met\u00adtant l\u2019accent sur la vie<br>du lieu plu\u00adt\u00f4t que sur un sym\u00adbole per\u00adson\u00adnel. Une autre pro\u00adpo\u00adsi\u00adtion a<br>\u00e9t\u00e9 faite que chaque groupe de danse forum choi\u00adsisse jus\u00adte\u00adment un nom<br>sym\u00adbo\u00adlique pre\u00adpr\u00e9\u00adsen\u00adtant ce qui lui tient \u00e0&nbsp;c\u0153ur.<br><br>Nous avons \u00e9vo\u00adqu\u00e9 la pos\u00adsi\u00adbi\u00adli\u00adt\u00e9 d\u2019une \u00ab&nbsp;charte a&nbsp;mini\u00adma&nbsp;\u00bb de la<br>danse forum, o\u00f9 chaque \u00ab&nbsp;cata\u00adly\u00adseur&nbsp;\u00bb s\u2019engagerait \u00e0&nbsp;pr\u00e9\u00adser\u00adver&nbsp;:<br><br>- l\u2019espace qu\u2019il met \u00e0&nbsp;dis\u00adpo\u00adsi\u00adtion<br><br>- la liber\u00adt\u00e9 de par\u00adti\u00adci\u00adpa\u00adtion et d\u2019implication de cha\u00adcun<br><br>- le res\u00adpect incon\u00addi\u00adtion\u00adnel des autres et de soi<br><br>- et la gra\u00adtui\u00adt\u00e9, nobos\u00adtant les frais incon\u00adtour\u00adnables comme<br>l\u2019assurance et\/ou la loca\u00adtion du lieu si elle est n\u00e9ces\u00adsaire.<br><br>Inter\u00adnet, via la liste danse forum et\/ou le blog<br>http:\/\/danse-forum.over-blog.com\/,&gt;http:\/\/danse-forum.over-blog.com\/, [pour\u00adrait ser\u00advir de lien entre les<br>dif\u00adf\u00e9\u00adrents groupes, avec des rap\u00adports d\u2019ateliers que nous<br>par\u00adta\u00adge\u00adrions pour nous tenir au cou\u00adrant mutuel\u00adle\u00adment de nos<br>trou\u00advailles, dif\u00adfi\u00adcul\u00adt\u00e9s et avan\u00adc\u00e9es. Ain\u00adsi la danse forum<br>aura-t-elle peut-\u00eatre une chance de se d\u00e9ve\u00adlop\u00adper dans \u2026 \u00ab&nbsp;l\u2019harmonie&nbsp;\u00bb.<br><br>Dans les trois cas d\u2019ateliers, r\u00e9gu\u00adliers, ponc\u00adtuels ou nou\u00adveaux, la<br>danse forum ne se pr\u00e9\u00adsente pas comme un col\u00adlec\u00adtif, mais plu\u00adt\u00f4t comme<br>un \u00ab&nbsp;groupe de recherche-action coop\u00e9\u00adra\u00adtive&nbsp;\u00bb, terme emprun\u00adt\u00e9 \u00e0&nbsp;Guy<br>Poi\u00adte\u00advin* (ins\u00adpi\u00adr\u00e9 de Pau\u00adlo Freire), et auquel nous sommes arri\u00adv\u00e9s<br>apr\u00e8s avoir ana\u00adly\u00ads\u00e9 en quoi la danse forum est un acte poli\u00adtique.<br><br>Signa\u00adture&nbsp;:<br>Le groupe de (recherche-action coop\u00e9\u00adra\u00adtive en) danse forum de Lam\u00adbesc<br>R\u00e9dac\u00adtion&nbsp;: Andr\u00e9ine Bel<\/p><p style=\"color:green; text-align:right !important;\">Article cr\u00e9\u00e9 le 16\/02\/2020<\/p>","protected":false},"excerpt":{"rendered":"<p>Dan\u00adse\u00adFo\u00adrum\u2192 aPro\u00adpos\u00adDe\u00adLa\u00adDan\u00adse\u00adFo\u00adrum !! Brains\u00adtor\u00adming II \u2013 15 octobre 2007 Ce brains\u00adtor\u00adming II est le fruit de trois ren\u00adcontres en petits\u00adgroupes au sein de la danse forum, le 8\/7\/07, le 6\/8\/07 et le18\/9\/07. Notre sup\u00adport de r\u00e9flexion a&nbsp;\u00e9t\u00e9 la repr\u00e9\u00adsen\u00adta\u00adtion publi\u00adque\u00addu 7\/7\/07 \u00e0&nbsp;St Michel l\u2019Observatoire, qui est venue confir\u00admer ouinfir\u00admer nos avan\u00adc\u00e9es concep\u00adtuelles de l\u2019ann\u00e9e. 1) Repr\u00e9\u00adsen\u00adta\u00adtion publique Repr\u00e9\u00adsen\u00adter publi\u00adque\u00adment notre \u00ab&nbsp;tra\u00advail de labo\u00adra\u00adtoire&nbsp;\u00bb nous posaitpro\u00adbl\u00e8me. Jusqu\u2019\u00e0 pr\u00e9\u00adsent, nous nous arran\u00adgions, mal\u00adgr\u00e9 nous et\/oupar com\u00admo\u00addi\u00adt\u00e9, pour incor\u00adpo\u00adrer le public \u00e0&nbsp;l\u2019atelier. Le&nbsp;[\u2026]<\/p>\n","protected":false},"author":2,"featured_media":0,"comment_status":"open","ping_status":"open","sticky":false,"template":"","format":"standard","meta":{"wp_typography_post_enhancements_disabled":false,"footnotes":""},"categories":[129],"tags":[218],"class_list":["post-71","post","type-post","status-publish","format-standard","hentry","category-a_propos_de_la_df","tag-df_a_propos"],"yoast_head":"<!-- This site is optimized with the Yoast SEO plugin v27.5 - https:\/\/yoast.com\/product\/yoast-seo-wordpress\/ -->\n<title>Brainstorming B - Le TILT<\/title>\n<meta name=\"robots\" content=\"index, follow, max-snippet:-1, max-image-preview:large, max-video-preview:-1\" \/>\n<link rel=\"canonical\" href=\"https:\/\/www.leti.lt\/wordpress\/danseforum-brainstormingb\/\" \/>\n<meta property=\"og:locale\" content=\"fr_FR\" \/>\n<meta property=\"og:type\" content=\"article\" \/>\n<meta property=\"og:title\" content=\"Brainstorming B - Le TILT\" \/>\n<meta property=\"og:description\" content=\"Dan\u00adse\u00adFo\u00adrum\u2192 aPro\u00adpos\u00adDe\u00adLa\u00adDan\u00adse\u00adFo\u00adrum !! Brains\u00adtor\u00adming II \u2013 15 octobre 2007 Ce brains\u00adtor\u00adming II est le fruit de trois ren\u00adcontres en petitsgroupes au sein de la danse forum, le 8\/7\/07, le 6\/8\/07 et le18\/9\/07. Notre sup\u00adport de r\u00e9flexion a&nbsp;\u00e9t\u00e9 la repr\u00e9\u00adsen\u00adta\u00adtion publiquedu 7\/7\/07 \u00e0&nbsp;St Michel l\u2019Observatoire, qui est venue confir\u00admer ouinfir\u00admer nos avan\u00adc\u00e9es concep\u00adtuelles de l\u2019ann\u00e9e. 1) Repr\u00e9\u00adsen\u00adta\u00adtion publique Repr\u00e9\u00adsen\u00adter publi\u00adque\u00adment notre \u00ab&nbsp;tra\u00advail de labo\u00adra\u00adtoire&nbsp;\u00bb nous posaitpro\u00adbl\u00e8me. Jusqu\u2019\u00e0 pr\u00e9\u00adsent, nous nous arran\u00adgions, mal\u00adgr\u00e9 nous et\/oupar com\u00admo\u00addi\u00adt\u00e9, pour incor\u00adpo\u00adrer le public \u00e0&nbsp;l\u2019atelier. Le [&hellip;]\" \/>\n<meta property=\"og:url\" content=\"https:\/\/www.leti.lt\/wordpress\/danseforum-brainstormingb\/\" \/>\n<meta property=\"og:site_name\" content=\"Le TILT\" \/>\n<meta property=\"article:published_time\" content=\"2020-02-16T14:30:31+00:00\" \/>\n<meta name=\"author\" content=\"Andr\u00e9ine Bel\" \/>\n<meta name=\"twitter:card\" content=\"summary_large_image\" \/>\n<meta name=\"twitter:label1\" content=\"\u00c9crit par\" \/>\n\t<meta name=\"twitter:data1\" content=\"Andr\u00e9ine Bel\" \/>\n\t<meta name=\"twitter:label2\" content=\"Dur\u00e9e de lecture estim\u00e9e\" \/>\n\t<meta name=\"twitter:data2\" content=\"18 minutes\" \/>\n<script type=\"application\/ld+json\" class=\"yoast-schema-graph\">{\"@context\":\"https:\\\/\\\/schema.org\",\"@graph\":[{\"@type\":\"Article\",\"@id\":\"https:\\\/\\\/www.leti.lt\\\/wordpress\\\/danseforum-brainstormingb\\\/#article\",\"isPartOf\":{\"@id\":\"https:\\\/\\\/www.leti.lt\\\/wordpress\\\/danseforum-brainstormingb\\\/\"},\"author\":{\"name\":\"Andr\u00e9ine Bel\",\"@id\":\"https:\\\/\\\/www.leti.lt\\\/wordpress\\\/#\\\/schema\\\/person\\\/9bb307b2af8fbb575bb3603e57951f75\"},\"headline\":\"Brainstorming B\",\"datePublished\":\"2020-02-16T14:30:31+00:00\",\"mainEntityOfPage\":{\"@id\":\"https:\\\/\\\/www.leti.lt\\\/wordpress\\\/danseforum-brainstormingb\\\/\"},\"wordCount\":3633,\"commentCount\":0,\"keywords\":[\"DF_A_propos\"],\"articleSection\":[\"\u00c0 propos de la DF\"],\"inLanguage\":\"fr-FR\",\"potentialAction\":[{\"@type\":\"CommentAction\",\"name\":\"Comment\",\"target\":[\"https:\\\/\\\/www.leti.lt\\\/wordpress\\\/danseforum-brainstormingb\\\/#respond\"]}]},{\"@type\":\"WebPage\",\"@id\":\"https:\\\/\\\/www.leti.lt\\\/wordpress\\\/danseforum-brainstormingb\\\/\",\"url\":\"https:\\\/\\\/www.leti.lt\\\/wordpress\\\/danseforum-brainstormingb\\\/\",\"name\":\"Brainstorming B - Le TILT\",\"isPartOf\":{\"@id\":\"https:\\\/\\\/www.leti.lt\\\/wordpress\\\/#website\"},\"datePublished\":\"2020-02-16T14:30:31+00:00\",\"author\":{\"@id\":\"https:\\\/\\\/www.leti.lt\\\/wordpress\\\/#\\\/schema\\\/person\\\/9bb307b2af8fbb575bb3603e57951f75\"},\"breadcrumb\":{\"@id\":\"https:\\\/\\\/www.leti.lt\\\/wordpress\\\/danseforum-brainstormingb\\\/#breadcrumb\"},\"inLanguage\":\"fr-FR\",\"potentialAction\":[{\"@type\":\"ReadAction\",\"target\":[\"https:\\\/\\\/www.leti.lt\\\/wordpress\\\/danseforum-brainstormingb\\\/\"]}]},{\"@type\":\"BreadcrumbList\",\"@id\":\"https:\\\/\\\/www.leti.lt\\\/wordpress\\\/danseforum-brainstormingb\\\/#breadcrumb\",\"itemListElement\":[{\"@type\":\"ListItem\",\"position\":1,\"name\":\"Accueil\",\"item\":\"https:\\\/\\\/www.leti.lt\\\/wordpress\\\/\"},{\"@type\":\"ListItem\",\"position\":2,\"name\":\"Brainstorming B\"}]},{\"@type\":\"WebSite\",\"@id\":\"https:\\\/\\\/www.leti.lt\\\/wordpress\\\/#website\",\"url\":\"https:\\\/\\\/www.leti.lt\\\/wordpress\\\/\",\"name\":\"Le TILT\",\"description\":\"Recherche, publication, cr\u00e9ation artistique\",\"potentialAction\":[{\"@type\":\"SearchAction\",\"target\":{\"@type\":\"EntryPoint\",\"urlTemplate\":\"https:\\\/\\\/www.leti.lt\\\/wordpress\\\/?s={search_term_string}\"},\"query-input\":{\"@type\":\"PropertyValueSpecification\",\"valueRequired\":true,\"valueName\":\"search_term_string\"}}],\"inLanguage\":\"fr-FR\"},{\"@type\":\"Person\",\"@id\":\"https:\\\/\\\/www.leti.lt\\\/wordpress\\\/#\\\/schema\\\/person\\\/9bb307b2af8fbb575bb3603e57951f75\",\"name\":\"Andr\u00e9ine Bel\",\"image\":{\"@type\":\"ImageObject\",\"inLanguage\":\"fr-FR\",\"@id\":\"https:\\\/\\\/secure.gravatar.com\\\/avatar\\\/4ab041ec7c7ad3b90293023e86528ec1a700ce2971ff61811b2df6b288dd1f38?s=96&d=identicon&r=g\",\"url\":\"https:\\\/\\\/secure.gravatar.com\\\/avatar\\\/4ab041ec7c7ad3b90293023e86528ec1a700ce2971ff61811b2df6b288dd1f38?s=96&d=identicon&r=g\",\"contentUrl\":\"https:\\\/\\\/secure.gravatar.com\\\/avatar\\\/4ab041ec7c7ad3b90293023e86528ec1a700ce2971ff61811b2df6b288dd1f38?s=96&d=identicon&r=g\",\"caption\":\"Andr\u00e9ine Bel\"},\"url\":\"https:\\\/\\\/www.leti.lt\\\/wordpress\\\/author\\\/andreine\\\/\"}]}<\/script>\n<!-- \/ Yoast SEO plugin. -->","yoast_head_json":{"title":"Brainstorming B - Le TILT","robots":{"index":"index","follow":"follow","max-snippet":"max-snippet:-1","max-image-preview":"max-image-preview:large","max-video-preview":"max-video-preview:-1"},"canonical":"https:\/\/www.leti.lt\/wordpress\/danseforum-brainstormingb\/","og_locale":"fr_FR","og_type":"article","og_title":"Brainstorming B - Le TILT","og_description":"Dan\u00adse\u00adFo\u00adrum\u2192 aPro\u00adpos\u00adDe\u00adLa\u00adDan\u00adse\u00adFo\u00adrum !! Brains\u00adtor\u00adming II \u2013 15 octobre 2007 Ce brains\u00adtor\u00adming II est le fruit de trois ren\u00adcontres en petitsgroupes au sein de la danse forum, le 8\/7\/07, le 6\/8\/07 et le18\/9\/07. Notre sup\u00adport de r\u00e9flexion a&nbsp;\u00e9t\u00e9 la repr\u00e9\u00adsen\u00adta\u00adtion publiquedu 7\/7\/07 \u00e0&nbsp;St Michel l\u2019Observatoire, qui est venue confir\u00admer ouinfir\u00admer nos avan\u00adc\u00e9es concep\u00adtuelles de l\u2019ann\u00e9e. 1) Repr\u00e9\u00adsen\u00adta\u00adtion publique Repr\u00e9\u00adsen\u00adter publi\u00adque\u00adment notre \u00ab&nbsp;tra\u00advail de labo\u00adra\u00adtoire&nbsp;\u00bb nous posaitpro\u00adbl\u00e8me. Jusqu\u2019\u00e0 pr\u00e9\u00adsent, nous nous arran\u00adgions, mal\u00adgr\u00e9 nous et\/oupar com\u00admo\u00addi\u00adt\u00e9, pour incor\u00adpo\u00adrer le public \u00e0&nbsp;l\u2019atelier. Le [&hellip;]","og_url":"https:\/\/www.leti.lt\/wordpress\/danseforum-brainstormingb\/","og_site_name":"Le TILT","article_published_time":"2020-02-16T14:30:31+00:00","author":"Andr\u00e9ine Bel","twitter_card":"summary_large_image","twitter_misc":{"\u00c9crit par":"Andr\u00e9ine Bel","Dur\u00e9e de lecture estim\u00e9e":"18 minutes"},"schema":{"@context":"https:\/\/schema.org","@graph":[{"@type":"Article","@id":"https:\/\/www.leti.lt\/wordpress\/danseforum-brainstormingb\/#article","isPartOf":{"@id":"https:\/\/www.leti.lt\/wordpress\/danseforum-brainstormingb\/"},"author":{"name":"Andr\u00e9ine Bel","@id":"https:\/\/www.leti.lt\/wordpress\/#\/schema\/person\/9bb307b2af8fbb575bb3603e57951f75"},"headline":"Brainstorming B","datePublished":"2020-02-16T14:30:31+00:00","mainEntityOfPage":{"@id":"https:\/\/www.leti.lt\/wordpress\/danseforum-brainstormingb\/"},"wordCount":3633,"commentCount":0,"keywords":["DF_A_propos"],"articleSection":["\u00c0 propos de la DF"],"inLanguage":"fr-FR","potentialAction":[{"@type":"CommentAction","name":"Comment","target":["https:\/\/www.leti.lt\/wordpress\/danseforum-brainstormingb\/#respond"]}]},{"@type":"WebPage","@id":"https:\/\/www.leti.lt\/wordpress\/danseforum-brainstormingb\/","url":"https:\/\/www.leti.lt\/wordpress\/danseforum-brainstormingb\/","name":"Brainstorming B - Le TILT","isPartOf":{"@id":"https:\/\/www.leti.lt\/wordpress\/#website"},"datePublished":"2020-02-16T14:30:31+00:00","author":{"@id":"https:\/\/www.leti.lt\/wordpress\/#\/schema\/person\/9bb307b2af8fbb575bb3603e57951f75"},"breadcrumb":{"@id":"https:\/\/www.leti.lt\/wordpress\/danseforum-brainstormingb\/#breadcrumb"},"inLanguage":"fr-FR","potentialAction":[{"@type":"ReadAction","target":["https:\/\/www.leti.lt\/wordpress\/danseforum-brainstormingb\/"]}]},{"@type":"BreadcrumbList","@id":"https:\/\/www.leti.lt\/wordpress\/danseforum-brainstormingb\/#breadcrumb","itemListElement":[{"@type":"ListItem","position":1,"name":"Accueil","item":"https:\/\/www.leti.lt\/wordpress\/"},{"@type":"ListItem","position":2,"name":"Brainstorming B"}]},{"@type":"WebSite","@id":"https:\/\/www.leti.lt\/wordpress\/#website","url":"https:\/\/www.leti.lt\/wordpress\/","name":"Le TILT","description":"Recherche, publication, cr\u00e9ation artistique","potentialAction":[{"@type":"SearchAction","target":{"@type":"EntryPoint","urlTemplate":"https:\/\/www.leti.lt\/wordpress\/?s={search_term_string}"},"query-input":{"@type":"PropertyValueSpecification","valueRequired":true,"valueName":"search_term_string"}}],"inLanguage":"fr-FR"},{"@type":"Person","@id":"https:\/\/www.leti.lt\/wordpress\/#\/schema\/person\/9bb307b2af8fbb575bb3603e57951f75","name":"Andr\u00e9ine Bel","image":{"@type":"ImageObject","inLanguage":"fr-FR","@id":"https:\/\/secure.gravatar.com\/avatar\/4ab041ec7c7ad3b90293023e86528ec1a700ce2971ff61811b2df6b288dd1f38?s=96&d=identicon&r=g","url":"https:\/\/secure.gravatar.com\/avatar\/4ab041ec7c7ad3b90293023e86528ec1a700ce2971ff61811b2df6b288dd1f38?s=96&d=identicon&r=g","contentUrl":"https:\/\/secure.gravatar.com\/avatar\/4ab041ec7c7ad3b90293023e86528ec1a700ce2971ff61811b2df6b288dd1f38?s=96&d=identicon&r=g","caption":"Andr\u00e9ine Bel"},"url":"https:\/\/www.leti.lt\/wordpress\/author\/andreine\/"}]}},"_links":{"self":[{"href":"https:\/\/www.leti.lt\/wordpress\/wp-json\/wp\/v2\/posts\/71","targetHints":{"allow":["GET"]}}],"collection":[{"href":"https:\/\/www.leti.lt\/wordpress\/wp-json\/wp\/v2\/posts"}],"about":[{"href":"https:\/\/www.leti.lt\/wordpress\/wp-json\/wp\/v2\/types\/post"}],"author":[{"embeddable":true,"href":"https:\/\/www.leti.lt\/wordpress\/wp-json\/wp\/v2\/users\/2"}],"replies":[{"embeddable":true,"href":"https:\/\/www.leti.lt\/wordpress\/wp-json\/wp\/v2\/comments?post=71"}],"version-history":[{"count":0,"href":"https:\/\/www.leti.lt\/wordpress\/wp-json\/wp\/v2\/posts\/71\/revisions"}],"wp:attachment":[{"href":"https:\/\/www.leti.lt\/wordpress\/wp-json\/wp\/v2\/media?parent=71"}],"wp:term":[{"taxonomy":"category","embeddable":true,"href":"https:\/\/www.leti.lt\/wordpress\/wp-json\/wp\/v2\/categories?post=71"},{"taxonomy":"post_tag","embeddable":true,"href":"https:\/\/www.leti.lt\/wordpress\/wp-json\/wp\/v2\/tags?post=71"}],"curies":[{"name":"wp","href":"https:\/\/api.w.org\/{rel}","templated":true}]}}