{"id":66,"date":"2020-02-16T15:30:31","date_gmt":"2020-02-16T14:30:31","guid":{"rendered":"https:\/\/www.leti.lt\/wordpress\/?p=66"},"modified":"2020-06-10T13:56:08","modified_gmt":"2020-06-10T11:56:08","slug":"danseforum-bilandfpbtmenregistre","status":"publish","type":"post","link":"https:\/\/www.leti.lt\/wordpress\/danseforum-bilandfpbtmenregistre\/","title":{"rendered":"Bilan Danse forum au PBTM enregistr\u00e9"},"content":{"rendered":"\n<p><a href=\"https:\/\/www.leti.lt\/wordpress\/danseforum-danseforum\/\">Danse forum<\/a><br>\u2192 <a href=\"https:\/\/www.leti.lt\/wordpress\/danseforum-aproposdeladanseforum\/\">Che\u00admi\u00adne\u00adment de la danse forum<\/a><br><br>!!Bilan de la DF du 7\/7\/07 enre\u00adgis\u00adtr\u00e9<br><br><br><br>Le fes\u00adti\u00adval du PBTM a&nbsp;\u00e9t\u00e9 \u00ab&nbsp;un \u00e9crin&nbsp;\u00bb pour la danse forum. Cette<br>repr\u00e9\u00adsen\u00adta\u00adtion a&nbsp;mar\u00adqu\u00e9 un pas, et a&nbsp;nour\u00adri notre dis\u00adcus\u00adsion du 6<br>ao\u00fbt 2007 \u00e0&nbsp;Venelles.<br><br>Cette r\u00e9union a&nbsp;\u00e9t\u00e9 enre\u00adgis\u00adtr\u00e9e et voi\u00adci sa trans\u00adcrip\u00adtion, par Nadine et par Andr\u00e9ine. Je mets entre [\u2026] ce que j\u2019ajoute \u00e0&nbsp;la r\u00e9dac\u00adtion.<br><br>Par\u00adti\u00adci\u00adpants \u00e0&nbsp;la r\u00e9union&nbsp;: Andr\u00e9ine, Ber\u00adnard, Elsa, Johan\u00adna, Ken, Leo\u00adnar\u00addo, Nadine<br><br>Les divers points abor\u00add\u00e9s&nbsp;:<br><br><i>1) Com\u00adprendre pour\u00adquoi le forum du 7&nbsp;juillet 2007 a \u00ab&nbsp;mar\u00adch\u00e9&nbsp;\u00bb<\/i><br><br>- Nous avons eu la pos\u00adsi\u00adbi\u00adli\u00adt\u00e9 de faire une pr\u00e9\u00adpa\u00adra\u00adtion longue et en<br>toute qui\u00e9\u00adtude.<br><br>- Notre public \u00e9tait un groupe de th\u00e9\u00e2tre en tra\u00advail depuis cinq jours.<br><br>- Nous avons impro\u00advi\u00ads\u00e9 la struc\u00adture au fur et \u00e0&nbsp;mesure, en nous<br>adap\u00adtant \u00e0&nbsp;ce qui se pas\u00adsait et aux besoins res\u00adsen\u00adtis.<br><br>- Nous avons eu plai\u00adsir \u00e0&nbsp;dan\u00adser.<br><br><i>2) Liste des points aux\u00adquels nous tenons en DF<\/i><br><br>- Prendre le temps et avoir un lieu pro\u00adt\u00e9\u00adg\u00e9.<br><br>- La liber\u00adt\u00e9 de par\u00adti\u00adci\u00adper ou non, de s\u2019impliquer cha\u00adcun \u00e0&nbsp;sa mesure<br>et \u00e0&nbsp;sa fa\u00e7on sans avoir \u00e0&nbsp;se jus\u00adti\u00adfier et sans que cela ne g\u00e8ne<br>qui\u00adconque.<br><br>- Le non-juge\u00adment, alli\u00e9 \u00e0&nbsp;l\u2019\u00e9valuation de ce que nous fai\u00adsons. Le<br>non-juge\u00adment des per\u00adsonnes.<br><br>- La cr\u00e9a\u00adtion d\u2019un espace de cr\u00e9a\u00adti\u00advi\u00adt\u00e9 plu\u00adt\u00f4t que d\u2019un mod\u00e8le.<br><br>- L\u2019exercice de l\u2019esprit cri\u00adtique, dans la forme comme dans le fond.<br>\u00c9du\u00adca\u00adtion du regard.<br><br>- Accor\u00adder autant d\u2019int\u00e9r\u00eat \u00e0&nbsp;l\u2019art de la danse qu\u2019au forum.<br><br>- Par\u00adtir de l\u00e0 o\u00f9 l\u2019on est, de com\u00adment on se sent, de ce qui se passe<br>pour nous et autour de nous.<br><br>- Le mini\u00admum et le suf\u00adfi\u00adsant&nbsp;: une recherche constante.<br><br><i>3) La DF comme acte poli\u00adtique<\/i><br><br>- R\u00e9con\u00adci\u00adlia\u00adtion de la danse avec la poli\u00adtique et l\u2019inverse.<br><br>- R\u00e9apro\u00adpria\u00adtion et d\u00e9ve\u00adlop\u00adpe\u00adment de nos exper\u00adtises.<br><br><i>4) Arti\u00adcu\u00adla\u00adtion du th\u00e8me avec le besoin<\/i><br><br>Un lien appa\u00adra\u00eet entre l\u2019accueil incon\u00addi\u00adtion\u00adnel des sen\u00adsa\u00adtions et la<br>r\u00e9ponse aux besoins per\u00ad\u00e7us \u00e0&nbsp;tra\u00advers les sen\u00adsa\u00adtions. [Une ten\u00adsion,<br>par exemple, est d\u00e9j\u00e0 \u00e0&nbsp;la fois l\u2019expression et la r\u00e9ponse au besoin<br>de coh\u00e9sion\/recentrage de l\u2019organisme.] Lorsque l\u2019envie tient compte<br>du besoin, elle a&nbsp;plus de chance d\u2019\u00eatre com\u00adbl\u00e9e.<br><br>Pour aller des sen\u00adsa\u00adtions au th\u00e8me, nous pas\u00adsons par les besoins.<br>Nom\u00admer les besoins fait res\u00adsor\u00adtir les pro\u00adbl\u00e8mes, ou du moins ce qui<br>est impor\u00adtant pour nous \u00e0&nbsp;ce moment-l\u00e0. En n\u2019\u00e9laborant pas le th\u00e8me<br>en amont, mais en le lais\u00adsant se d\u00e9ve\u00adlop\u00adper selon nos besoins, nous<br>avons plus de faci\u00adli\u00adt\u00e9 \u00e0&nbsp;ce que que le th\u00e8me ne devienne pas<br>illus\u00adtra\u00adtif.<br><br><i>5) Exer\u00adcices, exper\u00adtise et tech\u00adnique<\/i><br><br>Jusqu\u2019\u00e0 il y&nbsp;a six mois envi\u00adron, nous essayions de nous mettre en<br>condi\u00adtion par des exer\u00adcices pour gui\u00adder, d\u00e9ve\u00adlop\u00adper la sen\u00adsi\u00adbi\u00adli\u00adt\u00e9,<br>explo\u00adrer, faci\u00adli\u00adter les mou\u00adve\u00adments, sou\u00adder le groupe, le dyna\u00admi\u00adser,<br>\u00e9vi\u00adter l\u2019illustration\u2026<br><br>Nous avons peu \u00e0&nbsp;peu \u00e9la\u00adgu\u00e9 tout cela, pour per\u00admettre deux pro\u00adces\u00adsus<br>d\u2019auto-apprentissage. Le pre\u00admier est celui de \u00ab&nbsp;l\u2019infra-technique&nbsp;\u00bb,<br>\u00e0 tra\u00advers l\u2019exploration de nos sen\u00adsa\u00adtions comme source d\u2019inspiration<br>de la danse comme du forum. Le second concerne la pr\u00e9-expres\u00adsi\u00advi\u00adt\u00e9,<br>comme vivier de tech\u00adniques ajus\u00adt\u00e9es \u00e0&nbsp;nos besoins indi\u00advi\u00adduels et de<br>groupe. [Ain\u00adsi, on ne pose pas la tech\u00adnique en pre\u00admier, elle na\u00eet de<br>la danse et de son forum.]<br><br>Dans cet appren\u00adtis\u00adsage, l\u2019expertise est \u00e9la\u00adbo\u00adr\u00e9e ou par\u00adta\u00adg\u00e9e de fa\u00e7on<br>coop\u00e9\u00adra\u00adtive, elle n\u2019est pas concen\u00adtr\u00e9e dans les mains d\u2019un ensei\u00adgnant<br>sup\u00adpo\u00ads\u00e9 savoir, avec d\u2019autres pour rece\u00advoir. C\u2019est une fa\u00e7on, pour<br>notre groupe, de ren\u00adfor\u00adcer les indi\u00advi\u00addua\u00adli\u00adt\u00e9s et les exper\u00adtises, au<br>lieu de les nive\u00adler par le bas, comme cela peut arri\u00adver dans les<br>col\u00adlec\u00adtifs.<br><br>Nous avons d\u00e9cou\u00advert qu\u2019il suf\u00adfi\u00adsait pour nous d\u2019int\u00e9grer les<br>contraintes (musiques, consignes etc.) comme des \u00e9l\u00e9\u00adments<br>envi\u00adron\u00adne\u00admen\u00adtaux pour pou\u00advoir res\u00adter reli\u00e9s \u00e0&nbsp;nos sen\u00adsa\u00adtions et \u00e0<br>l\u2019instant.<br><br>Le besoin se fait sen\u00adtir pour nous d\u2019une approche tech\u00adnique plus<br>d\u00e9ve\u00adlop\u00adp\u00e9e pour la danse. Elle gar\u00adde\u00adrait cette exi\u00adgence cri\u00adtique qui<br>nous est ch\u00e8re.<br><br>Nous recher\u00adchons en fait un \u00e9qui\u00adlibre et un lien entre deux p\u00f4les&nbsp;:<br>celui ax\u00e9 sur l\u2019involontaire, l\u2019intuitif, et l\u2019autre sur le<br>volon\u00adtaire, le rai\u00adson\u00adne\u00adment. [Les sen\u00adsa\u00adtions fai\u00adsant le lien entre<br>ces deux p\u00f4les]<br><br>L\u2019involontaire n\u2019annihile pas la volon\u00adt\u00e9 ou la d\u00e9ci\u00adsion&nbsp;; c\u2019est plus<br>quelque chose auquel on donne voix \u00e0&nbsp;un moment don\u00adn\u00e9. Redon\u00adner voix \u00e0<br>l\u2019involontaire enri\u00adchit le volon\u00adtaire, lui donne relief, saveur,<br>pro\u00adfon\u00addeur. [et vice ver\u00adsa.]<br><br><i>6) R\u00f4les pen\u00addant l\u2019atelier<\/i><br><br>D\u00e9ter\u00admi\u00adner qui fait quoi \u00e0&nbsp;chaque ate\u00adlier nous semble impor\u00adtant, sans<br>que le chan\u00adge\u00adment ne devienne sys\u00adt\u00e9\u00adma\u00adtique.<br><br>Prendre des r\u00f4les dif\u00adf\u00e9\u00adrents au long des ate\u00adliers per\u00admet d\u2019avoir<br>plu\u00adsieurs angles de vue, cela \u00e9duque et lib\u00e8re le regard cri\u00adtique.<br><br><i>7) Le pro\u00adbl\u00e8me de la pro\u00adbl\u00e9\u00adma\u00adti\u00adsa\u00adtion<\/i><br><br>Nous nous aper\u00adce\u00advons peu \u00e0&nbsp;peu que pro\u00adbl\u00e9\u00adma\u00adti\u00adser ne revient pas \u00e0<br>d\u00e9crire le pro\u00adbl\u00e8me en une phrase ou deux, comme nous nous y<br>exer\u00adcions pen\u00addant les ate\u00adliers \u00e0&nbsp;la suite des impro\u00advi\u00adsa\u00adtions. Ce<br>n\u2019est pas non plus avoir la r\u00e9ponse avant la ques\u00adtion, selon le<br>sch\u00e9\u00adma du pr\u00e9\u00adsup\u00adpo\u00ads\u00e9 id\u00e9o\u00adlo\u00adgique. En fait, nous fai\u00adsions de la \u00ab&nbsp;pro\u00adbl\u00e9\u00adma\u00adto\u00adlo\u00adgie&nbsp;\u00bb&nbsp;: toute affir\u00adma\u00adtion am\u00e8ne une ques\u00adtion, donc il \u00ab&nbsp;faut&nbsp;\u00bb cher\u00adcher les ques\u00adtions, et en amont, trou\u00adver la pro\u00adbl\u00e9\u00adma\u00adtique.<br>Nous en arri\u00advions \u00e0&nbsp;gom\u00admer la com\u00adplexi\u00adt\u00e9 en l\u2019arrangeant \u00e0&nbsp;notre<br>go\u00fbt, et nous ver\u00adsions dans l\u2019illustration.<br><br>\u00c9la\u00adbo\u00adrer les ques\u00adtions nous obli\u00adgeait aus\u00adsi \u00e0 \u00ab&nbsp;reprendre&nbsp;\u00bb<br>l\u2019improvisation \u00e0&nbsp;par\u00adtir de la pro\u00adbl\u00e9\u00adma\u00adtique, au lieu de b\u00e9n\u00e9\u00adfi\u00adcier<br>de son che\u00admi\u00adne\u00adment et d\u2019ajuster nos mou\u00adve\u00adments \u00e0&nbsp;notre res\u00adsen\u00adti.<br><br>\u00ab Notre&nbsp;\u00bb danse est bas\u00e9e sur la sen\u00adsa\u00adtion de l\u2019instant, fruit de<br>notre his\u00adtoire pas\u00ads\u00e9e, pr\u00e9\u00adsente et \u00e0&nbsp;venir&nbsp;: il n\u2019y a&nbsp;ni rai\u00adson ni<br>n\u00e9ces\u00adsi\u00adt\u00e9 \u00e0&nbsp;reve\u00adnir en arri\u00e8re dans le d\u00e9rou\u00adle\u00adment de la danse mise<br>en forum. [Chaque inter\u00adven\u00adtion, par\u00adl\u00e9e ou dan\u00ads\u00e9e, fait avan\u00adcer le<br>mat\u00e9\u00adriau (danse impro\u00advi\u00ads\u00e9e) \u00e0&nbsp;par\u00adtir duquel nous pro\u00adbl\u00e9\u00adma\u00adti\u00adsons.]<br><br>A St Michel, nous avons com\u00admen\u00adc\u00e9, avec le public, \u00e0&nbsp;tou\u00adcher du doigt<br>le pro\u00adces\u00adsus r\u00e9flexif de la pro\u00adbl\u00e9\u00adma\u00adti\u00adsa\u00adtion, tel qu\u2019en parle Pau\u00adlo<br>Freire&nbsp;: \u00e9v\u00e9\u00adne\u00adment &gt; r\u00e9ac\u00adtions indi\u00advi\u00adduelles &gt; r\u00e9flexion coop\u00e9\u00adra\u00adtive<br>par rap\u00adport aux r\u00e9ac\u00adtions indi\u00advi\u00adduelles &gt; action &gt; \u00e9v\u00e9\u00adne\u00adment etc.<br><br>R\u00e9fl\u00e9\u00adchir \u00e0&nbsp;nos r\u00e9ac\u00adtions nous en apprend plus que si l\u2019on essayait<br>d\u2019analyser l\u2019\u00e9v\u00e9nement pre\u00admier. Pour\u00adquoi un tel fait ceci ou cela,<br>on ne le sait pas&nbsp;! On ne conna\u00eet pas sa vie, ni les \u00e9l\u00e9\u00adments<br>d\u00e9ter\u00admi\u00adnants, et ce n\u2019est pas ce qui entre en compte dans la<br>pro\u00adbl\u00e9\u00adma\u00adti\u00adsa\u00adtion. Par contre, r\u00e9fl\u00e9\u00adchir sur nos r\u00e9ac\u00adtions \u00e0&nbsp;un<br>\u00e9v\u00e9\u00adne\u00adment, r\u00e9ac\u00adtions \u00e9mo\u00adtives, intel\u00adlec\u00adtuelles, cultu\u00adrelles etc.,<br>nous per\u00admet d\u2019apprendre quelque chose sur nous-m\u00eames et notre<br>envi\u00adron\u00adne\u00adment. [D\u00e9ve\u00adlop\u00adper des outils et exper\u00adtises, et voir com\u00adment<br>arti\u00adcu\u00adler l\u2019action que nous allons mettre en \u0153uvre sur la sc\u00e8ne comme<br>dans la vie.]<br><br><i>8) Les emprunts au th\u00e9\u00e2tre forum<\/i><br><br>Les sp\u00e9\u00adci\u00adfi\u00adci\u00adt\u00e9s de la danse font que cer\u00adtains emprunts au th\u00e9\u00e2tre<br>forum se sont r\u00e9v\u00e9\u00adl\u00e9s assez vite inadap\u00adt\u00e9s. Celui de ne lais\u00adser<br>entrer sur sc\u00e8ne qu\u2019une seule per\u00adsonne \u00e0&nbsp;la fois nous a&nbsp;long\u00adtemps<br>frus\u00adtr\u00e9, jusqu\u2019\u00e0 ce que nous nous aper\u00adce\u00advions que la danse n\u2019est pas<br>lin\u00e9aire comme le verbe&nbsp;: elle demande \u00e0&nbsp;\u00eatre inves\u00adtie sur plu\u00adsieurs<br>dimen\u00adsions, spa\u00adtiales comme tem\u00adpo\u00adrelles.<br><br>[C\u2019est d\u2019ailleurs pour cela que la pro\u00adbl\u00e9\u00adma\u00adtique aus\u00adsi ne peut<br>s\u2019accommoder d\u2019un d\u00e9rou\u00adle\u00adment lin\u00e9aire, auquel nous essayions en vain<br>de nous r\u00e9f\u00e9\u00adrer. Le retour aux sen\u00adsa\u00adtions et \u00e0&nbsp;la neu\u00adtra\u00adli\u00adt\u00e9 des<br>trois dimen\u00adsions du mou\u00adve\u00adment (temps, espace et poids) rend sa<br>libert\u00e9\/versatilit\u00e9 d\u2019interpr\u00e9tation au dan\u00adseur, comme au<br>spec\u00adta\u00addan\u00adseur qui est ame\u00adn\u00e9 \u00e0&nbsp;recr\u00e9er l\u2019\u0153uvre \u00e0&nbsp;sa fa\u00e7on.]<br><br>Elsa nous a&nbsp;fait remar\u00adquer que, aupa\u00adra\u00advant, nous uti\u00adli\u00adsions<br>l\u2019opposition \u00ab&nbsp;pro\u00adta\u00adgo\u00adniste \/antagoniste&nbsp;\u00bb, et que nous l\u2019avons<br>aban\u00addon\u00adn\u00e9e\u2026 Cela s\u2019est pas\u00ads\u00e9 sans que nous en ayons vrai\u00adment<br>conscience.<br><br>Augus\u00adto Boal insiste sur la sim\u00adpli\u00adci\u00adt\u00e9 et la clar\u00adt\u00e9 de la mise en<br>sc\u00e8ne de d\u00e9part, quitte \u00e0&nbsp;uti\u00adli\u00adser des st\u00e9\u00adr\u00e9o\u00adtypes. La sub\u00adti\u00adli\u00adt\u00e9 et<br>la com\u00adplexi\u00adt\u00e9 sont intro\u00adduits par les spect\u2019acteurs. [ En danse<br>forum, nous nous ren\u00addons compte que les st\u00e9\u00adr\u00e9o\u00adtypes ne font pas bon<br>m\u00e9nage avec une danse selon \u00ab&nbsp;l\u2019instant d\u00e9ci\u00adsif&nbsp;\u00bb, les sen\u00adsa\u00adtions<br>etc. Com\u00adment rendre la danse claire et simple sans ver\u00adser dans les<br>st\u00e9\u00adr\u00e9o\u00adtypes est un vrai pro\u00adbl\u00e8me pour nous.]<br><br>[A St Michel, cette remarque d\u2019une spec\u00adta\u00addan\u00adseuse, de la lisi\u00adbi\u00adli\u00adt\u00e9<br>n\u00e9ces\u00adsaire de la danse, nous a&nbsp;sem\u00adbl\u00e9 tr\u00e8s per\u00adti\u00adnente. Com\u00adment<br>assu\u00adrer la \u00ab&nbsp;lisi\u00adbi\u00adli\u00adt\u00e9&nbsp;\u00bb de la danse, com\u00adment l\u2019articuler sans<br>ver\u00adser dans le \u00ab&nbsp;dis\u00adcours&nbsp;\u00bb est une n\u00e9ces\u00adsi\u00adt\u00e9 qui s\u2019impose \u00e0&nbsp;nous peu<br>\u00e0 peu.]<br><br>A pre\u00admi\u00e8re vue, en danse forum, la danse semble pri\u00admer, et en th\u00e9\u00e2tre<br>forum, ce serait la pro\u00adbl\u00e9\u00adma\u00adtique. [Mais cette lec\u00adture est li\u00e9e pour<br>moi \u00e0&nbsp;la com\u00adplexi\u00adt\u00e9 de la pro\u00adbl\u00e9\u00adma\u00adti\u00adsa\u00adtion en danse. Nous cher\u00adchons<br>plu\u00adt\u00f4t, il me semble, un \u00e9qui\u00adlibre entre la danse et le forum.]<br><br>Andr\u00e9ine Bel<\/p>\n<p style=\"color:green; text-align:right !important;\">Article cr\u00e9\u00e9 le 16\/02\/2020 \u2013 modi\u00adfi\u00e9 le 10\/06\/2020<\/p>","protected":false},"excerpt":{"rendered":"<p>Danse forum\u2192 Che\u00admi\u00adne\u00adment de la danse&nbsp;forum !!Bilan de la DF du 7\/7\/07 enre\u00adgis\u00adtr\u00e9 Le fes\u00adti\u00adval du PBTM a&nbsp;\u00e9t\u00e9 \u00ab&nbsp;un \u00e9crin&nbsp;\u00bb pour la danse forum. Cetterepr\u00e9\u00adsen\u00adta\u00adtion a&nbsp;mar\u00adqu\u00e9 un pas, et a&nbsp;nour\u00adri notre dis\u00adcus\u00adsion du 6ao\u00fbt 2007 \u00e0&nbsp;Venelles. Cette r\u00e9union a&nbsp;\u00e9t\u00e9 enre\u00adgis\u00adtr\u00e9e et voi\u00adci sa trans\u00adcrip\u00adtion, par Nadine et par Andr\u00e9ine. Je mets entre [\u2026] ce que j\u2019ajoute \u00e0&nbsp;la r\u00e9dac\u00adtion. Par\u00adti\u00adci\u00adpants \u00e0&nbsp;la r\u00e9union&nbsp;: Andr\u00e9ine, Ber\u00adnard, Elsa, Johan\u00adna, Ken, Leo\u00adnar\u00addo, Nadine Les divers points abor\u00add\u00e9s&nbsp;: 1) Com\u00adprendre pour\u00adquoi le forum du 7&nbsp;juillet 2007&nbsp;[\u2026]<\/p>\n","protected":false},"author":2,"featured_media":0,"comment_status":"open","ping_status":"open","sticky":false,"template":"","format":"standard","meta":{"wp_typography_post_enhancements_disabled":false,"footnotes":""},"categories":[229],"tags":[218],"class_list":["post-66","post","type-post","status-publish","format-standard","hentry","category-cheminement-danseforum","tag-df_a_propos"],"yoast_head":"<!-- This site is optimized with the Yoast SEO plugin v27.5 - https:\/\/yoast.com\/product\/yoast-seo-wordpress\/ -->\n<title>Bilan Danse forum au PBTM enregistr\u00e9 - Le TILT<\/title>\n<meta name=\"robots\" content=\"index, follow, max-snippet:-1, max-image-preview:large, max-video-preview:-1\" \/>\n<link rel=\"canonical\" href=\"https:\/\/www.leti.lt\/wordpress\/danseforum-bilandfpbtmenregistre\/\" \/>\n<meta property=\"og:locale\" content=\"fr_FR\" \/>\n<meta property=\"og:type\" content=\"article\" \/>\n<meta property=\"og:title\" content=\"Bilan Danse forum au PBTM enregistr\u00e9 - Le TILT\" \/>\n<meta property=\"og:description\" content=\"Danse forum\u2192 Che\u00admi\u00adne\u00adment de la danse&nbsp;forum !!Bilan de la DF du 7\/7\/07 enregistr\u00e9 Le fes\u00adti\u00adval du PBTM a&nbsp;\u00e9t\u00e9 \u00ab&nbsp;un \u00e9crin&nbsp;\u00bb pour la danse forum. Cetterepr\u00e9\u00adsen\u00adta\u00adtion a&nbsp;mar\u00adqu\u00e9 un pas, et a&nbsp;nour\u00adri notre dis\u00adcus\u00adsion du 6ao\u00fbt 2007 \u00e0&nbsp;Venelles. Cette r\u00e9union a&nbsp;\u00e9t\u00e9 enre\u00adgis\u00adtr\u00e9e et voi\u00adci sa trans\u00adcrip\u00adtion, par Nadine et par Andr\u00e9ine. Je mets entre [\u2026] ce que j\u2019ajoute \u00e0&nbsp;la r\u00e9daction. Par\u00adti\u00adci\u00adpants \u00e0&nbsp;la r\u00e9union&nbsp;: Andr\u00e9ine, Ber\u00adnard, Elsa, Johan\u00adna, Ken, Leo\u00adnar\u00addo, Nadine Les divers points abord\u00e9s&nbsp;: 1) Com\u00adprendre pour\u00adquoi le forum du 7&nbsp;juillet 2007 [&hellip;]\" \/>\n<meta property=\"og:url\" content=\"https:\/\/www.leti.lt\/wordpress\/danseforum-bilandfpbtmenregistre\/\" \/>\n<meta property=\"og:site_name\" content=\"Le TILT\" \/>\n<meta property=\"article:published_time\" content=\"2020-02-16T14:30:31+00:00\" \/>\n<meta property=\"article:modified_time\" content=\"2020-06-10T11:56:08+00:00\" \/>\n<meta name=\"author\" content=\"Andr\u00e9ine Bel\" \/>\n<meta name=\"twitter:card\" content=\"summary_large_image\" \/>\n<meta name=\"twitter:label1\" content=\"\u00c9crit par\" \/>\n\t<meta name=\"twitter:data1\" content=\"Andr\u00e9ine Bel\" \/>\n\t<meta name=\"twitter:label2\" content=\"Dur\u00e9e de lecture estim\u00e9e\" \/>\n\t<meta name=\"twitter:data2\" content=\"7 minutes\" \/>\n<script type=\"application\/ld+json\" class=\"yoast-schema-graph\">{\"@context\":\"https:\\\/\\\/schema.org\",\"@graph\":[{\"@type\":\"Article\",\"@id\":\"https:\\\/\\\/www.leti.lt\\\/wordpress\\\/danseforum-bilandfpbtmenregistre\\\/#article\",\"isPartOf\":{\"@id\":\"https:\\\/\\\/www.leti.lt\\\/wordpress\\\/danseforum-bilandfpbtmenregistre\\\/\"},\"author\":{\"name\":\"Andr\u00e9ine Bel\",\"@id\":\"https:\\\/\\\/www.leti.lt\\\/wordpress\\\/#\\\/schema\\\/person\\\/9bb307b2af8fbb575bb3603e57951f75\"},\"headline\":\"Bilan Danse forum au PBTM enregistr\u00e9\",\"datePublished\":\"2020-02-16T14:30:31+00:00\",\"dateModified\":\"2020-06-10T11:56:08+00:00\",\"mainEntityOfPage\":{\"@id\":\"https:\\\/\\\/www.leti.lt\\\/wordpress\\\/danseforum-bilandfpbtmenregistre\\\/\"},\"wordCount\":1476,\"commentCount\":0,\"keywords\":[\"DF_A_propos\"],\"articleSection\":[\"Cheminement\"],\"inLanguage\":\"fr-FR\",\"potentialAction\":[{\"@type\":\"CommentAction\",\"name\":\"Comment\",\"target\":[\"https:\\\/\\\/www.leti.lt\\\/wordpress\\\/danseforum-bilandfpbtmenregistre\\\/#respond\"]}]},{\"@type\":\"WebPage\",\"@id\":\"https:\\\/\\\/www.leti.lt\\\/wordpress\\\/danseforum-bilandfpbtmenregistre\\\/\",\"url\":\"https:\\\/\\\/www.leti.lt\\\/wordpress\\\/danseforum-bilandfpbtmenregistre\\\/\",\"name\":\"Bilan Danse forum au PBTM enregistr\u00e9 - Le TILT\",\"isPartOf\":{\"@id\":\"https:\\\/\\\/www.leti.lt\\\/wordpress\\\/#website\"},\"datePublished\":\"2020-02-16T14:30:31+00:00\",\"dateModified\":\"2020-06-10T11:56:08+00:00\",\"author\":{\"@id\":\"https:\\\/\\\/www.leti.lt\\\/wordpress\\\/#\\\/schema\\\/person\\\/9bb307b2af8fbb575bb3603e57951f75\"},\"breadcrumb\":{\"@id\":\"https:\\\/\\\/www.leti.lt\\\/wordpress\\\/danseforum-bilandfpbtmenregistre\\\/#breadcrumb\"},\"inLanguage\":\"fr-FR\",\"potentialAction\":[{\"@type\":\"ReadAction\",\"target\":[\"https:\\\/\\\/www.leti.lt\\\/wordpress\\\/danseforum-bilandfpbtmenregistre\\\/\"]}]},{\"@type\":\"BreadcrumbList\",\"@id\":\"https:\\\/\\\/www.leti.lt\\\/wordpress\\\/danseforum-bilandfpbtmenregistre\\\/#breadcrumb\",\"itemListElement\":[{\"@type\":\"ListItem\",\"position\":1,\"name\":\"Accueil\",\"item\":\"https:\\\/\\\/www.leti.lt\\\/wordpress\\\/\"},{\"@type\":\"ListItem\",\"position\":2,\"name\":\"Bilan Danse forum au PBTM enregistr\u00e9\"}]},{\"@type\":\"WebSite\",\"@id\":\"https:\\\/\\\/www.leti.lt\\\/wordpress\\\/#website\",\"url\":\"https:\\\/\\\/www.leti.lt\\\/wordpress\\\/\",\"name\":\"Le TILT\",\"description\":\"Recherche, publication, cr\u00e9ation artistique\",\"potentialAction\":[{\"@type\":\"SearchAction\",\"target\":{\"@type\":\"EntryPoint\",\"urlTemplate\":\"https:\\\/\\\/www.leti.lt\\\/wordpress\\\/?s={search_term_string}\"},\"query-input\":{\"@type\":\"PropertyValueSpecification\",\"valueRequired\":true,\"valueName\":\"search_term_string\"}}],\"inLanguage\":\"fr-FR\"},{\"@type\":\"Person\",\"@id\":\"https:\\\/\\\/www.leti.lt\\\/wordpress\\\/#\\\/schema\\\/person\\\/9bb307b2af8fbb575bb3603e57951f75\",\"name\":\"Andr\u00e9ine Bel\",\"image\":{\"@type\":\"ImageObject\",\"inLanguage\":\"fr-FR\",\"@id\":\"https:\\\/\\\/secure.gravatar.com\\\/avatar\\\/4ab041ec7c7ad3b90293023e86528ec1a700ce2971ff61811b2df6b288dd1f38?s=96&d=identicon&r=g\",\"url\":\"https:\\\/\\\/secure.gravatar.com\\\/avatar\\\/4ab041ec7c7ad3b90293023e86528ec1a700ce2971ff61811b2df6b288dd1f38?s=96&d=identicon&r=g\",\"contentUrl\":\"https:\\\/\\\/secure.gravatar.com\\\/avatar\\\/4ab041ec7c7ad3b90293023e86528ec1a700ce2971ff61811b2df6b288dd1f38?s=96&d=identicon&r=g\",\"caption\":\"Andr\u00e9ine Bel\"},\"url\":\"https:\\\/\\\/www.leti.lt\\\/wordpress\\\/author\\\/andreine\\\/\"}]}<\/script>\n<!-- \/ Yoast SEO plugin. -->","yoast_head_json":{"title":"Bilan Danse forum au PBTM enregistr\u00e9 - Le TILT","robots":{"index":"index","follow":"follow","max-snippet":"max-snippet:-1","max-image-preview":"max-image-preview:large","max-video-preview":"max-video-preview:-1"},"canonical":"https:\/\/www.leti.lt\/wordpress\/danseforum-bilandfpbtmenregistre\/","og_locale":"fr_FR","og_type":"article","og_title":"Bilan Danse forum au PBTM enregistr\u00e9 - Le TILT","og_description":"Danse forum\u2192 Che\u00admi\u00adne\u00adment de la danse&nbsp;forum !!Bilan de la DF du 7\/7\/07 enregistr\u00e9 Le fes\u00adti\u00adval du PBTM a&nbsp;\u00e9t\u00e9 \u00ab&nbsp;un \u00e9crin&nbsp;\u00bb pour la danse forum. Cetterepr\u00e9\u00adsen\u00adta\u00adtion a&nbsp;mar\u00adqu\u00e9 un pas, et a&nbsp;nour\u00adri notre dis\u00adcus\u00adsion du 6ao\u00fbt 2007 \u00e0&nbsp;Venelles. Cette r\u00e9union a&nbsp;\u00e9t\u00e9 enre\u00adgis\u00adtr\u00e9e et voi\u00adci sa trans\u00adcrip\u00adtion, par Nadine et par Andr\u00e9ine. Je mets entre [\u2026] ce que j\u2019ajoute \u00e0&nbsp;la r\u00e9daction. Par\u00adti\u00adci\u00adpants \u00e0&nbsp;la r\u00e9union&nbsp;: Andr\u00e9ine, Ber\u00adnard, Elsa, Johan\u00adna, Ken, Leo\u00adnar\u00addo, Nadine Les divers points abord\u00e9s&nbsp;: 1) Com\u00adprendre pour\u00adquoi le forum du 7&nbsp;juillet 2007 [&hellip;]","og_url":"https:\/\/www.leti.lt\/wordpress\/danseforum-bilandfpbtmenregistre\/","og_site_name":"Le TILT","article_published_time":"2020-02-16T14:30:31+00:00","article_modified_time":"2020-06-10T11:56:08+00:00","author":"Andr\u00e9ine Bel","twitter_card":"summary_large_image","twitter_misc":{"\u00c9crit par":"Andr\u00e9ine Bel","Dur\u00e9e de lecture estim\u00e9e":"7 minutes"},"schema":{"@context":"https:\/\/schema.org","@graph":[{"@type":"Article","@id":"https:\/\/www.leti.lt\/wordpress\/danseforum-bilandfpbtmenregistre\/#article","isPartOf":{"@id":"https:\/\/www.leti.lt\/wordpress\/danseforum-bilandfpbtmenregistre\/"},"author":{"name":"Andr\u00e9ine Bel","@id":"https:\/\/www.leti.lt\/wordpress\/#\/schema\/person\/9bb307b2af8fbb575bb3603e57951f75"},"headline":"Bilan Danse forum au PBTM enregistr\u00e9","datePublished":"2020-02-16T14:30:31+00:00","dateModified":"2020-06-10T11:56:08+00:00","mainEntityOfPage":{"@id":"https:\/\/www.leti.lt\/wordpress\/danseforum-bilandfpbtmenregistre\/"},"wordCount":1476,"commentCount":0,"keywords":["DF_A_propos"],"articleSection":["Cheminement"],"inLanguage":"fr-FR","potentialAction":[{"@type":"CommentAction","name":"Comment","target":["https:\/\/www.leti.lt\/wordpress\/danseforum-bilandfpbtmenregistre\/#respond"]}]},{"@type":"WebPage","@id":"https:\/\/www.leti.lt\/wordpress\/danseforum-bilandfpbtmenregistre\/","url":"https:\/\/www.leti.lt\/wordpress\/danseforum-bilandfpbtmenregistre\/","name":"Bilan Danse forum au PBTM enregistr\u00e9 - Le TILT","isPartOf":{"@id":"https:\/\/www.leti.lt\/wordpress\/#website"},"datePublished":"2020-02-16T14:30:31+00:00","dateModified":"2020-06-10T11:56:08+00:00","author":{"@id":"https:\/\/www.leti.lt\/wordpress\/#\/schema\/person\/9bb307b2af8fbb575bb3603e57951f75"},"breadcrumb":{"@id":"https:\/\/www.leti.lt\/wordpress\/danseforum-bilandfpbtmenregistre\/#breadcrumb"},"inLanguage":"fr-FR","potentialAction":[{"@type":"ReadAction","target":["https:\/\/www.leti.lt\/wordpress\/danseforum-bilandfpbtmenregistre\/"]}]},{"@type":"BreadcrumbList","@id":"https:\/\/www.leti.lt\/wordpress\/danseforum-bilandfpbtmenregistre\/#breadcrumb","itemListElement":[{"@type":"ListItem","position":1,"name":"Accueil","item":"https:\/\/www.leti.lt\/wordpress\/"},{"@type":"ListItem","position":2,"name":"Bilan Danse forum au PBTM enregistr\u00e9"}]},{"@type":"WebSite","@id":"https:\/\/www.leti.lt\/wordpress\/#website","url":"https:\/\/www.leti.lt\/wordpress\/","name":"Le TILT","description":"Recherche, publication, cr\u00e9ation artistique","potentialAction":[{"@type":"SearchAction","target":{"@type":"EntryPoint","urlTemplate":"https:\/\/www.leti.lt\/wordpress\/?s={search_term_string}"},"query-input":{"@type":"PropertyValueSpecification","valueRequired":true,"valueName":"search_term_string"}}],"inLanguage":"fr-FR"},{"@type":"Person","@id":"https:\/\/www.leti.lt\/wordpress\/#\/schema\/person\/9bb307b2af8fbb575bb3603e57951f75","name":"Andr\u00e9ine Bel","image":{"@type":"ImageObject","inLanguage":"fr-FR","@id":"https:\/\/secure.gravatar.com\/avatar\/4ab041ec7c7ad3b90293023e86528ec1a700ce2971ff61811b2df6b288dd1f38?s=96&d=identicon&r=g","url":"https:\/\/secure.gravatar.com\/avatar\/4ab041ec7c7ad3b90293023e86528ec1a700ce2971ff61811b2df6b288dd1f38?s=96&d=identicon&r=g","contentUrl":"https:\/\/secure.gravatar.com\/avatar\/4ab041ec7c7ad3b90293023e86528ec1a700ce2971ff61811b2df6b288dd1f38?s=96&d=identicon&r=g","caption":"Andr\u00e9ine Bel"},"url":"https:\/\/www.leti.lt\/wordpress\/author\/andreine\/"}]}},"_links":{"self":[{"href":"https:\/\/www.leti.lt\/wordpress\/wp-json\/wp\/v2\/posts\/66","targetHints":{"allow":["GET"]}}],"collection":[{"href":"https:\/\/www.leti.lt\/wordpress\/wp-json\/wp\/v2\/posts"}],"about":[{"href":"https:\/\/www.leti.lt\/wordpress\/wp-json\/wp\/v2\/types\/post"}],"author":[{"embeddable":true,"href":"https:\/\/www.leti.lt\/wordpress\/wp-json\/wp\/v2\/users\/2"}],"replies":[{"embeddable":true,"href":"https:\/\/www.leti.lt\/wordpress\/wp-json\/wp\/v2\/comments?post=66"}],"version-history":[{"count":2,"href":"https:\/\/www.leti.lt\/wordpress\/wp-json\/wp\/v2\/posts\/66\/revisions"}],"predecessor-version":[{"id":667,"href":"https:\/\/www.leti.lt\/wordpress\/wp-json\/wp\/v2\/posts\/66\/revisions\/667"}],"wp:attachment":[{"href":"https:\/\/www.leti.lt\/wordpress\/wp-json\/wp\/v2\/media?parent=66"}],"wp:term":[{"taxonomy":"category","embeddable":true,"href":"https:\/\/www.leti.lt\/wordpress\/wp-json\/wp\/v2\/categories?post=66"},{"taxonomy":"post_tag","embeddable":true,"href":"https:\/\/www.leti.lt\/wordpress\/wp-json\/wp\/v2\/tags?post=66"}],"curies":[{"name":"wp","href":"https:\/\/api.w.org\/{rel}","templated":true}]}}