{"id":65,"date":"2020-02-16T15:30:31","date_gmt":"2020-02-16T14:30:31","guid":{"rendered":"https:\/\/www.leti.lt\/wordpress\/?p=65"},"modified":"2020-06-10T13:39:06","modified_gmt":"2020-06-10T11:39:06","slug":"danseforum-bilandfpbtm","status":"publish","type":"post","link":"https:\/\/www.leti.lt\/wordpress\/danseforum-bilandfpbtm\/","title":{"rendered":"Bilan Danse forum au&nbsp;PBTM"},"content":{"rendered":"\n<p><a href=\"https:\/\/www.leti.lt\/wordpress\/danseforum-danseforum\/\">Danse forum<\/a><br>\u2192 <a href=\"https:\/\/www.leti.lt\/wordpress\/danseforum-aproposdeladanseforum\/\">Che\u00admi\u00adne\u00adment de la danse forum<\/a><br><br>!!Bilan de la DF du 7\/7\/07<br><br><br><br>Le 8\/7\/07<br><br>Bilan avec Alexandre, Andr\u00e9ine, Ber\u00adnard, Chris\u00adtel, Nadine.<br><br><i>1) Ce qui a&nbsp;chan\u00adg\u00e9 cette fois, ou a&nbsp;\u00e9t\u00e9 confir\u00adm\u00e9&nbsp;:<\/i><br><br>- Pour la pre\u00admi\u00e8re fois, le public n\u2019a pas \u00e9t\u00e9 assi\u00admi\u00adl\u00e9 \u00e0&nbsp;l\u2019atelier.<br>Il a&nbsp;par contre beau\u00adcoup par\u00adti\u00adci\u00adp\u00e9. Nous \u00e9tions en repr\u00e9\u00adsen\u00adta\u00adtion<br>r\u00e9elle.<br><br>- Nous avons \u00e9la\u00adbo\u00adr\u00e9 le th\u00e8me \u00e0&nbsp;l\u2019avance de la repr\u00e9\u00adsen\u00adta\u00adtion et sans<br>les spec\u00adta\u00addan\u00adseurs, lors de notre mise en route.<br><br>- Nous n\u2019avons pas for\u00admu\u00adl\u00e9 d\u2019entr\u00e9e le th\u00e8me (l\u2019\u00e9lasticit\u00e9) devant<br>les spec\u00adta\u00addan\u00adseurs, mais une m\u00e9ta\u00adphore sous forme de titre&nbsp;: \u00ab&nbsp;Vers<br>de terre et gibou\u00adl\u00e9es de mars&nbsp;\u00bb.<br><br>- Les spec\u00adta\u00addan\u00adseurs ont trou\u00adv\u00e9 le th\u00e8me et ses pr\u00e9\u00admisses eux-m\u00eames,<br>lors du pre\u00admier retour \u00e0&nbsp;par\u00adtir de la repr\u00e9\u00adsen\u00adta\u00adtion ini\u00adtiale qui a<br>dur\u00e9 20mn envi\u00adron et s\u2019est d\u00e9rou\u00adl\u00e9e en trois tableaux.<br><br>- Ces tableaux n\u2019ont pas \u00e9t\u00e9 repris, comme cela se fait en TF. Pour<br>le forum, nous avons conti\u00adnu\u00e9 \u00e0&nbsp;impro\u00advi\u00adser sur le m\u00eame th\u00e8me, les<br>spec\u00adta\u00addan\u00adseurs sont entr\u00e9s dans des impro\u00advi\u00adsa\u00adtions nou\u00advelles, avec<br>des musiques nou\u00advelles, ce qui les a&nbsp;d\u00e9sta\u00adbi\u00adli\u00ads\u00e9s un temps, mais<br>s\u2019est r\u00e9v\u00e9\u00adl\u00e9 judi\u00adcieux par la suite. En lais\u00adsant ensemble \u00e9vo\u00adluer le<br>th\u00e8me et la pro\u00adbl\u00e9\u00adma\u00adti\u00adsa\u00adtion, nous avons pu tenir compte de tout ce<br>qui s\u2019\u00e9tait pas\u00ads\u00e9 entre deux impro\u00advi\u00adsa\u00adtions et de ce que cela avait<br>modi\u00adfi\u00e9 en nous au niveau des sen\u00adsa\u00adtions. [D\u2019o\u00f9 une grande fra\u00ee\u00adcheur<br>et cr\u00e9a\u00adti\u00advi\u00adt\u00e9.]<br><br>- Le pro\u00adces\u00adsus de pro\u00adbl\u00e9\u00adma\u00adti\u00adsa\u00adtion a&nbsp;avan\u00adc\u00e9, il nous faut encore<br>trou\u00adver ses sp\u00e9\u00adci\u00adfi\u00adci\u00adt\u00e9s en danse.<br><br>- La pro\u00adbl\u00e9\u00adma\u00adti\u00adsa\u00adtion s\u2019est faite apr\u00e8s chaque danse. Cela a&nbsp;per\u00admis<br>de moins intel\u00adlec\u00adtua\u00adli\u00adser, d\u2019\u00eatre en pre\u00admier dans les<br>sensations\/exp\u00e9rimentation, et d\u2019aborder ensuite la r\u00e9flexion, \u00e0<br>chaque \u00e9tape du forum.<br><br>- Aucun spec\u00adta\u00addan\u00adseur n\u2019a fait sor\u00adtir un dan\u00adseur pour le rem\u00adpla\u00adcer.<br>Com\u00adprendre pour\u00adquoi et com\u00adment nous semble impor\u00adtant.<br><br>- Le demi-cercle des spec\u00adta\u00addan\u00adseurs n\u2019a pas suf\u00adfi \u00e0&nbsp;d\u00e9li\u00admi\u00adter la<br>sc\u00e8ne. Sans rep\u00e8re de lignes tra\u00adc\u00e9es, les lignes de forces de la<br>sc\u00e8ne ne sont pas visibles, et les direc\u00adtions prises par les dan\u00adseurs<br>ne donnent plus rien. D\u00e8s le d\u00e9but de l\u2019interaction avec le public,<br>nous avons donc d\u00e9li\u00admi\u00adt\u00e9 une sc\u00e8ne.<br><br><i>2) Consta\u00adta\u00adtions du moment&nbsp;:<\/i><br><br>- Cette repr\u00e9\u00adsen\u00adta\u00adtion du 7\/7\/07 a&nbsp;\u00e9t\u00e9 une s\u00e9ance test pour nous.<br><br>- L\u2019introduction par\u00adl\u00e9e s\u2019adressait aux sta\u00adgiaires du th\u00e9\u00e2tre forum,<br>or il y&nbsp;avait dans la salle des per\u00adsonnes non aver\u00adties. Il aurait<br>fal\u00adlu en tenir compte. Je n\u2019ai pas par\u00adl\u00e9 des buts de la danse forum,<br>car nous avons des avis tr\u00e8s dif\u00adf\u00e9\u00adrents les uns les autres sur la<br>ques\u00adtion. Mais j\u2019aurais d\u00fb par\u00adler de ces dif\u00adf\u00e9\u00adrences, qui font<br>par\u00adtie du pro\u00adces\u00adsus de recherche.<br><br>- La mise en route avec les spec\u00adta\u00addan\u00adseurs s\u2019est bien d\u00e9rou\u00adl\u00e9e&nbsp;:<br>acc\u00e8s aux sen\u00adsa\u00adtions (en silence), puis aux besoins expri\u00adm\u00e9s par les<br>sen\u00adsa\u00adtions (en musique), le tout sur 30 \u00e0&nbsp;40 mn (nous ver\u00adrons sur la<br>vid\u00e9o).<br><br>- La m\u00e9ta\u00adphore du titre est un outil int\u00e9\u00adres\u00adsant.<br><br>- L\u2019espace du dan\u00adseur est par\u00adti\u00adcu\u00adlier et pro\u00adt\u00e9\u00adg\u00e9, il ne doit pas<br>deve\u00adnir un espace de jus\u00adti\u00adfi\u00adca\u00adtion, ni d\u2019explication de notre \u00ab&nbsp;<br>cui\u00adsine interne&nbsp;\u00bb. Le temps\/espace du bilan y&nbsp;est par contre pro\u00adpice.<br><br>- Au lieu de mettre en sc\u00e8ne une his\u00adtoire, nous avons mis en sc\u00e8ne un<br>pro\u00adces\u00adsus, c\u2019est \u00e0&nbsp;dire qq chose qui se passe, pro\u00adduit un effet et<br>cet effet change les condi\u00adtions ini\u00adtiales, au fur et \u00e0&nbsp;mesure.<br><br>- Nous consta\u00adtons peu \u00e0&nbsp;peu que tout est bon \u00e0&nbsp;uti\u00adli\u00adser en danse<br>forum, si on exerce cri\u00adtique et dis\u00adcer\u00adne\u00adment et que l\u2019on sait ce que<br>l\u2019on fait&nbsp;: illus\u00adtra\u00adtion, th\u00e9\u00e2\u00adtra\u00adli\u00adsa\u00adtion etc. On peut intro\u00adduire en<br>danse forum le volon\u00adtaire, la repr\u00e9\u00adsen\u00adta\u00adtion, les st\u00e9\u00adr\u00e9o\u00adtypes,<br>l\u2019imitation, la redon\u00addance, le r\u00e9a\u00adlisme, le sur\u00adr\u00e9a\u00adlisme, le lan\u00adgage<br>par\u00adl\u00e9, un mot\u2026, si c\u2019est de fa\u00e7on appro\u00adpri\u00e9e et per\u00adti\u00adnente.<br><br>- Le besoin se fait sen\u00adtir de ques\u00adtion\u00adner ce qu\u2019on est en train de<br>faire, sans que cela devienne une prise de t\u00eate.<br><br>- Le point de d\u00e9part (le titre&nbsp;? le contact des sen\u00adsa\u00adtions?) suf\u00adfit \u00e0<br>mettre en relief quelque chose, \u00e0&nbsp;mettre en rela\u00adtion les sen\u00adsa\u00adtions.<br><br>- Le par\u00adcours des spec\u00adta\u00addan\u00adseurs selon cer\u00adtains t\u00e9moi\u00adgnages&nbsp;: ten\u00adsion<br>avant d\u2019entrer, besoin de l\u00e2cher une fois dans l\u2019espace sc\u00e9\u00adnique.<br>Cette fois, une majo\u00adri\u00adt\u00e9 de spec\u00adta\u00addan\u00adseurs sont entr\u00e9s peu \u00e0&nbsp;peu,<br>envie de r\u00e9agir, com\u00adprendre, cr\u00e9er un jeu \u00e0&nbsp;par\u00adtir des sen\u00adsa\u00adtions,<br>[des besoins] et de l\u2019envie.<br><br>- Besoin d\u2019utiliser le \u00ab&nbsp;sens intel\u00adlec\u00adtuel&nbsp;\u00bb comme un sens \u00e0&nbsp;part enti\u00e8re.<br><br>- Besoin de s\u2019initier pour le spec\u00adta\u00addan\u00adseur au fait de mettre en mots<br>ce qu\u2019il res\u00adsent.<br><br>- Besoin d\u2019\u00eatre dans la sen\u00adsa\u00adtion et faire avan\u00adcer la pro\u00adbl\u00e9\u00adma\u00adtique<br>en m\u00eame temps. Men\u00adtal et sen\u00adsa\u00adtions&nbsp;: arti\u00adcu\u00adler les deux en<br>intel\u00adli\u00adgence.<br><br>- Les spec\u00adta\u00addan\u00adseurs se sont d\u00e9cou\u00adverts autre\u00adment que pen\u00addant le<br>stage de th\u00e9\u00e2tre forum.<br><br>- Lais\u00adser le corps se mou\u00advoir sans y&nbsp;pen\u00adser. Po\u00e9\u00adsie de l\u2019involontaire.<br><br>- Les spec\u00adta\u00addan\u00adseurs ont fait le pas vers l\u2019involontaire [et<br>l\u2019inconscient] en liai\u00adson avec le cer\u00adveau pro\u00adfond.<br><br>- Ils ont \u00ab&nbsp;sen\u00adti&nbsp;\u00bb notre th\u00e8me, \u00e9la\u00adbo\u00adr\u00e9 des pro\u00adbl\u00e9\u00adma\u00adtiques<br>in\u00e9pui\u00adsables, uni\u00adver\u00adselles.<br><br>- Le \u00ab&nbsp;n\u2019importe quoi&nbsp;\u00bb a&nbsp;\u00e9t\u00e9 d\u00e9fi\u00adni comme \u00ab&nbsp;\u00eatre dans la faci\u00adli\u00adt\u00e9&nbsp;\u00bb,<br>et \u00ab&nbsp;ne pas se res\u00adpec\u00adter, et donc ne pas res\u00adpec\u00adter autrui.&nbsp;\u00bb<br><br>- L\u2019audace s\u2019est per\u00admise pen\u00addant le forum.<br><br>- Retours tou\u00adchants.<br><br>- Besoin pour les spec\u00adta\u00addan\u00adseurs de res\u00adpec\u00adter en eux le temps<br>n\u00e9ces\u00adsaire \u00e0&nbsp;se sen\u00adtir capable d\u2019entrer dans l\u2019espace sc\u00e9\u00adnique.<br><br>- Cette repr\u00e9\u00adsen\u00adta\u00adtion nour\u00adrit d\u2019espoir et il ne fau\u00addrait pas oublier<br>qu\u2019elle nous nour\u00adrisse d\u2019humilit\u00e9.<br><br><i>3) Ques\u00adtions que nous avons reprises des spec\u00adta\u00addan\u00adseurs&nbsp;:<\/i><br><br>- A&nbsp;quoi sert la danse forum&nbsp;? But social&nbsp;? indi\u00advi\u00adduel&nbsp;?<br><br>- La posi\u00adtion de la danse en danse forum&nbsp;: est-elle de l\u2019expression<br>cor\u00adpo\u00adrelle&nbsp;? Du d\u00e9ve\u00adlop\u00adpe\u00adment per\u00adson\u00adnel&nbsp;?<br><br>- Com\u00adment se sen\u00adsi\u00adbi\u00adli\u00adser au \u00ab&nbsp;n\u2019importe quoi&nbsp;\u00bb, com\u00adment le dis\u00adcer\u00adner&nbsp;?<br><br>- Com\u00adment conser\u00adver l\u2019exigence int\u00e9\u00adrieure dans l\u2019improvisation \u00e0<br>entr\u00e9e mul\u00adtiples&nbsp;?<br><br><i>4) Ques\u00adtions qui nous sont venues&nbsp;:<\/i><br><br>- Faut-il dire le th\u00e8me aux spec\u00adta\u00addan\u00adseurs&nbsp;? Quand est-ce per\u00adti\u00adnent&nbsp;?<br>A quel moment le dire&nbsp;?<br><br>- Mani\u00adpule-t-on les spec\u00adta\u00addan\u00adseurs \u00e0&nbsp;ne dire que le titre, sans le th\u00e8me&nbsp;?<br><br>- La pro\u00adbl\u00e9\u00adma\u00adti\u00adsa\u00adtion doit-elle por\u00adter sur le th\u00e8me&nbsp;? Sur le titre&nbsp;?<br><br>- Face \u00e0&nbsp;une ques\u00adtion \u00e0&nbsp;laquelle les dan\u00adseurs ne savent ou ne veulent<br>r\u00e9pondre, que faire&nbsp;? Quand redon\u00adner voix au public&nbsp;?<br><br>- O\u00f9 le dan\u00adseur se place-t-il pen\u00addant les temps de parole&nbsp;?<br><br>- Qu\u2019est-ce qui a&nbsp;fait que cela \u00ab&nbsp;ait mar\u00adch\u00e9&nbsp;\u00bb&nbsp;? (On a&nbsp;beau\u00adcoup<br>\u00e9vo\u00adlu\u00e9 depuis un an. Avant, nous \u00e9tions dans l\u2019illustratif. Cela<br>s\u2019est affi\u00adn\u00e9.)<br><br>- \u00ab&nbsp;L\u2019arr\u00eat sur image&nbsp;\u00bb o\u00f9 le sens vient de l\u2019image et non l\u2019image du<br>sens, pour\u00adra\u00eet-il nous aider en danse comme il aide en th\u00e9\u00e2tre&nbsp;?<br>L\u2019imaginaire se d\u00e9ve\u00adloppe alors \u00e0&nbsp;par\u00adtir de la forme.<br><br>- La ques\u00adtion de la repr\u00e9\u00adsen\u00adta\u00adti\u00advi\u00adt\u00e9 de la danse forum se pose \u00e0<br>nous. Pour l\u2019instant, les nou\u00adveaux viennent par<br>cooptation\/parrainage d\u2019un par\u00adti\u00adci\u00adpant. Faut-il faire plus conna\u00eetre<br>la danse forum, de fa\u00e7on \u00e0&nbsp;ce que les nou\u00adveaux puissent venir aus\u00adsi<br>par eux-m\u00eames en \u00e9tant infor\u00adm\u00e9s de l\u2019ext\u00e9rieur&nbsp;? Com\u00adment res\u00adter<br>atten\u00adtifs au renou\u00advel\u00adle\u00adment n\u00e9ces\u00adsaire au sein du groupe&nbsp;?<br><br>- Faut-il aller vers des ren\u00adcontres r\u00e9gu\u00adli\u00e8res avec un vrai public&nbsp;?<br>Vers une forme de \u00ab&nbsp;stage de danse forum&nbsp;\u00bb l\u2019\u00e9t\u00e9 pro\u00adchain&nbsp;?<br><br>- Les par\u00adti\u00adci\u00adpants de la danse forum forment-ils un col\u00adlec\u00adtif&nbsp;? Un<br>groupe de recherche&nbsp;? Une coop\u00e9\u00adra\u00adtive de r\u00e9flexions et pra\u00adtiques<br>exp\u00e9\u00adri\u00admen\u00adtales&nbsp;? Autre chose&nbsp;?<br><br>- Com\u00adment nous orga\u00adni\u00adser mat\u00e9\u00adriel\u00adle\u00adment pour que cha\u00adcun soit auto\u00adnome<br>et soli\u00addaire lorsque nous nous d\u00e9pla\u00ad\u00e7ons&nbsp;?<br><br>- Com\u00adment faire pas\u00adser \u00e0&nbsp;tous les infor\u00adma\u00adtions pra\u00adtiques&nbsp;? Com\u00adment<br>\u00aballer cher\u00adcher les infor\u00adma\u00adtions&nbsp;\u00bb et que faut-il mettre en place pour<br>que cha\u00adcun puisse le faire&nbsp;?<br><br><i>5) Pro\u00adpo\u00adsi\u00adtions&nbsp;:<\/i><br><br>- Consa\u00adcrer un ate\u00adlier par tri\u00admestre \u00e0&nbsp;une repr\u00e9\u00adsen\u00adta\u00adtion publique<br>dans le dojo, avec les parents et amis.<br><br>- Mettre pho\u00adtos et extraits de vid\u00e9o sur le blog pour l\u2019am\u00e9liorer et<br>le rendre plus repr\u00e9\u00adsen\u00adta\u00adtif.<br><br><i>6) Un imp\u00e9\u00adra\u00adtif&nbsp;:<\/i><br><br>- Pr\u00e9\u00adser\u00adver la pos\u00adsi\u00adbi\u00adli\u00adt\u00e9 de ne pas pen\u00adser \u00e0&nbsp;la danse forum, ni<br>pen\u00addant ni entre les ate\u00adliers. Besoin de lais\u00adser faire ce qui vient,<br>pour s\u2019approprier les choses natu\u00adrel\u00adle\u00adment. Veiller \u00e0&nbsp;gar\u00adder enti\u00e8re<br>notre liber\u00adt\u00e9, cha\u00adcun et en groupe. Que cha\u00adcun puisse \u00e0&nbsp;tout moment<br>venir ou pas, s\u2019investir ou pas, sans avoir \u00e0&nbsp;se jus\u00adti\u00adfier et sans<br>que cela ne p\u00e9na\u00adlise les autres.<br><br>Andr\u00e9ine Bel<\/p>\n<p style=\"color:green; text-align:right !important;\">Article cr\u00e9\u00e9 le 16\/02\/2020 \u2013 modi\u00adfi\u00e9 le 10\/06\/2020<\/p>","protected":false},"excerpt":{"rendered":"<p>Danse forum\u2192 Che\u00admi\u00adne\u00adment de la danse&nbsp;forum !!Bilan de la DF du 7\/7\/07 Le 8\/7\/07 Bilan avec Alexandre, Andr\u00e9ine, Ber\u00adnard, Chris\u00adtel, Nadine. 1) Ce qui a&nbsp;chan\u00adg\u00e9 cette fois, ou a&nbsp;\u00e9t\u00e9 confir\u00adm\u00e9&nbsp;: \u2013 Pour la pre\u00admi\u00e8re fois, le public n\u2019a pas \u00e9t\u00e9 assi\u00admi\u00adl\u00e9 \u00e0&nbsp;l\u2019atelier.Il a&nbsp;par contre beau\u00adcoup par\u00adti\u00adci\u00adp\u00e9. Nous \u00e9tions en repr\u00e9\u00adsen\u00adta\u00adtionr\u00e9elle. \u2013 Nous avons \u00e9la\u00adbo\u00adr\u00e9 le th\u00e8me \u00e0&nbsp;l\u2019avance de la repr\u00e9\u00adsen\u00adta\u00adtion et sansles spec\u00adta\u00addan\u00adseurs, lors de notre mise en&nbsp;route. \u2013 Nous n\u2019avons pas for\u00admu\u00adl\u00e9 d\u2019entr\u00e9e le th\u00e8me (l\u2019\u00e9lasticit\u00e9) devantles spec\u00adta\u00addan\u00adseurs, mais&nbsp;[\u2026]<\/p>\n","protected":false},"author":2,"featured_media":0,"comment_status":"open","ping_status":"open","sticky":false,"template":"","format":"standard","meta":{"wp_typography_post_enhancements_disabled":false,"footnotes":""},"categories":[229],"tags":[218],"class_list":["post-65","post","type-post","status-publish","format-standard","hentry","category-cheminement-danseforum","tag-df_a_propos"],"yoast_head":"<!-- This site is optimized with the Yoast SEO plugin v27.5 - https:\/\/yoast.com\/product\/yoast-seo-wordpress\/ -->\n<title>Bilan Danse forum au PBTM - Le TILT<\/title>\n<meta name=\"robots\" content=\"index, follow, max-snippet:-1, max-image-preview:large, max-video-preview:-1\" \/>\n<link rel=\"canonical\" href=\"https:\/\/www.leti.lt\/wordpress\/danseforum-bilandfpbtm\/\" \/>\n<meta property=\"og:locale\" content=\"fr_FR\" \/>\n<meta property=\"og:type\" content=\"article\" \/>\n<meta property=\"og:title\" content=\"Bilan Danse forum au PBTM - Le TILT\" \/>\n<meta property=\"og:description\" content=\"Danse forum\u2192 Che\u00admi\u00adne\u00adment de la danse&nbsp;forum !!Bilan de la DF du 7\/7\/07 Le 8\/7\/07 Bilan avec Alexandre, Andr\u00e9ine, Ber\u00adnard, Chris\u00adtel, Nadine. 1) Ce qui a&nbsp;chan\u00adg\u00e9 cette fois, ou a&nbsp;\u00e9t\u00e9 confirm\u00e9&nbsp;: - Pour la pre\u00admi\u00e8re fois, le public n\u2019a pas \u00e9t\u00e9 assi\u00admi\u00adl\u00e9 \u00e0&nbsp;l\u2019atelier.Il a&nbsp;par contre beau\u00adcoup par\u00adti\u00adci\u00adp\u00e9. Nous \u00e9tions en repr\u00e9\u00adsen\u00adta\u00adtionr\u00e9elle. - Nous avons \u00e9la\u00adbo\u00adr\u00e9 le th\u00e8me \u00e0&nbsp;l\u2019avance de la repr\u00e9\u00adsen\u00adta\u00adtion et sansles spec\u00adta\u00addan\u00adseurs, lors de notre mise en&nbsp;route. - Nous n\u2019avons pas for\u00admu\u00adl\u00e9 d\u2019entr\u00e9e le th\u00e8me (l\u2019\u00e9lasticit\u00e9) devantles spec\u00adta\u00addan\u00adseurs, mais [&hellip;]\" \/>\n<meta property=\"og:url\" content=\"https:\/\/www.leti.lt\/wordpress\/danseforum-bilandfpbtm\/\" \/>\n<meta property=\"og:site_name\" content=\"Le TILT\" \/>\n<meta property=\"article:published_time\" content=\"2020-02-16T14:30:31+00:00\" \/>\n<meta property=\"article:modified_time\" content=\"2020-06-10T11:39:06+00:00\" \/>\n<meta name=\"author\" content=\"Andr\u00e9ine Bel\" \/>\n<meta name=\"twitter:card\" content=\"summary_large_image\" \/>\n<meta name=\"twitter:label1\" content=\"\u00c9crit par\" \/>\n\t<meta name=\"twitter:data1\" content=\"Andr\u00e9ine Bel\" \/>\n\t<meta name=\"twitter:label2\" content=\"Dur\u00e9e de lecture estim\u00e9e\" \/>\n\t<meta name=\"twitter:data2\" content=\"7 minutes\" \/>\n<script type=\"application\/ld+json\" class=\"yoast-schema-graph\">{\"@context\":\"https:\\\/\\\/schema.org\",\"@graph\":[{\"@type\":\"Article\",\"@id\":\"https:\\\/\\\/www.leti.lt\\\/wordpress\\\/danseforum-bilandfpbtm\\\/#article\",\"isPartOf\":{\"@id\":\"https:\\\/\\\/www.leti.lt\\\/wordpress\\\/danseforum-bilandfpbtm\\\/\"},\"author\":{\"name\":\"Andr\u00e9ine Bel\",\"@id\":\"https:\\\/\\\/www.leti.lt\\\/wordpress\\\/#\\\/schema\\\/person\\\/9bb307b2af8fbb575bb3603e57951f75\"},\"headline\":\"Bilan Danse forum au&nbsp;PBTM\",\"datePublished\":\"2020-02-16T14:30:31+00:00\",\"dateModified\":\"2020-06-10T11:39:06+00:00\",\"mainEntityOfPage\":{\"@id\":\"https:\\\/\\\/www.leti.lt\\\/wordpress\\\/danseforum-bilandfpbtm\\\/\"},\"wordCount\":1410,\"commentCount\":0,\"keywords\":[\"DF_A_propos\"],\"articleSection\":[\"Cheminement\"],\"inLanguage\":\"fr-FR\",\"potentialAction\":[{\"@type\":\"CommentAction\",\"name\":\"Comment\",\"target\":[\"https:\\\/\\\/www.leti.lt\\\/wordpress\\\/danseforum-bilandfpbtm\\\/#respond\"]}]},{\"@type\":\"WebPage\",\"@id\":\"https:\\\/\\\/www.leti.lt\\\/wordpress\\\/danseforum-bilandfpbtm\\\/\",\"url\":\"https:\\\/\\\/www.leti.lt\\\/wordpress\\\/danseforum-bilandfpbtm\\\/\",\"name\":\"Bilan Danse forum au PBTM - Le TILT\",\"isPartOf\":{\"@id\":\"https:\\\/\\\/www.leti.lt\\\/wordpress\\\/#website\"},\"datePublished\":\"2020-02-16T14:30:31+00:00\",\"dateModified\":\"2020-06-10T11:39:06+00:00\",\"author\":{\"@id\":\"https:\\\/\\\/www.leti.lt\\\/wordpress\\\/#\\\/schema\\\/person\\\/9bb307b2af8fbb575bb3603e57951f75\"},\"breadcrumb\":{\"@id\":\"https:\\\/\\\/www.leti.lt\\\/wordpress\\\/danseforum-bilandfpbtm\\\/#breadcrumb\"},\"inLanguage\":\"fr-FR\",\"potentialAction\":[{\"@type\":\"ReadAction\",\"target\":[\"https:\\\/\\\/www.leti.lt\\\/wordpress\\\/danseforum-bilandfpbtm\\\/\"]}]},{\"@type\":\"BreadcrumbList\",\"@id\":\"https:\\\/\\\/www.leti.lt\\\/wordpress\\\/danseforum-bilandfpbtm\\\/#breadcrumb\",\"itemListElement\":[{\"@type\":\"ListItem\",\"position\":1,\"name\":\"Accueil\",\"item\":\"https:\\\/\\\/www.leti.lt\\\/wordpress\\\/\"},{\"@type\":\"ListItem\",\"position\":2,\"name\":\"Bilan Danse forum au&nbsp;PBTM\"}]},{\"@type\":\"WebSite\",\"@id\":\"https:\\\/\\\/www.leti.lt\\\/wordpress\\\/#website\",\"url\":\"https:\\\/\\\/www.leti.lt\\\/wordpress\\\/\",\"name\":\"Le TILT\",\"description\":\"Recherche, publication, cr\u00e9ation artistique\",\"potentialAction\":[{\"@type\":\"SearchAction\",\"target\":{\"@type\":\"EntryPoint\",\"urlTemplate\":\"https:\\\/\\\/www.leti.lt\\\/wordpress\\\/?s={search_term_string}\"},\"query-input\":{\"@type\":\"PropertyValueSpecification\",\"valueRequired\":true,\"valueName\":\"search_term_string\"}}],\"inLanguage\":\"fr-FR\"},{\"@type\":\"Person\",\"@id\":\"https:\\\/\\\/www.leti.lt\\\/wordpress\\\/#\\\/schema\\\/person\\\/9bb307b2af8fbb575bb3603e57951f75\",\"name\":\"Andr\u00e9ine Bel\",\"image\":{\"@type\":\"ImageObject\",\"inLanguage\":\"fr-FR\",\"@id\":\"https:\\\/\\\/secure.gravatar.com\\\/avatar\\\/4ab041ec7c7ad3b90293023e86528ec1a700ce2971ff61811b2df6b288dd1f38?s=96&d=identicon&r=g\",\"url\":\"https:\\\/\\\/secure.gravatar.com\\\/avatar\\\/4ab041ec7c7ad3b90293023e86528ec1a700ce2971ff61811b2df6b288dd1f38?s=96&d=identicon&r=g\",\"contentUrl\":\"https:\\\/\\\/secure.gravatar.com\\\/avatar\\\/4ab041ec7c7ad3b90293023e86528ec1a700ce2971ff61811b2df6b288dd1f38?s=96&d=identicon&r=g\",\"caption\":\"Andr\u00e9ine Bel\"},\"url\":\"https:\\\/\\\/www.leti.lt\\\/wordpress\\\/author\\\/andreine\\\/\"}]}<\/script>\n<!-- \/ Yoast SEO plugin. -->","yoast_head_json":{"title":"Bilan Danse forum au PBTM - Le TILT","robots":{"index":"index","follow":"follow","max-snippet":"max-snippet:-1","max-image-preview":"max-image-preview:large","max-video-preview":"max-video-preview:-1"},"canonical":"https:\/\/www.leti.lt\/wordpress\/danseforum-bilandfpbtm\/","og_locale":"fr_FR","og_type":"article","og_title":"Bilan Danse forum au PBTM - Le TILT","og_description":"Danse forum\u2192 Che\u00admi\u00adne\u00adment de la danse&nbsp;forum !!Bilan de la DF du 7\/7\/07 Le 8\/7\/07 Bilan avec Alexandre, Andr\u00e9ine, Ber\u00adnard, Chris\u00adtel, Nadine. 1) Ce qui a&nbsp;chan\u00adg\u00e9 cette fois, ou a&nbsp;\u00e9t\u00e9 confirm\u00e9&nbsp;: - Pour la pre\u00admi\u00e8re fois, le public n\u2019a pas \u00e9t\u00e9 assi\u00admi\u00adl\u00e9 \u00e0&nbsp;l\u2019atelier.Il a&nbsp;par contre beau\u00adcoup par\u00adti\u00adci\u00adp\u00e9. Nous \u00e9tions en repr\u00e9\u00adsen\u00adta\u00adtionr\u00e9elle. - Nous avons \u00e9la\u00adbo\u00adr\u00e9 le th\u00e8me \u00e0&nbsp;l\u2019avance de la repr\u00e9\u00adsen\u00adta\u00adtion et sansles spec\u00adta\u00addan\u00adseurs, lors de notre mise en&nbsp;route. - Nous n\u2019avons pas for\u00admu\u00adl\u00e9 d\u2019entr\u00e9e le th\u00e8me (l\u2019\u00e9lasticit\u00e9) devantles spec\u00adta\u00addan\u00adseurs, mais [&hellip;]","og_url":"https:\/\/www.leti.lt\/wordpress\/danseforum-bilandfpbtm\/","og_site_name":"Le TILT","article_published_time":"2020-02-16T14:30:31+00:00","article_modified_time":"2020-06-10T11:39:06+00:00","author":"Andr\u00e9ine Bel","twitter_card":"summary_large_image","twitter_misc":{"\u00c9crit par":"Andr\u00e9ine Bel","Dur\u00e9e de lecture estim\u00e9e":"7 minutes"},"schema":{"@context":"https:\/\/schema.org","@graph":[{"@type":"Article","@id":"https:\/\/www.leti.lt\/wordpress\/danseforum-bilandfpbtm\/#article","isPartOf":{"@id":"https:\/\/www.leti.lt\/wordpress\/danseforum-bilandfpbtm\/"},"author":{"name":"Andr\u00e9ine Bel","@id":"https:\/\/www.leti.lt\/wordpress\/#\/schema\/person\/9bb307b2af8fbb575bb3603e57951f75"},"headline":"Bilan Danse forum au&nbsp;PBTM","datePublished":"2020-02-16T14:30:31+00:00","dateModified":"2020-06-10T11:39:06+00:00","mainEntityOfPage":{"@id":"https:\/\/www.leti.lt\/wordpress\/danseforum-bilandfpbtm\/"},"wordCount":1410,"commentCount":0,"keywords":["DF_A_propos"],"articleSection":["Cheminement"],"inLanguage":"fr-FR","potentialAction":[{"@type":"CommentAction","name":"Comment","target":["https:\/\/www.leti.lt\/wordpress\/danseforum-bilandfpbtm\/#respond"]}]},{"@type":"WebPage","@id":"https:\/\/www.leti.lt\/wordpress\/danseforum-bilandfpbtm\/","url":"https:\/\/www.leti.lt\/wordpress\/danseforum-bilandfpbtm\/","name":"Bilan Danse forum au PBTM - Le TILT","isPartOf":{"@id":"https:\/\/www.leti.lt\/wordpress\/#website"},"datePublished":"2020-02-16T14:30:31+00:00","dateModified":"2020-06-10T11:39:06+00:00","author":{"@id":"https:\/\/www.leti.lt\/wordpress\/#\/schema\/person\/9bb307b2af8fbb575bb3603e57951f75"},"breadcrumb":{"@id":"https:\/\/www.leti.lt\/wordpress\/danseforum-bilandfpbtm\/#breadcrumb"},"inLanguage":"fr-FR","potentialAction":[{"@type":"ReadAction","target":["https:\/\/www.leti.lt\/wordpress\/danseforum-bilandfpbtm\/"]}]},{"@type":"BreadcrumbList","@id":"https:\/\/www.leti.lt\/wordpress\/danseforum-bilandfpbtm\/#breadcrumb","itemListElement":[{"@type":"ListItem","position":1,"name":"Accueil","item":"https:\/\/www.leti.lt\/wordpress\/"},{"@type":"ListItem","position":2,"name":"Bilan Danse forum au&nbsp;PBTM"}]},{"@type":"WebSite","@id":"https:\/\/www.leti.lt\/wordpress\/#website","url":"https:\/\/www.leti.lt\/wordpress\/","name":"Le TILT","description":"Recherche, publication, cr\u00e9ation artistique","potentialAction":[{"@type":"SearchAction","target":{"@type":"EntryPoint","urlTemplate":"https:\/\/www.leti.lt\/wordpress\/?s={search_term_string}"},"query-input":{"@type":"PropertyValueSpecification","valueRequired":true,"valueName":"search_term_string"}}],"inLanguage":"fr-FR"},{"@type":"Person","@id":"https:\/\/www.leti.lt\/wordpress\/#\/schema\/person\/9bb307b2af8fbb575bb3603e57951f75","name":"Andr\u00e9ine Bel","image":{"@type":"ImageObject","inLanguage":"fr-FR","@id":"https:\/\/secure.gravatar.com\/avatar\/4ab041ec7c7ad3b90293023e86528ec1a700ce2971ff61811b2df6b288dd1f38?s=96&d=identicon&r=g","url":"https:\/\/secure.gravatar.com\/avatar\/4ab041ec7c7ad3b90293023e86528ec1a700ce2971ff61811b2df6b288dd1f38?s=96&d=identicon&r=g","contentUrl":"https:\/\/secure.gravatar.com\/avatar\/4ab041ec7c7ad3b90293023e86528ec1a700ce2971ff61811b2df6b288dd1f38?s=96&d=identicon&r=g","caption":"Andr\u00e9ine Bel"},"url":"https:\/\/www.leti.lt\/wordpress\/author\/andreine\/"}]}},"_links":{"self":[{"href":"https:\/\/www.leti.lt\/wordpress\/wp-json\/wp\/v2\/posts\/65","targetHints":{"allow":["GET"]}}],"collection":[{"href":"https:\/\/www.leti.lt\/wordpress\/wp-json\/wp\/v2\/posts"}],"about":[{"href":"https:\/\/www.leti.lt\/wordpress\/wp-json\/wp\/v2\/types\/post"}],"author":[{"embeddable":true,"href":"https:\/\/www.leti.lt\/wordpress\/wp-json\/wp\/v2\/users\/2"}],"replies":[{"embeddable":true,"href":"https:\/\/www.leti.lt\/wordpress\/wp-json\/wp\/v2\/comments?post=65"}],"version-history":[{"count":2,"href":"https:\/\/www.leti.lt\/wordpress\/wp-json\/wp\/v2\/posts\/65\/revisions"}],"predecessor-version":[{"id":668,"href":"https:\/\/www.leti.lt\/wordpress\/wp-json\/wp\/v2\/posts\/65\/revisions\/668"}],"wp:attachment":[{"href":"https:\/\/www.leti.lt\/wordpress\/wp-json\/wp\/v2\/media?parent=65"}],"wp:term":[{"taxonomy":"category","embeddable":true,"href":"https:\/\/www.leti.lt\/wordpress\/wp-json\/wp\/v2\/categories?post=65"},{"taxonomy":"post_tag","embeddable":true,"href":"https:\/\/www.leti.lt\/wordpress\/wp-json\/wp\/v2\/tags?post=65"}],"curies":[{"name":"wp","href":"https:\/\/api.w.org\/{rel}","templated":true}]}}