{"id":64,"date":"2020-02-16T15:30:31","date_gmt":"2020-02-16T14:30:31","guid":{"rendered":"https:\/\/www.leti.lt\/wordpress\/?p=64"},"modified":"2020-06-10T13:37:54","modified_gmt":"2020-06-10T11:37:54","slug":"danseforum-avantproposdanseforumpublique","status":"publish","type":"post","link":"https:\/\/www.leti.lt\/wordpress\/danseforum-avantproposdanseforumpublique\/","title":{"rendered":"Avant-propos, danse forum publique"},"content":{"rendered":"\n<p><a href=\"https:\/\/www.leti.lt\/wordpress\/danseforum-danseforum\/\">Danse forum<\/a><br>\u2192 <a href=\"https:\/\/www.leti.lt\/wordpress\/danseforum-aproposdeladanseforum\/\">Che\u00admi\u00adne\u00adment de la danse forum<\/a><br><br>!! Avant-pro\u00adpos \u00e0&nbsp;une danse forum publique \u2013 juillet 2007<br><br>Voi\u00adci les dif\u00adf\u00e9\u00adrents points que j\u2019ai abor\u00add\u00e9s lors de l\u2019introduction \u00e0&nbsp;la repr\u00e9\u00adsen\u00adta\u00adtion publique du 7\/7\/07 au fes\u00adti\u00adval du \u00ab&nbsp;Plus Beau Th\u00e9\u00e2tre du Monde&nbsp;\u00bb (voir liens), avec quelques com\u00adpl\u00e9\u00adments de notes.<br><br>\u2019\u2019\u2019A \u2013 La danse forum est n\u00e9e en 2005.\u2019\u2019\u2019<br><br>Il nous a&nbsp;fal\u00adlu une ann\u00e9e d\u2019incubation. Nous dan\u00adsions en recherche<br>du mou\u00adve\u00adment \u00ab&nbsp;juste&nbsp;\u00bb, et avec l\u2019id\u00e9e de la danse forum, sans savoir<br>par o\u00f9 la prendre.<br><br>C\u2019est Elsa Bonal, lors du pre\u00admier fes\u00adti\u00adval du PBTM de 2005,<br>qui nous a&nbsp;invi\u00adt\u00e9s \u00e0&nbsp;en mon\u00adtrer les pr\u00e9\u00admisses&nbsp;: une danse forum<br>impromp\u00adtue, qui s\u2019essayait tout en s\u2019\u00e9laborant, avec au d\u00e9part un<br>seul dan\u00adseur, un joker qui per\u00addait tous ses repaires mais pas ses<br>moyens, et des spec\u00adta\u00addan\u00adseurs qui ne savaient pas encore qu\u2019ils<br>allaient s\u2019appeler ain\u00adsi. Je raconte cet \u00e9v\u00e9\u00adne\u00adment tota\u00adle\u00adment<br>impro\u00advi\u00ads\u00e9 et \u00ab&nbsp;pour\u00adtant&nbsp;\u00bb fon\u00adda\u00adteur dans&nbsp;: <a href=\"http:\/\/wiki.leti.lt\/pmwiki.php?n=DanseForum.AvantPremiereDeDanseForum\">http:\/\/\u200bwiki\u200b.leti\u200b.lt\/\u200bp\u200bm\u200bw\u200bi\u200bk\u200bi\u200b.\u200bp\u200bh\u200bp\u200b?\u200bn\u200b=\u200bD\u200ba\u200bn\u200bs\u200be\u200bF\u200bo\u200br\u200bu\u200bm\u200b.\u200bA\u200bv\u200ba\u200bn\u200bt\u200bP\u200br\u200be\u200bm\u200bi\u200be\u200br\u200be\u200bD\u200be\u200bD\u200ba\u200bn\u200bs\u200be\u200bF\u200bo\u200brum<\/a><br><br>\u2019\u2019\u2019B \u2013 Depuis, l\u2019atelier de Lam\u00adbesc pour\u00adsuit ses recherches.\u2019\u2019\u2019<br><br>Le th\u00e9\u00e2tre forum nous a&nbsp;natu\u00adrel\u00adle\u00adment beau\u00adcoup influen\u00adc\u00e9.<br><br>Nous aurions pu faire un copi\u00e9 col\u00adl\u00e9 du th\u00e9\u00e2tre \u00e0&nbsp;la danse. Je pense<br>que cela aurait \u00e9t\u00e9 pos\u00adsible sans pr\u00e9\u00adsen\u00adter de<br>dif\u00adfi\u00adcul\u00adt\u00e9s majeures&nbsp;: il suf\u00adfi\u00adsait de gom\u00admer peu \u00e0&nbsp;peu le c\u00f4t\u00e9<br>expres\u00adsion orale, de d\u00e9ve\u00adlop\u00adper la ges\u00adtuelle. Avec l\u2019expressivit\u00e9 de<br>la danse, et ses capa\u00adci\u00adt\u00e9s d\u2019illustration nar\u00adra\u00adtive, la danse forum<br>pou\u00advait s\u2019inscrire en conti\u00adnui\u00adt\u00e9 presque par\u00adfaite avec le th\u00e9\u00e2tre<br>forum.<br><br>Entre th\u00e9\u00e2tre, danse et TF, les influences sont mul\u00adtiples. En Ita\u00adlie, par exemple, une troupe de danse s\u2019inspire du TF, en \u00ab&nbsp;Danse-th\u00e9\u00e2tre&nbsp;\u00bb. Le \u00ab&nbsp;Cho\u00adreo\u00adgra\u00adphic Theatre Miche\u00adli\u00adna Capa\u00adto Sar\u00adtore&nbsp;\u00bb donne des<br>stages inter\u00adna\u00adtio\u00adnaux, dont un a&nbsp;lieu ces jours-ci en Espagne. Je tra\u00adduis, \u00e0&nbsp;par\u00adtir de l\u2019anglais, le texte qui est lui-m\u00eame une<br>tra\u00adduc\u00adtion de l\u2019italien&nbsp;:<br><br>\u00ab Nous nous foca\u00adli\u00adse\u00adrons sur un tra\u00advail phy\u00adsique de danse-th\u00e9\u00e2tre, o\u00f9<br>nous trou\u00adve\u00adrons une rela\u00adtion entre la cho\u00adr\u00e9\u00adgra\u00adphie, les \u00e9mo\u00adtions et<br>le texte, de fa\u00e7on \u00e0&nbsp;pou\u00advoir lire les images avec dif\u00adf\u00e9\u00adrentes<br>inter\u00adpr\u00e9\u00adta\u00adtions et signi\u00adfi\u00adca\u00adtions, ce qui per\u00admet au public de<br>par\u00adti\u00adci\u00adper au pro\u00adces\u00adsus cr\u00e9a\u00adtif.<br><br>A par\u00adtir d\u2019une cho\u00adr\u00e9\u00adgra\u00adphie impul\u00adsive, nous ver\u00adrons com\u00adment d\u00e9tec\u00adter<br>les conflits dans un groupe, et quoi en faire en danse-th\u00e9\u00e2tre. Nous<br>tra\u00advaille\u00adrons \u00e9ga\u00adle\u00adment la lib\u00e9\u00adra\u00adtion de la voix \u00e0&nbsp;par\u00adtir du corps et<br>du mou\u00adve\u00adment, et nous ver\u00adrons com\u00adment appli\u00adquer la m\u00e9thode \u00e0<br>dif\u00adf\u00e9\u00adrents groupes.&nbsp;\u00bb<br><br>(Cho\u00adreo\u00adgra\u00adphic Theatre Miche\u00adli\u00adna Capa\u00adto Sar\u00adtore (Ita\u00adly) :<br>We will focus in a&nbsp;phy\u00adsi\u00adcal work of theatre-dance, where we will find a<br>rela\u00adtion\u00adship bet\u00adween the cho\u00adreo\u00adgra\u00adphy, the emo\u00adtion and text, making pos\u00adsible<br>to read a&nbsp;dif\u00adferent inter\u00adpre\u00adta\u00adtions and mea\u00adnings of the images that turns the<br>audince as a&nbsp;par\u00adti\u00adci\u00adpants in the crea\u00adtive pro\u00adcess. From the impul\u00adsive<br>cho\u00adreo\u00adgra\u00adphy, we will see how to detect conflicts in a&nbsp;group and how to<br>manage them from the dance-theatre. Also it will be wor\u00adked the libe\u00adra\u00adtion of<br>the voice with the body and the move\u00adment, and we will see ways to apply the<br>method with dif\u00adferent groups.)<br><br>- Mais, depuis le d\u00e9but, nous avons vou\u00adlu uti\u00adli\u00adser la danse comme un medium \u00e0&nbsp;part enti\u00e8re,<br>\u2019\u2019\u2019une danse auto\u00adnome\u2019\u2019\u2019, qui ne soit pas du th\u00e9\u00e2tre muet, dan\u00ads\u00e9, ni du<br>mime.<br><br>- Pour cela, nous avons \u00e9t\u00e9 ame\u00adn\u00e9s \u00e0&nbsp;consi\u00add\u00e9\u00adrer les \u00ab&nbsp;sp\u00e9\u00adci\u00adfi\u00adci\u00adt\u00e9s de<br>la danse&nbsp;\u00bb. Elle se base sur trois dimen\u00adsions&nbsp;: le temps, l\u2019espace et<br>le poids\/intensit\u00e9. Ce sont des notions abs\u00adtraites, en cela qu\u2019elles<br>ne racontent pas une his\u00adtoire.<br><br>De plus, nous nous sommes tour\u00adn\u00e9s vers une approche plus<br>\u00ab contem\u00adpo\u00adraine&nbsp;\u00bb de la danse, qui se veut ni illus\u00adtra\u00adtive ni<br>nar\u00adra\u00adtive. Merce Cun\u00adnin\u00adgham r\u00e9su\u00admait cela en disant&nbsp;: \u00ab&nbsp;Dance is<br>motion, not emo\u00adtion.&nbsp;\u00bb<br><br>Nous com\u00admen\u00ad\u00e7ons \u00e0&nbsp;nous ins\u00adpi\u00adrer des avan\u00adc\u00e9es com\u00adtem\u00adpo\u00adraines des<br>autres arts (po\u00e9\u00adsie, pein\u00adture, musique, cin\u00e9\u00adma, pho\u00adto\u00adgra\u00adphie).<br><br>Nous pour\u00adrions appe\u00adler une telle danse&nbsp;: la \u00ab&nbsp;po\u00e9\u00adsie du non-dit&nbsp;\u00bb, qui<br>op\u00e8re une mise \u00e0&nbsp;dis\u00adtance entre l\u2019\u0153uvre et le spec\u00adta\u00adteur. Celui-ci a<br>ain\u00adsi l\u2019espace pour re-cr\u00e9er l\u2019\u0153uvre qu\u2019il voit, en une \u00ab&nbsp;cr\u00e9a\u00adtion<br>seconde&nbsp;\u00bb. C\u2019est le concept du \u00ab&nbsp;Dhva\u00adni&nbsp;\u00bb, ou \u00ab&nbsp;sug\u00adges\u00adtion cr\u00e9a\u00adtrice&nbsp;\u00bb,<br>d\u00e9ve\u00adlop\u00adp\u00e9 au 7\u00b0 si\u00e8cle avant notre \u00e8re au Cash\u00admire par Abhi\u00adna\u00adva\u00adgup\u00adta<br>et les artistes de dif\u00adf\u00e9\u00adrentes dis\u00adci\u00adplines venus le rejoindre, pour<br>\u00e9la\u00adbo\u00adrer ensemble les \u00ab&nbsp;Th\u00e9o\u00adries de l\u2019esth\u00e9tique&nbsp;\u00bb.<br><br>- Pour com\u00admen\u00adcer \u00e0&nbsp;appro\u00adcher la danse avec cette exi\u00adgence, nous avons<br>\u00e9t\u00e9 assez vite ame\u00adn\u00e9s \u00e0 \u2019\u2019\u2019sor\u00adtir des st\u00e9\u00adr\u00e9o\u00adtypes\u2019\u2019\u2019 qui rimaient avec<br>faci\u00adli\u00adt\u00e9&nbsp;:<br><br>a) Nous avons d\u2019embl\u00e9e renon\u00adc\u00e9 \u00e0&nbsp;imi\u00adter un style de danse, qu\u2019il soit<br>folk\u00adlo\u00adrique, clas\u00adsique, n\u00e9o\u00adclas\u00adsique, moderne ou contem\u00adpo\u00adrain etc.<br><br>b) Nous avons eu \u00e0&nbsp;nous r\u00e9ap\u00adpro\u00adprier la danse, avec le corps que nous<br>avons, ses ten\u00adsions, limites et inca\u00adpa\u00adci\u00adt\u00e9s. Nous repre\u00adnons \u00e0&nbsp;notre<br>compte le par\u00adti pris d\u2019Augusto Boal&nbsp;: \u00ab&nbsp;Pour dan\u00adser, il n\u2019y a&nbsp;pas<br>besoin d\u2019\u00eatre dan\u00adseur. C\u2019est en dan\u00adsant que l\u2019on devient dan\u00adseur.&nbsp;\u00bb<br><br>- C\u2019est \u00e0&nbsp;par\u00adtir de l\u00e0 que nous avons com\u00admen\u00adc\u00e9 \u00e0&nbsp;avoir des ennuis\u2026<br><br>Car enfin, com\u00adment faire un forum \u00e0&nbsp;par\u00adtir d\u2019abstraction et de sug\u00adges\u00adtion&nbsp;?<br><br>Et cette autre ques\u00adtion se pose \u00e0&nbsp;nous \u00e0&nbsp;chaque ins\u00adtant&nbsp;: par quoi<br>sommes-nous gui\u00add\u00e9s, sans style \u00e0&nbsp;imi\u00adter&nbsp;?<br><br>- Au fur et \u00e0&nbsp;mesure de nos recherches, nous avons com\u00admen\u00adc\u00e9 \u00e0&nbsp;voir se<br>des\u00adsi\u00adner deux pistes.<br><br>*\u2019\u2019\u20191 \u2013 Se relier aux sen\u00adsa\u00adtions \u2019\u2019\u2019<br><br>Fruit de notre His\u00adtoire et de notre his\u00adtoire, de notre pr\u00e9\u00adsent et du<br>futur tel que nous l\u2019imaginons, la sen\u00adsa\u00adtion nous appa\u00adra\u00eet comme une<br>source infi\u00adnie de cr\u00e9a\u00adti\u00advi\u00adt\u00e9. Elle est l\u2019interface entre le monde et<br>soi, elle est le moyen de per\u00adce\u00advoir le monde et donc de le recr\u00e9er en<br>soi. Sans per\u00adcep\u00adtion, le monde n\u2019existe pas.<br><br>La sen\u00adsa\u00adtion est l\u2019interface entre phy\u00adsique et men\u00adtal, conscient et<br>incons\u00adcient, volon\u00adtaire et invo\u00adlon\u00adtaire. C\u2019est par la sen\u00adsa\u00adtion que<br>le dan\u00adseur peut avoir acc\u00e8s \u00e0&nbsp;l\u2019involontaire et \u00e0&nbsp;l\u2019inconscient.<br><br>La sen\u00adsa\u00adtion offre de nom\u00adbreux avan\u00adtages&nbsp;: elle \u00e9vite la<br>psy\u00adcho\u00adlo\u00adgi\u00adsa\u00adtion facile, elle d\u00e9ve\u00adloppe l\u2019imagination et les<br>\u00e9mo\u00adtions, qui nour\u00adrissent \u00e0&nbsp;leur tour la sen\u00adsa\u00adtion. C\u2019est un cercle<br>ver\u00adtueux, o\u00f9 le retour \u00e0&nbsp;la sen\u00adsa\u00adtion per\u00admet de relan\u00adcer le mou\u00adve\u00adment.<br><br>Enfin, l\u2019accueil incon\u00addi\u00adtion\u00adnel de la sen\u00adsa\u00adtion, obser\u00adv\u00e9e sans \u00eatre<br>modi\u00adfi\u00e9e, lais\u00ads\u00e9e libre d\u2019\u00e9voluer, nous met en accord avec nous-m\u00eames<br>et avec les autres, et donne l\u2019espace pour une r\u00e9con\u00adci\u00adlia\u00adtion.<br>Nous ces\u00adsons de pro\u00adje\u00adter un id\u00e9al apr\u00e8s lequel il nous faut cou\u00adrir<br>sans jamais vrai\u00adment pou\u00advoir l\u2019atteindre. Nous par\u00adtons de ce qui est<br>et de com\u00adment nous sommes, de l\u00e0 o\u00f9 nous nous trou\u00advons.<br><br>*\u2019\u2019\u20192 \u2013 Le \u00ab&nbsp;moment d\u00e9ci\u00adsif \u00bb\u2019\u2019\u2019<br><br>D\u00e9ve\u00adlop\u00adp\u00e9 par Georges Braques, Hen\u00adri<br>Car\u00adtier-Bres\u00adson et Robert Bres\u00adson, le moment d\u00e9ci\u00adsif est cet ins\u00adtant,<br>qui peut durer, o\u00f9 le peintre\/photographe\/cin\u00e9aste\/danseur ne pense<br>pas le geste avant de le faire. Dans l\u2019infini des pos\u00adsibles qui<br>s\u2019ouvre \u00e0&nbsp;lui, un seul geste va s\u2019imposer comme une n\u00e9ces\u00adsi\u00adt\u00e9. C\u2019est<br>un outil d\u2019improvisation cr\u00e9a\u00adtive.<br><br>On n\u2019entend pas le dan\u00adseur pen\u00adser, on danse avec lui.<br><br>\u2019\u2019\u2019C) Concr\u00e8\u00adte\u00adment, com\u00adment se passe la danse forum ?\u2019\u2019\u2019<br><br>*La mise en route des dan\u00adseurs nous appa\u00adra\u00eet pri\u00admor\u00addiale.<br>*Emer\u00adgence du th\u00e8me.<br>*Pro\u00adbl\u00e9\u00adma\u00adti\u00adsa\u00adtion par les spec\u00adta\u00addan\u00adseurs, etc.<br>Voir l\u2019article&nbsp;: <a href=\"http:\/\/wiki.leti.lt\/pmwiki.php?n=DanseForum.LaDanseForum\">http:\/\/\u200bwiki\u200b.leti\u200b.lt\/\u200bp\u200bm\u200bw\u200bi\u200bk\u200bi\u200b.\u200bp\u200bh\u200bp\u200b?\u200bn\u200b=\u200bD\u200ba\u200bn\u200bs\u200be\u200bF\u200bo\u200br\u200bu\u200bm\u200b.\u200bL\u200ba\u200bD\u200ba\u200bn\u200bs\u200be\u200bF\u200bo\u200brum<\/a><br><br>Andr\u00e9ine Bel<\/p>\n<p style=\"color:green; text-align:right !important;\">Article cr\u00e9\u00e9 le 16\/02\/2020 \u2013 modi\u00adfi\u00e9 le 10\/06\/2020<\/p>","protected":false},"excerpt":{"rendered":"<p>Danse forum\u2192 Che\u00admi\u00adne\u00adment de la danse&nbsp;forum !! Avant-pro\u00ad\u00adpos \u00e0&nbsp;une danse forum publique \u2013 juillet 2007 Voi\u00adci les dif\u00adf\u00e9\u00adrents points que j\u2019ai abor\u00add\u00e9s lors de l\u2019introduction \u00e0&nbsp;la repr\u00e9\u00adsen\u00adta\u00adtion publique du 7\/7\/07 au fes\u00adti\u00adval du \u00ab&nbsp;Plus Beau Th\u00e9\u00e2tre du Monde&nbsp;\u00bb (voir liens), avec quelques com\u00adpl\u00e9\u00adments de&nbsp;notes. \u2019\u2019\u2019A \u2013 La danse forum est n\u00e9e en&nbsp;2005.\u2019\u2019\u2019 Il nous a&nbsp;fal\u00adlu une ann\u00e9e d\u2019incubation. Nous dan\u00adsions en recher\u00adche\u00addu mou\u00adve\u00adment \u00ab&nbsp;juste&nbsp;\u00bb, et avec l\u2019id\u00e9e de la danse forum, sans savoir\u00adpar o\u00f9 la prendre. C\u2019est Elsa Bonal, lors&nbsp;[\u2026]<\/p>\n","protected":false},"author":2,"featured_media":0,"comment_status":"open","ping_status":"open","sticky":false,"template":"","format":"standard","meta":{"wp_typography_post_enhancements_disabled":false,"footnotes":""},"categories":[229,57],"tags":[218],"class_list":["post-64","post","type-post","status-publish","format-standard","hentry","category-cheminement-danseforum","category-reunions_diverses","tag-df_a_propos"],"yoast_head":"<!-- This site is optimized with the Yoast SEO plugin v27.5 - https:\/\/yoast.com\/product\/yoast-seo-wordpress\/ -->\n<title>Avant-propos, danse forum publique - Le TILT<\/title>\n<meta name=\"robots\" content=\"index, follow, max-snippet:-1, max-image-preview:large, max-video-preview:-1\" \/>\n<link rel=\"canonical\" href=\"https:\/\/www.leti.lt\/wordpress\/danseforum-avantproposdanseforumpublique\/\" \/>\n<meta property=\"og:locale\" content=\"fr_FR\" \/>\n<meta property=\"og:type\" content=\"article\" \/>\n<meta property=\"og:title\" content=\"Avant-propos, danse forum publique - Le TILT\" \/>\n<meta property=\"og:description\" content=\"Danse forum\u2192 Che\u00admi\u00adne\u00adment de la danse&nbsp;forum !! Avant-pro\u00adpos \u00e0&nbsp;une danse forum publique \u2013 juillet 2007 Voi\u00adci les dif\u00adf\u00e9\u00adrents points que j\u2019ai abor\u00add\u00e9s lors de l\u2019introduction \u00e0&nbsp;la repr\u00e9\u00adsen\u00adta\u00adtion publique du 7\/7\/07 au fes\u00adti\u00adval du \u00ab&nbsp;Plus Beau Th\u00e9\u00e2tre du Monde&nbsp;\u00bb (voir liens), avec quelques com\u00adpl\u00e9\u00adments de&nbsp;notes. \u2019\u2019\u2019A \u2013 La danse forum est n\u00e9e en&nbsp;2005.\u2019\u2019\u2019 Il nous a&nbsp;fal\u00adlu une ann\u00e9e d\u2019incubation. Nous dan\u00adsions en recherchedu mou\u00adve\u00adment \u00ab&nbsp;juste&nbsp;\u00bb, et avec l\u2019id\u00e9e de la danse forum, sans savoirpar o\u00f9 la prendre. C\u2019est Elsa Bonal, lors [&hellip;]\" \/>\n<meta property=\"og:url\" content=\"https:\/\/www.leti.lt\/wordpress\/danseforum-avantproposdanseforumpublique\/\" \/>\n<meta property=\"og:site_name\" content=\"Le TILT\" \/>\n<meta property=\"article:published_time\" content=\"2020-02-16T14:30:31+00:00\" \/>\n<meta property=\"article:modified_time\" content=\"2020-06-10T11:37:54+00:00\" \/>\n<meta name=\"author\" content=\"Andr\u00e9ine Bel\" \/>\n<meta name=\"twitter:card\" content=\"summary_large_image\" \/>\n<meta name=\"twitter:label1\" content=\"\u00c9crit par\" \/>\n\t<meta name=\"twitter:data1\" content=\"Andr\u00e9ine Bel\" \/>\n\t<meta name=\"twitter:label2\" content=\"Dur\u00e9e de lecture estim\u00e9e\" \/>\n\t<meta name=\"twitter:data2\" content=\"6 minutes\" \/>\n<script type=\"application\/ld+json\" class=\"yoast-schema-graph\">{\"@context\":\"https:\\\/\\\/schema.org\",\"@graph\":[{\"@type\":\"Article\",\"@id\":\"https:\\\/\\\/www.leti.lt\\\/wordpress\\\/danseforum-avantproposdanseforumpublique\\\/#article\",\"isPartOf\":{\"@id\":\"https:\\\/\\\/www.leti.lt\\\/wordpress\\\/danseforum-avantproposdanseforumpublique\\\/\"},\"author\":{\"name\":\"Andr\u00e9ine Bel\",\"@id\":\"https:\\\/\\\/www.leti.lt\\\/wordpress\\\/#\\\/schema\\\/person\\\/9bb307b2af8fbb575bb3603e57951f75\"},\"headline\":\"Avant-propos, danse forum publique\",\"datePublished\":\"2020-02-16T14:30:31+00:00\",\"dateModified\":\"2020-06-10T11:37:54+00:00\",\"mainEntityOfPage\":{\"@id\":\"https:\\\/\\\/www.leti.lt\\\/wordpress\\\/danseforum-avantproposdanseforumpublique\\\/\"},\"wordCount\":1175,\"commentCount\":0,\"keywords\":[\"DF_A_propos\"],\"articleSection\":[\"Cheminement\",\"R\u00e9unions diverses\"],\"inLanguage\":\"fr-FR\",\"potentialAction\":[{\"@type\":\"CommentAction\",\"name\":\"Comment\",\"target\":[\"https:\\\/\\\/www.leti.lt\\\/wordpress\\\/danseforum-avantproposdanseforumpublique\\\/#respond\"]}]},{\"@type\":\"WebPage\",\"@id\":\"https:\\\/\\\/www.leti.lt\\\/wordpress\\\/danseforum-avantproposdanseforumpublique\\\/\",\"url\":\"https:\\\/\\\/www.leti.lt\\\/wordpress\\\/danseforum-avantproposdanseforumpublique\\\/\",\"name\":\"Avant-propos, danse forum publique - Le TILT\",\"isPartOf\":{\"@id\":\"https:\\\/\\\/www.leti.lt\\\/wordpress\\\/#website\"},\"datePublished\":\"2020-02-16T14:30:31+00:00\",\"dateModified\":\"2020-06-10T11:37:54+00:00\",\"author\":{\"@id\":\"https:\\\/\\\/www.leti.lt\\\/wordpress\\\/#\\\/schema\\\/person\\\/9bb307b2af8fbb575bb3603e57951f75\"},\"breadcrumb\":{\"@id\":\"https:\\\/\\\/www.leti.lt\\\/wordpress\\\/danseforum-avantproposdanseforumpublique\\\/#breadcrumb\"},\"inLanguage\":\"fr-FR\",\"potentialAction\":[{\"@type\":\"ReadAction\",\"target\":[\"https:\\\/\\\/www.leti.lt\\\/wordpress\\\/danseforum-avantproposdanseforumpublique\\\/\"]}]},{\"@type\":\"BreadcrumbList\",\"@id\":\"https:\\\/\\\/www.leti.lt\\\/wordpress\\\/danseforum-avantproposdanseforumpublique\\\/#breadcrumb\",\"itemListElement\":[{\"@type\":\"ListItem\",\"position\":1,\"name\":\"Accueil\",\"item\":\"https:\\\/\\\/www.leti.lt\\\/wordpress\\\/\"},{\"@type\":\"ListItem\",\"position\":2,\"name\":\"Avant-propos, danse forum publique\"}]},{\"@type\":\"WebSite\",\"@id\":\"https:\\\/\\\/www.leti.lt\\\/wordpress\\\/#website\",\"url\":\"https:\\\/\\\/www.leti.lt\\\/wordpress\\\/\",\"name\":\"Le TILT\",\"description\":\"Recherche, publication, cr\u00e9ation artistique\",\"potentialAction\":[{\"@type\":\"SearchAction\",\"target\":{\"@type\":\"EntryPoint\",\"urlTemplate\":\"https:\\\/\\\/www.leti.lt\\\/wordpress\\\/?s={search_term_string}\"},\"query-input\":{\"@type\":\"PropertyValueSpecification\",\"valueRequired\":true,\"valueName\":\"search_term_string\"}}],\"inLanguage\":\"fr-FR\"},{\"@type\":\"Person\",\"@id\":\"https:\\\/\\\/www.leti.lt\\\/wordpress\\\/#\\\/schema\\\/person\\\/9bb307b2af8fbb575bb3603e57951f75\",\"name\":\"Andr\u00e9ine Bel\",\"image\":{\"@type\":\"ImageObject\",\"inLanguage\":\"fr-FR\",\"@id\":\"https:\\\/\\\/secure.gravatar.com\\\/avatar\\\/4ab041ec7c7ad3b90293023e86528ec1a700ce2971ff61811b2df6b288dd1f38?s=96&d=identicon&r=g\",\"url\":\"https:\\\/\\\/secure.gravatar.com\\\/avatar\\\/4ab041ec7c7ad3b90293023e86528ec1a700ce2971ff61811b2df6b288dd1f38?s=96&d=identicon&r=g\",\"contentUrl\":\"https:\\\/\\\/secure.gravatar.com\\\/avatar\\\/4ab041ec7c7ad3b90293023e86528ec1a700ce2971ff61811b2df6b288dd1f38?s=96&d=identicon&r=g\",\"caption\":\"Andr\u00e9ine Bel\"},\"url\":\"https:\\\/\\\/www.leti.lt\\\/wordpress\\\/author\\\/andreine\\\/\"}]}<\/script>\n<!-- \/ Yoast SEO plugin. -->","yoast_head_json":{"title":"Avant-propos, danse forum publique - Le TILT","robots":{"index":"index","follow":"follow","max-snippet":"max-snippet:-1","max-image-preview":"max-image-preview:large","max-video-preview":"max-video-preview:-1"},"canonical":"https:\/\/www.leti.lt\/wordpress\/danseforum-avantproposdanseforumpublique\/","og_locale":"fr_FR","og_type":"article","og_title":"Avant-propos, danse forum publique - Le TILT","og_description":"Danse forum\u2192 Che\u00admi\u00adne\u00adment de la danse&nbsp;forum !! Avant-pro\u00adpos \u00e0&nbsp;une danse forum publique \u2013 juillet 2007 Voi\u00adci les dif\u00adf\u00e9\u00adrents points que j\u2019ai abor\u00add\u00e9s lors de l\u2019introduction \u00e0&nbsp;la repr\u00e9\u00adsen\u00adta\u00adtion publique du 7\/7\/07 au fes\u00adti\u00adval du \u00ab&nbsp;Plus Beau Th\u00e9\u00e2tre du Monde&nbsp;\u00bb (voir liens), avec quelques com\u00adpl\u00e9\u00adments de&nbsp;notes. \u2019\u2019\u2019A \u2013 La danse forum est n\u00e9e en&nbsp;2005.\u2019\u2019\u2019 Il nous a&nbsp;fal\u00adlu une ann\u00e9e d\u2019incubation. Nous dan\u00adsions en recherchedu mou\u00adve\u00adment \u00ab&nbsp;juste&nbsp;\u00bb, et avec l\u2019id\u00e9e de la danse forum, sans savoirpar o\u00f9 la prendre. C\u2019est Elsa Bonal, lors [&hellip;]","og_url":"https:\/\/www.leti.lt\/wordpress\/danseforum-avantproposdanseforumpublique\/","og_site_name":"Le TILT","article_published_time":"2020-02-16T14:30:31+00:00","article_modified_time":"2020-06-10T11:37:54+00:00","author":"Andr\u00e9ine Bel","twitter_card":"summary_large_image","twitter_misc":{"\u00c9crit par":"Andr\u00e9ine Bel","Dur\u00e9e de lecture estim\u00e9e":"6 minutes"},"schema":{"@context":"https:\/\/schema.org","@graph":[{"@type":"Article","@id":"https:\/\/www.leti.lt\/wordpress\/danseforum-avantproposdanseforumpublique\/#article","isPartOf":{"@id":"https:\/\/www.leti.lt\/wordpress\/danseforum-avantproposdanseforumpublique\/"},"author":{"name":"Andr\u00e9ine Bel","@id":"https:\/\/www.leti.lt\/wordpress\/#\/schema\/person\/9bb307b2af8fbb575bb3603e57951f75"},"headline":"Avant-propos, danse forum publique","datePublished":"2020-02-16T14:30:31+00:00","dateModified":"2020-06-10T11:37:54+00:00","mainEntityOfPage":{"@id":"https:\/\/www.leti.lt\/wordpress\/danseforum-avantproposdanseforumpublique\/"},"wordCount":1175,"commentCount":0,"keywords":["DF_A_propos"],"articleSection":["Cheminement","R\u00e9unions diverses"],"inLanguage":"fr-FR","potentialAction":[{"@type":"CommentAction","name":"Comment","target":["https:\/\/www.leti.lt\/wordpress\/danseforum-avantproposdanseforumpublique\/#respond"]}]},{"@type":"WebPage","@id":"https:\/\/www.leti.lt\/wordpress\/danseforum-avantproposdanseforumpublique\/","url":"https:\/\/www.leti.lt\/wordpress\/danseforum-avantproposdanseforumpublique\/","name":"Avant-propos, danse forum publique - Le TILT","isPartOf":{"@id":"https:\/\/www.leti.lt\/wordpress\/#website"},"datePublished":"2020-02-16T14:30:31+00:00","dateModified":"2020-06-10T11:37:54+00:00","author":{"@id":"https:\/\/www.leti.lt\/wordpress\/#\/schema\/person\/9bb307b2af8fbb575bb3603e57951f75"},"breadcrumb":{"@id":"https:\/\/www.leti.lt\/wordpress\/danseforum-avantproposdanseforumpublique\/#breadcrumb"},"inLanguage":"fr-FR","potentialAction":[{"@type":"ReadAction","target":["https:\/\/www.leti.lt\/wordpress\/danseforum-avantproposdanseforumpublique\/"]}]},{"@type":"BreadcrumbList","@id":"https:\/\/www.leti.lt\/wordpress\/danseforum-avantproposdanseforumpublique\/#breadcrumb","itemListElement":[{"@type":"ListItem","position":1,"name":"Accueil","item":"https:\/\/www.leti.lt\/wordpress\/"},{"@type":"ListItem","position":2,"name":"Avant-propos, danse forum publique"}]},{"@type":"WebSite","@id":"https:\/\/www.leti.lt\/wordpress\/#website","url":"https:\/\/www.leti.lt\/wordpress\/","name":"Le TILT","description":"Recherche, publication, cr\u00e9ation artistique","potentialAction":[{"@type":"SearchAction","target":{"@type":"EntryPoint","urlTemplate":"https:\/\/www.leti.lt\/wordpress\/?s={search_term_string}"},"query-input":{"@type":"PropertyValueSpecification","valueRequired":true,"valueName":"search_term_string"}}],"inLanguage":"fr-FR"},{"@type":"Person","@id":"https:\/\/www.leti.lt\/wordpress\/#\/schema\/person\/9bb307b2af8fbb575bb3603e57951f75","name":"Andr\u00e9ine Bel","image":{"@type":"ImageObject","inLanguage":"fr-FR","@id":"https:\/\/secure.gravatar.com\/avatar\/4ab041ec7c7ad3b90293023e86528ec1a700ce2971ff61811b2df6b288dd1f38?s=96&d=identicon&r=g","url":"https:\/\/secure.gravatar.com\/avatar\/4ab041ec7c7ad3b90293023e86528ec1a700ce2971ff61811b2df6b288dd1f38?s=96&d=identicon&r=g","contentUrl":"https:\/\/secure.gravatar.com\/avatar\/4ab041ec7c7ad3b90293023e86528ec1a700ce2971ff61811b2df6b288dd1f38?s=96&d=identicon&r=g","caption":"Andr\u00e9ine Bel"},"url":"https:\/\/www.leti.lt\/wordpress\/author\/andreine\/"}]}},"_links":{"self":[{"href":"https:\/\/www.leti.lt\/wordpress\/wp-json\/wp\/v2\/posts\/64","targetHints":{"allow":["GET"]}}],"collection":[{"href":"https:\/\/www.leti.lt\/wordpress\/wp-json\/wp\/v2\/posts"}],"about":[{"href":"https:\/\/www.leti.lt\/wordpress\/wp-json\/wp\/v2\/types\/post"}],"author":[{"embeddable":true,"href":"https:\/\/www.leti.lt\/wordpress\/wp-json\/wp\/v2\/users\/2"}],"replies":[{"embeddable":true,"href":"https:\/\/www.leti.lt\/wordpress\/wp-json\/wp\/v2\/comments?post=64"}],"version-history":[{"count":2,"href":"https:\/\/www.leti.lt\/wordpress\/wp-json\/wp\/v2\/posts\/64\/revisions"}],"predecessor-version":[{"id":664,"href":"https:\/\/www.leti.lt\/wordpress\/wp-json\/wp\/v2\/posts\/64\/revisions\/664"}],"wp:attachment":[{"href":"https:\/\/www.leti.lt\/wordpress\/wp-json\/wp\/v2\/media?parent=64"}],"wp:term":[{"taxonomy":"category","embeddable":true,"href":"https:\/\/www.leti.lt\/wordpress\/wp-json\/wp\/v2\/categories?post=64"},{"taxonomy":"post_tag","embeddable":true,"href":"https:\/\/www.leti.lt\/wordpress\/wp-json\/wp\/v2\/tags?post=64"}],"curies":[{"name":"wp","href":"https:\/\/api.w.org\/{rel}","templated":true}]}}