{"id":63,"date":"2020-02-16T15:30:31","date_gmt":"2020-02-16T14:30:31","guid":{"rendered":"https:\/\/www.leti.lt\/wordpress\/?p=63"},"modified":"2020-06-10T13:39:37","modified_gmt":"2020-06-10T11:39:37","slug":"danseforum-avantpremierededanseforum","status":"publish","type":"post","link":"https:\/\/www.leti.lt\/wordpress\/danseforum-avantpremierededanseforum\/","title":{"rendered":"Avant-premi\u00e8re de danse&nbsp;forum"},"content":{"rendered":"\n<p><a href=\"https:\/\/www.leti.lt\/wordpress\/danseforum-danseforum\/\">Danse forum<\/a><br>\u2192 <a href=\"https:\/\/www.leti.lt\/wordpress\/danseforum-aproposdeladanseforum\/\">Che\u00admi\u00adne\u00adment de la danse forum<\/a><br><br>!! Avant-pre\u00admi\u00e8re de danse forum \u2013 mai 2006<br><br>C\u2019est au moment d\u2019\u00e9crire sur notre pre\u00admi\u00e8re repr\u00e9\u00adsen\u00adta\u00adtion publique de danse forum du 13 mai 2006 que les sou\u00adve\u00adnirs sont remon\u00adt\u00e9s. L\u2019avant-premi\u00e8re avait en fait eu lieu le 9&nbsp;juillet 2005, le temps d\u2019une soi\u00adr\u00e9e orga\u00adni\u00ads\u00e9e par le Plus Beau Th\u00e9\u00e2tre du Monde. Nous venions de finir le stage th\u00e9\u00e2tre forum avec San\u00adjoy Gan\u00adgu\u00adli et allions com\u00admen\u00adcer celui d\u2019Augusto Boal.<br><br>La pro\u00adpo\u00adsi\u00adtion m\u2019avait \u00e9t\u00e9 faite, par l\u2019organisatrice du fes\u00adti\u00adval, de faire une repr\u00e9\u00adsen\u00adta\u00adtion. Mais \u00e0&nbsp;l\u2019atelier de Lam\u00adbesc, apr\u00e8s un an de pra\u00adtique, nous n\u2019\u00e9tions pas pr\u00eats \u00e0&nbsp;mon\u00adtrer notre tra\u00advail, qui m\u00fbris\u00adsait dou\u00adce\u00adment depuis un an, sans avoir encore pris une forme de danse forum.<br><br>Ce same\u00addi 9&nbsp;juillet 2005 avait donc lieu la soi\u00adr\u00e9e o\u00f9 les artistes de la r\u00e9gion \u00e9taient invi\u00adt\u00e9s \u00e0&nbsp;par\u00adta\u00adger leur tra\u00advail. Je pen\u00adsais juste lire ce que j\u2019avais \u00e9crit du concept de danse forum, fruit de ma vision de notre tra\u00advail en ate\u00adlier, et ensuite dan\u00adser une impro\u00advi\u00adsa\u00adtion courte, puisque c\u2019est notre outil de base \u00e0&nbsp;Lam\u00adbesc.<br><br>Le spec\u00adtacle avait com\u00admen\u00adc\u00e9 avec des acteurs, le pre\u00admier r\u00e9ci\u00adtant un long mono\u00adlogue, puis un texte magni\u00adfique, dit avec une telle authen\u00adti\u00adci\u00adt\u00e9 qu\u2019il sem\u00adblait \u00e9crit ou impro\u00advi\u00ads\u00e9 par l\u2019actrice (qui avait par\u00adti\u00adci\u00adp\u00e9 au stage de San\u00adjoy). Etait-ce son jeu par\u00adfait, ce texte admi\u00adrable&nbsp;? Je me suis mise \u00e0&nbsp;regar\u00adder la salle.<br><br>Dans le public, la \u00ab&nbsp;fine fleur&nbsp;\u00bb des jokers du th\u00e9\u00e2tre forum en France et Espagne. Des per\u00adsonnes avec les\u00adquelles je venais de pas\u00adser cinq jours, de cours, d\u2019\u00e9changes, de r\u00e9flexion. J\u2019avais confiance en leur capa\u00adci\u00adt\u00e9 d\u2019accueil, d\u2019improvisation et d\u2019adaptation. Cinq jours o\u00f9 nous avons par\u00adl\u00e9 et exp\u00e9\u00adri\u00admen\u00adt\u00e9 ce qui per\u00admet au public, comme aux acteurs, d\u2019\u00eatre par\u00adtie pre\u00adnante du pro\u00adces\u00adsus de cr\u00e9a\u00adtion.<br><br>Je me suis \u00ab&nbsp;vue&nbsp;\u00bb en train de leur \u00ab&nbsp;faire&nbsp;\u00bb mon impro, ren\u00addant le public pas\u00adsif, comme \u00e0&nbsp;cha\u00adcun de mes spec\u00adtacles aupa\u00adra\u00advant. Avec les remer\u00adcie\u00adments apr\u00e8s, les uns for\u00adc\u00e9s, les autres spon\u00adta\u00adn\u00e9s, puis cha\u00adcun retour\u00adnant dans ses chau\u00admi\u00e8res comme \u00e0&nbsp;l\u2019habitude. Un monde s\u2019est effon\u00addr\u00e9, ou plu\u00adt\u00f4t ce qu\u2019il en res\u00adtait, car pen\u00addant sept ans j\u2019avais arr\u00ea\u00adt\u00e9 toute acti\u00advi\u00adt\u00e9 de danse. Il n\u2019y avait qu\u2019un an que l\u2019atelier de Lam\u00adbesc exis\u00adtait, sur de nou\u00advelles bases \u00e9la\u00adbo\u00adr\u00e9es coop\u00e9\u00adra\u00adti\u00adve\u00adment.<br><br>J\u2019ai regar\u00add\u00e9 ce qui me tenait vrai\u00adment \u00e0&nbsp;c\u0153ur en cet ins\u00adtant&nbsp;: tes\u00adter le concept de danse forum, voir s\u2019il tenait debout. Je n\u2019avais pas meilleur public pour cela. A&nbsp;trois minutes de mon\u00adter sur sc\u00e8ne, ma d\u00e9ci\u00adsion \u00e9tait prise. Je n\u2019allais pas par\u00adler de la danse forum, j\u2019allais la faire avec le public.<br><br>Je deman\u00addais qui vou\u00adlait jok\u00e9\u00adri\u00adser la s\u00e9ance. J\u2019\u00e9tais consciente que je met\u00adtais dans l\u2019embarras plus d\u2019un, et que l\u2019exercice \u00e9tait p\u00e9rilleux de jok\u00e9\u00adri\u00adser selon un concept que l\u2019on ne conna\u00eet pas, qui de plus reste \u00e0&nbsp;\u00e9la\u00adbo\u00adrer. Trois jokers se sont pro\u00adpo\u00ads\u00e9s, pris entre l\u2019enthousiasme de la nou\u00adveau\u00adt\u00e9 et la d\u00e9sa\u00adgr\u00e9able sen\u00adsa\u00adtion d\u2019\u00eatre mis au bord du pr\u00e9\u00adci\u00adpice, sans vrai\u00adment l\u2019avoir choi\u00adsi. Un s\u2019est mis \u00e0&nbsp;la console, un autre s\u2019est r\u00e9-assis peu apr\u00e8s, le troi\u00adsi\u00e8me s\u2019est mis au tra\u00advail. Beau\u00adcoup de choses se jouaient pour nous&nbsp;: notre repr\u00e9\u00adsen\u00adta\u00adti\u00advi\u00adt\u00e9, notre cr\u00e9\u00addi\u00adbi\u00adli\u00adt\u00e9, le d\u00e9sir d\u2019aider et d\u2019\u00eatre aid\u00e9, l\u2019enthousiasme qui gagnait, l\u2019exigence propre \u00e0&nbsp;cha\u00adcun, le risque de prendre en otage, celui d\u2019\u00eatre pris en otage, et en fili\u00adgrane, le sen\u00adti\u00adment de faire quelque chose qui pou\u00advait s\u2019inscrire dura\u00adble\u00adment.<br><br>Je pro\u00adpo\u00adsais d\u2019improviser tous ensemble, puisque pour l\u2019instant rien n\u2019avait \u00e9t\u00e9 d\u00e9fi\u00adni en danse forum. Nous pou\u00advions d\u00e9mar\u00adrer au plus simple&nbsp;: j\u2019avais choi\u00adsi une musique, et je deman\u00addais au public de choi\u00adsir un mot. C\u2019est \u00ab&nbsp;Amour&nbsp;\u00bb qui est venu. Sur l\u2019Ave Maria de Gou\u00adnod, on ne pou\u00advait r\u00eaver mieux&nbsp;! J\u2019ai impro\u00advi\u00ads\u00e9 en me basant sur mes sen\u00adsa\u00adtions.<br><br>Le joker demande&nbsp;: \u00ab&nbsp;O\u00f9 est l\u2019oppression&nbsp;? Com\u00adment jok\u00e9\u00adri\u00adser s\u2019il n\u2019y a&nbsp;pas d\u2019oppression&nbsp;?&nbsp;\u00bb Je r\u00e9ponds que je ne sais pas pour l\u2019instant, que les sp\u00e9\u00adci\u00adfi\u00adci\u00adt\u00e9s du forum de la danse par rap\u00adport au th\u00e9\u00e2tre sont \u00e0&nbsp;d\u00e9cou\u00advrir.<br><br>Dans le public, per\u00adsonne ne sou\u00adhaite me rem\u00adpla\u00adcer, mais quelqu\u2019un veut bien dan\u00adser avec moi. Je recom\u00admence mon impro, avec cette nou\u00advelle donne d\u2019une impro\u00advi\u00adsa\u00adtion sur la mienne. Nous tou\u00adchons du doigt l\u2019influence, com\u00adment les cou\u00adleurs se marient et s\u2019opposent, fai\u00adsant res\u00adsor\u00adtir chaque carac\u00adt\u00e8re. Nous fai\u00adsons bri\u00e8\u00adve\u00adment le point. Quelqu\u2019un a&nbsp;une autre pro\u00adpo\u00adsi\u00adtion, puis quelqu\u2019un d\u2019autre puis un der\u00adnier. Les teintes sont mul\u00adtiples, des ins\u00adtants de bon\u00adheur, le public est \u00e9crou\u00adl\u00e9 de rire ou atten\u00adtif \u00e0&nbsp;l\u2019extr\u00eame. De toute ma vie de danse sur sc\u00e8ne, c\u2019est la pre\u00admi\u00e8re fois que je sen\u00adtais cette qua\u00adli\u00adt\u00e9 du public \u00ab&nbsp;actif&nbsp;\u00bb. Rien \u00e0&nbsp;voir avec ce que j\u2019avais connu jusqu\u2019\u00e0 pr\u00e9\u00adsent. Ici, cha\u00adcun se sen\u00adtait concer\u00adn\u00e9 par ce qui se pas\u00adsait et en \u00e9tait l\u2019acteur, dans la forme comme dans le fond.<br><br>Nous avons arr\u00ea\u00adt\u00e9 l\u2019exercice sur des ques\u00adtions, et c\u2019est bien ce que je sou\u00adhai\u00adtais au fond&nbsp;: pas de r\u00e9ponses, mais ouvrir des ques\u00adtions.<br><br>Les deux seules qui ont \u00e9t\u00e9 for\u00admu\u00adl\u00e9es par le joker sont essen\u00adtielles. Puis toutes celles qui en d\u00e9coulent&nbsp;: \u00ab&nbsp;Qu\u2019est-ce que l\u2019oppression&nbsp;? O\u00f9 se situe-t-elle&nbsp;? Qu\u2019est-ce que l\u2019art&nbsp;? Qu\u2019est-ce que la danse&nbsp;? L\u2019improvisation&nbsp;? D\u2019o\u00f9 par\u00adtir&nbsp;? Pour aller o\u00f9&nbsp;? Faut-il un but pr\u00e9\u00add\u00e9\u00adter\u00admi\u00adn\u00e9&nbsp;? La danse forum est-elle vou\u00e9e \u00e0&nbsp;n\u2019\u00eatre qu\u2019une danse \u00ab&nbsp;com\u00adpl\u00e9\u00adt\u00e9e&nbsp;\u00bb par les inter\u00adven\u00adtions du public, ce qui la ren\u00addrait inapte au forum ?\u2026<br><br>De l\u2019attention qui lui a&nbsp;\u00e9t\u00e9 don\u00adn\u00e9e, l\u2019\u0153uf a&nbsp;m\u00fbri depuis, len\u00adte\u00adment, dou\u00adce\u00adment, et hier, pour la pre\u00admi\u00e8re fois, il a&nbsp;sor\u00adti la t\u00eate de sa coquille.<br><br>C\u2019est encore le th\u00e9\u00e2tre forum qui lui en a&nbsp;don\u00adn\u00e9 l\u2019occasion, lors de la ren\u00adcontre inter\u00adfo\u00adrum de la r\u00e9gion. Disons que nous nous sommes sen\u00adtis assez en s\u00e9cu\u00adri\u00adt\u00e9 pour oser mon\u00adtrer et par\u00adta\u00adger notre tra\u00advail.<br><br>Andr\u00e9ine Bel<\/p>\n<p style=\"color:green; text-align:right !important;\">Article cr\u00e9\u00e9 le 16\/02\/2020 \u2013 modi\u00adfi\u00e9 le 10\/06\/2020<\/p>","protected":false},"excerpt":{"rendered":"<p>Danse forum\u2192 Che\u00admi\u00adne\u00adment de la danse&nbsp;forum !! Avant-pre\u00ad\u00admi\u00e8re de danse forum \u2013 mai&nbsp;2006&nbsp;C\u2019est au moment d\u2019\u00e9crire sur notre pre\u00admi\u00e8re repr\u00e9\u00adsen\u00adta\u00adtion publique de danse forum du 13 mai 2006 que les sou\u00adve\u00adnirs sont remon\u00adt\u00e9s. L\u2019avant-premi\u00e8re avait en fait eu lieu le 9&nbsp;juillet 2005, le temps d\u2019une soi\u00adr\u00e9e orga\u00adni\u00ads\u00e9e par le Plus Beau Th\u00e9\u00e2tre du Monde. Nous venions de finir le stage th\u00e9\u00e2tre forum avec San\u00adjoy Gan\u00adgu\u00adli et allions com\u00admen\u00adcer celui d\u2019Augusto Boal. La pro\u00adpo\u00adsi\u00adtion m\u2019avait \u00e9t\u00e9 faite, par l\u2019organisatrice du&nbsp;[\u2026]<\/p>\n","protected":false},"author":2,"featured_media":0,"comment_status":"open","ping_status":"open","sticky":false,"template":"","format":"standard","meta":{"wp_typography_post_enhancements_disabled":false,"footnotes":""},"categories":[229,57],"tags":[218],"class_list":["post-63","post","type-post","status-publish","format-standard","hentry","category-cheminement-danseforum","category-reunions_diverses","tag-df_a_propos"],"yoast_head":"<!-- This site is optimized with the Yoast SEO plugin v27.5 - https:\/\/yoast.com\/product\/yoast-seo-wordpress\/ -->\n<title>Avant-premi\u00e8re de danse forum - Le TILT<\/title>\n<meta name=\"robots\" content=\"index, follow, max-snippet:-1, max-image-preview:large, max-video-preview:-1\" \/>\n<link rel=\"canonical\" href=\"https:\/\/www.leti.lt\/wordpress\/danseforum-avantpremierededanseforum\/\" \/>\n<meta property=\"og:locale\" content=\"fr_FR\" \/>\n<meta property=\"og:type\" content=\"article\" \/>\n<meta property=\"og:title\" content=\"Avant-premi\u00e8re de danse forum - Le TILT\" \/>\n<meta property=\"og:description\" content=\"Danse forum\u2192 Che\u00admi\u00adne\u00adment de la danse&nbsp;forum !! Avant-pre\u00admi\u00e8re de danse forum \u2013 mai&nbsp;2006 C\u2019est au moment d\u2019\u00e9crire sur notre pre\u00admi\u00e8re repr\u00e9\u00adsen\u00adta\u00adtion publique de danse forum du 13 mai 2006 que les sou\u00adve\u00adnirs sont remon\u00adt\u00e9s. L\u2019avant-premi\u00e8re avait en fait eu lieu le 9&nbsp;juillet 2005, le temps d\u2019une soi\u00adr\u00e9e orga\u00adni\u00ads\u00e9e par le Plus Beau Th\u00e9\u00e2tre du Monde. Nous venions de finir le stage th\u00e9\u00e2tre forum avec San\u00adjoy Gan\u00adgu\u00adli et allions com\u00admen\u00adcer celui d\u2019Augusto Boal. La pro\u00adpo\u00adsi\u00adtion m\u2019avait \u00e9t\u00e9 faite, par l\u2019organisatrice du [&hellip;]\" \/>\n<meta property=\"og:url\" content=\"https:\/\/www.leti.lt\/wordpress\/danseforum-avantpremierededanseforum\/\" \/>\n<meta property=\"og:site_name\" content=\"Le TILT\" \/>\n<meta property=\"article:published_time\" content=\"2020-02-16T14:30:31+00:00\" \/>\n<meta property=\"article:modified_time\" content=\"2020-06-10T11:39:37+00:00\" \/>\n<meta name=\"author\" content=\"Andr\u00e9ine Bel\" \/>\n<meta name=\"twitter:card\" content=\"summary_large_image\" \/>\n<meta name=\"twitter:label1\" content=\"\u00c9crit par\" \/>\n\t<meta name=\"twitter:data1\" content=\"Andr\u00e9ine Bel\" \/>\n\t<meta name=\"twitter:label2\" content=\"Dur\u00e9e de lecture estim\u00e9e\" \/>\n\t<meta name=\"twitter:data2\" content=\"5 minutes\" \/>\n<script type=\"application\/ld+json\" class=\"yoast-schema-graph\">{\"@context\":\"https:\\\/\\\/schema.org\",\"@graph\":[{\"@type\":\"Article\",\"@id\":\"https:\\\/\\\/www.leti.lt\\\/wordpress\\\/danseforum-avantpremierededanseforum\\\/#article\",\"isPartOf\":{\"@id\":\"https:\\\/\\\/www.leti.lt\\\/wordpress\\\/danseforum-avantpremierededanseforum\\\/\"},\"author\":{\"name\":\"Andr\u00e9ine Bel\",\"@id\":\"https:\\\/\\\/www.leti.lt\\\/wordpress\\\/#\\\/schema\\\/person\\\/9bb307b2af8fbb575bb3603e57951f75\"},\"headline\":\"Avant-premi\u00e8re de danse&nbsp;forum\",\"datePublished\":\"2020-02-16T14:30:31+00:00\",\"dateModified\":\"2020-06-10T11:39:37+00:00\",\"mainEntityOfPage\":{\"@id\":\"https:\\\/\\\/www.leti.lt\\\/wordpress\\\/danseforum-avantpremierededanseforum\\\/\"},\"wordCount\":1071,\"commentCount\":0,\"keywords\":[\"DF_A_propos\"],\"articleSection\":[\"Cheminement\",\"R\u00e9unions diverses\"],\"inLanguage\":\"fr-FR\",\"potentialAction\":[{\"@type\":\"CommentAction\",\"name\":\"Comment\",\"target\":[\"https:\\\/\\\/www.leti.lt\\\/wordpress\\\/danseforum-avantpremierededanseforum\\\/#respond\"]}]},{\"@type\":\"WebPage\",\"@id\":\"https:\\\/\\\/www.leti.lt\\\/wordpress\\\/danseforum-avantpremierededanseforum\\\/\",\"url\":\"https:\\\/\\\/www.leti.lt\\\/wordpress\\\/danseforum-avantpremierededanseforum\\\/\",\"name\":\"Avant-premi\u00e8re de danse forum - Le TILT\",\"isPartOf\":{\"@id\":\"https:\\\/\\\/www.leti.lt\\\/wordpress\\\/#website\"},\"datePublished\":\"2020-02-16T14:30:31+00:00\",\"dateModified\":\"2020-06-10T11:39:37+00:00\",\"author\":{\"@id\":\"https:\\\/\\\/www.leti.lt\\\/wordpress\\\/#\\\/schema\\\/person\\\/9bb307b2af8fbb575bb3603e57951f75\"},\"breadcrumb\":{\"@id\":\"https:\\\/\\\/www.leti.lt\\\/wordpress\\\/danseforum-avantpremierededanseforum\\\/#breadcrumb\"},\"inLanguage\":\"fr-FR\",\"potentialAction\":[{\"@type\":\"ReadAction\",\"target\":[\"https:\\\/\\\/www.leti.lt\\\/wordpress\\\/danseforum-avantpremierededanseforum\\\/\"]}]},{\"@type\":\"BreadcrumbList\",\"@id\":\"https:\\\/\\\/www.leti.lt\\\/wordpress\\\/danseforum-avantpremierededanseforum\\\/#breadcrumb\",\"itemListElement\":[{\"@type\":\"ListItem\",\"position\":1,\"name\":\"Accueil\",\"item\":\"https:\\\/\\\/www.leti.lt\\\/wordpress\\\/\"},{\"@type\":\"ListItem\",\"position\":2,\"name\":\"Avant-premi\u00e8re de danse&nbsp;forum\"}]},{\"@type\":\"WebSite\",\"@id\":\"https:\\\/\\\/www.leti.lt\\\/wordpress\\\/#website\",\"url\":\"https:\\\/\\\/www.leti.lt\\\/wordpress\\\/\",\"name\":\"Le TILT\",\"description\":\"Recherche, publication, cr\u00e9ation artistique\",\"potentialAction\":[{\"@type\":\"SearchAction\",\"target\":{\"@type\":\"EntryPoint\",\"urlTemplate\":\"https:\\\/\\\/www.leti.lt\\\/wordpress\\\/?s={search_term_string}\"},\"query-input\":{\"@type\":\"PropertyValueSpecification\",\"valueRequired\":true,\"valueName\":\"search_term_string\"}}],\"inLanguage\":\"fr-FR\"},{\"@type\":\"Person\",\"@id\":\"https:\\\/\\\/www.leti.lt\\\/wordpress\\\/#\\\/schema\\\/person\\\/9bb307b2af8fbb575bb3603e57951f75\",\"name\":\"Andr\u00e9ine Bel\",\"image\":{\"@type\":\"ImageObject\",\"inLanguage\":\"fr-FR\",\"@id\":\"https:\\\/\\\/secure.gravatar.com\\\/avatar\\\/4ab041ec7c7ad3b90293023e86528ec1a700ce2971ff61811b2df6b288dd1f38?s=96&d=identicon&r=g\",\"url\":\"https:\\\/\\\/secure.gravatar.com\\\/avatar\\\/4ab041ec7c7ad3b90293023e86528ec1a700ce2971ff61811b2df6b288dd1f38?s=96&d=identicon&r=g\",\"contentUrl\":\"https:\\\/\\\/secure.gravatar.com\\\/avatar\\\/4ab041ec7c7ad3b90293023e86528ec1a700ce2971ff61811b2df6b288dd1f38?s=96&d=identicon&r=g\",\"caption\":\"Andr\u00e9ine Bel\"},\"url\":\"https:\\\/\\\/www.leti.lt\\\/wordpress\\\/author\\\/andreine\\\/\"}]}<\/script>\n<!-- \/ Yoast SEO plugin. -->","yoast_head_json":{"title":"Avant-premi\u00e8re de danse forum - Le TILT","robots":{"index":"index","follow":"follow","max-snippet":"max-snippet:-1","max-image-preview":"max-image-preview:large","max-video-preview":"max-video-preview:-1"},"canonical":"https:\/\/www.leti.lt\/wordpress\/danseforum-avantpremierededanseforum\/","og_locale":"fr_FR","og_type":"article","og_title":"Avant-premi\u00e8re de danse forum - Le TILT","og_description":"Danse forum\u2192 Che\u00admi\u00adne\u00adment de la danse&nbsp;forum !! Avant-pre\u00admi\u00e8re de danse forum \u2013 mai&nbsp;2006 C\u2019est au moment d\u2019\u00e9crire sur notre pre\u00admi\u00e8re repr\u00e9\u00adsen\u00adta\u00adtion publique de danse forum du 13 mai 2006 que les sou\u00adve\u00adnirs sont remon\u00adt\u00e9s. L\u2019avant-premi\u00e8re avait en fait eu lieu le 9&nbsp;juillet 2005, le temps d\u2019une soi\u00adr\u00e9e orga\u00adni\u00ads\u00e9e par le Plus Beau Th\u00e9\u00e2tre du Monde. Nous venions de finir le stage th\u00e9\u00e2tre forum avec San\u00adjoy Gan\u00adgu\u00adli et allions com\u00admen\u00adcer celui d\u2019Augusto Boal. La pro\u00adpo\u00adsi\u00adtion m\u2019avait \u00e9t\u00e9 faite, par l\u2019organisatrice du [&hellip;]","og_url":"https:\/\/www.leti.lt\/wordpress\/danseforum-avantpremierededanseforum\/","og_site_name":"Le TILT","article_published_time":"2020-02-16T14:30:31+00:00","article_modified_time":"2020-06-10T11:39:37+00:00","author":"Andr\u00e9ine Bel","twitter_card":"summary_large_image","twitter_misc":{"\u00c9crit par":"Andr\u00e9ine Bel","Dur\u00e9e de lecture estim\u00e9e":"5 minutes"},"schema":{"@context":"https:\/\/schema.org","@graph":[{"@type":"Article","@id":"https:\/\/www.leti.lt\/wordpress\/danseforum-avantpremierededanseforum\/#article","isPartOf":{"@id":"https:\/\/www.leti.lt\/wordpress\/danseforum-avantpremierededanseforum\/"},"author":{"name":"Andr\u00e9ine Bel","@id":"https:\/\/www.leti.lt\/wordpress\/#\/schema\/person\/9bb307b2af8fbb575bb3603e57951f75"},"headline":"Avant-premi\u00e8re de danse&nbsp;forum","datePublished":"2020-02-16T14:30:31+00:00","dateModified":"2020-06-10T11:39:37+00:00","mainEntityOfPage":{"@id":"https:\/\/www.leti.lt\/wordpress\/danseforum-avantpremierededanseforum\/"},"wordCount":1071,"commentCount":0,"keywords":["DF_A_propos"],"articleSection":["Cheminement","R\u00e9unions diverses"],"inLanguage":"fr-FR","potentialAction":[{"@type":"CommentAction","name":"Comment","target":["https:\/\/www.leti.lt\/wordpress\/danseforum-avantpremierededanseforum\/#respond"]}]},{"@type":"WebPage","@id":"https:\/\/www.leti.lt\/wordpress\/danseforum-avantpremierededanseforum\/","url":"https:\/\/www.leti.lt\/wordpress\/danseforum-avantpremierededanseforum\/","name":"Avant-premi\u00e8re de danse forum - Le TILT","isPartOf":{"@id":"https:\/\/www.leti.lt\/wordpress\/#website"},"datePublished":"2020-02-16T14:30:31+00:00","dateModified":"2020-06-10T11:39:37+00:00","author":{"@id":"https:\/\/www.leti.lt\/wordpress\/#\/schema\/person\/9bb307b2af8fbb575bb3603e57951f75"},"breadcrumb":{"@id":"https:\/\/www.leti.lt\/wordpress\/danseforum-avantpremierededanseforum\/#breadcrumb"},"inLanguage":"fr-FR","potentialAction":[{"@type":"ReadAction","target":["https:\/\/www.leti.lt\/wordpress\/danseforum-avantpremierededanseforum\/"]}]},{"@type":"BreadcrumbList","@id":"https:\/\/www.leti.lt\/wordpress\/danseforum-avantpremierededanseforum\/#breadcrumb","itemListElement":[{"@type":"ListItem","position":1,"name":"Accueil","item":"https:\/\/www.leti.lt\/wordpress\/"},{"@type":"ListItem","position":2,"name":"Avant-premi\u00e8re de danse&nbsp;forum"}]},{"@type":"WebSite","@id":"https:\/\/www.leti.lt\/wordpress\/#website","url":"https:\/\/www.leti.lt\/wordpress\/","name":"Le TILT","description":"Recherche, publication, cr\u00e9ation artistique","potentialAction":[{"@type":"SearchAction","target":{"@type":"EntryPoint","urlTemplate":"https:\/\/www.leti.lt\/wordpress\/?s={search_term_string}"},"query-input":{"@type":"PropertyValueSpecification","valueRequired":true,"valueName":"search_term_string"}}],"inLanguage":"fr-FR"},{"@type":"Person","@id":"https:\/\/www.leti.lt\/wordpress\/#\/schema\/person\/9bb307b2af8fbb575bb3603e57951f75","name":"Andr\u00e9ine Bel","image":{"@type":"ImageObject","inLanguage":"fr-FR","@id":"https:\/\/secure.gravatar.com\/avatar\/4ab041ec7c7ad3b90293023e86528ec1a700ce2971ff61811b2df6b288dd1f38?s=96&d=identicon&r=g","url":"https:\/\/secure.gravatar.com\/avatar\/4ab041ec7c7ad3b90293023e86528ec1a700ce2971ff61811b2df6b288dd1f38?s=96&d=identicon&r=g","contentUrl":"https:\/\/secure.gravatar.com\/avatar\/4ab041ec7c7ad3b90293023e86528ec1a700ce2971ff61811b2df6b288dd1f38?s=96&d=identicon&r=g","caption":"Andr\u00e9ine Bel"},"url":"https:\/\/www.leti.lt\/wordpress\/author\/andreine\/"}]}},"_links":{"self":[{"href":"https:\/\/www.leti.lt\/wordpress\/wp-json\/wp\/v2\/posts\/63","targetHints":{"allow":["GET"]}}],"collection":[{"href":"https:\/\/www.leti.lt\/wordpress\/wp-json\/wp\/v2\/posts"}],"about":[{"href":"https:\/\/www.leti.lt\/wordpress\/wp-json\/wp\/v2\/types\/post"}],"author":[{"embeddable":true,"href":"https:\/\/www.leti.lt\/wordpress\/wp-json\/wp\/v2\/users\/2"}],"replies":[{"embeddable":true,"href":"https:\/\/www.leti.lt\/wordpress\/wp-json\/wp\/v2\/comments?post=63"}],"version-history":[{"count":2,"href":"https:\/\/www.leti.lt\/wordpress\/wp-json\/wp\/v2\/posts\/63\/revisions"}],"predecessor-version":[{"id":670,"href":"https:\/\/www.leti.lt\/wordpress\/wp-json\/wp\/v2\/posts\/63\/revisions\/670"}],"wp:attachment":[{"href":"https:\/\/www.leti.lt\/wordpress\/wp-json\/wp\/v2\/media?parent=63"}],"wp:term":[{"taxonomy":"category","embeddable":true,"href":"https:\/\/www.leti.lt\/wordpress\/wp-json\/wp\/v2\/categories?post=63"},{"taxonomy":"post_tag","embeddable":true,"href":"https:\/\/www.leti.lt\/wordpress\/wp-json\/wp\/v2\/tags?post=63"}],"curies":[{"name":"wp","href":"https:\/\/api.w.org\/{rel}","templated":true}]}}