{"id":61,"date":"2020-02-16T15:30:31","date_gmt":"2020-02-16T14:30:31","guid":{"rendered":"https:\/\/www.leti.lt\/wordpress\/?p=61"},"modified":"-0001-11-30T00:00:00","modified_gmt":"-0001-11-29T22:00:00","slug":"danseforum-autonomie","status":"publish","type":"post","link":"https:\/\/www.leti.lt\/wordpress\/danseforum-autonomie\/","title":{"rendered":"Autonomie"},"content":{"rendered":"<p><a href=\"https:\/\/www.leti.lt\/wordpress\/danseforum-danseforum\/\">Danse forum<\/a><br>\u2192 <a href=\"https:\/\/www.leti.lt\/wordpress\/danseforum-comptesrendusateliers\/\">Comptes-ren\u00addus des ate\u00adliers<\/a><br>\u2192 <a href=\"https:\/\/www.leti.lt\/wordpress\/danseforum-lambesc\/\">Lam\u00adbesc<\/a><br><br>!!Auto\u00adno\u00admie \u2013 18 f\u00e9vrier 2006<br><br>\u2019\u2019\u2019Leo\u00adnar\u00addo :\u2019\u2019\u2019<br><br>(\u2026) On passe donc \u00e0&nbsp;la Danse forum sans aucune pro\u00adpo\u00adsi\u00adtion, mais l\u2019id\u00e9e vien\u00addra toute seule, Andr\u00e9ine essaie la pres\u00adsion sur le mur du gym\u00adnase, on la suit.<br>La musique qui nous accom\u00adpagne est de Sibe\u00adlius.<br>Un plai\u00adsir immense s\u2019ouvre \u00e0&nbsp;nous, jai l\u2019impression d\u2019\u00eatre au centre d\u2019une mise-en-sc\u00e8ne d\u2019Op\u00e9ra.<br>Les sen\u00adti\u00adments que je d\u00e9couvre c\u2019est l\u2019amour (en effet dans l\u2019acte amou\u00adreux on a&nbsp;l\u2019instinct d\u2019appuyer le corps l\u2019un contre l\u2019autre.) Je d\u00e9couvre \u00ab&nbsp;l\u2019attente&nbsp;\u00bb de la per\u00adsonne aim\u00e9e, en \u00e9tant seul, la pres\u00adsion du mur se sub\u00adsti\u00adtut \u00e0&nbsp;l\u2019amant(e). Je me retrouve petit quand je dor\u00admais contre le mur de ma chambre o\u00f9 mon lit \u00e9tait appuy\u00e9.<br>J\u2019ai l\u2019impression d\u2019\u00eatre tous les per\u00adson\u00adnages d\u2019un op\u00e9\u00adra&nbsp;; en m\u00eame temps, il n\u2019y a&nbsp;plus la notion de temps, d\u2019espace&nbsp;; j\u2019existe et je go\u00fbte l\u2019existence.<br><br>\u2019\u2019\u2019Nadine :\u2019\u2019\u2019<br><br>Moi aus\u00adsi jai eu beau\u00adcoup de plai\u00adsir dans ce contact pro\u00adlon\u00adg\u00e9 avec le mur. Bien vite je suis all\u00e9e dans un coin pour \u00eatre le plus pos\u00adsible entou\u00adr\u00e9e.<br>La sen\u00adsa\u00adtion de com\u00adbler un besoin, besoin de contact, et je d\u00e9couvre que je peux y&nbsp;r\u00e9pondre ain\u00adsi, qu\u2019un cer\u00adtain besoin de contact peut \u00eatre com\u00adbl\u00e9 par le contact avec un mur (ou autre sur\u00adface dure s\u00fbre\u00adment) ; d\u00e9cou\u00adverte donc d\u2019une auto\u00adno\u00admie, pas besoin de contact avec quelqu\u2019un pour ce besoin-l\u00e0 (il y&nbsp;a d\u2019autres sortes de besoins de contact qui sont des appels vers l\u2019autre, \u00e9vi\u00addem\u00adment).<br>Apr\u00e8s la danse je me sens toute r\u00e9chauf\u00adf\u00e9e \u00e0&nbsp;l\u2019int\u00e9rieur, fluide, une bonne sen\u00adsa\u00adtion d\u2019\u00eatre bien tout sim\u00adple\u00adment.<br><br>\u2019\u2019\u2019Aman\u00adda :\u2019\u2019\u2019<br><br>Salut les dan\u00adceur (e)s explorateur(e)s,<br>Le plai\u00adsir du par\u00adtage m\u2019envahit en lisant sur\u00adtout la fin de ton r\u00e9cit. Que tu aies trou\u00adv\u00e9 l\u2019amour dans la non-pro\u00adpo\u00adsi\u00adtion (ouver\u00adture et pas d\u2019attentes par\u00adti\u00adcu\u00adli\u00e8res ) avec juste une \u00e9coute raf\u00adfi\u00adn\u00e9e est r\u00e9jouis\u00adsant. Ce que j\u2019ai res\u00adsen\u00adti la semaine d\u2019apr\u00e8s \u00e9tait simi\u00adlaire pen\u00addant le pre\u00admi\u00e8re heure d\u2019exploration.<\/p><p style=\"color:green; text-align:right !important;\">Article cr\u00e9\u00e9 le 16\/02\/2020<\/p>","protected":false},"excerpt":{"rendered":"<p>Danse forum\u2192 Comptes-ren\u00ad\u00addus des ate\u00adliers\u2192 Lam\u00adbesc !!Auto\u00adno\u00admie \u2013 18 f\u00e9vrier 2006 \u2019\u2019\u2019Leo\u00adnar\u00addo :\u2019\u2019\u2019 (\u2026) On passe donc \u00e0&nbsp;la Danse forum sans aucune pro\u00adpo\u00adsi\u00adtion, mais l\u2019id\u00e9e vien\u00addra toute seule, Andr\u00e9ine essaie la pres\u00adsion sur le mur du gym\u00adnase, on la suit\u200b.La musique qui nous accom\u00adpagne est de Sibe\u00adlius.Un plai\u00adsir immense s\u2019ouvre \u00e0&nbsp;nous, jai l\u2019impression d\u2019\u00eatre au centre d\u2019une mise-en-sc\u00e8ne d\u2019Op\u00e9ra.Les sen\u00adti\u00adments que je d\u00e9couvre c\u2019est l\u2019amour (en effet dans l\u2019acte amou\u00adreux on a&nbsp;l\u2019instinct d\u2019appuyer le corps l\u2019un contre l\u2019autre.) Je d\u00e9couvre&nbsp;[\u2026]<\/p>\n","protected":false},"author":2,"featured_media":0,"comment_status":"open","ping_status":"open","sticky":false,"template":"","format":"standard","meta":{"wp_typography_post_enhancements_disabled":false,"footnotes":""},"categories":[184],"tags":[208],"class_list":["post-61","post","type-post","status-publish","format-standard","hentry","category-ateliers_lambesc","tag-df_lambesc"],"yoast_head":"<!-- This site is optimized with the Yoast SEO plugin v27.5 - https:\/\/yoast.com\/product\/yoast-seo-wordpress\/ -->\n<title>Autonomie - Le TILT<\/title>\n<meta name=\"robots\" content=\"index, follow, max-snippet:-1, max-image-preview:large, max-video-preview:-1\" \/>\n<link rel=\"canonical\" href=\"https:\/\/www.leti.lt\/wordpress\/danseforum-autonomie\/\" \/>\n<meta property=\"og:locale\" content=\"fr_FR\" \/>\n<meta property=\"og:type\" content=\"article\" \/>\n<meta property=\"og:title\" content=\"Autonomie - Le TILT\" \/>\n<meta property=\"og:description\" content=\"Danse forum\u2192 Comptes-ren\u00addus des ate\u00adliers\u2192 Lam\u00adbesc !!Auto\u00adno\u00admie \u2013 18 f\u00e9vrier 2006 \u2019\u2019\u2019Leo\u00adnar\u00addo :\u2019\u2019\u2019 (\u2026) On passe donc \u00e0&nbsp;la Danse forum sans aucune pro\u00adpo\u00adsi\u00adtion, mais l\u2019id\u00e9e vien\u00addra toute seule, Andr\u00e9ine essaie la pres\u00adsion sur le mur du gym\u00adnase, on la suit.La musique qui nous accom\u00adpagne est de Sibe\u00adlius.Un plai\u00adsir immense s\u2019ouvre \u00e0&nbsp;nous, jai l\u2019impression d\u2019\u00eatre au centre d\u2019une mise-en-sc\u00e8ne d\u2019Op\u00e9ra.Les sen\u00adti\u00adments que je d\u00e9couvre c\u2019est l\u2019amour (en effet dans l\u2019acte amou\u00adreux on a&nbsp;l\u2019instinct d\u2019appuyer le corps l\u2019un contre l\u2019autre.) Je d\u00e9couvre [&hellip;]\" \/>\n<meta property=\"og:url\" content=\"https:\/\/www.leti.lt\/wordpress\/danseforum-autonomie\/\" \/>\n<meta property=\"og:site_name\" content=\"Le TILT\" \/>\n<meta property=\"article:published_time\" content=\"2020-02-16T14:30:31+00:00\" \/>\n<meta name=\"author\" content=\"Andr\u00e9ine Bel\" \/>\n<meta name=\"twitter:card\" content=\"summary_large_image\" \/>\n<meta name=\"twitter:label1\" content=\"\u00c9crit par\" \/>\n\t<meta name=\"twitter:data1\" content=\"Andr\u00e9ine Bel\" \/>\n\t<meta name=\"twitter:label2\" content=\"Dur\u00e9e de lecture estim\u00e9e\" \/>\n\t<meta name=\"twitter:data2\" content=\"2 minutes\" \/>\n<script type=\"application\/ld+json\" class=\"yoast-schema-graph\">{\"@context\":\"https:\\\/\\\/schema.org\",\"@graph\":[{\"@type\":\"Article\",\"@id\":\"https:\\\/\\\/www.leti.lt\\\/wordpress\\\/danseforum-autonomie\\\/#article\",\"isPartOf\":{\"@id\":\"https:\\\/\\\/www.leti.lt\\\/wordpress\\\/danseforum-autonomie\\\/\"},\"author\":{\"name\":\"Andr\u00e9ine Bel\",\"@id\":\"https:\\\/\\\/www.leti.lt\\\/wordpress\\\/#\\\/schema\\\/person\\\/9bb307b2af8fbb575bb3603e57951f75\"},\"headline\":\"Autonomie\",\"datePublished\":\"2020-02-16T14:30:31+00:00\",\"mainEntityOfPage\":{\"@id\":\"https:\\\/\\\/www.leti.lt\\\/wordpress\\\/danseforum-autonomie\\\/\"},\"wordCount\":371,\"commentCount\":0,\"keywords\":[\"DF_Lambesc\"],\"articleSection\":[\"Ateliers Lambesc\"],\"inLanguage\":\"fr-FR\",\"potentialAction\":[{\"@type\":\"CommentAction\",\"name\":\"Comment\",\"target\":[\"https:\\\/\\\/www.leti.lt\\\/wordpress\\\/danseforum-autonomie\\\/#respond\"]}]},{\"@type\":\"WebPage\",\"@id\":\"https:\\\/\\\/www.leti.lt\\\/wordpress\\\/danseforum-autonomie\\\/\",\"url\":\"https:\\\/\\\/www.leti.lt\\\/wordpress\\\/danseforum-autonomie\\\/\",\"name\":\"Autonomie - Le TILT\",\"isPartOf\":{\"@id\":\"https:\\\/\\\/www.leti.lt\\\/wordpress\\\/#website\"},\"datePublished\":\"2020-02-16T14:30:31+00:00\",\"author\":{\"@id\":\"https:\\\/\\\/www.leti.lt\\\/wordpress\\\/#\\\/schema\\\/person\\\/9bb307b2af8fbb575bb3603e57951f75\"},\"breadcrumb\":{\"@id\":\"https:\\\/\\\/www.leti.lt\\\/wordpress\\\/danseforum-autonomie\\\/#breadcrumb\"},\"inLanguage\":\"fr-FR\",\"potentialAction\":[{\"@type\":\"ReadAction\",\"target\":[\"https:\\\/\\\/www.leti.lt\\\/wordpress\\\/danseforum-autonomie\\\/\"]}]},{\"@type\":\"BreadcrumbList\",\"@id\":\"https:\\\/\\\/www.leti.lt\\\/wordpress\\\/danseforum-autonomie\\\/#breadcrumb\",\"itemListElement\":[{\"@type\":\"ListItem\",\"position\":1,\"name\":\"Accueil\",\"item\":\"https:\\\/\\\/www.leti.lt\\\/wordpress\\\/\"},{\"@type\":\"ListItem\",\"position\":2,\"name\":\"Autonomie\"}]},{\"@type\":\"WebSite\",\"@id\":\"https:\\\/\\\/www.leti.lt\\\/wordpress\\\/#website\",\"url\":\"https:\\\/\\\/www.leti.lt\\\/wordpress\\\/\",\"name\":\"Le TILT\",\"description\":\"Recherche, publication, cr\u00e9ation artistique\",\"potentialAction\":[{\"@type\":\"SearchAction\",\"target\":{\"@type\":\"EntryPoint\",\"urlTemplate\":\"https:\\\/\\\/www.leti.lt\\\/wordpress\\\/?s={search_term_string}\"},\"query-input\":{\"@type\":\"PropertyValueSpecification\",\"valueRequired\":true,\"valueName\":\"search_term_string\"}}],\"inLanguage\":\"fr-FR\"},{\"@type\":\"Person\",\"@id\":\"https:\\\/\\\/www.leti.lt\\\/wordpress\\\/#\\\/schema\\\/person\\\/9bb307b2af8fbb575bb3603e57951f75\",\"name\":\"Andr\u00e9ine Bel\",\"image\":{\"@type\":\"ImageObject\",\"inLanguage\":\"fr-FR\",\"@id\":\"https:\\\/\\\/secure.gravatar.com\\\/avatar\\\/4ab041ec7c7ad3b90293023e86528ec1a700ce2971ff61811b2df6b288dd1f38?s=96&d=identicon&r=g\",\"url\":\"https:\\\/\\\/secure.gravatar.com\\\/avatar\\\/4ab041ec7c7ad3b90293023e86528ec1a700ce2971ff61811b2df6b288dd1f38?s=96&d=identicon&r=g\",\"contentUrl\":\"https:\\\/\\\/secure.gravatar.com\\\/avatar\\\/4ab041ec7c7ad3b90293023e86528ec1a700ce2971ff61811b2df6b288dd1f38?s=96&d=identicon&r=g\",\"caption\":\"Andr\u00e9ine Bel\"},\"url\":\"https:\\\/\\\/www.leti.lt\\\/wordpress\\\/author\\\/andreine\\\/\"}]}<\/script>\n<!-- \/ Yoast SEO plugin. -->","yoast_head_json":{"title":"Autonomie - Le TILT","robots":{"index":"index","follow":"follow","max-snippet":"max-snippet:-1","max-image-preview":"max-image-preview:large","max-video-preview":"max-video-preview:-1"},"canonical":"https:\/\/www.leti.lt\/wordpress\/danseforum-autonomie\/","og_locale":"fr_FR","og_type":"article","og_title":"Autonomie - Le TILT","og_description":"Danse forum\u2192 Comptes-ren\u00addus des ate\u00adliers\u2192 Lam\u00adbesc !!Auto\u00adno\u00admie \u2013 18 f\u00e9vrier 2006 \u2019\u2019\u2019Leo\u00adnar\u00addo :\u2019\u2019\u2019 (\u2026) On passe donc \u00e0&nbsp;la Danse forum sans aucune pro\u00adpo\u00adsi\u00adtion, mais l\u2019id\u00e9e vien\u00addra toute seule, Andr\u00e9ine essaie la pres\u00adsion sur le mur du gym\u00adnase, on la suit.La musique qui nous accom\u00adpagne est de Sibe\u00adlius.Un plai\u00adsir immense s\u2019ouvre \u00e0&nbsp;nous, jai l\u2019impression d\u2019\u00eatre au centre d\u2019une mise-en-sc\u00e8ne d\u2019Op\u00e9ra.Les sen\u00adti\u00adments que je d\u00e9couvre c\u2019est l\u2019amour (en effet dans l\u2019acte amou\u00adreux on a&nbsp;l\u2019instinct d\u2019appuyer le corps l\u2019un contre l\u2019autre.) Je d\u00e9couvre [&hellip;]","og_url":"https:\/\/www.leti.lt\/wordpress\/danseforum-autonomie\/","og_site_name":"Le TILT","article_published_time":"2020-02-16T14:30:31+00:00","author":"Andr\u00e9ine Bel","twitter_card":"summary_large_image","twitter_misc":{"\u00c9crit par":"Andr\u00e9ine Bel","Dur\u00e9e de lecture estim\u00e9e":"2 minutes"},"schema":{"@context":"https:\/\/schema.org","@graph":[{"@type":"Article","@id":"https:\/\/www.leti.lt\/wordpress\/danseforum-autonomie\/#article","isPartOf":{"@id":"https:\/\/www.leti.lt\/wordpress\/danseforum-autonomie\/"},"author":{"name":"Andr\u00e9ine Bel","@id":"https:\/\/www.leti.lt\/wordpress\/#\/schema\/person\/9bb307b2af8fbb575bb3603e57951f75"},"headline":"Autonomie","datePublished":"2020-02-16T14:30:31+00:00","mainEntityOfPage":{"@id":"https:\/\/www.leti.lt\/wordpress\/danseforum-autonomie\/"},"wordCount":371,"commentCount":0,"keywords":["DF_Lambesc"],"articleSection":["Ateliers Lambesc"],"inLanguage":"fr-FR","potentialAction":[{"@type":"CommentAction","name":"Comment","target":["https:\/\/www.leti.lt\/wordpress\/danseforum-autonomie\/#respond"]}]},{"@type":"WebPage","@id":"https:\/\/www.leti.lt\/wordpress\/danseforum-autonomie\/","url":"https:\/\/www.leti.lt\/wordpress\/danseforum-autonomie\/","name":"Autonomie - Le TILT","isPartOf":{"@id":"https:\/\/www.leti.lt\/wordpress\/#website"},"datePublished":"2020-02-16T14:30:31+00:00","author":{"@id":"https:\/\/www.leti.lt\/wordpress\/#\/schema\/person\/9bb307b2af8fbb575bb3603e57951f75"},"breadcrumb":{"@id":"https:\/\/www.leti.lt\/wordpress\/danseforum-autonomie\/#breadcrumb"},"inLanguage":"fr-FR","potentialAction":[{"@type":"ReadAction","target":["https:\/\/www.leti.lt\/wordpress\/danseforum-autonomie\/"]}]},{"@type":"BreadcrumbList","@id":"https:\/\/www.leti.lt\/wordpress\/danseforum-autonomie\/#breadcrumb","itemListElement":[{"@type":"ListItem","position":1,"name":"Accueil","item":"https:\/\/www.leti.lt\/wordpress\/"},{"@type":"ListItem","position":2,"name":"Autonomie"}]},{"@type":"WebSite","@id":"https:\/\/www.leti.lt\/wordpress\/#website","url":"https:\/\/www.leti.lt\/wordpress\/","name":"Le TILT","description":"Recherche, publication, cr\u00e9ation artistique","potentialAction":[{"@type":"SearchAction","target":{"@type":"EntryPoint","urlTemplate":"https:\/\/www.leti.lt\/wordpress\/?s={search_term_string}"},"query-input":{"@type":"PropertyValueSpecification","valueRequired":true,"valueName":"search_term_string"}}],"inLanguage":"fr-FR"},{"@type":"Person","@id":"https:\/\/www.leti.lt\/wordpress\/#\/schema\/person\/9bb307b2af8fbb575bb3603e57951f75","name":"Andr\u00e9ine Bel","image":{"@type":"ImageObject","inLanguage":"fr-FR","@id":"https:\/\/secure.gravatar.com\/avatar\/4ab041ec7c7ad3b90293023e86528ec1a700ce2971ff61811b2df6b288dd1f38?s=96&d=identicon&r=g","url":"https:\/\/secure.gravatar.com\/avatar\/4ab041ec7c7ad3b90293023e86528ec1a700ce2971ff61811b2df6b288dd1f38?s=96&d=identicon&r=g","contentUrl":"https:\/\/secure.gravatar.com\/avatar\/4ab041ec7c7ad3b90293023e86528ec1a700ce2971ff61811b2df6b288dd1f38?s=96&d=identicon&r=g","caption":"Andr\u00e9ine Bel"},"url":"https:\/\/www.leti.lt\/wordpress\/author\/andreine\/"}]}},"_links":{"self":[{"href":"https:\/\/www.leti.lt\/wordpress\/wp-json\/wp\/v2\/posts\/61","targetHints":{"allow":["GET"]}}],"collection":[{"href":"https:\/\/www.leti.lt\/wordpress\/wp-json\/wp\/v2\/posts"}],"about":[{"href":"https:\/\/www.leti.lt\/wordpress\/wp-json\/wp\/v2\/types\/post"}],"author":[{"embeddable":true,"href":"https:\/\/www.leti.lt\/wordpress\/wp-json\/wp\/v2\/users\/2"}],"replies":[{"embeddable":true,"href":"https:\/\/www.leti.lt\/wordpress\/wp-json\/wp\/v2\/comments?post=61"}],"version-history":[{"count":0,"href":"https:\/\/www.leti.lt\/wordpress\/wp-json\/wp\/v2\/posts\/61\/revisions"}],"wp:attachment":[{"href":"https:\/\/www.leti.lt\/wordpress\/wp-json\/wp\/v2\/media?parent=61"}],"wp:term":[{"taxonomy":"category","embeddable":true,"href":"https:\/\/www.leti.lt\/wordpress\/wp-json\/wp\/v2\/categories?post=61"},{"taxonomy":"post_tag","embeddable":true,"href":"https:\/\/www.leti.lt\/wordpress\/wp-json\/wp\/v2\/tags?post=61"}],"curies":[{"name":"wp","href":"https:\/\/api.w.org\/{rel}","templated":true}]}}