{"id":60,"date":"2020-02-16T15:30:31","date_gmt":"2020-02-16T14:30:31","guid":{"rendered":"https:\/\/www.leti.lt\/wordpress\/?p=60"},"modified":"-0001-11-30T00:00:00","modified_gmt":"-0001-11-29T22:00:00","slug":"danseforum-augustoboaletletheatredelopprime","status":"publish","type":"post","link":"https:\/\/www.leti.lt\/wordpress\/danseforum-augustoboaletletheatredelopprime\/","title":{"rendered":"Augusto Boal et le Th\u00e9\u00e2tre de l\u2019Opprim\u00e9"},"content":{"rendered":"<p><a href=\"https:\/\/www.leti.lt\/wordpress\/danseforum-danseforum\/\">Danse forum<\/a><br>\u2192 <a href=\"https:\/\/www.leti.lt\/wordpress\/danseforum-theatreforumetdanseforum\/\">Th\u00e9\u00e2tre forum et danse forum<\/a><br><br>!! Augus\u00adto Boal et le Th\u00e9\u00e2tre de l\u2019Opprim\u00e9 \u2013 juillet 2005<br><br>\u2019\u2019\u2019Ate\u00adlier \u00ab&nbsp;Th\u00e9atre l\u00e9gis\u00adla\u00adtif&nbsp;\u00bb \u00e0&nbsp;St \u00c9tienne-les-Orgues (04) le 17 juillet 2005.\u2019\u2019\u2019<br><br>Enre\u00adgis\u00adtre\u00adments r\u00e9a\u00adli\u00ads\u00e9s avec la per\u00admis\u00adsion d\u2019Augusto Boal&nbsp;:<br><br><a href=\"http:\/\/lpl-aix.fr\/~belbernard\/misc\/sons\/boal\/VOICE002.MP3\"> Pr\u00e9\u00adsen\u00adta\u00adtion du Th\u00e9\u00e2tre de l\u2019Opprim\u00e9 par Augus\u00adto Boal<\/a> (MP3 84&nbsp;Mo)<br><br><a href=\"http:\/\/lpl-aix.fr\/~belbernard\/misc\/sons\/boal\/VOICE003.MP3\"> Per\u00adfor\u00admance de th\u00e9\u00e2tre forum sur le th\u00e8me du loge\u00adment dans la r\u00e9gion de For\u00adcal\u00adquier<\/a> (MP3 60&nbsp;Mo)<br><br><a href=\"http:\/\/lpl-aix.fr\/~belbernard\/misc\/sons\/boal\/VOICE004.MP3\"> Per\u00adfor\u00admance de th\u00e9\u00e2tre l\u00e9gis\u00adla\u00adtif sur le m\u00eame th\u00e8me<\/a> (MP3 77&nbsp;Mo)<\/p><p style=\"color:green; text-align:right !important;\">Article cr\u00e9\u00e9 le 16\/02\/2020<\/p>","protected":false},"excerpt":{"rendered":"<p>Danse forum\u2192 Th\u00e9\u00e2tre forum et danse&nbsp;forum !! Augus\u00adto Boal et le Th\u00e9\u00e2tre de l\u2019Opprim\u00e9 \u2013 juillet 2005 \u2019\u2019\u2019Ate\u00adlier \u00ab&nbsp;Th\u00e9atre l\u00e9gis\u00adla\u00adtif&nbsp;\u00bb \u00e0&nbsp;St \u00c9tienne-les-Orgues (04) le 17 juillet 2005.\u2019\u2019\u2019 Enre\u00adgis\u00adtre\u00adments r\u00e9a\u00adli\u00ads\u00e9s avec la per\u00admis\u00adsion d\u2019Augusto Boal&nbsp;: Pr\u00e9\u00adsen\u00adta\u00adtion du Th\u00e9\u00e2tre de l\u2019Opprim\u00e9 par Augus\u00adto Boal (MP3 84&nbsp;Mo) Per\u00adfor\u00admance de th\u00e9\u00e2tre forum sur le th\u00e8me du loge\u00adment dans la r\u00e9gion de For\u00adcal\u00adquier (MP3 60&nbsp;Mo) Per\u00adfor\u00admance de th\u00e9\u00e2tre l\u00e9gis\u00adla\u00adtif sur le m\u00eame th\u00e8me (MP3 77&nbsp;Mo) Article cr\u00e9\u00e9 le 16\/02\/2020<\/p>\n","protected":false},"author":2,"featured_media":0,"comment_status":"open","ping_status":"open","sticky":false,"template":"","format":"standard","meta":{"wp_typography_post_enhancements_disabled":false,"footnotes":""},"categories":[12],"tags":[187],"class_list":["post-60","post","type-post","status-publish","format-standard","hentry","category-tf_et_df","tag-tf_et_df"],"yoast_head":"<!-- This site is optimized with the Yoast SEO plugin v27.5 - https:\/\/yoast.com\/product\/yoast-seo-wordpress\/ -->\n<title>Augusto Boal et le Th\u00e9\u00e2tre de l\u2019Opprim\u00e9 - Le TILT<\/title>\n<meta name=\"robots\" content=\"index, follow, max-snippet:-1, max-image-preview:large, max-video-preview:-1\" \/>\n<link rel=\"canonical\" href=\"https:\/\/www.leti.lt\/wordpress\/danseforum-augustoboaletletheatredelopprime\/\" \/>\n<meta property=\"og:locale\" content=\"fr_FR\" \/>\n<meta property=\"og:type\" content=\"article\" \/>\n<meta property=\"og:title\" content=\"Augusto Boal et le Th\u00e9\u00e2tre de l\u2019Opprim\u00e9 - Le TILT\" \/>\n<meta property=\"og:description\" content=\"Danse forum\u2192 Th\u00e9\u00e2tre forum et danse&nbsp;forum !! Augus\u00adto Boal et le Th\u00e9\u00e2tre de l\u2019Opprim\u00e9 \u2013 juillet 2005 \u2019\u2019\u2019Ate\u00adlier \u00ab&nbsp;Th\u00e9atre l\u00e9gis\u00adla\u00adtif&nbsp;\u00bb \u00e0&nbsp;St \u00c9tienne-les-Orgues (04) le 17 juillet 2005.\u2019\u2019\u2019 Enre\u00adgis\u00adtre\u00adments r\u00e9a\u00adli\u00ads\u00e9s avec la per\u00admis\u00adsion d\u2019Augusto Boal&nbsp;: Pr\u00e9\u00adsen\u00adta\u00adtion du Th\u00e9\u00e2tre de l\u2019Opprim\u00e9 par Augus\u00adto Boal (MP3 84&nbsp;Mo) Per\u00adfor\u00admance de th\u00e9\u00e2tre forum sur le th\u00e8me du loge\u00adment dans la r\u00e9gion de For\u00adcal\u00adquier (MP3 60&nbsp;Mo) Per\u00adfor\u00admance de th\u00e9\u00e2tre l\u00e9gis\u00adla\u00adtif sur le m\u00eame th\u00e8me (MP3 77&nbsp;Mo) Article cr\u00e9\u00e9 le 16\/02\/2020\" \/>\n<meta property=\"og:url\" content=\"https:\/\/www.leti.lt\/wordpress\/danseforum-augustoboaletletheatredelopprime\/\" \/>\n<meta property=\"og:site_name\" content=\"Le TILT\" \/>\n<meta property=\"article:published_time\" content=\"2020-02-16T14:30:31+00:00\" \/>\n<meta name=\"author\" content=\"Andr\u00e9ine Bel\" \/>\n<meta name=\"twitter:card\" content=\"summary_large_image\" \/>\n<meta name=\"twitter:label1\" content=\"\u00c9crit par\" \/>\n\t<meta name=\"twitter:data1\" content=\"Andr\u00e9ine Bel\" \/>\n<script type=\"application\/ld+json\" class=\"yoast-schema-graph\">{\"@context\":\"https:\\\/\\\/schema.org\",\"@graph\":[{\"@type\":\"Article\",\"@id\":\"https:\\\/\\\/www.leti.lt\\\/wordpress\\\/danseforum-augustoboaletletheatredelopprime\\\/#article\",\"isPartOf\":{\"@id\":\"https:\\\/\\\/www.leti.lt\\\/wordpress\\\/danseforum-augustoboaletletheatredelopprime\\\/\"},\"author\":{\"name\":\"Andr\u00e9ine Bel\",\"@id\":\"https:\\\/\\\/www.leti.lt\\\/wordpress\\\/#\\\/schema\\\/person\\\/9bb307b2af8fbb575bb3603e57951f75\"},\"headline\":\"Augusto Boal et le Th\u00e9\u00e2tre de l\u2019Opprim\u00e9\",\"datePublished\":\"2020-02-16T14:30:31+00:00\",\"mainEntityOfPage\":{\"@id\":\"https:\\\/\\\/www.leti.lt\\\/wordpress\\\/danseforum-augustoboaletletheatredelopprime\\\/\"},\"wordCount\":93,\"commentCount\":0,\"keywords\":[\"TF_et_DF\"],\"articleSection\":[\"TF et DF\"],\"inLanguage\":\"fr-FR\",\"potentialAction\":[{\"@type\":\"CommentAction\",\"name\":\"Comment\",\"target\":[\"https:\\\/\\\/www.leti.lt\\\/wordpress\\\/danseforum-augustoboaletletheatredelopprime\\\/#respond\"]}]},{\"@type\":\"WebPage\",\"@id\":\"https:\\\/\\\/www.leti.lt\\\/wordpress\\\/danseforum-augustoboaletletheatredelopprime\\\/\",\"url\":\"https:\\\/\\\/www.leti.lt\\\/wordpress\\\/danseforum-augustoboaletletheatredelopprime\\\/\",\"name\":\"Augusto Boal et le Th\u00e9\u00e2tre de l\u2019Opprim\u00e9 - Le TILT\",\"isPartOf\":{\"@id\":\"https:\\\/\\\/www.leti.lt\\\/wordpress\\\/#website\"},\"datePublished\":\"2020-02-16T14:30:31+00:00\",\"author\":{\"@id\":\"https:\\\/\\\/www.leti.lt\\\/wordpress\\\/#\\\/schema\\\/person\\\/9bb307b2af8fbb575bb3603e57951f75\"},\"breadcrumb\":{\"@id\":\"https:\\\/\\\/www.leti.lt\\\/wordpress\\\/danseforum-augustoboaletletheatredelopprime\\\/#breadcrumb\"},\"inLanguage\":\"fr-FR\",\"potentialAction\":[{\"@type\":\"ReadAction\",\"target\":[\"https:\\\/\\\/www.leti.lt\\\/wordpress\\\/danseforum-augustoboaletletheatredelopprime\\\/\"]}]},{\"@type\":\"BreadcrumbList\",\"@id\":\"https:\\\/\\\/www.leti.lt\\\/wordpress\\\/danseforum-augustoboaletletheatredelopprime\\\/#breadcrumb\",\"itemListElement\":[{\"@type\":\"ListItem\",\"position\":1,\"name\":\"Accueil\",\"item\":\"https:\\\/\\\/www.leti.lt\\\/wordpress\\\/\"},{\"@type\":\"ListItem\",\"position\":2,\"name\":\"Augusto Boal et le Th\u00e9\u00e2tre de l\u2019Opprim\u00e9\"}]},{\"@type\":\"WebSite\",\"@id\":\"https:\\\/\\\/www.leti.lt\\\/wordpress\\\/#website\",\"url\":\"https:\\\/\\\/www.leti.lt\\\/wordpress\\\/\",\"name\":\"Le TILT\",\"description\":\"Recherche, publication, cr\u00e9ation artistique\",\"potentialAction\":[{\"@type\":\"SearchAction\",\"target\":{\"@type\":\"EntryPoint\",\"urlTemplate\":\"https:\\\/\\\/www.leti.lt\\\/wordpress\\\/?s={search_term_string}\"},\"query-input\":{\"@type\":\"PropertyValueSpecification\",\"valueRequired\":true,\"valueName\":\"search_term_string\"}}],\"inLanguage\":\"fr-FR\"},{\"@type\":\"Person\",\"@id\":\"https:\\\/\\\/www.leti.lt\\\/wordpress\\\/#\\\/schema\\\/person\\\/9bb307b2af8fbb575bb3603e57951f75\",\"name\":\"Andr\u00e9ine Bel\",\"image\":{\"@type\":\"ImageObject\",\"inLanguage\":\"fr-FR\",\"@id\":\"https:\\\/\\\/secure.gravatar.com\\\/avatar\\\/4ab041ec7c7ad3b90293023e86528ec1a700ce2971ff61811b2df6b288dd1f38?s=96&d=identicon&r=g\",\"url\":\"https:\\\/\\\/secure.gravatar.com\\\/avatar\\\/4ab041ec7c7ad3b90293023e86528ec1a700ce2971ff61811b2df6b288dd1f38?s=96&d=identicon&r=g\",\"contentUrl\":\"https:\\\/\\\/secure.gravatar.com\\\/avatar\\\/4ab041ec7c7ad3b90293023e86528ec1a700ce2971ff61811b2df6b288dd1f38?s=96&d=identicon&r=g\",\"caption\":\"Andr\u00e9ine Bel\"},\"url\":\"https:\\\/\\\/www.leti.lt\\\/wordpress\\\/author\\\/andreine\\\/\"}]}<\/script>\n<!-- \/ Yoast SEO plugin. -->","yoast_head_json":{"title":"Augusto Boal et le Th\u00e9\u00e2tre de l\u2019Opprim\u00e9 - Le TILT","robots":{"index":"index","follow":"follow","max-snippet":"max-snippet:-1","max-image-preview":"max-image-preview:large","max-video-preview":"max-video-preview:-1"},"canonical":"https:\/\/www.leti.lt\/wordpress\/danseforum-augustoboaletletheatredelopprime\/","og_locale":"fr_FR","og_type":"article","og_title":"Augusto Boal et le Th\u00e9\u00e2tre de l\u2019Opprim\u00e9 - Le TILT","og_description":"Danse forum\u2192 Th\u00e9\u00e2tre forum et danse&nbsp;forum !! Augus\u00adto Boal et le Th\u00e9\u00e2tre de l\u2019Opprim\u00e9 \u2013 juillet 2005 \u2019\u2019\u2019Ate\u00adlier \u00ab&nbsp;Th\u00e9atre l\u00e9gis\u00adla\u00adtif&nbsp;\u00bb \u00e0&nbsp;St \u00c9tienne-les-Orgues (04) le 17 juillet 2005.\u2019\u2019\u2019 Enre\u00adgis\u00adtre\u00adments r\u00e9a\u00adli\u00ads\u00e9s avec la per\u00admis\u00adsion d\u2019Augusto Boal&nbsp;: Pr\u00e9\u00adsen\u00adta\u00adtion du Th\u00e9\u00e2tre de l\u2019Opprim\u00e9 par Augus\u00adto Boal (MP3 84&nbsp;Mo) Per\u00adfor\u00admance de th\u00e9\u00e2tre forum sur le th\u00e8me du loge\u00adment dans la r\u00e9gion de For\u00adcal\u00adquier (MP3 60&nbsp;Mo) Per\u00adfor\u00admance de th\u00e9\u00e2tre l\u00e9gis\u00adla\u00adtif sur le m\u00eame th\u00e8me (MP3 77&nbsp;Mo) Article cr\u00e9\u00e9 le 16\/02\/2020","og_url":"https:\/\/www.leti.lt\/wordpress\/danseforum-augustoboaletletheatredelopprime\/","og_site_name":"Le TILT","article_published_time":"2020-02-16T14:30:31+00:00","author":"Andr\u00e9ine Bel","twitter_card":"summary_large_image","twitter_misc":{"\u00c9crit par":"Andr\u00e9ine Bel"},"schema":{"@context":"https:\/\/schema.org","@graph":[{"@type":"Article","@id":"https:\/\/www.leti.lt\/wordpress\/danseforum-augustoboaletletheatredelopprime\/#article","isPartOf":{"@id":"https:\/\/www.leti.lt\/wordpress\/danseforum-augustoboaletletheatredelopprime\/"},"author":{"name":"Andr\u00e9ine Bel","@id":"https:\/\/www.leti.lt\/wordpress\/#\/schema\/person\/9bb307b2af8fbb575bb3603e57951f75"},"headline":"Augusto Boal et le Th\u00e9\u00e2tre de l\u2019Opprim\u00e9","datePublished":"2020-02-16T14:30:31+00:00","mainEntityOfPage":{"@id":"https:\/\/www.leti.lt\/wordpress\/danseforum-augustoboaletletheatredelopprime\/"},"wordCount":93,"commentCount":0,"keywords":["TF_et_DF"],"articleSection":["TF et DF"],"inLanguage":"fr-FR","potentialAction":[{"@type":"CommentAction","name":"Comment","target":["https:\/\/www.leti.lt\/wordpress\/danseforum-augustoboaletletheatredelopprime\/#respond"]}]},{"@type":"WebPage","@id":"https:\/\/www.leti.lt\/wordpress\/danseforum-augustoboaletletheatredelopprime\/","url":"https:\/\/www.leti.lt\/wordpress\/danseforum-augustoboaletletheatredelopprime\/","name":"Augusto Boal et le Th\u00e9\u00e2tre de l\u2019Opprim\u00e9 - Le TILT","isPartOf":{"@id":"https:\/\/www.leti.lt\/wordpress\/#website"},"datePublished":"2020-02-16T14:30:31+00:00","author":{"@id":"https:\/\/www.leti.lt\/wordpress\/#\/schema\/person\/9bb307b2af8fbb575bb3603e57951f75"},"breadcrumb":{"@id":"https:\/\/www.leti.lt\/wordpress\/danseforum-augustoboaletletheatredelopprime\/#breadcrumb"},"inLanguage":"fr-FR","potentialAction":[{"@type":"ReadAction","target":["https:\/\/www.leti.lt\/wordpress\/danseforum-augustoboaletletheatredelopprime\/"]}]},{"@type":"BreadcrumbList","@id":"https:\/\/www.leti.lt\/wordpress\/danseforum-augustoboaletletheatredelopprime\/#breadcrumb","itemListElement":[{"@type":"ListItem","position":1,"name":"Accueil","item":"https:\/\/www.leti.lt\/wordpress\/"},{"@type":"ListItem","position":2,"name":"Augusto Boal et le Th\u00e9\u00e2tre de l\u2019Opprim\u00e9"}]},{"@type":"WebSite","@id":"https:\/\/www.leti.lt\/wordpress\/#website","url":"https:\/\/www.leti.lt\/wordpress\/","name":"Le TILT","description":"Recherche, publication, cr\u00e9ation artistique","potentialAction":[{"@type":"SearchAction","target":{"@type":"EntryPoint","urlTemplate":"https:\/\/www.leti.lt\/wordpress\/?s={search_term_string}"},"query-input":{"@type":"PropertyValueSpecification","valueRequired":true,"valueName":"search_term_string"}}],"inLanguage":"fr-FR"},{"@type":"Person","@id":"https:\/\/www.leti.lt\/wordpress\/#\/schema\/person\/9bb307b2af8fbb575bb3603e57951f75","name":"Andr\u00e9ine Bel","image":{"@type":"ImageObject","inLanguage":"fr-FR","@id":"https:\/\/secure.gravatar.com\/avatar\/4ab041ec7c7ad3b90293023e86528ec1a700ce2971ff61811b2df6b288dd1f38?s=96&d=identicon&r=g","url":"https:\/\/secure.gravatar.com\/avatar\/4ab041ec7c7ad3b90293023e86528ec1a700ce2971ff61811b2df6b288dd1f38?s=96&d=identicon&r=g","contentUrl":"https:\/\/secure.gravatar.com\/avatar\/4ab041ec7c7ad3b90293023e86528ec1a700ce2971ff61811b2df6b288dd1f38?s=96&d=identicon&r=g","caption":"Andr\u00e9ine Bel"},"url":"https:\/\/www.leti.lt\/wordpress\/author\/andreine\/"}]}},"_links":{"self":[{"href":"https:\/\/www.leti.lt\/wordpress\/wp-json\/wp\/v2\/posts\/60","targetHints":{"allow":["GET"]}}],"collection":[{"href":"https:\/\/www.leti.lt\/wordpress\/wp-json\/wp\/v2\/posts"}],"about":[{"href":"https:\/\/www.leti.lt\/wordpress\/wp-json\/wp\/v2\/types\/post"}],"author":[{"embeddable":true,"href":"https:\/\/www.leti.lt\/wordpress\/wp-json\/wp\/v2\/users\/2"}],"replies":[{"embeddable":true,"href":"https:\/\/www.leti.lt\/wordpress\/wp-json\/wp\/v2\/comments?post=60"}],"version-history":[{"count":0,"href":"https:\/\/www.leti.lt\/wordpress\/wp-json\/wp\/v2\/posts\/60\/revisions"}],"wp:attachment":[{"href":"https:\/\/www.leti.lt\/wordpress\/wp-json\/wp\/v2\/media?parent=60"}],"wp:term":[{"taxonomy":"category","embeddable":true,"href":"https:\/\/www.leti.lt\/wordpress\/wp-json\/wp\/v2\/categories?post=60"},{"taxonomy":"post_tag","embeddable":true,"href":"https:\/\/www.leti.lt\/wordpress\/wp-json\/wp\/v2\/tags?post=60"}],"curies":[{"name":"wp","href":"https:\/\/api.w.org\/{rel}","templated":true}]}}