{"id":57,"date":"2020-02-16T15:30:31","date_gmt":"2020-02-16T14:30:31","guid":{"rendered":"https:\/\/www.leti.lt\/wordpress\/?p=57"},"modified":"2020-06-10T23:56:58","modified_gmt":"2020-06-10T21:56:58","slug":"danseforum-aixenprovence","status":"publish","type":"post","link":"https:\/\/www.leti.lt\/wordpress\/danseforum-aixenprovence\/","title":{"rendered":"Danse forum \u00e0&nbsp;Aix-en-Provence"},"content":{"rendered":"\n<p><a href=\"https:\/\/www.leti.lt\/wordpress\/danseforum-danseforum\/\">Danse forum<\/a><br>\u2192 <a href=\"https:\/\/www.leti.lt\/wordpress\/danseforum-comptesrendusateliers\/\">Comptes-ren\u00addus des ate\u00adliers<\/a><br><br>* <a href=\"https:\/\/www.leti.lt\/wordpress\/danseforum-sinceriteetjustemesure\/\">Sin\u00adc\u00e9\u00adri\u00adt\u00e9 et juste mesure&nbsp;? \u2013 3\/6\/12<\/a><br>* <a href=\"https:\/\/www.leti.lt\/wordpress\/danseforum-lecorpsetlespace\/\">Le corps et l\u2019espace \u2013 1\/4\/12<\/a><br>* <a href=\"https:\/\/www.leti.lt\/wordpress\/danseforum-l\u2019habitudeetnommer\/\">L\u2019habitude et Nom\u00admer \u2013 26\/6\/11<\/a><br>* <a href=\"https:\/\/www.leti.lt\/wordpress\/danseforum-larencontre\/\">La ren\u00adcontre \u2013 20\/2\/11<\/a><br>* <a href=\"https:\/\/www.leti.lt\/wordpress\/danseforum-lombreetlalumiere\/\">L\u2019ombre et la lumi\u00e8re \u2013 19\/12\/10<\/a><br>* <a href=\"https:\/\/www.leti.lt\/wordpress\/danseforum-lequilibre\/\">L\u2019\u00e9quilibre \u2013 5\/12\/10<\/a><br>* <a href=\"https:\/\/www.leti.lt\/wordpress\/danseforum-lacceptation\/\">L\u2019acceptation \u2013 31\/10\/10<\/a><br>* <a href=\"https:\/\/www.leti.lt\/wordpress\/danseforum-larticulation\/\">L\u2019articulation \u2013 27\/6\/10<\/a><br>* <a href=\"https:\/\/www.leti.lt\/wordpress\/danseforum-ecrituresducorpsetsignaturecorporelle\/\">Ecri\u00adtures du corps et signa\u00adture cor\u00adpo\u00adrelle \u2013 9\/5\/10<\/a><br>* <a href=\"https:\/\/www.leti.lt\/wordpress\/danseforum-interfaceecrituresducorpsetlacher\/\">Inter\u00adface, \u00e9cri\u00adtures du corps et l\u00e2cher \u2013 2\/5\/10<\/a><br>* <a href=\"https:\/\/www.leti.lt\/wordpress\/danseforum-lecorpssansorganesetlevolume\/\">Le Corps sans organes et le volume \u2013 12\/4\/10<\/a><br>* <a href=\"https:\/\/www.leti.lt\/wordpress\/danseforum-lecorpssansorganesetlecorps\/\">Le Corps sans organes et le corps \u2013 4\/4\/10<\/a><br>* <a href=\"https:\/\/www.leti.lt\/wordpress\/danseforum-lecorpssansorganesetlinacheve\/\">Le Corps sans organes et l\u2019inachev\u00e9 \u2013 28\/3\/10<\/a><\/p>\n<p style=\"color:green; text-align:right !important;\">Article cr\u00e9\u00e9 le 16\/02\/2020 \u2013 modi\u00adfi\u00e9 le 10\/06\/2020<\/p>","protected":false},"excerpt":{"rendered":"<p>Danse forum\u2192 Comptes-ren\u00ad\u00addus des ate\u00adliers * Sin\u00adc\u00e9\u00adri\u00adt\u00e9 et juste mesure&nbsp;? \u2013 3\/6\/12* Le corps et l\u2019espace \u2013 1\/4\/12* L\u2019habitude et Nom\u00admer \u2013 26\/6\/11* La ren\u00adcontre \u2013 20\/2\/11* L\u2019ombre et la lumi\u00e8re \u2013 19\/12\/10* L\u2019\u00e9quilibre \u2013 5\/12\/10* L\u2019acceptation \u2013 31\/10\/10* L\u2019articulation \u2013 27\/6\/10* Ecri\u00adtures du corps et signa\u00adture cor\u00adpo\u00adrelle \u2013 9\/5\/10* Inter\u00adface, \u00e9cri\u00adtures du corps et l\u00e2cher \u2013 2\/5\/10* Le Corps sans organes et le volume \u2013 12\/4\/10* Le Corps sans organes et le corps \u2013 4\/4\/10* Le Corps sans organes&nbsp;[\u2026]<\/p>\n","protected":false},"author":2,"featured_media":0,"comment_status":"open","ping_status":"open","sticky":false,"template":"","format":"standard","meta":{"wp_typography_post_enhancements_disabled":false,"footnotes":""},"categories":[133],"tags":[183],"class_list":["post-57","post","type-post","status-publish","format-standard","hentry","category-ateliers_aix","tag-df_ateliers"],"yoast_head":"<!-- This site is optimized with the Yoast SEO plugin v27.5 - https:\/\/yoast.com\/product\/yoast-seo-wordpress\/ -->\n<title>Danse forum \u00e0 Aix-en-Provence - Le TILT<\/title>\n<meta name=\"robots\" content=\"index, follow, max-snippet:-1, max-image-preview:large, max-video-preview:-1\" \/>\n<link rel=\"canonical\" href=\"https:\/\/www.leti.lt\/wordpress\/danseforum-aixenprovence\/\" \/>\n<meta property=\"og:locale\" content=\"fr_FR\" \/>\n<meta property=\"og:type\" content=\"article\" \/>\n<meta property=\"og:title\" content=\"Danse forum \u00e0 Aix-en-Provence - Le TILT\" \/>\n<meta property=\"og:description\" content=\"Danse forum\u2192 Comptes-ren\u00addus des ateliers * Sin\u00adc\u00e9\u00adri\u00adt\u00e9 et juste mesure&nbsp;? \u2013 3\/6\/12* Le corps et l\u2019espace \u2013 1\/4\/12* L\u2019habitude et Nom\u00admer \u2013 26\/6\/11* La ren\u00adcontre \u2013 20\/2\/11* L\u2019ombre et la lumi\u00e8re \u2013 19\/12\/10* L\u2019\u00e9quilibre \u2013 5\/12\/10* L\u2019acceptation \u2013 31\/10\/10* L\u2019articulation \u2013 27\/6\/10* Ecri\u00adtures du corps et signa\u00adture cor\u00adpo\u00adrelle \u2013 9\/5\/10* Inter\u00adface, \u00e9cri\u00adtures du corps et l\u00e2cher \u2013 2\/5\/10* Le Corps sans organes et le volume \u2013 12\/4\/10* Le Corps sans organes et le corps \u2013 4\/4\/10* Le Corps sans organes [&hellip;]\" \/>\n<meta property=\"og:url\" content=\"https:\/\/www.leti.lt\/wordpress\/danseforum-aixenprovence\/\" \/>\n<meta property=\"og:site_name\" content=\"Le TILT\" \/>\n<meta property=\"article:published_time\" content=\"2020-02-16T14:30:31+00:00\" \/>\n<meta property=\"article:modified_time\" content=\"2020-06-10T21:56:58+00:00\" \/>\n<meta name=\"author\" content=\"Andr\u00e9ine Bel\" \/>\n<meta name=\"twitter:card\" content=\"summary_large_image\" \/>\n<meta name=\"twitter:label1\" content=\"\u00c9crit par\" \/>\n\t<meta name=\"twitter:data1\" content=\"Andr\u00e9ine Bel\" \/>\n<script type=\"application\/ld+json\" class=\"yoast-schema-graph\">{\"@context\":\"https:\\\/\\\/schema.org\",\"@graph\":[{\"@type\":\"Article\",\"@id\":\"https:\\\/\\\/www.leti.lt\\\/wordpress\\\/danseforum-aixenprovence\\\/#article\",\"isPartOf\":{\"@id\":\"https:\\\/\\\/www.leti.lt\\\/wordpress\\\/danseforum-aixenprovence\\\/\"},\"author\":{\"name\":\"Andr\u00e9ine Bel\",\"@id\":\"https:\\\/\\\/www.leti.lt\\\/wordpress\\\/#\\\/schema\\\/person\\\/9bb307b2af8fbb575bb3603e57951f75\"},\"headline\":\"Danse forum \u00e0&nbsp;Aix-en-Provence\",\"datePublished\":\"2020-02-16T14:30:31+00:00\",\"dateModified\":\"2020-06-10T21:56:58+00:00\",\"mainEntityOfPage\":{\"@id\":\"https:\\\/\\\/www.leti.lt\\\/wordpress\\\/danseforum-aixenprovence\\\/\"},\"wordCount\":84,\"commentCount\":0,\"keywords\":[\"DF_ateliers\"],\"articleSection\":[\"Ateliers Aix\"],\"inLanguage\":\"fr-FR\",\"potentialAction\":[{\"@type\":\"CommentAction\",\"name\":\"Comment\",\"target\":[\"https:\\\/\\\/www.leti.lt\\\/wordpress\\\/danseforum-aixenprovence\\\/#respond\"]}]},{\"@type\":\"WebPage\",\"@id\":\"https:\\\/\\\/www.leti.lt\\\/wordpress\\\/danseforum-aixenprovence\\\/\",\"url\":\"https:\\\/\\\/www.leti.lt\\\/wordpress\\\/danseforum-aixenprovence\\\/\",\"name\":\"Danse forum \u00e0 Aix-en-Provence - Le TILT\",\"isPartOf\":{\"@id\":\"https:\\\/\\\/www.leti.lt\\\/wordpress\\\/#website\"},\"datePublished\":\"2020-02-16T14:30:31+00:00\",\"dateModified\":\"2020-06-10T21:56:58+00:00\",\"author\":{\"@id\":\"https:\\\/\\\/www.leti.lt\\\/wordpress\\\/#\\\/schema\\\/person\\\/9bb307b2af8fbb575bb3603e57951f75\"},\"breadcrumb\":{\"@id\":\"https:\\\/\\\/www.leti.lt\\\/wordpress\\\/danseforum-aixenprovence\\\/#breadcrumb\"},\"inLanguage\":\"fr-FR\",\"potentialAction\":[{\"@type\":\"ReadAction\",\"target\":[\"https:\\\/\\\/www.leti.lt\\\/wordpress\\\/danseforum-aixenprovence\\\/\"]}]},{\"@type\":\"BreadcrumbList\",\"@id\":\"https:\\\/\\\/www.leti.lt\\\/wordpress\\\/danseforum-aixenprovence\\\/#breadcrumb\",\"itemListElement\":[{\"@type\":\"ListItem\",\"position\":1,\"name\":\"Accueil\",\"item\":\"https:\\\/\\\/www.leti.lt\\\/wordpress\\\/\"},{\"@type\":\"ListItem\",\"position\":2,\"name\":\"Danse forum \u00e0&nbsp;Aix-en-Provence\"}]},{\"@type\":\"WebSite\",\"@id\":\"https:\\\/\\\/www.leti.lt\\\/wordpress\\\/#website\",\"url\":\"https:\\\/\\\/www.leti.lt\\\/wordpress\\\/\",\"name\":\"Le TILT\",\"description\":\"Recherche, publication, cr\u00e9ation artistique\",\"potentialAction\":[{\"@type\":\"SearchAction\",\"target\":{\"@type\":\"EntryPoint\",\"urlTemplate\":\"https:\\\/\\\/www.leti.lt\\\/wordpress\\\/?s={search_term_string}\"},\"query-input\":{\"@type\":\"PropertyValueSpecification\",\"valueRequired\":true,\"valueName\":\"search_term_string\"}}],\"inLanguage\":\"fr-FR\"},{\"@type\":\"Person\",\"@id\":\"https:\\\/\\\/www.leti.lt\\\/wordpress\\\/#\\\/schema\\\/person\\\/9bb307b2af8fbb575bb3603e57951f75\",\"name\":\"Andr\u00e9ine Bel\",\"image\":{\"@type\":\"ImageObject\",\"inLanguage\":\"fr-FR\",\"@id\":\"https:\\\/\\\/secure.gravatar.com\\\/avatar\\\/4ab041ec7c7ad3b90293023e86528ec1a700ce2971ff61811b2df6b288dd1f38?s=96&d=identicon&r=g\",\"url\":\"https:\\\/\\\/secure.gravatar.com\\\/avatar\\\/4ab041ec7c7ad3b90293023e86528ec1a700ce2971ff61811b2df6b288dd1f38?s=96&d=identicon&r=g\",\"contentUrl\":\"https:\\\/\\\/secure.gravatar.com\\\/avatar\\\/4ab041ec7c7ad3b90293023e86528ec1a700ce2971ff61811b2df6b288dd1f38?s=96&d=identicon&r=g\",\"caption\":\"Andr\u00e9ine Bel\"},\"url\":\"https:\\\/\\\/www.leti.lt\\\/wordpress\\\/author\\\/andreine\\\/\"}]}<\/script>\n<!-- \/ Yoast SEO plugin. -->","yoast_head_json":{"title":"Danse forum \u00e0 Aix-en-Provence - Le TILT","robots":{"index":"index","follow":"follow","max-snippet":"max-snippet:-1","max-image-preview":"max-image-preview:large","max-video-preview":"max-video-preview:-1"},"canonical":"https:\/\/www.leti.lt\/wordpress\/danseforum-aixenprovence\/","og_locale":"fr_FR","og_type":"article","og_title":"Danse forum \u00e0 Aix-en-Provence - Le TILT","og_description":"Danse forum\u2192 Comptes-ren\u00addus des ateliers * Sin\u00adc\u00e9\u00adri\u00adt\u00e9 et juste mesure&nbsp;? \u2013 3\/6\/12* Le corps et l\u2019espace \u2013 1\/4\/12* L\u2019habitude et Nom\u00admer \u2013 26\/6\/11* La ren\u00adcontre \u2013 20\/2\/11* L\u2019ombre et la lumi\u00e8re \u2013 19\/12\/10* L\u2019\u00e9quilibre \u2013 5\/12\/10* L\u2019acceptation \u2013 31\/10\/10* L\u2019articulation \u2013 27\/6\/10* Ecri\u00adtures du corps et signa\u00adture cor\u00adpo\u00adrelle \u2013 9\/5\/10* Inter\u00adface, \u00e9cri\u00adtures du corps et l\u00e2cher \u2013 2\/5\/10* Le Corps sans organes et le volume \u2013 12\/4\/10* Le Corps sans organes et le corps \u2013 4\/4\/10* Le Corps sans organes [&hellip;]","og_url":"https:\/\/www.leti.lt\/wordpress\/danseforum-aixenprovence\/","og_site_name":"Le TILT","article_published_time":"2020-02-16T14:30:31+00:00","article_modified_time":"2020-06-10T21:56:58+00:00","author":"Andr\u00e9ine Bel","twitter_card":"summary_large_image","twitter_misc":{"\u00c9crit par":"Andr\u00e9ine Bel"},"schema":{"@context":"https:\/\/schema.org","@graph":[{"@type":"Article","@id":"https:\/\/www.leti.lt\/wordpress\/danseforum-aixenprovence\/#article","isPartOf":{"@id":"https:\/\/www.leti.lt\/wordpress\/danseforum-aixenprovence\/"},"author":{"name":"Andr\u00e9ine Bel","@id":"https:\/\/www.leti.lt\/wordpress\/#\/schema\/person\/9bb307b2af8fbb575bb3603e57951f75"},"headline":"Danse forum \u00e0&nbsp;Aix-en-Provence","datePublished":"2020-02-16T14:30:31+00:00","dateModified":"2020-06-10T21:56:58+00:00","mainEntityOfPage":{"@id":"https:\/\/www.leti.lt\/wordpress\/danseforum-aixenprovence\/"},"wordCount":84,"commentCount":0,"keywords":["DF_ateliers"],"articleSection":["Ateliers Aix"],"inLanguage":"fr-FR","potentialAction":[{"@type":"CommentAction","name":"Comment","target":["https:\/\/www.leti.lt\/wordpress\/danseforum-aixenprovence\/#respond"]}]},{"@type":"WebPage","@id":"https:\/\/www.leti.lt\/wordpress\/danseforum-aixenprovence\/","url":"https:\/\/www.leti.lt\/wordpress\/danseforum-aixenprovence\/","name":"Danse forum \u00e0 Aix-en-Provence - Le TILT","isPartOf":{"@id":"https:\/\/www.leti.lt\/wordpress\/#website"},"datePublished":"2020-02-16T14:30:31+00:00","dateModified":"2020-06-10T21:56:58+00:00","author":{"@id":"https:\/\/www.leti.lt\/wordpress\/#\/schema\/person\/9bb307b2af8fbb575bb3603e57951f75"},"breadcrumb":{"@id":"https:\/\/www.leti.lt\/wordpress\/danseforum-aixenprovence\/#breadcrumb"},"inLanguage":"fr-FR","potentialAction":[{"@type":"ReadAction","target":["https:\/\/www.leti.lt\/wordpress\/danseforum-aixenprovence\/"]}]},{"@type":"BreadcrumbList","@id":"https:\/\/www.leti.lt\/wordpress\/danseforum-aixenprovence\/#breadcrumb","itemListElement":[{"@type":"ListItem","position":1,"name":"Accueil","item":"https:\/\/www.leti.lt\/wordpress\/"},{"@type":"ListItem","position":2,"name":"Danse forum \u00e0&nbsp;Aix-en-Provence"}]},{"@type":"WebSite","@id":"https:\/\/www.leti.lt\/wordpress\/#website","url":"https:\/\/www.leti.lt\/wordpress\/","name":"Le TILT","description":"Recherche, publication, cr\u00e9ation artistique","potentialAction":[{"@type":"SearchAction","target":{"@type":"EntryPoint","urlTemplate":"https:\/\/www.leti.lt\/wordpress\/?s={search_term_string}"},"query-input":{"@type":"PropertyValueSpecification","valueRequired":true,"valueName":"search_term_string"}}],"inLanguage":"fr-FR"},{"@type":"Person","@id":"https:\/\/www.leti.lt\/wordpress\/#\/schema\/person\/9bb307b2af8fbb575bb3603e57951f75","name":"Andr\u00e9ine Bel","image":{"@type":"ImageObject","inLanguage":"fr-FR","@id":"https:\/\/secure.gravatar.com\/avatar\/4ab041ec7c7ad3b90293023e86528ec1a700ce2971ff61811b2df6b288dd1f38?s=96&d=identicon&r=g","url":"https:\/\/secure.gravatar.com\/avatar\/4ab041ec7c7ad3b90293023e86528ec1a700ce2971ff61811b2df6b288dd1f38?s=96&d=identicon&r=g","contentUrl":"https:\/\/secure.gravatar.com\/avatar\/4ab041ec7c7ad3b90293023e86528ec1a700ce2971ff61811b2df6b288dd1f38?s=96&d=identicon&r=g","caption":"Andr\u00e9ine Bel"},"url":"https:\/\/www.leti.lt\/wordpress\/author\/andreine\/"}]}},"_links":{"self":[{"href":"https:\/\/www.leti.lt\/wordpress\/wp-json\/wp\/v2\/posts\/57","targetHints":{"allow":["GET"]}}],"collection":[{"href":"https:\/\/www.leti.lt\/wordpress\/wp-json\/wp\/v2\/posts"}],"about":[{"href":"https:\/\/www.leti.lt\/wordpress\/wp-json\/wp\/v2\/types\/post"}],"author":[{"embeddable":true,"href":"https:\/\/www.leti.lt\/wordpress\/wp-json\/wp\/v2\/users\/2"}],"replies":[{"embeddable":true,"href":"https:\/\/www.leti.lt\/wordpress\/wp-json\/wp\/v2\/comments?post=57"}],"version-history":[{"count":1,"href":"https:\/\/www.leti.lt\/wordpress\/wp-json\/wp\/v2\/posts\/57\/revisions"}],"predecessor-version":[{"id":779,"href":"https:\/\/www.leti.lt\/wordpress\/wp-json\/wp\/v2\/posts\/57\/revisions\/779"}],"wp:attachment":[{"href":"https:\/\/www.leti.lt\/wordpress\/wp-json\/wp\/v2\/media?parent=57"}],"wp:term":[{"taxonomy":"category","embeddable":true,"href":"https:\/\/www.leti.lt\/wordpress\/wp-json\/wp\/v2\/categories?post=57"},{"taxonomy":"post_tag","embeddable":true,"href":"https:\/\/www.leti.lt\/wordpress\/wp-json\/wp\/v2\/tags?post=57"}],"curies":[{"name":"wp","href":"https:\/\/api.w.org\/{rel}","templated":true}]}}