{"id":39,"date":"2020-02-16T09:57:12","date_gmt":"2020-02-16T08:57:12","guid":{"rendered":"https:\/\/www.leti.lt\/wordpress\/?p=39"},"modified":"2020-06-10T13:42:58","modified_gmt":"2020-06-10T11:42:58","slug":"danseforum-aproposdeladanseforum","status":"publish","type":"post","link":"https:\/\/www.leti.lt\/wordpress\/danseforum-aproposdeladanseforum\/","title":{"rendered":"Cheminement de la danse&nbsp;forum"},"content":{"rendered":"\n<ul class=\"wp-block-list\"><li><a rel=\"noreferrer noopener\" href=\"https:\/\/www.leti.lt\/wordpress\/danseforum-festivaldupbtm2011arles\/\" target=\"_blank\">Fes\u00adti\u00adval du PBTM 2011 \u00e0&nbsp;Arles<\/a><\/li><li><a rel=\"noreferrer noopener\" href=\"https:\/\/www.leti.lt\/wordpress\/danseforum-lessensationsendf\/\" target=\"_blank\">De la dif\u00adfi\u00adcul\u00adt\u00e9 de nom\u00admer et se relier aux sen\u00adsa\u00adtions en DF \u2013 1\/2\/11<\/a><\/li><li><a rel=\"noreferrer noopener\" href=\"https:\/\/www.leti.lt\/wordpress\/danseforum-trouvaillesdfrentreenouvelles\/\" target=\"_blank\">Trou\u00advailles&nbsp;: DF-Ren\u00adtr\u00e9e Nou\u00advelles \u2013 20\u200a\u2013\u200a23\/8\/10 \u00e0&nbsp;Forcalquier<\/a><\/li><li><a rel=\"noreferrer noopener\" href=\"https:\/\/www.leti.lt\/wordpress\/danseforum-festivalrentreenouvelles\/\" target=\"_blank\">Fes\u00adti\u00adval Ren\u00adtr\u00e9e Nou\u00advelles \u2013 20\u200a\u2013\u200a23\/8\/10 \u00e0&nbsp;Forcalquier<\/a><\/li><li><a rel=\"noreferrer noopener\" href=\"https:\/\/www.leti.lt\/wordpress\/danseforum-festivalpbtm\/\" target=\"_blank\">Fes\u00adti\u00adval PBTM \u2013 4\/11\/09 \u00e0&nbsp;Cadenet<\/a><\/li><li><a rel=\"noreferrer noopener\" href=\"https:\/\/www.leti.lt\/wordpress\/danseforum-lajutesse\/\" target=\"_blank\">La jus\u00adtesse en DF \u2013 9\/5\/09 \u00e0&nbsp;Lambesc<\/a><\/li><li><a rel=\"noreferrer noopener\" href=\"https:\/\/www.leti.lt\/wordpress\/danseforum-bilansetperspectives\/\" target=\"_blank\">Bilan et pers\u00adpec\u00adtives \u2013 8\/3\/08 \u00e0&nbsp;Venelles<\/a><\/li><li><a rel=\"noreferrer noopener\" href=\"https:\/\/www.leti.lt\/wordpress\/danseforum-brainstorming2\/\" target=\"_blank\">Brains\u00adtor\u00adming II \u2013 9\/07<\/a><\/li><li><a rel=\"noreferrer noopener\" href=\"https:\/\/www.leti.lt\/wordpress\/danseforum-danseforumetpolitique\/\" target=\"_blank\">Danse forum et poli\u00adtique \u2013 7\/07<\/a><\/li><li><a rel=\"noreferrer noopener\" href=\"https:\/\/www.leti.lt\/wordpress\/danseforum-avantproposdanseforumpublique\/\" target=\"_blank\">Avant-pro\u00adpos \u00e0&nbsp;une danse forum publique \u2013 7\/07<\/a><\/li><li><a rel=\"noreferrer noopener\" href=\"https:\/\/www.leti.lt\/wordpress\/danseforum-lintensite\/\" target=\"_blank\">La danse forum mise en forum \u2013 6\/07<\/a><\/li><li><a rel=\"noreferrer noopener\" href=\"https:\/\/www.leti.lt\/wordpress\/danseforum-brainstorming1\/\" target=\"_blank\">Brains\u00adtor\u00adming I \u2013 7\/06<\/a><\/li><li><a rel=\"noreferrer noopener\" href=\"https:\/\/www.leti.lt\/wordpress\/danseforum-bilandfpbtmenregistre\/\" target=\"_blank\">Bilan de la DF du 7\/7\/07 enre\u00adgis\u00adtr\u00e9 \u00e0&nbsp;St Michel l\u2019Observatoire<\/a><\/li><li><a rel=\"noreferrer noopener\" href=\"https:\/\/www.leti.lt\/wordpress\/danseforum-bilandfpbtm\/\" target=\"_blank\">Bilan de la DF du 7\/7\/07 \u00e0&nbsp;St Michel l\u2019Observatoire<\/a><\/li><li><a href=\"https:\/\/www.leti.lt\/wordpress\/danseforum-sept\/\">Sept \u2013 7\/7\/07, fes\u00adti\u00adval PBTM \u00e0&nbsp;St Michel L\u2019observatoire<\/a><\/li><li><a rel=\"noreferrer noopener\" href=\"https:\/\/www.leti.lt\/wordpress\/danseforum-avantpremierededanseforum\/\" target=\"_blank\">Avant-pre\u00admi\u00e8re de danse forum \u2013 5\/06<\/a><\/li><\/ul>\n<p style=\"color:green; text-align:right !important;\">Article cr\u00e9\u00e9 le 16\/02\/2020 \u2013 modi\u00adfi\u00e9 le 10\/06\/2020<\/p>","protected":false},"excerpt":{"rendered":"<p>Fes\u00adti\u00adval du PBTM 2011 \u00e0&nbsp;Arles De la dif\u00adfi\u00adcul\u00adt\u00e9 de nom\u00admer et se relier aux sen\u00adsa\u00adtions en DF \u2013 1\/2\/11 Trou\u00advailles&nbsp;: DF-Ren\u00ad\u00adtr\u00e9e Nou\u00advelles \u2013 20 \u2013 23\/8\/10 \u00e0&nbsp;For\u00adcal\u00adquier Fes\u00adti\u00adval Ren\u00adtr\u00e9e Nou\u00advelles \u2013 20 \u2013 23\/8\/10 \u00e0&nbsp;For\u00adcal\u00adquier Fes\u00adti\u00adval PBTM \u2013 4\/11\/09 \u00e0&nbsp;Cade\u00adnet La jus\u00adtesse en DF \u2013 9\/5\/09 \u00e0&nbsp;Lam\u00adbesc Bilan et pers\u00adpec\u00adtives \u2013 8\/3\/08 \u00e0&nbsp;Venelles Brains\u00adtor\u00adming II \u2013 9\/07 Danse forum et poli\u00adtique \u2013 7\/07 Avant-pro\u00ad\u00adpos \u00e0&nbsp;une danse forum publique \u2013 7\/07 La danse forum mise en forum \u2013 6\/07 Brains\u00adtor\u00adming I \u2013 7\/06 Bilan&nbsp;de&nbsp;[\u2026]<\/p>\n","protected":false},"author":2,"featured_media":30,"comment_status":"open","ping_status":"open","sticky":false,"template":"","format":"standard","meta":{"wp_typography_post_enhancements_disabled":false,"footnotes":""},"categories":[1],"tags":[217],"class_list":["post-39","post","type-post","status-publish","format-standard","has-post-thumbnail","hentry","category-danseforum","tag-danseforum"],"yoast_head":"<!-- This site is optimized with the Yoast SEO plugin v27.5 - https:\/\/yoast.com\/product\/yoast-seo-wordpress\/ -->\n<title>Cheminement de la danse forum - Le TILT<\/title>\n<meta name=\"robots\" content=\"index, follow, max-snippet:-1, max-image-preview:large, max-video-preview:-1\" \/>\n<link rel=\"canonical\" href=\"https:\/\/www.leti.lt\/wordpress\/danseforum-aproposdeladanseforum\/\" \/>\n<meta property=\"og:locale\" content=\"fr_FR\" \/>\n<meta property=\"og:type\" content=\"article\" \/>\n<meta property=\"og:title\" content=\"Cheminement de la danse forum - Le TILT\" \/>\n<meta property=\"og:description\" content=\"Fes\u00adti\u00adval du PBTM 2011 \u00e0&nbsp;Arles De la dif\u00adfi\u00adcul\u00adt\u00e9 de nom\u00admer et se relier aux sen\u00adsa\u00adtions en DF \u2013 1\/2\/11 Trou\u00advailles&nbsp;: DF-Ren\u00adtr\u00e9e Nou\u00advelles \u2013 20\u200a\u2013\u200a23\/8\/10 \u00e0&nbsp;Forcalquier Fes\u00adti\u00adval Ren\u00adtr\u00e9e Nou\u00advelles \u2013 20\u200a\u2013\u200a23\/8\/10 \u00e0&nbsp;Forcalquier Fes\u00adti\u00adval PBTM \u2013 4\/11\/09 \u00e0&nbsp;Cadenet La jus\u00adtesse en DF \u2013 9\/5\/09 \u00e0&nbsp;Lambesc Bilan et pers\u00adpec\u00adtives \u2013 8\/3\/08 \u00e0&nbsp;Venelles Brains\u00adtor\u00adming II \u2013 9\/07 Danse forum et poli\u00adtique \u2013 7\/07 Avant-pro\u00adpos \u00e0&nbsp;une danse forum publique \u2013 7\/07 La danse forum mise en forum \u2013 6\/07 Brains\u00adtor\u00adming I \u2013 7\/06 Bilan de [&hellip;]\" \/>\n<meta property=\"og:url\" content=\"https:\/\/www.leti.lt\/wordpress\/danseforum-aproposdeladanseforum\/\" \/>\n<meta property=\"og:site_name\" content=\"Le TILT\" \/>\n<meta property=\"article:published_time\" content=\"2020-02-16T08:57:12+00:00\" \/>\n<meta property=\"article:modified_time\" content=\"2020-06-10T11:42:58+00:00\" \/>\n<meta property=\"og:image\" content=\"https:\/\/www.leti.lt\/wordpress\/wp-content\/uploads\/DR-Dahdah-194.jpg\" \/>\n\t<meta property=\"og:image:width\" content=\"960\" \/>\n\t<meta property=\"og:image:height\" content=\"540\" \/>\n\t<meta property=\"og:image:type\" content=\"image\/jpeg\" \/>\n<meta name=\"author\" content=\"Andr\u00e9ine Bel\" \/>\n<meta name=\"twitter:card\" content=\"summary_large_image\" \/>\n<meta name=\"twitter:label1\" content=\"\u00c9crit par\" \/>\n\t<meta name=\"twitter:data1\" content=\"Andr\u00e9ine Bel\" \/>\n<script type=\"application\/ld+json\" class=\"yoast-schema-graph\">{\"@context\":\"https:\\\/\\\/schema.org\",\"@graph\":[{\"@type\":\"Article\",\"@id\":\"https:\\\/\\\/www.leti.lt\\\/wordpress\\\/danseforum-aproposdeladanseforum\\\/#article\",\"isPartOf\":{\"@id\":\"https:\\\/\\\/www.leti.lt\\\/wordpress\\\/danseforum-aproposdeladanseforum\\\/\"},\"author\":{\"name\":\"Andr\u00e9ine Bel\",\"@id\":\"https:\\\/\\\/www.leti.lt\\\/wordpress\\\/#\\\/schema\\\/person\\\/9bb307b2af8fbb575bb3603e57951f75\"},\"headline\":\"Cheminement de la danse&nbsp;forum\",\"datePublished\":\"2020-02-16T08:57:12+00:00\",\"dateModified\":\"2020-06-10T11:42:58+00:00\",\"mainEntityOfPage\":{\"@id\":\"https:\\\/\\\/www.leti.lt\\\/wordpress\\\/danseforum-aproposdeladanseforum\\\/\"},\"wordCount\":108,\"commentCount\":0,\"image\":{\"@id\":\"https:\\\/\\\/www.leti.lt\\\/wordpress\\\/danseforum-aproposdeladanseforum\\\/#primaryimage\"},\"thumbnailUrl\":\"https:\\\/\\\/www.leti.lt\\\/wordpress\\\/wp-content\\\/uploads\\\/DR-Dahdah-194.jpg\",\"keywords\":[\"DanseForum\"],\"articleSection\":[\"DanseForum\"],\"inLanguage\":\"fr-FR\",\"potentialAction\":[{\"@type\":\"CommentAction\",\"name\":\"Comment\",\"target\":[\"https:\\\/\\\/www.leti.lt\\\/wordpress\\\/danseforum-aproposdeladanseforum\\\/#respond\"]}]},{\"@type\":\"WebPage\",\"@id\":\"https:\\\/\\\/www.leti.lt\\\/wordpress\\\/danseforum-aproposdeladanseforum\\\/\",\"url\":\"https:\\\/\\\/www.leti.lt\\\/wordpress\\\/danseforum-aproposdeladanseforum\\\/\",\"name\":\"Cheminement de la danse forum - Le TILT\",\"isPartOf\":{\"@id\":\"https:\\\/\\\/www.leti.lt\\\/wordpress\\\/#website\"},\"primaryImageOfPage\":{\"@id\":\"https:\\\/\\\/www.leti.lt\\\/wordpress\\\/danseforum-aproposdeladanseforum\\\/#primaryimage\"},\"image\":{\"@id\":\"https:\\\/\\\/www.leti.lt\\\/wordpress\\\/danseforum-aproposdeladanseforum\\\/#primaryimage\"},\"thumbnailUrl\":\"https:\\\/\\\/www.leti.lt\\\/wordpress\\\/wp-content\\\/uploads\\\/DR-Dahdah-194.jpg\",\"datePublished\":\"2020-02-16T08:57:12+00:00\",\"dateModified\":\"2020-06-10T11:42:58+00:00\",\"author\":{\"@id\":\"https:\\\/\\\/www.leti.lt\\\/wordpress\\\/#\\\/schema\\\/person\\\/9bb307b2af8fbb575bb3603e57951f75\"},\"breadcrumb\":{\"@id\":\"https:\\\/\\\/www.leti.lt\\\/wordpress\\\/danseforum-aproposdeladanseforum\\\/#breadcrumb\"},\"inLanguage\":\"fr-FR\",\"potentialAction\":[{\"@type\":\"ReadAction\",\"target\":[\"https:\\\/\\\/www.leti.lt\\\/wordpress\\\/danseforum-aproposdeladanseforum\\\/\"]}]},{\"@type\":\"ImageObject\",\"inLanguage\":\"fr-FR\",\"@id\":\"https:\\\/\\\/www.leti.lt\\\/wordpress\\\/danseforum-aproposdeladanseforum\\\/#primaryimage\",\"url\":\"https:\\\/\\\/www.leti.lt\\\/wordpress\\\/wp-content\\\/uploads\\\/DR-Dahdah-194.jpg\",\"contentUrl\":\"https:\\\/\\\/www.leti.lt\\\/wordpress\\\/wp-content\\\/uploads\\\/DR-Dahdah-194.jpg\",\"width\":960,\"height\":540},{\"@type\":\"BreadcrumbList\",\"@id\":\"https:\\\/\\\/www.leti.lt\\\/wordpress\\\/danseforum-aproposdeladanseforum\\\/#breadcrumb\",\"itemListElement\":[{\"@type\":\"ListItem\",\"position\":1,\"name\":\"Accueil\",\"item\":\"https:\\\/\\\/www.leti.lt\\\/wordpress\\\/\"},{\"@type\":\"ListItem\",\"position\":2,\"name\":\"Cheminement de la danse&nbsp;forum\"}]},{\"@type\":\"WebSite\",\"@id\":\"https:\\\/\\\/www.leti.lt\\\/wordpress\\\/#website\",\"url\":\"https:\\\/\\\/www.leti.lt\\\/wordpress\\\/\",\"name\":\"Le TILT\",\"description\":\"Recherche, publication, cr\u00e9ation artistique\",\"potentialAction\":[{\"@type\":\"SearchAction\",\"target\":{\"@type\":\"EntryPoint\",\"urlTemplate\":\"https:\\\/\\\/www.leti.lt\\\/wordpress\\\/?s={search_term_string}\"},\"query-input\":{\"@type\":\"PropertyValueSpecification\",\"valueRequired\":true,\"valueName\":\"search_term_string\"}}],\"inLanguage\":\"fr-FR\"},{\"@type\":\"Person\",\"@id\":\"https:\\\/\\\/www.leti.lt\\\/wordpress\\\/#\\\/schema\\\/person\\\/9bb307b2af8fbb575bb3603e57951f75\",\"name\":\"Andr\u00e9ine Bel\",\"image\":{\"@type\":\"ImageObject\",\"inLanguage\":\"fr-FR\",\"@id\":\"https:\\\/\\\/secure.gravatar.com\\\/avatar\\\/4ab041ec7c7ad3b90293023e86528ec1a700ce2971ff61811b2df6b288dd1f38?s=96&d=identicon&r=g\",\"url\":\"https:\\\/\\\/secure.gravatar.com\\\/avatar\\\/4ab041ec7c7ad3b90293023e86528ec1a700ce2971ff61811b2df6b288dd1f38?s=96&d=identicon&r=g\",\"contentUrl\":\"https:\\\/\\\/secure.gravatar.com\\\/avatar\\\/4ab041ec7c7ad3b90293023e86528ec1a700ce2971ff61811b2df6b288dd1f38?s=96&d=identicon&r=g\",\"caption\":\"Andr\u00e9ine Bel\"},\"url\":\"https:\\\/\\\/www.leti.lt\\\/wordpress\\\/author\\\/andreine\\\/\"}]}<\/script>\n<!-- \/ Yoast SEO plugin. -->","yoast_head_json":{"title":"Cheminement de la danse forum - Le TILT","robots":{"index":"index","follow":"follow","max-snippet":"max-snippet:-1","max-image-preview":"max-image-preview:large","max-video-preview":"max-video-preview:-1"},"canonical":"https:\/\/www.leti.lt\/wordpress\/danseforum-aproposdeladanseforum\/","og_locale":"fr_FR","og_type":"article","og_title":"Cheminement de la danse forum - Le TILT","og_description":"Fes\u00adti\u00adval du PBTM 2011 \u00e0&nbsp;Arles De la dif\u00adfi\u00adcul\u00adt\u00e9 de nom\u00admer et se relier aux sen\u00adsa\u00adtions en DF \u2013 1\/2\/11 Trou\u00advailles&nbsp;: DF-Ren\u00adtr\u00e9e Nou\u00advelles \u2013 20\u200a\u2013\u200a23\/8\/10 \u00e0&nbsp;Forcalquier Fes\u00adti\u00adval Ren\u00adtr\u00e9e Nou\u00advelles \u2013 20\u200a\u2013\u200a23\/8\/10 \u00e0&nbsp;Forcalquier Fes\u00adti\u00adval PBTM \u2013 4\/11\/09 \u00e0&nbsp;Cadenet La jus\u00adtesse en DF \u2013 9\/5\/09 \u00e0&nbsp;Lambesc Bilan et pers\u00adpec\u00adtives \u2013 8\/3\/08 \u00e0&nbsp;Venelles Brains\u00adtor\u00adming II \u2013 9\/07 Danse forum et poli\u00adtique \u2013 7\/07 Avant-pro\u00adpos \u00e0&nbsp;une danse forum publique \u2013 7\/07 La danse forum mise en forum \u2013 6\/07 Brains\u00adtor\u00adming I \u2013 7\/06 Bilan de [&hellip;]","og_url":"https:\/\/www.leti.lt\/wordpress\/danseforum-aproposdeladanseforum\/","og_site_name":"Le TILT","article_published_time":"2020-02-16T08:57:12+00:00","article_modified_time":"2020-06-10T11:42:58+00:00","og_image":[{"width":960,"height":540,"url":"https:\/\/www.leti.lt\/wordpress\/wp-content\/uploads\/DR-Dahdah-194.jpg","type":"image\/jpeg"}],"author":"Andr\u00e9ine Bel","twitter_card":"summary_large_image","twitter_misc":{"\u00c9crit par":"Andr\u00e9ine Bel"},"schema":{"@context":"https:\/\/schema.org","@graph":[{"@type":"Article","@id":"https:\/\/www.leti.lt\/wordpress\/danseforum-aproposdeladanseforum\/#article","isPartOf":{"@id":"https:\/\/www.leti.lt\/wordpress\/danseforum-aproposdeladanseforum\/"},"author":{"name":"Andr\u00e9ine Bel","@id":"https:\/\/www.leti.lt\/wordpress\/#\/schema\/person\/9bb307b2af8fbb575bb3603e57951f75"},"headline":"Cheminement de la danse&nbsp;forum","datePublished":"2020-02-16T08:57:12+00:00","dateModified":"2020-06-10T11:42:58+00:00","mainEntityOfPage":{"@id":"https:\/\/www.leti.lt\/wordpress\/danseforum-aproposdeladanseforum\/"},"wordCount":108,"commentCount":0,"image":{"@id":"https:\/\/www.leti.lt\/wordpress\/danseforum-aproposdeladanseforum\/#primaryimage"},"thumbnailUrl":"https:\/\/www.leti.lt\/wordpress\/wp-content\/uploads\/DR-Dahdah-194.jpg","keywords":["DanseForum"],"articleSection":["DanseForum"],"inLanguage":"fr-FR","potentialAction":[{"@type":"CommentAction","name":"Comment","target":["https:\/\/www.leti.lt\/wordpress\/danseforum-aproposdeladanseforum\/#respond"]}]},{"@type":"WebPage","@id":"https:\/\/www.leti.lt\/wordpress\/danseforum-aproposdeladanseforum\/","url":"https:\/\/www.leti.lt\/wordpress\/danseforum-aproposdeladanseforum\/","name":"Cheminement de la danse forum - Le TILT","isPartOf":{"@id":"https:\/\/www.leti.lt\/wordpress\/#website"},"primaryImageOfPage":{"@id":"https:\/\/www.leti.lt\/wordpress\/danseforum-aproposdeladanseforum\/#primaryimage"},"image":{"@id":"https:\/\/www.leti.lt\/wordpress\/danseforum-aproposdeladanseforum\/#primaryimage"},"thumbnailUrl":"https:\/\/www.leti.lt\/wordpress\/wp-content\/uploads\/DR-Dahdah-194.jpg","datePublished":"2020-02-16T08:57:12+00:00","dateModified":"2020-06-10T11:42:58+00:00","author":{"@id":"https:\/\/www.leti.lt\/wordpress\/#\/schema\/person\/9bb307b2af8fbb575bb3603e57951f75"},"breadcrumb":{"@id":"https:\/\/www.leti.lt\/wordpress\/danseforum-aproposdeladanseforum\/#breadcrumb"},"inLanguage":"fr-FR","potentialAction":[{"@type":"ReadAction","target":["https:\/\/www.leti.lt\/wordpress\/danseforum-aproposdeladanseforum\/"]}]},{"@type":"ImageObject","inLanguage":"fr-FR","@id":"https:\/\/www.leti.lt\/wordpress\/danseforum-aproposdeladanseforum\/#primaryimage","url":"https:\/\/www.leti.lt\/wordpress\/wp-content\/uploads\/DR-Dahdah-194.jpg","contentUrl":"https:\/\/www.leti.lt\/wordpress\/wp-content\/uploads\/DR-Dahdah-194.jpg","width":960,"height":540},{"@type":"BreadcrumbList","@id":"https:\/\/www.leti.lt\/wordpress\/danseforum-aproposdeladanseforum\/#breadcrumb","itemListElement":[{"@type":"ListItem","position":1,"name":"Accueil","item":"https:\/\/www.leti.lt\/wordpress\/"},{"@type":"ListItem","position":2,"name":"Cheminement de la danse&nbsp;forum"}]},{"@type":"WebSite","@id":"https:\/\/www.leti.lt\/wordpress\/#website","url":"https:\/\/www.leti.lt\/wordpress\/","name":"Le TILT","description":"Recherche, publication, cr\u00e9ation artistique","potentialAction":[{"@type":"SearchAction","target":{"@type":"EntryPoint","urlTemplate":"https:\/\/www.leti.lt\/wordpress\/?s={search_term_string}"},"query-input":{"@type":"PropertyValueSpecification","valueRequired":true,"valueName":"search_term_string"}}],"inLanguage":"fr-FR"},{"@type":"Person","@id":"https:\/\/www.leti.lt\/wordpress\/#\/schema\/person\/9bb307b2af8fbb575bb3603e57951f75","name":"Andr\u00e9ine Bel","image":{"@type":"ImageObject","inLanguage":"fr-FR","@id":"https:\/\/secure.gravatar.com\/avatar\/4ab041ec7c7ad3b90293023e86528ec1a700ce2971ff61811b2df6b288dd1f38?s=96&d=identicon&r=g","url":"https:\/\/secure.gravatar.com\/avatar\/4ab041ec7c7ad3b90293023e86528ec1a700ce2971ff61811b2df6b288dd1f38?s=96&d=identicon&r=g","contentUrl":"https:\/\/secure.gravatar.com\/avatar\/4ab041ec7c7ad3b90293023e86528ec1a700ce2971ff61811b2df6b288dd1f38?s=96&d=identicon&r=g","caption":"Andr\u00e9ine Bel"},"url":"https:\/\/www.leti.lt\/wordpress\/author\/andreine\/"}]}},"_links":{"self":[{"href":"https:\/\/www.leti.lt\/wordpress\/wp-json\/wp\/v2\/posts\/39","targetHints":{"allow":["GET"]}}],"collection":[{"href":"https:\/\/www.leti.lt\/wordpress\/wp-json\/wp\/v2\/posts"}],"about":[{"href":"https:\/\/www.leti.lt\/wordpress\/wp-json\/wp\/v2\/types\/post"}],"author":[{"embeddable":true,"href":"https:\/\/www.leti.lt\/wordpress\/wp-json\/wp\/v2\/users\/2"}],"replies":[{"embeddable":true,"href":"https:\/\/www.leti.lt\/wordpress\/wp-json\/wp\/v2\/comments?post=39"}],"version-history":[{"count":4,"href":"https:\/\/www.leti.lt\/wordpress\/wp-json\/wp\/v2\/posts\/39\/revisions"}],"predecessor-version":[{"id":671,"href":"https:\/\/www.leti.lt\/wordpress\/wp-json\/wp\/v2\/posts\/39\/revisions\/671"}],"wp:featuredmedia":[{"embeddable":true,"href":"https:\/\/www.leti.lt\/wordpress\/wp-json\/wp\/v2\/media\/30"}],"wp:attachment":[{"href":"https:\/\/www.leti.lt\/wordpress\/wp-json\/wp\/v2\/media?parent=39"}],"wp:term":[{"taxonomy":"category","embeddable":true,"href":"https:\/\/www.leti.lt\/wordpress\/wp-json\/wp\/v2\/categories?post=39"},{"taxonomy":"post_tag","embeddable":true,"href":"https:\/\/www.leti.lt\/wordpress\/wp-json\/wp\/v2\/tags?post=39"}],"curies":[{"name":"wp","href":"https:\/\/api.w.org\/{rel}","templated":true}]}}