{"id":384,"date":"2020-05-16T16:56:36","date_gmt":"2020-05-16T14:56:36","guid":{"rendered":"https:\/\/www.leti.lt\/wordpress\/?p=384"},"modified":"2026-02-13T18:57:44","modified_gmt":"2026-02-13T17:57:44","slug":"accueil","status":"publish","type":"post","link":"https:\/\/www.leti.lt\/wordpress\/accueil\/","title":{"rendered":"Ateliers coop\u00e9ratifs de recherche, improvisation et cr\u00e9ation artistique"},"content":{"rendered":"<div class=\"wp-block-image alignright\">\n<figure class=\"size-full\"><img loading=\"lazy\" decoding=\"async\" width=\"299\" height=\"197\" src=\"https:\/\/www.leti.lt\/wordpress\/wp-content\/uploads\/cimg1052.jpg\" alt class=\"wp-image-23\"><figcaption class=\"wp-element-caption\"><span class=\"caption-text\"><\/span><\/figcaption><\/figure>\n<\/div>\n\n\n<p>Depuis 2005 nous avons tra\u00advaill\u00e9 en groupe dans la r\u00e9gion d\u2019Aix-en-Provence une approche sin\u00adgu\u00adli\u00e8re des sen\u00adsa\u00adtions et du mou\u00adve\u00adment, \u00e0&nbsp;par\u00adtir de laquelle nous avons cr\u00e9\u00e9 la <a href=\"https:\/\/www.leti.lt\/wordpress\/danseforum-ladanseforum\/\" target=\"_blank\" rel=\"noreferrer noopener\">danse forum<\/a>, puis des ate\u00adliers de <a href=\"https:\/\/www.leti.lt\/wordpress\/danserecherche-danserecherche\/\" target=\"_blank\" rel=\"noreferrer noopener\">danse recherche<\/a>.<\/p>\n\n\n\n<p>Annonces, calen\u00addriers et horaires sont dans <a href=\"https:\/\/www.leti.lt\/wordpress\/accueil-evenements\/\">Ev\u00e9\u00adne\u00adments<\/a>. Nous \u00e9cri\u00advons des <a href=\"https:\/\/www.leti.lt\/wordpress\/evenements-comptesrendusdesateliers\/\"> comptes-ren\u00addus<\/a> de ces ate\u00adliers dans les rubriques <a href=\"https:\/\/www.leti.lt\/wordpress\/category\/danseforum\/\" target=\"_blank\" rel=\"noreferrer noopener\">Danse forum<\/a> et <a href=\"https:\/\/www.leti.lt\/wordpress\/category\/danserecherche\/\" target=\"_blank\" rel=\"noreferrer noopener\">Danse recherche<\/a>, afin de nour\u00adrir notre r\u00e9flexion et notre pra\u00adtique. Vous trou\u00adve\u00adrez dans chaque rubrique la pr\u00e9\u00adsen\u00adta\u00adtion courte des ate\u00adliers et leur contenant.<\/p>\n\n\n\n<p>Pour savoir un peu mieux qui nous sommes, vous pou\u00advez consul\u00adter nos <a href=\"https:\/\/www.leti.lt\/wordpress\/category\/perso\/\" target=\"_blank\" rel=\"noreferrer noopener\"> bio\u00adgra\u00adphies<\/a> et d\u00e9cou\u00advrir nos r\u00e9a\u00adli\u00adsa\u00adtions sur les <a href=\"https:\/\/www.leti.lt\/wordpress\/category\/variations\/images\/\" target=\"_blank\" rel=\"noreferrer noopener\">images et vid\u00e9os<\/a>.<\/p>\n\n\n\n<p>Les <a href=\"https:\/\/www.leti.lt\/wordpress\/category\/variations\/\" target=\"_blank\" rel=\"noreferrer noopener\"> varia\u00adtions<\/a> regroupent&nbsp;: les images et vid\u00e9os, une biblio\u00adth\u00e8que de textes, le cour\u00adrier, les autres approches et \u00ab&nbsp;Pour m\u00e9moire&nbsp;\u00bb, qui regroupe nos textes anciens.<\/p>\n\n\n\n<p><b><i>Nous pou\u00advons publier vos com\u00admen\u00adtaires et r\u00e9ac\u00adtions, ou les lais\u00adser en cour\u00adrier interne, \u00e9crivez-nous&nbsp;!<\/i><\/b><\/p>\n\n\n\n<ul class=\"wp-block-list\">\n<li>Andr\u00e9ine Bel&nbsp;: andreine.bel(arobase)gmail.com \u2013 <a href=\"https:\/\/www.leti.lt\/wordpress\/perso-andreinebiographie\/\">bio\u00adgra\u00adphie<\/a><\/li>\n\n\n\n<li>Johan\u00adna Bou\u00adchar\u00addeau&nbsp;: johanna.bouchardeau(arobase)gmail.com \u2013 <a href=\"https:\/\/www.leti.lt\/wordpress\/perso-johannabiographie\/\">bio\u00adgra\u00adphie<\/a><\/li>\n\n\n\n<li>Nadine Gar\u00add\u00e8res&nbsp;: nadine.garderes(arobase)gmail.com \u2013 a&nbsp;par\u00adti\u00adci\u00adp\u00e9 jusqu\u2019\u00e0 sep\u00adtembre 2012.&nbsp;<\/li>\n\n\n\n<li>Emma Gus\u00adtaf\u00adsson<\/li>\n\n\n\n<li>Toshi\u00adko Oiwa&nbsp;: toshikooiw(arobase)gmail.com<\/li>\n\n\n\n<li>Leo\u00adnar\u00addo Cen\u00adti&nbsp;: centi.leonardo(arobase)gmail.com \u2013 <a href=\"https:\/\/www.leti.lt\/wordpress\/perso-leonardobiographie\/\">bio\u00adgra\u00adphie<\/a><\/li>\n\n\n\n<li>\u00c9tienne Cham\u00adpol\u00adlion&nbsp;: contact(arobase)etiennechampollion.com<\/li>\n<\/ul>\n\n\n\n<h3 class=\"wp-block-heading\">La danse forum diffuse et voyage&nbsp;:<\/h3>\n\n\n\n<p>Si vous vou\u00adlez orga\u00adni\u00adser une danse forum dans votre asso\u00adcia\u00adtion, \u00e9cole, groupe d\u2019amis, com\u00adpa\u00adgnie de danse, com\u00admu\u00adnau\u00adt\u00e9 cham\u00adp\u00eatre\u2026, quelle que soit la r\u00e9gion, nous pou\u00advons nous d\u00e9pla\u00adcer, en fonc\u00adtion de nos dis\u00adpo\u00adni\u00adbi\u00adli\u00adt\u00e9s.<br><br>Les condi\u00adtions sont les suivantes&nbsp;:<\/p>\n\n\n\n<ul class=\"wp-block-list\">\n<li>d\u00e9fraie\u00adment de notre voyage et h\u00e9bergement<\/li>\n\n\n\n<li>une salle suf\u00adfi\u00adsam\u00adment grande, au sol agr\u00e9able (plan\u00adcher, tata\u00admis\u2026), chauf\u00adf\u00e9e en&nbsp;hiver<\/li>\n\n\n\n<li>au moins cinq participants<\/li>\n\n\n\n<li>si l\u2019autorisation en est don\u00adn\u00e9e, la par\u00adtie forum est fil\u00adm\u00e9e (film \u00e0&nbsp;usage interne uniquement).<\/li>\n<\/ul>\n<p style=\"color:green; text-align:right !important;\">Article cr\u00e9\u00e9 le 16\/05\/2020 \u2013 modi\u00adfi\u00e9 le 13\/02\/2026<\/p>","protected":false},"excerpt":{"rendered":"<p>Une approche sin\u00adgu\u00adli\u00e8re des sen\u00adsa\u00adtions et du mou\u00adve\u00adment, \u00e0&nbsp;par\u00adtir de laquelle nous avons cr\u00e9\u00e9 la danse forum, puis des ate\u00adliers de danse recherche.<\/p>\n","protected":false},"author":2,"featured_media":23,"comment_status":"open","ping_status":"open","sticky":false,"template":"","format":"standard","meta":{"wp_typography_post_enhancements_disabled":false,"footnotes":""},"categories":[68],"tags":[125],"class_list":["post-384","post","type-post","status-publish","format-standard","has-post-thumbnail","hentry","category-accueil","tag-accueil_misc_"],"yoast_head":"<!-- This site is optimized with the Yoast SEO plugin v27.5 - https:\/\/yoast.com\/product\/yoast-seo-wordpress\/ -->\n<title>Ateliers coop\u00e9ratifs de recherche, improvisation et cr\u00e9ation artistique - Le TILT<\/title>\n<meta name=\"description\" content=\"Une approche singuli\u00e8re des sensations et du mouvement, \u00e0 partir de laquelle nous avons cr\u00e9\u00e9 la danse forum, puis des ateliers de danse recherche.\" \/>\n<meta name=\"robots\" content=\"index, follow, max-snippet:-1, max-image-preview:large, max-video-preview:-1\" \/>\n<link rel=\"canonical\" href=\"https:\/\/www.leti.lt\/wordpress\/accueil\/\" \/>\n<meta property=\"og:locale\" content=\"fr_FR\" \/>\n<meta property=\"og:type\" content=\"article\" \/>\n<meta property=\"og:title\" content=\"Ateliers coop\u00e9ratifs de recherche, improvisation et cr\u00e9ation artistique - Le TILT\" \/>\n<meta property=\"og:description\" content=\"Une approche singuli\u00e8re des sensations et du mouvement, \u00e0 partir de laquelle nous avons cr\u00e9\u00e9 la danse forum, puis des ateliers de danse recherche.\" \/>\n<meta property=\"og:url\" content=\"https:\/\/www.leti.lt\/wordpress\/accueil\/\" \/>\n<meta property=\"og:site_name\" content=\"Le TILT\" \/>\n<meta property=\"article:published_time\" content=\"2020-05-16T14:56:36+00:00\" \/>\n<meta property=\"article:modified_time\" content=\"2026-02-13T17:57:44+00:00\" \/>\n<meta property=\"og:image\" content=\"https:\/\/www.leti.lt\/wordpress\/wp-content\/uploads\/cimg1052.jpg\" \/>\n\t<meta property=\"og:image:width\" content=\"299\" \/>\n\t<meta property=\"og:image:height\" content=\"197\" \/>\n\t<meta property=\"og:image:type\" content=\"image\/jpeg\" \/>\n<meta name=\"author\" content=\"Andr\u00e9ine Bel\" \/>\n<meta name=\"twitter:card\" content=\"summary_large_image\" \/>\n<meta name=\"twitter:label1\" content=\"\u00c9crit par\" \/>\n\t<meta name=\"twitter:data1\" content=\"Andr\u00e9ine Bel\" \/>\n\t<meta name=\"twitter:label2\" content=\"Dur\u00e9e de lecture estim\u00e9e\" \/>\n\t<meta name=\"twitter:data2\" content=\"2 minutes\" \/>\n<script type=\"application\/ld+json\" class=\"yoast-schema-graph\">{\"@context\":\"https:\\\/\\\/schema.org\",\"@graph\":[{\"@type\":\"Article\",\"@id\":\"https:\\\/\\\/www.leti.lt\\\/wordpress\\\/accueil\\\/#article\",\"isPartOf\":{\"@id\":\"https:\\\/\\\/www.leti.lt\\\/wordpress\\\/accueil\\\/\"},\"author\":{\"name\":\"Andr\u00e9ine Bel\",\"@id\":\"https:\\\/\\\/www.leti.lt\\\/wordpress\\\/#\\\/schema\\\/person\\\/9bb307b2af8fbb575bb3603e57951f75\"},\"headline\":\"Ateliers coop\u00e9ratifs de recherche, improvisation et cr\u00e9ation artistique\",\"datePublished\":\"2020-05-16T14:56:36+00:00\",\"dateModified\":\"2026-02-13T17:57:44+00:00\",\"mainEntityOfPage\":{\"@id\":\"https:\\\/\\\/www.leti.lt\\\/wordpress\\\/accueil\\\/\"},\"wordCount\":310,\"commentCount\":0,\"image\":{\"@id\":\"https:\\\/\\\/www.leti.lt\\\/wordpress\\\/accueil\\\/#primaryimage\"},\"thumbnailUrl\":\"https:\\\/\\\/www.leti.lt\\\/wordpress\\\/wp-content\\\/uploads\\\/cimg1052.jpg\",\"keywords\":[\"Accueil_misc_\"],\"articleSection\":[\"Accueil\"],\"inLanguage\":\"fr-FR\",\"potentialAction\":[{\"@type\":\"CommentAction\",\"name\":\"Comment\",\"target\":[\"https:\\\/\\\/www.leti.lt\\\/wordpress\\\/accueil\\\/#respond\"]}]},{\"@type\":\"WebPage\",\"@id\":\"https:\\\/\\\/www.leti.lt\\\/wordpress\\\/accueil\\\/\",\"url\":\"https:\\\/\\\/www.leti.lt\\\/wordpress\\\/accueil\\\/\",\"name\":\"Ateliers coop\u00e9ratifs de recherche, improvisation et cr\u00e9ation artistique - Le TILT\",\"isPartOf\":{\"@id\":\"https:\\\/\\\/www.leti.lt\\\/wordpress\\\/#website\"},\"primaryImageOfPage\":{\"@id\":\"https:\\\/\\\/www.leti.lt\\\/wordpress\\\/accueil\\\/#primaryimage\"},\"image\":{\"@id\":\"https:\\\/\\\/www.leti.lt\\\/wordpress\\\/accueil\\\/#primaryimage\"},\"thumbnailUrl\":\"https:\\\/\\\/www.leti.lt\\\/wordpress\\\/wp-content\\\/uploads\\\/cimg1052.jpg\",\"datePublished\":\"2020-05-16T14:56:36+00:00\",\"dateModified\":\"2026-02-13T17:57:44+00:00\",\"author\":{\"@id\":\"https:\\\/\\\/www.leti.lt\\\/wordpress\\\/#\\\/schema\\\/person\\\/9bb307b2af8fbb575bb3603e57951f75\"},\"description\":\"Une approche singuli\u00e8re des sensations et du mouvement, \u00e0 partir de laquelle nous avons cr\u00e9\u00e9 la danse forum, puis des ateliers de danse recherche.\",\"breadcrumb\":{\"@id\":\"https:\\\/\\\/www.leti.lt\\\/wordpress\\\/accueil\\\/#breadcrumb\"},\"inLanguage\":\"fr-FR\",\"potentialAction\":[{\"@type\":\"ReadAction\",\"target\":[\"https:\\\/\\\/www.leti.lt\\\/wordpress\\\/accueil\\\/\"]}]},{\"@type\":\"ImageObject\",\"inLanguage\":\"fr-FR\",\"@id\":\"https:\\\/\\\/www.leti.lt\\\/wordpress\\\/accueil\\\/#primaryimage\",\"url\":\"https:\\\/\\\/www.leti.lt\\\/wordpress\\\/wp-content\\\/uploads\\\/cimg1052.jpg\",\"contentUrl\":\"https:\\\/\\\/www.leti.lt\\\/wordpress\\\/wp-content\\\/uploads\\\/cimg1052.jpg\",\"width\":299,\"height\":197,\"caption\":\"&nbsp;\"},{\"@type\":\"BreadcrumbList\",\"@id\":\"https:\\\/\\\/www.leti.lt\\\/wordpress\\\/accueil\\\/#breadcrumb\",\"itemListElement\":[{\"@type\":\"ListItem\",\"position\":1,\"name\":\"Accueil\",\"item\":\"https:\\\/\\\/www.leti.lt\\\/wordpress\\\/\"},{\"@type\":\"ListItem\",\"position\":2,\"name\":\"Ateliers coop\u00e9ratifs de recherche, improvisation et cr\u00e9ation artistique\"}]},{\"@type\":\"WebSite\",\"@id\":\"https:\\\/\\\/www.leti.lt\\\/wordpress\\\/#website\",\"url\":\"https:\\\/\\\/www.leti.lt\\\/wordpress\\\/\",\"name\":\"Le TILT\",\"description\":\"Recherche, publication, cr\u00e9ation artistique\",\"potentialAction\":[{\"@type\":\"SearchAction\",\"target\":{\"@type\":\"EntryPoint\",\"urlTemplate\":\"https:\\\/\\\/www.leti.lt\\\/wordpress\\\/?s={search_term_string}\"},\"query-input\":{\"@type\":\"PropertyValueSpecification\",\"valueRequired\":true,\"valueName\":\"search_term_string\"}}],\"inLanguage\":\"fr-FR\"},{\"@type\":\"Person\",\"@id\":\"https:\\\/\\\/www.leti.lt\\\/wordpress\\\/#\\\/schema\\\/person\\\/9bb307b2af8fbb575bb3603e57951f75\",\"name\":\"Andr\u00e9ine Bel\",\"image\":{\"@type\":\"ImageObject\",\"inLanguage\":\"fr-FR\",\"@id\":\"https:\\\/\\\/secure.gravatar.com\\\/avatar\\\/4ab041ec7c7ad3b90293023e86528ec1a700ce2971ff61811b2df6b288dd1f38?s=96&d=identicon&r=g\",\"url\":\"https:\\\/\\\/secure.gravatar.com\\\/avatar\\\/4ab041ec7c7ad3b90293023e86528ec1a700ce2971ff61811b2df6b288dd1f38?s=96&d=identicon&r=g\",\"contentUrl\":\"https:\\\/\\\/secure.gravatar.com\\\/avatar\\\/4ab041ec7c7ad3b90293023e86528ec1a700ce2971ff61811b2df6b288dd1f38?s=96&d=identicon&r=g\",\"caption\":\"Andr\u00e9ine Bel\"},\"url\":\"https:\\\/\\\/www.leti.lt\\\/wordpress\\\/author\\\/andreine\\\/\"}]}<\/script>\n<!-- \/ Yoast SEO plugin. -->","yoast_head_json":{"title":"Ateliers coop\u00e9ratifs de recherche, improvisation et cr\u00e9ation artistique - Le TILT","description":"Une approche singuli\u00e8re des sensations et du mouvement, \u00e0 partir de laquelle nous avons cr\u00e9\u00e9 la danse forum, puis des ateliers de danse recherche.","robots":{"index":"index","follow":"follow","max-snippet":"max-snippet:-1","max-image-preview":"max-image-preview:large","max-video-preview":"max-video-preview:-1"},"canonical":"https:\/\/www.leti.lt\/wordpress\/accueil\/","og_locale":"fr_FR","og_type":"article","og_title":"Ateliers coop\u00e9ratifs de recherche, improvisation et cr\u00e9ation artistique - Le TILT","og_description":"Une approche singuli\u00e8re des sensations et du mouvement, \u00e0 partir de laquelle nous avons cr\u00e9\u00e9 la danse forum, puis des ateliers de danse recherche.","og_url":"https:\/\/www.leti.lt\/wordpress\/accueil\/","og_site_name":"Le TILT","article_published_time":"2020-05-16T14:56:36+00:00","article_modified_time":"2026-02-13T17:57:44+00:00","og_image":[{"width":299,"height":197,"url":"https:\/\/www.leti.lt\/wordpress\/wp-content\/uploads\/cimg1052.jpg","type":"image\/jpeg"}],"author":"Andr\u00e9ine Bel","twitter_card":"summary_large_image","twitter_misc":{"\u00c9crit par":"Andr\u00e9ine Bel","Dur\u00e9e de lecture estim\u00e9e":"2 minutes"},"schema":{"@context":"https:\/\/schema.org","@graph":[{"@type":"Article","@id":"https:\/\/www.leti.lt\/wordpress\/accueil\/#article","isPartOf":{"@id":"https:\/\/www.leti.lt\/wordpress\/accueil\/"},"author":{"name":"Andr\u00e9ine Bel","@id":"https:\/\/www.leti.lt\/wordpress\/#\/schema\/person\/9bb307b2af8fbb575bb3603e57951f75"},"headline":"Ateliers coop\u00e9ratifs de recherche, improvisation et cr\u00e9ation artistique","datePublished":"2020-05-16T14:56:36+00:00","dateModified":"2026-02-13T17:57:44+00:00","mainEntityOfPage":{"@id":"https:\/\/www.leti.lt\/wordpress\/accueil\/"},"wordCount":310,"commentCount":0,"image":{"@id":"https:\/\/www.leti.lt\/wordpress\/accueil\/#primaryimage"},"thumbnailUrl":"https:\/\/www.leti.lt\/wordpress\/wp-content\/uploads\/cimg1052.jpg","keywords":["Accueil_misc_"],"articleSection":["Accueil"],"inLanguage":"fr-FR","potentialAction":[{"@type":"CommentAction","name":"Comment","target":["https:\/\/www.leti.lt\/wordpress\/accueil\/#respond"]}]},{"@type":"WebPage","@id":"https:\/\/www.leti.lt\/wordpress\/accueil\/","url":"https:\/\/www.leti.lt\/wordpress\/accueil\/","name":"Ateliers coop\u00e9ratifs de recherche, improvisation et cr\u00e9ation artistique - Le TILT","isPartOf":{"@id":"https:\/\/www.leti.lt\/wordpress\/#website"},"primaryImageOfPage":{"@id":"https:\/\/www.leti.lt\/wordpress\/accueil\/#primaryimage"},"image":{"@id":"https:\/\/www.leti.lt\/wordpress\/accueil\/#primaryimage"},"thumbnailUrl":"https:\/\/www.leti.lt\/wordpress\/wp-content\/uploads\/cimg1052.jpg","datePublished":"2020-05-16T14:56:36+00:00","dateModified":"2026-02-13T17:57:44+00:00","author":{"@id":"https:\/\/www.leti.lt\/wordpress\/#\/schema\/person\/9bb307b2af8fbb575bb3603e57951f75"},"description":"Une approche singuli\u00e8re des sensations et du mouvement, \u00e0 partir de laquelle nous avons cr\u00e9\u00e9 la danse forum, puis des ateliers de danse recherche.","breadcrumb":{"@id":"https:\/\/www.leti.lt\/wordpress\/accueil\/#breadcrumb"},"inLanguage":"fr-FR","potentialAction":[{"@type":"ReadAction","target":["https:\/\/www.leti.lt\/wordpress\/accueil\/"]}]},{"@type":"ImageObject","inLanguage":"fr-FR","@id":"https:\/\/www.leti.lt\/wordpress\/accueil\/#primaryimage","url":"https:\/\/www.leti.lt\/wordpress\/wp-content\/uploads\/cimg1052.jpg","contentUrl":"https:\/\/www.leti.lt\/wordpress\/wp-content\/uploads\/cimg1052.jpg","width":299,"height":197,"caption":"&nbsp;"},{"@type":"BreadcrumbList","@id":"https:\/\/www.leti.lt\/wordpress\/accueil\/#breadcrumb","itemListElement":[{"@type":"ListItem","position":1,"name":"Accueil","item":"https:\/\/www.leti.lt\/wordpress\/"},{"@type":"ListItem","position":2,"name":"Ateliers coop\u00e9ratifs de recherche, improvisation et cr\u00e9ation artistique"}]},{"@type":"WebSite","@id":"https:\/\/www.leti.lt\/wordpress\/#website","url":"https:\/\/www.leti.lt\/wordpress\/","name":"Le TILT","description":"Recherche, publication, cr\u00e9ation artistique","potentialAction":[{"@type":"SearchAction","target":{"@type":"EntryPoint","urlTemplate":"https:\/\/www.leti.lt\/wordpress\/?s={search_term_string}"},"query-input":{"@type":"PropertyValueSpecification","valueRequired":true,"valueName":"search_term_string"}}],"inLanguage":"fr-FR"},{"@type":"Person","@id":"https:\/\/www.leti.lt\/wordpress\/#\/schema\/person\/9bb307b2af8fbb575bb3603e57951f75","name":"Andr\u00e9ine Bel","image":{"@type":"ImageObject","inLanguage":"fr-FR","@id":"https:\/\/secure.gravatar.com\/avatar\/4ab041ec7c7ad3b90293023e86528ec1a700ce2971ff61811b2df6b288dd1f38?s=96&d=identicon&r=g","url":"https:\/\/secure.gravatar.com\/avatar\/4ab041ec7c7ad3b90293023e86528ec1a700ce2971ff61811b2df6b288dd1f38?s=96&d=identicon&r=g","contentUrl":"https:\/\/secure.gravatar.com\/avatar\/4ab041ec7c7ad3b90293023e86528ec1a700ce2971ff61811b2df6b288dd1f38?s=96&d=identicon&r=g","caption":"Andr\u00e9ine Bel"},"url":"https:\/\/www.leti.lt\/wordpress\/author\/andreine\/"}]}},"_links":{"self":[{"href":"https:\/\/www.leti.lt\/wordpress\/wp-json\/wp\/v2\/posts\/384","targetHints":{"allow":["GET"]}}],"collection":[{"href":"https:\/\/www.leti.lt\/wordpress\/wp-json\/wp\/v2\/posts"}],"about":[{"href":"https:\/\/www.leti.lt\/wordpress\/wp-json\/wp\/v2\/types\/post"}],"author":[{"embeddable":true,"href":"https:\/\/www.leti.lt\/wordpress\/wp-json\/wp\/v2\/users\/2"}],"replies":[{"embeddable":true,"href":"https:\/\/www.leti.lt\/wordpress\/wp-json\/wp\/v2\/comments?post=384"}],"version-history":[{"count":13,"href":"https:\/\/www.leti.lt\/wordpress\/wp-json\/wp\/v2\/posts\/384\/revisions"}],"predecessor-version":[{"id":1022,"href":"https:\/\/www.leti.lt\/wordpress\/wp-json\/wp\/v2\/posts\/384\/revisions\/1022"}],"wp:featuredmedia":[{"embeddable":true,"href":"https:\/\/www.leti.lt\/wordpress\/wp-json\/wp\/v2\/media\/23"}],"wp:attachment":[{"href":"https:\/\/www.leti.lt\/wordpress\/wp-json\/wp\/v2\/media?parent=384"}],"wp:term":[{"taxonomy":"category","embeddable":true,"href":"https:\/\/www.leti.lt\/wordpress\/wp-json\/wp\/v2\/categories?post=384"},{"taxonomy":"post_tag","embeddable":true,"href":"https:\/\/www.leti.lt\/wordpress\/wp-json\/wp\/v2\/tags?post=384"}],"curies":[{"name":"wp","href":"https:\/\/api.w.org\/{rel}","templated":true}]}}