{"id":376,"date":"2020-02-16T15:30:35","date_gmt":"2020-02-16T14:30:35","guid":{"rendered":"https:\/\/www.leti.lt\/wordpress\/?p=376"},"modified":"2020-10-19T19:35:09","modified_gmt":"2020-10-19T17:35:09","slug":"variations-unjenesaisquoi","status":"publish","type":"post","link":"https:\/\/www.leti.lt\/wordpress\/variations-unjenesaisquoi\/","title":{"rendered":"Un Je Ne Sais&nbsp;Quoi"},"content":{"rendered":"\n<p>\u27a1 <a href=\"http:\/\/dai.ly\/xavo4r\" target=\"_blank\" rel=\"noreferrer noopener\">Suivre ce lien vers la vid\u00e9o<\/a> <br><br>Impro\u00advi\u00adsa\u00adtion cho\u00adr\u00e9\u00adgra\u00adphique, musi\u00adcale et vid\u00e9o\u00adgra\u00adphique par Leo\u00adnar\u00addo Cen\u00adti &amp;&nbsp;Emma Gus\u00adtaf\u00adsson (dan\u00adseurs), Etienne Cham\u00adpol\u00adlion (pia\u00adno) et Andr\u00e9ine Bel (vid\u00e9o), le 6&nbsp;avril 2007. Mon\u00adtage vid\u00e9o&nbsp;: Tan\u00adsen Bel.<br><br>Spec\u00adtacle don\u00adn\u00e9 le 6&nbsp;avril 2007 au Centre Cho\u00adr\u00e9\u00adgra\u00adphique Natio\u00adnal, \u00ab&nbsp;Pavillon Noir&nbsp;\u00bb, Aix-en-Pro\u00advence (France).<br><br><b>\u00ab Pour toute la beau\u00adt\u00e9 jamais je ne me per\u00addrai,<\/b><br>Sinon pour un je ne sais quoi<br>Que l\u2019on vient d\u2019aventure \u00e0&nbsp;gagner&nbsp;\u00bb<\/p>\n\n\n\n<p>(Jean de la&nbsp;Croix)<\/p>\n<p style=\"color:green; text-align:right !important;\">Article cr\u00e9\u00e9 le 16\/02\/2020 \u2013 modi\u00adfi\u00e9 le 19\/10\/2020<\/p>","protected":false},"excerpt":{"rendered":"<p>\u27a1 Suivre ce lien vers la vid\u00e9o Impro\u00advi\u00adsa\u00adtion cho\u00adr\u00e9\u00adgra\u00adphique, musi\u00adcale et vid\u00e9o\u00adgra\u00adphique par Leo\u00adnar\u00addo Cen\u00adti &amp;&nbsp;Emma Gus\u00adtaf\u00adsson (dan\u00adseurs), Etienne Cham\u00adpol\u00adlion (pia\u00adno) et Andr\u00e9ine Bel (vid\u00e9o), le 6&nbsp;avril 2007. Mon\u00adtage vid\u00e9o&nbsp;: Tan\u00adsen&nbsp;Bel. Spec\u00adtacle don\u00adn\u00e9 le 6&nbsp;avril 2007 au Centre Cho\u00adr\u00e9\u00adgra\u00adphique Natio\u00adnal, \u00ab&nbsp;Pavillon Noir&nbsp;\u00bb, Aix-en-Pro\u00ad\u00advence (France). \u00ab&nbsp;Pour toute la beau\u00adt\u00e9 jamais je ne me per\u00addrai,Sinon pour un je ne sais quoiQue l\u2019on vient d\u2019aventure \u00e0&nbsp;gagner&nbsp;\u00bb (Jean de la&nbsp;Croix) Article cr\u00e9\u00e9 le 16\/02\/2020 \u2013 modi\u00adfi\u00e9 le 19\/10\/2020<\/p>\n","protected":false},"author":2,"featured_media":0,"comment_status":"open","ping_status":"open","sticky":false,"template":"","format":"standard","meta":{"wp_typography_post_enhancements_disabled":false,"footnotes":""},"categories":[95],"tags":[172],"class_list":["post-376","post","type-post","status-publish","format-standard","hentry","category-images","tag-variations_images"],"yoast_head":"<!-- This site is optimized with the Yoast SEO plugin v27.5 - https:\/\/yoast.com\/product\/yoast-seo-wordpress\/ -->\n<title>Un Je Ne Sais Quoi - Le TILT<\/title>\n<meta name=\"robots\" content=\"index, follow, max-snippet:-1, max-image-preview:large, max-video-preview:-1\" \/>\n<link rel=\"canonical\" href=\"https:\/\/www.leti.lt\/wordpress\/variations-unjenesaisquoi\/\" \/>\n<meta property=\"og:locale\" content=\"fr_FR\" \/>\n<meta property=\"og:type\" content=\"article\" \/>\n<meta property=\"og:title\" content=\"Un Je Ne Sais Quoi - Le TILT\" \/>\n<meta property=\"og:description\" content=\"\u27a1 Suivre ce lien vers la vid\u00e9o Impro\u00advi\u00adsa\u00adtion cho\u00adr\u00e9\u00adgra\u00adphique, musi\u00adcale et vid\u00e9o\u00adgra\u00adphique par Leo\u00adnar\u00addo Cen\u00adti &amp;&nbsp;Emma Gus\u00adtaf\u00adsson (dan\u00adseurs), Etienne Cham\u00adpol\u00adlion (pia\u00adno) et Andr\u00e9ine Bel (vid\u00e9o), le 6&nbsp;avril 2007. Mon\u00adtage vid\u00e9o&nbsp;: Tan\u00adsen&nbsp;Bel. Spec\u00adtacle don\u00adn\u00e9 le 6&nbsp;avril 2007 au Centre Cho\u00adr\u00e9\u00adgra\u00adphique Natio\u00adnal, \u00ab&nbsp;Pavillon Noir&nbsp;\u00bb, Aix-en-Pro\u00advence (France). \u00ab&nbsp;Pour toute la beau\u00adt\u00e9 jamais je ne me per\u00addrai,Sinon pour un je ne sais quoiQue l\u2019on vient d\u2019aventure \u00e0&nbsp;gagner&nbsp;\u00bb (Jean de la&nbsp;Croix) Article cr\u00e9\u00e9 le 16\/02\/2020 \u2013 modi\u00adfi\u00e9 le 19\/10\/2020\" \/>\n<meta property=\"og:url\" content=\"https:\/\/www.leti.lt\/wordpress\/variations-unjenesaisquoi\/\" \/>\n<meta property=\"og:site_name\" content=\"Le TILT\" \/>\n<meta property=\"article:published_time\" content=\"2020-02-16T14:30:35+00:00\" \/>\n<meta property=\"article:modified_time\" content=\"2020-10-19T17:35:09+00:00\" \/>\n<meta name=\"author\" content=\"Andr\u00e9ine Bel\" \/>\n<meta name=\"twitter:card\" content=\"summary_large_image\" \/>\n<meta name=\"twitter:label1\" content=\"\u00c9crit par\" \/>\n\t<meta name=\"twitter:data1\" content=\"Andr\u00e9ine Bel\" \/>\n<script type=\"application\/ld+json\" class=\"yoast-schema-graph\">{\"@context\":\"https:\\\/\\\/schema.org\",\"@graph\":[{\"@type\":\"Article\",\"@id\":\"https:\\\/\\\/www.leti.lt\\\/wordpress\\\/variations-unjenesaisquoi\\\/#article\",\"isPartOf\":{\"@id\":\"https:\\\/\\\/www.leti.lt\\\/wordpress\\\/variations-unjenesaisquoi\\\/\"},\"author\":{\"name\":\"Andr\u00e9ine Bel\",\"@id\":\"https:\\\/\\\/www.leti.lt\\\/wordpress\\\/#\\\/schema\\\/person\\\/9bb307b2af8fbb575bb3603e57951f75\"},\"headline\":\"Un Je Ne Sais&nbsp;Quoi\",\"datePublished\":\"2020-02-16T14:30:35+00:00\",\"dateModified\":\"2020-10-19T17:35:09+00:00\",\"mainEntityOfPage\":{\"@id\":\"https:\\\/\\\/www.leti.lt\\\/wordpress\\\/variations-unjenesaisquoi\\\/\"},\"wordCount\":81,\"commentCount\":0,\"keywords\":[\"Variations_Images\"],\"articleSection\":[\"Images\"],\"inLanguage\":\"fr-FR\",\"potentialAction\":[{\"@type\":\"CommentAction\",\"name\":\"Comment\",\"target\":[\"https:\\\/\\\/www.leti.lt\\\/wordpress\\\/variations-unjenesaisquoi\\\/#respond\"]}]},{\"@type\":\"WebPage\",\"@id\":\"https:\\\/\\\/www.leti.lt\\\/wordpress\\\/variations-unjenesaisquoi\\\/\",\"url\":\"https:\\\/\\\/www.leti.lt\\\/wordpress\\\/variations-unjenesaisquoi\\\/\",\"name\":\"Un Je Ne Sais Quoi - Le TILT\",\"isPartOf\":{\"@id\":\"https:\\\/\\\/www.leti.lt\\\/wordpress\\\/#website\"},\"datePublished\":\"2020-02-16T14:30:35+00:00\",\"dateModified\":\"2020-10-19T17:35:09+00:00\",\"author\":{\"@id\":\"https:\\\/\\\/www.leti.lt\\\/wordpress\\\/#\\\/schema\\\/person\\\/9bb307b2af8fbb575bb3603e57951f75\"},\"breadcrumb\":{\"@id\":\"https:\\\/\\\/www.leti.lt\\\/wordpress\\\/variations-unjenesaisquoi\\\/#breadcrumb\"},\"inLanguage\":\"fr-FR\",\"potentialAction\":[{\"@type\":\"ReadAction\",\"target\":[\"https:\\\/\\\/www.leti.lt\\\/wordpress\\\/variations-unjenesaisquoi\\\/\"]}]},{\"@type\":\"BreadcrumbList\",\"@id\":\"https:\\\/\\\/www.leti.lt\\\/wordpress\\\/variations-unjenesaisquoi\\\/#breadcrumb\",\"itemListElement\":[{\"@type\":\"ListItem\",\"position\":1,\"name\":\"Accueil\",\"item\":\"https:\\\/\\\/www.leti.lt\\\/wordpress\\\/\"},{\"@type\":\"ListItem\",\"position\":2,\"name\":\"Un Je Ne Sais&nbsp;Quoi\"}]},{\"@type\":\"WebSite\",\"@id\":\"https:\\\/\\\/www.leti.lt\\\/wordpress\\\/#website\",\"url\":\"https:\\\/\\\/www.leti.lt\\\/wordpress\\\/\",\"name\":\"Le TILT\",\"description\":\"Recherche, publication, cr\u00e9ation artistique\",\"potentialAction\":[{\"@type\":\"SearchAction\",\"target\":{\"@type\":\"EntryPoint\",\"urlTemplate\":\"https:\\\/\\\/www.leti.lt\\\/wordpress\\\/?s={search_term_string}\"},\"query-input\":{\"@type\":\"PropertyValueSpecification\",\"valueRequired\":true,\"valueName\":\"search_term_string\"}}],\"inLanguage\":\"fr-FR\"},{\"@type\":\"Person\",\"@id\":\"https:\\\/\\\/www.leti.lt\\\/wordpress\\\/#\\\/schema\\\/person\\\/9bb307b2af8fbb575bb3603e57951f75\",\"name\":\"Andr\u00e9ine Bel\",\"image\":{\"@type\":\"ImageObject\",\"inLanguage\":\"fr-FR\",\"@id\":\"https:\\\/\\\/secure.gravatar.com\\\/avatar\\\/4ab041ec7c7ad3b90293023e86528ec1a700ce2971ff61811b2df6b288dd1f38?s=96&d=identicon&r=g\",\"url\":\"https:\\\/\\\/secure.gravatar.com\\\/avatar\\\/4ab041ec7c7ad3b90293023e86528ec1a700ce2971ff61811b2df6b288dd1f38?s=96&d=identicon&r=g\",\"contentUrl\":\"https:\\\/\\\/secure.gravatar.com\\\/avatar\\\/4ab041ec7c7ad3b90293023e86528ec1a700ce2971ff61811b2df6b288dd1f38?s=96&d=identicon&r=g\",\"caption\":\"Andr\u00e9ine Bel\"},\"url\":\"https:\\\/\\\/www.leti.lt\\\/wordpress\\\/author\\\/andreine\\\/\"}]}<\/script>\n<!-- \/ Yoast SEO plugin. -->","yoast_head_json":{"title":"Un Je Ne Sais Quoi - Le TILT","robots":{"index":"index","follow":"follow","max-snippet":"max-snippet:-1","max-image-preview":"max-image-preview:large","max-video-preview":"max-video-preview:-1"},"canonical":"https:\/\/www.leti.lt\/wordpress\/variations-unjenesaisquoi\/","og_locale":"fr_FR","og_type":"article","og_title":"Un Je Ne Sais Quoi - Le TILT","og_description":"\u27a1 Suivre ce lien vers la vid\u00e9o Impro\u00advi\u00adsa\u00adtion cho\u00adr\u00e9\u00adgra\u00adphique, musi\u00adcale et vid\u00e9o\u00adgra\u00adphique par Leo\u00adnar\u00addo Cen\u00adti &amp;&nbsp;Emma Gus\u00adtaf\u00adsson (dan\u00adseurs), Etienne Cham\u00adpol\u00adlion (pia\u00adno) et Andr\u00e9ine Bel (vid\u00e9o), le 6&nbsp;avril 2007. Mon\u00adtage vid\u00e9o&nbsp;: Tan\u00adsen&nbsp;Bel. Spec\u00adtacle don\u00adn\u00e9 le 6&nbsp;avril 2007 au Centre Cho\u00adr\u00e9\u00adgra\u00adphique Natio\u00adnal, \u00ab&nbsp;Pavillon Noir&nbsp;\u00bb, Aix-en-Pro\u00advence (France). \u00ab&nbsp;Pour toute la beau\u00adt\u00e9 jamais je ne me per\u00addrai,Sinon pour un je ne sais quoiQue l\u2019on vient d\u2019aventure \u00e0&nbsp;gagner&nbsp;\u00bb (Jean de la&nbsp;Croix) Article cr\u00e9\u00e9 le 16\/02\/2020 \u2013 modi\u00adfi\u00e9 le 19\/10\/2020","og_url":"https:\/\/www.leti.lt\/wordpress\/variations-unjenesaisquoi\/","og_site_name":"Le TILT","article_published_time":"2020-02-16T14:30:35+00:00","article_modified_time":"2020-10-19T17:35:09+00:00","author":"Andr\u00e9ine Bel","twitter_card":"summary_large_image","twitter_misc":{"\u00c9crit par":"Andr\u00e9ine Bel"},"schema":{"@context":"https:\/\/schema.org","@graph":[{"@type":"Article","@id":"https:\/\/www.leti.lt\/wordpress\/variations-unjenesaisquoi\/#article","isPartOf":{"@id":"https:\/\/www.leti.lt\/wordpress\/variations-unjenesaisquoi\/"},"author":{"name":"Andr\u00e9ine Bel","@id":"https:\/\/www.leti.lt\/wordpress\/#\/schema\/person\/9bb307b2af8fbb575bb3603e57951f75"},"headline":"Un Je Ne Sais&nbsp;Quoi","datePublished":"2020-02-16T14:30:35+00:00","dateModified":"2020-10-19T17:35:09+00:00","mainEntityOfPage":{"@id":"https:\/\/www.leti.lt\/wordpress\/variations-unjenesaisquoi\/"},"wordCount":81,"commentCount":0,"keywords":["Variations_Images"],"articleSection":["Images"],"inLanguage":"fr-FR","potentialAction":[{"@type":"CommentAction","name":"Comment","target":["https:\/\/www.leti.lt\/wordpress\/variations-unjenesaisquoi\/#respond"]}]},{"@type":"WebPage","@id":"https:\/\/www.leti.lt\/wordpress\/variations-unjenesaisquoi\/","url":"https:\/\/www.leti.lt\/wordpress\/variations-unjenesaisquoi\/","name":"Un Je Ne Sais Quoi - Le TILT","isPartOf":{"@id":"https:\/\/www.leti.lt\/wordpress\/#website"},"datePublished":"2020-02-16T14:30:35+00:00","dateModified":"2020-10-19T17:35:09+00:00","author":{"@id":"https:\/\/www.leti.lt\/wordpress\/#\/schema\/person\/9bb307b2af8fbb575bb3603e57951f75"},"breadcrumb":{"@id":"https:\/\/www.leti.lt\/wordpress\/variations-unjenesaisquoi\/#breadcrumb"},"inLanguage":"fr-FR","potentialAction":[{"@type":"ReadAction","target":["https:\/\/www.leti.lt\/wordpress\/variations-unjenesaisquoi\/"]}]},{"@type":"BreadcrumbList","@id":"https:\/\/www.leti.lt\/wordpress\/variations-unjenesaisquoi\/#breadcrumb","itemListElement":[{"@type":"ListItem","position":1,"name":"Accueil","item":"https:\/\/www.leti.lt\/wordpress\/"},{"@type":"ListItem","position":2,"name":"Un Je Ne Sais&nbsp;Quoi"}]},{"@type":"WebSite","@id":"https:\/\/www.leti.lt\/wordpress\/#website","url":"https:\/\/www.leti.lt\/wordpress\/","name":"Le TILT","description":"Recherche, publication, cr\u00e9ation artistique","potentialAction":[{"@type":"SearchAction","target":{"@type":"EntryPoint","urlTemplate":"https:\/\/www.leti.lt\/wordpress\/?s={search_term_string}"},"query-input":{"@type":"PropertyValueSpecification","valueRequired":true,"valueName":"search_term_string"}}],"inLanguage":"fr-FR"},{"@type":"Person","@id":"https:\/\/www.leti.lt\/wordpress\/#\/schema\/person\/9bb307b2af8fbb575bb3603e57951f75","name":"Andr\u00e9ine Bel","image":{"@type":"ImageObject","inLanguage":"fr-FR","@id":"https:\/\/secure.gravatar.com\/avatar\/4ab041ec7c7ad3b90293023e86528ec1a700ce2971ff61811b2df6b288dd1f38?s=96&d=identicon&r=g","url":"https:\/\/secure.gravatar.com\/avatar\/4ab041ec7c7ad3b90293023e86528ec1a700ce2971ff61811b2df6b288dd1f38?s=96&d=identicon&r=g","contentUrl":"https:\/\/secure.gravatar.com\/avatar\/4ab041ec7c7ad3b90293023e86528ec1a700ce2971ff61811b2df6b288dd1f38?s=96&d=identicon&r=g","caption":"Andr\u00e9ine Bel"},"url":"https:\/\/www.leti.lt\/wordpress\/author\/andreine\/"}]}},"_links":{"self":[{"href":"https:\/\/www.leti.lt\/wordpress\/wp-json\/wp\/v2\/posts\/376","targetHints":{"allow":["GET"]}}],"collection":[{"href":"https:\/\/www.leti.lt\/wordpress\/wp-json\/wp\/v2\/posts"}],"about":[{"href":"https:\/\/www.leti.lt\/wordpress\/wp-json\/wp\/v2\/types\/post"}],"author":[{"embeddable":true,"href":"https:\/\/www.leti.lt\/wordpress\/wp-json\/wp\/v2\/users\/2"}],"replies":[{"embeddable":true,"href":"https:\/\/www.leti.lt\/wordpress\/wp-json\/wp\/v2\/comments?post=376"}],"version-history":[{"count":3,"href":"https:\/\/www.leti.lt\/wordpress\/wp-json\/wp\/v2\/posts\/376\/revisions"}],"predecessor-version":[{"id":862,"href":"https:\/\/www.leti.lt\/wordpress\/wp-json\/wp\/v2\/posts\/376\/revisions\/862"}],"wp:attachment":[{"href":"https:\/\/www.leti.lt\/wordpress\/wp-json\/wp\/v2\/media?parent=376"}],"wp:term":[{"taxonomy":"category","embeddable":true,"href":"https:\/\/www.leti.lt\/wordpress\/wp-json\/wp\/v2\/categories?post=376"},{"taxonomy":"post_tag","embeddable":true,"href":"https:\/\/www.leti.lt\/wordpress\/wp-json\/wp\/v2\/tags?post=376"}],"curies":[{"name":"wp","href":"https:\/\/api.w.org\/{rel}","templated":true}]}}