{"id":341,"date":"2020-02-16T15:30:34","date_gmt":"2020-02-16T14:30:34","guid":{"rendered":"https:\/\/www.leti.lt\/wordpress\/?p=341"},"modified":"2020-06-10T16:21:20","modified_gmt":"2020-06-10T14:21:20","slug":"perso-leonardobiographie","status":"publish","type":"post","link":"https:\/\/www.leti.lt\/wordpress\/perso-leonardobiographie\/","title":{"rendered":"Leonardo Centi, biographie"},"content":{"rendered":"\n<p>N\u00e9 \u00e0&nbsp;l\u2019Aquila (Ita\u00adlie), Leo\u00adnar\u00addo Cen\u00adti com\u00admence la danse en 1992, \u00e0&nbsp;l\u2019\u00e2ge de 19 ans, \u00e0&nbsp;l\u2019Acad\u00e9mie Natio\u00adnale de danse de Rome.<br><br>Il fait ses d\u00e9buts dans la com\u00adpa\u00adgnie \u00ab&nbsp;Dan\u00adza pros\u00adpet\u00adti\u00adva&nbsp;\u00bb de Vit\u00adto\u00adrio Bia\u00adgi (Ita\u00adlie), au \u00ab&nbsp;Bal\u00adlet Junior de Gen\u00e8ve&nbsp;\u00bb diri\u00adg\u00e9 par Bea\u00adtriz Consue\u00adlo et au \u00ab&nbsp;Mil\u00adner Bal\u00adlet&nbsp;\u00bb, avec le direc\u00adteur artis\u00adtique Pao\u00adlo Cor\u00adciu\u00adlo (Ita\u00adlie).<br><br>En 1997, il est enga\u00adg\u00e9 dans le \u00ab&nbsp;Bal\u00adlet Gul\u00adben\u00adkian&nbsp;\u00bb (Por\u00adtu\u00adgal) sous la direc\u00adtion d\u2019Iracity Car\u00addo\u00adso, qui lui donne la pos\u00adsi\u00adbi\u00adli\u00adt\u00e9 de tra\u00advailler les \u0153uvres de cho\u00adr\u00e9\u00adgraphes c\u00e9l\u00e8bres&nbsp;: Jiri Kilian, William For\u00adsythe, Ohad Naha\u00adrin, Ange\u00adlin Prel\u00adjo\u00adcaj, Itzik Gali\u00adli, Mau\u00adro Bigon\u00adzet\u00adti, Rodri\u00adgo Peder\u00adnei\u00adras, Rui Hor\u00adta, Meryl Tan\u00adkard, Tero Saa\u00adri\u00adnen, Celis Sti\u00adjn, Vera Man\u00adte\u00adro, Didy Veld\u00adman, etc.<br><br>Pen\u00addant les quatre ann\u00e9es au Bal\u00adlet Gul\u00adben\u00adkian, il conti\u00adnue sa for\u00adma\u00adtion de dan\u00adseur, d\u00e9cou\u00advrant la tech\u00adnique Merce Cun\u00adnin\u00adgham avec Eli\u00adsa\u00adbeth Gibiat. A&nbsp;New York il sui\u00advra des work\u00adshops au Cun\u00adnin\u00adgham dance Stu\u00addio.<br><br>En 2001, il int\u00e8gre le \u00ab&nbsp;Bal\u00adlet Prel\u00adjo\u00adcaj&nbsp;\u00bb, CCN d\u2019Aix en Pro\u00advence, o\u00f9 il peut mettre \u00e0&nbsp;pro\u00adfit son appren\u00adtis\u00adsage de la tech\u00adnique Cun\u00adnin\u00adgham dans une vision struc\u00adtu\u00adrelle du corps et d\u00e9ve\u00adlop\u00adper la poly\u00adryth\u00admie entre musique et danse. En m\u00eame temps, il suit des cours au \u00ab&nbsp;Th\u00e9\u00e2tre des ate\u00adliers&nbsp;\u00bb diri\u00adg\u00e9 par Alain Simon (com\u00e9\u00addien, met\u00adteur en sc\u00e8ne, auteur et p\u00e9da\u00adgogue), et des cours de chant \u00e0 \u00ab&nbsp;l\u2019Atelier lyrique Maria Mali\u00adbran&nbsp;\u00bb avec Car\u00adlos Bel\u00adbey.<br><br>En 2006, le Cong\u00e9 indi\u00advi\u00adduel de for\u00adma\u00adtion (A.F.D.A.S.) lui per\u00admet de se consa\u00adcrer au d\u00e9ve\u00adlop\u00adpe\u00adment de la tech\u00adnique vocale et de la musique, qui l\u2019am\u00e8nera au conser\u00adva\u00adtoire \u00ab&nbsp;Darius Mil\u00adhaud&nbsp;\u00bb d\u2019Aix-en-Provence.<br><br>En 2007, la ren\u00adcontre avec Andr\u00e9ine Bel lui apporte les outils pour la recherche d\u2019une danse selon le prin\u00adcipe de \u201cl\u2019instant d\u00e9ci\u00adsif\u201d (notion emprun\u00adt\u00e9e \u00e0&nbsp;Anto\u00adnin Artaud, Hen\u00adri Car\u00adtier Bres\u00adson et Georges Braque), o\u00f9 l\u2019on sort des sch\u00e9\u00admas ges\u00adtuels et cho\u00adr\u00e9\u00adgra\u00adphiques pr\u00e9\u00ad\u00e9ta\u00adblis, pour d\u00e9cou\u00advrir ce qui nous habite et lais\u00adser la forme appa\u00adra\u00eetre. De cette recherche na\u00ee\u00adtront les cr\u00e9a\u00adtions cho\u00adr\u00e9\u00adgra\u00adphiques \u00ab&nbsp;Tale of Tail&nbsp;\u00bb, <a href=\"https:\/\/www.leti.lt\/wordpress\/variations-unjenesaisquoi\/\">\u00ab&nbsp;Un je ne sais quoi&nbsp;\u00bb<\/a>, \u00ab&nbsp;Une apr\u00e8s-midi&nbsp;\u00bb, pr\u00e9\u00adsen\u00adt\u00e9s au <a href=\"http:\/\/www.preljocaj.org\/\">Centre Cho\u00adr\u00e9\u00adgra\u00adphique Natio\u00adnal<\/a> d\u2019Aix-en-Provence. Une vid\u00e9o danse sera r\u00e9a\u00adli\u00ads\u00e9e&nbsp;: \u00ab&nbsp;L130&nbsp;\u00bb (<a href=\"http:\/\/vimeo.com\/17367273\" target=\"_blank\" rel=\"noreferrer noopener\">http:\/\/\u200bvimeo\u200b.com\/\u200b1\u200b7\u200b3\u200b6\u200b7\u200b273<\/a>).<br><br>La m\u00eame ann\u00e9e, il obtient le Dipl\u00f4me d\u2019\u00c9tat de pro\u00adfes\u00adseur de danse au Centre Natio\u00adnal de la danse \u00e0&nbsp;Paris.<br><br>En 2008, il est invi\u00adt\u00e9 \u00e0&nbsp;rejoindre la com\u00adpa\u00adgnie <a href=\"http:\/\/www.noordnederlandsedans.com\">\u00ab&nbsp;Gali\u00adli Dance&nbsp;\u00bb<\/a> en Hol\u00adlande.<br><br>En f\u00e9vrier 2009, il fait ses d\u00e9buts comme acteur dans la cr\u00e9a\u00adtion th\u00e9\u00e2\u00adtrale <b>\u00ab&nbsp;Tout le monde est une d\u00e9cep\u00adtion totale&nbsp;\u00bb<\/b> de Jean Gior\u00adno, au <a href=\"http:\/\/www.theatre-des-ateliers-aix.com\">Th\u00e9\u00e2tre des ate\u00adliers<\/a>, Aix-en-Pro\u00advence, et plus tard sui\u00advra la cr\u00e9a\u00adtion \u00ab&nbsp;Le Lit&nbsp;\u00bb de Alain Simon.<br><br>En 2009, il est enga\u00adg\u00e9 comme assis\u00adtant cho\u00adr\u00e9\u00adgraphe d\u2019<a href=\"http:\/\/www.noordnederlandsedans.com\/\">Itzik Gali\u00adli<\/a>, et pro\u00adfes\u00adseur invi\u00adt\u00e9 dans des com\u00adpa\u00adgnies de danse du monde entier&nbsp;:<br>* Zurich Opern\u00adhaus, Chris\u00adtian Spuck \u2013 Suisse<br>* Bal\u00adlet de l\u2019Op\u00e9ra Natio\u00adnal de Bor\u00addeaux, Charles Jude \u2013 France<br>* Com\u00adpa\u00f1ia Natio\u00adnal de Dan\u00adza de Madrid, Juan Car\u00adlos Mar\u00adti\u00adnez \u2013 Espagne<br>* Les Bal\u00adlets de Monte-Car\u00adlo, Jean Chris\u00adtophe Maillot \u2013 France<br>* Ram\u00adbert Dance Com\u00adpa\u00adny, Mark Bald\u00adwin \u2013 Royaume Uni<br>* Contem\u00adpo\u00adra\u00adry Dance Com\u00adpa\u00adny of Cuba, Miguel Igle\u00adsias \u2013 Cuba<br>* Dans\u00adgroep Amster\u00addam, Itzik Gali\u00adli \u2013 Pays Bas<br>* Kib\u00adbutz Contem\u00adpo\u00adra\u00adry Dance Com\u00adpa\u00adny, Rami Be\u2019er \u2013 Israel<br>* Danish Dance Thea\u00adter, Tim Rush\u00adton \u2013 Dane\u00admark<br>* Natio\u00adnal Dance Com\u00adpa\u00adny of Wales, Anne Sho\u00adlem \u2013 Royaume-Uni<br>* Th\u00e9\u00e2tre de Kiel, Bal\u00adlet Kiel, Mario Schr\u00f6\u00adder \u2013 Alle\u00admagne<br>* Aug\u00adsburg Bal\u00adlet, Robert Coon \u2013 Alle\u00admagne<br>* Theatre Wiel\u00adki Poz\u00adnan, Jacek Przy\u00adby\u00adlo\u00adwicz \u2013 Pologne<br>* Natio\u00adnal Thea\u00adter Bal\u00adlet Brno, Len\u00adka Dri\u00adma\u00adlo\u00adva \u2013 R\u00e9pu\u00adblique Tch\u00e8que<br>* Noord Neder\u00adlandse dans, Ste\u00adphen Shrop\u00adshire \u2013 Pays Bas<br>* Dan\u00adce\u00adcy\u00adprus, Caro\u00adli\u00adna Cos\u00adtan\u00adti\u00adnou \u2013 Chypre<br>* Bal\u00adlet Junior de Gen\u00e8ve, Patrice Delay &amp;&nbsp;Sean Wood \u2013 Suisse<br>* Codarts Rot\u00adter\u00addam, Samuel Wuers\u00adten \u2013 Pays-Bas<br>* Fun\u00adda\u00ad\u00e7i\u00f3n Uni\u00adver\u00adsi\u00addades y&nbsp;Ense\u00f1an\u00adza, Cas\u00adtilla et Le\u00f3n Bur\u00adgos \u2013 Espagne<br>* Ste\u00adphen Shrop\u00adshire, Gro\u00adnin\u00adgen \u2013 Pays-Bas<br>* Conser\u00adva\u00adto\u00adrio Super\u00adior de Dan\u00adza de Madrid, Mar\u00eda de \u00c1vi\u00adla \u2013 Espagne.<br><br>Il anime des ate\u00adliers en Ita\u00adlie, en Espagne et en Isra\u00ebl.<br><br>Depuis ao\u00fbt 2014, il a&nbsp;int\u00e9\u00adgr\u00e9 la com\u00adpa\u00adgnie \u201cDance Com\u00adpa\u00adny Thea\u00adter Osna\u00adbr\u00fcck\u201d en Alle\u00admagne diri\u00adg\u00e9e par Mau\u00adro de Can\u00addia, comme ma\u00eetre de bal\u00adlet.<br><br>Par ailleurs il pour\u00adsuit ses recherches sur le mou\u00adve\u00adment spon\u00adta\u00adn\u00e9 en lien avec la chor\u00e9graphie.<\/p>\n<p style=\"color:green; text-align:right !important;\">Article cr\u00e9\u00e9 le 16\/02\/2020 \u2013 modi\u00adfi\u00e9 le 10\/06\/2020<\/p>","protected":false},"excerpt":{"rendered":"<p>N\u00e9 \u00e0&nbsp;l\u2019Aquila (Ita\u00adlie), Leo\u00adnar\u00addo Cen\u00adti com\u00admence la danse en 1992, \u00e0&nbsp;l\u2019\u00e2ge de 19 ans, \u00e0&nbsp;l\u2019Acad\u00e9mie Natio\u00adnale de danse de&nbsp;Rome. Il fait ses d\u00e9buts dans la com\u00adpa\u00adgnie \u00ab&nbsp;Dan\u00adza pros\u00adpet\u00adti\u00adva&nbsp;\u00bb de Vit\u00adto\u00adrio Bia\u00adgi (Ita\u00adlie), au \u00ab&nbsp;Bal\u00adlet Junior de Gen\u00e8ve&nbsp;\u00bb diri\u00adg\u00e9 par Bea\u00adtriz Consue\u00adlo et au \u00ab&nbsp;Mil\u00adner Bal\u00adlet&nbsp;\u00bb, avec le direc\u00adteur artis\u00adtique Pao\u00adlo Cor\u00adciu\u00adlo (Ita\u00adlie). En 1997, il est enga\u00adg\u00e9 dans le \u00ab&nbsp;Bal\u00adlet Gul\u00adben\u00adkian&nbsp;\u00bb (Por\u00adtu\u00adgal) sous la direc\u00adtion d\u2019Iracity Car\u00addo\u00adso, qui lui donne la pos\u00adsi\u00adbi\u00adli\u00adt\u00e9 de tra\u00advailler les \u0153uvres de cho\u00adr\u00e9\u00adgraphes c\u00e9l\u00e8bres&nbsp;: Jiri&nbsp;[\u2026]<\/p>\n","protected":false},"author":2,"featured_media":34,"comment_status":"open","ping_status":"open","sticky":false,"template":"","format":"standard","meta":{"wp_typography_post_enhancements_disabled":false,"footnotes":""},"categories":[233],"tags":[],"class_list":["post-341","post","type-post","status-publish","format-standard","has-post-thumbnail","hentry","category-biographie"],"yoast_head":"<!-- This site is optimized with the Yoast SEO plugin v27.5 - https:\/\/yoast.com\/product\/yoast-seo-wordpress\/ -->\n<title>Leonardo Centi, biographie - Le TILT<\/title>\n<meta name=\"robots\" content=\"index, follow, max-snippet:-1, max-image-preview:large, max-video-preview:-1\" \/>\n<link rel=\"canonical\" href=\"https:\/\/www.leti.lt\/wordpress\/perso-leonardobiographie\/\" \/>\n<meta property=\"og:locale\" content=\"fr_FR\" \/>\n<meta property=\"og:type\" content=\"article\" \/>\n<meta property=\"og:title\" content=\"Leonardo Centi, biographie - Le TILT\" \/>\n<meta property=\"og:description\" content=\"N\u00e9 \u00e0&nbsp;l\u2019Aquila (Ita\u00adlie), Leo\u00adnar\u00addo Cen\u00adti com\u00admence la danse en 1992, \u00e0&nbsp;l\u2019\u00e2ge de 19 ans, \u00e0&nbsp;l\u2019Acad\u00e9mie Natio\u00adnale de danse de&nbsp;Rome. Il fait ses d\u00e9buts dans la com\u00adpa\u00adgnie \u00ab&nbsp;Dan\u00adza pros\u00adpet\u00adti\u00adva&nbsp;\u00bb de Vit\u00adto\u00adrio Bia\u00adgi (Ita\u00adlie), au \u00ab&nbsp;Bal\u00adlet Junior de Gen\u00e8ve&nbsp;\u00bb diri\u00adg\u00e9 par Bea\u00adtriz Consue\u00adlo et au \u00ab&nbsp;Mil\u00adner Bal\u00adlet&nbsp;\u00bb, avec le direc\u00adteur artis\u00adtique Pao\u00adlo Cor\u00adciu\u00adlo (Ita\u00adlie). En 1997, il est enga\u00adg\u00e9 dans le \u00ab&nbsp;Bal\u00adlet Gul\u00adben\u00adkian&nbsp;\u00bb (Por\u00adtu\u00adgal) sous la direc\u00adtion d\u2019Iracity Car\u00addo\u00adso, qui lui donne la pos\u00adsi\u00adbi\u00adli\u00adt\u00e9 de tra\u00advailler les \u0153uvres de cho\u00adr\u00e9\u00adgraphes c\u00e9l\u00e8bres&nbsp;: Jiri [&hellip;]\" \/>\n<meta property=\"og:url\" content=\"https:\/\/www.leti.lt\/wordpress\/perso-leonardobiographie\/\" \/>\n<meta property=\"og:site_name\" content=\"Le TILT\" \/>\n<meta property=\"article:published_time\" content=\"2020-02-16T14:30:34+00:00\" \/>\n<meta property=\"article:modified_time\" content=\"2020-06-10T14:21:20+00:00\" \/>\n<meta property=\"og:image\" content=\"https:\/\/www.leti.lt\/wordpress\/wp-content\/uploads\/LeonardoCenti.jpg\" \/>\n\t<meta property=\"og:image:width\" content=\"369\" \/>\n\t<meta property=\"og:image:height\" content=\"499\" \/>\n\t<meta property=\"og:image:type\" content=\"image\/jpeg\" \/>\n<meta name=\"author\" content=\"Andr\u00e9ine Bel\" \/>\n<meta name=\"twitter:card\" content=\"summary_large_image\" \/>\n<meta name=\"twitter:label1\" content=\"\u00c9crit par\" \/>\n\t<meta name=\"twitter:data1\" content=\"Andr\u00e9ine Bel\" \/>\n\t<meta name=\"twitter:label2\" content=\"Dur\u00e9e de lecture estim\u00e9e\" \/>\n\t<meta name=\"twitter:data2\" content=\"4 minutes\" \/>\n<script type=\"application\/ld+json\" class=\"yoast-schema-graph\">{\"@context\":\"https:\\\/\\\/schema.org\",\"@graph\":[{\"@type\":\"Article\",\"@id\":\"https:\\\/\\\/www.leti.lt\\\/wordpress\\\/perso-leonardobiographie\\\/#article\",\"isPartOf\":{\"@id\":\"https:\\\/\\\/www.leti.lt\\\/wordpress\\\/perso-leonardobiographie\\\/\"},\"author\":{\"name\":\"Andr\u00e9ine Bel\",\"@id\":\"https:\\\/\\\/www.leti.lt\\\/wordpress\\\/#\\\/schema\\\/person\\\/9bb307b2af8fbb575bb3603e57951f75\"},\"headline\":\"Leonardo Centi, biographie\",\"datePublished\":\"2020-02-16T14:30:34+00:00\",\"dateModified\":\"2020-06-10T14:21:20+00:00\",\"mainEntityOfPage\":{\"@id\":\"https:\\\/\\\/www.leti.lt\\\/wordpress\\\/perso-leonardobiographie\\\/\"},\"wordCount\":709,\"commentCount\":0,\"image\":{\"@id\":\"https:\\\/\\\/www.leti.lt\\\/wordpress\\\/perso-leonardobiographie\\\/#primaryimage\"},\"thumbnailUrl\":\"https:\\\/\\\/www.leti.lt\\\/wordpress\\\/wp-content\\\/uploads\\\/LeonardoCenti.jpg\",\"articleSection\":[\"Biographie\"],\"inLanguage\":\"fr-FR\",\"potentialAction\":[{\"@type\":\"CommentAction\",\"name\":\"Comment\",\"target\":[\"https:\\\/\\\/www.leti.lt\\\/wordpress\\\/perso-leonardobiographie\\\/#respond\"]}]},{\"@type\":\"WebPage\",\"@id\":\"https:\\\/\\\/www.leti.lt\\\/wordpress\\\/perso-leonardobiographie\\\/\",\"url\":\"https:\\\/\\\/www.leti.lt\\\/wordpress\\\/perso-leonardobiographie\\\/\",\"name\":\"Leonardo Centi, biographie - Le TILT\",\"isPartOf\":{\"@id\":\"https:\\\/\\\/www.leti.lt\\\/wordpress\\\/#website\"},\"primaryImageOfPage\":{\"@id\":\"https:\\\/\\\/www.leti.lt\\\/wordpress\\\/perso-leonardobiographie\\\/#primaryimage\"},\"image\":{\"@id\":\"https:\\\/\\\/www.leti.lt\\\/wordpress\\\/perso-leonardobiographie\\\/#primaryimage\"},\"thumbnailUrl\":\"https:\\\/\\\/www.leti.lt\\\/wordpress\\\/wp-content\\\/uploads\\\/LeonardoCenti.jpg\",\"datePublished\":\"2020-02-16T14:30:34+00:00\",\"dateModified\":\"2020-06-10T14:21:20+00:00\",\"author\":{\"@id\":\"https:\\\/\\\/www.leti.lt\\\/wordpress\\\/#\\\/schema\\\/person\\\/9bb307b2af8fbb575bb3603e57951f75\"},\"breadcrumb\":{\"@id\":\"https:\\\/\\\/www.leti.lt\\\/wordpress\\\/perso-leonardobiographie\\\/#breadcrumb\"},\"inLanguage\":\"fr-FR\",\"potentialAction\":[{\"@type\":\"ReadAction\",\"target\":[\"https:\\\/\\\/www.leti.lt\\\/wordpress\\\/perso-leonardobiographie\\\/\"]}]},{\"@type\":\"ImageObject\",\"inLanguage\":\"fr-FR\",\"@id\":\"https:\\\/\\\/www.leti.lt\\\/wordpress\\\/perso-leonardobiographie\\\/#primaryimage\",\"url\":\"https:\\\/\\\/www.leti.lt\\\/wordpress\\\/wp-content\\\/uploads\\\/LeonardoCenti.jpg\",\"contentUrl\":\"https:\\\/\\\/www.leti.lt\\\/wordpress\\\/wp-content\\\/uploads\\\/LeonardoCenti.jpg\",\"width\":369,\"height\":499},{\"@type\":\"BreadcrumbList\",\"@id\":\"https:\\\/\\\/www.leti.lt\\\/wordpress\\\/perso-leonardobiographie\\\/#breadcrumb\",\"itemListElement\":[{\"@type\":\"ListItem\",\"position\":1,\"name\":\"Accueil\",\"item\":\"https:\\\/\\\/www.leti.lt\\\/wordpress\\\/\"},{\"@type\":\"ListItem\",\"position\":2,\"name\":\"Leonardo Centi, biographie\"}]},{\"@type\":\"WebSite\",\"@id\":\"https:\\\/\\\/www.leti.lt\\\/wordpress\\\/#website\",\"url\":\"https:\\\/\\\/www.leti.lt\\\/wordpress\\\/\",\"name\":\"Le TILT\",\"description\":\"Recherche, publication, cr\u00e9ation artistique\",\"potentialAction\":[{\"@type\":\"SearchAction\",\"target\":{\"@type\":\"EntryPoint\",\"urlTemplate\":\"https:\\\/\\\/www.leti.lt\\\/wordpress\\\/?s={search_term_string}\"},\"query-input\":{\"@type\":\"PropertyValueSpecification\",\"valueRequired\":true,\"valueName\":\"search_term_string\"}}],\"inLanguage\":\"fr-FR\"},{\"@type\":\"Person\",\"@id\":\"https:\\\/\\\/www.leti.lt\\\/wordpress\\\/#\\\/schema\\\/person\\\/9bb307b2af8fbb575bb3603e57951f75\",\"name\":\"Andr\u00e9ine Bel\",\"image\":{\"@type\":\"ImageObject\",\"inLanguage\":\"fr-FR\",\"@id\":\"https:\\\/\\\/secure.gravatar.com\\\/avatar\\\/4ab041ec7c7ad3b90293023e86528ec1a700ce2971ff61811b2df6b288dd1f38?s=96&d=identicon&r=g\",\"url\":\"https:\\\/\\\/secure.gravatar.com\\\/avatar\\\/4ab041ec7c7ad3b90293023e86528ec1a700ce2971ff61811b2df6b288dd1f38?s=96&d=identicon&r=g\",\"contentUrl\":\"https:\\\/\\\/secure.gravatar.com\\\/avatar\\\/4ab041ec7c7ad3b90293023e86528ec1a700ce2971ff61811b2df6b288dd1f38?s=96&d=identicon&r=g\",\"caption\":\"Andr\u00e9ine Bel\"},\"url\":\"https:\\\/\\\/www.leti.lt\\\/wordpress\\\/author\\\/andreine\\\/\"}]}<\/script>\n<!-- \/ Yoast SEO plugin. -->","yoast_head_json":{"title":"Leonardo Centi, biographie - Le TILT","robots":{"index":"index","follow":"follow","max-snippet":"max-snippet:-1","max-image-preview":"max-image-preview:large","max-video-preview":"max-video-preview:-1"},"canonical":"https:\/\/www.leti.lt\/wordpress\/perso-leonardobiographie\/","og_locale":"fr_FR","og_type":"article","og_title":"Leonardo Centi, biographie - Le TILT","og_description":"N\u00e9 \u00e0&nbsp;l\u2019Aquila (Ita\u00adlie), Leo\u00adnar\u00addo Cen\u00adti com\u00admence la danse en 1992, \u00e0&nbsp;l\u2019\u00e2ge de 19 ans, \u00e0&nbsp;l\u2019Acad\u00e9mie Natio\u00adnale de danse de&nbsp;Rome. Il fait ses d\u00e9buts dans la com\u00adpa\u00adgnie \u00ab&nbsp;Dan\u00adza pros\u00adpet\u00adti\u00adva&nbsp;\u00bb de Vit\u00adto\u00adrio Bia\u00adgi (Ita\u00adlie), au \u00ab&nbsp;Bal\u00adlet Junior de Gen\u00e8ve&nbsp;\u00bb diri\u00adg\u00e9 par Bea\u00adtriz Consue\u00adlo et au \u00ab&nbsp;Mil\u00adner Bal\u00adlet&nbsp;\u00bb, avec le direc\u00adteur artis\u00adtique Pao\u00adlo Cor\u00adciu\u00adlo (Ita\u00adlie). En 1997, il est enga\u00adg\u00e9 dans le \u00ab&nbsp;Bal\u00adlet Gul\u00adben\u00adkian&nbsp;\u00bb (Por\u00adtu\u00adgal) sous la direc\u00adtion d\u2019Iracity Car\u00addo\u00adso, qui lui donne la pos\u00adsi\u00adbi\u00adli\u00adt\u00e9 de tra\u00advailler les \u0153uvres de cho\u00adr\u00e9\u00adgraphes c\u00e9l\u00e8bres&nbsp;: Jiri [&hellip;]","og_url":"https:\/\/www.leti.lt\/wordpress\/perso-leonardobiographie\/","og_site_name":"Le TILT","article_published_time":"2020-02-16T14:30:34+00:00","article_modified_time":"2020-06-10T14:21:20+00:00","og_image":[{"width":369,"height":499,"url":"https:\/\/www.leti.lt\/wordpress\/wp-content\/uploads\/LeonardoCenti.jpg","type":"image\/jpeg"}],"author":"Andr\u00e9ine Bel","twitter_card":"summary_large_image","twitter_misc":{"\u00c9crit par":"Andr\u00e9ine Bel","Dur\u00e9e de lecture estim\u00e9e":"4 minutes"},"schema":{"@context":"https:\/\/schema.org","@graph":[{"@type":"Article","@id":"https:\/\/www.leti.lt\/wordpress\/perso-leonardobiographie\/#article","isPartOf":{"@id":"https:\/\/www.leti.lt\/wordpress\/perso-leonardobiographie\/"},"author":{"name":"Andr\u00e9ine Bel","@id":"https:\/\/www.leti.lt\/wordpress\/#\/schema\/person\/9bb307b2af8fbb575bb3603e57951f75"},"headline":"Leonardo Centi, biographie","datePublished":"2020-02-16T14:30:34+00:00","dateModified":"2020-06-10T14:21:20+00:00","mainEntityOfPage":{"@id":"https:\/\/www.leti.lt\/wordpress\/perso-leonardobiographie\/"},"wordCount":709,"commentCount":0,"image":{"@id":"https:\/\/www.leti.lt\/wordpress\/perso-leonardobiographie\/#primaryimage"},"thumbnailUrl":"https:\/\/www.leti.lt\/wordpress\/wp-content\/uploads\/LeonardoCenti.jpg","articleSection":["Biographie"],"inLanguage":"fr-FR","potentialAction":[{"@type":"CommentAction","name":"Comment","target":["https:\/\/www.leti.lt\/wordpress\/perso-leonardobiographie\/#respond"]}]},{"@type":"WebPage","@id":"https:\/\/www.leti.lt\/wordpress\/perso-leonardobiographie\/","url":"https:\/\/www.leti.lt\/wordpress\/perso-leonardobiographie\/","name":"Leonardo Centi, biographie - Le TILT","isPartOf":{"@id":"https:\/\/www.leti.lt\/wordpress\/#website"},"primaryImageOfPage":{"@id":"https:\/\/www.leti.lt\/wordpress\/perso-leonardobiographie\/#primaryimage"},"image":{"@id":"https:\/\/www.leti.lt\/wordpress\/perso-leonardobiographie\/#primaryimage"},"thumbnailUrl":"https:\/\/www.leti.lt\/wordpress\/wp-content\/uploads\/LeonardoCenti.jpg","datePublished":"2020-02-16T14:30:34+00:00","dateModified":"2020-06-10T14:21:20+00:00","author":{"@id":"https:\/\/www.leti.lt\/wordpress\/#\/schema\/person\/9bb307b2af8fbb575bb3603e57951f75"},"breadcrumb":{"@id":"https:\/\/www.leti.lt\/wordpress\/perso-leonardobiographie\/#breadcrumb"},"inLanguage":"fr-FR","potentialAction":[{"@type":"ReadAction","target":["https:\/\/www.leti.lt\/wordpress\/perso-leonardobiographie\/"]}]},{"@type":"ImageObject","inLanguage":"fr-FR","@id":"https:\/\/www.leti.lt\/wordpress\/perso-leonardobiographie\/#primaryimage","url":"https:\/\/www.leti.lt\/wordpress\/wp-content\/uploads\/LeonardoCenti.jpg","contentUrl":"https:\/\/www.leti.lt\/wordpress\/wp-content\/uploads\/LeonardoCenti.jpg","width":369,"height":499},{"@type":"BreadcrumbList","@id":"https:\/\/www.leti.lt\/wordpress\/perso-leonardobiographie\/#breadcrumb","itemListElement":[{"@type":"ListItem","position":1,"name":"Accueil","item":"https:\/\/www.leti.lt\/wordpress\/"},{"@type":"ListItem","position":2,"name":"Leonardo Centi, biographie"}]},{"@type":"WebSite","@id":"https:\/\/www.leti.lt\/wordpress\/#website","url":"https:\/\/www.leti.lt\/wordpress\/","name":"Le TILT","description":"Recherche, publication, cr\u00e9ation artistique","potentialAction":[{"@type":"SearchAction","target":{"@type":"EntryPoint","urlTemplate":"https:\/\/www.leti.lt\/wordpress\/?s={search_term_string}"},"query-input":{"@type":"PropertyValueSpecification","valueRequired":true,"valueName":"search_term_string"}}],"inLanguage":"fr-FR"},{"@type":"Person","@id":"https:\/\/www.leti.lt\/wordpress\/#\/schema\/person\/9bb307b2af8fbb575bb3603e57951f75","name":"Andr\u00e9ine Bel","image":{"@type":"ImageObject","inLanguage":"fr-FR","@id":"https:\/\/secure.gravatar.com\/avatar\/4ab041ec7c7ad3b90293023e86528ec1a700ce2971ff61811b2df6b288dd1f38?s=96&d=identicon&r=g","url":"https:\/\/secure.gravatar.com\/avatar\/4ab041ec7c7ad3b90293023e86528ec1a700ce2971ff61811b2df6b288dd1f38?s=96&d=identicon&r=g","contentUrl":"https:\/\/secure.gravatar.com\/avatar\/4ab041ec7c7ad3b90293023e86528ec1a700ce2971ff61811b2df6b288dd1f38?s=96&d=identicon&r=g","caption":"Andr\u00e9ine Bel"},"url":"https:\/\/www.leti.lt\/wordpress\/author\/andreine\/"}]}},"_links":{"self":[{"href":"https:\/\/www.leti.lt\/wordpress\/wp-json\/wp\/v2\/posts\/341","targetHints":{"allow":["GET"]}}],"collection":[{"href":"https:\/\/www.leti.lt\/wordpress\/wp-json\/wp\/v2\/posts"}],"about":[{"href":"https:\/\/www.leti.lt\/wordpress\/wp-json\/wp\/v2\/types\/post"}],"author":[{"embeddable":true,"href":"https:\/\/www.leti.lt\/wordpress\/wp-json\/wp\/v2\/users\/2"}],"replies":[{"embeddable":true,"href":"https:\/\/www.leti.lt\/wordpress\/wp-json\/wp\/v2\/comments?post=341"}],"version-history":[{"count":6,"href":"https:\/\/www.leti.lt\/wordpress\/wp-json\/wp\/v2\/posts\/341\/revisions"}],"predecessor-version":[{"id":730,"href":"https:\/\/www.leti.lt\/wordpress\/wp-json\/wp\/v2\/posts\/341\/revisions\/730"}],"wp:featuredmedia":[{"embeddable":true,"href":"https:\/\/www.leti.lt\/wordpress\/wp-json\/wp\/v2\/media\/34"}],"wp:attachment":[{"href":"https:\/\/www.leti.lt\/wordpress\/wp-json\/wp\/v2\/media?parent=341"}],"wp:term":[{"taxonomy":"category","embeddable":true,"href":"https:\/\/www.leti.lt\/wordpress\/wp-json\/wp\/v2\/categories?post=341"},{"taxonomy":"post_tag","embeddable":true,"href":"https:\/\/www.leti.lt\/wordpress\/wp-json\/wp\/v2\/tags?post=341"}],"curies":[{"name":"wp","href":"https:\/\/api.w.org\/{rel}","templated":true}]}}