{"id":337,"date":"2020-02-16T15:30:34","date_gmt":"2020-02-16T14:30:34","guid":{"rendered":"https:\/\/www.leti.lt\/wordpress\/?p=337"},"modified":"2020-06-10T16:23:42","modified_gmt":"2020-06-10T14:23:42","slug":"perso-johannabiographie","status":"publish","type":"post","link":"https:\/\/www.leti.lt\/wordpress\/perso-johannabiographie\/","title":{"rendered":"Johanna, biographie"},"content":{"rendered":"\n<p>Johan\u00adna Bou\u00adchar\u00addeau<br><br>N\u00e9e en 1956&nbsp;en Autriche, vit en France depuis 1978<br><br>Email&nbsp;: johanna.\u200bbouchardeau@\u200bgmail.\u200bcom<br><br>Johan\u00adna Bou\u00adchar\u00addeau a&nbsp;tou\u00adjours aim\u00e9 dan\u00adser, depuis les bals popu\u00adlaires de son vil\u00adlage natal dans les mon\u00adtagnes autri\u00adchiennes aux cours de danse-contact dans les ann\u00e9es 70 \u00e0&nbsp;Ber\u00adlin-Ouest. C\u2019\u00e9taient les d\u00e9buts de la danse-contact. Puis elle a&nbsp;pas\u00ads\u00e9 plus d\u2019une ving\u00adtaine d\u2019ann\u00e9es dans une com\u00admu\u00adnau\u00adt\u00e9 auto-g\u00e9r\u00e9e dans le sud-est de la France, et a&nbsp;v\u00e9cu et voya\u00adg\u00e9 pen\u00addant pr\u00e8s de 2&nbsp;ans en Am\u00e9\u00adrique Cen\u00adtrale et du Sud (Colom\u00adbie, Cos\u00adta Rica, Mexique, Vene\u00adzue\u00adla, Br\u00e9\u00adsil, Cuba). Elle est pas\u00adsion\u00adn\u00e9e de sal\u00adsa, tan\u00adgo argen\u00adtin, cum\u00adbia mais aus\u00adsi de danse tzi\u00adgane. En com\u00admu\u00adnau\u00adt\u00e9, la f\u00eate est tr\u00e8s impor\u00adtante.<br><br>En 1998, elle ren\u00adcontre Marion Ba\u00eb, dan\u00adseuse-cho\u00adr\u00e9\u00adgraphe. Elles mettent en place des ate\u00adliers de danse contact dans le 04 (Alpes de haute Pro\u00advence). Ate\u00adliers qui trou\u00adve\u00adront une suite quelques ann\u00e9es plus tard, par des ate\u00adliers de BMC (Body Mind Cen\u00adte\u00adring), ani\u00adm\u00e9s par Cathy Hos\u00adsen\u00adlopp, dan\u00adseuse (New Dance, Amster\u00addam) et for\u00adma\u00adtrice diplo\u00adm\u00e9e en BMC.<br><br>Depuis 2006 elle a&nbsp;rejoint le groupe de recherche et d\u2019exp\u00e9rimentation en danse forum, cr\u00e9\u00e9 par Andr\u00e9ine Bel \u00e0&nbsp;Lam\u00adbesc\/Aix-en-Pro\u00advence.<br>Depuis 2009 elle anime des ate\u00adliers de danse forum \u00e0&nbsp;For\u00adcal\u00adquier et St. Etienne-les-Orgues (04).<br><br>Elle pra\u00adtique \u00e9ga\u00adle\u00adment le mas\u00adsage de bien-\u00eatre (For\u00adma\u00adtion Ele\u00admen\u00adTerre 2007-08) et donne des cours d\u2019espagnol et de culture et civi\u00adli\u00adsa\u00adtions sud-am\u00e9\u00adri\u00adcaines.<br><br>En f\u00e9vrier 2011 elle a&nbsp;cr\u00e9\u00e9, avec d\u2019autres per\u00adsonnes, une Asso\u00adcia\u00adtion \u00e0&nbsp;For\u00adcal\u00adquier&nbsp;: \u00ab&nbsp;Agate, Armoise et Sala\u00admandre&nbsp;\u00bb qui a&nbsp;orga\u00adni\u00ads\u00e9 une pre\u00admi\u00e8re ren\u00adcontre en mars 2011, autour de la th\u00e9\u00adma\u00adtique \u00ab&nbsp;Corps et Poli\u00adtique \u2013 Qui a&nbsp;peur de Lilith&nbsp;?&nbsp;\u00bb<\/p>\n<p style=\"color:green; text-align:right !important;\">Article cr\u00e9\u00e9 le 16\/02\/2020 \u2013 modi\u00adfi\u00e9 le 10\/06\/2020<\/p>","protected":false},"excerpt":{"rendered":"<p>Johan\u00adna Bou\u00adchar\u00addeau N\u00e9e en 1956&nbsp;en Autriche, vit en France depuis 1978 Email&nbsp;: johanna.\u200bbouchardeau@\u200bgmail.\u200bcom Johan\u00adna Bou\u00adchar\u00addeau a&nbsp;tou\u00adjours aim\u00e9 dan\u00adser, depuis les bals popu\u00adlaires de son vil\u00adlage natal dans les mon\u00adtagnes autri\u00adchiennes aux cours de danse-contact dans les ann\u00e9es 70 \u00e0&nbsp;Ber\u00ad\u00adlin-Ouest. C\u2019\u00e9taient les d\u00e9buts de la danse-contact. Puis elle a&nbsp;pas\u00ads\u00e9 plus d\u2019une ving\u00adtaine d\u2019ann\u00e9es dans une com\u00admu\u00adnau\u00adt\u00e9 auto-g\u00e9r\u00e9e dans le sud-est de la France, et a&nbsp;v\u00e9cu et voya\u00adg\u00e9 pen\u00addant pr\u00e8s de 2&nbsp;ans en Am\u00e9\u00adrique Cen\u00adtrale et du Sud (Colom\u00adbie, Cos\u00adta Rica, Mexique,&nbsp;[\u2026]<\/p>\n","protected":false},"author":2,"featured_media":0,"comment_status":"open","ping_status":"open","sticky":false,"template":"","format":"standard","meta":{"wp_typography_post_enhancements_disabled":false,"footnotes":""},"categories":[233],"tags":[75],"class_list":["post-337","post","type-post","status-publish","format-standard","hentry","category-biographie","tag-perso_misc_"],"yoast_head":"<!-- This site is optimized with the Yoast SEO plugin v27.5 - https:\/\/yoast.com\/product\/yoast-seo-wordpress\/ -->\n<title>Johanna, biographie - Le TILT<\/title>\n<meta name=\"robots\" content=\"index, follow, max-snippet:-1, max-image-preview:large, max-video-preview:-1\" \/>\n<link rel=\"canonical\" href=\"https:\/\/www.leti.lt\/wordpress\/perso-johannabiographie\/\" \/>\n<meta property=\"og:locale\" content=\"fr_FR\" \/>\n<meta property=\"og:type\" content=\"article\" \/>\n<meta property=\"og:title\" content=\"Johanna, biographie - Le TILT\" \/>\n<meta property=\"og:description\" content=\"Johan\u00adna Bouchardeau N\u00e9e en 1956&nbsp;en Autriche, vit en France depuis 1978 Email&nbsp;: johanna.\u200bbouchardeau@\u200bgmail.\u200bcom Johan\u00adna Bou\u00adchar\u00addeau a&nbsp;tou\u00adjours aim\u00e9 dan\u00adser, depuis les bals popu\u00adlaires de son vil\u00adlage natal dans les mon\u00adtagnes autri\u00adchiennes aux cours de danse-contact dans les ann\u00e9es 70 \u00e0&nbsp;Ber\u00adlin-Ouest. C\u2019\u00e9taient les d\u00e9buts de la danse-contact. Puis elle a&nbsp;pas\u00ads\u00e9 plus d\u2019une ving\u00adtaine d\u2019ann\u00e9es dans une com\u00admu\u00adnau\u00adt\u00e9 auto-g\u00e9r\u00e9e dans le sud-est de la France, et a&nbsp;v\u00e9cu et voya\u00adg\u00e9 pen\u00addant pr\u00e8s de 2&nbsp;ans en Am\u00e9\u00adrique Cen\u00adtrale et du Sud (Colom\u00adbie, Cos\u00adta Rica, Mexique, [&hellip;]\" \/>\n<meta property=\"og:url\" content=\"https:\/\/www.leti.lt\/wordpress\/perso-johannabiographie\/\" \/>\n<meta property=\"og:site_name\" content=\"Le TILT\" \/>\n<meta property=\"article:published_time\" content=\"2020-02-16T14:30:34+00:00\" \/>\n<meta property=\"article:modified_time\" content=\"2020-06-10T14:23:42+00:00\" \/>\n<meta name=\"author\" content=\"Andr\u00e9ine Bel\" \/>\n<meta name=\"twitter:card\" content=\"summary_large_image\" \/>\n<meta name=\"twitter:label1\" content=\"\u00c9crit par\" \/>\n\t<meta name=\"twitter:data1\" content=\"Andr\u00e9ine Bel\" \/>\n\t<meta name=\"twitter:label2\" content=\"Dur\u00e9e de lecture estim\u00e9e\" \/>\n\t<meta name=\"twitter:data2\" content=\"1 minute\" \/>\n<script type=\"application\/ld+json\" class=\"yoast-schema-graph\">{\"@context\":\"https:\\\/\\\/schema.org\",\"@graph\":[{\"@type\":\"Article\",\"@id\":\"https:\\\/\\\/www.leti.lt\\\/wordpress\\\/perso-johannabiographie\\\/#article\",\"isPartOf\":{\"@id\":\"https:\\\/\\\/www.leti.lt\\\/wordpress\\\/perso-johannabiographie\\\/\"},\"author\":{\"name\":\"Andr\u00e9ine Bel\",\"@id\":\"https:\\\/\\\/www.leti.lt\\\/wordpress\\\/#\\\/schema\\\/person\\\/9bb307b2af8fbb575bb3603e57951f75\"},\"headline\":\"Johanna, biographie\",\"datePublished\":\"2020-02-16T14:30:34+00:00\",\"dateModified\":\"2020-06-10T14:23:42+00:00\",\"mainEntityOfPage\":{\"@id\":\"https:\\\/\\\/www.leti.lt\\\/wordpress\\\/perso-johannabiographie\\\/\"},\"wordCount\":278,\"commentCount\":0,\"keywords\":[\"Perso_misc_\"],\"articleSection\":[\"Biographie\"],\"inLanguage\":\"fr-FR\",\"potentialAction\":[{\"@type\":\"CommentAction\",\"name\":\"Comment\",\"target\":[\"https:\\\/\\\/www.leti.lt\\\/wordpress\\\/perso-johannabiographie\\\/#respond\"]}]},{\"@type\":\"WebPage\",\"@id\":\"https:\\\/\\\/www.leti.lt\\\/wordpress\\\/perso-johannabiographie\\\/\",\"url\":\"https:\\\/\\\/www.leti.lt\\\/wordpress\\\/perso-johannabiographie\\\/\",\"name\":\"Johanna, biographie - Le TILT\",\"isPartOf\":{\"@id\":\"https:\\\/\\\/www.leti.lt\\\/wordpress\\\/#website\"},\"datePublished\":\"2020-02-16T14:30:34+00:00\",\"dateModified\":\"2020-06-10T14:23:42+00:00\",\"author\":{\"@id\":\"https:\\\/\\\/www.leti.lt\\\/wordpress\\\/#\\\/schema\\\/person\\\/9bb307b2af8fbb575bb3603e57951f75\"},\"breadcrumb\":{\"@id\":\"https:\\\/\\\/www.leti.lt\\\/wordpress\\\/perso-johannabiographie\\\/#breadcrumb\"},\"inLanguage\":\"fr-FR\",\"potentialAction\":[{\"@type\":\"ReadAction\",\"target\":[\"https:\\\/\\\/www.leti.lt\\\/wordpress\\\/perso-johannabiographie\\\/\"]}]},{\"@type\":\"BreadcrumbList\",\"@id\":\"https:\\\/\\\/www.leti.lt\\\/wordpress\\\/perso-johannabiographie\\\/#breadcrumb\",\"itemListElement\":[{\"@type\":\"ListItem\",\"position\":1,\"name\":\"Accueil\",\"item\":\"https:\\\/\\\/www.leti.lt\\\/wordpress\\\/\"},{\"@type\":\"ListItem\",\"position\":2,\"name\":\"Johanna, biographie\"}]},{\"@type\":\"WebSite\",\"@id\":\"https:\\\/\\\/www.leti.lt\\\/wordpress\\\/#website\",\"url\":\"https:\\\/\\\/www.leti.lt\\\/wordpress\\\/\",\"name\":\"Le TILT\",\"description\":\"Recherche, publication, cr\u00e9ation artistique\",\"potentialAction\":[{\"@type\":\"SearchAction\",\"target\":{\"@type\":\"EntryPoint\",\"urlTemplate\":\"https:\\\/\\\/www.leti.lt\\\/wordpress\\\/?s={search_term_string}\"},\"query-input\":{\"@type\":\"PropertyValueSpecification\",\"valueRequired\":true,\"valueName\":\"search_term_string\"}}],\"inLanguage\":\"fr-FR\"},{\"@type\":\"Person\",\"@id\":\"https:\\\/\\\/www.leti.lt\\\/wordpress\\\/#\\\/schema\\\/person\\\/9bb307b2af8fbb575bb3603e57951f75\",\"name\":\"Andr\u00e9ine Bel\",\"image\":{\"@type\":\"ImageObject\",\"inLanguage\":\"fr-FR\",\"@id\":\"https:\\\/\\\/secure.gravatar.com\\\/avatar\\\/4ab041ec7c7ad3b90293023e86528ec1a700ce2971ff61811b2df6b288dd1f38?s=96&d=identicon&r=g\",\"url\":\"https:\\\/\\\/secure.gravatar.com\\\/avatar\\\/4ab041ec7c7ad3b90293023e86528ec1a700ce2971ff61811b2df6b288dd1f38?s=96&d=identicon&r=g\",\"contentUrl\":\"https:\\\/\\\/secure.gravatar.com\\\/avatar\\\/4ab041ec7c7ad3b90293023e86528ec1a700ce2971ff61811b2df6b288dd1f38?s=96&d=identicon&r=g\",\"caption\":\"Andr\u00e9ine Bel\"},\"url\":\"https:\\\/\\\/www.leti.lt\\\/wordpress\\\/author\\\/andreine\\\/\"}]}<\/script>\n<!-- \/ Yoast SEO plugin. -->","yoast_head_json":{"title":"Johanna, biographie - Le TILT","robots":{"index":"index","follow":"follow","max-snippet":"max-snippet:-1","max-image-preview":"max-image-preview:large","max-video-preview":"max-video-preview:-1"},"canonical":"https:\/\/www.leti.lt\/wordpress\/perso-johannabiographie\/","og_locale":"fr_FR","og_type":"article","og_title":"Johanna, biographie - Le TILT","og_description":"Johan\u00adna Bouchardeau N\u00e9e en 1956&nbsp;en Autriche, vit en France depuis 1978 Email&nbsp;: johanna.\u200bbouchardeau@\u200bgmail.\u200bcom Johan\u00adna Bou\u00adchar\u00addeau a&nbsp;tou\u00adjours aim\u00e9 dan\u00adser, depuis les bals popu\u00adlaires de son vil\u00adlage natal dans les mon\u00adtagnes autri\u00adchiennes aux cours de danse-contact dans les ann\u00e9es 70 \u00e0&nbsp;Ber\u00adlin-Ouest. C\u2019\u00e9taient les d\u00e9buts de la danse-contact. Puis elle a&nbsp;pas\u00ads\u00e9 plus d\u2019une ving\u00adtaine d\u2019ann\u00e9es dans une com\u00admu\u00adnau\u00adt\u00e9 auto-g\u00e9r\u00e9e dans le sud-est de la France, et a&nbsp;v\u00e9cu et voya\u00adg\u00e9 pen\u00addant pr\u00e8s de 2&nbsp;ans en Am\u00e9\u00adrique Cen\u00adtrale et du Sud (Colom\u00adbie, Cos\u00adta Rica, Mexique, [&hellip;]","og_url":"https:\/\/www.leti.lt\/wordpress\/perso-johannabiographie\/","og_site_name":"Le TILT","article_published_time":"2020-02-16T14:30:34+00:00","article_modified_time":"2020-06-10T14:23:42+00:00","author":"Andr\u00e9ine Bel","twitter_card":"summary_large_image","twitter_misc":{"\u00c9crit par":"Andr\u00e9ine Bel","Dur\u00e9e de lecture estim\u00e9e":"1 minute"},"schema":{"@context":"https:\/\/schema.org","@graph":[{"@type":"Article","@id":"https:\/\/www.leti.lt\/wordpress\/perso-johannabiographie\/#article","isPartOf":{"@id":"https:\/\/www.leti.lt\/wordpress\/perso-johannabiographie\/"},"author":{"name":"Andr\u00e9ine Bel","@id":"https:\/\/www.leti.lt\/wordpress\/#\/schema\/person\/9bb307b2af8fbb575bb3603e57951f75"},"headline":"Johanna, biographie","datePublished":"2020-02-16T14:30:34+00:00","dateModified":"2020-06-10T14:23:42+00:00","mainEntityOfPage":{"@id":"https:\/\/www.leti.lt\/wordpress\/perso-johannabiographie\/"},"wordCount":278,"commentCount":0,"keywords":["Perso_misc_"],"articleSection":["Biographie"],"inLanguage":"fr-FR","potentialAction":[{"@type":"CommentAction","name":"Comment","target":["https:\/\/www.leti.lt\/wordpress\/perso-johannabiographie\/#respond"]}]},{"@type":"WebPage","@id":"https:\/\/www.leti.lt\/wordpress\/perso-johannabiographie\/","url":"https:\/\/www.leti.lt\/wordpress\/perso-johannabiographie\/","name":"Johanna, biographie - Le TILT","isPartOf":{"@id":"https:\/\/www.leti.lt\/wordpress\/#website"},"datePublished":"2020-02-16T14:30:34+00:00","dateModified":"2020-06-10T14:23:42+00:00","author":{"@id":"https:\/\/www.leti.lt\/wordpress\/#\/schema\/person\/9bb307b2af8fbb575bb3603e57951f75"},"breadcrumb":{"@id":"https:\/\/www.leti.lt\/wordpress\/perso-johannabiographie\/#breadcrumb"},"inLanguage":"fr-FR","potentialAction":[{"@type":"ReadAction","target":["https:\/\/www.leti.lt\/wordpress\/perso-johannabiographie\/"]}]},{"@type":"BreadcrumbList","@id":"https:\/\/www.leti.lt\/wordpress\/perso-johannabiographie\/#breadcrumb","itemListElement":[{"@type":"ListItem","position":1,"name":"Accueil","item":"https:\/\/www.leti.lt\/wordpress\/"},{"@type":"ListItem","position":2,"name":"Johanna, biographie"}]},{"@type":"WebSite","@id":"https:\/\/www.leti.lt\/wordpress\/#website","url":"https:\/\/www.leti.lt\/wordpress\/","name":"Le TILT","description":"Recherche, publication, cr\u00e9ation artistique","potentialAction":[{"@type":"SearchAction","target":{"@type":"EntryPoint","urlTemplate":"https:\/\/www.leti.lt\/wordpress\/?s={search_term_string}"},"query-input":{"@type":"PropertyValueSpecification","valueRequired":true,"valueName":"search_term_string"}}],"inLanguage":"fr-FR"},{"@type":"Person","@id":"https:\/\/www.leti.lt\/wordpress\/#\/schema\/person\/9bb307b2af8fbb575bb3603e57951f75","name":"Andr\u00e9ine Bel","image":{"@type":"ImageObject","inLanguage":"fr-FR","@id":"https:\/\/secure.gravatar.com\/avatar\/4ab041ec7c7ad3b90293023e86528ec1a700ce2971ff61811b2df6b288dd1f38?s=96&d=identicon&r=g","url":"https:\/\/secure.gravatar.com\/avatar\/4ab041ec7c7ad3b90293023e86528ec1a700ce2971ff61811b2df6b288dd1f38?s=96&d=identicon&r=g","contentUrl":"https:\/\/secure.gravatar.com\/avatar\/4ab041ec7c7ad3b90293023e86528ec1a700ce2971ff61811b2df6b288dd1f38?s=96&d=identicon&r=g","caption":"Andr\u00e9ine Bel"},"url":"https:\/\/www.leti.lt\/wordpress\/author\/andreine\/"}]}},"_links":{"self":[{"href":"https:\/\/www.leti.lt\/wordpress\/wp-json\/wp\/v2\/posts\/337","targetHints":{"allow":["GET"]}}],"collection":[{"href":"https:\/\/www.leti.lt\/wordpress\/wp-json\/wp\/v2\/posts"}],"about":[{"href":"https:\/\/www.leti.lt\/wordpress\/wp-json\/wp\/v2\/types\/post"}],"author":[{"embeddable":true,"href":"https:\/\/www.leti.lt\/wordpress\/wp-json\/wp\/v2\/users\/2"}],"replies":[{"embeddable":true,"href":"https:\/\/www.leti.lt\/wordpress\/wp-json\/wp\/v2\/comments?post=337"}],"version-history":[{"count":1,"href":"https:\/\/www.leti.lt\/wordpress\/wp-json\/wp\/v2\/posts\/337\/revisions"}],"predecessor-version":[{"id":741,"href":"https:\/\/www.leti.lt\/wordpress\/wp-json\/wp\/v2\/posts\/337\/revisions\/741"}],"wp:attachment":[{"href":"https:\/\/www.leti.lt\/wordpress\/wp-json\/wp\/v2\/media?parent=337"}],"wp:term":[{"taxonomy":"category","embeddable":true,"href":"https:\/\/www.leti.lt\/wordpress\/wp-json\/wp\/v2\/categories?post=337"},{"taxonomy":"post_tag","embeddable":true,"href":"https:\/\/www.leti.lt\/wordpress\/wp-json\/wp\/v2\/tags?post=337"}],"curies":[{"name":"wp","href":"https:\/\/api.w.org\/{rel}","templated":true}]}}