{"id":328,"date":"2020-02-16T15:30:34","date_gmt":"2020-02-16T14:30:34","guid":{"rendered":"https:\/\/www.leti.lt\/wordpress\/?p=328"},"modified":"2020-06-10T16:25:35","modified_gmt":"2020-06-10T14:25:35","slug":"perso-andreinebiographie","status":"publish","type":"post","link":"https:\/\/www.leti.lt\/wordpress\/perso-andreinebiographie\/","title":{"rendered":"Andr\u00e9ine Bel, biographie"},"content":{"rendered":"\n<p><a href=\"https:\/\/www.leti.lt\/wordpress\/perso-perso\/\">Per\u00adso<\/a> \u2192 <a href=\"https:\/\/www.leti.lt\/wordpress\/perso-andreine\/\">Andr\u00e9ine Bel<\/a><br><br>Andr\u00e9ine Bel<br><br>Cho\u00adr\u00e9\u00adgraphe<br><br>N\u00e9e en 1952 <br><br>Email&nbsp;: andreine.bel(arobase)gmail.com<br><br>Andr\u00e9ine Bel a&nbsp;\u00e9tu\u00addi\u00e9 la danse clas\u00adsique pen\u00addant dix ans. Elle a&nbsp;ensuite com\u00admen\u00adc\u00e9<br>ses recherches sur \u00ab&nbsp;le mou\u00adve\u00adment natu\u00adrel ins\u00adtinc\u00adtif&nbsp;\u00bb \u00e0&nbsp;par\u00adtir de l\u2019enseignement<br>d\u2019Itsuo Tsu\u00adda, expert sei\u00adtai for\u00adm\u00e9 au Japon par Haru\u00adchi\u00adka Nogu\u00adchi. A&nbsp;vingt ans, elle<br>\u00e9tu\u00addie la \u00ab&nbsp;Danse libre&nbsp;\u00bb avec son fon\u00adda\u00adteur, Fran\u00ad\u00e7ois Mal\u00adkovs\u00adky, dans la lign\u00e9e<br>d\u2019Isadora Dun\u00adcan. C\u2019est \u00e0&nbsp;cette \u00e9poque qu\u2019elle com\u00admence \u00e0&nbsp;ensei\u00adgner et<br>cho\u00adr\u00e9\u00adgra\u00adphier.<br><br>En 1978, elle \u00e9migre en Inde pour se consa\u00adcrer \u00e0&nbsp;l\u2019\u00e9tude du Kathak, danse clas\u00adsique<br>du nord de l\u2019Inde. Elle re\u00e7oit pen\u00addant 12 ans l\u2019enseignement de Pan\u00addit Bir\u00adju Maha\u00adraj<br>\u00e0 l\u2019institut Kathak Ken\u00addra de New Del\u00adhi.<br><br>\u00c0 la fin des ann\u00e9es 1980, elle ren\u00adcontre le com\u00adpo\u00adsi\u00adteur Andr\u00e9 Mou\u00adret (Ksha\u00adna I,<br>1990&nbsp;; Ksha\u00adna II, 1991&nbsp;; Okea\u00adnos, 1992) et tra\u00advaille sur la mul\u00adti\u00addi\u00admen\u00adsio\u00adna\u00adli\u00adt\u00e9 du<br>temps en cho\u00adr\u00e9\u00adgra\u00adphie (Zin\u00adde\u00adgi, 1992).<br><br>\u00c0 par\u00adtir de 1994, elle oriente sa recherche vers les approches inter\u00addis\u00adci\u00adpli\u00adnaires du<br>mou\u00adve\u00adment humain et de la cho\u00adr\u00e9\u00adgra\u00adphie contem\u00adpo\u00adraine, ins\u00adpi\u00adr\u00e9e en par\u00adtie par<br>l\u2019Anthropologie th\u00e9\u00e2\u00adtrale (Bar\u00adba &amp;&nbsp;Sava\u00adrese 1991). De retour en Inde, elle enseigne \u00e0<br>l\u2019\u00c9cole natio\u00adnale de th\u00e9\u00e2tre de New Del\u00adhi (NSD) et cr\u00e9e Cro\u00adnos au Centre Natio\u00adnal<br>des Arts du Spec\u00adtacle de Bom\u00adbay (NCPA). Voir les vid\u00e9os&nbsp;:<br>http:\/\/\u200bwiki\u200b.leti\u200b.lt\/\u200bV\u200ba\u200br\u200bi\u200ba\u200bt\u200bi\u200bo\u200bn\u200bs\u200b\/\u200bC\u200br\u200bo\u200bnos.<br><br>En 2005, elle ouvre un ate\u00adlier exp\u00e9\u00adri\u00admen\u00adtal et coop\u00e9\u00adra\u00adtif \u00e0&nbsp;Lam\u00adbesc puis Aix-en-Pro\u00advence (France)<br>r\u00e9unis\u00adsant dan\u00adseurs, com\u00e9\u00addiens, musi\u00adciens et peintres, pour \u00e9la\u00adbo\u00adrer le concept de<br>Danse forum qui tire son ins\u00adpi\u00adra\u00adtion du Th\u00e9\u00e2tre forum d\u2019Augusto Boal. Des<br>repr\u00e9\u00adsen\u00adta\u00adtions publiques de danse forum jalonnent ce tra\u00advail, dont la par\u00adti\u00adci\u00adpa\u00adtion<br>au fes\u00adti\u00adval du PBTM (Plus beau th\u00e9\u00e2tre du monde) en 2007 dans la r\u00e9gion de<br>For\u00adcal\u00adquier et en 2009 dans la r\u00e9gion de Per\u00adtuis, ain\u00adsi qu\u2019\u00e0 For\u00adcal\u00adquier en 2010 pour<br>le fes\u00adti\u00adval Ren\u00adtr\u00e9e nou\u00advelles, ras\u00adsem\u00adblant \u00e9di\u00adteurs et auteurs de nou\u00advelles.<br><br>L\u2019approche mul\u00adti\u00addis\u00adci\u00adpli\u00adnaire du groupe et le tra\u00advail sp\u00e9\u00adci\u00adfique avec les dan\u00adseurs de<br>la com\u00adpa\u00adgnie Prel\u00adjo\u00adcaj&nbsp;: Leo\u00adnar\u00addo Cen\u00adti, Emma Gus\u00adtaf\u00adsson, Toshi\u00adko Oiwa, ain\u00adsi<br>qu\u2019avec le musi\u00adcien com\u00adpo\u00adsi\u00adteur Etienne Cham\u00adpol\u00adlion, lui per\u00admettent d\u2019\u00e9laborer une<br>base du mou\u00adve\u00adment cen\u00adtr\u00e9e sur le concept de \u00ab&nbsp;l\u2019instant d\u00e9ci\u00adsif&nbsp;\u00bb (par\u00adta\u00adg\u00e9 par<br>A. Artaud, R. Bres\u00adson, H\u2011C. Bres\u00adson et G. Braque) et sur celui du \u00ab&nbsp;Corps sans<br>organes&nbsp;\u00bb (A. Artaud, G. Deleuze).<br><br>Ce tra\u00advail s\u2019est concr\u00e9\u00adti\u00ads\u00e9 par trois repr\u00e9\u00adsen\u00adta\u00adtions publiques lors des Affluents de 2006, 2007 et 2008, au Pavillon Noir d\u2019Aix-en- Pro\u00advence, et la cr\u00e9a\u00adtion d\u2019une vid\u00e9o-danse L130&nbsp;en 2010. Voir les vid\u00e9os&nbsp;:<br><br>http:\/\/\u200bwiki\u200b.leti\u200b.lt\/\u200bV\u200ba\u200br\u200bi\u200ba\u200bt\u200bi\u200bo\u200bn\u200bs\u200b\/\u200bT\u200bo\u200bs\u200bh\u200bi\u200bk\u200bo\u200bE\u200bt\u200bL\u200be\u200bo\u200b2\u200b006<br><br>http:\/\/\u200bwiki\u200b.leti\u200b.lt\/\u200bV\u200ba\u200br\u200bi\u200ba\u200bt\u200bi\u200bo\u200bn\u200bs\u200b\/\u200bU\u200bn\u200bJ\u200be\u200bN\u200be\u200bS\u200ba\u200bi\u200bs\u200bQ\u200buoi<br><br>http:\/\/\u200bwiki\u200b.leti\u200b.lt\/\u200bV\u200ba\u200br\u200bi\u200ba\u200bt\u200bi\u200bo\u200bn\u200bs\u200b\/\u200bL\u200b130<\/p>\n<p style=\"color:green; text-align:right !important;\">Article cr\u00e9\u00e9 le 16\/02\/2020 \u2013 modi\u00adfi\u00e9 le 10\/06\/2020<\/p>","protected":false},"excerpt":{"rendered":"<p>Per\u00adso \u2192 Andr\u00e9ine Bel Andr\u00e9ine Bel Cho\u00adr\u00e9\u00adgraphe N\u00e9e en&nbsp;1952&nbsp;Email&nbsp;: andreine.bel(arobase)gmail.com Andr\u00e9ine Bel a&nbsp;\u00e9tu\u00addi\u00e9 la danse clas\u00adsique pen\u00addant dix ans. Elle a&nbsp;ensuite com\u00admen\u00adc\u00e9ses recherches sur \u00ab&nbsp;le mou\u00adve\u00adment natu\u00adrel ins\u00adtinc\u00adtif&nbsp;\u00bb \u00e0&nbsp;par\u00adtir de l\u2019enseignementd\u2019Itsuo Tsu\u00adda, expert sei\u00adtai for\u00adm\u00e9 au Japon par Haru\u00adchi\u00adka Nogu\u00adchi. A&nbsp;vingt ans, elle\u00e9tu\u00addie la \u00ab&nbsp;Danse libre&nbsp;\u00bb avec son fon\u00adda\u00adteur, Fran\u00ad\u00e7ois Mal\u00adkovs\u00adky, dans la lign\u00e9ed\u2019Isadora Dun\u00adcan. C\u2019est \u00e0&nbsp;cette \u00e9poque qu\u2019elle com\u00admence \u00e0&nbsp;ensei\u00adgner etcho\u00adr\u00e9\u00adgra\u00adphier. En 1978, elle \u00e9migre en Inde pour se consa\u00adcrer \u00e0&nbsp;l\u2019\u00e9tude du Kathak, danse clas\u00adsiquedu nord de l\u2019Inde. [\u2026]<\/p>\n","protected":false},"author":2,"featured_media":0,"comment_status":"open","ping_status":"open","sticky":false,"template":"","format":"standard","meta":{"wp_typography_post_enhancements_disabled":false,"footnotes":""},"categories":[233],"tags":[167],"class_list":["post-328","post","type-post","status-publish","format-standard","hentry","category-biographie","tag-perso_andreine"],"yoast_head":"<!-- This site is optimized with the Yoast SEO plugin v27.5 - https:\/\/yoast.com\/product\/yoast-seo-wordpress\/ -->\n<title>Andr\u00e9ine Bel, biographie - Le TILT<\/title>\n<meta name=\"robots\" content=\"index, follow, max-snippet:-1, max-image-preview:large, max-video-preview:-1\" \/>\n<link rel=\"canonical\" href=\"https:\/\/www.leti.lt\/wordpress\/perso-andreinebiographie\/\" \/>\n<meta property=\"og:locale\" content=\"fr_FR\" \/>\n<meta property=\"og:type\" content=\"article\" \/>\n<meta property=\"og:title\" content=\"Andr\u00e9ine Bel, biographie - Le TILT\" \/>\n<meta property=\"og:description\" content=\"Per\u00adso \u2192 Andr\u00e9ine Bel Andr\u00e9ine Bel Cho\u00adr\u00e9\u00adgraphe N\u00e9e en&nbsp;1952&nbsp; Email&nbsp;: andreine.bel(arobase)gmail.com Andr\u00e9ine Bel a&nbsp;\u00e9tu\u00addi\u00e9 la danse clas\u00adsique pen\u00addant dix ans. Elle a&nbsp;ensuite com\u00admen\u00adc\u00e9ses recherches sur \u00ab&nbsp;le mou\u00adve\u00adment natu\u00adrel ins\u00adtinc\u00adtif&nbsp;\u00bb \u00e0&nbsp;par\u00adtir de l\u2019enseignementd\u2019Itsuo Tsu\u00adda, expert sei\u00adtai for\u00adm\u00e9 au Japon par Haru\u00adchi\u00adka Nogu\u00adchi. A&nbsp;vingt ans, elle\u00e9tu\u00addie la \u00ab&nbsp;Danse libre&nbsp;\u00bb avec son fon\u00adda\u00adteur, Fran\u00ad\u00e7ois Mal\u00adkovs\u00adky, dans la lign\u00e9ed\u2019Isadora Dun\u00adcan. C\u2019est \u00e0&nbsp;cette \u00e9poque qu\u2019elle com\u00admence \u00e0&nbsp;ensei\u00adgner etcho\u00adr\u00e9\u00adgra\u00adphier. En 1978, elle \u00e9migre en Inde pour se consa\u00adcrer \u00e0&nbsp;l\u2019\u00e9tude du Kathak, danse clas\u00adsiquedu nord de l\u2019Inde. [&hellip;]\" \/>\n<meta property=\"og:url\" content=\"https:\/\/www.leti.lt\/wordpress\/perso-andreinebiographie\/\" \/>\n<meta property=\"og:site_name\" content=\"Le TILT\" \/>\n<meta property=\"article:published_time\" content=\"2020-02-16T14:30:34+00:00\" \/>\n<meta property=\"article:modified_time\" content=\"2020-06-10T14:25:35+00:00\" \/>\n<meta name=\"author\" content=\"Andr\u00e9ine Bel\" \/>\n<meta name=\"twitter:card\" content=\"summary_large_image\" \/>\n<meta name=\"twitter:label1\" content=\"\u00c9crit par\" \/>\n\t<meta name=\"twitter:data1\" content=\"Andr\u00e9ine Bel\" \/>\n\t<meta name=\"twitter:label2\" content=\"Dur\u00e9e de lecture estim\u00e9e\" \/>\n\t<meta name=\"twitter:data2\" content=\"2 minutes\" \/>\n<script type=\"application\/ld+json\" class=\"yoast-schema-graph\">{\"@context\":\"https:\\\/\\\/schema.org\",\"@graph\":[{\"@type\":\"Article\",\"@id\":\"https:\\\/\\\/www.leti.lt\\\/wordpress\\\/perso-andreinebiographie\\\/#article\",\"isPartOf\":{\"@id\":\"https:\\\/\\\/www.leti.lt\\\/wordpress\\\/perso-andreinebiographie\\\/\"},\"author\":{\"name\":\"Andr\u00e9ine Bel\",\"@id\":\"https:\\\/\\\/www.leti.lt\\\/wordpress\\\/#\\\/schema\\\/person\\\/9bb307b2af8fbb575bb3603e57951f75\"},\"headline\":\"Andr\u00e9ine Bel, biographie\",\"datePublished\":\"2020-02-16T14:30:34+00:00\",\"dateModified\":\"2020-06-10T14:25:35+00:00\",\"mainEntityOfPage\":{\"@id\":\"https:\\\/\\\/www.leti.lt\\\/wordpress\\\/perso-andreinebiographie\\\/\"},\"wordCount\":427,\"commentCount\":0,\"keywords\":[\"Perso_Andreine\"],\"articleSection\":[\"Biographie\"],\"inLanguage\":\"fr-FR\",\"potentialAction\":[{\"@type\":\"CommentAction\",\"name\":\"Comment\",\"target\":[\"https:\\\/\\\/www.leti.lt\\\/wordpress\\\/perso-andreinebiographie\\\/#respond\"]}]},{\"@type\":\"WebPage\",\"@id\":\"https:\\\/\\\/www.leti.lt\\\/wordpress\\\/perso-andreinebiographie\\\/\",\"url\":\"https:\\\/\\\/www.leti.lt\\\/wordpress\\\/perso-andreinebiographie\\\/\",\"name\":\"Andr\u00e9ine Bel, biographie - Le TILT\",\"isPartOf\":{\"@id\":\"https:\\\/\\\/www.leti.lt\\\/wordpress\\\/#website\"},\"datePublished\":\"2020-02-16T14:30:34+00:00\",\"dateModified\":\"2020-06-10T14:25:35+00:00\",\"author\":{\"@id\":\"https:\\\/\\\/www.leti.lt\\\/wordpress\\\/#\\\/schema\\\/person\\\/9bb307b2af8fbb575bb3603e57951f75\"},\"breadcrumb\":{\"@id\":\"https:\\\/\\\/www.leti.lt\\\/wordpress\\\/perso-andreinebiographie\\\/#breadcrumb\"},\"inLanguage\":\"fr-FR\",\"potentialAction\":[{\"@type\":\"ReadAction\",\"target\":[\"https:\\\/\\\/www.leti.lt\\\/wordpress\\\/perso-andreinebiographie\\\/\"]}]},{\"@type\":\"BreadcrumbList\",\"@id\":\"https:\\\/\\\/www.leti.lt\\\/wordpress\\\/perso-andreinebiographie\\\/#breadcrumb\",\"itemListElement\":[{\"@type\":\"ListItem\",\"position\":1,\"name\":\"Accueil\",\"item\":\"https:\\\/\\\/www.leti.lt\\\/wordpress\\\/\"},{\"@type\":\"ListItem\",\"position\":2,\"name\":\"Andr\u00e9ine Bel, biographie\"}]},{\"@type\":\"WebSite\",\"@id\":\"https:\\\/\\\/www.leti.lt\\\/wordpress\\\/#website\",\"url\":\"https:\\\/\\\/www.leti.lt\\\/wordpress\\\/\",\"name\":\"Le TILT\",\"description\":\"Recherche, publication, cr\u00e9ation artistique\",\"potentialAction\":[{\"@type\":\"SearchAction\",\"target\":{\"@type\":\"EntryPoint\",\"urlTemplate\":\"https:\\\/\\\/www.leti.lt\\\/wordpress\\\/?s={search_term_string}\"},\"query-input\":{\"@type\":\"PropertyValueSpecification\",\"valueRequired\":true,\"valueName\":\"search_term_string\"}}],\"inLanguage\":\"fr-FR\"},{\"@type\":\"Person\",\"@id\":\"https:\\\/\\\/www.leti.lt\\\/wordpress\\\/#\\\/schema\\\/person\\\/9bb307b2af8fbb575bb3603e57951f75\",\"name\":\"Andr\u00e9ine Bel\",\"image\":{\"@type\":\"ImageObject\",\"inLanguage\":\"fr-FR\",\"@id\":\"https:\\\/\\\/secure.gravatar.com\\\/avatar\\\/4ab041ec7c7ad3b90293023e86528ec1a700ce2971ff61811b2df6b288dd1f38?s=96&d=identicon&r=g\",\"url\":\"https:\\\/\\\/secure.gravatar.com\\\/avatar\\\/4ab041ec7c7ad3b90293023e86528ec1a700ce2971ff61811b2df6b288dd1f38?s=96&d=identicon&r=g\",\"contentUrl\":\"https:\\\/\\\/secure.gravatar.com\\\/avatar\\\/4ab041ec7c7ad3b90293023e86528ec1a700ce2971ff61811b2df6b288dd1f38?s=96&d=identicon&r=g\",\"caption\":\"Andr\u00e9ine Bel\"},\"url\":\"https:\\\/\\\/www.leti.lt\\\/wordpress\\\/author\\\/andreine\\\/\"}]}<\/script>\n<!-- \/ Yoast SEO plugin. -->","yoast_head_json":{"title":"Andr\u00e9ine Bel, biographie - Le TILT","robots":{"index":"index","follow":"follow","max-snippet":"max-snippet:-1","max-image-preview":"max-image-preview:large","max-video-preview":"max-video-preview:-1"},"canonical":"https:\/\/www.leti.lt\/wordpress\/perso-andreinebiographie\/","og_locale":"fr_FR","og_type":"article","og_title":"Andr\u00e9ine Bel, biographie - Le TILT","og_description":"Per\u00adso \u2192 Andr\u00e9ine Bel Andr\u00e9ine Bel Cho\u00adr\u00e9\u00adgraphe N\u00e9e en&nbsp;1952&nbsp; Email&nbsp;: andreine.bel(arobase)gmail.com Andr\u00e9ine Bel a&nbsp;\u00e9tu\u00addi\u00e9 la danse clas\u00adsique pen\u00addant dix ans. Elle a&nbsp;ensuite com\u00admen\u00adc\u00e9ses recherches sur \u00ab&nbsp;le mou\u00adve\u00adment natu\u00adrel ins\u00adtinc\u00adtif&nbsp;\u00bb \u00e0&nbsp;par\u00adtir de l\u2019enseignementd\u2019Itsuo Tsu\u00adda, expert sei\u00adtai for\u00adm\u00e9 au Japon par Haru\u00adchi\u00adka Nogu\u00adchi. A&nbsp;vingt ans, elle\u00e9tu\u00addie la \u00ab&nbsp;Danse libre&nbsp;\u00bb avec son fon\u00adda\u00adteur, Fran\u00ad\u00e7ois Mal\u00adkovs\u00adky, dans la lign\u00e9ed\u2019Isadora Dun\u00adcan. C\u2019est \u00e0&nbsp;cette \u00e9poque qu\u2019elle com\u00admence \u00e0&nbsp;ensei\u00adgner etcho\u00adr\u00e9\u00adgra\u00adphier. En 1978, elle \u00e9migre en Inde pour se consa\u00adcrer \u00e0&nbsp;l\u2019\u00e9tude du Kathak, danse clas\u00adsiquedu nord de l\u2019Inde. [&hellip;]","og_url":"https:\/\/www.leti.lt\/wordpress\/perso-andreinebiographie\/","og_site_name":"Le TILT","article_published_time":"2020-02-16T14:30:34+00:00","article_modified_time":"2020-06-10T14:25:35+00:00","author":"Andr\u00e9ine Bel","twitter_card":"summary_large_image","twitter_misc":{"\u00c9crit par":"Andr\u00e9ine Bel","Dur\u00e9e de lecture estim\u00e9e":"2 minutes"},"schema":{"@context":"https:\/\/schema.org","@graph":[{"@type":"Article","@id":"https:\/\/www.leti.lt\/wordpress\/perso-andreinebiographie\/#article","isPartOf":{"@id":"https:\/\/www.leti.lt\/wordpress\/perso-andreinebiographie\/"},"author":{"name":"Andr\u00e9ine Bel","@id":"https:\/\/www.leti.lt\/wordpress\/#\/schema\/person\/9bb307b2af8fbb575bb3603e57951f75"},"headline":"Andr\u00e9ine Bel, biographie","datePublished":"2020-02-16T14:30:34+00:00","dateModified":"2020-06-10T14:25:35+00:00","mainEntityOfPage":{"@id":"https:\/\/www.leti.lt\/wordpress\/perso-andreinebiographie\/"},"wordCount":427,"commentCount":0,"keywords":["Perso_Andreine"],"articleSection":["Biographie"],"inLanguage":"fr-FR","potentialAction":[{"@type":"CommentAction","name":"Comment","target":["https:\/\/www.leti.lt\/wordpress\/perso-andreinebiographie\/#respond"]}]},{"@type":"WebPage","@id":"https:\/\/www.leti.lt\/wordpress\/perso-andreinebiographie\/","url":"https:\/\/www.leti.lt\/wordpress\/perso-andreinebiographie\/","name":"Andr\u00e9ine Bel, biographie - Le TILT","isPartOf":{"@id":"https:\/\/www.leti.lt\/wordpress\/#website"},"datePublished":"2020-02-16T14:30:34+00:00","dateModified":"2020-06-10T14:25:35+00:00","author":{"@id":"https:\/\/www.leti.lt\/wordpress\/#\/schema\/person\/9bb307b2af8fbb575bb3603e57951f75"},"breadcrumb":{"@id":"https:\/\/www.leti.lt\/wordpress\/perso-andreinebiographie\/#breadcrumb"},"inLanguage":"fr-FR","potentialAction":[{"@type":"ReadAction","target":["https:\/\/www.leti.lt\/wordpress\/perso-andreinebiographie\/"]}]},{"@type":"BreadcrumbList","@id":"https:\/\/www.leti.lt\/wordpress\/perso-andreinebiographie\/#breadcrumb","itemListElement":[{"@type":"ListItem","position":1,"name":"Accueil","item":"https:\/\/www.leti.lt\/wordpress\/"},{"@type":"ListItem","position":2,"name":"Andr\u00e9ine Bel, biographie"}]},{"@type":"WebSite","@id":"https:\/\/www.leti.lt\/wordpress\/#website","url":"https:\/\/www.leti.lt\/wordpress\/","name":"Le TILT","description":"Recherche, publication, cr\u00e9ation artistique","potentialAction":[{"@type":"SearchAction","target":{"@type":"EntryPoint","urlTemplate":"https:\/\/www.leti.lt\/wordpress\/?s={search_term_string}"},"query-input":{"@type":"PropertyValueSpecification","valueRequired":true,"valueName":"search_term_string"}}],"inLanguage":"fr-FR"},{"@type":"Person","@id":"https:\/\/www.leti.lt\/wordpress\/#\/schema\/person\/9bb307b2af8fbb575bb3603e57951f75","name":"Andr\u00e9ine Bel","image":{"@type":"ImageObject","inLanguage":"fr-FR","@id":"https:\/\/secure.gravatar.com\/avatar\/4ab041ec7c7ad3b90293023e86528ec1a700ce2971ff61811b2df6b288dd1f38?s=96&d=identicon&r=g","url":"https:\/\/secure.gravatar.com\/avatar\/4ab041ec7c7ad3b90293023e86528ec1a700ce2971ff61811b2df6b288dd1f38?s=96&d=identicon&r=g","contentUrl":"https:\/\/secure.gravatar.com\/avatar\/4ab041ec7c7ad3b90293023e86528ec1a700ce2971ff61811b2df6b288dd1f38?s=96&d=identicon&r=g","caption":"Andr\u00e9ine Bel"},"url":"https:\/\/www.leti.lt\/wordpress\/author\/andreine\/"}]}},"_links":{"self":[{"href":"https:\/\/www.leti.lt\/wordpress\/wp-json\/wp\/v2\/posts\/328","targetHints":{"allow":["GET"]}}],"collection":[{"href":"https:\/\/www.leti.lt\/wordpress\/wp-json\/wp\/v2\/posts"}],"about":[{"href":"https:\/\/www.leti.lt\/wordpress\/wp-json\/wp\/v2\/types\/post"}],"author":[{"embeddable":true,"href":"https:\/\/www.leti.lt\/wordpress\/wp-json\/wp\/v2\/users\/2"}],"replies":[{"embeddable":true,"href":"https:\/\/www.leti.lt\/wordpress\/wp-json\/wp\/v2\/comments?post=328"}],"version-history":[{"count":1,"href":"https:\/\/www.leti.lt\/wordpress\/wp-json\/wp\/v2\/posts\/328\/revisions"}],"predecessor-version":[{"id":746,"href":"https:\/\/www.leti.lt\/wordpress\/wp-json\/wp\/v2\/posts\/328\/revisions\/746"}],"wp:attachment":[{"href":"https:\/\/www.leti.lt\/wordpress\/wp-json\/wp\/v2\/media?parent=328"}],"wp:term":[{"taxonomy":"category","embeddable":true,"href":"https:\/\/www.leti.lt\/wordpress\/wp-json\/wp\/v2\/categories?post=328"},{"taxonomy":"post_tag","embeddable":true,"href":"https:\/\/www.leti.lt\/wordpress\/wp-json\/wp\/v2\/tags?post=328"}],"curies":[{"name":"wp","href":"https:\/\/api.w.org\/{rel}","templated":true}]}}