{"id":314,"date":"2020-02-16T15:30:34","date_gmt":"2020-02-16T14:30:34","guid":{"rendered":"https:\/\/www.leti.lt\/wordpress\/?p=314"},"modified":"2020-06-10T13:50:33","modified_gmt":"2020-06-10T11:50:33","slug":"evenements-rentreenouvelles","status":"publish","type":"post","link":"https:\/\/www.leti.lt\/wordpress\/evenements-rentreenouvelles\/","title":{"rendered":"Rentr\u00e9e Nouvelles"},"content":{"rendered":"\n<p>== Ate\u00adliers et danse forum publique dans le cadre du fes\u00adti\u00adval Ren\u00adtr\u00e9e Nou\u00advelles ==<br>Les 20, 21 et 22 ao\u00fbt \u00e0&nbsp;For\u00adcal\u00adquier (04)<br><br>http:\/\/\u200bwww\u200b.lek\u200bti\u200b-ecri\u200bture\u200b.com\/\u200bb\u200bl\u200bo\u200bg\u200bs\u200b\/\u200br\u200be\u200bn\u200bt\u200br\u200be\u200be\u200b-\u200bn\u200bo\u200bu\u200bv\u200be\u200bl\u200bl\u200bes\/<br><br>Le th\u00e8me de cette ann\u00e9e \u00ab&nbsp;\u00c9cri\u00adtures du corps, corps de l\u2019\u00e9criture&nbsp;\u00bb nous a&nbsp;don\u00adn\u00e9 envie de tra\u00advailler sur le lien entre danse et \u00e9cri\u00adture, danse forum et nou\u00advelle. Les ate\u00adliers que nous pro\u00adpo\u00adsons les ven\u00addre\u00addi 20 et same\u00addi 21 sont une pr\u00e9\u00adpa\u00adra\u00adtion \u00e0&nbsp;la danse forum publique du dimanche 22. Pour cela nous sou\u00adhai\u00adtons tra\u00advailler en inter\u00adac\u00adtion avec les auteurs, les \u00e9di\u00adteurs et le public int\u00e9\u00adres\u00ads\u00e9 par le th\u00e8me, sans dis\u00adtinc\u00adtion entre dan\u00adseurs confir\u00adm\u00e9s et novices.<br><br>La danse forum est une danse inter\u00adac\u00adtive avec le public. L\u2019\u00e9chauffement en danse forum consiste \u00e0&nbsp;accueillir en nous les sen\u00adsa\u00adtions phy\u00adsiques \u00ab&nbsp;pri\u00admaires&nbsp;\u00bb et les lais\u00adser \u0153uvrer pour nous mettre en mou\u00adve\u00adment. Le forum s\u2019articule sur l\u2019improvisation, expres\u00adsion sen\u00adsible de \u00ab&nbsp;l\u2019instant d\u00e9ci\u00adsif&nbsp;\u00bb. Cette tra\u00adjec\u00adtoire dans un espace-temps qui n\u2019est pas celui du quo\u00adti\u00addien, s\u2019inscrit dans une forme br\u00e8ve qui s\u2019apparente a&nbsp;celle de la nou\u00advelle en lit\u00adt\u00e9\u00adra\u00adture.<br><br>Les ate\u00adliers auront lieu les 20 et 21 de 14h00 \u00e0&nbsp;17h00, et la danse forum publique dimanche 22 de 14h00 \u00e0&nbsp;17h00 dans la salle de danse (cour des Arti\u00adsans).<br><br>Par\u00adti\u00adci\u00adpa\u00adtion&nbsp;libre.<\/p>\n<p style=\"color:green; text-align:right !important;\">Article cr\u00e9\u00e9 le 16\/02\/2020 \u2013 modi\u00adfi\u00e9 le 10\/06\/2020<\/p>","protected":false},"excerpt":{"rendered":"<p>== Ate\u00adliers et danse forum publique dans le cadre du fes\u00adti\u00adval Ren\u00adtr\u00e9e Nou\u00advelles ==Les 20, 21 et 22 ao\u00fbt \u00e0&nbsp;For\u00adcal\u00adquier (04) http:\/\/\u200bwww\u200b.lek\u200bti\u200b-ecri\u200bture\u200b.com\/\u200bb\u200bl\u200bo\u200bg\u200bs\u200b\/\u200br\u200be\u200bn\u200bt\u200br\u200be\u200be\u200b\u2013\u200an\u200bo\u200bu\u200bv\u200be\u200bl\u200bl\u200bes\/ Le th\u00e8me de cette ann\u00e9e \u00ab&nbsp;\u00c9cri\u00adtures du corps, corps de l\u2019\u00e9criture&nbsp;\u00bb nous a&nbsp;don\u00adn\u00e9 envie de tra\u00advailler sur le lien entre danse et \u00e9cri\u00adture, danse forum et nou\u00advelle. Les ate\u00adliers que nous pro\u00adpo\u00adsons les ven\u00addre\u00addi 20 et same\u00addi 21 sont une pr\u00e9\u00adpa\u00adra\u00adtion \u00e0&nbsp;la danse forum publique du dimanche 22. Pour cela nous sou\u00adhai\u00adtons tra\u00advailler en inter\u00adac\u00adtion avec les auteurs,&nbsp;[\u2026]<\/p>\n","protected":false},"author":2,"featured_media":0,"comment_status":"open","ping_status":"open","sticky":false,"template":"","format":"standard","meta":{"wp_typography_post_enhancements_disabled":false,"footnotes":""},"categories":[132],"tags":[61],"class_list":["post-314","post","type-post","status-publish","format-standard","hentry","category-ateliers_forcalquier","tag-evenements_misc_"],"yoast_head":"<!-- This site is optimized with the Yoast SEO plugin v27.5 - https:\/\/yoast.com\/product\/yoast-seo-wordpress\/ -->\n<title>Rentr\u00e9e Nouvelles - Le TILT<\/title>\n<meta name=\"robots\" content=\"index, follow, max-snippet:-1, max-image-preview:large, max-video-preview:-1\" \/>\n<link rel=\"canonical\" href=\"https:\/\/www.leti.lt\/wordpress\/evenements-rentreenouvelles\/\" \/>\n<meta property=\"og:locale\" content=\"fr_FR\" \/>\n<meta property=\"og:type\" content=\"article\" \/>\n<meta property=\"og:title\" content=\"Rentr\u00e9e Nouvelles - Le TILT\" \/>\n<meta property=\"og:description\" content=\"== Ate\u00adliers et danse forum publique dans le cadre du fes\u00adti\u00adval Ren\u00adtr\u00e9e Nou\u00advelles ==Les 20, 21 et 22 ao\u00fbt \u00e0&nbsp;For\u00adcal\u00adquier (04) http:\/\/\u200bwww\u200b.lek\u200bti\u200b-ecri\u200bture\u200b.com\/\u200bb\u200bl\u200bo\u200bg\u200bs\u200b\/\u200br\u200be\u200bn\u200bt\u200br\u200be\u200be\u200b-\u200bn\u200bo\u200bu\u200bv\u200be\u200bl\u200bl\u200bes\/ Le th\u00e8me de cette ann\u00e9e \u00ab&nbsp;\u00c9cri\u00adtures du corps, corps de l\u2019\u00e9criture&nbsp;\u00bb nous a&nbsp;don\u00adn\u00e9 envie de tra\u00advailler sur le lien entre danse et \u00e9cri\u00adture, danse forum et nou\u00advelle. Les ate\u00adliers que nous pro\u00adpo\u00adsons les ven\u00addre\u00addi 20 et same\u00addi 21 sont une pr\u00e9\u00adpa\u00adra\u00adtion \u00e0&nbsp;la danse forum publique du dimanche 22. Pour cela nous sou\u00adhai\u00adtons tra\u00advailler en inter\u00adac\u00adtion avec les auteurs, [&hellip;]\" \/>\n<meta property=\"og:url\" content=\"https:\/\/www.leti.lt\/wordpress\/evenements-rentreenouvelles\/\" \/>\n<meta property=\"og:site_name\" content=\"Le TILT\" \/>\n<meta property=\"article:published_time\" content=\"2020-02-16T14:30:34+00:00\" \/>\n<meta property=\"article:modified_time\" content=\"2020-06-10T11:50:33+00:00\" \/>\n<meta name=\"author\" content=\"Andr\u00e9ine Bel\" \/>\n<meta name=\"twitter:card\" content=\"summary_large_image\" \/>\n<meta name=\"twitter:label1\" content=\"\u00c9crit par\" \/>\n\t<meta name=\"twitter:data1\" content=\"Andr\u00e9ine Bel\" \/>\n\t<meta name=\"twitter:label2\" content=\"Dur\u00e9e de lecture estim\u00e9e\" \/>\n\t<meta name=\"twitter:data2\" content=\"1 minute\" \/>\n<script type=\"application\/ld+json\" class=\"yoast-schema-graph\">{\"@context\":\"https:\\\/\\\/schema.org\",\"@graph\":[{\"@type\":\"Article\",\"@id\":\"https:\\\/\\\/www.leti.lt\\\/wordpress\\\/evenements-rentreenouvelles\\\/#article\",\"isPartOf\":{\"@id\":\"https:\\\/\\\/www.leti.lt\\\/wordpress\\\/evenements-rentreenouvelles\\\/\"},\"author\":{\"name\":\"Andr\u00e9ine Bel\",\"@id\":\"https:\\\/\\\/www.leti.lt\\\/wordpress\\\/#\\\/schema\\\/person\\\/9bb307b2af8fbb575bb3603e57951f75\"},\"headline\":\"Rentr\u00e9e Nouvelles\",\"datePublished\":\"2020-02-16T14:30:34+00:00\",\"dateModified\":\"2020-06-10T11:50:33+00:00\",\"mainEntityOfPage\":{\"@id\":\"https:\\\/\\\/www.leti.lt\\\/wordpress\\\/evenements-rentreenouvelles\\\/\"},\"wordCount\":213,\"commentCount\":0,\"keywords\":[\"Evenements_misc_\"],\"articleSection\":[\"Ateliers Forcalquier\"],\"inLanguage\":\"fr-FR\",\"potentialAction\":[{\"@type\":\"CommentAction\",\"name\":\"Comment\",\"target\":[\"https:\\\/\\\/www.leti.lt\\\/wordpress\\\/evenements-rentreenouvelles\\\/#respond\"]}]},{\"@type\":\"WebPage\",\"@id\":\"https:\\\/\\\/www.leti.lt\\\/wordpress\\\/evenements-rentreenouvelles\\\/\",\"url\":\"https:\\\/\\\/www.leti.lt\\\/wordpress\\\/evenements-rentreenouvelles\\\/\",\"name\":\"Rentr\u00e9e Nouvelles - Le TILT\",\"isPartOf\":{\"@id\":\"https:\\\/\\\/www.leti.lt\\\/wordpress\\\/#website\"},\"datePublished\":\"2020-02-16T14:30:34+00:00\",\"dateModified\":\"2020-06-10T11:50:33+00:00\",\"author\":{\"@id\":\"https:\\\/\\\/www.leti.lt\\\/wordpress\\\/#\\\/schema\\\/person\\\/9bb307b2af8fbb575bb3603e57951f75\"},\"breadcrumb\":{\"@id\":\"https:\\\/\\\/www.leti.lt\\\/wordpress\\\/evenements-rentreenouvelles\\\/#breadcrumb\"},\"inLanguage\":\"fr-FR\",\"potentialAction\":[{\"@type\":\"ReadAction\",\"target\":[\"https:\\\/\\\/www.leti.lt\\\/wordpress\\\/evenements-rentreenouvelles\\\/\"]}]},{\"@type\":\"BreadcrumbList\",\"@id\":\"https:\\\/\\\/www.leti.lt\\\/wordpress\\\/evenements-rentreenouvelles\\\/#breadcrumb\",\"itemListElement\":[{\"@type\":\"ListItem\",\"position\":1,\"name\":\"Accueil\",\"item\":\"https:\\\/\\\/www.leti.lt\\\/wordpress\\\/\"},{\"@type\":\"ListItem\",\"position\":2,\"name\":\"Rentr\u00e9e Nouvelles\"}]},{\"@type\":\"WebSite\",\"@id\":\"https:\\\/\\\/www.leti.lt\\\/wordpress\\\/#website\",\"url\":\"https:\\\/\\\/www.leti.lt\\\/wordpress\\\/\",\"name\":\"Le TILT\",\"description\":\"Recherche, publication, cr\u00e9ation artistique\",\"potentialAction\":[{\"@type\":\"SearchAction\",\"target\":{\"@type\":\"EntryPoint\",\"urlTemplate\":\"https:\\\/\\\/www.leti.lt\\\/wordpress\\\/?s={search_term_string}\"},\"query-input\":{\"@type\":\"PropertyValueSpecification\",\"valueRequired\":true,\"valueName\":\"search_term_string\"}}],\"inLanguage\":\"fr-FR\"},{\"@type\":\"Person\",\"@id\":\"https:\\\/\\\/www.leti.lt\\\/wordpress\\\/#\\\/schema\\\/person\\\/9bb307b2af8fbb575bb3603e57951f75\",\"name\":\"Andr\u00e9ine Bel\",\"image\":{\"@type\":\"ImageObject\",\"inLanguage\":\"fr-FR\",\"@id\":\"https:\\\/\\\/secure.gravatar.com\\\/avatar\\\/4ab041ec7c7ad3b90293023e86528ec1a700ce2971ff61811b2df6b288dd1f38?s=96&d=identicon&r=g\",\"url\":\"https:\\\/\\\/secure.gravatar.com\\\/avatar\\\/4ab041ec7c7ad3b90293023e86528ec1a700ce2971ff61811b2df6b288dd1f38?s=96&d=identicon&r=g\",\"contentUrl\":\"https:\\\/\\\/secure.gravatar.com\\\/avatar\\\/4ab041ec7c7ad3b90293023e86528ec1a700ce2971ff61811b2df6b288dd1f38?s=96&d=identicon&r=g\",\"caption\":\"Andr\u00e9ine Bel\"},\"url\":\"https:\\\/\\\/www.leti.lt\\\/wordpress\\\/author\\\/andreine\\\/\"}]}<\/script>\n<!-- \/ Yoast SEO plugin. -->","yoast_head_json":{"title":"Rentr\u00e9e Nouvelles - Le TILT","robots":{"index":"index","follow":"follow","max-snippet":"max-snippet:-1","max-image-preview":"max-image-preview:large","max-video-preview":"max-video-preview:-1"},"canonical":"https:\/\/www.leti.lt\/wordpress\/evenements-rentreenouvelles\/","og_locale":"fr_FR","og_type":"article","og_title":"Rentr\u00e9e Nouvelles - Le TILT","og_description":"== Ate\u00adliers et danse forum publique dans le cadre du fes\u00adti\u00adval Ren\u00adtr\u00e9e Nou\u00advelles ==Les 20, 21 et 22 ao\u00fbt \u00e0&nbsp;For\u00adcal\u00adquier (04) http:\/\/\u200bwww\u200b.lek\u200bti\u200b-ecri\u200bture\u200b.com\/\u200bb\u200bl\u200bo\u200bg\u200bs\u200b\/\u200br\u200be\u200bn\u200bt\u200br\u200be\u200be\u200b-\u200bn\u200bo\u200bu\u200bv\u200be\u200bl\u200bl\u200bes\/ Le th\u00e8me de cette ann\u00e9e \u00ab&nbsp;\u00c9cri\u00adtures du corps, corps de l\u2019\u00e9criture&nbsp;\u00bb nous a&nbsp;don\u00adn\u00e9 envie de tra\u00advailler sur le lien entre danse et \u00e9cri\u00adture, danse forum et nou\u00advelle. Les ate\u00adliers que nous pro\u00adpo\u00adsons les ven\u00addre\u00addi 20 et same\u00addi 21 sont une pr\u00e9\u00adpa\u00adra\u00adtion \u00e0&nbsp;la danse forum publique du dimanche 22. Pour cela nous sou\u00adhai\u00adtons tra\u00advailler en inter\u00adac\u00adtion avec les auteurs, [&hellip;]","og_url":"https:\/\/www.leti.lt\/wordpress\/evenements-rentreenouvelles\/","og_site_name":"Le TILT","article_published_time":"2020-02-16T14:30:34+00:00","article_modified_time":"2020-06-10T11:50:33+00:00","author":"Andr\u00e9ine Bel","twitter_card":"summary_large_image","twitter_misc":{"\u00c9crit par":"Andr\u00e9ine Bel","Dur\u00e9e de lecture estim\u00e9e":"1 minute"},"schema":{"@context":"https:\/\/schema.org","@graph":[{"@type":"Article","@id":"https:\/\/www.leti.lt\/wordpress\/evenements-rentreenouvelles\/#article","isPartOf":{"@id":"https:\/\/www.leti.lt\/wordpress\/evenements-rentreenouvelles\/"},"author":{"name":"Andr\u00e9ine Bel","@id":"https:\/\/www.leti.lt\/wordpress\/#\/schema\/person\/9bb307b2af8fbb575bb3603e57951f75"},"headline":"Rentr\u00e9e Nouvelles","datePublished":"2020-02-16T14:30:34+00:00","dateModified":"2020-06-10T11:50:33+00:00","mainEntityOfPage":{"@id":"https:\/\/www.leti.lt\/wordpress\/evenements-rentreenouvelles\/"},"wordCount":213,"commentCount":0,"keywords":["Evenements_misc_"],"articleSection":["Ateliers Forcalquier"],"inLanguage":"fr-FR","potentialAction":[{"@type":"CommentAction","name":"Comment","target":["https:\/\/www.leti.lt\/wordpress\/evenements-rentreenouvelles\/#respond"]}]},{"@type":"WebPage","@id":"https:\/\/www.leti.lt\/wordpress\/evenements-rentreenouvelles\/","url":"https:\/\/www.leti.lt\/wordpress\/evenements-rentreenouvelles\/","name":"Rentr\u00e9e Nouvelles - Le TILT","isPartOf":{"@id":"https:\/\/www.leti.lt\/wordpress\/#website"},"datePublished":"2020-02-16T14:30:34+00:00","dateModified":"2020-06-10T11:50:33+00:00","author":{"@id":"https:\/\/www.leti.lt\/wordpress\/#\/schema\/person\/9bb307b2af8fbb575bb3603e57951f75"},"breadcrumb":{"@id":"https:\/\/www.leti.lt\/wordpress\/evenements-rentreenouvelles\/#breadcrumb"},"inLanguage":"fr-FR","potentialAction":[{"@type":"ReadAction","target":["https:\/\/www.leti.lt\/wordpress\/evenements-rentreenouvelles\/"]}]},{"@type":"BreadcrumbList","@id":"https:\/\/www.leti.lt\/wordpress\/evenements-rentreenouvelles\/#breadcrumb","itemListElement":[{"@type":"ListItem","position":1,"name":"Accueil","item":"https:\/\/www.leti.lt\/wordpress\/"},{"@type":"ListItem","position":2,"name":"Rentr\u00e9e Nouvelles"}]},{"@type":"WebSite","@id":"https:\/\/www.leti.lt\/wordpress\/#website","url":"https:\/\/www.leti.lt\/wordpress\/","name":"Le TILT","description":"Recherche, publication, cr\u00e9ation artistique","potentialAction":[{"@type":"SearchAction","target":{"@type":"EntryPoint","urlTemplate":"https:\/\/www.leti.lt\/wordpress\/?s={search_term_string}"},"query-input":{"@type":"PropertyValueSpecification","valueRequired":true,"valueName":"search_term_string"}}],"inLanguage":"fr-FR"},{"@type":"Person","@id":"https:\/\/www.leti.lt\/wordpress\/#\/schema\/person\/9bb307b2af8fbb575bb3603e57951f75","name":"Andr\u00e9ine Bel","image":{"@type":"ImageObject","inLanguage":"fr-FR","@id":"https:\/\/secure.gravatar.com\/avatar\/4ab041ec7c7ad3b90293023e86528ec1a700ce2971ff61811b2df6b288dd1f38?s=96&d=identicon&r=g","url":"https:\/\/secure.gravatar.com\/avatar\/4ab041ec7c7ad3b90293023e86528ec1a700ce2971ff61811b2df6b288dd1f38?s=96&d=identicon&r=g","contentUrl":"https:\/\/secure.gravatar.com\/avatar\/4ab041ec7c7ad3b90293023e86528ec1a700ce2971ff61811b2df6b288dd1f38?s=96&d=identicon&r=g","caption":"Andr\u00e9ine Bel"},"url":"https:\/\/www.leti.lt\/wordpress\/author\/andreine\/"}]}},"_links":{"self":[{"href":"https:\/\/www.leti.lt\/wordpress\/wp-json\/wp\/v2\/posts\/314","targetHints":{"allow":["GET"]}}],"collection":[{"href":"https:\/\/www.leti.lt\/wordpress\/wp-json\/wp\/v2\/posts"}],"about":[{"href":"https:\/\/www.leti.lt\/wordpress\/wp-json\/wp\/v2\/types\/post"}],"author":[{"embeddable":true,"href":"https:\/\/www.leti.lt\/wordpress\/wp-json\/wp\/v2\/users\/2"}],"replies":[{"embeddable":true,"href":"https:\/\/www.leti.lt\/wordpress\/wp-json\/wp\/v2\/comments?post=314"}],"version-history":[{"count":1,"href":"https:\/\/www.leti.lt\/wordpress\/wp-json\/wp\/v2\/posts\/314\/revisions"}],"predecessor-version":[{"id":683,"href":"https:\/\/www.leti.lt\/wordpress\/wp-json\/wp\/v2\/posts\/314\/revisions\/683"}],"wp:attachment":[{"href":"https:\/\/www.leti.lt\/wordpress\/wp-json\/wp\/v2\/media?parent=314"}],"wp:term":[{"taxonomy":"category","embeddable":true,"href":"https:\/\/www.leti.lt\/wordpress\/wp-json\/wp\/v2\/categories?post=314"},{"taxonomy":"post_tag","embeddable":true,"href":"https:\/\/www.leti.lt\/wordpress\/wp-json\/wp\/v2\/tags?post=314"}],"curies":[{"name":"wp","href":"https:\/\/api.w.org\/{rel}","templated":true}]}}