{"id":311,"date":"2020-02-16T15:30:34","date_gmt":"2020-02-16T14:30:34","guid":{"rendered":"https:\/\/www.leti.lt\/wordpress\/?p=311"},"modified":"2020-06-10T14:09:34","modified_gmt":"2020-06-10T12:09:34","slug":"evenements-ladanseforummiseenforum","status":"publish","type":"post","link":"https:\/\/www.leti.lt\/wordpress\/evenements-ladanseforummiseenforum\/","title":{"rendered":"La danse forum mise en&nbsp;forum"},"content":{"rendered":"\n<p><a href=\"https:\/\/www.leti.lt\/wordpress\/evenements-evenements\/\">Ev\u00e9\u00adne\u00adments<\/a><br>\u2192<a href=\"https:\/\/www.leti.lt\/wordpress\/evenements-lintensite\/\">L\u2019intensit\u00e9 \u2013 3&nbsp;juin 2007<\/a><br><br>!!L\u2019intensit\u00e9 \u2013 3&nbsp;juin 2007<br><br>La jour\u00adn\u00e9e \u00e0&nbsp;Lam\u00adbesc fut intense, \u00e0&nbsp;tous points de vue, \u00e0&nbsp;tous les<br>\u00e9tages, dans la forme comme dans le fond, du d\u00e9but \u00e0&nbsp;la fin. M\u00eame le<br>soleil \u00e9tait intense, et par suite la fra\u00ee\u00adcheur \u00e0&nbsp;l\u2019int\u00e9rieur de la<br>pi\u00e8ce.\u2026<br><br><i>LA CONCERTATION<\/i><br><br><i>1- Les objec\u00adtifs de la danse forum<\/i><br><br>Reve\u00adnir aux objec\u00adtifs nous a&nbsp;paru n\u00e9ces\u00adsaire&nbsp;: la trans\u00admis\u00adsion est<br>impos\u00adsible sans l\u2019\u00e9laboration de l\u2019outil qui per\u00admet l\u2019\u0153uvre.<br><br><i>a -<\/i> Un espace de s\u00e9cu\u00adri\u00adt\u00e9, o\u00f9 la cr\u00e9a\u00adti\u00advi\u00adt\u00e9 peut s\u2019exercer sans<br>risque d\u2019\u00eatre jug\u00e9e, tout en \u00e9tant \u00e9va\u00adlu\u00e9e, de fa\u00e7on \u00e0&nbsp;\u00eatre tir\u00e9e<br>vers le haut plu\u00adt\u00f4t que nivel\u00adl\u00e9e par le bas.<br><br>Le regard don\u00adn\u00e9 par le spec\u00adta\u00addan\u00adseur, comme par le dan\u00adseur, est<br>struc\u00adtu\u00adrant lorsqu\u2019il est non jugeant ET \u00e9va\u00adluant.<br><br>La pierre d\u2019achoppement de cette contra\u00addic\u00adtion appa\u00adrente entre<br>non-juge\u00adment et \u00e9va\u00adlua\u00adtion r\u00e9side dans le \u00ab&nbsp;droit \u00e0&nbsp;l\u2019erreur&nbsp;\u00bb&nbsp;: c\u2019est<br>un (en)droit fon\u00adda\u00admen\u00adtal, garant de notre authen\u00adti\u00adci\u00adt\u00e9 et sans lequel<br>toute am\u00e9\u00adlio\u00adra\u00adtion ne peut \u00eatre que le fruit d\u2019une vio\u00adlence faite \u00e0<br>soi comme \u00e0&nbsp;l\u2019autre. Conscien\u00adti\u00adser l\u2019erreur am\u00e8ne un d\u00e9but d\u2019am\u00e9lioration.<br>Cela revient \u00e0 \u00ab&nbsp;huma\u00adni\u00adser&nbsp;\u00bb l\u2019erreur, la r\u00e9con\u00adcil\u00adlier avec soi et autrui.<br><br>Le droit \u00e0&nbsp;l\u2019erreur, c\u2019est la d\u00e9mo\u00adcra\u00adtie dans le monde de l\u2019art, o\u00f9<br>ce qui prime est le che\u00admin par\u00adcou\u00adru plu\u00adt\u00f4t que la cota\u00adtion d\u2019une<br>\u0153uvre. Hors des situa\u00adtions d\u2019urgence et de dan\u00adger, c\u2019est le grain de<br>sable dans toute pen\u00ads\u00e9e \u00e0&nbsp;ten\u00addance extr\u00ea\u00admiste. Bref, le droit \u00e0<br>l\u2019erreur est reven\u00addi\u00adqu\u00e9 en danse forum, et devrait l\u2019\u00eatre lorsqu\u2019il<br>est en risque d\u2019extinction.<br><br><i>b -<\/i> Rendre la danse \u00e0&nbsp;la vie. Accueillir et inclure nos fai\u00adblesses<br>et nos troubles, nos angoisses et nos ten\u00adsions, nos ratages comme<br>source de cr\u00e9a\u00adtion. Renon\u00adcer \u00e0&nbsp;ce lis\u00adsage de la vie qui entraine le<br>lis\u00adsage de la danse. Recon\u00adnec\u00adter la danse, la vie, \u00e0&nbsp;sa (leur)<br>com\u00adplexi\u00adt\u00e9. La sim\u00adpli\u00adfi\u00adca\u00adtion du vivant est le plus sou\u00advent<br>fas\u00adci\u00adsante, cas\u00adtra\u00adtrice, alors que sa com\u00adplexi\u00adt\u00e9 rime avec cr\u00e9a\u00adti\u00advi\u00adt\u00e9.<br><br><i>c -<\/i> Redon\u00adner place et voix \u00e0&nbsp;l\u2019involontaire. L\u2019involontaire n\u2019est pas<br>ce Loup Garou qui serait cach\u00e9 en cha\u00adcun de nous, pr\u00eat \u00e0&nbsp;toutes les<br>folies dans une fureur des\u00adtruc\u00adtrice. L\u2019involontaire est cette source<br>de cr\u00e9a\u00adti\u00advi\u00adt\u00e9 sans laquelle l\u2019art ne peut \u00eatre. Copain avec<br>l\u2019inconscient, l\u2019involontaire est ce qui nous relie \u00e0&nbsp;notre m\u00e9moire,<br>\u00e0 nos sens, \u00e0&nbsp;notre intui\u00adtion en une adap\u00adta\u00adtion constante vis-\u00e0-vis<br>de notre envi\u00adron\u00adne\u00adment affec\u00adtif, social et cultu\u00adrel.<br><br>L\u2019un de nous disait sa sur\u00adprise de voir l\u2019involontaire agir&nbsp;: les<br>\u00e9l\u00e9\u00adments se mettent en place, comme les poudres et les m\u00e8ches d\u2019une<br>fus\u00e9e, mais le feu d\u2019artifice nous \u00e9chappe et \u00e9tonne tou\u00adjours. Seul<br>l\u2019artificier (ici l\u2019organisme) conna\u00eet la recette, et elle reste<br>incon\u00adnue au conscient et \u00e0&nbsp;la volon\u00adt\u00e9.<br><br>Puis nous en sommes venus au d\u00e9rou\u00adle\u00adment de l\u2019atelier de danse forum.<br><br><i>2 \u2013 La mise en route<\/i><br><br><i>a -<\/i> Elle est \u00e0&nbsp;pr\u00e9\u00adsent bien r\u00f4d\u00e9e. L\u2019un d\u2019entre nous se deman\u00addait<br>la veille si elle ne deve\u00adnait pas st\u00e9\u00adrile. Nous nous sommes ren\u00addus<br>compte qu\u2019elle \u00e9vo\u00adluait \u00e0&nbsp;chaque ate\u00adlier, cher\u00adchant tou\u00adjours les mots<br>et concepts mini\u00admaux, n\u00e9ces\u00adsaires et suf\u00adfi\u00adsants pour don\u00adner<br>sim\u00adple\u00adment l\u2019espace \u00e0&nbsp;chaque par\u00adti\u00adci\u00adpant de se connec\u00adter avec<br>lui-m\u00eame et avec les autres.<br><br>Elle peut deve\u00adnir st\u00e9\u00adrile face aux nou\u00adveaux-venus \u00e0&nbsp;l\u2019atelier, qui<br>d\u00e9barquent for\u00adcem\u00adment avec leur vision de la danse et de<br>l\u2019\u00e9chauffement, le plus sou\u00advent \u00e0&nbsp;l\u2019exact oppo\u00ads\u00e9 de ce qui est<br>pro\u00adpo\u00ads\u00e9 ici. Le risque de fonc\u00adtion\u00adner en interne ne peut que nous<br>inter\u00adpe\u00adler. Nous avons besoin des regards nou\u00adveaux.<br><br>Nous nous sommes deman\u00add\u00e9s s\u2019il fal\u00adlait adou\u00adcir cette entr\u00e9e en<br>mati\u00e8re, par des exer\u00adcices qui vise\u00adraient \u00e0&nbsp;faire aller peu \u00e0&nbsp;peu le<br>d\u00e9bu\u00adtant vers ses sen\u00adsa\u00adtions, son invo\u00adlon\u00adtaire etc. Mais cela nous<br>est apa\u00adru comme un arti\u00adfice qui ris\u00adquait de noyer le pois\u00adson en<br>vou\u00adlant le sau\u00adver. Per\u00adsonne ne peut faire le tra\u00advail \u00e0&nbsp;la place<br>d\u2019autrui, ce ren\u00addez-vous avec soi-m\u00eame est incon\u00adtour\u00adnable dans cette<br>approche de la danse bas\u00e9e sur les sen\u00adsa\u00adtions, plus que sur<br>l\u2019imaginaire qui les module \u00e0&nbsp;volon\u00adt\u00e9.<br><br>La prin\u00adci\u00adpale dif\u00adfi\u00adcul\u00adt\u00e9 des nou\u00adveaux-venus nous est appa\u00adrue \u00eatre<br>dans l\u2019apparente faci\u00adli\u00adt\u00e9 de ce pre\u00admier exer\u00adcice&nbsp;: se relier \u00e0&nbsp;nos<br>sen\u00adsa\u00adtions et lais\u00adser agir. Cela sonne comme tel\u00adle\u00adment \u00e9vident et<br>sim\u00adpliste que la per\u00adsonne ne com\u00adprend pas qu\u2019elle ne puisse y<br>arri\u00adver, ni y&nbsp;trou\u00adver d\u2019int\u00e9r\u00eat. Aus\u00adsi nous nous sommes don\u00adn\u00e9s la<br>consigne de pr\u00e9\u00adve\u00adnir que cet exer\u00adcice est le plus dif\u00adfi\u00adcile de tous,<br>mais incon\u00adtour\u00adnable, et que les autres exer\u00adcices en d\u00e9pendent. Un<br>homme aver\u00adti en vaut dix.<br><br><i>b -<\/i> L\u2019\u00e9mergence du mot venant des sen\u00adsa\u00adtions doit se faire<br>d\u2019elle-m\u00eame. Pareille\u00adment pour \u00eatre for\u00admu\u00adl\u00e9e \u00e0&nbsp;voix haute, de fa\u00e7on<br>\u00e0 \u00eatre enten\u00addue par les autres par\u00adti\u00adci\u00adpants.<br><br><i>c -<\/i> L\u2019\u00e9mergence du th\u00e8me ob\u00e9it \u00e0&nbsp;la m\u00eame n\u00e9ces\u00adsi\u00adt\u00e9. Il ne doit pas<br>\u00eatre celui d\u2019un indi\u00advi\u00addu, mais celui qui na\u00eet de la concer\u00adta\u00adtion des<br>indi\u00advi\u00addus.<br><br><i>3 \u2013 Le forum<\/i><br><br><i>a -<\/i> Que se passe-t-il si le spec\u00adta\u00addan\u00adseur s\u2019ennuit&nbsp;? Les dis\u00adcours,<br>remon\u00adtrances et juge\u00adments n\u2019\u00e9tant pas de mise, la solu\u00adtion la plus<br>adap\u00adt\u00e9e a&nbsp;d\u00e9j\u00e0 \u00e9t\u00e9 don\u00adn\u00e9e en danse forum&nbsp;: le spec\u00adta\u00addan\u00adseur peut<br>entrer dans l\u2019espace sc\u00e9\u00adnique \u00e0&nbsp;tout moment, faire de nou\u00advelles<br>pro\u00adpo\u00adsi\u00adtions, en s\u2019ajoutant ou en rem\u00adpla\u00ad\u00e7ant un dan\u00adseur pour faire<br>\u00e9vo\u00adluer la situa\u00adtion. S\u2019il y&nbsp;renonce, c\u2019est qu\u2019il \u00e9va\u00adlue que l\u2019ennui<br>peut \u00eatre source de prise de conscience, voire de cr\u00e9a\u00adti\u00advi\u00adt\u00e9. Le<br>bilan \u00ab&nbsp;arti\u00adcu\u00adl\u00e9&nbsp;\u00bb, oral se fait apr\u00e8s l\u2019intervention pra\u00adtique, ou en<br>fin de forum. C\u2019est le temps de la parole, apr\u00e8s le temps de la danse.<br><br><i>b -<\/i> Une danse \u00e0&nbsp;entr\u00e9es mul\u00adtiples, o\u00f9 chaque dan\u00adseur entre dans<br>l\u2019espace sc\u00e9\u00adnique selon sa sen\u00adsa\u00adtion de jus\u00adtesse du moment, est un<br>plai\u00adsir que nous avons v\u00e9cu en toute fin de jour\u00adn\u00e9e. Ain\u00adsi il n\u2019est<br>pas tou\u00adjours judi\u00adcieux qu\u2019un seul spec\u00adta\u00addan\u00adseur inter\u00advienne \u00e0&nbsp;la<br>fois. Lorsque la danse l\u2019impose, l\u2019occupation \u00e9las\u00adtique de l\u2019espace<br>et du temps per\u00admet \u00e0&nbsp;la struc\u00adture invi\u00adsible d\u2019\u0153uvrer \u00e0&nbsp;mer\u00adveille.<br><br><i>c -<\/i> En pou\u00advant \u00e0&nbsp;tout moment entrer dans l\u2019espace sc\u00e9\u00adnique, le<br>spec\u00adta\u00addan\u00adseur comme le spect\u2019acteur est pla\u00adc\u00e9 en capa\u00adci\u00adt\u00e9 d\u2019action et<br>d\u2019intercation. C\u2019est ce qui le dis\u00adtingue du spec\u00adta\u00adteur, cal\u00adl\u00e9 au<br>fond de son fau\u00adteuil et en d\u00e9lec\u00adta\u00adtion cathar\u00adcique.<br><br>Et si le dan\u00adseur s\u2019ennuie&nbsp;? Soit il modi\u00adfie sa danse, soit il sort de<br>l\u2019espace sc\u00e9\u00adnique. De nou\u00adveau, son res\u00adsen\u00adti est dit apr\u00e8s le v\u00e9cu des<br>solu\u00adtions qu\u2019il a&nbsp;pro\u00adpo\u00ads\u00e9 ou non, et non avant.<br><br><i>d -<\/i> Une autre pro\u00adpo\u00adsi\u00adtion a&nbsp;poin\u00adt\u00e9 son nez. En don\u00adnant au<br>spec\u00adta\u00addan\u00adseur une carte joker lui per\u00admet\u00adtant de cla\u00adper dans les mains<br>pour arr\u00ea\u00adter la danse \u00e0&nbsp;tout moment qui lui para\u00eet judi\u00adcieux, sa<br>vigi\u00adlance serait en \u00e9veil constant, et celle du dan\u00adseur tout autant.<br>Le res\u00adpect incon\u00addi\u00adtion\u00adnel pour le dan\u00adseur serait ain\u00adsi atti\u00ads\u00e9 par le<br>res\u00adpect incon\u00addi\u00adtion\u00adnel pour le spec\u00adta\u00addan\u00adseur. La pos\u00adsi\u00adbi\u00adli\u00adt\u00e9 de ne<br>pas \u00eatre pris en otage par les ellu\u00adcu\u00adbra\u00adtions dan\u00ads\u00e9es devrait pou\u00advoir<br>exer\u00adcer ses droits. Je suis pr\u00eate \u00e0&nbsp;parier que per\u00adsonne n\u2019en<br>abu\u00adse\u00adrait dans la plu\u00adpart des cas, et s\u2019il y&nbsp;avait des abus<br>volon\u00adtaires, ou invo\u00adlon\u00adtaires avec un public non aver\u00adti par exemple,<br>le joker se don\u00adne\u00adrait le droit d\u2019intervenir et r\u00e9gu\u00adler le d\u00e9rou\u00adle\u00adment<br>du forum. Ceci devant \u00eatre pos\u00e9 en pr\u00e9\u00admisses du forum. A<br>exp\u00e9\u00adri\u00admen\u00adter.<br><br><i>e -<\/i> L\u2019un d\u2019entre nous cinq a&nbsp;par\u00adl\u00e9 de dan\u00adger, se mettre en dan\u00adger<br>pour exer\u00adcer sa vigi\u00adlance&nbsp;; un autre de plu\u00adt\u00f4t avan\u00adcer sur un fil. Il<br>est vrai que le fil peut \u00eatre pla\u00adc\u00e9 \u00e0&nbsp;cinq m\u00e8tres de hau\u00adteur. Mais<br>nous sommes \u00ab&nbsp;tom\u00adb\u00e9s&nbsp;\u00bb d\u2019accord que l\u2019int\u00e9r\u00eat n\u2019\u00e9tait pas de ris\u00adquer de<br>nous tuer en chu\u00adtant. Le fil peut \u00eatre pla\u00adc\u00e9 \u00e0&nbsp;cin\u00adquante cen\u00adti\u00adm\u00e8tres<br>du sol, ou plus haut mais avec une s\u00e9cu\u00adri\u00adt\u00e9, la vigi\u00adlance s\u2019exerce<br>tout autant, avec l\u2019avantage de ne pas faire de l\u2019acte un d\u00e9fi, mais<br>un acte cr\u00e9a\u00adtif. Les artistes de cirque aujourd\u2019hui l\u2019ont bien<br>com\u00adpris, \u00e0&nbsp;pri\u00advi\u00adl\u00e9\u00adgier la s\u00e9cu\u00adri\u00adt\u00e9 et la beau\u00adt\u00e9 sur le petit<br>fr\u00e9\u00admis\u00adse\u00adment mor\u00adbide qui d\u00e9lec\u00adtait les foules devant les risques<br>inouis pris autre\u00adfois par les artistes.<br><br>Tom\u00adber de cinq m\u00e8tres de haut en danse forum, ce serait se retrou\u00adver<br>\u00e0 poil sans qu\u2019on ne l\u2019ait choi\u00adsi, et \u00eatre jug\u00e9 dans son \u00eatre quand<br>on se d\u00e9voile.<br><br><i>4 \u2013 Le bilan<\/i><br><br><i>a -<\/i> C\u2019est l\u2019espace pri\u00advi\u00adl\u00e9\u00adgi\u00e9 pour arti\u00adcu\u00adler les cri\u00adtiques et faire<br>avan\u00adcer le shmil\u00adblick. Le fait de se voir dan\u00adser en vision\u00adnant la<br>video, en inter\u00adca\u00adtion avec les autres est riche d\u2019enseignements sans<br>\u00eatre cruel (contrai\u00adre\u00adment \u00e0&nbsp;ce que j\u2019aurais pu craindre). Cela tient<br>au fait, je pense, que l\u2019infra-technique prime sur la tech\u00adnique et le<br>sub\u00adtil sur l\u2019\u00e9vident. C\u2019est l\u2019\u00e9ducation du regard qui per\u00admet de voir son<br>image en toute qui\u00e9\u00adt\u00e9.<br><br><i>b -<\/i> Regar\u00adder l\u2019ensemble de la video puis extraire un court pas\u00adsage<br>pour le regar\u00adder maintes fois nous semble n\u00e9ces\u00adsaire, pour avoir une<br>cri\u00adtique glo\u00adbale puis \u00ab&nbsp;syl\u00adla\u00adbique&nbsp;\u00bb, dans les d\u00e9tails, \u00e0&nbsp;la fois des<br>images, et de la danse.<br><br><i>c -<\/i> Par rap\u00adport aux treize cas\u00adsettes video enre\u00adgis\u00adtr\u00e9es cette ann\u00e9e,<br>nous pro\u00adpo\u00adsons de les gra\u00adver en int\u00e9\u00adgral sur CD comme archives, et de<br>faire cet \u00e9t\u00e9 un mon\u00adtage r\u00e9f\u00e9\u00adrent, avec les meilleurs moments. Ces<br>docu\u00adments res\u00adte\u00adront \u00e0&nbsp;la dis\u00adpo\u00adsi\u00adtion de chaque par\u00adti\u00adci\u00adpant \u00e0<br>l\u2019atelier.<br><br><i>d -<\/i> Jusqu\u2019\u00e0 aujourd\u2019hui, nous nous sommes tou\u00adjours arran\u00adg\u00e9s pen\u00addant<br>les repr\u00e9\u00adsen\u00adta\u00adtions publiques, mais invo\u00adlon\u00adtai\u00adre\u00adment, de faire en<br>sorte que le public se m\u00e9lange aux dan\u00adseurs. Nous nous repla\u00adcions<br>ain\u00adsi en situa\u00adtion d\u2019atelier o\u00f9 tous les pr\u00e9\u00adsents sont par\u00adti\u00adci\u00adpants.<br>Nous ne sommes tou\u00adjours pas s\u00fbrs que la danse forum se pr\u00eate \u00e0&nbsp;un<br>\u00ab vrai&nbsp;\u00bb public. Nous en ferons l\u2019exp\u00e9rience \u00e0&nbsp;St Michel<br>l\u2019Observatoire, le 7&nbsp;juillet 2007.<br><br><i>LA PRATIQUE de la jour\u00adn\u00e9e<\/i><br><br>Les pr\u00e9\u00admisses du th\u00e8me sont venues avec le constat que l\u2019ennui peut<br>s\u2019installer sans que l\u2019on y&nbsp;prenne garde lorsque l\u2019on essaie de se<br>relier \u00e0&nbsp;ses sen\u00adsa\u00adtions, et que l\u2019on s\u2019initie \u00e0&nbsp;la cr\u00e9a\u00adti\u00advi\u00adt\u00e9.<br>L\u2019habitude, la faci\u00adli\u00adt\u00e9 sont des h\u00f4tes ind\u00e9\u00adli\u00adcats mais s\u00e9dui\u00adsants.<br>Leur arme&nbsp;? Endor\u00admir la vigi\u00adlance, fl\u00e2\u00adter l\u2019ego.<br><br>Pour\u00adtant, dans ce sim\u00fb\u00adlacre de cr\u00e9a\u00adti\u00advi\u00adt\u00e9, l\u2019exigence int\u00e9\u00adrieure ne<br>trouve pas son compte, et frappe \u00e0&nbsp;la porte. C\u2019est ce qu\u2019elle a&nbsp;fait<br>pen\u00addant cette jour\u00adn\u00e9e. Nous \u00e9tions sur le fil.<br><br>Asy\u00adm\u00e9\u00adtrie, double, pres\u00adsion sur la nuque, inten\u00adsi\u00adt\u00e9, concen\u00adtra\u00adtion,<br>contrac\u00adtion ont \u00e9t\u00e9 nos pro\u00adpo\u00adsi\u00adtions de th\u00e8me. Celui qui a&nbsp;\u00e9mer\u00adg\u00e9<br>est l\u2019intensit\u00e9&nbsp;: Le th\u00e8me, ce jour-l\u00e0, s\u2019est \u00ab&nbsp;pos\u00e9&nbsp;\u00bb de lui-m\u00eame,<br>comme une \u00e9vi\u00addence adap\u00adt\u00e9e \u00e0&nbsp;nos besoins et envies. Il n\u2019a pas eu \u00e0<br>s\u2019inviter ni \u00e0&nbsp;s\u2019imposer.<br><br>Pen\u00addant le forum, nous avons exp\u00e9\u00adri\u00admen\u00adt\u00e9 ce qui faci\u00adlite et per\u00admet<br>l\u2019intensit\u00e9. Chaque fois nous expo\u00adsions en pre\u00admier la danse, et<br>pro\u00adbl\u00e9\u00adma\u00adti\u00adsions ensuite, ce qui redon\u00adnait du grain \u00e0&nbsp;moudre pour une<br>pro\u00adchaine mise en danse etc.<br><br>* Les contrastes tout d\u2019abord&nbsp;: lourd-l\u00e9ger, ten\u00addu \u2013 rel\u00e2\u00adch\u00e9, raide -<br>souple, rapide \u2013 lent, molesse \u2013 viva\u00adci\u00adt\u00e9, yeux fer\u00adm\u00e9s \u2013 yeux ouverts<br>etc, micro \u2013 macro mou\u00adve\u00adment.<br><br>* L\u2019inattendu, l\u2019impr\u00e9visible&nbsp;: rompre la conti\u00adnui\u00adt\u00e9 du mou\u00adve\u00adment, de<br>la vitesse, du rythme, de la direc\u00adtion etc.<br><br>* L\u2019alternance et la r\u00e9p\u00e9\u00adti\u00adtion, ponc\u00adtuel\u00adle\u00adment.<br><br>* La tenue, rete\u00adnue, den\u00adsi\u00adt\u00e9, puis\u00adsance, sou\u00adplesse.<br><br>* Aller \u00e0&nbsp;l\u2019essentiel par l\u2019\u00e9conomie de moyens et la rigueur.<br><br>* Jouer entre mou\u00adve\u00adment de tout le corps et de ses seg\u00adments.<br><br>* Uti\u00adli\u00adser les forces rela\u00adtives aux direc\u00adtions&nbsp;: des yeux par rap\u00adport<br>\u00e0 la t\u00eate, de la t\u00eate par rap\u00adport au buste, du buste par rap\u00adport aux<br>hanches. Direc\u00adtions des d\u00e9pla\u00adce\u00adments dans l\u2019espace sc\u00e9\u00adnique (sur une<br>impro\u00advi\u00adsa\u00adtion \u2013 intense de rete\u00adnue \u2013 d\u2019Etienne)<br><br>* Ne r\u00e9v\u00e9\u00adler la struc\u00adture ou la construc\u00adtion que peu \u00e0&nbsp;peu (des\u00adsin<br>des d\u00e9pla\u00adce\u00adments, d\u00e9ve\u00adlop\u00adpe\u00adment de l\u2019id\u00e9e-consigne etc.).<br><br>Notre scien\u00adti\u00adfique pr\u00e9\u00adf\u00e9\u00adr\u00e9 a&nbsp;mis le doigt sur cette sub\u00adti\u00adli\u00adt\u00e9 qui<br>ren\u00adverse bien des pr\u00e9\u00adju\u00adg\u00e9s&nbsp;: moins la r\u00e9sis\u00adtance est forte, plus<br>l\u2019intensit\u00e9 (ten\u00adsion) est grande. Et notre dan\u00adseur pro\u00adfes\u00adsion\u00adnel de<br>rajou\u00adter&nbsp;: il fau\u00addrait le dire aux dan\u00adseurs clas\u00adsiques, cela leur<br>\u00e9vi\u00adte\u00adrait de r\u00e9sis\u00adter pour rien contre la pesan\u00adteur\u2026<br><br><i>CONCLUSION&nbsp;:<\/i><br><br>Le risque d\u2019apauvrissement du th\u00e8me par la pro\u00adbl\u00e9\u00adma\u00adti\u00adsa\u00adtion est r\u00e9el,<br>car sa mise en situa\u00adtion passe par les st\u00e9\u00adr\u00e9o\u00adtypes. Il faut vrai\u00adment<br>don\u00adner du temps \u00e0&nbsp;la th\u00e9\u00adma\u00adti\u00adsa\u00adtion de s\u2019enrichir pour sor\u00adtir de ce<br>pi\u00e8ge.<br><br>Pour aller vers une pro\u00adbl\u00e9\u00adma\u00adti\u00adsa\u00adtion plus glo\u00adbale autour du th\u00e8me de<br>l\u2019intensit\u00e9, nous avons r\u00e9a\u00adli\u00ads\u00e9 qu\u2019il nous aurait fal\u00adlu prendre \u00e0<br>bras le corps ce qui nous entra\u00advait dans l\u2019exercice de l\u2019intensit\u00e9&nbsp;:<br><br>1- Explo\u00adrer ce qui emp\u00eache l\u2019intensit\u00e9, pour arri\u00adver \u00e0&nbsp;mieux la<br>d\u00e9fi\u00adnir&nbsp;: dilu\u00adtion, \u00e9par\u00adpille\u00adment, l\u2019uniformisation,<br>redon\u00addance etc.<br><br>2- R\u00e9a\u00adli\u00adser l\u2019importance et l\u2019impact de l\u2019environnement (musi\u00adcal entre<br>autre) sur l\u2019intensit\u00e9 de la danse.<br><br>3- Contex\u00adtua\u00adli\u00adser l\u2019intensit\u00e9, c\u2019est \u00e0&nbsp;dire exp\u00e9\u00adri\u00admen\u00adter ses limites,<br>ses r\u00e9cu\u00adp\u00e9\u00adra\u00adtions, sa contre-pro\u00adduc\u00adtion.<br><br>4- Explo\u00adrer son mythe, l\u2019apanage de la sup\u00e9\u00adrio\u00adri\u00adt\u00e9, le fas\u00adcisme, le<br>monde des zom\u00adbies.<br><br><i>Quatre objets pour forum futurs\u2026<\/i><br><br>Le besoin se fait pres\u00adsant de consa\u00adcrer cer\u00adtains ate\u00adliers<br>exclu\u00adsi\u00adve\u00adment \u00e0&nbsp;la foru\u00admi\u00adsa\u00adtion. Et l\u2019id\u00e9e r\u00e9cur\u00adrente s\u2019impose peu \u00e0<br>peu de com\u00admen\u00adcer en \u00ab&nbsp;foru\u00admi\u00adsant la danse forum&nbsp;\u00bb&nbsp;: en th\u00e9\u00e2tre forum, ou<br>en danse forum, ou en danse-th\u00e9\u00e2tre forum.<br><br>Andr\u00e9ine Bel<\/p>\n<p style=\"color:green; text-align:right !important;\">Article cr\u00e9\u00e9 le 16\/02\/2020 \u2013 modi\u00adfi\u00e9 le 10\/06\/2020<\/p>","protected":false},"excerpt":{"rendered":"<p>Ev\u00e9\u00adne\u00adments\u2192L\u2019intensit\u00e9 \u2013 3&nbsp;juin 2007 !!L\u2019intensit\u00e9 \u2013 3&nbsp;juin 2007 La jour\u00adn\u00e9e \u00e0&nbsp;Lam\u00adbesc fut intense, \u00e0&nbsp;tous points de vue, \u00e0&nbsp;tous les\u00e9\u00adtages, dans la forme comme dans le fond, du d\u00e9but \u00e0&nbsp;la fin. M\u00eame leso\u00adleil \u00e9tait intense, et par suite la fra\u00ee\u00adcheur \u00e0&nbsp;l\u2019int\u00e9rieur de lapi\u00e8ce.\u2026 LA CONCERTATION 1- Les objec\u00adtifs de la danse&nbsp;forum Reve\u00adnir aux objec\u00adtifs nous a&nbsp;paru n\u00e9ces\u00adsaire&nbsp;: la trans\u00admis\u00adsion estimpos\u00adsible sans l\u2019\u00e9laboration de l\u2019outil qui per\u00admet l\u2019\u0153uvre. a \u2013 Un espace de s\u00e9cu\u00adri\u00adt\u00e9, o\u00f9 la cr\u00e9a\u00adti\u00advi\u00adt\u00e9 peut s\u2019exercer sans\u00adrisque d\u2019\u00eatre jug\u00e9e,&nbsp;[\u2026]<\/p>\n","protected":false},"author":2,"featured_media":0,"comment_status":"open","ping_status":"open","sticky":false,"template":"","format":"standard","meta":{"wp_typography_post_enhancements_disabled":false,"footnotes":""},"categories":[229],"tags":[],"class_list":["post-311","post","type-post","status-publish","format-standard","hentry","category-cheminement-danseforum"],"yoast_head":"<!-- This site is optimized with the Yoast SEO plugin v27.5 - https:\/\/yoast.com\/product\/yoast-seo-wordpress\/ -->\n<title>La danse forum mise en forum - Le TILT<\/title>\n<meta name=\"robots\" content=\"index, follow, max-snippet:-1, max-image-preview:large, max-video-preview:-1\" \/>\n<link rel=\"canonical\" href=\"https:\/\/www.leti.lt\/wordpress\/evenements-ladanseforummiseenforum\/\" \/>\n<meta property=\"og:locale\" content=\"fr_FR\" \/>\n<meta property=\"og:type\" content=\"article\" \/>\n<meta property=\"og:title\" content=\"La danse forum mise en forum - Le TILT\" \/>\n<meta property=\"og:description\" content=\"Ev\u00e9\u00adne\u00adments\u2192L\u2019intensit\u00e9 \u2013 3&nbsp;juin 2007 !!L\u2019intensit\u00e9 \u2013 3&nbsp;juin 2007 La jour\u00adn\u00e9e \u00e0&nbsp;Lam\u00adbesc fut intense, \u00e0&nbsp;tous points de vue, \u00e0&nbsp;tous les\u00e9tages, dans la forme comme dans le fond, du d\u00e9but \u00e0&nbsp;la fin. M\u00eame lesoleil \u00e9tait intense, et par suite la fra\u00ee\u00adcheur \u00e0&nbsp;l\u2019int\u00e9rieur de lapi\u00e8ce.\u2026 LA CONCERTATION 1- Les objec\u00adtifs de la danse&nbsp;forum Reve\u00adnir aux objec\u00adtifs nous a&nbsp;paru n\u00e9ces\u00adsaire&nbsp;: la trans\u00admis\u00adsion estimpos\u00adsible sans l\u2019\u00e9laboration de l\u2019outil qui per\u00admet l\u2019\u0153uvre. a - Un espace de s\u00e9cu\u00adri\u00adt\u00e9, o\u00f9 la cr\u00e9a\u00adti\u00advi\u00adt\u00e9 peut s\u2019exercer sansrisque d\u2019\u00eatre jug\u00e9e, [&hellip;]\" \/>\n<meta property=\"og:url\" content=\"https:\/\/www.leti.lt\/wordpress\/evenements-ladanseforummiseenforum\/\" \/>\n<meta property=\"og:site_name\" content=\"Le TILT\" \/>\n<meta property=\"article:published_time\" content=\"2020-02-16T14:30:34+00:00\" \/>\n<meta property=\"article:modified_time\" content=\"2020-06-10T12:09:34+00:00\" \/>\n<meta name=\"author\" content=\"Andr\u00e9ine Bel\" \/>\n<meta name=\"twitter:card\" content=\"summary_large_image\" \/>\n<meta name=\"twitter:label1\" content=\"\u00c9crit par\" \/>\n\t<meta name=\"twitter:data1\" content=\"Andr\u00e9ine Bel\" \/>\n\t<meta name=\"twitter:label2\" content=\"Dur\u00e9e de lecture estim\u00e9e\" \/>\n\t<meta name=\"twitter:data2\" content=\"11 minutes\" \/>\n<script type=\"application\/ld+json\" class=\"yoast-schema-graph\">{\"@context\":\"https:\\\/\\\/schema.org\",\"@graph\":[{\"@type\":\"Article\",\"@id\":\"https:\\\/\\\/www.leti.lt\\\/wordpress\\\/evenements-ladanseforummiseenforum\\\/#article\",\"isPartOf\":{\"@id\":\"https:\\\/\\\/www.leti.lt\\\/wordpress\\\/evenements-ladanseforummiseenforum\\\/\"},\"author\":{\"name\":\"Andr\u00e9ine Bel\",\"@id\":\"https:\\\/\\\/www.leti.lt\\\/wordpress\\\/#\\\/schema\\\/person\\\/9bb307b2af8fbb575bb3603e57951f75\"},\"headline\":\"La danse forum mise en&nbsp;forum\",\"datePublished\":\"2020-02-16T14:30:34+00:00\",\"dateModified\":\"2020-06-10T12:09:34+00:00\",\"mainEntityOfPage\":{\"@id\":\"https:\\\/\\\/www.leti.lt\\\/wordpress\\\/evenements-ladanseforummiseenforum\\\/\"},\"wordCount\":2214,\"commentCount\":0,\"articleSection\":[\"Cheminement\"],\"inLanguage\":\"fr-FR\",\"potentialAction\":[{\"@type\":\"CommentAction\",\"name\":\"Comment\",\"target\":[\"https:\\\/\\\/www.leti.lt\\\/wordpress\\\/evenements-ladanseforummiseenforum\\\/#respond\"]}]},{\"@type\":\"WebPage\",\"@id\":\"https:\\\/\\\/www.leti.lt\\\/wordpress\\\/evenements-ladanseforummiseenforum\\\/\",\"url\":\"https:\\\/\\\/www.leti.lt\\\/wordpress\\\/evenements-ladanseforummiseenforum\\\/\",\"name\":\"La danse forum mise en forum - Le TILT\",\"isPartOf\":{\"@id\":\"https:\\\/\\\/www.leti.lt\\\/wordpress\\\/#website\"},\"datePublished\":\"2020-02-16T14:30:34+00:00\",\"dateModified\":\"2020-06-10T12:09:34+00:00\",\"author\":{\"@id\":\"https:\\\/\\\/www.leti.lt\\\/wordpress\\\/#\\\/schema\\\/person\\\/9bb307b2af8fbb575bb3603e57951f75\"},\"breadcrumb\":{\"@id\":\"https:\\\/\\\/www.leti.lt\\\/wordpress\\\/evenements-ladanseforummiseenforum\\\/#breadcrumb\"},\"inLanguage\":\"fr-FR\",\"potentialAction\":[{\"@type\":\"ReadAction\",\"target\":[\"https:\\\/\\\/www.leti.lt\\\/wordpress\\\/evenements-ladanseforummiseenforum\\\/\"]}]},{\"@type\":\"BreadcrumbList\",\"@id\":\"https:\\\/\\\/www.leti.lt\\\/wordpress\\\/evenements-ladanseforummiseenforum\\\/#breadcrumb\",\"itemListElement\":[{\"@type\":\"ListItem\",\"position\":1,\"name\":\"Accueil\",\"item\":\"https:\\\/\\\/www.leti.lt\\\/wordpress\\\/\"},{\"@type\":\"ListItem\",\"position\":2,\"name\":\"La danse forum mise en&nbsp;forum\"}]},{\"@type\":\"WebSite\",\"@id\":\"https:\\\/\\\/www.leti.lt\\\/wordpress\\\/#website\",\"url\":\"https:\\\/\\\/www.leti.lt\\\/wordpress\\\/\",\"name\":\"Le TILT\",\"description\":\"Recherche, publication, cr\u00e9ation artistique\",\"potentialAction\":[{\"@type\":\"SearchAction\",\"target\":{\"@type\":\"EntryPoint\",\"urlTemplate\":\"https:\\\/\\\/www.leti.lt\\\/wordpress\\\/?s={search_term_string}\"},\"query-input\":{\"@type\":\"PropertyValueSpecification\",\"valueRequired\":true,\"valueName\":\"search_term_string\"}}],\"inLanguage\":\"fr-FR\"},{\"@type\":\"Person\",\"@id\":\"https:\\\/\\\/www.leti.lt\\\/wordpress\\\/#\\\/schema\\\/person\\\/9bb307b2af8fbb575bb3603e57951f75\",\"name\":\"Andr\u00e9ine Bel\",\"image\":{\"@type\":\"ImageObject\",\"inLanguage\":\"fr-FR\",\"@id\":\"https:\\\/\\\/secure.gravatar.com\\\/avatar\\\/4ab041ec7c7ad3b90293023e86528ec1a700ce2971ff61811b2df6b288dd1f38?s=96&d=identicon&r=g\",\"url\":\"https:\\\/\\\/secure.gravatar.com\\\/avatar\\\/4ab041ec7c7ad3b90293023e86528ec1a700ce2971ff61811b2df6b288dd1f38?s=96&d=identicon&r=g\",\"contentUrl\":\"https:\\\/\\\/secure.gravatar.com\\\/avatar\\\/4ab041ec7c7ad3b90293023e86528ec1a700ce2971ff61811b2df6b288dd1f38?s=96&d=identicon&r=g\",\"caption\":\"Andr\u00e9ine Bel\"},\"url\":\"https:\\\/\\\/www.leti.lt\\\/wordpress\\\/author\\\/andreine\\\/\"}]}<\/script>\n<!-- \/ Yoast SEO plugin. -->","yoast_head_json":{"title":"La danse forum mise en forum - Le TILT","robots":{"index":"index","follow":"follow","max-snippet":"max-snippet:-1","max-image-preview":"max-image-preview:large","max-video-preview":"max-video-preview:-1"},"canonical":"https:\/\/www.leti.lt\/wordpress\/evenements-ladanseforummiseenforum\/","og_locale":"fr_FR","og_type":"article","og_title":"La danse forum mise en forum - Le TILT","og_description":"Ev\u00e9\u00adne\u00adments\u2192L\u2019intensit\u00e9 \u2013 3&nbsp;juin 2007 !!L\u2019intensit\u00e9 \u2013 3&nbsp;juin 2007 La jour\u00adn\u00e9e \u00e0&nbsp;Lam\u00adbesc fut intense, \u00e0&nbsp;tous points de vue, \u00e0&nbsp;tous les\u00e9tages, dans la forme comme dans le fond, du d\u00e9but \u00e0&nbsp;la fin. M\u00eame lesoleil \u00e9tait intense, et par suite la fra\u00ee\u00adcheur \u00e0&nbsp;l\u2019int\u00e9rieur de lapi\u00e8ce.\u2026 LA CONCERTATION 1- Les objec\u00adtifs de la danse&nbsp;forum Reve\u00adnir aux objec\u00adtifs nous a&nbsp;paru n\u00e9ces\u00adsaire&nbsp;: la trans\u00admis\u00adsion estimpos\u00adsible sans l\u2019\u00e9laboration de l\u2019outil qui per\u00admet l\u2019\u0153uvre. a - Un espace de s\u00e9cu\u00adri\u00adt\u00e9, o\u00f9 la cr\u00e9a\u00adti\u00advi\u00adt\u00e9 peut s\u2019exercer sansrisque d\u2019\u00eatre jug\u00e9e, [&hellip;]","og_url":"https:\/\/www.leti.lt\/wordpress\/evenements-ladanseforummiseenforum\/","og_site_name":"Le TILT","article_published_time":"2020-02-16T14:30:34+00:00","article_modified_time":"2020-06-10T12:09:34+00:00","author":"Andr\u00e9ine Bel","twitter_card":"summary_large_image","twitter_misc":{"\u00c9crit par":"Andr\u00e9ine Bel","Dur\u00e9e de lecture estim\u00e9e":"11 minutes"},"schema":{"@context":"https:\/\/schema.org","@graph":[{"@type":"Article","@id":"https:\/\/www.leti.lt\/wordpress\/evenements-ladanseforummiseenforum\/#article","isPartOf":{"@id":"https:\/\/www.leti.lt\/wordpress\/evenements-ladanseforummiseenforum\/"},"author":{"name":"Andr\u00e9ine Bel","@id":"https:\/\/www.leti.lt\/wordpress\/#\/schema\/person\/9bb307b2af8fbb575bb3603e57951f75"},"headline":"La danse forum mise en&nbsp;forum","datePublished":"2020-02-16T14:30:34+00:00","dateModified":"2020-06-10T12:09:34+00:00","mainEntityOfPage":{"@id":"https:\/\/www.leti.lt\/wordpress\/evenements-ladanseforummiseenforum\/"},"wordCount":2214,"commentCount":0,"articleSection":["Cheminement"],"inLanguage":"fr-FR","potentialAction":[{"@type":"CommentAction","name":"Comment","target":["https:\/\/www.leti.lt\/wordpress\/evenements-ladanseforummiseenforum\/#respond"]}]},{"@type":"WebPage","@id":"https:\/\/www.leti.lt\/wordpress\/evenements-ladanseforummiseenforum\/","url":"https:\/\/www.leti.lt\/wordpress\/evenements-ladanseforummiseenforum\/","name":"La danse forum mise en forum - Le TILT","isPartOf":{"@id":"https:\/\/www.leti.lt\/wordpress\/#website"},"datePublished":"2020-02-16T14:30:34+00:00","dateModified":"2020-06-10T12:09:34+00:00","author":{"@id":"https:\/\/www.leti.lt\/wordpress\/#\/schema\/person\/9bb307b2af8fbb575bb3603e57951f75"},"breadcrumb":{"@id":"https:\/\/www.leti.lt\/wordpress\/evenements-ladanseforummiseenforum\/#breadcrumb"},"inLanguage":"fr-FR","potentialAction":[{"@type":"ReadAction","target":["https:\/\/www.leti.lt\/wordpress\/evenements-ladanseforummiseenforum\/"]}]},{"@type":"BreadcrumbList","@id":"https:\/\/www.leti.lt\/wordpress\/evenements-ladanseforummiseenforum\/#breadcrumb","itemListElement":[{"@type":"ListItem","position":1,"name":"Accueil","item":"https:\/\/www.leti.lt\/wordpress\/"},{"@type":"ListItem","position":2,"name":"La danse forum mise en&nbsp;forum"}]},{"@type":"WebSite","@id":"https:\/\/www.leti.lt\/wordpress\/#website","url":"https:\/\/www.leti.lt\/wordpress\/","name":"Le TILT","description":"Recherche, publication, cr\u00e9ation artistique","potentialAction":[{"@type":"SearchAction","target":{"@type":"EntryPoint","urlTemplate":"https:\/\/www.leti.lt\/wordpress\/?s={search_term_string}"},"query-input":{"@type":"PropertyValueSpecification","valueRequired":true,"valueName":"search_term_string"}}],"inLanguage":"fr-FR"},{"@type":"Person","@id":"https:\/\/www.leti.lt\/wordpress\/#\/schema\/person\/9bb307b2af8fbb575bb3603e57951f75","name":"Andr\u00e9ine Bel","image":{"@type":"ImageObject","inLanguage":"fr-FR","@id":"https:\/\/secure.gravatar.com\/avatar\/4ab041ec7c7ad3b90293023e86528ec1a700ce2971ff61811b2df6b288dd1f38?s=96&d=identicon&r=g","url":"https:\/\/secure.gravatar.com\/avatar\/4ab041ec7c7ad3b90293023e86528ec1a700ce2971ff61811b2df6b288dd1f38?s=96&d=identicon&r=g","contentUrl":"https:\/\/secure.gravatar.com\/avatar\/4ab041ec7c7ad3b90293023e86528ec1a700ce2971ff61811b2df6b288dd1f38?s=96&d=identicon&r=g","caption":"Andr\u00e9ine Bel"},"url":"https:\/\/www.leti.lt\/wordpress\/author\/andreine\/"}]}},"_links":{"self":[{"href":"https:\/\/www.leti.lt\/wordpress\/wp-json\/wp\/v2\/posts\/311","targetHints":{"allow":["GET"]}}],"collection":[{"href":"https:\/\/www.leti.lt\/wordpress\/wp-json\/wp\/v2\/posts"}],"about":[{"href":"https:\/\/www.leti.lt\/wordpress\/wp-json\/wp\/v2\/types\/post"}],"author":[{"embeddable":true,"href":"https:\/\/www.leti.lt\/wordpress\/wp-json\/wp\/v2\/users\/2"}],"replies":[{"embeddable":true,"href":"https:\/\/www.leti.lt\/wordpress\/wp-json\/wp\/v2\/comments?post=311"}],"version-history":[{"count":1,"href":"https:\/\/www.leti.lt\/wordpress\/wp-json\/wp\/v2\/posts\/311\/revisions"}],"predecessor-version":[{"id":710,"href":"https:\/\/www.leti.lt\/wordpress\/wp-json\/wp\/v2\/posts\/311\/revisions\/710"}],"wp:attachment":[{"href":"https:\/\/www.leti.lt\/wordpress\/wp-json\/wp\/v2\/media?parent=311"}],"wp:term":[{"taxonomy":"category","embeddable":true,"href":"https:\/\/www.leti.lt\/wordpress\/wp-json\/wp\/v2\/categories?post=311"},{"taxonomy":"post_tag","embeddable":true,"href":"https:\/\/www.leti.lt\/wordpress\/wp-json\/wp\/v2\/tags?post=311"}],"curies":[{"name":"wp","href":"https:\/\/api.w.org\/{rel}","templated":true}]}}