{"id":306,"date":"2020-02-16T15:30:34","date_gmt":"2020-02-16T14:30:34","guid":{"rendered":"https:\/\/www.leti.lt\/wordpress\/?p=306"},"modified":"2020-06-10T14:08:37","modified_gmt":"2020-06-10T12:08:37","slug":"evenements-danserecherchedanseforumlambesc","status":"publish","type":"post","link":"https:\/\/www.leti.lt\/wordpress\/evenements-danserecherchedanseforumlambesc\/","title":{"rendered":"Danse recherche et danse forum \u00e0&nbsp;Lambesc"},"content":{"rendered":"\n<p><a href=\"https:\/\/www.leti.lt\/wordpress\/evenements-evenements\/\">Ev\u00e9\u00adne\u00adments<\/a><br>\u2192<a href=\"https:\/\/www.leti.lt\/wordpress\/evenements-ateliersreguliers\/\">Ate\u00adliers r\u00e9gu\u00adliers<\/a><br><br>Cet ate\u00adlier ferme apr\u00e8s six ans du bon\u00adheur d\u2019avoir d\u00e9cou\u00advert ensemble la danse forum&nbsp;: pr\u00e9\u00admisses, tech\u00adnique, infra\u00adtech\u00adnique, struc\u00adtures, r\u00e8gles, ques\u00adtion\u00adne\u00adments, repr\u00e9\u00adsen\u00adta\u00adtions publiques, tout cela a&nbsp;\u00e9t\u00e9 \u00e9la\u00adbo\u00adr\u00e9 au Petit Gym\u00adnase de Lam\u00adbesc. <br><br>J\u2019ai ren\u00addu les cl\u00e9s \u00e0&nbsp;la Mai\u00adrie de Lam\u00adbesc fin juillet 2010, apr\u00e8s avoir cha\u00adleu\u00adreu\u00adse\u00adment remer\u00adci\u00e9 par \u00e9crit M. le Maire, au nom de tous les par\u00adti\u00adci\u00adpants \u00e0&nbsp;la danse forum. Je lui ai t\u00e9moi\u00adgn\u00e9 notre gra\u00adti\u00adtude pour l\u2019aide que la ville de Lam\u00adbesc nous a&nbsp;appor\u00adt\u00e9 en met\u00adtant \u00e0&nbsp;notre dis\u00adpo\u00adsi\u00adtion gra\u00adtui\u00adte\u00adment cette belle et grande salle. <br><br>Aix-en-Pro\u00advence est deve\u00adnu aujourd\u2019hui notre lieu de ralie\u00adment, avec le stu\u00addio For\u00adbin, la plu\u00adpart d\u2019entre nous habi\u00adtant \u00e0&nbsp;proxi\u00admi\u00adt\u00e9.<br><br>Andr\u00e9ine Bel<\/p>\n<p style=\"color:green; text-align:right !important;\">Article cr\u00e9\u00e9 le 16\/02\/2020 \u2013 modi\u00adfi\u00e9 le 10\/06\/2020<\/p>","protected":false},"excerpt":{"rendered":"<p>Ev\u00e9\u00adne\u00adments\u2192Ate\u00adliers r\u00e9gu\u00adliers Cet ate\u00adlier ferme apr\u00e8s six ans du bon\u00adheur d\u2019avoir d\u00e9cou\u00advert ensemble la danse forum&nbsp;: pr\u00e9\u00admisses, tech\u00adnique, infra\u00adtech\u00adnique, struc\u00adtures, r\u00e8gles, ques\u00adtion\u00adne\u00adments, repr\u00e9\u00adsen\u00adta\u00adtions publiques, tout cela a&nbsp;\u00e9t\u00e9 \u00e9la\u00adbo\u00adr\u00e9 au Petit Gym\u00adnase de Lam\u00adbesc.&nbsp;J\u2019ai ren\u00addu les cl\u00e9s \u00e0&nbsp;la Mai\u00adrie de Lam\u00adbesc fin juillet 2010, apr\u00e8s avoir cha\u00adleu\u00adreu\u00adse\u00adment remer\u00adci\u00e9 par \u00e9crit M. le Maire, au nom de tous les par\u00adti\u00adci\u00adpants \u00e0&nbsp;la danse forum. Je lui ai t\u00e9moi\u00adgn\u00e9 notre gra\u00adti\u00adtude pour l\u2019aide que la ville de Lam\u00adbesc nous a&nbsp;appor\u00adt\u00e9 en met\u00adtant \u00e0&nbsp;notre&nbsp;[\u2026]<\/p>\n","protected":false},"author":2,"featured_media":0,"comment_status":"open","ping_status":"open","sticky":false,"template":"","format":"standard","meta":{"wp_typography_post_enhancements_disabled":false,"footnotes":""},"categories":[221,184],"tags":[61],"class_list":["post-306","post","type-post","status-publish","format-standard","hentry","category-comptes-rendus_ateliers_autres_lieux","category-ateliers_lambesc","tag-evenements_misc_"],"yoast_head":"<!-- This site is optimized with the Yoast SEO plugin v27.5 - https:\/\/yoast.com\/product\/yoast-seo-wordpress\/ -->\n<title>Danse recherche et danse forum \u00e0 Lambesc - Le TILT<\/title>\n<meta name=\"robots\" content=\"index, follow, max-snippet:-1, max-image-preview:large, max-video-preview:-1\" \/>\n<link rel=\"canonical\" href=\"https:\/\/www.leti.lt\/wordpress\/evenements-danserecherchedanseforumlambesc\/\" \/>\n<meta property=\"og:locale\" content=\"fr_FR\" \/>\n<meta property=\"og:type\" content=\"article\" \/>\n<meta property=\"og:title\" content=\"Danse recherche et danse forum \u00e0 Lambesc - Le TILT\" \/>\n<meta property=\"og:description\" content=\"Ev\u00e9\u00adne\u00adments\u2192Ate\u00adliers r\u00e9guliers Cet ate\u00adlier ferme apr\u00e8s six ans du bon\u00adheur d\u2019avoir d\u00e9cou\u00advert ensemble la danse forum&nbsp;: pr\u00e9\u00admisses, tech\u00adnique, infra\u00adtech\u00adnique, struc\u00adtures, r\u00e8gles, ques\u00adtion\u00adne\u00adments, repr\u00e9\u00adsen\u00adta\u00adtions publiques, tout cela a&nbsp;\u00e9t\u00e9 \u00e9la\u00adbo\u00adr\u00e9 au Petit Gym\u00adnase de Lambesc.&nbsp; J\u2019ai ren\u00addu les cl\u00e9s \u00e0&nbsp;la Mai\u00adrie de Lam\u00adbesc fin juillet 2010, apr\u00e8s avoir cha\u00adleu\u00adreu\u00adse\u00adment remer\u00adci\u00e9 par \u00e9crit M. le Maire, au nom de tous les par\u00adti\u00adci\u00adpants \u00e0&nbsp;la danse forum. Je lui ai t\u00e9moi\u00adgn\u00e9 notre gra\u00adti\u00adtude pour l\u2019aide que la ville de Lam\u00adbesc nous a&nbsp;appor\u00adt\u00e9 en met\u00adtant \u00e0&nbsp;notre [&hellip;]\" \/>\n<meta property=\"og:url\" content=\"https:\/\/www.leti.lt\/wordpress\/evenements-danserecherchedanseforumlambesc\/\" \/>\n<meta property=\"og:site_name\" content=\"Le TILT\" \/>\n<meta property=\"article:published_time\" content=\"2020-02-16T14:30:34+00:00\" \/>\n<meta property=\"article:modified_time\" content=\"2020-06-10T12:08:37+00:00\" \/>\n<meta name=\"author\" content=\"Andr\u00e9ine Bel\" \/>\n<meta name=\"twitter:card\" content=\"summary_large_image\" \/>\n<meta name=\"twitter:label1\" content=\"\u00c9crit par\" \/>\n\t<meta name=\"twitter:data1\" content=\"Andr\u00e9ine Bel\" \/>\n\t<meta name=\"twitter:label2\" content=\"Dur\u00e9e de lecture estim\u00e9e\" \/>\n\t<meta name=\"twitter:data2\" content=\"1 minute\" \/>\n<script type=\"application\/ld+json\" class=\"yoast-schema-graph\">{\"@context\":\"https:\\\/\\\/schema.org\",\"@graph\":[{\"@type\":\"Article\",\"@id\":\"https:\\\/\\\/www.leti.lt\\\/wordpress\\\/evenements-danserecherchedanseforumlambesc\\\/#article\",\"isPartOf\":{\"@id\":\"https:\\\/\\\/www.leti.lt\\\/wordpress\\\/evenements-danserecherchedanseforumlambesc\\\/\"},\"author\":{\"name\":\"Andr\u00e9ine Bel\",\"@id\":\"https:\\\/\\\/www.leti.lt\\\/wordpress\\\/#\\\/schema\\\/person\\\/9bb307b2af8fbb575bb3603e57951f75\"},\"headline\":\"Danse recherche et danse forum \u00e0&nbsp;Lambesc\",\"datePublished\":\"2020-02-16T14:30:34+00:00\",\"dateModified\":\"2020-06-10T12:08:37+00:00\",\"mainEntityOfPage\":{\"@id\":\"https:\\\/\\\/www.leti.lt\\\/wordpress\\\/evenements-danserecherchedanseforumlambesc\\\/\"},\"wordCount\":131,\"commentCount\":0,\"keywords\":[\"Evenements_misc_\"],\"articleSection\":[\"Ateliers autres lieux DR\",\"Ateliers Lambesc\"],\"inLanguage\":\"fr-FR\",\"potentialAction\":[{\"@type\":\"CommentAction\",\"name\":\"Comment\",\"target\":[\"https:\\\/\\\/www.leti.lt\\\/wordpress\\\/evenements-danserecherchedanseforumlambesc\\\/#respond\"]}]},{\"@type\":\"WebPage\",\"@id\":\"https:\\\/\\\/www.leti.lt\\\/wordpress\\\/evenements-danserecherchedanseforumlambesc\\\/\",\"url\":\"https:\\\/\\\/www.leti.lt\\\/wordpress\\\/evenements-danserecherchedanseforumlambesc\\\/\",\"name\":\"Danse recherche et danse forum \u00e0 Lambesc - Le TILT\",\"isPartOf\":{\"@id\":\"https:\\\/\\\/www.leti.lt\\\/wordpress\\\/#website\"},\"datePublished\":\"2020-02-16T14:30:34+00:00\",\"dateModified\":\"2020-06-10T12:08:37+00:00\",\"author\":{\"@id\":\"https:\\\/\\\/www.leti.lt\\\/wordpress\\\/#\\\/schema\\\/person\\\/9bb307b2af8fbb575bb3603e57951f75\"},\"breadcrumb\":{\"@id\":\"https:\\\/\\\/www.leti.lt\\\/wordpress\\\/evenements-danserecherchedanseforumlambesc\\\/#breadcrumb\"},\"inLanguage\":\"fr-FR\",\"potentialAction\":[{\"@type\":\"ReadAction\",\"target\":[\"https:\\\/\\\/www.leti.lt\\\/wordpress\\\/evenements-danserecherchedanseforumlambesc\\\/\"]}]},{\"@type\":\"BreadcrumbList\",\"@id\":\"https:\\\/\\\/www.leti.lt\\\/wordpress\\\/evenements-danserecherchedanseforumlambesc\\\/#breadcrumb\",\"itemListElement\":[{\"@type\":\"ListItem\",\"position\":1,\"name\":\"Accueil\",\"item\":\"https:\\\/\\\/www.leti.lt\\\/wordpress\\\/\"},{\"@type\":\"ListItem\",\"position\":2,\"name\":\"Danse recherche et danse forum \u00e0&nbsp;Lambesc\"}]},{\"@type\":\"WebSite\",\"@id\":\"https:\\\/\\\/www.leti.lt\\\/wordpress\\\/#website\",\"url\":\"https:\\\/\\\/www.leti.lt\\\/wordpress\\\/\",\"name\":\"Le TILT\",\"description\":\"Recherche, publication, cr\u00e9ation artistique\",\"potentialAction\":[{\"@type\":\"SearchAction\",\"target\":{\"@type\":\"EntryPoint\",\"urlTemplate\":\"https:\\\/\\\/www.leti.lt\\\/wordpress\\\/?s={search_term_string}\"},\"query-input\":{\"@type\":\"PropertyValueSpecification\",\"valueRequired\":true,\"valueName\":\"search_term_string\"}}],\"inLanguage\":\"fr-FR\"},{\"@type\":\"Person\",\"@id\":\"https:\\\/\\\/www.leti.lt\\\/wordpress\\\/#\\\/schema\\\/person\\\/9bb307b2af8fbb575bb3603e57951f75\",\"name\":\"Andr\u00e9ine Bel\",\"image\":{\"@type\":\"ImageObject\",\"inLanguage\":\"fr-FR\",\"@id\":\"https:\\\/\\\/secure.gravatar.com\\\/avatar\\\/4ab041ec7c7ad3b90293023e86528ec1a700ce2971ff61811b2df6b288dd1f38?s=96&d=identicon&r=g\",\"url\":\"https:\\\/\\\/secure.gravatar.com\\\/avatar\\\/4ab041ec7c7ad3b90293023e86528ec1a700ce2971ff61811b2df6b288dd1f38?s=96&d=identicon&r=g\",\"contentUrl\":\"https:\\\/\\\/secure.gravatar.com\\\/avatar\\\/4ab041ec7c7ad3b90293023e86528ec1a700ce2971ff61811b2df6b288dd1f38?s=96&d=identicon&r=g\",\"caption\":\"Andr\u00e9ine Bel\"},\"url\":\"https:\\\/\\\/www.leti.lt\\\/wordpress\\\/author\\\/andreine\\\/\"}]}<\/script>\n<!-- \/ Yoast SEO plugin. -->","yoast_head_json":{"title":"Danse recherche et danse forum \u00e0 Lambesc - Le TILT","robots":{"index":"index","follow":"follow","max-snippet":"max-snippet:-1","max-image-preview":"max-image-preview:large","max-video-preview":"max-video-preview:-1"},"canonical":"https:\/\/www.leti.lt\/wordpress\/evenements-danserecherchedanseforumlambesc\/","og_locale":"fr_FR","og_type":"article","og_title":"Danse recherche et danse forum \u00e0 Lambesc - Le TILT","og_description":"Ev\u00e9\u00adne\u00adments\u2192Ate\u00adliers r\u00e9guliers Cet ate\u00adlier ferme apr\u00e8s six ans du bon\u00adheur d\u2019avoir d\u00e9cou\u00advert ensemble la danse forum&nbsp;: pr\u00e9\u00admisses, tech\u00adnique, infra\u00adtech\u00adnique, struc\u00adtures, r\u00e8gles, ques\u00adtion\u00adne\u00adments, repr\u00e9\u00adsen\u00adta\u00adtions publiques, tout cela a&nbsp;\u00e9t\u00e9 \u00e9la\u00adbo\u00adr\u00e9 au Petit Gym\u00adnase de Lambesc.&nbsp; J\u2019ai ren\u00addu les cl\u00e9s \u00e0&nbsp;la Mai\u00adrie de Lam\u00adbesc fin juillet 2010, apr\u00e8s avoir cha\u00adleu\u00adreu\u00adse\u00adment remer\u00adci\u00e9 par \u00e9crit M. le Maire, au nom de tous les par\u00adti\u00adci\u00adpants \u00e0&nbsp;la danse forum. Je lui ai t\u00e9moi\u00adgn\u00e9 notre gra\u00adti\u00adtude pour l\u2019aide que la ville de Lam\u00adbesc nous a&nbsp;appor\u00adt\u00e9 en met\u00adtant \u00e0&nbsp;notre [&hellip;]","og_url":"https:\/\/www.leti.lt\/wordpress\/evenements-danserecherchedanseforumlambesc\/","og_site_name":"Le TILT","article_published_time":"2020-02-16T14:30:34+00:00","article_modified_time":"2020-06-10T12:08:37+00:00","author":"Andr\u00e9ine Bel","twitter_card":"summary_large_image","twitter_misc":{"\u00c9crit par":"Andr\u00e9ine Bel","Dur\u00e9e de lecture estim\u00e9e":"1 minute"},"schema":{"@context":"https:\/\/schema.org","@graph":[{"@type":"Article","@id":"https:\/\/www.leti.lt\/wordpress\/evenements-danserecherchedanseforumlambesc\/#article","isPartOf":{"@id":"https:\/\/www.leti.lt\/wordpress\/evenements-danserecherchedanseforumlambesc\/"},"author":{"name":"Andr\u00e9ine Bel","@id":"https:\/\/www.leti.lt\/wordpress\/#\/schema\/person\/9bb307b2af8fbb575bb3603e57951f75"},"headline":"Danse recherche et danse forum \u00e0&nbsp;Lambesc","datePublished":"2020-02-16T14:30:34+00:00","dateModified":"2020-06-10T12:08:37+00:00","mainEntityOfPage":{"@id":"https:\/\/www.leti.lt\/wordpress\/evenements-danserecherchedanseforumlambesc\/"},"wordCount":131,"commentCount":0,"keywords":["Evenements_misc_"],"articleSection":["Ateliers autres lieux DR","Ateliers Lambesc"],"inLanguage":"fr-FR","potentialAction":[{"@type":"CommentAction","name":"Comment","target":["https:\/\/www.leti.lt\/wordpress\/evenements-danserecherchedanseforumlambesc\/#respond"]}]},{"@type":"WebPage","@id":"https:\/\/www.leti.lt\/wordpress\/evenements-danserecherchedanseforumlambesc\/","url":"https:\/\/www.leti.lt\/wordpress\/evenements-danserecherchedanseforumlambesc\/","name":"Danse recherche et danse forum \u00e0 Lambesc - Le TILT","isPartOf":{"@id":"https:\/\/www.leti.lt\/wordpress\/#website"},"datePublished":"2020-02-16T14:30:34+00:00","dateModified":"2020-06-10T12:08:37+00:00","author":{"@id":"https:\/\/www.leti.lt\/wordpress\/#\/schema\/person\/9bb307b2af8fbb575bb3603e57951f75"},"breadcrumb":{"@id":"https:\/\/www.leti.lt\/wordpress\/evenements-danserecherchedanseforumlambesc\/#breadcrumb"},"inLanguage":"fr-FR","potentialAction":[{"@type":"ReadAction","target":["https:\/\/www.leti.lt\/wordpress\/evenements-danserecherchedanseforumlambesc\/"]}]},{"@type":"BreadcrumbList","@id":"https:\/\/www.leti.lt\/wordpress\/evenements-danserecherchedanseforumlambesc\/#breadcrumb","itemListElement":[{"@type":"ListItem","position":1,"name":"Accueil","item":"https:\/\/www.leti.lt\/wordpress\/"},{"@type":"ListItem","position":2,"name":"Danse recherche et danse forum \u00e0&nbsp;Lambesc"}]},{"@type":"WebSite","@id":"https:\/\/www.leti.lt\/wordpress\/#website","url":"https:\/\/www.leti.lt\/wordpress\/","name":"Le TILT","description":"Recherche, publication, cr\u00e9ation artistique","potentialAction":[{"@type":"SearchAction","target":{"@type":"EntryPoint","urlTemplate":"https:\/\/www.leti.lt\/wordpress\/?s={search_term_string}"},"query-input":{"@type":"PropertyValueSpecification","valueRequired":true,"valueName":"search_term_string"}}],"inLanguage":"fr-FR"},{"@type":"Person","@id":"https:\/\/www.leti.lt\/wordpress\/#\/schema\/person\/9bb307b2af8fbb575bb3603e57951f75","name":"Andr\u00e9ine Bel","image":{"@type":"ImageObject","inLanguage":"fr-FR","@id":"https:\/\/secure.gravatar.com\/avatar\/4ab041ec7c7ad3b90293023e86528ec1a700ce2971ff61811b2df6b288dd1f38?s=96&d=identicon&r=g","url":"https:\/\/secure.gravatar.com\/avatar\/4ab041ec7c7ad3b90293023e86528ec1a700ce2971ff61811b2df6b288dd1f38?s=96&d=identicon&r=g","contentUrl":"https:\/\/secure.gravatar.com\/avatar\/4ab041ec7c7ad3b90293023e86528ec1a700ce2971ff61811b2df6b288dd1f38?s=96&d=identicon&r=g","caption":"Andr\u00e9ine Bel"},"url":"https:\/\/www.leti.lt\/wordpress\/author\/andreine\/"}]}},"_links":{"self":[{"href":"https:\/\/www.leti.lt\/wordpress\/wp-json\/wp\/v2\/posts\/306","targetHints":{"allow":["GET"]}}],"collection":[{"href":"https:\/\/www.leti.lt\/wordpress\/wp-json\/wp\/v2\/posts"}],"about":[{"href":"https:\/\/www.leti.lt\/wordpress\/wp-json\/wp\/v2\/types\/post"}],"author":[{"embeddable":true,"href":"https:\/\/www.leti.lt\/wordpress\/wp-json\/wp\/v2\/users\/2"}],"replies":[{"embeddable":true,"href":"https:\/\/www.leti.lt\/wordpress\/wp-json\/wp\/v2\/comments?post=306"}],"version-history":[{"count":1,"href":"https:\/\/www.leti.lt\/wordpress\/wp-json\/wp\/v2\/posts\/306\/revisions"}],"predecessor-version":[{"id":709,"href":"https:\/\/www.leti.lt\/wordpress\/wp-json\/wp\/v2\/posts\/306\/revisions\/709"}],"wp:attachment":[{"href":"https:\/\/www.leti.lt\/wordpress\/wp-json\/wp\/v2\/media?parent=306"}],"wp:term":[{"taxonomy":"category","embeddable":true,"href":"https:\/\/www.leti.lt\/wordpress\/wp-json\/wp\/v2\/categories?post=306"},{"taxonomy":"post_tag","embeddable":true,"href":"https:\/\/www.leti.lt\/wordpress\/wp-json\/wp\/v2\/tags?post=306"}],"curies":[{"name":"wp","href":"https:\/\/api.w.org\/{rel}","templated":true}]}}