{"id":304,"date":"2020-02-16T15:30:34","date_gmt":"2020-02-16T14:30:34","guid":{"rendered":"https:\/\/www.leti.lt\/wordpress\/?p=304"},"modified":"2020-06-10T14:07:20","modified_gmt":"2020-06-10T12:07:20","slug":"evenements-danseforumregionforcalquier","status":"publish","type":"post","link":"https:\/\/www.leti.lt\/wordpress\/evenements-danseforumregionforcalquier\/","title":{"rendered":"Danse forum r\u00e9gion de Forcalquier"},"content":{"rendered":"\n<p><a href=\"https:\/\/www.leti.lt\/wordpress\/evenements-evenements\/\">Ev\u00e9\u00adne\u00adments<\/a><br>\u2192<a href=\"https:\/\/www.leti.lt\/wordpress\/evenements-ateliersreguliers\/\">Ate\u00adliers r\u00e9gu\u00adliers<\/a><br><br><b>Ame\u00adner la vie dans la danse, rame\u00adner la danse dans la vie<\/b><br><br>Les danses forum ont lieu \u00e0&nbsp;For\u00adcal\u00adquier, \u00e0&nbsp;la salle de danse, Place Mar\u00adtial Sicard (\u00e0 c\u00f4t\u00e9 du grand par\u00adking, \u00e0&nbsp;l\u2019int\u00e9rieur de la cours des arti\u00adsans \u2013 \u00e0&nbsp;l\u2019arri\u00e8re de la mai\u00adrie, un dimanche par mois. Quand vous ren\u00adtrez dans la cours, \u00e0&nbsp;votre gauche il y&nbsp;a des arcades et c\u2019est la pre\u00admi\u00e8re porte sous les arcades. Les habitu\u00e9(e)s le savent, mais il y&nbsp;aura peut \u00eatre des nouv\/eaux\/elles, vous pou\u00advez donc appor\u00adter des CDs, des ins\u00adtru\u00adments de musique (pour faire de l\u2019impro musi\u00adcal avec les impros dan\u00ads\u00e9s), des livres ou textes de po\u00e9\u00adsie, des outils pour dessiner\/peindre et du papier\u2026 Appor\u00adtez \u00e9ga\u00adle\u00adment un petit mate\u00adlas ou natte et\/ou ev. une cou\u00adver\u00adture pour l\u2019\u00e9chauffement. La salle est nor\u00adma\u00adle\u00adment chauf\u00adf\u00e9e mais elle ne dis\u00adpose pas de nattes ou tata\u00admis. Et pour finir, vous pou\u00advez aus\u00adsi appor\u00adter quelque chose \u00e0&nbsp;grignoter\/boire \u00e0&nbsp;par\u00adta\u00adger \u00e0&nbsp;la pause. Venez pour 14h30, nous fini\u00adrons nor\u00adma\u00adle\u00adment vers 18h30.<br><br>Je veux bien rece\u00advoir vos confir\u00adma\u00adtions pour celles et ceux qui comptent venir \u2013 par mail ou t\u00e9l\u00e9\u00adphone (mes num\u00e9\u00adros&nbsp;: 04 92 75 17 36 et 06 18 56 28 09).<br><br>L\u2019atelier est au prix libre (vous payez ce que vous pouvez\/voulez). Cet ate\u00adlier est ouvert \u00e0&nbsp;toutes et tous, sans pr\u00e9-requis en danse.<br>Au plai\u00adsir de dan\u00adser ensemble, en ces jours de gri\u00adsaille et froid.<br><br>Je confir\u00adme\u00adrai chaque date quelques jours avant, et mer\u00adci de vous ins\u00adcrire \u00e9ga\u00adle\u00adment&nbsp;! Ca reste au prix libre&nbsp;! Ami\u00adti\u00e9s, Johan\u00adna<br><br>Johan\u00adna Bou\u00adchar\u00addeau johanna.bouchardeau(arobase)gmail.com&gt;<br><br> \u2014\u200a\u2014\u200a\u2014\u200a\u2013<br><br>Libre\u00adment ins\u00adpi\u00adr\u00e9 du th\u00e9\u00e2tre forum d\u2019Augusto Boal, un ate\u00adlier de recherche sur la danse forum s\u2019est cr\u00e9\u00e9 sur Lam\u00adbesc (pr\u00e8s d\u2019Aix-en-Provence) en 2005 et voi\u00adl\u00e0 qu\u2019il s\u2019ouvre sur d\u2019autres lieux.<br><br>La danse forum n\u2019est bas\u00e9e sur aucune tech\u00adnique conven\u00adtion\u00adnelle de danse. Il s\u2019agit plu\u00adt\u00f4t de trou\u00adver le che\u00admin pour se relier \u00e0&nbsp;ses sen\u00adsa\u00adtions de l\u2019instant pr\u00e9\u00adsent et leur mise en mou\u00adve\u00adment avec le groupe. Ain\u00adsi, dans chaque ate\u00adlier \u00e9merge un th\u00e8me, suite aux exp\u00e9\u00adri\u00admen\u00adta\u00adtions de chacun(e) et de l\u2019ensemble des participant(e)s. C\u2019est ce th\u00e8me et sa pro\u00adbl\u00e9\u00adma\u00adti\u00adsa\u00adtion qui sont mis en sc\u00e8ne par la suite sous forme d\u2019improvisations dan\u00ads\u00e9es. Le forum peut alors com\u00admen\u00adcer.<br><br>Ni per\u00adfor\u00admance, ni juge\u00adment, ni obli\u00adga\u00adtion de r\u00e9sul\u00adtat \u00e0&nbsp;mon\u00adtrer, juste une exi\u00adgence int\u00e9\u00adrieure, et le plai\u00adsir de dan\u00adser et cher\u00adcher ensemble. Tout le monde est dan\u00adseur et spec\u00adta\u00adteur&nbsp;: le regard du spec\u00adta\u00adteur s\u2019auto-\u00e9duque avec le dan\u00adseur et lui per\u00admet d\u2019\u00e9voluer dans les deux pra\u00adtiques.<br><br><b>Dans un monde qui essaie de sim\u00adpli\u00adfier l\u2019humain au point de vou\u00adloir le rendre lisse, il est temps de \u00ab&nbsp;pro\u00adbl\u00e9\u00adma\u00adti\u00adser&nbsp;\u00bb son inter\u00adac\u00adtion avec l\u2019autre, avec l\u2019art, avec la vie \u2013 l\u2019art de la vie \u00e9tant le pre\u00admier des arts, le seul pour lequel il est enfin \u00e9vident qu\u2019il suf\u00adfit d\u2019\u00eatre soi-m\u00eame, et le reste vient tout seul ensuite\u2026 <\/b> (Andr\u00e9ine Bel, ini\u00adtia\u00adtrice du groupe de recherche coop\u00e9\u00adra\u00adtive sur la danse forum, dans \u00ab&nbsp;Qu\u2019est-ce que la danse forum ?\u00bb, 2007, voir blog&nbsp;: http:\/\/\u200bwiki\u200b.leti\u200b.lt)<br><br><b>La danse est la po\u00e9\u00adsie du non-dit<\/b><\/p>\n<p style=\"color:green; text-align:right !important;\">Article cr\u00e9\u00e9 le 16\/02\/2020 \u2013 modi\u00adfi\u00e9 le 10\/06\/2020<\/p>","protected":false},"excerpt":{"rendered":"<p>Ev\u00e9\u00adne\u00adments\u2192Ate\u00adliers r\u00e9gu\u00adliers Ame\u00adner la vie dans la danse, rame\u00adner la danse dans la&nbsp;vie Les danses forum ont lieu \u00e0&nbsp;For\u00adcal\u00adquier, \u00e0&nbsp;la salle de danse, Place Mar\u00adtial Sicard (\u00e0 c\u00f4t\u00e9 du grand par\u00adking, \u00e0&nbsp;l\u2019int\u00e9rieur de la cours des arti\u00adsans \u2013 \u00e0&nbsp;l\u2019arri\u00e8re de la mai\u00adrie, un dimanche par mois. Quand vous ren\u00adtrez dans la cours, \u00e0&nbsp;votre gauche il y&nbsp;a&nbsp;des arcades et c\u2019est la pre\u00admi\u00e8re porte sous les arcades. Les habitu\u00e9(e)s le savent, mais il y&nbsp;aura peut \u00eatre des nouv\/eaux\/elles, vous pou\u00advez&nbsp;donc&nbsp;[\u2026]<\/p>\n","protected":false},"author":2,"featured_media":0,"comment_status":"open","ping_status":"open","sticky":false,"template":"","format":"standard","meta":{"wp_typography_post_enhancements_disabled":false,"footnotes":""},"categories":[132],"tags":[61],"class_list":["post-304","post","type-post","status-publish","format-standard","hentry","category-ateliers_forcalquier","tag-evenements_misc_"],"yoast_head":"<!-- This site is optimized with the Yoast SEO plugin v27.5 - https:\/\/yoast.com\/product\/yoast-seo-wordpress\/ -->\n<title>Danse forum r\u00e9gion de Forcalquier - Le TILT<\/title>\n<meta name=\"robots\" content=\"index, follow, max-snippet:-1, max-image-preview:large, max-video-preview:-1\" \/>\n<link rel=\"canonical\" href=\"https:\/\/www.leti.lt\/wordpress\/evenements-danseforumregionforcalquier\/\" \/>\n<meta property=\"og:locale\" content=\"fr_FR\" \/>\n<meta property=\"og:type\" content=\"article\" \/>\n<meta property=\"og:title\" content=\"Danse forum r\u00e9gion de Forcalquier - Le TILT\" \/>\n<meta property=\"og:description\" content=\"Ev\u00e9\u00adne\u00adments\u2192Ate\u00adliers r\u00e9guliers Ame\u00adner la vie dans la danse, rame\u00adner la danse dans la&nbsp;vie Les danses forum ont lieu \u00e0&nbsp;For\u00adcal\u00adquier, \u00e0&nbsp;la salle de danse, Place Mar\u00adtial Sicard (\u00e0 c\u00f4t\u00e9 du grand par\u00adking, \u00e0&nbsp;l\u2019int\u00e9rieur de la cours des arti\u00adsans \u2013 \u00e0&nbsp;l\u2019arri\u00e8re de la mai\u00adrie, un dimanche par mois. Quand vous ren\u00adtrez dans la cours, \u00e0&nbsp;votre gauche il y&nbsp;a des arcades et c\u2019est la pre\u00admi\u00e8re porte sous les arcades. Les habitu\u00e9(e)s le savent, mais il y&nbsp;aura peut \u00eatre des nouv\/eaux\/elles, vous pou\u00advez donc [&hellip;]\" \/>\n<meta property=\"og:url\" content=\"https:\/\/www.leti.lt\/wordpress\/evenements-danseforumregionforcalquier\/\" \/>\n<meta property=\"og:site_name\" content=\"Le TILT\" \/>\n<meta property=\"article:published_time\" content=\"2020-02-16T14:30:34+00:00\" \/>\n<meta property=\"article:modified_time\" content=\"2020-06-10T12:07:20+00:00\" \/>\n<meta name=\"author\" content=\"Andr\u00e9ine Bel\" \/>\n<meta name=\"twitter:card\" content=\"summary_large_image\" \/>\n<meta name=\"twitter:label1\" content=\"\u00c9crit par\" \/>\n\t<meta name=\"twitter:data1\" content=\"Andr\u00e9ine Bel\" \/>\n\t<meta name=\"twitter:label2\" content=\"Dur\u00e9e de lecture estim\u00e9e\" \/>\n\t<meta name=\"twitter:data2\" content=\"3 minutes\" \/>\n<script type=\"application\/ld+json\" class=\"yoast-schema-graph\">{\"@context\":\"https:\\\/\\\/schema.org\",\"@graph\":[{\"@type\":\"Article\",\"@id\":\"https:\\\/\\\/www.leti.lt\\\/wordpress\\\/evenements-danseforumregionforcalquier\\\/#article\",\"isPartOf\":{\"@id\":\"https:\\\/\\\/www.leti.lt\\\/wordpress\\\/evenements-danseforumregionforcalquier\\\/\"},\"author\":{\"name\":\"Andr\u00e9ine Bel\",\"@id\":\"https:\\\/\\\/www.leti.lt\\\/wordpress\\\/#\\\/schema\\\/person\\\/9bb307b2af8fbb575bb3603e57951f75\"},\"headline\":\"Danse forum r\u00e9gion de Forcalquier\",\"datePublished\":\"2020-02-16T14:30:34+00:00\",\"dateModified\":\"2020-06-10T12:07:20+00:00\",\"mainEntityOfPage\":{\"@id\":\"https:\\\/\\\/www.leti.lt\\\/wordpress\\\/evenements-danseforumregionforcalquier\\\/\"},\"wordCount\":555,\"commentCount\":0,\"keywords\":[\"Evenements_misc_\"],\"articleSection\":[\"Ateliers Forcalquier\"],\"inLanguage\":\"fr-FR\",\"potentialAction\":[{\"@type\":\"CommentAction\",\"name\":\"Comment\",\"target\":[\"https:\\\/\\\/www.leti.lt\\\/wordpress\\\/evenements-danseforumregionforcalquier\\\/#respond\"]}]},{\"@type\":\"WebPage\",\"@id\":\"https:\\\/\\\/www.leti.lt\\\/wordpress\\\/evenements-danseforumregionforcalquier\\\/\",\"url\":\"https:\\\/\\\/www.leti.lt\\\/wordpress\\\/evenements-danseforumregionforcalquier\\\/\",\"name\":\"Danse forum r\u00e9gion de Forcalquier - Le TILT\",\"isPartOf\":{\"@id\":\"https:\\\/\\\/www.leti.lt\\\/wordpress\\\/#website\"},\"datePublished\":\"2020-02-16T14:30:34+00:00\",\"dateModified\":\"2020-06-10T12:07:20+00:00\",\"author\":{\"@id\":\"https:\\\/\\\/www.leti.lt\\\/wordpress\\\/#\\\/schema\\\/person\\\/9bb307b2af8fbb575bb3603e57951f75\"},\"breadcrumb\":{\"@id\":\"https:\\\/\\\/www.leti.lt\\\/wordpress\\\/evenements-danseforumregionforcalquier\\\/#breadcrumb\"},\"inLanguage\":\"fr-FR\",\"potentialAction\":[{\"@type\":\"ReadAction\",\"target\":[\"https:\\\/\\\/www.leti.lt\\\/wordpress\\\/evenements-danseforumregionforcalquier\\\/\"]}]},{\"@type\":\"BreadcrumbList\",\"@id\":\"https:\\\/\\\/www.leti.lt\\\/wordpress\\\/evenements-danseforumregionforcalquier\\\/#breadcrumb\",\"itemListElement\":[{\"@type\":\"ListItem\",\"position\":1,\"name\":\"Accueil\",\"item\":\"https:\\\/\\\/www.leti.lt\\\/wordpress\\\/\"},{\"@type\":\"ListItem\",\"position\":2,\"name\":\"Danse forum r\u00e9gion de Forcalquier\"}]},{\"@type\":\"WebSite\",\"@id\":\"https:\\\/\\\/www.leti.lt\\\/wordpress\\\/#website\",\"url\":\"https:\\\/\\\/www.leti.lt\\\/wordpress\\\/\",\"name\":\"Le TILT\",\"description\":\"Recherche, publication, cr\u00e9ation artistique\",\"potentialAction\":[{\"@type\":\"SearchAction\",\"target\":{\"@type\":\"EntryPoint\",\"urlTemplate\":\"https:\\\/\\\/www.leti.lt\\\/wordpress\\\/?s={search_term_string}\"},\"query-input\":{\"@type\":\"PropertyValueSpecification\",\"valueRequired\":true,\"valueName\":\"search_term_string\"}}],\"inLanguage\":\"fr-FR\"},{\"@type\":\"Person\",\"@id\":\"https:\\\/\\\/www.leti.lt\\\/wordpress\\\/#\\\/schema\\\/person\\\/9bb307b2af8fbb575bb3603e57951f75\",\"name\":\"Andr\u00e9ine Bel\",\"image\":{\"@type\":\"ImageObject\",\"inLanguage\":\"fr-FR\",\"@id\":\"https:\\\/\\\/secure.gravatar.com\\\/avatar\\\/4ab041ec7c7ad3b90293023e86528ec1a700ce2971ff61811b2df6b288dd1f38?s=96&d=identicon&r=g\",\"url\":\"https:\\\/\\\/secure.gravatar.com\\\/avatar\\\/4ab041ec7c7ad3b90293023e86528ec1a700ce2971ff61811b2df6b288dd1f38?s=96&d=identicon&r=g\",\"contentUrl\":\"https:\\\/\\\/secure.gravatar.com\\\/avatar\\\/4ab041ec7c7ad3b90293023e86528ec1a700ce2971ff61811b2df6b288dd1f38?s=96&d=identicon&r=g\",\"caption\":\"Andr\u00e9ine Bel\"},\"url\":\"https:\\\/\\\/www.leti.lt\\\/wordpress\\\/author\\\/andreine\\\/\"}]}<\/script>\n<!-- \/ Yoast SEO plugin. -->","yoast_head_json":{"title":"Danse forum r\u00e9gion de Forcalquier - Le TILT","robots":{"index":"index","follow":"follow","max-snippet":"max-snippet:-1","max-image-preview":"max-image-preview:large","max-video-preview":"max-video-preview:-1"},"canonical":"https:\/\/www.leti.lt\/wordpress\/evenements-danseforumregionforcalquier\/","og_locale":"fr_FR","og_type":"article","og_title":"Danse forum r\u00e9gion de Forcalquier - Le TILT","og_description":"Ev\u00e9\u00adne\u00adments\u2192Ate\u00adliers r\u00e9guliers Ame\u00adner la vie dans la danse, rame\u00adner la danse dans la&nbsp;vie Les danses forum ont lieu \u00e0&nbsp;For\u00adcal\u00adquier, \u00e0&nbsp;la salle de danse, Place Mar\u00adtial Sicard (\u00e0 c\u00f4t\u00e9 du grand par\u00adking, \u00e0&nbsp;l\u2019int\u00e9rieur de la cours des arti\u00adsans \u2013 \u00e0&nbsp;l\u2019arri\u00e8re de la mai\u00adrie, un dimanche par mois. Quand vous ren\u00adtrez dans la cours, \u00e0&nbsp;votre gauche il y&nbsp;a des arcades et c\u2019est la pre\u00admi\u00e8re porte sous les arcades. Les habitu\u00e9(e)s le savent, mais il y&nbsp;aura peut \u00eatre des nouv\/eaux\/elles, vous pou\u00advez donc [&hellip;]","og_url":"https:\/\/www.leti.lt\/wordpress\/evenements-danseforumregionforcalquier\/","og_site_name":"Le TILT","article_published_time":"2020-02-16T14:30:34+00:00","article_modified_time":"2020-06-10T12:07:20+00:00","author":"Andr\u00e9ine Bel","twitter_card":"summary_large_image","twitter_misc":{"\u00c9crit par":"Andr\u00e9ine Bel","Dur\u00e9e de lecture estim\u00e9e":"3 minutes"},"schema":{"@context":"https:\/\/schema.org","@graph":[{"@type":"Article","@id":"https:\/\/www.leti.lt\/wordpress\/evenements-danseforumregionforcalquier\/#article","isPartOf":{"@id":"https:\/\/www.leti.lt\/wordpress\/evenements-danseforumregionforcalquier\/"},"author":{"name":"Andr\u00e9ine Bel","@id":"https:\/\/www.leti.lt\/wordpress\/#\/schema\/person\/9bb307b2af8fbb575bb3603e57951f75"},"headline":"Danse forum r\u00e9gion de Forcalquier","datePublished":"2020-02-16T14:30:34+00:00","dateModified":"2020-06-10T12:07:20+00:00","mainEntityOfPage":{"@id":"https:\/\/www.leti.lt\/wordpress\/evenements-danseforumregionforcalquier\/"},"wordCount":555,"commentCount":0,"keywords":["Evenements_misc_"],"articleSection":["Ateliers Forcalquier"],"inLanguage":"fr-FR","potentialAction":[{"@type":"CommentAction","name":"Comment","target":["https:\/\/www.leti.lt\/wordpress\/evenements-danseforumregionforcalquier\/#respond"]}]},{"@type":"WebPage","@id":"https:\/\/www.leti.lt\/wordpress\/evenements-danseforumregionforcalquier\/","url":"https:\/\/www.leti.lt\/wordpress\/evenements-danseforumregionforcalquier\/","name":"Danse forum r\u00e9gion de Forcalquier - Le TILT","isPartOf":{"@id":"https:\/\/www.leti.lt\/wordpress\/#website"},"datePublished":"2020-02-16T14:30:34+00:00","dateModified":"2020-06-10T12:07:20+00:00","author":{"@id":"https:\/\/www.leti.lt\/wordpress\/#\/schema\/person\/9bb307b2af8fbb575bb3603e57951f75"},"breadcrumb":{"@id":"https:\/\/www.leti.lt\/wordpress\/evenements-danseforumregionforcalquier\/#breadcrumb"},"inLanguage":"fr-FR","potentialAction":[{"@type":"ReadAction","target":["https:\/\/www.leti.lt\/wordpress\/evenements-danseforumregionforcalquier\/"]}]},{"@type":"BreadcrumbList","@id":"https:\/\/www.leti.lt\/wordpress\/evenements-danseforumregionforcalquier\/#breadcrumb","itemListElement":[{"@type":"ListItem","position":1,"name":"Accueil","item":"https:\/\/www.leti.lt\/wordpress\/"},{"@type":"ListItem","position":2,"name":"Danse forum r\u00e9gion de Forcalquier"}]},{"@type":"WebSite","@id":"https:\/\/www.leti.lt\/wordpress\/#website","url":"https:\/\/www.leti.lt\/wordpress\/","name":"Le TILT","description":"Recherche, publication, cr\u00e9ation artistique","potentialAction":[{"@type":"SearchAction","target":{"@type":"EntryPoint","urlTemplate":"https:\/\/www.leti.lt\/wordpress\/?s={search_term_string}"},"query-input":{"@type":"PropertyValueSpecification","valueRequired":true,"valueName":"search_term_string"}}],"inLanguage":"fr-FR"},{"@type":"Person","@id":"https:\/\/www.leti.lt\/wordpress\/#\/schema\/person\/9bb307b2af8fbb575bb3603e57951f75","name":"Andr\u00e9ine Bel","image":{"@type":"ImageObject","inLanguage":"fr-FR","@id":"https:\/\/secure.gravatar.com\/avatar\/4ab041ec7c7ad3b90293023e86528ec1a700ce2971ff61811b2df6b288dd1f38?s=96&d=identicon&r=g","url":"https:\/\/secure.gravatar.com\/avatar\/4ab041ec7c7ad3b90293023e86528ec1a700ce2971ff61811b2df6b288dd1f38?s=96&d=identicon&r=g","contentUrl":"https:\/\/secure.gravatar.com\/avatar\/4ab041ec7c7ad3b90293023e86528ec1a700ce2971ff61811b2df6b288dd1f38?s=96&d=identicon&r=g","caption":"Andr\u00e9ine Bel"},"url":"https:\/\/www.leti.lt\/wordpress\/author\/andreine\/"}]}},"_links":{"self":[{"href":"https:\/\/www.leti.lt\/wordpress\/wp-json\/wp\/v2\/posts\/304","targetHints":{"allow":["GET"]}}],"collection":[{"href":"https:\/\/www.leti.lt\/wordpress\/wp-json\/wp\/v2\/posts"}],"about":[{"href":"https:\/\/www.leti.lt\/wordpress\/wp-json\/wp\/v2\/types\/post"}],"author":[{"embeddable":true,"href":"https:\/\/www.leti.lt\/wordpress\/wp-json\/wp\/v2\/users\/2"}],"replies":[{"embeddable":true,"href":"https:\/\/www.leti.lt\/wordpress\/wp-json\/wp\/v2\/comments?post=304"}],"version-history":[{"count":1,"href":"https:\/\/www.leti.lt\/wordpress\/wp-json\/wp\/v2\/posts\/304\/revisions"}],"predecessor-version":[{"id":707,"href":"https:\/\/www.leti.lt\/wordpress\/wp-json\/wp\/v2\/posts\/304\/revisions\/707"}],"wp:attachment":[{"href":"https:\/\/www.leti.lt\/wordpress\/wp-json\/wp\/v2\/media?parent=304"}],"wp:term":[{"taxonomy":"category","embeddable":true,"href":"https:\/\/www.leti.lt\/wordpress\/wp-json\/wp\/v2\/categories?post=304"},{"taxonomy":"post_tag","embeddable":true,"href":"https:\/\/www.leti.lt\/wordpress\/wp-json\/wp\/v2\/tags?post=304"}],"curies":[{"name":"wp","href":"https:\/\/api.w.org\/{rel}","templated":true}]}}