{"id":294,"date":"2020-02-16T15:30:34","date_gmt":"2020-02-16T14:30:34","guid":{"rendered":"https:\/\/www.leti.lt\/wordpress\/?p=294"},"modified":"2020-06-10T14:13:05","modified_gmt":"2020-06-10T12:13:05","slug":"evenements-bilansetperspectives","status":"publish","type":"post","link":"https:\/\/www.leti.lt\/wordpress\/evenements-bilansetperspectives\/","title":{"rendered":"Bilans et perspectives"},"content":{"rendered":"\n<p><a href=\"https:\/\/www.leti.lt\/wordpress\/evenements-evenements\/\">Ev\u00e9\u00adne\u00adments<\/a><br>\u2192<a href=\"https:\/\/www.leti.lt\/wordpress\/evenements-reunions\/\">R\u00e9unions<\/a><br>\u2192<a href=\"https:\/\/www.leti.lt\/wordpress\/evenements-comptesrendusdereunions\/\"> Comptes-ren\u00addus de r\u00e9unions<\/a><br><br>8 mars 2008<br><br><b>Sur la pointe d\u2019une herbe<\/b><br><br>Devant l\u2019infini du ciel<br><br>une four\u00admi<br><br>Osa\u00adki H\u00f4sai<br><br>Nous \u00e9tions huit \u00e0&nbsp;nous r\u00e9unir \u00e0&nbsp;Venelles, chez Andr\u00e9ine.<br><br><i>Etaient pr\u00e9\u00adsents<\/i>&nbsp;: Alexandre, Aman\u00adda, Andr\u00e9ine, Ber\u00adnard, \u00c9li\u00adsa\u00adbeth, Guillaume, Johan\u00adna et Nadine.<br>[Aurore, Ken, Lisa et Marie-Aude n\u2019ont pu venir, bien qu\u2019ils l\u2019auraient sou\u00adhai\u00adt\u00e9. Laurent sou\u00adhaite par\u00adti\u00adci\u00adper \u00e0&nbsp;la danse forum mais pas aux r\u00e9unions. Leo\u00adnar\u00addo suit de pr\u00e8s les ate\u00adliers, et nous envoie de Hol\u00adlande ses ami\u00adti\u00e9s.]<br><br>Cette r\u00e9union \u00e9tait une volon\u00adt\u00e9 forte expri\u00adm\u00e9e par cer\u00adtains des par\u00adti\u00adci\u00adpants de la danse forum.<br><br>Le manque de par\u00adti\u00adci\u00adpa\u00adtion aux ate\u00adliers depuis la reprise d\u2019octobre 2007, les ques\u00adtions concer\u00adnant les ate\u00adliers publics, le lieu du forum des ate\u00adliers ain\u00adsi que les horaires et d\u2019autres ques\u00adtions \u00e9taient \u00e0&nbsp;l\u2019origine de cette volon\u00adt\u00e9.<br><br>Andr\u00e9ine avait pr\u00e9\u00adpa\u00adr\u00e9 la r\u00e9union, en envoyant \u00e0&nbsp;cha\u00adcun des par\u00adti\u00adci\u00adpants une liste de points \u00e0&nbsp;abor\u00adder lors de la ren\u00adcontre. Elle s\u2019est ins\u00adpi\u00adr\u00e9e du livre \u00ab&nbsp;Micro\u00adpo\u00adli\u00adtiques des groupes, pour une \u00e9co\u00adlo\u00adgie des pra\u00adtiques col\u00adlec\u00adtives&nbsp;\u00bb de David Ver\u00adcau\u00adte\u00adren, HB Edi\u00adtions, pour la m\u00e9tho\u00addo\u00adlo\u00adgie de notre dis\u00adcus\u00adsion.<br><br>Lors d\u2019une courte pr\u00e9-r\u00e9union, la m\u00e9tho\u00addo\u00adlo\u00adgie a&nbsp;\u00e9t\u00e9 vali\u00add\u00e9e par les per\u00adsonnes pr\u00e9\u00adsentes, en fait tout le monde excep\u00adt\u00e9 Guillaume, dont l\u2019arriv\u00e9e a \u00ab&nbsp;son\u00adn\u00e9&nbsp;\u00bb le d\u00e9but de notre entre\u00adtien.<br><br><i>Voi\u00adci ces consignes<\/i>&nbsp;:<br><br>Tout d\u2019abord effec\u00adtuer un tour de table appe\u00adl\u00e9 \u00ab&nbsp;point m\u00e9t\u00e9o&nbsp;\u00bb, lors duquel cha\u00adcun exprime son \u00e9tat du moment et ce qu\u2019il attend de cette r\u00e9union.<br><br>Ensuite il a&nbsp;\u00e9t\u00e9 expli\u00adqu\u00e9 que cha\u00adcun pou\u00advait s\u2019attribuer un r\u00f4le par rap\u00adport au d\u00e9rou\u00adle\u00adment de la r\u00e9union, \u00e0&nbsp;savoir&nbsp;; veilleur du temps, de l\u2019ambiance\u2026 Il a&nbsp;\u00e9t\u00e9 rap\u00adpe\u00adl\u00e9 l\u2019importance pour le groupe de se \u00ab&nbsp;sen\u00adbi\u00adli\u00adser aux signes&nbsp;\u00bb de d\u00e9s\u00adin\u00adt\u00e9\u00adr\u00eat, d\u2019impatience, d\u2019agacement\u2026<br><br>La consigne sui\u00advante fut celle du \u00ab&nbsp;pas de c\u00f4t\u00e9&nbsp;\u00bb. A&nbsp;cer\u00adtains moments de la r\u00e9union, un \u00ab&nbsp;pas de c\u00f4t\u00e9&nbsp;\u00bb est n\u00e9ces\u00adsaire. C\u2019est un retour \u00e0&nbsp;une posi\u00adtion \u00ab&nbsp;m\u00e9ta&nbsp;\u00bb qui per\u00admet de por\u00adter un regard plus glo\u00adbal sur ce qui est en train de se pas\u00adser, sur ce qui s\u2019est pas\u00ads\u00e9 et ce \u00e0&nbsp;quoi \u00e7a nous m\u00e8ne (tou\u00adjours du point de vue du d\u00e9rou\u00adle\u00adment de la dis\u00adcus\u00adsion). En bref, c\u2019est prendre de la hau\u00adteur et re-cadrer la dis\u00adcus\u00adsion.<br><br>Le point sui\u00advant est l\u2019\u00e9laboration des objec\u00adtifs for\u00adma\u00adli\u00ads\u00e9s par une s\u00e9rie de ques\u00adtions aux\u00adquelles cha\u00adcun sou\u00adhaite r\u00e9pondre.<br><br>Une fois cette phase de pr\u00e9\u00adpa\u00adra\u00adtion ter\u00admi\u00adn\u00e9e, vient la dis\u00adcus\u00adsion gui\u00add\u00e9e par les objec\u00adtifs et les \u00ab&nbsp;pas de cot\u00e9s&nbsp;\u00bb.<br><br>La der\u00adni\u00e8re chose rap\u00adpe\u00adl\u00e9e a&nbsp;\u00e9t\u00e9 l\u2019importance de finir la r\u00e9union (un d\u00e9but, un milieu, une fin) afin de fixer et capi\u00adta\u00adli\u00adser les acquis de la dis\u00adcus\u00adsion.<br><br><i>Une fois l\u2019introduction ter\u00admi\u00adn\u00e9e, la suite sera com\u00adpo\u00ads\u00e9e<\/i>&nbsp;:<br><br>d\u2019une vue d\u2019ensemble des points m\u00e9t\u00e9o<br><br>d\u2019une liste exhaus\u00adtive des ques\u00adtions<br><br>du plan de la dis\u00adcus\u00adsion issu de ces ques\u00adtions<br><br>du rap\u00adport de la dis\u00adcus\u00adsion<br><br>des dif\u00adf\u00e9\u00adrents pro\u00adjets<br><br>et du bilan de la dis\u00adcus\u00adsion.<br><br><br><i>Point M\u00e9t\u00e9o&nbsp;:<\/i><br><br>Les mots qui sont sor\u00adtis de la bouche de cha\u00adcun \u00e9taient&nbsp;:<br><br>ouver\u00adture<br><br>impa\u00adtience<br><br>tient \u00e0&nbsp;c\u0153ur<br><br>besoin vital<br><br>espion\u00adnage\u2026 (Ber\u00adnard)<br><br>obser\u00adver l\u2019\u00e9volution du groupe<br><br>par\u00adfois le sen\u00adti\u00adment d\u2019\u00e9loignement face au manque de dis\u00adpo\u00adni\u00adbi\u00adli\u00adt\u00e9<br><br>crainte que l\u2019atelier danse forum s\u2019arr\u00eate.<br><br><i>Les Objec\u00adtifs&nbsp;:<\/i><br><br><i>Liste des ques\u00adtions&nbsp;:<\/i><br><br>Moti\u00adva\u00adtions de cha\u00adcun \u00e0&nbsp;pra\u00adti\u00adquer la danse forum&nbsp;?<br><br>Est-ce que nous nous situons dans un pro\u00adces\u00adsus \u00ab&nbsp;vers l\u2019avenir&nbsp;\u00bb, ou dans une d\u00e9marche\/pr\u00e9occupation tour\u00adn\u00e9e \u00ab&nbsp;vers le deve\u00adnir&nbsp;\u00bb, de notre pra\u00adtique&nbsp;?<br><br>Quelles sont les rai\u00adsons (contraines, inad\u00e9\u00adqua\u00adtions) qui emp\u00eachent l\u2019assiduit\u00e9 \u00e0&nbsp;l\u2019atelier&nbsp;?<br><br>D\u00e9ter\u00admi\u00adner la ques\u00adtion de l\u2019assiduit\u00e9 n\u00e9ces\u00adsaire et\/ou suf\u00adfi\u00adsante de la p<br><br>r\u00e9sence \u00e0&nbsp;l\u2019atelier&nbsp;?<br><br>Aspects pra\u00adtiques&nbsp;: O\u00f9, quand, com\u00adment et dans quel but&nbsp;?<br><br>Quels sont nos pro\u00adjets&nbsp;?<br><br>Qu\u2019est ce qui fait que la danse forum se trans\u00adforme&nbsp;?<br><br>Pour\u00adquoi (et le sent-on ?) la DF a\u2011t-elle besoin de se trans\u00adfor\u00admer&nbsp;?<br><br>Notre pra\u00adtique actuelle stagne, selon cer\u00adtains par\u00adti\u00adci\u00adpants. Pour\u00adquoi&nbsp;? Com\u00adment peut-on y&nbsp;palier&nbsp;?<br><br>Sou\u00adhait de par\u00adler de danse, afin d\u2019approfondir notre pra\u00adtique.<br><br>Sou\u00adhait de par\u00adler de chant, d\u2019enrichissement mutuel avec la danse.<br><br>Sou\u00adhait de par\u00adler de th\u00e9\u00e2tre, id.<br><br><br><br><i>Plan de la dis\u00adcus\u00adsion&nbsp;:<\/i><br><br>- Moti\u00adva\u00adtions de cha\u00adcun \u00e0&nbsp;par\u00adti\u00adci\u00adper \u00e0&nbsp;la DF<br><br>- Les contraintes de formes et de fond de la DF<br><br>- Le deve\u00adnir, l\u2019avenir, les pro\u00adjets<br><br>- Le bilan<br><br><i>Les Moti\u00adva\u00adtions de cha\u00adcun&nbsp;:<\/i><br><br>Nadine&nbsp;:<br><br>D\u00e9sir&nbsp;: Dan\u00adser tous les jours dans cette pra\u00adtique de la danse.<br><br>Besoin&nbsp;: Conti\u00adnuer cette pra\u00adtique avec ou sans vous.<br><br>Pos\u00adsi\u00adbi\u00adli\u00adt\u00e9s&nbsp;: Adap\u00adtables dans une large mesure.<br><br>Enga\u00adge\u00adment&nbsp;: Grand.<br><br>Johan\u00adna&nbsp;:<br><br>D\u00e9sir&nbsp;: Dan\u00adser est un besoin vital pour moi, un plai\u00adsir \u00e9norme.<br><br>Ques\u00adtion&nbsp;: Com\u00adment \u00e0&nbsp;tra\u00advers la mise en mou\u00adve\u00adment du corps et ce plai\u00adsir \u00e9norme, et le \u00ab&nbsp;cher\u00adcher ensemble&nbsp;\u00bb, on peut mou\u00advoir les micro\u00adpo\u00adli\u00adtiques de notre vie et \u00e9ven\u00adtuel\u00adle\u00adment les trans\u00adfor\u00admer. Pour le dire pom\u00adpeu\u00adse\u00adment&nbsp;: com\u00adment chan\u00adger le monde \u00e0&nbsp;par\u00adtir d\u2019une pra\u00adtique du corps&nbsp;? C\u2019est par la DF que j\u2019ai trou\u00adv\u00e9 un d\u00e9but de r\u00e9ponse, et notre recherche va, pour moi, dans ce sens.<br><br>Besoin&nbsp;: Pou\u00advoir en faire plus.<br><br>Degr\u00e9 d\u2019engagement&nbsp;: Assez fort mais pas suf\u00adfi\u00adsant (trop d\u2019autres choses \u00e0&nbsp;c\u00f4t\u00e9, que je compte dimi\u00adnuer petit \u00e0&nbsp;petit, pour lais\u00adser plus de place \u00e0&nbsp;la DF).<br><br>Aman\u00adda&nbsp;:<br><br>Pos\u00adsi\u00adbi\u00adli\u00adt\u00e9 dans un lieu dans lequel je me sens bien d\u2019explorer des sub\u00adti\u00adli\u00adt\u00e9s, des contra\u00addic\u00adtions en nous. Evo\u00adluer.<br><br>\u00ab- Elle me fait du bien&nbsp;\u00bb&nbsp;: pos\u00adsi\u00adbi\u00adli\u00adt\u00e9 de lire dans le corps.<br><br>Tou\u00adcher au \u00ab&nbsp;sublime&nbsp;\u00bb fait reve\u00adnir \u00e0&nbsp;la DF.<br><br>Alexandre&nbsp;:<br><br>D\u00e9cou\u00adverte de soi, endroit o\u00f9 l\u2019on peut s\u2019abandonner.<br><br>Andr\u00e9ine&nbsp;:<br>A chaque ate\u00adlier il y&nbsp;a au moins un moment o\u00f9 quelque chose \u00e9clot, \u00e7a me nour\u00adrit.<br><br>Enga\u00adge\u00adment&nbsp;: Tr\u00e8s fort.<br><br>Guillaume&nbsp;:<br><br>D\u00e9sir, besoin&nbsp;: Se faire du bien, col\u00adlec\u00adti\u00advi\u00adt\u00e9, acti\u00advi\u00adt\u00e9 cr\u00e9a\u00adtive et tra\u00advail de recherche.<br><br>Enga\u00adge\u00adment&nbsp;: plus moti\u00adv\u00e9 par la pra\u00adtique (le \u00ab&nbsp;faire&nbsp;\u00bb) que par le tra\u00advail de concep\u00adtua\u00adli\u00adsa\u00adtion.<br><br>Eli\u00adsa\u00adbeth&nbsp;:<br><br>J\u2019ai sen\u00adti que c\u2019\u00e9tait juste, dans ma d\u00e9marche.<br><br>J\u2019appr\u00e9cie que \u00e7a soit tou\u00adjours en recherche, que \u00e7a soit dans le vrai, dans l\u2019instant.<br><br><i>Si on doit faire un rapide r\u00e9su\u00adm\u00e9 des moti\u00adva\u00adtions \u00e0&nbsp;pra\u00adti\u00adquer la DF&nbsp;:<\/i><br><br>C\u2019est une acti\u00advi\u00adt\u00e9 de groupe en recherche \u00e0&nbsp;la fois coop\u00e9\u00adra\u00adtive et per\u00adson\u00adnelle, \u00e0&nbsp;tra\u00advers laquelle on touche par\u00adfois au sublime, au rare, au vrai, \u00e0&nbsp;l\u2019instant.<br><br>Mal\u00adgr\u00e9 les contraintes ext\u00e9\u00adrieures et int\u00e9\u00adrieures beau\u00adcoup en veulent plus, avec ou sans la struc\u00adture actuelle.<br><br>A noter que cer\u00adtain sont plus atti\u00adr\u00e9s par la pra\u00adtique que par la concep\u00adtua\u00adli\u00adsa\u00adtion.<br><br><i>Les contraintes de formes et de fonds de la DF&nbsp;:<\/i><br><br>Alexandre&nbsp;:<br><br>Le moment impar\u00adti pour aller jusqu\u2019au moment de \u00ab&nbsp;pur nou\u00adveau&nbsp;\u00bb est mal uti\u00adli\u00ads\u00e9.<br>Il y&nbsp;a des lour\u00addeurs dans la struc\u00adture de la DF ($ citer les\u00adquelles).<br><br>Rou\u00adtine anky\u00adlo\u00adsante.<br><br>Andr\u00e9ine&nbsp;:<br><br>C\u2019est pour\u00adquoi il est impor\u00adtant de faire tour\u00adner le r\u00f4le du joker.<br><br>La forme de la danse forum a&nbsp;beau\u00adcoup \u00e9vo\u00adlu\u00e9, elle s\u2019est \u00e9pu\u00adr\u00e9e, mais elle n\u2019en est qu\u2019\u00e0 ses d\u00e9buts.<br><br>Nadine&nbsp;:<br><br>Sou\u00adhait de se ser\u00advir de la danse forum pour explo\u00adrer la danse.<br><br>Depuis que je suis reve\u00adnue, je constate que la trame est solide, viable.<br><br>Andr\u00e9ine&nbsp;:<br><br>Le forum, sous sa forme actuelle, reste d\u2019actualit\u00e9.<br><br>Il faut \u00eatre flexible.<br><br>Aman\u00adda&nbsp;:<br><br>Le same\u00addi soir, ce n\u2019est pas pos\u00adsible pour moi, car si je veux avoir une vie sociale, c\u2019est le seul moment o\u00f9 je peux voir mes amis. Same\u00addi apr\u00e8s-midi convien\u00addrait, ou mieux encore, un soir en semaine.<br><br>Guillaume&nbsp;:<br><br>Serait-il pos\u00adsible de pra\u00adti\u00adquer en semaine&nbsp;?<br><br>Il rap\u00adpelle sa culture de Th\u00e9\u00e2tre forum et l\u2019importance qu\u2019a pour lui la struc\u00adture et la pro\u00adbl\u00e9\u00adma\u00adti\u00adsa\u00adtion.<br><br>La struc\u00adture per\u00admet d\u2019avancer.<br><br>Ques\u00adtion qui reste d\u2019actualit\u00e9, sur la per\u00adti\u00adnence de la notion du \u00ab&nbsp;faire n\u2019importe quoi&nbsp;\u00bb, qui appa\u00adra\u00eet comme un juge\u00adment. Le vision\u00adnage de la vid\u00e9o n\u2019est pas tr\u00e8s int\u00e9\u00adres\u00adsant pour lui.<br><br>Andr\u00e9ine&nbsp;:<br><br>Com\u00adment faire pour ne pas sacri\u00adfier l\u2019\u00e9valuation au non-juge\u00adment, com\u00adment allier l\u2019exigence int\u00e9\u00adrieure \u00e0&nbsp;l\u2019accueil incon\u00addi\u00adtion\u00adnel de nos essais cr\u00e9a\u00adtifs&nbsp;?<br><br>Eli\u00adsa\u00adbeth&nbsp;:<br><br>Il y&nbsp;a trop de place \u00e0&nbsp;la parole.<br><br>D\u00e9s\u00ad\u00e9qui\u00adlibre entre le dia\u00adlogue et l\u2019action.<br><br>Il lui semble pos\u00adsible d\u2019encha\u00eener les moments de danse sans par\u00adler, et r\u00e9ser\u00adver un temps de parole pour la fin.<br><br><i>La ques\u00adtion du deve\u00adnir&nbsp;:<\/i><br><br>Eli\u00adsa\u00adbeth, Johan\u00adna et Nadine ont expri\u00adm\u00e9 le fait qu\u2019elles avaient pour pro\u00adjet de cr\u00e9er d\u2019autres groupes de danse forum (ou de la danse de la sen\u00adsa\u00adtion).<br>Il a&nbsp;alors \u00e9t\u00e9 dit qu\u2019il fal\u00adlait com\u00admu\u00adni\u00adquer entre ces dif\u00adf\u00e9\u00adrents groupes, gar\u00adder des liens, s\u2019\u00e9changer les comptes-ren\u00addus pour se tenir au cou\u00adrant de qui fait quoi et com\u00adment&nbsp;; ceci pour pou\u00advoir s\u2019enrichir mutuel\u00adle\u00adment de toutes nos exp\u00e9\u00adriences, dans l\u2019esprit de recherche coop\u00e9\u00adra\u00adtive que nous avons adop\u00adt\u00e9 depuis le d\u00e9but.<br><br>Eli\u00adsa\u00adbeth a&nbsp;expri\u00adm\u00e9 que son ate\u00adlier, qui com\u00admen\u00ad\u00e7ait \u00e0 \u00ab&nbsp;se cher\u00adcher&nbsp;\u00bb le jeu\u00addi apr\u00e8s-midi \u00e0&nbsp;St-Michel l\u2019Observatoire, n\u2019\u00e9tait pas de la DF, mais de \u00ab&nbsp;L\u2019expression par la voix, le corps et les sons&nbsp;\u00bb. Son ate\u00adlier trouve un lien avec la DF par son aspect fluide du spec\u00adta\u00adteur (spec\u00adta-dan\u00adseur) qui peut deve\u00adnir acteur (dan\u00adseur) \u00e0&nbsp;tout moment et inver\u00adse\u00adment, ain\u00adsi que par sa recherche d\u2019\u00eatre pr\u00e9\u00adsent (ou ne pas \u00eatre pr\u00e9\u00adsent), avec soi-m\u00eame ou avec l\u2019autre (les autres).<br><br>Andr\u00e9ine&nbsp;:<br><br>Pro\u00adbl\u00e8me du nombre n\u00e9ces\u00adsaire de forum\u00addan\u00adseurs lors des ate\u00adliers publics.<br><br>Une fois par mois est-ce trop&nbsp;?<br><br>Risque de se retrou\u00adver sans dan\u00adseur. C\u2019est un poids impos\u00adsible \u00e0&nbsp;por\u00adter pour elle.<br><br>Aman\u00adda&nbsp;:<br><br>Au sujet du nombre r\u00e9duit des spec\u00adta\u00adteurs et des par\u00adti\u00adci\u00adpants en g\u00e9n\u00e9\u00adral, Aman\u00adda sug\u00adg\u00e8re la com\u00admu\u00adni\u00adca\u00adtion cibl\u00e9e.<br><br>Le pro\u00adbl\u00e8me de la salle (froide ou bruyante) et de son empla\u00adce\u00adment (loin pour tout le monde) est aus\u00adsi sou\u00adle\u00adv\u00e9 \u00e0&nbsp;ce sujet.<br><br>Andr\u00e9ine&nbsp;:<br><br>La com\u00admu\u00adni\u00adca\u00adtion par des affiches, c\u2019est trop lourd et le r\u00e9sul\u00adtat est trop faible par rap\u00adport au tra\u00advail que cela demande.<br><br>Plus loin, en par\u00adlant d\u2019une pos\u00adsible repr\u00e9\u00adsen\u00adta\u00adtion aux m\u00e9ta-ate\u00adliers, il est dit que c\u2019est ce genre de com\u00admu\u00adni\u00adca\u00adtion qui est plus effi\u00adcace, dans des lieux o\u00f9 le public est d\u00e9j\u00e0 dans cette d\u00e9marche de recherche coop\u00e9\u00adra\u00adtive.<br><br>Il a&nbsp;\u00e9t\u00e9 consta\u00adt\u00e9 que la com\u00admu\u00adni\u00adca\u00adtion par liste et mails , lorsqu\u2019elle est adop\u00adt\u00e9e par un groupe (ce qui n\u2019est pas encore vrai\u00adment le cas), \u00e9tait la plus effi\u00adcace et la moins labo\u00adrieuse&nbsp;; mais cha\u00adcun reste libre de faire des affiches et de les mettre dans des endroits qu\u2019il pense per\u00adti\u00adnent&nbsp;; Andr\u00e9ine a&nbsp;sp\u00e9\u00adci\u00adfi\u00e9 tr\u00e8s clai\u00adre\u00adment qu\u2019elle ne s\u2019occuperait pas de cela.<br><br><i>Au sujet des ate\u00adliers publics, l\u2019autre ques\u00adtion\u00adne\u00adment&nbsp;:<\/i><br><br>La n\u00e9ces\u00adsi\u00adt\u00e9 d\u2019un enga\u00adge\u00adment est imp\u00e9\u00adra\u00adtive.<br><br>Faut-il dire par exemple que telle ou telle per\u00adsonne s\u2019engage, soit \u00e0&nbsp;venir tant de fois par mois, soit \u00e0&nbsp;venir \u00e0&nbsp;tel ou tel ate\u00adlier public&nbsp;?<br><br>Les ate\u00adliers publics men\u00adsuels sont-ils n\u00e9ces\u00adsaires&nbsp;?<br><br>Ils per\u00admettent aux per\u00adsonnes int\u00e9\u00adres\u00ads\u00e9es par la danse forum de se fami\u00adlia\u00adri\u00adser sans s\u2019impliquer, en res\u00adtant spec\u00adta\u00adteur. Ils repr\u00e9\u00adsentent donc une faci\u00adli\u00adt\u00e9 d\u2019acc\u00e8s \u00e0&nbsp;la danse forum.<br><br>Mais sommes-nous pr\u00eats \u00e0&nbsp;assu\u00admer une repr\u00e9\u00adsen\u00adta\u00adtion r\u00e9gu\u00adli\u00e8re&nbsp;?<br><br>R\u00e9flexion sur la n\u00e9ces\u00adsi\u00adt\u00e9 d\u2019un noyau pour la p\u00e9ren\u00adni\u00adt\u00e9 de la DF.<br><br>Cer\u00adtain sont d\u2019accord pour en for\u00adma\u00adli\u00adser un par des enga\u00adge\u00adments, d\u2019autres pensent que \u00e7a ne s\u2019impose pas, mais que c\u2019est natu\u00adrel du moment que la pra\u00adtique attire suf\u00adfi\u00adsam\u00adment pour faire venir du monde r\u00e9gu\u00adli\u00e8\u00adre\u00adment.<br><br>Le ques\u00adtion\u00adne\u00adment sur l\u2019engagement d\u00e9bouche sur une autre r\u00e9flexion&nbsp;: l\u2019engagement li\u00e9 \u00e0&nbsp;la com\u00admu\u00adni\u00adca\u00adtion.<br><br>Andr\u00e9ine&nbsp;:<br><br>Exprime le besoin de res\u00adter en lien avec les autres par\u00adti\u00adci\u00adpants, m\u00eame s\u2019ils ne viennent pas aux ate\u00adliers. Et ce lien se fait prin\u00adci\u00adpa\u00adle\u00adment, pour l\u2019instant, gr\u00e2ce \u00e0&nbsp;la lec\u00adture des comptes-ren\u00addus. Cha\u00adcun peut se tenir au cou\u00adrant et \u00e9vi\u00adter les d\u00e9ca\u00adlages d\u2019informations (du genre mais de quoi on parle, en ce moment ?)<br><br>Guillaume et Aman\u00adda ont dit leur manque d\u2019int\u00e9r\u00eat pour lire les rap\u00adports d\u2019ateliers lorsqu\u2019ils n\u2019y ont pas par\u00adti\u00adci\u00adp\u00e9. Andr\u00e9ine t\u00e9moigne de retours favo\u00adrables envers le blog, par des per\u00adsonnes n\u2019ayant jamais par\u00adti\u00adci\u00adp\u00e9 \u00e0&nbsp;l\u2019atelier.<br><br>D\u2019autres ques\u00adtion\u00adne\u00adments pra\u00adtiques suivent&nbsp;: le lieu, le jour, l\u2019horaire.<br><br>Tout a&nbsp;\u00e9t\u00e9 fix\u00e9 au moment de finir cette dis\u00adcus\u00adsion (voir plus loin).<br><br>Puis Eli\u00adsa\u00adbeth d\u00fbt par\u00adtir.<br><br>Juste avant de par\u00adtir, elle nous a&nbsp;par\u00adl\u00e9 de son pro\u00adjet dans le Pays de For\u00adcal\u00adquier-Mon\u00adtagne de Lure, inti\u00adtu\u00adl\u00e9 \u00ab&nbsp;Chant Prin\u00adtemps&nbsp;\u00bb, pro\u00adjet d\u2019une jour\u00adn\u00e9e chant (un same\u00addi par mois), afin de favo\u00adri\u00adser et de cr\u00e9er des liens entre les per\u00adsonnes en situa\u00adtion de han\u00addi\u00adcap et le tout-public par la voix et le chant. Ces ate\u00adliers s\u2019inspireront en par\u00adtie de l\u2019exp\u00e9rience de la DF (mais par la voix) et une ren\u00adcontre entre les chan\u00adteurs et les dan\u00adseurs de DF est pr\u00e9\u00advue lors du der\u00adnier same\u00addi, le 21 juin \u00e0&nbsp;For\u00adcal\u00adquier (14h-16h).<br><br><i>Alors un pas de c\u00f4t\u00e9 fut pro\u00adpo\u00ads\u00e9.<\/i><br><br>Johan\u00adna&nbsp;:<br><br>Plein de choses ont \u00e9mer\u00adg\u00e9, mais on n\u2019a rien dis\u00adcu\u00adt\u00e9 encore en pro\u00adfon\u00addeur.<br><br>Andr\u00e9ine&nbsp;:<br><br>Il faut syn\u00adth\u00e9\u00adti\u00adser et aller dans le concret.<br><br>Ber\u00adnard&nbsp;:<br><br>Point de diver\u00adgence&nbsp;: des gens qui ont besoin de r\u00e9gu\u00adla\u00adri\u00adt\u00e9, d\u2019implication, et d\u2019autres qui viennent et repartent.<br>Com\u00adment accom\u00admo\u00adder cela&nbsp;? Il faut que se forme un noyau assez fort.<br><br><i>Retour \u00e0&nbsp;la dis\u00adcus\u00adsion.<\/i><br><br>Andr\u00e9ine&nbsp;:<br><br>Il faut trou\u00adver pour l\u2019ann\u00e9e sco\u00adlaire pro\u00adchaine une salle \u00e0&nbsp;Aix-en-Pro\u00advence, pour abri\u00adter la DF si nous n\u2019obtenons pas le same\u00addi apr\u00e8s-midi au dojo de Lam\u00adbesc, et\/ou pour abri\u00adter l\u2019atelier qui deve\u00adlop\u00adpe\u00adra le c\u00f4t\u00e9 danse de la DF.<br><br><i>Pro\u00adpo\u00adsi\u00adtion de jour et d\u2019horaires&nbsp;:<\/i><br><br>Pour l\u2019ann\u00e9e pro\u00adchaine&nbsp;: le same\u00addi apr\u00e8s midi, de 15h \u00e0&nbsp;19h, ou le soir en semaine, de 19h00 \u00e0&nbsp;22h30 (ou 23H si accord de tous).<br><br>Fr\u00e9\u00adquence heb\u00addo\u00adma\u00addaire.<br><br>Sup\u00adpri\u00admer l\u2019atelier public pour retrou\u00adver de l\u2019\u00e9lasticit\u00e9. Et cela tant que le noyau n\u2019est pas assez \u00e9tof\u00adf\u00e9.<br><br><i>Au sujet de la Com\u00admu\u00adni\u00adca\u00adtion interne&nbsp;:<\/i><br><br>La dis\u00adtinc\u00adtion est faite entre reli\u00e9 \u2013 pas reli\u00e9 et atti\u00adr\u00e9 \u2013 pas atti\u00adr\u00e9 par la lec\u00adture des comptes ren\u00addus.<br><br>Andr\u00e9ine ne savait pas que la lec\u00adture des CR n\u2019int\u00e9ressait pas des per\u00adsonnes int\u00e9\u00adres\u00ads\u00e9es par la DF.<br><br>Pro\u00adpo\u00adsi\u00adtion&nbsp;:<br><br>- De \u00ab&nbsp;r\u00e9pondre \u00e0&nbsp;l\u2019envoyeur&nbsp;\u00bb lorsqu\u2019on lit un mail, ce qui per\u00admet\u00adtrait de savoir qui est int\u00e9\u00adres\u00ads\u00e9 par quoi.<br><br>- De mettre des ent\u00eates claires, d\u00e9taill\u00e9es et codi\u00adfi\u00e9es aux mails, pour per\u00admettre \u00e0&nbsp;tout le monde de savoir imm\u00e9\u00addia\u00adte\u00adment, avant de lire le mail, s\u2019il s\u2019agit d\u2019une ques\u00adtion pra\u00adtique d\u2019organisation, d\u2019un CR ou encore d\u2019autres th\u00e8mes.<br><br><i>Au sujet de la trans\u00adfor\u00adma\u00adtion de la DF&nbsp;:<\/i><br><br>Elle se trans\u00adforme \u00e0&nbsp;la ren\u00adcontre d\u2019autres groupes (jusqu\u2019\u00e0 pr\u00e9\u00adsent, groupes de th\u00e9\u00e2tre forum), et lorsqu\u2019il y&nbsp;a cla\u00adri\u00adfi\u00adca\u00adtion pour cha\u00adcun et pour le groupe des moti\u00adva\u00adtions et des enga\u00adge\u00adments.<br><br>Ques\u00adtion&nbsp;:<br><br>Faire des ate\u00adliers \u00e0&nbsp;l\u2019ext\u00e9rieur&nbsp;?<br><br>Oui, la DF ne doit pas s\u2019isoler mais s\u2019enrichir&nbsp;; s\u2019individualiser sans res\u00adter dans sa tour d\u2019ivoire.<br><br>Johan\u00adna donne une info sur une pro\u00adpo\u00adsi\u00adtion d\u2019atelier \u00e0&nbsp;Saint Etienne les Orgues (04). (voir fin)<br><br>Petit r\u00e9su\u00adm\u00e9 inter\u00adro\u00adga\u00adtif et sub\u00adjec\u00adtif d\u2019Alexandre, le r\u00e9dac\u00adteur du rap\u00adport de base sur lequel cha\u00adcun a&nbsp;fait ses ajouts et rec\u00adti\u00adfi\u00adca\u00adtifs&nbsp;:<br><br>Sur les contraintes de fond de la DF, les avis sont divers, \u00e7a va de&nbsp;: struc\u00adture trop lourde, trop de parole, \u00e0, la trame \u00e7a roule, il faut faire tour\u00adner les r\u00f4les, \u00eatre plus flexible, la struc\u00adture per\u00admet d\u2019\u00e9voluer.<br><br>Le pont entre le fond et la forme est le noyau. Si noyau roule, tout roule.<br><br>Le manque d\u2019assiduit\u00e9&nbsp;? D\u00fb aux impos\u00adsi\u00adbi\u00adli\u00adt\u00e9s pra\u00adtiques et par\u00adfois aux manques d\u2019envies&nbsp;?<br><br>Ce qui a&nbsp;\u00e9t\u00e9 fix\u00e9 c\u2019est que le noyau est n\u00e9ces\u00adsaire, vital. Com\u00adment le conso\u00adli\u00adder&nbsp;?<br><br>Etre reli\u00e9&nbsp;; il y&nbsp;en a&nbsp;qui lisent les CR, d\u2019autres non. Est-il n\u00e9ces\u00adsaire de lire les rap\u00adports pour \u00eatre reli\u00e9&nbsp;? Pour cer\u00adtains oui, pour d\u2019autres non. Le conte\u00adnu des CR doit-il \u00e9vo\u00adluer&nbsp;? Faut-il impo\u00adser de lire les CR&nbsp;? Impos\u00adsible et non sou\u00adhai\u00adtable.<br><br><i>Sur la forme&nbsp;:<\/i><br><br>- Nous pre\u00adnons la d\u00e9ci\u00adsion de ne plus faire d\u2019ateliers publics en fin de mois, tant que la situa\u00adtion n\u2019est pas plus claire, ques\u00adtion assi\u00addui\u00adt\u00e9 et mobi\u00adli\u00adsa\u00adtion des dan\u00adseurs, et tant que le noyau par\u00adti\u00adci\u00adpant de la DF ne s\u2019est pas \u00e9tof\u00adf\u00e9.<br><br>- Il y&nbsp;a de nom\u00adbreuses pos\u00adsi\u00adbi\u00adli\u00adt\u00e9s d\u2019ateliers \u00e0&nbsp;l\u2019ext\u00e9rieur pour mai, juin et apr\u00e8s (voir pro\u00adjets).<br><br>- Il nous faut faire en sorte que tous les groupes ins\u00adpi\u00adr\u00e9s de la DF com\u00admu\u00adniquent entre eux, r\u00e9fl\u00e9\u00adchir ensemble \u00e0&nbsp;com\u00adment mettre en place cette toile.<br><br>- Trou\u00adver une salle sur Aix.<br><br>- En semaine de 19H \u00e0&nbsp;22H30\/23H ou le same\u00addi apr\u00e8s-midi de 15H \u00e0&nbsp;19H.<br><br>- Son\u00addage sur l\u2019int\u00e9r\u00eat pour les CR.<br><br>- R\u00e9pondre aux mails si on les lit, signa\u00adler qu\u2019on les a&nbsp;ouverts.<br><br>- Ent\u00eates claires et stan\u00addar\u00addi\u00ads\u00e9es, struc\u00adtu\u00adr\u00e9es par th\u00e8mes.<br><br><i>Les pro\u00adjets&nbsp;:<\/i><br><br>Johan\u00adna&nbsp;:<br><br>- Aller \u00e0&nbsp;Bruxelles pour ren\u00adcon\u00adtrer le col\u00adlec\u00adtif qui \u00e9la\u00adbore des concepts d\u2019autoformation, pour confron\u00adter (j\u2019avais \u00e9crit confor\u00adter\u2026) nos recherches, nos outils.<br><br>Aller se confron\u00adter au milieu de la recherche sociale et d\u2019autres milieux tr\u00e8s divers.<br><br>- 17, 18 mai&nbsp;: une ren\u00adcontre de th\u00e9\u00e2tre Forum a&nbsp;\u00e9t\u00e9 envi\u00adsa\u00adg\u00e9e, mais il semble que cela ne soit pas pos\u00adsible (salle non adap\u00adt\u00e9e, Andr\u00e9ine et Ber\u00adnard seront \u00e0&nbsp;Var\u00adso\u00advie, Johan\u00adna sera indis\u00adpo\u00adnible, Nadine&nbsp;? ) D\u00e9ci\u00adsion \u00e0&nbsp;ent\u00e9\u00adri\u00admer ensemble.<br><br>- 25 mai, 15\u200a\u2013\u200a18 h, pro\u00adpo\u00adsi\u00adtion d\u2019un ate\u00adlier de DF men\u00e9 par Johan\u00adna \u00e0&nbsp;St. Etienne les Orgues, pr\u00e8s de For\u00adcal\u00adquier \u00e0&nbsp;par\u00adtir de la ren\u00adtr\u00e9e 2008.<br><br>Andr\u00e9ine&nbsp;:<br><br>- A&nbsp;Aix-en-Pro\u00advence, pro\u00adjet de ren\u00adcon\u00adtrer les <b>m\u00e9ta-ate\u00adliers<\/b>.<br><br>Prin\u00adcipe&nbsp;: Les m\u00e9ta (au-del\u00e0 de) ate\u00adliers (r\u00e9unis\u00adsant dif\u00adf\u00e9\u00adrents acteurs&nbsp;: profs, \u00e9tu\u00addiants, sala\u00adri\u00e9s, sdf, etc.)<br><br>- Cr\u00e9er un lien entre l\u2019artistique, le poli\u00adtique et le social.<br><br>- Obser\u00adver les influences mutuelles entre les dis\u00adci\u00adplines lorsqu\u2019elles sont pra\u00adti\u00adqu\u00e9es simul\u00adta\u00adn\u00e9\u00adment au m\u00eame endroit, chaque pro\u00adjet pou\u00advant deman\u00adder \u00e0&nbsp;d\u2019autres une aide, un conseil, une par\u00adti\u00adci\u00adpa\u00adtion.<br><br>- Jux\u00adta\u00adpo\u00adser des dis\u00adci\u00adplines autour d\u2019un th\u00e8me et obser\u00adver com\u00adment cha\u00adcun aborde ce th\u00e8me et les inter\u00adac\u00adtions.<br><br>Nadine&nbsp;:<br><br>- Pro\u00adjet d\u2019organiser \u00e0&nbsp;Mar\u00adseille des danse forum dans le garage am\u00e9\u00adna\u00adg\u00e9 de sa mai\u00adson col\u00adlec\u00adtive.<br><br><i>R\u00e9su\u00adm\u00e9 (par Andr\u00e9ine, \u00e0&nbsp;l\u2019\u00e9crit) des d\u00e9ci\u00adsions prises<\/i>&nbsp;:<br><br><br>- Nous conser\u00advons jusqu\u2019\u00e0 fin juin 2008 les m\u00eames lieu et horaires.<br><br>- Nous renon\u00ad\u00e7ons aux ate\u00adliers publics en fin de mois. Ils deviennent des ate\u00adliers heb\u00addo\u00adma\u00addaires, ce qui enl\u00e8\u00adve\u00adra la pres\u00adsion du nombre mini\u00admum de par\u00adti\u00adci\u00adpants aux ate\u00adliers. L\u2019atelier rede\u00advient ain\u00adsi le labo\u00adra\u00adtoire de recherche que nous aimons, o\u00f9 cha\u00adcun s\u2019implique selon sa mesure, sans pres\u00adsion d\u2019aucune sorte.<br><br>- Par contre, nous d\u00e9ve\u00adlop\u00adpe\u00adrons les ate\u00adliers iti\u00adn\u00e9\u00adrants, nous d\u00e9pla\u00ad\u00e7ant, \u00e0&nbsp;quelques forum\u00addan\u00adseurs, l\u00e0 o\u00f9 nous sommes sol\u00adli\u00adci\u00adt\u00e9s et o\u00f9 nous avons envie d\u2019aller repr\u00e9\u00adsen\u00adter la danse forum.<br><br>- Les ate\u00adliers iti\u00adn\u00e9\u00adrants favo\u00adri\u00adse\u00adront l\u2019acc\u00e8s de la DF \u00e0&nbsp;d\u2019autres par\u00adti\u00adci\u00adpants, et ain\u00adsi pour\u00adront per\u00admettre peu \u00e0&nbsp;peu de ren\u00adfor\u00adcer le noyau des par\u00adti\u00adci\u00adpants r\u00e9gu\u00adliers (pour l\u2019instant&nbsp;: Johan\u00adna, Laurent, Nadine et moi).<br><br>- Nous essaye\u00adrons l\u2019ann\u00e9e pro\u00adchaine d\u2019avoir le same\u00addi apr\u00e8s-midi au lieu du soir, au dojo de Lam\u00adbesc. En atten\u00addant, com\u00admen\u00adcer \u00e0&nbsp;cher\u00adcher d\u00e8s main\u00adte\u00adnant une salle sur Aix, pour le same\u00addi apr\u00e8s-midi de 15H \u00e0&nbsp;19H, et\/ou un soir en semaine, de 19H \u00e0&nbsp;23H. La salle doit avoir un plan\u00adcher en bois, ou des tata\u00admis au sol, et doit \u00eatre chauf\u00adf\u00e9e, agr\u00e9able. Le loyer devrait res\u00adter rai\u00adson\u00adnable (\u00e0 d\u00e9ter\u00admi\u00adner ensemble), \u00e9tant don\u00adn\u00e9 le petit nombre de par\u00adti\u00adci\u00adpants en moyenne, pour l\u2019instant.<br><br>- Nous sommes quelques-uns \u00e0&nbsp;pen\u00adser que ce serait une bonne chose de d\u00e9ve\u00adlop\u00adper notre approche\/recherche de la danse avec un ate\u00adlier sur Aix, en plus de celui \u00e0&nbsp;Lam\u00adbesc. Avis aux ama\u00adteurs, se signa\u00adler.<br><br><i>Le bilan de cha\u00adcun&nbsp;:<\/i><br><br>Ber\u00adnard&nbsp;:<br><br>Cela a&nbsp;\u00e9t\u00e9 utile de pr\u00e9\u00adpa\u00adrer la r\u00e9union, m\u00eame si un moment c\u2019est par\u00adti dans tous les sens \u2013 et c\u2019est nor\u00admal.<br><br>Avoir der\u00adri\u00e8re la t\u00eate l\u2019objectif de prendre des d\u00e9ci\u00adsions, \u00e7a a&nbsp;aid\u00e9.<br><br>Groupe tr\u00e8s h\u00e9t\u00e9\u00adro\u00adg\u00e8ne (une bonne chose).<br><br>Johan\u00adna&nbsp;:<br><br>Satis\u00adfaite par l\u2019effort de for\u00adma\u00adli\u00adsa\u00adtion.<br><br>Satis\u00adfaite car la r\u00e9union a&nbsp;per\u00admis de trier un cer\u00adtain nombre de points, puis bien qu\u2019on soit par\u00adtis un moment en vrille \u2013 ce qui \u00e9tait n\u00e9ces\u00adsaire, cela nous a&nbsp;per\u00admi de reve\u00adnir sur le cane\u00advas pr\u00e9\u00advu.<br><br>Toute la dis\u00adcus\u00adsion m\u2019a aid\u00e9e aus\u00adsi mieux com\u00adprendre com\u00adment fonc\u00adtionnent les autres. Cela a&nbsp;per\u00admis de mettre \u00e0&nbsp;plat cer\u00adtains points.<br><br>Com\u00adment d\u00e9pas\u00adser ses dif\u00adf\u00e9\u00adrences et quand-m\u00eame faire quelque chose ensemble&nbsp;?<br><br>Guillaume&nbsp;:<br><br>Satis\u00adfait. La notion du \u00ab&nbsp;n\u2019importe quoi&nbsp;\u00bb reste \u00e0&nbsp;explo\u00adrer.<br><br>Nadine&nbsp;:<br><br>Sou\u00adligne l\u2019importance de se pen\u00adcher une bonne fois sur la notion d\u2019\u00e9valuation non-jugeante.<br><br>Ne pas s\u2019emp\u00eacher d\u2019\u00e9valuer, car \u00e7a fait avan\u00adcer. Edu\u00adquer son regard.<br><br>Ber\u00adnard&nbsp;:<br><br>Y com\u00adpris sur soi.<br><br>Nadine&nbsp;:<br><br>Besoin de temps pour que ce qui est dit dans cette r\u00e9union se d\u00e9cante.<br><br>Alexandre&nbsp;:<br><br>A pris conscience des dif\u00adf\u00e9\u00adrences d\u2019implication au sein du groupe et de leurs cons\u00e9\u00adquences.<br><br>Aman\u00adda&nbsp;:<br><br>A appr\u00e9\u00adci\u00e9 le res\u00adpect.<br>Pas assez d\u2019\u00e9motion, tout le monde un peu trop dans soi.<br>Sen\u00adsa\u00adtion d\u2019ennui par\u00adfois.<br><br>Andr\u00e9ine&nbsp;:<br><br>Uti\u00adli\u00adser nos dif\u00adf\u00e9\u00adrences.<br><br><i>Rajouts de quelques par\u00adti\u00adci\u00adpants apr\u00e8s lec\u00adture du rap\u00adport&nbsp;:<\/i><br><br>Johan\u00adna&nbsp;:<br><br>En r\u00e9ponse \u00e0&nbsp;Guillaume&nbsp;: la concep\u00adtua\u00adli\u00adsa\u00adtion ne fait-elle pas par\u00adtie de la pra\u00adtique&nbsp;?<br><br>Andr\u00e9ine&nbsp;:<br><br>Jusqu\u2019\u00e0 cet \u00e9t\u00e9, nous avons fonc\u00adtion\u00adn\u00e9 \u2013 cela nous conve\u00adnait et a&nbsp;don\u00adn\u00e9 de bons r\u00e9sul\u00adtats \u2013 avec la consigne admise par tous que cha\u00adcun s\u2019impliquait exac\u00adte\u00adment quand et comme il vou\u00adlait, sans avoir \u00e0&nbsp;se jus\u00adti\u00adfier, et en sachant que cela ne pose\u00adrait pas pro\u00adbl\u00e8me aux autres. Un noyau s\u2019est for\u00adm\u00e9 de cinq ou six per\u00adsonnes, et des per\u00adsonnes gra\u00advi\u00adtant autour (depuis, Leo\u00adnar\u00addo est par\u00adti pour la Hol\u00adlande, Alexandre \u00e9tait \u00e0&nbsp;Paris).<br><br>St Michel l\u2019Observatoire a&nbsp;\u00e9t\u00e9 l\u2019occasion de tes\u00adter l\u2019outil danse forum. M\u00eame avec toutes ses imper\u00adfec\u00adtions, il fonc\u00adtionne assez remar\u00adqua\u00adble\u00adment. Un cap a&nbsp;\u00e9t\u00e9 fran\u00adchi avec cette exp\u00e9\u00adrience, nous fai\u00adsant pres\u00adsen\u00adtir le besoin de com\u00admen\u00adcer \u00e0&nbsp;pen\u00adser la repr\u00e9\u00adsen\u00adta\u00adti\u00advi\u00adt\u00e9 et la trans\u00admis\u00adsion de la danse forum. Cela deman\u00addait un ajus\u00adte\u00adment interne au fonc\u00adtion\u00adne\u00adment du groupe, dont nous n\u2019avons pas vu l\u2019absolue n\u00e9ces\u00adsi\u00adt\u00e9, ou pour lequel nous n\u2019\u00e9tions pas pr\u00eats.<br><br>Repr\u00e9\u00adsen\u00adta\u00adti\u00advi\u00adt\u00e9 et trans\u00admis\u00adsion demandent \u00e0&nbsp;l\u2019\u00e9vidence un autre type d\u2019implication et d\u2019engagement, au moins pour le noyau. Une fois le noyau un peu \u00e9tof\u00adf\u00e9, cela ne pr\u00e9\u00adsen\u00adte\u00adra pas d\u2019inconv\u00e9nient que d\u2019autres par\u00adti\u00adci\u00adpants s\u2019impliquent peu ou pas, et que d\u2019autres encore gra\u00advitent comme des \u00e9lec\u00adtrons libres. Au contraire, ils sont n\u00e9ces\u00adsaires \u00e0&nbsp;la vie et dyna\u00admique de la danse forum, de par les \u00e9changes qu\u2019elle doit entre\u00adte\u00adnir avec l\u2019ext\u00e9rieur si elle ne veut pas s\u2019\u00e9tioler ou se scl\u00e9\u00adro\u00adser.<br><br>Rem\u00adpla\u00adcer l\u2019atelier public de fin de mois en ate\u00adlier heb\u00addo\u00adma\u00addaire simple, est pour moi un sou\u00adla\u00adge\u00adment. Il \u00e9tait en contra\u00addic\u00adtion avec notre antienne&nbsp;: libre de venir ou pas, de s\u2019impliquer ou pas, sachant que cela ne pose de pro\u00adbl\u00e8me \u00e0&nbsp;per\u00adsonne. Si un jour le noyau devient plus impor\u00adtant, nous pour\u00adrons tou\u00adjours r\u00e9en\u00advi\u00adsa\u00adger cet ate\u00adlier men\u00adsuel public.<br><br>Pri\u00advi\u00adl\u00e9\u00adgier les ate\u00adliers iti\u00adn\u00e9\u00adrants et ponc\u00adtuels (plu\u00adt\u00f4t que ancr\u00e9s et men\u00adsuels) me semble \u00eatre une excel\u00adlente fa\u00e7on, \u00e0&nbsp;la fois de nous for\u00admer, de par\u00adta\u00adger nos trou\u00advailles et de les mettre en regard cri\u00adtique.<br><br>Dans notre r\u00e9union, nous n\u2019avons abor\u00add\u00e9 qu\u2019un des aspects qui nous tient \u00e0&nbsp;c\u0153ur pour les nou\u00adveaux groupes de danse forum&nbsp;: celui de gar\u00adder un lien avec les autres groupes, par le biais de la liste ladan\u00adse\u00adfo\u00adrum, avec des rap\u00adports d\u2019ateliers, des articles etc. Mais je pense n\u00e9ces\u00adsaire l\u2019\u00e9laboration de \u00ab&nbsp;charte mini\u00admum&nbsp;\u00bb en danse forum, dont nous avions par\u00adl\u00e9 cet \u00e9t\u00e9. Il nous fau\u00addra aus\u00adsi appro\u00adfon\u00addir un jour les sp\u00e9\u00adci\u00adfi\u00adci\u00adt\u00e9s de la danse forum par rap\u00adport aux autres formes de danse et d\u2019inter-action avec le public, pour la situer dans les pra\u00adtiques actuelles. Culti\u00adver nos dif\u00adf\u00e9\u00adrences pour enri\u00adchir la palette\u2026<br><br>\u2014\u200a\u2014\u200a\u2014\u200a\u2014\u200a\u2014\u200a\u2014\u200a\u2014\u200a\u2014\u200a\u2014\u200a\u2014\u200a\u2014\u200a\u2014\u200a\u2014\u200a\u2014\u200a\u2014\u200a\u2014\u200a\u2014\u200a\u2014\u200a\u2014\u200a\u2014\u200a\u2014\u200a\u2014\u200a\u2014\u200a\u2014\u200a\u2014\u200a\u2014\u200a\u2014\u200a\u2014\u200a\u2014\u200a\u2014\u200a\u2014\u200a\u2014\u200a\u2014\u200a\u2014\u200a\u2014\u200a\u2014\u200a\u2014\u200a\u2014\u200a\u2014\u200a\u2014\u200a\u2014\u200a\u2014\u200a\u2014\u200a\u2014\u200a\u2014\u200a\u2014\u200a\u2014\u200a\u2014\u200a\u2014\u200a\u2014\u200a\u2014\u200a\u2014\u200a-<br><br><i>Bonus<\/i><br><br>Andr\u00e9ine repro\u00adduit ici son texte de pr\u00e9\u00adpa\u00adra\u00adtion de la r\u00e9union. Cela per\u00admet\u00adtra \u00e0&nbsp;cha\u00adcun d\u2019\u00e9valuer ce qui a&nbsp;\u00e9t\u00e9 r\u00e9a\u00adli\u00ads\u00e9 pen\u00addant cette r\u00e9union, de ce que nous avions pr\u00e9\u00advu. En par\u00adti\u00adcu\u00adlier, la fin et le bilan me semblent un peu esca\u00admo\u00adt\u00e9s, d\u00fbs \u00e0&nbsp;la fatigue, la faim, et notre envie de nous rendre dis\u00adpo\u00adnibles \u00e0&nbsp;nos convives, quatre amies, actrices-dan\u00adseuses. La plus jeune, de quelques mois, a&nbsp;d\u00e9j\u00e0 hono\u00adr\u00e9 la danse forum de sa par\u00adti\u00adci\u00adpa\u00adtion.<br><br>Pour com\u00admen\u00adcer, quelques cita\u00adtions ont \u00e9t\u00e9 lues, tir\u00e9es de Micro\u00adpo\u00adli\u00adtiques des groupes&nbsp;:<br><br>\u00ab Les r\u00e9unions sont autant de ten\u00adta\u00adtives de culti\u00adver du com\u00admun et de pro\u00adduire de l\u2019intelligence col\u00adlec\u00adtive. Cette intel\u00adli\u00adgence porte tout \u00e0&nbsp;la fois sur les prises que nous d\u00e9ve\u00adlop\u00adpons par rap\u00adport \u00e0&nbsp;une situa\u00adtion et sur la mani\u00e8re dont nous fai\u00adsons groupe.&nbsp;\u00bb<br><br>\u00ab Se don\u00adner le luxe de faire du groupe un ter\u00adrain de trans-for\u00adma\u00adtion.&nbsp;\u00bb<br><br>\u00ab La cr\u00e9a\u00adtion d\u2019un groupe exprime la ten\u00adta\u00adtive de sor\u00adtir d\u2019un \u00e9tat d\u2019impuissance et de s\u00e9pa\u00adra\u00adtion par rap\u00adport \u00e0&nbsp;un pro\u00adbl\u00e8me ou une ques\u00adtion qui importe pour ceux qui d\u00e9cident de s\u2019associer.&nbsp;\u00bb<br><br>\u00ab Le cri\u00adt\u00e8re d\u2019un bon groupe est qu\u2019il ne se r\u00eave pas unique, immor\u00adtel et signi\u00adfiant, mais se branche sur un dehors qui le confronte \u00e0&nbsp;ses pos\u00adsi\u00adbi\u00adli\u00adt\u00e9s de non-sens, de mort ou d\u2019\u00e9clatement, en rai\u00adson m\u00eame de son ouver\u00adture aux autres groupes.&nbsp;\u00bb<br>Guat\u00adta\u00adri, psy\u00adcha\u00adna\u00adlyse et trans\u00adver\u00adsa\u00adli\u00adt\u00e9.<br><br>\u00ab Ce qui int\u00e9\u00adresse avant tout la pen\u00ads\u00e9e, c\u2019est l\u2019h\u00e9t\u00e9rog\u00e9n\u00e9it\u00e9 des mani\u00e8res de vivre et de pen\u00adser, en tant que telles, non pour les d\u00e9crire et les clas\u00adser, mais pour d\u00e9chif\u00adfrer leur sens, c\u2019est \u00e0&nbsp;dire l\u2019\u00e9valuation qu\u2019elles impliquent.&nbsp;\u00bb<br><br>Zou\u00adra\u00adbi\u00adch\u00advi\u00adli&nbsp;: Deleuze, une phi\u00adlo\u00adso\u00adphie de l\u2019\u00e9v\u00e9nement.<br><br><i>Pas\u00adsages et repaires pen\u00addant la r\u00e9union<\/i><br><br><i>1- D\u00e9but&nbsp;:<\/i><br><br>A- Pr\u00e9\u00adpa\u00adrer et apprendre \u00e0&nbsp;pr\u00e9\u00adpa\u00adrer&nbsp;:<br><br>- s\u2019agit-il de fina\u00adli\u00adt\u00e9 \u00e0&nbsp;atteindre&nbsp;? ou de pos\u00adsibles \u00e0&nbsp;r\u00e9a\u00adli\u00adser&nbsp;? (ques\u00adtion morale de l\u2019\u00e9ternit\u00e9&nbsp;: ouver\u00adture \u00e0&nbsp;la pos\u00adsi\u00adbi\u00adli\u00adt\u00e9 de mettre fin \u00e0&nbsp;l\u2019aventure col\u00adlec\u00adtive.) Dis\u00adcu\u00adter le fond de la moti\u00adva\u00adtion<br><br>- favo\u00adri\u00adser la mue, les pas\u00adsages&nbsp;: en finir avec le lin\u00e9aire<br><br>- avoir du \u00ab&nbsp;deve\u00adnir&nbsp;\u00bb plu\u00adt\u00f4t que de \u00ab&nbsp;l\u2019avenir&nbsp;\u00bb<br><br>- d\u00e9ci\u00adsion au sein d\u2019un groupe&nbsp;: pas\u00adser du \u00ab&nbsp;moi, je pense&nbsp;\u00bb, \u00e0 \u00ab&nbsp;nous, nous pen\u00adsons&nbsp;\u00bb.<br><br>B- Point m\u00e9t\u00e9o, com\u00adment cha\u00adcun se sent au moment m\u00eame et par rap\u00adport \u00e0&nbsp;cette r\u00e9union.<br><br>C- Besoins de cha\u00adcun pour que la r\u00e9union soit une occa\u00adsion d\u2019apprendre ensemble et de trans-for\u00adma\u00adtion&nbsp;: r\u00f4les de veilleur du temps, ambiance, \u00e9cri\u00adture, pas de c\u00f4t\u00e9, se rendre sen\u00adsible aux signes\u2026<br><br>D- Objec\u00adtifs&nbsp;: occa\u00adsion d\u2019apprendre ensemble, et de trans-for\u00adma\u00adtion<br><br>- liste des points \u00e0&nbsp;abor\u00adder<br><br>- tis\u00adsages entre les objec\u00adtifs<br><br>- temps<br><br>- pro\u00adc\u00e9\u00add\u00e9&nbsp;: com\u00adment allons-nous faire&nbsp;?<br><br><i>2- Milieu<\/i><br><br>a) D\u00e9ve\u00adlop\u00adpe\u00adment des ques\u00adtions<br><br>b) Impasses et pas de c\u00f4t\u00e9&nbsp;:<br><br>- sus\u00adpendre le cours natu\u00adrel des choses, d\u00e9bats et acti\u00advi\u00adt\u00e9s<br><br>- regar\u00adder et pen\u00adser ce qu\u2019on est en train de faire, \u00e9va\u00adluer la situa\u00adtion (force-affect) et modi\u00adfier en temps r\u00e9el le tra\u00adc\u00e9 de la parole, de l\u2019activit\u00e9.<br><br><i>3- Fin et bilan<\/i><br><br>- rap\u00adpe\u00adler les d\u00e9ci\u00adsions prises.<br><br>- pro\u00adgram\u00admer la suite du tra\u00advail.<br><br>- receuillir l\u2019exp\u00e9rience du groupe de pr\u00e9\u00adpa\u00adra\u00adtion, \u00e9va\u00adluer cette exp\u00e9\u00adrience.<br><br>- pas de c\u00f4t\u00e9&nbsp;: reve\u00adnir sur le pro\u00adces\u00adsus, sur la mani\u00e8re de faire du groupe, en tirer un savoir ou une ques\u00adtion.<br><br><i>Mes ques\u00adtions, sou\u00admises avant la r\u00e9union&nbsp;:<\/i><br><br>- les moti\u00adva\u00adtions et le v\u00e9cu de cha\u00adcun, ses d\u00e9si\u00adrs et ses besoins,<br>son degr\u00e9 d\u2019engagement, ses pos\u00adsi\u00adbi\u00adli\u00adt\u00e9s. Com\u00adbien d\u2019ateliers par mois&nbsp;:<br>enga\u00adge\u00adment de cha\u00adcun.<br><br>- les causes du manque d\u2019assiduit\u00e9.<br><br>- l\u2019horaire et le lieu de l\u2019atelier.<br><br>- si nous chan\u00adgeons de lieu, que faire par rap\u00adport \u00e0&nbsp;Lam\u00adbesc, sachant<br>que si nous nous reti\u00adrons, nous n\u2019aurons pas la pos\u00adsi\u00adbi\u00adli\u00adt\u00e9 de<br>reve\u00adnir.<br><br>- la per\u00adti\u00adnence d\u2019un ate\u00adlier heb\u00addo\u00adma\u00addaire.<br><br>- la per\u00adti\u00adnence des repr\u00e9\u00adsen\u00adta\u00adtions publiques men\u00adsuelles.<br><br>- le suc\u00adc\u00e8s de la repr\u00e9\u00adsen\u00adta\u00adtion publique de cet \u00e9t\u00e9 \u00e0&nbsp;St Michel<br>l\u2019Observatoire a\u2011t-il chan\u00adg\u00e9 la donne&nbsp;?<br><br>- com\u00adment am\u00e9\u00adlio\u00adrer le conte\u00adnu de l\u2019atelier si on d\u00e9cide de le pour\u00adsuivre&nbsp;? \u00e9va\u00adlua\u00adtion imma\u00adnente.<br><br>- com\u00adment le nour\u00adrir&nbsp;?<br><br>- com\u00adment com\u00admu\u00adni\u00adquer faci\u00adle\u00adment les infos de base entre nous&nbsp;? com\u00adment consul\u00adter les absents&nbsp;?<br><br>- la per\u00adti\u00adnence de la liste ladan\u00adse\u00adfo\u00adrum.<br><br>- la per\u00adti\u00adnence des envois group\u00e9s.<\/p>\n<p style=\"color:green; text-align:right !important;\">Article cr\u00e9\u00e9 le 16\/02\/2020 \u2013 modi\u00adfi\u00e9 le 10\/06\/2020<\/p>","protected":false},"excerpt":{"rendered":"<p>Ev\u00e9\u00adne\u00adments\u2192R\u00e9unions\u2192 Comptes-ren\u00ad\u00addus de r\u00e9unions 8&nbsp;mars&nbsp;2008 Sur la pointe d\u2019une&nbsp;herbe Devant l\u2019infini du&nbsp;ciel une four\u00admi Osa\u00adki&nbsp;H\u00f4sai Nous \u00e9tions huit \u00e0&nbsp;nous r\u00e9unir \u00e0&nbsp;Venelles, chez Andr\u00e9ine. Etaient pr\u00e9\u00adsents&nbsp;: Alexandre, Aman\u00adda, Andr\u00e9ine, Ber\u00adnard, \u00c9li\u00adsa\u00adbeth, Guillaume, Johan\u00adna et Nadine.[Aurore, Ken, Lisa et Marie-Aude n\u2019ont pu venir, bien qu\u2019ils l\u2019auraient sou\u00adhai\u00adt\u00e9. Laurent sou\u00adhaite par\u00adti\u00adci\u00adper \u00e0&nbsp;la danse forum mais pas aux r\u00e9unions. Leo\u00adnar\u00addo suit de pr\u00e8s les ate\u00adliers, et nous envoie de Hol\u00adlande ses ami\u00adti\u00e9s.] Cette r\u00e9union \u00e9tait une volon\u00adt\u00e9 forte expri\u00adm\u00e9e par cer\u00adtains des participants&nbsp;[\u2026]<\/p>\n","protected":false},"author":2,"featured_media":0,"comment_status":"open","ping_status":"open","sticky":false,"template":"","format":"standard","meta":{"wp_typography_post_enhancements_disabled":false,"footnotes":""},"categories":[230],"tags":[61],"class_list":["post-294","post","type-post","status-publish","format-standard","hentry","category-comptes-rendus","tag-evenements_misc_"],"yoast_head":"<!-- This site is optimized with the Yoast SEO plugin v27.5 - https:\/\/yoast.com\/product\/yoast-seo-wordpress\/ -->\n<title>Bilans et perspectives - Le TILT<\/title>\n<meta name=\"robots\" content=\"index, follow, max-snippet:-1, max-image-preview:large, max-video-preview:-1\" \/>\n<link rel=\"canonical\" href=\"https:\/\/www.leti.lt\/wordpress\/evenements-bilansetperspectives\/\" \/>\n<meta property=\"og:locale\" content=\"fr_FR\" \/>\n<meta property=\"og:type\" content=\"article\" \/>\n<meta property=\"og:title\" content=\"Bilans et perspectives - Le TILT\" \/>\n<meta property=\"og:description\" content=\"Ev\u00e9\u00adne\u00adments\u2192R\u00e9unions\u2192 Comptes-ren\u00addus de r\u00e9unions 8 mars&nbsp;2008 Sur la pointe d\u2019une&nbsp;herbe Devant l\u2019infini du&nbsp;ciel une four\u00admi Osa\u00adki&nbsp;H\u00f4sai Nous \u00e9tions huit \u00e0&nbsp;nous r\u00e9unir \u00e0&nbsp;Venelles, chez Andr\u00e9ine. Etaient pr\u00e9\u00adsents&nbsp;: Alexandre, Aman\u00adda, Andr\u00e9ine, Ber\u00adnard, \u00c9li\u00adsa\u00adbeth, Guillaume, Johan\u00adna et Nadine.[Aurore, Ken, Lisa et Marie-Aude n\u2019ont pu venir, bien qu\u2019ils l\u2019auraient sou\u00adhai\u00adt\u00e9. Laurent sou\u00adhaite par\u00adti\u00adci\u00adper \u00e0&nbsp;la danse forum mais pas aux r\u00e9unions. Leo\u00adnar\u00addo suit de pr\u00e8s les ate\u00adliers, et nous envoie de Hol\u00adlande ses amiti\u00e9s.] Cette r\u00e9union \u00e9tait une volon\u00adt\u00e9 forte expri\u00adm\u00e9e par cer\u00adtains des par\u00adti\u00adci\u00adpants [&hellip;]\" \/>\n<meta property=\"og:url\" content=\"https:\/\/www.leti.lt\/wordpress\/evenements-bilansetperspectives\/\" \/>\n<meta property=\"og:site_name\" content=\"Le TILT\" \/>\n<meta property=\"article:published_time\" content=\"2020-02-16T14:30:34+00:00\" \/>\n<meta property=\"article:modified_time\" content=\"2020-06-10T12:13:05+00:00\" \/>\n<meta name=\"author\" content=\"Andr\u00e9ine Bel\" \/>\n<meta name=\"twitter:card\" content=\"summary_large_image\" \/>\n<meta name=\"twitter:label1\" content=\"\u00c9crit par\" \/>\n\t<meta name=\"twitter:data1\" content=\"Andr\u00e9ine Bel\" \/>\n\t<meta name=\"twitter:label2\" content=\"Dur\u00e9e de lecture estim\u00e9e\" \/>\n\t<meta name=\"twitter:data2\" content=\"24 minutes\" \/>\n<script type=\"application\/ld+json\" class=\"yoast-schema-graph\">{\"@context\":\"https:\\\/\\\/schema.org\",\"@graph\":[{\"@type\":\"Article\",\"@id\":\"https:\\\/\\\/www.leti.lt\\\/wordpress\\\/evenements-bilansetperspectives\\\/#article\",\"isPartOf\":{\"@id\":\"https:\\\/\\\/www.leti.lt\\\/wordpress\\\/evenements-bilansetperspectives\\\/\"},\"author\":{\"name\":\"Andr\u00e9ine Bel\",\"@id\":\"https:\\\/\\\/www.leti.lt\\\/wordpress\\\/#\\\/schema\\\/person\\\/9bb307b2af8fbb575bb3603e57951f75\"},\"headline\":\"Bilans et perspectives\",\"datePublished\":\"2020-02-16T14:30:34+00:00\",\"dateModified\":\"2020-06-10T12:13:05+00:00\",\"mainEntityOfPage\":{\"@id\":\"https:\\\/\\\/www.leti.lt\\\/wordpress\\\/evenements-bilansetperspectives\\\/\"},\"wordCount\":4843,\"commentCount\":0,\"keywords\":[\"Evenements_misc_\"],\"articleSection\":[\"Comptes-rendus\"],\"inLanguage\":\"fr-FR\",\"potentialAction\":[{\"@type\":\"CommentAction\",\"name\":\"Comment\",\"target\":[\"https:\\\/\\\/www.leti.lt\\\/wordpress\\\/evenements-bilansetperspectives\\\/#respond\"]}]},{\"@type\":\"WebPage\",\"@id\":\"https:\\\/\\\/www.leti.lt\\\/wordpress\\\/evenements-bilansetperspectives\\\/\",\"url\":\"https:\\\/\\\/www.leti.lt\\\/wordpress\\\/evenements-bilansetperspectives\\\/\",\"name\":\"Bilans et perspectives - Le TILT\",\"isPartOf\":{\"@id\":\"https:\\\/\\\/www.leti.lt\\\/wordpress\\\/#website\"},\"datePublished\":\"2020-02-16T14:30:34+00:00\",\"dateModified\":\"2020-06-10T12:13:05+00:00\",\"author\":{\"@id\":\"https:\\\/\\\/www.leti.lt\\\/wordpress\\\/#\\\/schema\\\/person\\\/9bb307b2af8fbb575bb3603e57951f75\"},\"breadcrumb\":{\"@id\":\"https:\\\/\\\/www.leti.lt\\\/wordpress\\\/evenements-bilansetperspectives\\\/#breadcrumb\"},\"inLanguage\":\"fr-FR\",\"potentialAction\":[{\"@type\":\"ReadAction\",\"target\":[\"https:\\\/\\\/www.leti.lt\\\/wordpress\\\/evenements-bilansetperspectives\\\/\"]}]},{\"@type\":\"BreadcrumbList\",\"@id\":\"https:\\\/\\\/www.leti.lt\\\/wordpress\\\/evenements-bilansetperspectives\\\/#breadcrumb\",\"itemListElement\":[{\"@type\":\"ListItem\",\"position\":1,\"name\":\"Accueil\",\"item\":\"https:\\\/\\\/www.leti.lt\\\/wordpress\\\/\"},{\"@type\":\"ListItem\",\"position\":2,\"name\":\"Bilans et perspectives\"}]},{\"@type\":\"WebSite\",\"@id\":\"https:\\\/\\\/www.leti.lt\\\/wordpress\\\/#website\",\"url\":\"https:\\\/\\\/www.leti.lt\\\/wordpress\\\/\",\"name\":\"Le TILT\",\"description\":\"Recherche, publication, cr\u00e9ation artistique\",\"potentialAction\":[{\"@type\":\"SearchAction\",\"target\":{\"@type\":\"EntryPoint\",\"urlTemplate\":\"https:\\\/\\\/www.leti.lt\\\/wordpress\\\/?s={search_term_string}\"},\"query-input\":{\"@type\":\"PropertyValueSpecification\",\"valueRequired\":true,\"valueName\":\"search_term_string\"}}],\"inLanguage\":\"fr-FR\"},{\"@type\":\"Person\",\"@id\":\"https:\\\/\\\/www.leti.lt\\\/wordpress\\\/#\\\/schema\\\/person\\\/9bb307b2af8fbb575bb3603e57951f75\",\"name\":\"Andr\u00e9ine Bel\",\"image\":{\"@type\":\"ImageObject\",\"inLanguage\":\"fr-FR\",\"@id\":\"https:\\\/\\\/secure.gravatar.com\\\/avatar\\\/4ab041ec7c7ad3b90293023e86528ec1a700ce2971ff61811b2df6b288dd1f38?s=96&d=identicon&r=g\",\"url\":\"https:\\\/\\\/secure.gravatar.com\\\/avatar\\\/4ab041ec7c7ad3b90293023e86528ec1a700ce2971ff61811b2df6b288dd1f38?s=96&d=identicon&r=g\",\"contentUrl\":\"https:\\\/\\\/secure.gravatar.com\\\/avatar\\\/4ab041ec7c7ad3b90293023e86528ec1a700ce2971ff61811b2df6b288dd1f38?s=96&d=identicon&r=g\",\"caption\":\"Andr\u00e9ine Bel\"},\"url\":\"https:\\\/\\\/www.leti.lt\\\/wordpress\\\/author\\\/andreine\\\/\"}]}<\/script>\n<!-- \/ Yoast SEO plugin. -->","yoast_head_json":{"title":"Bilans et perspectives - Le TILT","robots":{"index":"index","follow":"follow","max-snippet":"max-snippet:-1","max-image-preview":"max-image-preview:large","max-video-preview":"max-video-preview:-1"},"canonical":"https:\/\/www.leti.lt\/wordpress\/evenements-bilansetperspectives\/","og_locale":"fr_FR","og_type":"article","og_title":"Bilans et perspectives - Le TILT","og_description":"Ev\u00e9\u00adne\u00adments\u2192R\u00e9unions\u2192 Comptes-ren\u00addus de r\u00e9unions 8 mars&nbsp;2008 Sur la pointe d\u2019une&nbsp;herbe Devant l\u2019infini du&nbsp;ciel une four\u00admi Osa\u00adki&nbsp;H\u00f4sai Nous \u00e9tions huit \u00e0&nbsp;nous r\u00e9unir \u00e0&nbsp;Venelles, chez Andr\u00e9ine. Etaient pr\u00e9\u00adsents&nbsp;: Alexandre, Aman\u00adda, Andr\u00e9ine, Ber\u00adnard, \u00c9li\u00adsa\u00adbeth, Guillaume, Johan\u00adna et Nadine.[Aurore, Ken, Lisa et Marie-Aude n\u2019ont pu venir, bien qu\u2019ils l\u2019auraient sou\u00adhai\u00adt\u00e9. Laurent sou\u00adhaite par\u00adti\u00adci\u00adper \u00e0&nbsp;la danse forum mais pas aux r\u00e9unions. Leo\u00adnar\u00addo suit de pr\u00e8s les ate\u00adliers, et nous envoie de Hol\u00adlande ses amiti\u00e9s.] Cette r\u00e9union \u00e9tait une volon\u00adt\u00e9 forte expri\u00adm\u00e9e par cer\u00adtains des par\u00adti\u00adci\u00adpants [&hellip;]","og_url":"https:\/\/www.leti.lt\/wordpress\/evenements-bilansetperspectives\/","og_site_name":"Le TILT","article_published_time":"2020-02-16T14:30:34+00:00","article_modified_time":"2020-06-10T12:13:05+00:00","author":"Andr\u00e9ine Bel","twitter_card":"summary_large_image","twitter_misc":{"\u00c9crit par":"Andr\u00e9ine Bel","Dur\u00e9e de lecture estim\u00e9e":"24 minutes"},"schema":{"@context":"https:\/\/schema.org","@graph":[{"@type":"Article","@id":"https:\/\/www.leti.lt\/wordpress\/evenements-bilansetperspectives\/#article","isPartOf":{"@id":"https:\/\/www.leti.lt\/wordpress\/evenements-bilansetperspectives\/"},"author":{"name":"Andr\u00e9ine Bel","@id":"https:\/\/www.leti.lt\/wordpress\/#\/schema\/person\/9bb307b2af8fbb575bb3603e57951f75"},"headline":"Bilans et perspectives","datePublished":"2020-02-16T14:30:34+00:00","dateModified":"2020-06-10T12:13:05+00:00","mainEntityOfPage":{"@id":"https:\/\/www.leti.lt\/wordpress\/evenements-bilansetperspectives\/"},"wordCount":4843,"commentCount":0,"keywords":["Evenements_misc_"],"articleSection":["Comptes-rendus"],"inLanguage":"fr-FR","potentialAction":[{"@type":"CommentAction","name":"Comment","target":["https:\/\/www.leti.lt\/wordpress\/evenements-bilansetperspectives\/#respond"]}]},{"@type":"WebPage","@id":"https:\/\/www.leti.lt\/wordpress\/evenements-bilansetperspectives\/","url":"https:\/\/www.leti.lt\/wordpress\/evenements-bilansetperspectives\/","name":"Bilans et perspectives - Le TILT","isPartOf":{"@id":"https:\/\/www.leti.lt\/wordpress\/#website"},"datePublished":"2020-02-16T14:30:34+00:00","dateModified":"2020-06-10T12:13:05+00:00","author":{"@id":"https:\/\/www.leti.lt\/wordpress\/#\/schema\/person\/9bb307b2af8fbb575bb3603e57951f75"},"breadcrumb":{"@id":"https:\/\/www.leti.lt\/wordpress\/evenements-bilansetperspectives\/#breadcrumb"},"inLanguage":"fr-FR","potentialAction":[{"@type":"ReadAction","target":["https:\/\/www.leti.lt\/wordpress\/evenements-bilansetperspectives\/"]}]},{"@type":"BreadcrumbList","@id":"https:\/\/www.leti.lt\/wordpress\/evenements-bilansetperspectives\/#breadcrumb","itemListElement":[{"@type":"ListItem","position":1,"name":"Accueil","item":"https:\/\/www.leti.lt\/wordpress\/"},{"@type":"ListItem","position":2,"name":"Bilans et perspectives"}]},{"@type":"WebSite","@id":"https:\/\/www.leti.lt\/wordpress\/#website","url":"https:\/\/www.leti.lt\/wordpress\/","name":"Le TILT","description":"Recherche, publication, cr\u00e9ation artistique","potentialAction":[{"@type":"SearchAction","target":{"@type":"EntryPoint","urlTemplate":"https:\/\/www.leti.lt\/wordpress\/?s={search_term_string}"},"query-input":{"@type":"PropertyValueSpecification","valueRequired":true,"valueName":"search_term_string"}}],"inLanguage":"fr-FR"},{"@type":"Person","@id":"https:\/\/www.leti.lt\/wordpress\/#\/schema\/person\/9bb307b2af8fbb575bb3603e57951f75","name":"Andr\u00e9ine Bel","image":{"@type":"ImageObject","inLanguage":"fr-FR","@id":"https:\/\/secure.gravatar.com\/avatar\/4ab041ec7c7ad3b90293023e86528ec1a700ce2971ff61811b2df6b288dd1f38?s=96&d=identicon&r=g","url":"https:\/\/secure.gravatar.com\/avatar\/4ab041ec7c7ad3b90293023e86528ec1a700ce2971ff61811b2df6b288dd1f38?s=96&d=identicon&r=g","contentUrl":"https:\/\/secure.gravatar.com\/avatar\/4ab041ec7c7ad3b90293023e86528ec1a700ce2971ff61811b2df6b288dd1f38?s=96&d=identicon&r=g","caption":"Andr\u00e9ine Bel"},"url":"https:\/\/www.leti.lt\/wordpress\/author\/andreine\/"}]}},"_links":{"self":[{"href":"https:\/\/www.leti.lt\/wordpress\/wp-json\/wp\/v2\/posts\/294","targetHints":{"allow":["GET"]}}],"collection":[{"href":"https:\/\/www.leti.lt\/wordpress\/wp-json\/wp\/v2\/posts"}],"about":[{"href":"https:\/\/www.leti.lt\/wordpress\/wp-json\/wp\/v2\/types\/post"}],"author":[{"embeddable":true,"href":"https:\/\/www.leti.lt\/wordpress\/wp-json\/wp\/v2\/users\/2"}],"replies":[{"embeddable":true,"href":"https:\/\/www.leti.lt\/wordpress\/wp-json\/wp\/v2\/comments?post=294"}],"version-history":[{"count":3,"href":"https:\/\/www.leti.lt\/wordpress\/wp-json\/wp\/v2\/posts\/294\/revisions"}],"predecessor-version":[{"id":714,"href":"https:\/\/www.leti.lt\/wordpress\/wp-json\/wp\/v2\/posts\/294\/revisions\/714"}],"wp:attachment":[{"href":"https:\/\/www.leti.lt\/wordpress\/wp-json\/wp\/v2\/media?parent=294"}],"wp:term":[{"taxonomy":"category","embeddable":true,"href":"https:\/\/www.leti.lt\/wordpress\/wp-json\/wp\/v2\/categories?post=294"},{"taxonomy":"post_tag","embeddable":true,"href":"https:\/\/www.leti.lt\/wordpress\/wp-json\/wp\/v2\/tags?post=294"}],"curies":[{"name":"wp","href":"https:\/\/api.w.org\/{rel}","templated":true}]}}