{"id":287,"date":"2020-02-16T15:30:34","date_gmt":"2020-02-16T14:30:34","guid":{"rendered":"https:\/\/www.leti.lt\/wordpress\/?p=287"},"modified":"-0001-11-30T00:00:00","modified_gmt":"-0001-11-29T22:00:00","slug":"danserecherche-sensationetimagination","status":"publish","type":"post","link":"https:\/\/www.leti.lt\/wordpress\/danserecherche-sensationetimagination\/","title":{"rendered":"Sensation et imagination"},"content":{"rendered":"<p><a href=\"https:\/\/www.leti.lt\/wordpress\/danserecherche-danserecherche\/\">Danse recherche<\/a><br>\u2192 <a href=\"https:\/\/www.leti.lt\/wordpress\/danserecherche-aproposdeladanserecherche\/\">Che\u00admi\u00adne\u00adment de la danse recherche<\/a><br><br>!! Sen\u00adsa\u00adtion et ima\u00adgi\u00adna\u00adtion \u2013 jan\u00advier 2007<br><br>Bon\u00adnie Bain\u00adbridge Cohen, \u00e0&nbsp;l\u2019origine du Body Mind Cen\u00adte\u00adring (New-York,<br>19973), men\u00adtionne avoir ren\u00adcon\u00adtr\u00e9 bri\u00e8\u00adve\u00adment Haru\u00adchi\u00adka Nogu\u00adchi, le fon\u00adda\u00adteur du Sei\u00adtai.<br>Elle en t\u00e9moigne comme d\u2019une ren\u00adcontre impor\u00adtante dans son livre \u00ab&nbsp;Sen\u00adtir, res\u00adsen\u00adtir et agir&nbsp;\u00bb (\u00e9di\u00adtion<br>Nou\u00advelles de danse).<br><br>Je me rends compte com\u00adbien le mot \u00ab&nbsp;sen\u00adsa\u00adtion&nbsp;\u00bb<br>peut faire r\u00e9f\u00e9\u00adrence \u00e0&nbsp;des approches dif\u00adf\u00e9\u00adrentes. Je vois deux p\u00f4les<br>d\u2019approche de la sen\u00adsa\u00adtion.<br><br>Bon\u00adnie part des organes \u00e0&nbsp;tra\u00advers l\u2019imaginaire et les repr\u00e9\u00adsen\u00adta\u00adtions<br>qui leur sont li\u00e9s (ana\u00adto\u00admiques, phy\u00adsio\u00adlo\u00adgiques, cultu\u00adrelles) pour \u00e9veiller, nour\u00adrir,<br>abou\u00adtir \u00e0 \u00ab&nbsp;l\u2019incorporation&nbsp;\u00bb de et par la sen\u00adsa\u00adtion. L\u2019impulsion don\u00adn\u00e9e est<br>cen\u00adtri\u00adp\u00e8te, pour\u00adrait-on dire, elle va de l\u2019ext\u00e9rieur vers l\u2019int\u00e9rieur.<br><br>La sen\u00adsa\u00adtion nour\u00adrit \u00e0&nbsp;son tour l\u2019imaginaire et ses repr\u00e9\u00adsen\u00adta\u00adtions,<br>en contre\u00adpoint, comme le reflux est n\u00e9ces\u00adsaire au flux.<br><br>Nogu\u00adchi part de la sen\u00adsa\u00adtion des inten\u00adsi\u00adt\u00e9s [du <b>Corps sans organes<\/b> ?]<br>qui lui \u00e9voque des repr\u00e9\u00adsen\u00adta\u00adtions, des<br>d\u00e9duc\u00adtions, vers l\u2019imaginaire donc. Le mou\u00adve\u00adment est dyna\u00admi\u00adque\u00adment<br>cen\u00adtri\u00adfuge, l\u2019imaginaire ne venant qu\u2019en reflux.<br><br>Bien enten\u00addu, ces deux mou\u00adve\u00adments alternent dans cha\u00adcune des deux<br>d\u00e9marches, mais tou\u00adjours l\u2019un revient vers l\u2019imaginaire\/repr\u00e9sentation comme source<br>des sen\u00adsa\u00adtions, l\u2019autre vers la sen\u00adsa\u00adtion comme source de<br>l\u2019imaginaire.<br><br>L\u2019imaginaire comme source des sen\u00adsa\u00adtions, c\u2019est le men\u00adtal qui parle<br>en pre\u00admier et se relie au corps, le fa\u00e7onne, le sculpte. C\u2019est une<br>\u0153uvre \u00e9la\u00adbo\u00adr\u00e9e o\u00f9 l\u2019imaginaire rend sa po\u00e9\u00adsie au corps. Ceci fait<br>dire \u00e0&nbsp;ceux qui pensent ne pas \u00eatre po\u00e8tes, que les sen\u00adsa\u00adtions sont<br>du domaine des r\u00eaves, de la fan\u00adtai\u00adsie, donc quelque chose de pas<br>fiable du tout.<br><br>La sen\u00adsa\u00adtion comme source de l\u2019imaginaire, c\u2019est le ha\u00ef\u00adku de la<br>po\u00e9\u00adsie \u2013 brute de d\u00e9cof\u00adfrage. Le corps parle en<br>pre\u00admier, il se relie au monde, nour\u00adrit l\u2019imaginaire. Il rend sa<br>po\u00e9\u00adsie \u00e0&nbsp;l\u2019imaginaire. Les sen\u00adsa\u00adtions deviennent du coup beau\u00adcoup plus<br>fiables pour les esprits cri\u00adtiques. C\u2019est l\u00e0 que je situe\u00adrais le <b>sei\u00adtai<\/b>.<br><br>Et la danse telle que nous l\u2019envisageons dans nos ate\u00adliers&nbsp;?<br><br>Pro\u00adba\u00adble\u00adment au point d\u2019\u00e9quilibre mou\u00advant de ces deux approches de la sen\u00adsa\u00adtion.<br><br>Andr\u00e9ine Bel<\/p><p style=\"color:green; text-align:right !important;\">Article cr\u00e9\u00e9 le 16\/02\/2020<\/p>","protected":false},"excerpt":{"rendered":"<p>Danse recherche\u2192 Che\u00admi\u00adne\u00adment de la danse recherche !! Sen\u00adsa\u00adtion et ima\u00adgi\u00adna\u00adtion \u2013 jan\u00advier&nbsp;2007 Bon\u00adnie Bain\u00adbridge Cohen, \u00e0&nbsp;l\u2019origine du Body Mind Cen\u00adte\u00adring (New-York,19973), men\u00adtionne avoir ren\u00adcon\u00adtr\u00e9 bri\u00e8\u00adve\u00adment Haru\u00adchi\u00adka Nogu\u00adchi, le fon\u00adda\u00adteur du Sei\u00adtai.Elle en t\u00e9moigne comme d\u2019une ren\u00adcontre impor\u00adtante dans son livre \u00ab&nbsp;Sen\u00adtir, res\u00adsen\u00adtir et agir&nbsp;\u00bb (\u00e9di\u00adtionNou\u00advelles de&nbsp;danse). Je me rends compte com\u00adbien le mot \u00ab&nbsp;sen\u00adsa\u00adtion&nbsp;\u00bbpeut faire r\u00e9f\u00e9\u00adrence \u00e0&nbsp;des approches dif\u00adf\u00e9\u00adrentes. Je vois deux p\u00f4lesd\u2019approche de la sen\u00adsa\u00adtion. Bon\u00adnie part des organes \u00e0&nbsp;tra\u00advers l\u2019imaginaire et les repr\u00e9\u00adsen\u00adta\u00adtionsqui leur sont li\u00e9s (ana\u00adto\u00admiques, [\u2026]<\/p>\n","protected":false},"author":2,"featured_media":0,"comment_status":"open","ping_status":"open","sticky":false,"template":"","format":"standard","meta":{"wp_typography_post_enhancements_disabled":false,"footnotes":""},"categories":[131],"tags":[159],"class_list":["post-287","post","type-post","status-publish","format-standard","hentry","category-a_propos_de_la_dr","tag-a_propos_de_la_dr"],"yoast_head":"<!-- This site is optimized with the Yoast SEO plugin v27.5 - https:\/\/yoast.com\/product\/yoast-seo-wordpress\/ -->\n<title>Sensation et imagination - Le TILT<\/title>\n<meta name=\"robots\" content=\"index, follow, max-snippet:-1, max-image-preview:large, max-video-preview:-1\" \/>\n<link rel=\"canonical\" href=\"https:\/\/www.leti.lt\/wordpress\/danserecherche-sensationetimagination\/\" \/>\n<meta property=\"og:locale\" content=\"fr_FR\" \/>\n<meta property=\"og:type\" content=\"article\" \/>\n<meta property=\"og:title\" content=\"Sensation et imagination - Le TILT\" \/>\n<meta property=\"og:description\" content=\"Danse recherche\u2192 Che\u00admi\u00adne\u00adment de la danse recherche !! Sen\u00adsa\u00adtion et ima\u00adgi\u00adna\u00adtion \u2013 jan\u00advier&nbsp;2007 Bon\u00adnie Bain\u00adbridge Cohen, \u00e0&nbsp;l\u2019origine du Body Mind Cen\u00adte\u00adring (New-York,19973), men\u00adtionne avoir ren\u00adcon\u00adtr\u00e9 bri\u00e8\u00adve\u00adment Haru\u00adchi\u00adka Nogu\u00adchi, le fon\u00adda\u00adteur du Sei\u00adtai.Elle en t\u00e9moigne comme d\u2019une ren\u00adcontre impor\u00adtante dans son livre \u00ab&nbsp;Sen\u00adtir, res\u00adsen\u00adtir et agir&nbsp;\u00bb (\u00e9di\u00adtionNou\u00advelles de&nbsp;danse). Je me rends compte com\u00adbien le mot \u00ab&nbsp;sen\u00adsa\u00adtion&nbsp;\u00bbpeut faire r\u00e9f\u00e9\u00adrence \u00e0&nbsp;des approches dif\u00adf\u00e9\u00adrentes. Je vois deux p\u00f4lesd\u2019approche de la sensation. Bon\u00adnie part des organes \u00e0&nbsp;tra\u00advers l\u2019imaginaire et les repr\u00e9\u00adsen\u00adta\u00adtionsqui leur sont li\u00e9s (ana\u00adto\u00admiques, [&hellip;]\" \/>\n<meta property=\"og:url\" content=\"https:\/\/www.leti.lt\/wordpress\/danserecherche-sensationetimagination\/\" \/>\n<meta property=\"og:site_name\" content=\"Le TILT\" \/>\n<meta property=\"article:published_time\" content=\"2020-02-16T14:30:34+00:00\" \/>\n<meta name=\"author\" content=\"Andr\u00e9ine Bel\" \/>\n<meta name=\"twitter:card\" content=\"summary_large_image\" \/>\n<meta name=\"twitter:label1\" content=\"\u00c9crit par\" \/>\n\t<meta name=\"twitter:data1\" content=\"Andr\u00e9ine Bel\" \/>\n\t<meta name=\"twitter:label2\" content=\"Dur\u00e9e de lecture estim\u00e9e\" \/>\n\t<meta name=\"twitter:data2\" content=\"2 minutes\" \/>\n<script type=\"application\/ld+json\" class=\"yoast-schema-graph\">{\"@context\":\"https:\\\/\\\/schema.org\",\"@graph\":[{\"@type\":\"Article\",\"@id\":\"https:\\\/\\\/www.leti.lt\\\/wordpress\\\/danserecherche-sensationetimagination\\\/#article\",\"isPartOf\":{\"@id\":\"https:\\\/\\\/www.leti.lt\\\/wordpress\\\/danserecherche-sensationetimagination\\\/\"},\"author\":{\"name\":\"Andr\u00e9ine Bel\",\"@id\":\"https:\\\/\\\/www.leti.lt\\\/wordpress\\\/#\\\/schema\\\/person\\\/9bb307b2af8fbb575bb3603e57951f75\"},\"headline\":\"Sensation et imagination\",\"datePublished\":\"2020-02-16T14:30:34+00:00\",\"mainEntityOfPage\":{\"@id\":\"https:\\\/\\\/www.leti.lt\\\/wordpress\\\/danserecherche-sensationetimagination\\\/\"},\"wordCount\":366,\"commentCount\":0,\"keywords\":[\"A_propos_de_la_DR\"],\"articleSection\":[\"\u00c0 propos de la DR\"],\"inLanguage\":\"fr-FR\",\"potentialAction\":[{\"@type\":\"CommentAction\",\"name\":\"Comment\",\"target\":[\"https:\\\/\\\/www.leti.lt\\\/wordpress\\\/danserecherche-sensationetimagination\\\/#respond\"]}]},{\"@type\":\"WebPage\",\"@id\":\"https:\\\/\\\/www.leti.lt\\\/wordpress\\\/danserecherche-sensationetimagination\\\/\",\"url\":\"https:\\\/\\\/www.leti.lt\\\/wordpress\\\/danserecherche-sensationetimagination\\\/\",\"name\":\"Sensation et imagination - Le TILT\",\"isPartOf\":{\"@id\":\"https:\\\/\\\/www.leti.lt\\\/wordpress\\\/#website\"},\"datePublished\":\"2020-02-16T14:30:34+00:00\",\"author\":{\"@id\":\"https:\\\/\\\/www.leti.lt\\\/wordpress\\\/#\\\/schema\\\/person\\\/9bb307b2af8fbb575bb3603e57951f75\"},\"breadcrumb\":{\"@id\":\"https:\\\/\\\/www.leti.lt\\\/wordpress\\\/danserecherche-sensationetimagination\\\/#breadcrumb\"},\"inLanguage\":\"fr-FR\",\"potentialAction\":[{\"@type\":\"ReadAction\",\"target\":[\"https:\\\/\\\/www.leti.lt\\\/wordpress\\\/danserecherche-sensationetimagination\\\/\"]}]},{\"@type\":\"BreadcrumbList\",\"@id\":\"https:\\\/\\\/www.leti.lt\\\/wordpress\\\/danserecherche-sensationetimagination\\\/#breadcrumb\",\"itemListElement\":[{\"@type\":\"ListItem\",\"position\":1,\"name\":\"Accueil\",\"item\":\"https:\\\/\\\/www.leti.lt\\\/wordpress\\\/\"},{\"@type\":\"ListItem\",\"position\":2,\"name\":\"Sensation et imagination\"}]},{\"@type\":\"WebSite\",\"@id\":\"https:\\\/\\\/www.leti.lt\\\/wordpress\\\/#website\",\"url\":\"https:\\\/\\\/www.leti.lt\\\/wordpress\\\/\",\"name\":\"Le TILT\",\"description\":\"Recherche, publication, cr\u00e9ation artistique\",\"potentialAction\":[{\"@type\":\"SearchAction\",\"target\":{\"@type\":\"EntryPoint\",\"urlTemplate\":\"https:\\\/\\\/www.leti.lt\\\/wordpress\\\/?s={search_term_string}\"},\"query-input\":{\"@type\":\"PropertyValueSpecification\",\"valueRequired\":true,\"valueName\":\"search_term_string\"}}],\"inLanguage\":\"fr-FR\"},{\"@type\":\"Person\",\"@id\":\"https:\\\/\\\/www.leti.lt\\\/wordpress\\\/#\\\/schema\\\/person\\\/9bb307b2af8fbb575bb3603e57951f75\",\"name\":\"Andr\u00e9ine Bel\",\"image\":{\"@type\":\"ImageObject\",\"inLanguage\":\"fr-FR\",\"@id\":\"https:\\\/\\\/secure.gravatar.com\\\/avatar\\\/4ab041ec7c7ad3b90293023e86528ec1a700ce2971ff61811b2df6b288dd1f38?s=96&d=identicon&r=g\",\"url\":\"https:\\\/\\\/secure.gravatar.com\\\/avatar\\\/4ab041ec7c7ad3b90293023e86528ec1a700ce2971ff61811b2df6b288dd1f38?s=96&d=identicon&r=g\",\"contentUrl\":\"https:\\\/\\\/secure.gravatar.com\\\/avatar\\\/4ab041ec7c7ad3b90293023e86528ec1a700ce2971ff61811b2df6b288dd1f38?s=96&d=identicon&r=g\",\"caption\":\"Andr\u00e9ine Bel\"},\"url\":\"https:\\\/\\\/www.leti.lt\\\/wordpress\\\/author\\\/andreine\\\/\"}]}<\/script>\n<!-- \/ Yoast SEO plugin. -->","yoast_head_json":{"title":"Sensation et imagination - Le TILT","robots":{"index":"index","follow":"follow","max-snippet":"max-snippet:-1","max-image-preview":"max-image-preview:large","max-video-preview":"max-video-preview:-1"},"canonical":"https:\/\/www.leti.lt\/wordpress\/danserecherche-sensationetimagination\/","og_locale":"fr_FR","og_type":"article","og_title":"Sensation et imagination - Le TILT","og_description":"Danse recherche\u2192 Che\u00admi\u00adne\u00adment de la danse recherche !! Sen\u00adsa\u00adtion et ima\u00adgi\u00adna\u00adtion \u2013 jan\u00advier&nbsp;2007 Bon\u00adnie Bain\u00adbridge Cohen, \u00e0&nbsp;l\u2019origine du Body Mind Cen\u00adte\u00adring (New-York,19973), men\u00adtionne avoir ren\u00adcon\u00adtr\u00e9 bri\u00e8\u00adve\u00adment Haru\u00adchi\u00adka Nogu\u00adchi, le fon\u00adda\u00adteur du Sei\u00adtai.Elle en t\u00e9moigne comme d\u2019une ren\u00adcontre impor\u00adtante dans son livre \u00ab&nbsp;Sen\u00adtir, res\u00adsen\u00adtir et agir&nbsp;\u00bb (\u00e9di\u00adtionNou\u00advelles de&nbsp;danse). Je me rends compte com\u00adbien le mot \u00ab&nbsp;sen\u00adsa\u00adtion&nbsp;\u00bbpeut faire r\u00e9f\u00e9\u00adrence \u00e0&nbsp;des approches dif\u00adf\u00e9\u00adrentes. Je vois deux p\u00f4lesd\u2019approche de la sensation. Bon\u00adnie part des organes \u00e0&nbsp;tra\u00advers l\u2019imaginaire et les repr\u00e9\u00adsen\u00adta\u00adtionsqui leur sont li\u00e9s (ana\u00adto\u00admiques, [&hellip;]","og_url":"https:\/\/www.leti.lt\/wordpress\/danserecherche-sensationetimagination\/","og_site_name":"Le TILT","article_published_time":"2020-02-16T14:30:34+00:00","author":"Andr\u00e9ine Bel","twitter_card":"summary_large_image","twitter_misc":{"\u00c9crit par":"Andr\u00e9ine Bel","Dur\u00e9e de lecture estim\u00e9e":"2 minutes"},"schema":{"@context":"https:\/\/schema.org","@graph":[{"@type":"Article","@id":"https:\/\/www.leti.lt\/wordpress\/danserecherche-sensationetimagination\/#article","isPartOf":{"@id":"https:\/\/www.leti.lt\/wordpress\/danserecherche-sensationetimagination\/"},"author":{"name":"Andr\u00e9ine Bel","@id":"https:\/\/www.leti.lt\/wordpress\/#\/schema\/person\/9bb307b2af8fbb575bb3603e57951f75"},"headline":"Sensation et imagination","datePublished":"2020-02-16T14:30:34+00:00","mainEntityOfPage":{"@id":"https:\/\/www.leti.lt\/wordpress\/danserecherche-sensationetimagination\/"},"wordCount":366,"commentCount":0,"keywords":["A_propos_de_la_DR"],"articleSection":["\u00c0 propos de la DR"],"inLanguage":"fr-FR","potentialAction":[{"@type":"CommentAction","name":"Comment","target":["https:\/\/www.leti.lt\/wordpress\/danserecherche-sensationetimagination\/#respond"]}]},{"@type":"WebPage","@id":"https:\/\/www.leti.lt\/wordpress\/danserecherche-sensationetimagination\/","url":"https:\/\/www.leti.lt\/wordpress\/danserecherche-sensationetimagination\/","name":"Sensation et imagination - Le TILT","isPartOf":{"@id":"https:\/\/www.leti.lt\/wordpress\/#website"},"datePublished":"2020-02-16T14:30:34+00:00","author":{"@id":"https:\/\/www.leti.lt\/wordpress\/#\/schema\/person\/9bb307b2af8fbb575bb3603e57951f75"},"breadcrumb":{"@id":"https:\/\/www.leti.lt\/wordpress\/danserecherche-sensationetimagination\/#breadcrumb"},"inLanguage":"fr-FR","potentialAction":[{"@type":"ReadAction","target":["https:\/\/www.leti.lt\/wordpress\/danserecherche-sensationetimagination\/"]}]},{"@type":"BreadcrumbList","@id":"https:\/\/www.leti.lt\/wordpress\/danserecherche-sensationetimagination\/#breadcrumb","itemListElement":[{"@type":"ListItem","position":1,"name":"Accueil","item":"https:\/\/www.leti.lt\/wordpress\/"},{"@type":"ListItem","position":2,"name":"Sensation et imagination"}]},{"@type":"WebSite","@id":"https:\/\/www.leti.lt\/wordpress\/#website","url":"https:\/\/www.leti.lt\/wordpress\/","name":"Le TILT","description":"Recherche, publication, cr\u00e9ation artistique","potentialAction":[{"@type":"SearchAction","target":{"@type":"EntryPoint","urlTemplate":"https:\/\/www.leti.lt\/wordpress\/?s={search_term_string}"},"query-input":{"@type":"PropertyValueSpecification","valueRequired":true,"valueName":"search_term_string"}}],"inLanguage":"fr-FR"},{"@type":"Person","@id":"https:\/\/www.leti.lt\/wordpress\/#\/schema\/person\/9bb307b2af8fbb575bb3603e57951f75","name":"Andr\u00e9ine Bel","image":{"@type":"ImageObject","inLanguage":"fr-FR","@id":"https:\/\/secure.gravatar.com\/avatar\/4ab041ec7c7ad3b90293023e86528ec1a700ce2971ff61811b2df6b288dd1f38?s=96&d=identicon&r=g","url":"https:\/\/secure.gravatar.com\/avatar\/4ab041ec7c7ad3b90293023e86528ec1a700ce2971ff61811b2df6b288dd1f38?s=96&d=identicon&r=g","contentUrl":"https:\/\/secure.gravatar.com\/avatar\/4ab041ec7c7ad3b90293023e86528ec1a700ce2971ff61811b2df6b288dd1f38?s=96&d=identicon&r=g","caption":"Andr\u00e9ine Bel"},"url":"https:\/\/www.leti.lt\/wordpress\/author\/andreine\/"}]}},"_links":{"self":[{"href":"https:\/\/www.leti.lt\/wordpress\/wp-json\/wp\/v2\/posts\/287","targetHints":{"allow":["GET"]}}],"collection":[{"href":"https:\/\/www.leti.lt\/wordpress\/wp-json\/wp\/v2\/posts"}],"about":[{"href":"https:\/\/www.leti.lt\/wordpress\/wp-json\/wp\/v2\/types\/post"}],"author":[{"embeddable":true,"href":"https:\/\/www.leti.lt\/wordpress\/wp-json\/wp\/v2\/users\/2"}],"replies":[{"embeddable":true,"href":"https:\/\/www.leti.lt\/wordpress\/wp-json\/wp\/v2\/comments?post=287"}],"version-history":[{"count":0,"href":"https:\/\/www.leti.lt\/wordpress\/wp-json\/wp\/v2\/posts\/287\/revisions"}],"wp:attachment":[{"href":"https:\/\/www.leti.lt\/wordpress\/wp-json\/wp\/v2\/media?parent=287"}],"wp:term":[{"taxonomy":"category","embeddable":true,"href":"https:\/\/www.leti.lt\/wordpress\/wp-json\/wp\/v2\/categories?post=287"},{"taxonomy":"post_tag","embeddable":true,"href":"https:\/\/www.leti.lt\/wordpress\/wp-json\/wp\/v2\/tags?post=287"}],"curies":[{"name":"wp","href":"https:\/\/api.w.org\/{rel}","templated":true}]}}