{"id":282,"date":"2020-02-16T15:30:34","date_gmt":"2020-02-16T14:30:34","guid":{"rendered":"https:\/\/www.leti.lt\/wordpress\/?p=282"},"modified":"2020-06-10T08:57:25","modified_gmt":"2020-06-10T06:57:25","slug":"danserecherche-presentationcourtedeladanserecherche","status":"publish","type":"post","link":"https:\/\/www.leti.lt\/wordpress\/danserecherche-presentationcourtedeladanserecherche\/","title":{"rendered":"Pr\u00e9sentation courte de la danse recherche"},"content":{"rendered":"\n<p>L\u2019atelier de danse recherche s\u2019est mis en place en 2007, pour nous per\u00admettre de d\u00e9ve\u00adlop\u00adper la danse et la mettre en forum dans nos ate\u00adliers.<br><br>Il s\u2019agit de recherche exp\u00e9\u00adri\u00admen\u00adtale, r\u00e9flexive et coop\u00e9\u00adra\u00adtive. Nous par\u00adtons de ce qui est&nbsp;: nos faci\u00adli\u00adt\u00e9s et nos dif\u00adfi\u00adcul\u00adt\u00e9s, nos sou\u00adplesses et nos rai\u00addeurs, nos limites et nos d\u00e9si\u00adrs. Il est ques\u00adtion non seule\u00adment d\u2019inclure la r\u00e9a\u00adli\u00adt\u00e9 de ce que nous sommes dans la danse, mais de par\u00adtir de cette r\u00e9a\u00adli\u00adt\u00e9 mou\u00advante pour \u00ab&nbsp;cr\u00e9er&nbsp;\u00bb la danse. Une danse qui na\u00eet de ce mat\u00e9\u00adriau et non d\u2019un id\u00e9al pro\u00adje\u00adt\u00e9 par une soci\u00e9\u00adt\u00e9 qui r\u00e9serve la danse \u00e0&nbsp;des corps souples, minces et vifs.<br><br>La danse recherche est ain\u00adsi le moyen de \u00ab&nbsp;deve\u00adnir&nbsp;\u00bb dan\u00adseur en exp\u00e9\u00adri\u00admen\u00adtant des outils d\u2019analyse. Le dan\u00adseur se construit par cet (auto)apprentissage col\u00adlec\u00adtif. La pro\u00adbl\u00e9\u00adma\u00adti\u00adsa\u00adtion est au ser\u00advice de la danse elle-m\u00eame.<\/p>\n<p style=\"color:green; text-align:right !important;\">Article cr\u00e9\u00e9 le 16\/02\/2020 \u2013 modi\u00adfi\u00e9 le 10\/06\/2020<\/p>","protected":false},"excerpt":{"rendered":"<p>L\u2019atelier de danse recherche s\u2019est mis en place en 2007, pour nous per\u00admettre de d\u00e9ve\u00adlop\u00adper la danse et la mettre en forum dans nos ate\u00adliers. Il s\u2019agit de recherche exp\u00e9\u00adri\u00admen\u00adtale, r\u00e9flexive et coop\u00e9\u00adra\u00adtive. Nous par\u00adtons de ce qui est&nbsp;: nos faci\u00adli\u00adt\u00e9s et nos dif\u00adfi\u00adcul\u00adt\u00e9s, nos sou\u00adplesses et nos rai\u00addeurs, nos limites et nos d\u00e9si\u00adrs. Il est ques\u00adtion non seule\u00adment d\u2019inclure la r\u00e9a\u00adli\u00adt\u00e9 de ce que nous sommes dans la danse, mais de par\u00adtir de cette r\u00e9a\u00adli\u00adt\u00e9 mou\u00advante pour \u00ab&nbsp;cr\u00e9er&nbsp;\u00bb&nbsp;la&nbsp;[\u2026]<\/p>\n","protected":false},"author":2,"featured_media":0,"comment_status":"open","ping_status":"open","sticky":false,"template":"","format":"standard","meta":{"wp_typography_post_enhancements_disabled":false,"footnotes":""},"categories":[131],"tags":[40],"class_list":["post-282","post","type-post","status-publish","format-standard","hentry","category-a_propos_de_la_dr","tag-danserecherche_misc_"],"yoast_head":"<!-- This site is optimized with the Yoast SEO plugin v27.5 - https:\/\/yoast.com\/product\/yoast-seo-wordpress\/ -->\n<title>Pr\u00e9sentation courte de la danse recherche - Le TILT<\/title>\n<meta name=\"robots\" content=\"index, follow, max-snippet:-1, max-image-preview:large, max-video-preview:-1\" \/>\n<link rel=\"canonical\" href=\"https:\/\/www.leti.lt\/wordpress\/danserecherche-presentationcourtedeladanserecherche\/\" \/>\n<meta property=\"og:locale\" content=\"fr_FR\" \/>\n<meta property=\"og:type\" content=\"article\" \/>\n<meta property=\"og:title\" content=\"Pr\u00e9sentation courte de la danse recherche - Le TILT\" \/>\n<meta property=\"og:description\" content=\"L\u2019atelier de danse recherche s\u2019est mis en place en 2007, pour nous per\u00admettre de d\u00e9ve\u00adlop\u00adper la danse et la mettre en forum dans nos ateliers. Il s\u2019agit de recherche exp\u00e9\u00adri\u00admen\u00adtale, r\u00e9flexive et coop\u00e9\u00adra\u00adtive. Nous par\u00adtons de ce qui est&nbsp;: nos faci\u00adli\u00adt\u00e9s et nos dif\u00adfi\u00adcul\u00adt\u00e9s, nos sou\u00adplesses et nos rai\u00addeurs, nos limites et nos d\u00e9si\u00adrs. Il est ques\u00adtion non seule\u00adment d\u2019inclure la r\u00e9a\u00adli\u00adt\u00e9 de ce que nous sommes dans la danse, mais de par\u00adtir de cette r\u00e9a\u00adli\u00adt\u00e9 mou\u00advante pour \u00ab&nbsp;cr\u00e9er&nbsp;\u00bb la [&hellip;]\" \/>\n<meta property=\"og:url\" content=\"https:\/\/www.leti.lt\/wordpress\/danserecherche-presentationcourtedeladanserecherche\/\" \/>\n<meta property=\"og:site_name\" content=\"Le TILT\" \/>\n<meta property=\"article:published_time\" content=\"2020-02-16T14:30:34+00:00\" \/>\n<meta property=\"article:modified_time\" content=\"2020-06-10T06:57:25+00:00\" \/>\n<meta name=\"author\" content=\"Andr\u00e9ine Bel\" \/>\n<meta name=\"twitter:card\" content=\"summary_large_image\" \/>\n<meta name=\"twitter:label1\" content=\"\u00c9crit par\" \/>\n\t<meta name=\"twitter:data1\" content=\"Andr\u00e9ine Bel\" \/>\n\t<meta name=\"twitter:label2\" content=\"Dur\u00e9e de lecture estim\u00e9e\" \/>\n\t<meta name=\"twitter:data2\" content=\"1 minute\" \/>\n<script type=\"application\/ld+json\" class=\"yoast-schema-graph\">{\"@context\":\"https:\\\/\\\/schema.org\",\"@graph\":[{\"@type\":\"Article\",\"@id\":\"https:\\\/\\\/www.leti.lt\\\/wordpress\\\/danserecherche-presentationcourtedeladanserecherche\\\/#article\",\"isPartOf\":{\"@id\":\"https:\\\/\\\/www.leti.lt\\\/wordpress\\\/danserecherche-presentationcourtedeladanserecherche\\\/\"},\"author\":{\"name\":\"Andr\u00e9ine Bel\",\"@id\":\"https:\\\/\\\/www.leti.lt\\\/wordpress\\\/#\\\/schema\\\/person\\\/9bb307b2af8fbb575bb3603e57951f75\"},\"headline\":\"Pr\u00e9sentation courte de la danse recherche\",\"datePublished\":\"2020-02-16T14:30:34+00:00\",\"dateModified\":\"2020-06-10T06:57:25+00:00\",\"mainEntityOfPage\":{\"@id\":\"https:\\\/\\\/www.leti.lt\\\/wordpress\\\/danserecherche-presentationcourtedeladanserecherche\\\/\"},\"wordCount\":169,\"commentCount\":0,\"keywords\":[\"DanseRecherche_misc_\"],\"articleSection\":[\"\u00c0 propos de la DR\"],\"inLanguage\":\"fr-FR\",\"potentialAction\":[{\"@type\":\"CommentAction\",\"name\":\"Comment\",\"target\":[\"https:\\\/\\\/www.leti.lt\\\/wordpress\\\/danserecherche-presentationcourtedeladanserecherche\\\/#respond\"]}]},{\"@type\":\"WebPage\",\"@id\":\"https:\\\/\\\/www.leti.lt\\\/wordpress\\\/danserecherche-presentationcourtedeladanserecherche\\\/\",\"url\":\"https:\\\/\\\/www.leti.lt\\\/wordpress\\\/danserecherche-presentationcourtedeladanserecherche\\\/\",\"name\":\"Pr\u00e9sentation courte de la danse recherche - Le TILT\",\"isPartOf\":{\"@id\":\"https:\\\/\\\/www.leti.lt\\\/wordpress\\\/#website\"},\"datePublished\":\"2020-02-16T14:30:34+00:00\",\"dateModified\":\"2020-06-10T06:57:25+00:00\",\"author\":{\"@id\":\"https:\\\/\\\/www.leti.lt\\\/wordpress\\\/#\\\/schema\\\/person\\\/9bb307b2af8fbb575bb3603e57951f75\"},\"breadcrumb\":{\"@id\":\"https:\\\/\\\/www.leti.lt\\\/wordpress\\\/danserecherche-presentationcourtedeladanserecherche\\\/#breadcrumb\"},\"inLanguage\":\"fr-FR\",\"potentialAction\":[{\"@type\":\"ReadAction\",\"target\":[\"https:\\\/\\\/www.leti.lt\\\/wordpress\\\/danserecherche-presentationcourtedeladanserecherche\\\/\"]}]},{\"@type\":\"BreadcrumbList\",\"@id\":\"https:\\\/\\\/www.leti.lt\\\/wordpress\\\/danserecherche-presentationcourtedeladanserecherche\\\/#breadcrumb\",\"itemListElement\":[{\"@type\":\"ListItem\",\"position\":1,\"name\":\"Accueil\",\"item\":\"https:\\\/\\\/www.leti.lt\\\/wordpress\\\/\"},{\"@type\":\"ListItem\",\"position\":2,\"name\":\"Pr\u00e9sentation courte de la danse recherche\"}]},{\"@type\":\"WebSite\",\"@id\":\"https:\\\/\\\/www.leti.lt\\\/wordpress\\\/#website\",\"url\":\"https:\\\/\\\/www.leti.lt\\\/wordpress\\\/\",\"name\":\"Le TILT\",\"description\":\"Recherche, publication, cr\u00e9ation artistique\",\"potentialAction\":[{\"@type\":\"SearchAction\",\"target\":{\"@type\":\"EntryPoint\",\"urlTemplate\":\"https:\\\/\\\/www.leti.lt\\\/wordpress\\\/?s={search_term_string}\"},\"query-input\":{\"@type\":\"PropertyValueSpecification\",\"valueRequired\":true,\"valueName\":\"search_term_string\"}}],\"inLanguage\":\"fr-FR\"},{\"@type\":\"Person\",\"@id\":\"https:\\\/\\\/www.leti.lt\\\/wordpress\\\/#\\\/schema\\\/person\\\/9bb307b2af8fbb575bb3603e57951f75\",\"name\":\"Andr\u00e9ine Bel\",\"image\":{\"@type\":\"ImageObject\",\"inLanguage\":\"fr-FR\",\"@id\":\"https:\\\/\\\/secure.gravatar.com\\\/avatar\\\/4ab041ec7c7ad3b90293023e86528ec1a700ce2971ff61811b2df6b288dd1f38?s=96&d=identicon&r=g\",\"url\":\"https:\\\/\\\/secure.gravatar.com\\\/avatar\\\/4ab041ec7c7ad3b90293023e86528ec1a700ce2971ff61811b2df6b288dd1f38?s=96&d=identicon&r=g\",\"contentUrl\":\"https:\\\/\\\/secure.gravatar.com\\\/avatar\\\/4ab041ec7c7ad3b90293023e86528ec1a700ce2971ff61811b2df6b288dd1f38?s=96&d=identicon&r=g\",\"caption\":\"Andr\u00e9ine Bel\"},\"url\":\"https:\\\/\\\/www.leti.lt\\\/wordpress\\\/author\\\/andreine\\\/\"}]}<\/script>\n<!-- \/ Yoast SEO plugin. -->","yoast_head_json":{"title":"Pr\u00e9sentation courte de la danse recherche - Le TILT","robots":{"index":"index","follow":"follow","max-snippet":"max-snippet:-1","max-image-preview":"max-image-preview:large","max-video-preview":"max-video-preview:-1"},"canonical":"https:\/\/www.leti.lt\/wordpress\/danserecherche-presentationcourtedeladanserecherche\/","og_locale":"fr_FR","og_type":"article","og_title":"Pr\u00e9sentation courte de la danse recherche - Le TILT","og_description":"L\u2019atelier de danse recherche s\u2019est mis en place en 2007, pour nous per\u00admettre de d\u00e9ve\u00adlop\u00adper la danse et la mettre en forum dans nos ateliers. Il s\u2019agit de recherche exp\u00e9\u00adri\u00admen\u00adtale, r\u00e9flexive et coop\u00e9\u00adra\u00adtive. Nous par\u00adtons de ce qui est&nbsp;: nos faci\u00adli\u00adt\u00e9s et nos dif\u00adfi\u00adcul\u00adt\u00e9s, nos sou\u00adplesses et nos rai\u00addeurs, nos limites et nos d\u00e9si\u00adrs. Il est ques\u00adtion non seule\u00adment d\u2019inclure la r\u00e9a\u00adli\u00adt\u00e9 de ce que nous sommes dans la danse, mais de par\u00adtir de cette r\u00e9a\u00adli\u00adt\u00e9 mou\u00advante pour \u00ab&nbsp;cr\u00e9er&nbsp;\u00bb la [&hellip;]","og_url":"https:\/\/www.leti.lt\/wordpress\/danserecherche-presentationcourtedeladanserecherche\/","og_site_name":"Le TILT","article_published_time":"2020-02-16T14:30:34+00:00","article_modified_time":"2020-06-10T06:57:25+00:00","author":"Andr\u00e9ine Bel","twitter_card":"summary_large_image","twitter_misc":{"\u00c9crit par":"Andr\u00e9ine Bel","Dur\u00e9e de lecture estim\u00e9e":"1 minute"},"schema":{"@context":"https:\/\/schema.org","@graph":[{"@type":"Article","@id":"https:\/\/www.leti.lt\/wordpress\/danserecherche-presentationcourtedeladanserecherche\/#article","isPartOf":{"@id":"https:\/\/www.leti.lt\/wordpress\/danserecherche-presentationcourtedeladanserecherche\/"},"author":{"name":"Andr\u00e9ine Bel","@id":"https:\/\/www.leti.lt\/wordpress\/#\/schema\/person\/9bb307b2af8fbb575bb3603e57951f75"},"headline":"Pr\u00e9sentation courte de la danse recherche","datePublished":"2020-02-16T14:30:34+00:00","dateModified":"2020-06-10T06:57:25+00:00","mainEntityOfPage":{"@id":"https:\/\/www.leti.lt\/wordpress\/danserecherche-presentationcourtedeladanserecherche\/"},"wordCount":169,"commentCount":0,"keywords":["DanseRecherche_misc_"],"articleSection":["\u00c0 propos de la DR"],"inLanguage":"fr-FR","potentialAction":[{"@type":"CommentAction","name":"Comment","target":["https:\/\/www.leti.lt\/wordpress\/danserecherche-presentationcourtedeladanserecherche\/#respond"]}]},{"@type":"WebPage","@id":"https:\/\/www.leti.lt\/wordpress\/danserecherche-presentationcourtedeladanserecherche\/","url":"https:\/\/www.leti.lt\/wordpress\/danserecherche-presentationcourtedeladanserecherche\/","name":"Pr\u00e9sentation courte de la danse recherche - Le TILT","isPartOf":{"@id":"https:\/\/www.leti.lt\/wordpress\/#website"},"datePublished":"2020-02-16T14:30:34+00:00","dateModified":"2020-06-10T06:57:25+00:00","author":{"@id":"https:\/\/www.leti.lt\/wordpress\/#\/schema\/person\/9bb307b2af8fbb575bb3603e57951f75"},"breadcrumb":{"@id":"https:\/\/www.leti.lt\/wordpress\/danserecherche-presentationcourtedeladanserecherche\/#breadcrumb"},"inLanguage":"fr-FR","potentialAction":[{"@type":"ReadAction","target":["https:\/\/www.leti.lt\/wordpress\/danserecherche-presentationcourtedeladanserecherche\/"]}]},{"@type":"BreadcrumbList","@id":"https:\/\/www.leti.lt\/wordpress\/danserecherche-presentationcourtedeladanserecherche\/#breadcrumb","itemListElement":[{"@type":"ListItem","position":1,"name":"Accueil","item":"https:\/\/www.leti.lt\/wordpress\/"},{"@type":"ListItem","position":2,"name":"Pr\u00e9sentation courte de la danse recherche"}]},{"@type":"WebSite","@id":"https:\/\/www.leti.lt\/wordpress\/#website","url":"https:\/\/www.leti.lt\/wordpress\/","name":"Le TILT","description":"Recherche, publication, cr\u00e9ation artistique","potentialAction":[{"@type":"SearchAction","target":{"@type":"EntryPoint","urlTemplate":"https:\/\/www.leti.lt\/wordpress\/?s={search_term_string}"},"query-input":{"@type":"PropertyValueSpecification","valueRequired":true,"valueName":"search_term_string"}}],"inLanguage":"fr-FR"},{"@type":"Person","@id":"https:\/\/www.leti.lt\/wordpress\/#\/schema\/person\/9bb307b2af8fbb575bb3603e57951f75","name":"Andr\u00e9ine Bel","image":{"@type":"ImageObject","inLanguage":"fr-FR","@id":"https:\/\/secure.gravatar.com\/avatar\/4ab041ec7c7ad3b90293023e86528ec1a700ce2971ff61811b2df6b288dd1f38?s=96&d=identicon&r=g","url":"https:\/\/secure.gravatar.com\/avatar\/4ab041ec7c7ad3b90293023e86528ec1a700ce2971ff61811b2df6b288dd1f38?s=96&d=identicon&r=g","contentUrl":"https:\/\/secure.gravatar.com\/avatar\/4ab041ec7c7ad3b90293023e86528ec1a700ce2971ff61811b2df6b288dd1f38?s=96&d=identicon&r=g","caption":"Andr\u00e9ine Bel"},"url":"https:\/\/www.leti.lt\/wordpress\/author\/andreine\/"}]}},"_links":{"self":[{"href":"https:\/\/www.leti.lt\/wordpress\/wp-json\/wp\/v2\/posts\/282","targetHints":{"allow":["GET"]}}],"collection":[{"href":"https:\/\/www.leti.lt\/wordpress\/wp-json\/wp\/v2\/posts"}],"about":[{"href":"https:\/\/www.leti.lt\/wordpress\/wp-json\/wp\/v2\/types\/post"}],"author":[{"embeddable":true,"href":"https:\/\/www.leti.lt\/wordpress\/wp-json\/wp\/v2\/users\/2"}],"replies":[{"embeddable":true,"href":"https:\/\/www.leti.lt\/wordpress\/wp-json\/wp\/v2\/comments?post=282"}],"version-history":[{"count":1,"href":"https:\/\/www.leti.lt\/wordpress\/wp-json\/wp\/v2\/posts\/282\/revisions"}],"predecessor-version":[{"id":621,"href":"https:\/\/www.leti.lt\/wordpress\/wp-json\/wp\/v2\/posts\/282\/revisions\/621"}],"wp:attachment":[{"href":"https:\/\/www.leti.lt\/wordpress\/wp-json\/wp\/v2\/media?parent=282"}],"wp:term":[{"taxonomy":"category","embeddable":true,"href":"https:\/\/www.leti.lt\/wordpress\/wp-json\/wp\/v2\/categories?post=282"},{"taxonomy":"post_tag","embeddable":true,"href":"https:\/\/www.leti.lt\/wordpress\/wp-json\/wp\/v2\/tags?post=282"}],"curies":[{"name":"wp","href":"https:\/\/api.w.org\/{rel}","templated":true}]}}