{"id":278,"date":"2020-02-16T15:30:34","date_gmt":"2020-02-16T14:30:34","guid":{"rendered":"https:\/\/www.leti.lt\/wordpress\/?p=278"},"modified":"2020-02-16T18:15:40","modified_gmt":"2020-02-16T17:15:40","slug":"danserecherche-lesthemesduvendredi","status":"publish","type":"post","link":"https:\/\/www.leti.lt\/wordpress\/danserecherche-lesthemesduvendredi\/","title":{"rendered":"Les th\u00e8mes du vendredi"},"content":{"rendered":"<p><a href=\"https:\/\/www.leti.lt\/wordpress\/danserecherche-danserecherche\/\">Danse recherche<\/a><br>\u2192 <a href=\"https:\/\/www.leti.lt\/wordpress\/danserecherche-comptesrendusateliers\/\">Comptes ren\u00addus des ate\u00adliers<\/a><br>\u2192 <a href=\"https:\/\/www.leti.lt\/wordpress\/danserecherche-aix\/\">Aix<\/a><br><br>!! Les th\u00e8mes de l\u2019atelier Aix Danse recherche (du 3\/10\/08 au 20\/2\/09)<br><br>Les <i>ate\u00adliers de recherche en danse<\/i> ont d\u00e9ci\u00add\u00e9 que le pro\u00adbl\u00e8me n\u2019\u00e9tait<br><br>pas de bien dan\u00adser, mais de dan\u00adser<br><br>le pro\u00adbl\u00e8me, c\u2019est le th\u00e8me pro\u00adbl\u00e9\u00adma\u00adti\u00ads\u00e9<br><br>alors, pour que le th\u00e8me naisse comme le fruit se d\u00e9tache de la<br><br>branche, quand il est m\u00fbr, nous n\u2019avons trou\u00adv\u00e9 qu\u2019une solu\u00adtion&nbsp;: ne<br><br>rien faire, attendre qu\u2019il m\u00fbrisse et nous tombe dans le bec<br><br>ne rien faire, c\u2019est lais\u00adser faire le corps<br><br>le lais\u00adser lis\u00adser ses muscles comme les oiseaux prennent la douche \u00e0<br><br>la fon\u00adtaine<br><br>alors les bouches s\u2019ouvrent et b\u00e2illent timi\u00adde\u00adment au d\u00e9but<br><br>puis de plus en plus bruyam\u00adment<br><br>les larmes fra\u00eeches coulent le long des tempes<br><br>les sou\u00adpirs s\u2019encha\u00eenent<br><br>et voi\u00adl\u00e0 les cha\u00eenes des muscles se mettre en mou\u00adve\u00adment<br><br>l\u2019air de rien ou en insis\u00adtant<br><br>mais comme en amour<br><br>deux fois nous fai\u00adsons le point<br><br>entre nous c\u2019est fai\u00adsable<br><br>les mots s\u2019\u00e9gr\u00e8nent<br><br>il y&nbsp;en a&nbsp;tou\u00adjours un ou deux que les pious attrapent au vol,<br><br>et c\u2019est notre th\u00e8me<br><br>du ven\u00addre\u00addi<br><br><br><br>l\u2019\u00e9quilibre<br><br>est venu de cette his\u00adtoire de muscles pro\u00adfonds,<br><br>cen\u00ads\u00e9s assu\u00adrer la sta\u00adtique<br><br>donc l\u2019\u00e9quilibre<br><br>que nous avons aim\u00e9 instable<br><br>se payer le luxe de cette insta\u00adbi\u00adli\u00adt\u00e9<br><br>des petits miracles qu\u2019elle op\u00e8re<br><br>de r\u00e9con\u00adci\u00adlia\u00adtion avec la sc\u00e8ne aveu\u00adglante<br><br>les juge\u00adments du public tra\u00adver\u00ads\u00e9s comme un fleuve bouillon\u00adnant<br><br>sou\u00adve\u00adnirs cui\u00adsants reve\u00adnus en force<br><br>puis s\u2019adoucissant dans un lac d\u2019automne<br><br><br><br>les pieds<br><br>n\u2019en finirent pas de nous \u00e9ton\u00adner<br><br>repre\u00adnant place dans les cir\u00adcuits neu\u00adro\u00adnaux<br><br>comme aus\u00adsi impor\u00adtants que les mains<br><br>qui mangent le visage des cartes de faci\u00adth\u00e9\u00adra\u00adpie<br><br>pieds de rythmes qui ense\u00admencent la terre<br><br>intel\u00adli\u00adgents comme nos pieds sommes deve\u00adnus un soir d\u2019octobre<br><br><br><br>le ventre<br><br>est natu\u00adrel\u00adle\u00adment venu don\u00adner la r\u00e9plique aux pieds<br><br>un monde en soi<br><br>le centre qui relie toute chose en ce monde<br><br>ou l\u2019antre qui abrite, ges\u00adta\u00adtion \u00e0&nbsp;l\u2019abri des regards<br><br><br><br>la langue<br><br>est sor\u00adtie de sa retraite<br><br>fran\u00adchir la bar\u00adri\u00e8re des dents n\u2019est pas chose facile<br><br>la chair mise \u00e0&nbsp;nu, sen\u00adsible et incar\u00adnat<br><br>les ten\u00adsions prennent le cou et les \u00e9paules et la t\u00eate<br><br>aimer ces ten\u00adsions comme les cor\u00addages d\u2019un navire<br><br>r\u00e9ap\u00adprendre \u00e0&nbsp;s\u2019aimer<br><br>les yeux \u00e9taient d\u2019accord<br><br>le corps a&nbsp;pris appuis comme mari prend femme<br><br>le corps est deve\u00adnu puis\u00adsant<br><br><br><br>le fil<br><br>est venu natu\u00adrel\u00adle\u00adment relier ces \u00e9l\u00e9\u00adments \u00e9pars<br><br>le fil entre deux th\u00e8mes, entre le haut et le bas<br><br>le pas\u00adsage<br><br>d\u2019un mou\u00adve\u00adment \u00e0&nbsp;l\u2019autre<br><br>l\u2019entre deux<br><br>nous y&nbsp;\u00e9tions<br><br><br><br>l\u2019\u00e9vidence<br><br>nous a&nbsp;sem\u00adbl\u00e9 plus juste que la jus\u00adtesse<br><br>pour nous dire la n\u00e9ces\u00adsi\u00adt\u00e9 d\u2019un mou\u00adve\u00adment<br><br>mais une \u00e9vi\u00addence mati\u00adn\u00e9e de per\u00adti\u00adnence<br><br>et qui garde sa com\u00adplexi\u00adt\u00e9<br><br>sinon la mare aux st\u00e9\u00adr\u00e9o\u00adtypes nous atten\u00addait<br><br>au tour\u00adnant<br><br><br><br>le bas\u00adsin, lui,<br><br>n\u2019avait pas eu sa part<br><br>ce que peut faire un bas\u00adsin est infi\u00adni<br><br>avec deux ailes et un sacrum<br><br>de quoi s\u2019envoler dans les pro\u00adfon\u00addeurs marines<br><br><br><br>la gorge<br><br>est en lien avec les pieds<br><br>je peux vous le prou\u00adver<br><br>une demi poin\u00adture de plus<br><br>apr\u00e8s que ma gorge ait pris \u00e0&nbsp;t\u00e9moin le ciel<br><br>et me rende ma voix vol\u00e9e<br><br>la vo\u00fbte plan\u00adtaire s\u2019est d\u00e9ten\u00addue<br><br>sen\u00adtir le sol du bord externe du pied<br><br>une dou\u00adceur encore jamais connue<br><br><br><br>dan\u00adser ensemble<br><br>s\u2019est impo\u00ads\u00e9 depuis<br><br>seul mais ensemble<br><br>puis deux \u00e0&nbsp;deux<br><br>puis l\u2019id\u00e9e de la capoei\u00adra<br><br>un cercle et une flamme au centre<br><br>ou deux flammes que le vent attise<br><br><br><br>le lien<br><br>n\u2019est pas tout \u00e0&nbsp;fait le fil<br><br>plus \u00e9las\u00adtique, plus fort<br><br>pou\u00advant entra\u00adver<br><br>ou lib\u00e9\u00adrer le geste<br><br><br><br>5 d\u00e9cembre 2008<br><br>pre\u00admi\u00e8re danse math\u00e9\u00adma\u00adtique&nbsp;: le point<br><br><br><br>12 d\u00e9cembre 2008<br><br>deuxi\u00e8me danse math\u00e9\u00adma\u00adtique&nbsp;: la suite de points<br><br><br><br>19 d\u00e9cembre 2008<br><br>troi\u00adsi\u00e8me danse math\u00e9\u00adma\u00adtique&nbsp;: la corde<br><br><br><br>le regard<br><br>sur l\u2019\u00e9veil des muscles<br><br>c\u2019est un d\u00e9to\u00adna\u00adteur<br><br>\u00e0 d\u00e9fla\u00adgra\u00adtion lente dirait un ami qui se recon\u00adna\u00ee\u00adtra<br><br>l\u2019\u00e9veil prin\u00adta\u00adnier, pri\u00adme\u00adsau\u00adtier en ce d\u00e9but d\u2019hiver<br><br>ou l\u2019\u00e9veil imper\u00adcep\u00adtible des fibres mus\u00adcu\u00adlaires<br><br>ou l\u2019\u00e9veil de l\u2019involontaire<br><br>de la danse<br><br><br><br>occi\u00adput et sacrum<br><br>sont venus comme une \u00e9vi\u00addence<br><br>deux p\u00f4les inti\u00adme\u00adment li\u00e9s<br><br>le long d\u2019une exis\u00adtence<br><br>en danse math\u00e9\u00adma\u00adtique, la diver\u00adsi\u00adt\u00e9 des points de vue<br><br>pour s\u2019\u00e9chapper d\u2019un monde pr\u00e9\u00advu<br><br><br><br>le poids<br><br>pour lier deux dan\u00adseurs<br><br>rien de meilleur<br><br>\u00e0 bras le corps, en tirant un bras ou deux<br><br>en sou\u00adpe\u00adsant une jambe ou deux<br><br>un buste un bas\u00adsin<br><br>ne plus savoir \u00e0&nbsp;qui appar\u00adtient quoi<br><br>chi\u00adm\u00e8re \u00e0&nbsp;deux t\u00eates en mou\u00adve\u00adments incon\u00adnus au r\u00e9per\u00adtoire clas\u00adsique<br><br>peut-\u00eatre une red\u00e9\u00adcou\u00adverte du Moyen-\u00c2ge<br><br>si mal connu<br><br><br><br>les cor\u00adres\u00adpon\u00addances<br><br>ont d\u00e9bor\u00add\u00e9 du cadre de la danse<br><br>comme les \u00e9charpes de soie d\u2019une malle bon\u00add\u00e9e<br><br>\u00ab un mou\u00adve\u00adment r\u00e9pond \u00e0&nbsp;une pen\u00ads\u00e9e, une pen\u00ads\u00e9e r\u00e9pond \u00e0&nbsp;un geste, le<br><br>geste am\u00e8ne une \u00e9mo\u00adtion, qui fait \u00e9cho \u00e0&nbsp;un sym\u00adbole\u2026 \u00bb et Bau\u00adde\u00adlaire<br><br>est reve\u00adnu<br><br>en vagues<br><br>le par\u00adquet lisse s\u2019y pr\u00ea\u00adtait<br><br>le corps s\u2019est lais\u00ads\u00e9 glis\u00adser<br><br>ram\u00adper<br><br>mou\u00adve\u00adment archa\u00efque s\u2019il en est<br><br>que l\u2019enfant retrouve en jouant sous un lit<br><br><br><br>les m\u00e9moires<br><br>car il y&nbsp;en a&nbsp;au moins deux<br><br>celle his\u00adto\u00adrique donc recons\u00adtruite<br><br>mais aus\u00adsi celle qui trouve le fil de soie et le d\u00e9vide len\u00adte\u00adment<br><br>en se met\u00adtant \u00e0&nbsp;l\u2019int\u00e9rieur de l\u2019\u00e9v\u00e9nement<br><br>m\u00e9moire du mou\u00adve\u00adment ant\u00e9\u00adrieure au mou\u00adve\u00adment impro\u00advi\u00ads\u00e9&nbsp;?<br><br><br><br>l\u2019effort<br><br>en danse a&nbsp;bonne presse<br><br>ou mau\u00advaise r\u00e9pu\u00adta\u00adtion<br><br>le moindre effort lisse les mou\u00adve\u00adments mais<br><br>l\u2019effort maxi\u00admal lui donne inten\u00adsi\u00adt\u00e9 maxi\u00admale<br><br>pour\u00advu que la force soit ajus\u00adt\u00e9e aux bons muscles<br><br><br><br>le dedans et le dehors<br><br>c\u2019\u00e9tait le 20 f\u00e9vrier 2009<br><br>\u00e0 la lec\u00adture<br><br>mon \u00e9poux m\u2019a deman\u00add\u00e9&nbsp;:<br><br>qu\u2019y avait-il au juste, dans le g\u00e2teau&nbsp;?<br><br><br><br>Andr\u00e9ine Bel,<br><br>d\u2019apr\u00e8s les retours de&nbsp;: Andr\u00e9ine B, Ber\u00adnard B, Cathe\u00adrine H, C\u00e9line L, Dimi\u00adnique L, Emma G, Johan\u00adna B, Julie A, Leo\u00adnar\u00addo C, Maga\u00adli M, Mireille M, Nadine G, Del\u00adphine O, Guillaume T, Jacques H, Laurent B, Eve\u00adlyne B\u2011L, Marit\u00adza S, Minh N, Soa\u00adzic O, Syl\u00advia&nbsp;B.<\/p><p style=\"color:green; text-align:right !important;\">Article cr\u00e9\u00e9 le 16\/02\/2020 \u2013 modi\u00adfi\u00e9 le 16\/02\/2020<\/p>","protected":false},"excerpt":{"rendered":"<p>Danse recherche\u2192 Comptes ren\u00addus des ate\u00adliers\u2192 Aix !! Les th\u00e8mes de l\u2019atelier Aix Danse recherche (du 3\/10\/08 au 20\/2\/09) Les ate\u00adliers de recherche en danse ont d\u00e9ci\u00add\u00e9 que le pro\u00adbl\u00e8me n\u2019\u00e9tait pas de bien dan\u00adser, mais de dan\u00adser le pro\u00adbl\u00e8me, c\u2019est le th\u00e8me pro\u00adbl\u00e9\u00adma\u00adti\u00ads\u00e9 alors, pour que le th\u00e8me naisse comme le fruit se d\u00e9tache de&nbsp;la branche, quand il est m\u00fbr, nous n\u2019avons trou\u00adv\u00e9 qu\u2019une solu\u00adtion&nbsp;: ne rien faire, attendre qu\u2019il m\u00fbrisse et nous tombe dans le&nbsp;bec ne rien&nbsp;faire,&nbsp;[\u2026]<\/p>\n","protected":false},"author":2,"featured_media":0,"comment_status":"open","ping_status":"open","sticky":false,"template":"","format":"standard","meta":{"wp_typography_post_enhancements_disabled":false,"footnotes":""},"categories":[223],"tags":[224],"class_list":["post-278","post","type-post","status-publish","format-standard","hentry","category-comptes-rendus_ateliers_aix","tag-dr_comptesrendusateliersaix"],"yoast_head":"<!-- This site is optimized with the Yoast SEO plugin v27.5 - https:\/\/yoast.com\/product\/yoast-seo-wordpress\/ -->\n<title>Les th\u00e8mes du vendredi - Le TILT<\/title>\n<meta name=\"robots\" content=\"index, follow, max-snippet:-1, max-image-preview:large, max-video-preview:-1\" \/>\n<link rel=\"canonical\" href=\"https:\/\/www.leti.lt\/wordpress\/danserecherche-lesthemesduvendredi\/\" \/>\n<meta property=\"og:locale\" content=\"fr_FR\" \/>\n<meta property=\"og:type\" content=\"article\" \/>\n<meta property=\"og:title\" content=\"Les th\u00e8mes du vendredi - Le TILT\" \/>\n<meta property=\"og:description\" content=\"Danse recherche\u2192 Comptes ren\u00addus des ate\u00adliers\u2192 Aix !! Les th\u00e8mes de l\u2019atelier Aix Danse recherche (du 3\/10\/08 au 20\/2\/09) Les ate\u00adliers de recherche en danse ont d\u00e9ci\u00add\u00e9 que le pro\u00adbl\u00e8me n\u2019\u00e9tait pas de bien dan\u00adser, mais de danser le pro\u00adbl\u00e8me, c\u2019est le th\u00e8me probl\u00e9matis\u00e9 alors, pour que le th\u00e8me naisse comme le fruit se d\u00e9tache de&nbsp;la branche, quand il est m\u00fbr, nous n\u2019avons trou\u00adv\u00e9 qu\u2019une solu\u00adtion&nbsp;: ne rien faire, attendre qu\u2019il m\u00fbrisse et nous tombe dans le&nbsp;bec ne rien faire, [&hellip;]\" \/>\n<meta property=\"og:url\" content=\"https:\/\/www.leti.lt\/wordpress\/danserecherche-lesthemesduvendredi\/\" \/>\n<meta property=\"og:site_name\" content=\"Le TILT\" \/>\n<meta property=\"article:published_time\" content=\"2020-02-16T14:30:34+00:00\" \/>\n<meta property=\"article:modified_time\" content=\"2020-02-16T17:15:40+00:00\" \/>\n<meta name=\"author\" content=\"Andr\u00e9ine Bel\" \/>\n<meta name=\"twitter:card\" content=\"summary_large_image\" \/>\n<meta name=\"twitter:label1\" content=\"\u00c9crit par\" \/>\n\t<meta name=\"twitter:data1\" content=\"Andr\u00e9ine Bel\" \/>\n\t<meta name=\"twitter:label2\" content=\"Dur\u00e9e de lecture estim\u00e9e\" \/>\n\t<meta name=\"twitter:data2\" content=\"5 minutes\" \/>\n<script type=\"application\/ld+json\" class=\"yoast-schema-graph\">{\"@context\":\"https:\\\/\\\/schema.org\",\"@graph\":[{\"@type\":\"Article\",\"@id\":\"https:\\\/\\\/www.leti.lt\\\/wordpress\\\/danserecherche-lesthemesduvendredi\\\/#article\",\"isPartOf\":{\"@id\":\"https:\\\/\\\/www.leti.lt\\\/wordpress\\\/danserecherche-lesthemesduvendredi\\\/\"},\"author\":{\"name\":\"Andr\u00e9ine Bel\",\"@id\":\"https:\\\/\\\/www.leti.lt\\\/wordpress\\\/#\\\/schema\\\/person\\\/9bb307b2af8fbb575bb3603e57951f75\"},\"headline\":\"Les th\u00e8mes du vendredi\",\"datePublished\":\"2020-02-16T14:30:34+00:00\",\"dateModified\":\"2020-02-16T17:15:40+00:00\",\"mainEntityOfPage\":{\"@id\":\"https:\\\/\\\/www.leti.lt\\\/wordpress\\\/danserecherche-lesthemesduvendredi\\\/\"},\"wordCount\":1061,\"commentCount\":0,\"keywords\":[\"DR_ComptesRendusAteliersAix\"],\"articleSection\":[\"Ateliers Aix DR\"],\"inLanguage\":\"fr-FR\",\"potentialAction\":[{\"@type\":\"CommentAction\",\"name\":\"Comment\",\"target\":[\"https:\\\/\\\/www.leti.lt\\\/wordpress\\\/danserecherche-lesthemesduvendredi\\\/#respond\"]}]},{\"@type\":\"WebPage\",\"@id\":\"https:\\\/\\\/www.leti.lt\\\/wordpress\\\/danserecherche-lesthemesduvendredi\\\/\",\"url\":\"https:\\\/\\\/www.leti.lt\\\/wordpress\\\/danserecherche-lesthemesduvendredi\\\/\",\"name\":\"Les th\u00e8mes du vendredi - Le TILT\",\"isPartOf\":{\"@id\":\"https:\\\/\\\/www.leti.lt\\\/wordpress\\\/#website\"},\"datePublished\":\"2020-02-16T14:30:34+00:00\",\"dateModified\":\"2020-02-16T17:15:40+00:00\",\"author\":{\"@id\":\"https:\\\/\\\/www.leti.lt\\\/wordpress\\\/#\\\/schema\\\/person\\\/9bb307b2af8fbb575bb3603e57951f75\"},\"breadcrumb\":{\"@id\":\"https:\\\/\\\/www.leti.lt\\\/wordpress\\\/danserecherche-lesthemesduvendredi\\\/#breadcrumb\"},\"inLanguage\":\"fr-FR\",\"potentialAction\":[{\"@type\":\"ReadAction\",\"target\":[\"https:\\\/\\\/www.leti.lt\\\/wordpress\\\/danserecherche-lesthemesduvendredi\\\/\"]}]},{\"@type\":\"BreadcrumbList\",\"@id\":\"https:\\\/\\\/www.leti.lt\\\/wordpress\\\/danserecherche-lesthemesduvendredi\\\/#breadcrumb\",\"itemListElement\":[{\"@type\":\"ListItem\",\"position\":1,\"name\":\"Accueil\",\"item\":\"https:\\\/\\\/www.leti.lt\\\/wordpress\\\/\"},{\"@type\":\"ListItem\",\"position\":2,\"name\":\"Les th\u00e8mes du vendredi\"}]},{\"@type\":\"WebSite\",\"@id\":\"https:\\\/\\\/www.leti.lt\\\/wordpress\\\/#website\",\"url\":\"https:\\\/\\\/www.leti.lt\\\/wordpress\\\/\",\"name\":\"Le TILT\",\"description\":\"Recherche, publication, cr\u00e9ation artistique\",\"potentialAction\":[{\"@type\":\"SearchAction\",\"target\":{\"@type\":\"EntryPoint\",\"urlTemplate\":\"https:\\\/\\\/www.leti.lt\\\/wordpress\\\/?s={search_term_string}\"},\"query-input\":{\"@type\":\"PropertyValueSpecification\",\"valueRequired\":true,\"valueName\":\"search_term_string\"}}],\"inLanguage\":\"fr-FR\"},{\"@type\":\"Person\",\"@id\":\"https:\\\/\\\/www.leti.lt\\\/wordpress\\\/#\\\/schema\\\/person\\\/9bb307b2af8fbb575bb3603e57951f75\",\"name\":\"Andr\u00e9ine Bel\",\"image\":{\"@type\":\"ImageObject\",\"inLanguage\":\"fr-FR\",\"@id\":\"https:\\\/\\\/secure.gravatar.com\\\/avatar\\\/4ab041ec7c7ad3b90293023e86528ec1a700ce2971ff61811b2df6b288dd1f38?s=96&d=identicon&r=g\",\"url\":\"https:\\\/\\\/secure.gravatar.com\\\/avatar\\\/4ab041ec7c7ad3b90293023e86528ec1a700ce2971ff61811b2df6b288dd1f38?s=96&d=identicon&r=g\",\"contentUrl\":\"https:\\\/\\\/secure.gravatar.com\\\/avatar\\\/4ab041ec7c7ad3b90293023e86528ec1a700ce2971ff61811b2df6b288dd1f38?s=96&d=identicon&r=g\",\"caption\":\"Andr\u00e9ine Bel\"},\"url\":\"https:\\\/\\\/www.leti.lt\\\/wordpress\\\/author\\\/andreine\\\/\"}]}<\/script>\n<!-- \/ Yoast SEO plugin. -->","yoast_head_json":{"title":"Les th\u00e8mes du vendredi - Le TILT","robots":{"index":"index","follow":"follow","max-snippet":"max-snippet:-1","max-image-preview":"max-image-preview:large","max-video-preview":"max-video-preview:-1"},"canonical":"https:\/\/www.leti.lt\/wordpress\/danserecherche-lesthemesduvendredi\/","og_locale":"fr_FR","og_type":"article","og_title":"Les th\u00e8mes du vendredi - Le TILT","og_description":"Danse recherche\u2192 Comptes ren\u00addus des ate\u00adliers\u2192 Aix !! Les th\u00e8mes de l\u2019atelier Aix Danse recherche (du 3\/10\/08 au 20\/2\/09) Les ate\u00adliers de recherche en danse ont d\u00e9ci\u00add\u00e9 que le pro\u00adbl\u00e8me n\u2019\u00e9tait pas de bien dan\u00adser, mais de danser le pro\u00adbl\u00e8me, c\u2019est le th\u00e8me probl\u00e9matis\u00e9 alors, pour que le th\u00e8me naisse comme le fruit se d\u00e9tache de&nbsp;la branche, quand il est m\u00fbr, nous n\u2019avons trou\u00adv\u00e9 qu\u2019une solu\u00adtion&nbsp;: ne rien faire, attendre qu\u2019il m\u00fbrisse et nous tombe dans le&nbsp;bec ne rien faire, [&hellip;]","og_url":"https:\/\/www.leti.lt\/wordpress\/danserecherche-lesthemesduvendredi\/","og_site_name":"Le TILT","article_published_time":"2020-02-16T14:30:34+00:00","article_modified_time":"2020-02-16T17:15:40+00:00","author":"Andr\u00e9ine Bel","twitter_card":"summary_large_image","twitter_misc":{"\u00c9crit par":"Andr\u00e9ine Bel","Dur\u00e9e de lecture estim\u00e9e":"5 minutes"},"schema":{"@context":"https:\/\/schema.org","@graph":[{"@type":"Article","@id":"https:\/\/www.leti.lt\/wordpress\/danserecherche-lesthemesduvendredi\/#article","isPartOf":{"@id":"https:\/\/www.leti.lt\/wordpress\/danserecherche-lesthemesduvendredi\/"},"author":{"name":"Andr\u00e9ine Bel","@id":"https:\/\/www.leti.lt\/wordpress\/#\/schema\/person\/9bb307b2af8fbb575bb3603e57951f75"},"headline":"Les th\u00e8mes du vendredi","datePublished":"2020-02-16T14:30:34+00:00","dateModified":"2020-02-16T17:15:40+00:00","mainEntityOfPage":{"@id":"https:\/\/www.leti.lt\/wordpress\/danserecherche-lesthemesduvendredi\/"},"wordCount":1061,"commentCount":0,"keywords":["DR_ComptesRendusAteliersAix"],"articleSection":["Ateliers Aix DR"],"inLanguage":"fr-FR","potentialAction":[{"@type":"CommentAction","name":"Comment","target":["https:\/\/www.leti.lt\/wordpress\/danserecherche-lesthemesduvendredi\/#respond"]}]},{"@type":"WebPage","@id":"https:\/\/www.leti.lt\/wordpress\/danserecherche-lesthemesduvendredi\/","url":"https:\/\/www.leti.lt\/wordpress\/danserecherche-lesthemesduvendredi\/","name":"Les th\u00e8mes du vendredi - Le TILT","isPartOf":{"@id":"https:\/\/www.leti.lt\/wordpress\/#website"},"datePublished":"2020-02-16T14:30:34+00:00","dateModified":"2020-02-16T17:15:40+00:00","author":{"@id":"https:\/\/www.leti.lt\/wordpress\/#\/schema\/person\/9bb307b2af8fbb575bb3603e57951f75"},"breadcrumb":{"@id":"https:\/\/www.leti.lt\/wordpress\/danserecherche-lesthemesduvendredi\/#breadcrumb"},"inLanguage":"fr-FR","potentialAction":[{"@type":"ReadAction","target":["https:\/\/www.leti.lt\/wordpress\/danserecherche-lesthemesduvendredi\/"]}]},{"@type":"BreadcrumbList","@id":"https:\/\/www.leti.lt\/wordpress\/danserecherche-lesthemesduvendredi\/#breadcrumb","itemListElement":[{"@type":"ListItem","position":1,"name":"Accueil","item":"https:\/\/www.leti.lt\/wordpress\/"},{"@type":"ListItem","position":2,"name":"Les th\u00e8mes du vendredi"}]},{"@type":"WebSite","@id":"https:\/\/www.leti.lt\/wordpress\/#website","url":"https:\/\/www.leti.lt\/wordpress\/","name":"Le TILT","description":"Recherche, publication, cr\u00e9ation artistique","potentialAction":[{"@type":"SearchAction","target":{"@type":"EntryPoint","urlTemplate":"https:\/\/www.leti.lt\/wordpress\/?s={search_term_string}"},"query-input":{"@type":"PropertyValueSpecification","valueRequired":true,"valueName":"search_term_string"}}],"inLanguage":"fr-FR"},{"@type":"Person","@id":"https:\/\/www.leti.lt\/wordpress\/#\/schema\/person\/9bb307b2af8fbb575bb3603e57951f75","name":"Andr\u00e9ine Bel","image":{"@type":"ImageObject","inLanguage":"fr-FR","@id":"https:\/\/secure.gravatar.com\/avatar\/4ab041ec7c7ad3b90293023e86528ec1a700ce2971ff61811b2df6b288dd1f38?s=96&d=identicon&r=g","url":"https:\/\/secure.gravatar.com\/avatar\/4ab041ec7c7ad3b90293023e86528ec1a700ce2971ff61811b2df6b288dd1f38?s=96&d=identicon&r=g","contentUrl":"https:\/\/secure.gravatar.com\/avatar\/4ab041ec7c7ad3b90293023e86528ec1a700ce2971ff61811b2df6b288dd1f38?s=96&d=identicon&r=g","caption":"Andr\u00e9ine Bel"},"url":"https:\/\/www.leti.lt\/wordpress\/author\/andreine\/"}]}},"_links":{"self":[{"href":"https:\/\/www.leti.lt\/wordpress\/wp-json\/wp\/v2\/posts\/278","targetHints":{"allow":["GET"]}}],"collection":[{"href":"https:\/\/www.leti.lt\/wordpress\/wp-json\/wp\/v2\/posts"}],"about":[{"href":"https:\/\/www.leti.lt\/wordpress\/wp-json\/wp\/v2\/types\/post"}],"author":[{"embeddable":true,"href":"https:\/\/www.leti.lt\/wordpress\/wp-json\/wp\/v2\/users\/2"}],"replies":[{"embeddable":true,"href":"https:\/\/www.leti.lt\/wordpress\/wp-json\/wp\/v2\/comments?post=278"}],"version-history":[{"count":1,"href":"https:\/\/www.leti.lt\/wordpress\/wp-json\/wp\/v2\/posts\/278\/revisions"}],"predecessor-version":[{"id":406,"href":"https:\/\/www.leti.lt\/wordpress\/wp-json\/wp\/v2\/posts\/278\/revisions\/406"}],"wp:attachment":[{"href":"https:\/\/www.leti.lt\/wordpress\/wp-json\/wp\/v2\/media?parent=278"}],"wp:term":[{"taxonomy":"category","embeddable":true,"href":"https:\/\/www.leti.lt\/wordpress\/wp-json\/wp\/v2\/categories?post=278"},{"taxonomy":"post_tag","embeddable":true,"href":"https:\/\/www.leti.lt\/wordpress\/wp-json\/wp\/v2\/tags?post=278"}],"curies":[{"name":"wp","href":"https:\/\/api.w.org\/{rel}","templated":true}]}}