{"id":275,"date":"2020-02-16T15:30:34","date_gmt":"2020-02-16T14:30:34","guid":{"rendered":"https:\/\/www.leti.lt\/wordpress\/?p=275"},"modified":"2020-02-16T18:09:38","modified_gmt":"2020-02-16T17:09:38","slug":"danserecherche-lescouleursentredesiretbesoin","status":"publish","type":"post","link":"https:\/\/www.leti.lt\/wordpress\/danserecherche-lescouleursentredesiretbesoin\/","title":{"rendered":"Les couleurs, entre d\u00e9sir et besoin"},"content":{"rendered":"<p><a href=\"https:\/\/www.leti.lt\/wordpress\/danserecherche-danserecherche\/\">Danse recherche<\/a><br>\u2192 <a href=\"https:\/\/www.leti.lt\/wordpress\/danserecherche-comptesrendusateliers\/\">Comptes ren\u00addus des ate\u00adliers<\/a><br>\u2192 <a href=\"https:\/\/www.leti.lt\/wordpress\/danserecherche-aix\/\">Aix<\/a><br><br>!!Les cou\u00adleurs, entre d\u00e9sir et besoin, le 27 f\u00e9vrier 2011<br><br>Les cinq doigts d\u2019une seule main que nous \u00e9tions n\u2019ont pas suf\u00adfi \u00e0&nbsp;rete\u00adnir un sujet aus\u00adsi vaste que les cou\u00adleurs, aus\u00adsi c\u2019est le th\u00e8me sen\u00adsi\u00adtif qui s\u2019est frot\u00adt\u00e9 aux cou\u00adleurs&nbsp;: \u00ab&nbsp;entre d\u00e9sir et besoin&nbsp;\u00bb.<br><br>Au d\u00e9but, l\u2019id\u00e9e de sur\u00advie&nbsp;: face \u00e0&nbsp;une mon\u00adtagne que l\u2019on pense insur\u00admon\u00adtable, faire un pas, puis un deuxi\u00e8me et ain\u00adsi de suite, pour s\u2019apercevoir que le pr\u00e9\u00adsent n\u2019est pas aus\u00adsi dif\u00adfi\u00adcile \u00e0&nbsp;sur\u00admon\u00adter si le futur reste \u00e0&nbsp;sa place.<br><br>Avec cette ques\u00adtion qui vient imm\u00e9\u00addia\u00adte\u00adment der\u00adri\u00e8re&nbsp;: devons-nous nous conten\u00adter de sur\u00advivre, de sub\u00adve\u00adnir \u00e0&nbsp;nos besoins&nbsp;? N\u2019est-il pas l\u00e9gi\u00adtime de d\u00e9si\u00adrer vivre, avec ce que cela sup\u00adpose d\u2019\u00e0 c\u00f4t\u00e9s&nbsp;?<br><br>Connexion revi\u00advi\u00adfi\u00e9e entre bouche et col de l\u2019ut\u00e9rus, comme au moment de la sor\u00adtie de l\u2019enfant. Sen\u00adsi\u00adbi\u00adli\u00adsa\u00adtion du bas du corps, ventre, jambes, pieds, puis dos. Esso\u00adrage de la colonne ver\u00adt\u00e9\u00adbrale et cette sen\u00adsa\u00adtion d\u2019eau qui s\u2019\u00e9coule en soi lorsque le corps se d\u00e9tend, entre t\u00e9n\u00e8bres et lumi\u00e8re, froi\u00addeur et cha\u00adleur. C\u2019est comme si \u00e0&nbsp;nous tous nous for\u00admions un seul corps, cha\u00adcun s\u2019occupant d\u2019une par\u00adtie.<br><br>Le sen\u00adti\u00adment de paix est venu comme pivot pour d\u2019autres mou\u00adve\u00adments, tou\u00adjours renou\u00adve\u00adl\u00e9s.<br><br>Entre besoin et d\u00e9sir, ne retrouve-t-on pas le m\u00eame espace qu\u2019entre mou\u00adve\u00adment et danse&nbsp;? Com\u00adment tendre vers la danse sans renon\u00adcer \u00e0&nbsp;l\u2019\u00e9coute pure\u00adment sen\u00adsi\u00adtive aux gestes&nbsp;?<br><br>La pre\u00admi\u00e8re impro\u00advi\u00adsa\u00adtion \u00e9tait assez \u00ab&nbsp;vague&nbsp;\u00bb. Face \u00e0&nbsp;l\u2019ennui, signe sen\u00adsible s\u2019il en est, dois-je l\u2019\u00e9radiquer, ne pas en tenir compte, lut\u00adter&nbsp;?<br><br>Il nous a&nbsp;sem\u00adbl\u00e9 qu\u2019une fois que l\u2019ennui \u00e9tait l\u00e0, autant l\u2019observer. L\u2019ennui, comme attente dans l\u2019ind\u00e9cision, ouvre de nou\u00adveaux pos\u00adsibles. Dans ce flot\u00adte\u00adment de la pen\u00ads\u00e9e, o\u00f9 tout est remis \u00e0&nbsp;\u00e9gale valeur, l\u2019occasion nous est don\u00adn\u00e9e de lais\u00adser \u00e9mer\u00adger ce qui pour\u00adrait, dans le flux l\u2019action, ne jamais se pr\u00e9\u00adsen\u00adter.<br><br>La deuxi\u00e8me impro\u00advi\u00adsa\u00adtion a&nbsp;fait na\u00eetre l\u2019espace entre joie et douleur\/tristesse&nbsp;: joie dans sa bulle, bar\u00adri\u00e8re invi\u00adsible entre bulles. Contac\u00adter cette tris\u00adtesse par\u00adfois du contact avec l\u2019autre, ne pas en faire un psy\u00adcho\u00addrame, ni la rava\u00adler, mais la situer dans le corps pour lui per\u00admettre de che\u00admi\u00adner sur les sen\u00adtiers de cette fameuse mon\u00adtagne&nbsp;?<br><br>Ne rien intel\u00adlec\u00adtua\u00adli\u00adser non plus. Cela donne des mou\u00adve\u00adments d\u2019oiseau pour les pas\u00adsion\u00adn\u00e9s d\u2019ornithologie, des ondoie\u00adments marins pour fonds oc\u00e9a\u00adniques, des flam\u00adboie\u00adments pour grands vents, des spi\u00adrales pour d\u00e9jouer les rigueurs de l\u2019espace, des secousses tel\u00adlu\u00adriques pour ventres qui enfantent\u2026<br><br>Au fond du fond, la dif\u00adf\u00e9\u00adrence entre mou\u00adve\u00adments et danse ne vien\u00addrait-elle pas de ce besoin et d\u00e9sir de connexion \u00e0&nbsp;l\u2019autre, de s\u2019assembler, de s\u2019accorder&nbsp;? Ram\u00adper entre les couches du d\u00e9sir et du besoin, aller vers plus de lumi\u00e8re, r\u00e9con\u00adci\u00adlier sen\u00adsa\u00adtion et \u00e9mo\u00adtion.<br><br>Les images naissent comme si, en dan\u00adsant dans cet espace de l\u2019entre, on fai\u00adsait quelque chose de tr\u00e8s ancien. Les mots prennent sens avec le silence.<br><br>Avec la nais\u00adsance du d\u00e9sir vient l\u2019\u00e9closion des choix&nbsp;: voir ou ne pas voir, contac\u00adter ou s\u2019abstenir, bou\u00adger ou dan\u00adser\u2026<br><br>Et c\u2019est l\u00e0 qu\u2019intervient l\u2019intensit\u00e9, cette ten\u00adsion qui fait bou\u00adger les fron\u00adti\u00e8res et revi\u00adsite les espaces, leurs cou\u00adleurs, loin de tout ennui.<br><br>Il y&nbsp;eut l\u2019\u00e9paisseur du regard, les bulles de quo\u00adti\u00addien sur sc\u00e8ne, les bulles d\u2019extra quo\u00adti\u00addien hors sc\u00e8ne. Nous vou\u00adlons un jour nous atte\u00adler au regard ext\u00e9\u00adrieur, celui de la cam\u00e9\u00adra.<br><br>Il y&nbsp;eut bien quelques essais de pr\u00ea\u00adter des inten\u00adtions au brin d\u2019herbe qui \u00ab&nbsp;s\u2019offrirait en sacri\u00adfice&nbsp;\u00bb au lapin pour \u00eatre man\u00adg\u00e9, mais les deux se sont esqui\u00adv\u00e9s, lapin et brin d\u2019herbe, devant ce qui en a&nbsp;fait voir de toutes les cou\u00adleurs au monde depuis la nuit des temps, jus\u00adti\u00adfiant le pire comme le meilleur.<br><br>La toute puis\u00adsance du par\u00adte\u00adnaire musique s\u2019est trou\u00adv\u00e9e remise \u00e0&nbsp;niveau avec plus d\u2019\u00e9coute et moins de mou\u00adve\u00adments, plus de danse, plus de danse, plus de danse\u2026<br><br>Andr\u00e9ine Bel<br><br>d\u2019apr\u00e8s les retours de&nbsp;: Andr\u00e9ine B, Marie Jau\u00adbert, Marit\u00adza S, Minh&nbsp;N.<\/p><p style=\"color:green; text-align:right !important;\">Article cr\u00e9\u00e9 le 16\/02\/2020 \u2013 modi\u00adfi\u00e9 le 16\/02\/2020<\/p>","protected":false},"excerpt":{"rendered":"<p>Danse recherche\u2192 Comptes ren\u00addus des ate\u00adliers\u2192 Aix !!Les cou\u00adleurs, entre d\u00e9sir et besoin, le 27 f\u00e9vrier 2011 Les cinq doigts d\u2019une seule main que nous \u00e9tions n\u2019ont pas suf\u00adfi \u00e0&nbsp;rete\u00adnir un sujet aus\u00adsi vaste que les cou\u00adleurs, aus\u00adsi c\u2019est le th\u00e8me sen\u00adsi\u00adtif qui s\u2019est frot\u00adt\u00e9 aux cou\u00adleurs&nbsp;: \u00ab&nbsp;entre d\u00e9sir et besoin&nbsp;\u00bb. Au d\u00e9but, l\u2019id\u00e9e de sur\u00advie&nbsp;: face \u00e0&nbsp;une mon\u00adtagne que l\u2019on pense insur\u00admon\u00adtable, faire un pas, puis un deuxi\u00e8me et ain\u00adsi de suite, pour s\u2019apercevoir que le pr\u00e9\u00adsent n\u2019est&nbsp;pas&nbsp;[\u2026]<\/p>\n","protected":false},"author":2,"featured_media":0,"comment_status":"open","ping_status":"open","sticky":false,"template":"","format":"standard","meta":{"wp_typography_post_enhancements_disabled":false,"footnotes":""},"categories":[223],"tags":[224],"class_list":["post-275","post","type-post","status-publish","format-standard","hentry","category-comptes-rendus_ateliers_aix","tag-dr_comptesrendusateliersaix"],"yoast_head":"<!-- This site is optimized with the Yoast SEO plugin v27.5 - https:\/\/yoast.com\/product\/yoast-seo-wordpress\/ -->\n<title>Les couleurs, entre d\u00e9sir et besoin - Le TILT<\/title>\n<meta name=\"robots\" content=\"index, follow, max-snippet:-1, max-image-preview:large, max-video-preview:-1\" \/>\n<link rel=\"canonical\" href=\"https:\/\/www.leti.lt\/wordpress\/danserecherche-lescouleursentredesiretbesoin\/\" \/>\n<meta property=\"og:locale\" content=\"fr_FR\" \/>\n<meta property=\"og:type\" content=\"article\" \/>\n<meta property=\"og:title\" content=\"Les couleurs, entre d\u00e9sir et besoin - Le TILT\" \/>\n<meta property=\"og:description\" content=\"Danse recherche\u2192 Comptes ren\u00addus des ate\u00adliers\u2192 Aix !!Les cou\u00adleurs, entre d\u00e9sir et besoin, le 27 f\u00e9vrier 2011 Les cinq doigts d\u2019une seule main que nous \u00e9tions n\u2019ont pas suf\u00adfi \u00e0&nbsp;rete\u00adnir un sujet aus\u00adsi vaste que les cou\u00adleurs, aus\u00adsi c\u2019est le th\u00e8me sen\u00adsi\u00adtif qui s\u2019est frot\u00adt\u00e9 aux cou\u00adleurs&nbsp;: \u00ab&nbsp;entre d\u00e9sir et besoin&nbsp;\u00bb. Au d\u00e9but, l\u2019id\u00e9e de sur\u00advie&nbsp;: face \u00e0&nbsp;une mon\u00adtagne que l\u2019on pense insur\u00admon\u00adtable, faire un pas, puis un deuxi\u00e8me et ain\u00adsi de suite, pour s\u2019apercevoir que le pr\u00e9\u00adsent n\u2019est pas [&hellip;]\" \/>\n<meta property=\"og:url\" content=\"https:\/\/www.leti.lt\/wordpress\/danserecherche-lescouleursentredesiretbesoin\/\" \/>\n<meta property=\"og:site_name\" content=\"Le TILT\" \/>\n<meta property=\"article:published_time\" content=\"2020-02-16T14:30:34+00:00\" \/>\n<meta property=\"article:modified_time\" content=\"2020-02-16T17:09:38+00:00\" \/>\n<meta name=\"author\" content=\"Andr\u00e9ine Bel\" \/>\n<meta name=\"twitter:card\" content=\"summary_large_image\" \/>\n<meta name=\"twitter:label1\" content=\"\u00c9crit par\" \/>\n\t<meta name=\"twitter:data1\" content=\"Andr\u00e9ine Bel\" \/>\n\t<meta name=\"twitter:label2\" content=\"Dur\u00e9e de lecture estim\u00e9e\" \/>\n\t<meta name=\"twitter:data2\" content=\"4 minutes\" \/>\n<script type=\"application\/ld+json\" class=\"yoast-schema-graph\">{\"@context\":\"https:\\\/\\\/schema.org\",\"@graph\":[{\"@type\":\"Article\",\"@id\":\"https:\\\/\\\/www.leti.lt\\\/wordpress\\\/danserecherche-lescouleursentredesiretbesoin\\\/#article\",\"isPartOf\":{\"@id\":\"https:\\\/\\\/www.leti.lt\\\/wordpress\\\/danserecherche-lescouleursentredesiretbesoin\\\/\"},\"author\":{\"name\":\"Andr\u00e9ine Bel\",\"@id\":\"https:\\\/\\\/www.leti.lt\\\/wordpress\\\/#\\\/schema\\\/person\\\/9bb307b2af8fbb575bb3603e57951f75\"},\"headline\":\"Les couleurs, entre d\u00e9sir et besoin\",\"datePublished\":\"2020-02-16T14:30:34+00:00\",\"dateModified\":\"2020-02-16T17:09:38+00:00\",\"mainEntityOfPage\":{\"@id\":\"https:\\\/\\\/www.leti.lt\\\/wordpress\\\/danserecherche-lescouleursentredesiretbesoin\\\/\"},\"wordCount\":736,\"commentCount\":0,\"keywords\":[\"DR_ComptesRendusAteliersAix\"],\"articleSection\":[\"Ateliers Aix DR\"],\"inLanguage\":\"fr-FR\",\"potentialAction\":[{\"@type\":\"CommentAction\",\"name\":\"Comment\",\"target\":[\"https:\\\/\\\/www.leti.lt\\\/wordpress\\\/danserecherche-lescouleursentredesiretbesoin\\\/#respond\"]}]},{\"@type\":\"WebPage\",\"@id\":\"https:\\\/\\\/www.leti.lt\\\/wordpress\\\/danserecherche-lescouleursentredesiretbesoin\\\/\",\"url\":\"https:\\\/\\\/www.leti.lt\\\/wordpress\\\/danserecherche-lescouleursentredesiretbesoin\\\/\",\"name\":\"Les couleurs, entre d\u00e9sir et besoin - Le TILT\",\"isPartOf\":{\"@id\":\"https:\\\/\\\/www.leti.lt\\\/wordpress\\\/#website\"},\"datePublished\":\"2020-02-16T14:30:34+00:00\",\"dateModified\":\"2020-02-16T17:09:38+00:00\",\"author\":{\"@id\":\"https:\\\/\\\/www.leti.lt\\\/wordpress\\\/#\\\/schema\\\/person\\\/9bb307b2af8fbb575bb3603e57951f75\"},\"breadcrumb\":{\"@id\":\"https:\\\/\\\/www.leti.lt\\\/wordpress\\\/danserecherche-lescouleursentredesiretbesoin\\\/#breadcrumb\"},\"inLanguage\":\"fr-FR\",\"potentialAction\":[{\"@type\":\"ReadAction\",\"target\":[\"https:\\\/\\\/www.leti.lt\\\/wordpress\\\/danserecherche-lescouleursentredesiretbesoin\\\/\"]}]},{\"@type\":\"BreadcrumbList\",\"@id\":\"https:\\\/\\\/www.leti.lt\\\/wordpress\\\/danserecherche-lescouleursentredesiretbesoin\\\/#breadcrumb\",\"itemListElement\":[{\"@type\":\"ListItem\",\"position\":1,\"name\":\"Accueil\",\"item\":\"https:\\\/\\\/www.leti.lt\\\/wordpress\\\/\"},{\"@type\":\"ListItem\",\"position\":2,\"name\":\"Les couleurs, entre d\u00e9sir et besoin\"}]},{\"@type\":\"WebSite\",\"@id\":\"https:\\\/\\\/www.leti.lt\\\/wordpress\\\/#website\",\"url\":\"https:\\\/\\\/www.leti.lt\\\/wordpress\\\/\",\"name\":\"Le TILT\",\"description\":\"Recherche, publication, cr\u00e9ation artistique\",\"potentialAction\":[{\"@type\":\"SearchAction\",\"target\":{\"@type\":\"EntryPoint\",\"urlTemplate\":\"https:\\\/\\\/www.leti.lt\\\/wordpress\\\/?s={search_term_string}\"},\"query-input\":{\"@type\":\"PropertyValueSpecification\",\"valueRequired\":true,\"valueName\":\"search_term_string\"}}],\"inLanguage\":\"fr-FR\"},{\"@type\":\"Person\",\"@id\":\"https:\\\/\\\/www.leti.lt\\\/wordpress\\\/#\\\/schema\\\/person\\\/9bb307b2af8fbb575bb3603e57951f75\",\"name\":\"Andr\u00e9ine Bel\",\"image\":{\"@type\":\"ImageObject\",\"inLanguage\":\"fr-FR\",\"@id\":\"https:\\\/\\\/secure.gravatar.com\\\/avatar\\\/4ab041ec7c7ad3b90293023e86528ec1a700ce2971ff61811b2df6b288dd1f38?s=96&d=identicon&r=g\",\"url\":\"https:\\\/\\\/secure.gravatar.com\\\/avatar\\\/4ab041ec7c7ad3b90293023e86528ec1a700ce2971ff61811b2df6b288dd1f38?s=96&d=identicon&r=g\",\"contentUrl\":\"https:\\\/\\\/secure.gravatar.com\\\/avatar\\\/4ab041ec7c7ad3b90293023e86528ec1a700ce2971ff61811b2df6b288dd1f38?s=96&d=identicon&r=g\",\"caption\":\"Andr\u00e9ine Bel\"},\"url\":\"https:\\\/\\\/www.leti.lt\\\/wordpress\\\/author\\\/andreine\\\/\"}]}<\/script>\n<!-- \/ Yoast SEO plugin. -->","yoast_head_json":{"title":"Les couleurs, entre d\u00e9sir et besoin - Le TILT","robots":{"index":"index","follow":"follow","max-snippet":"max-snippet:-1","max-image-preview":"max-image-preview:large","max-video-preview":"max-video-preview:-1"},"canonical":"https:\/\/www.leti.lt\/wordpress\/danserecherche-lescouleursentredesiretbesoin\/","og_locale":"fr_FR","og_type":"article","og_title":"Les couleurs, entre d\u00e9sir et besoin - Le TILT","og_description":"Danse recherche\u2192 Comptes ren\u00addus des ate\u00adliers\u2192 Aix !!Les cou\u00adleurs, entre d\u00e9sir et besoin, le 27 f\u00e9vrier 2011 Les cinq doigts d\u2019une seule main que nous \u00e9tions n\u2019ont pas suf\u00adfi \u00e0&nbsp;rete\u00adnir un sujet aus\u00adsi vaste que les cou\u00adleurs, aus\u00adsi c\u2019est le th\u00e8me sen\u00adsi\u00adtif qui s\u2019est frot\u00adt\u00e9 aux cou\u00adleurs&nbsp;: \u00ab&nbsp;entre d\u00e9sir et besoin&nbsp;\u00bb. Au d\u00e9but, l\u2019id\u00e9e de sur\u00advie&nbsp;: face \u00e0&nbsp;une mon\u00adtagne que l\u2019on pense insur\u00admon\u00adtable, faire un pas, puis un deuxi\u00e8me et ain\u00adsi de suite, pour s\u2019apercevoir que le pr\u00e9\u00adsent n\u2019est pas [&hellip;]","og_url":"https:\/\/www.leti.lt\/wordpress\/danserecherche-lescouleursentredesiretbesoin\/","og_site_name":"Le TILT","article_published_time":"2020-02-16T14:30:34+00:00","article_modified_time":"2020-02-16T17:09:38+00:00","author":"Andr\u00e9ine Bel","twitter_card":"summary_large_image","twitter_misc":{"\u00c9crit par":"Andr\u00e9ine Bel","Dur\u00e9e de lecture estim\u00e9e":"4 minutes"},"schema":{"@context":"https:\/\/schema.org","@graph":[{"@type":"Article","@id":"https:\/\/www.leti.lt\/wordpress\/danserecherche-lescouleursentredesiretbesoin\/#article","isPartOf":{"@id":"https:\/\/www.leti.lt\/wordpress\/danserecherche-lescouleursentredesiretbesoin\/"},"author":{"name":"Andr\u00e9ine Bel","@id":"https:\/\/www.leti.lt\/wordpress\/#\/schema\/person\/9bb307b2af8fbb575bb3603e57951f75"},"headline":"Les couleurs, entre d\u00e9sir et besoin","datePublished":"2020-02-16T14:30:34+00:00","dateModified":"2020-02-16T17:09:38+00:00","mainEntityOfPage":{"@id":"https:\/\/www.leti.lt\/wordpress\/danserecherche-lescouleursentredesiretbesoin\/"},"wordCount":736,"commentCount":0,"keywords":["DR_ComptesRendusAteliersAix"],"articleSection":["Ateliers Aix DR"],"inLanguage":"fr-FR","potentialAction":[{"@type":"CommentAction","name":"Comment","target":["https:\/\/www.leti.lt\/wordpress\/danserecherche-lescouleursentredesiretbesoin\/#respond"]}]},{"@type":"WebPage","@id":"https:\/\/www.leti.lt\/wordpress\/danserecherche-lescouleursentredesiretbesoin\/","url":"https:\/\/www.leti.lt\/wordpress\/danserecherche-lescouleursentredesiretbesoin\/","name":"Les couleurs, entre d\u00e9sir et besoin - Le TILT","isPartOf":{"@id":"https:\/\/www.leti.lt\/wordpress\/#website"},"datePublished":"2020-02-16T14:30:34+00:00","dateModified":"2020-02-16T17:09:38+00:00","author":{"@id":"https:\/\/www.leti.lt\/wordpress\/#\/schema\/person\/9bb307b2af8fbb575bb3603e57951f75"},"breadcrumb":{"@id":"https:\/\/www.leti.lt\/wordpress\/danserecherche-lescouleursentredesiretbesoin\/#breadcrumb"},"inLanguage":"fr-FR","potentialAction":[{"@type":"ReadAction","target":["https:\/\/www.leti.lt\/wordpress\/danserecherche-lescouleursentredesiretbesoin\/"]}]},{"@type":"BreadcrumbList","@id":"https:\/\/www.leti.lt\/wordpress\/danserecherche-lescouleursentredesiretbesoin\/#breadcrumb","itemListElement":[{"@type":"ListItem","position":1,"name":"Accueil","item":"https:\/\/www.leti.lt\/wordpress\/"},{"@type":"ListItem","position":2,"name":"Les couleurs, entre d\u00e9sir et besoin"}]},{"@type":"WebSite","@id":"https:\/\/www.leti.lt\/wordpress\/#website","url":"https:\/\/www.leti.lt\/wordpress\/","name":"Le TILT","description":"Recherche, publication, cr\u00e9ation artistique","potentialAction":[{"@type":"SearchAction","target":{"@type":"EntryPoint","urlTemplate":"https:\/\/www.leti.lt\/wordpress\/?s={search_term_string}"},"query-input":{"@type":"PropertyValueSpecification","valueRequired":true,"valueName":"search_term_string"}}],"inLanguage":"fr-FR"},{"@type":"Person","@id":"https:\/\/www.leti.lt\/wordpress\/#\/schema\/person\/9bb307b2af8fbb575bb3603e57951f75","name":"Andr\u00e9ine Bel","image":{"@type":"ImageObject","inLanguage":"fr-FR","@id":"https:\/\/secure.gravatar.com\/avatar\/4ab041ec7c7ad3b90293023e86528ec1a700ce2971ff61811b2df6b288dd1f38?s=96&d=identicon&r=g","url":"https:\/\/secure.gravatar.com\/avatar\/4ab041ec7c7ad3b90293023e86528ec1a700ce2971ff61811b2df6b288dd1f38?s=96&d=identicon&r=g","contentUrl":"https:\/\/secure.gravatar.com\/avatar\/4ab041ec7c7ad3b90293023e86528ec1a700ce2971ff61811b2df6b288dd1f38?s=96&d=identicon&r=g","caption":"Andr\u00e9ine Bel"},"url":"https:\/\/www.leti.lt\/wordpress\/author\/andreine\/"}]}},"_links":{"self":[{"href":"https:\/\/www.leti.lt\/wordpress\/wp-json\/wp\/v2\/posts\/275","targetHints":{"allow":["GET"]}}],"collection":[{"href":"https:\/\/www.leti.lt\/wordpress\/wp-json\/wp\/v2\/posts"}],"about":[{"href":"https:\/\/www.leti.lt\/wordpress\/wp-json\/wp\/v2\/types\/post"}],"author":[{"embeddable":true,"href":"https:\/\/www.leti.lt\/wordpress\/wp-json\/wp\/v2\/users\/2"}],"replies":[{"embeddable":true,"href":"https:\/\/www.leti.lt\/wordpress\/wp-json\/wp\/v2\/comments?post=275"}],"version-history":[{"count":1,"href":"https:\/\/www.leti.lt\/wordpress\/wp-json\/wp\/v2\/posts\/275\/revisions"}],"predecessor-version":[{"id":398,"href":"https:\/\/www.leti.lt\/wordpress\/wp-json\/wp\/v2\/posts\/275\/revisions\/398"}],"wp:attachment":[{"href":"https:\/\/www.leti.lt\/wordpress\/wp-json\/wp\/v2\/media?parent=275"}],"wp:term":[{"taxonomy":"category","embeddable":true,"href":"https:\/\/www.leti.lt\/wordpress\/wp-json\/wp\/v2\/categories?post=275"},{"taxonomy":"post_tag","embeddable":true,"href":"https:\/\/www.leti.lt\/wordpress\/wp-json\/wp\/v2\/tags?post=275"}],"curies":[{"name":"wp","href":"https:\/\/api.w.org\/{rel}","templated":true}]}}