{"id":273,"date":"2020-02-16T15:30:34","date_gmt":"2020-02-16T14:30:34","guid":{"rendered":"https:\/\/www.leti.lt\/wordpress\/?p=273"},"modified":"-0001-11-30T00:00:00","modified_gmt":"-0001-11-29T22:00:00","slug":"danserecherche-leregard","status":"publish","type":"post","link":"https:\/\/www.leti.lt\/wordpress\/danserecherche-leregard\/","title":{"rendered":"Le regard"},"content":{"rendered":"<p><a href=\"https:\/\/www.leti.lt\/wordpress\/danserecherche-danserecherche\/\">Danse recherche<\/a><br>\u2192 <a href=\"https:\/\/www.leti.lt\/wordpress\/danserecherche-lecrituredeladanserecherche\/\">L\u2019\u00e9criture de la danse recherche<\/a><br><br>!! Le regard \u2013 juin 2007<br><br>\u2019\u2019\u2019Nadine\u2019\u2019\u2019<br><br>Lorsque je m\u2019essayais au th\u00e9\u00e2tre il y&nbsp;a un peu moins de 10 ans, j\u2019avais cette impres\u00adsion tr\u00e8s nette,<br>tr\u00e8s pro\u00adfonde, que si j\u2019\u00e9tais \u00ab&nbsp;fausse&nbsp;\u00bb sur sc\u00e8ne c\u2019est que j\u2019\u00e9tais \u00ab&nbsp;fausse&nbsp;\u00bb dans la vie.<br>Les deux \u00e9taient indis\u00adso\u00adciables, et les deux \u00e9taient sou\u00admis au m\u00eame regard sans<br>conces\u00adsions\u2026 Comme je jouais vrai\u00adment mal (je ne com\u00adpre\u00adnais pas du<br>tout o\u00f9 \u00e9tait le \u00ab&nbsp;jeu&nbsp;\u00bb l\u00e0-dedans&nbsp;: sit\u00f4t entr\u00e9e sur sc\u00e8ne, je n\u2019avais<br>qu\u2019une h\u00e2te&nbsp;: en sor\u00adtir !), vous ima\u00adgi\u00adnez la pi\u00e8tre opi\u00adnion que j\u2019ai<br>tis\u00ads\u00e9 de moi-m\u00eame \u00e0&nbsp;tra\u00advers ma courte exp\u00e9\u00adrience th\u00e9\u00e2\u00adtrale\u2026<br><br>C\u2019est le m\u00eame sen\u00adti\u00adment que j\u2019ai retrou\u00adv\u00e9 quelques ann\u00e9es plus tard au<br>cours d\u2019un stage de but\u00f4.<br><br>Je ne sais pas bien com\u00adment font ceux qui arrivent \u00e0&nbsp;faire des choses<br>\u00e0 par\u00adtir de l\u00e0, de cette sc\u00e8ne qui met \u00e0&nbsp;nu au lieu de r\u00e9v\u00e9\u00adler.<br><br>L\u2019espace sc\u00e9\u00adnique de la danse forum me r\u00e9con\u00adci\u00adlie avec le regard.<br><br>\u2014\u200a\u2014\u200a\u2014\u200a-<br><br>\u2019\u2019\u2019Andr\u00e9ine\u2019\u2019\u2019<br><br>Le r\u00f4le du regard por\u00adt\u00e9 sur soi dans la danse (et dans la vie) est<br>pro\u00adba\u00adble\u00adment au centre de ce que la danse (la vie) a&nbsp;\u00e0 nous appor\u00adter.<br><br>Voi\u00adci ce que j\u2019\u00e9crivais \u00e0&nbsp;un ami il y&nbsp;a quelques mois, qui me disait<br>son inca\u00adpa\u00adci\u00adt\u00e9 \u00e0&nbsp;dan\u00adser devant qui que ce soit&nbsp;:<br><br>\u00ab Avoir peur de mettre son corps en mou\u00adve\u00adment devant autrui, c\u2019est<br>avoir peur de son regard. Le regard, c\u2019est comme les mots, il peut<br>\u00eatre des\u00adtruc\u00adteur, autant que construc\u00adteur. La peur nous ren\u00adseigne<br>sur les dan\u00adgers r\u00e9els pour soi.<br><br>On peut com\u00admen\u00adcer par en tenir compte, de la peur. A&nbsp;la lais\u00adser<br>nous sculp\u00adter, nous mou\u00advoir, pour mieux l\u2019accueillir. Avez-vous vu<br>du but\u00f4 d\u2019origine&nbsp;?<br><br>Puis je pense qu\u2019il faut \u00e9du\u00adquer le regard du spec\u00adta\u00adteur, pour qu\u2019il<br>soit incon\u00addi\u00adtion\u00adnel\u00adle\u00adment accueillant, et que le corps en mou\u00adve\u00adment<br>puisse se don\u00adner \u00e0&nbsp;voir. Le corps en mou\u00adve\u00adment s\u2019expose mille fois<br>plus que le corps immo\u00adbile, qui d\u00e9j\u00e0 s\u2019expose tel\u00adle\u00adment&nbsp;!<br><br>Et l\u2019on \u00e9duque le regard du spec\u00adta\u00adteur en \u00e9du\u00adquant son propre<br>regard. C\u2019est la pro\u00adjec\u00adtion de ce que l\u2019on veut para\u00eetre qui met<br>tout par\u00adterre. Si l\u2019on peut se relier \u00e0&nbsp;ce que l\u2019on est, tel que<br>l\u2019on sent et res\u00adsent, le regard se recadre avec le bon\u00adhomme, si je<br>puis dire\u2026 Je ne sais si c\u2019est une alter\u00adna\u00adtive.&nbsp;\u00bb<br><br>Aujourd\u2019hui, \u00e0&nbsp;voir com\u00adment \u00e9clot la danse mise en forum, c\u2019est \u00e0<br>dire au fond \u00ab&nbsp;en regard&nbsp;\u00bb dans cet espace sc\u00e9\u00adnique pro\u00adt\u00e9\u00adg\u00e9 de la danse<br>forum, je r\u00e9a\u00adlise la place de l\u2019involontaire et de l\u2019inconscient dans<br>le pro\u00adces\u00adsus de r\u00e9con\u00adci\u00adlia\u00adtion avec soi-m\u00eame et avec \u00ab&nbsp;sa&nbsp;\u00bb danse\/vie.<br>Lorsque l\u2019involontaire et l\u2019inconscient ont voix, le volon\u00adtaire et le<br>conscient sont comme \u00ab&nbsp;apai\u00ads\u00e9s&nbsp;\u00bb, car ils n\u2019ont pas \u00e0&nbsp;pr\u00e9\u00adtendre, mais \u00e0<br>sou\u00adtendre.<br><br>Sou\u00adtendre, c\u2019est accom\u00adpa\u00adgner sans s\u2019imposer, tendre \u00e0&nbsp;sa juste force<br>la trame sur laquelle va pou\u00advoir se tis\u00adser l\u2019\u0153uvre \u2013 au lieu de<br>\u00ab vou\u00adloir&nbsp;\u00bb cr\u00e9er.<br><br>L\u2019\u0153uvre se relie \u00e0&nbsp;sa source.<br><br>L\u2019\u0153uvre ain\u00adsi cr\u00e9\u00e9e n\u2019est pas la d\u00e9mons\u00adtra\u00adtion consciente et<br>volon\u00adtaire de nos capa\u00adci\u00adt\u00e9s et talents reven\u00addi\u00adqu\u00e9s et ain\u00adsi d\u00e9mon\u00adtr\u00e9s<br>- image lisse et com\u00admer\u00adciale de soi. L\u2019\u0153uvre devient l\u2019expression de<br>nos \u00e2ges \u00e0&nbsp;tra\u00advers notre pr\u00e9\u00adsent, de notre huma\u00adni\u00adt\u00e9 \u00e0&nbsp;tra\u00advers nos<br>fai\u00adblesses et gran\u00addeurs, de notre cr\u00e9a\u00adti\u00advi\u00adt\u00e9 \u00e0&nbsp;tra\u00advers nos divers<br>essais, t\u00e2ton\u00adne\u00adments, \u00e9checs suc\u00adces\u00adsifs qui seuls peuvent don\u00adner une<br>chance au sublime d\u2019appara\u00eetre lors d\u2019un cli\u00adgne\u00adment d\u2019\u0153il.<\/p><p style=\"color:green; text-align:right !important;\">Article cr\u00e9\u00e9 le 16\/02\/2020<\/p>","protected":false},"excerpt":{"rendered":"<p>Danse recherche\u2192 L\u2019\u00e9criture de la danse recherche !! Le regard \u2013 juin&nbsp;2007 \u2019\u2019\u2019Nadine\u2019\u2019\u2019 Lorsque je m\u2019essayais au th\u00e9\u00e2tre il y&nbsp;a&nbsp;un peu moins de 10 ans, j\u2019avais cette impres\u00adsion tr\u00e8s nette,tr\u00e8s pro\u00adfonde, que si j\u2019\u00e9tais \u00ab&nbsp;fausse&nbsp;\u00bb sur sc\u00e8ne c\u2019est que j\u2019\u00e9tais \u00ab&nbsp;fausse&nbsp;\u00bb dans la vie.Les deux \u00e9taient indis\u00adso\u00adciables, et les deux \u00e9taient sou\u00admis au m\u00eame regard sansconces\u00adsions\u2026 Comme je jouais vrai\u00adment mal (je ne com\u00adpre\u00adnais pas dutout o\u00f9 \u00e9tait le \u00ab&nbsp;jeu&nbsp;\u00bb l\u00e0-dedans&nbsp;: sit\u00f4t entr\u00e9e sur sc\u00e8ne, je n\u2019avaisqu\u2019une h\u00e2te&nbsp;: en&nbsp;[\u2026]<\/p>\n","protected":false},"author":2,"featured_media":0,"comment_status":"open","ping_status":"open","sticky":false,"template":"","format":"standard","meta":{"wp_typography_post_enhancements_disabled":false,"footnotes":""},"categories":[138],"tags":[225],"class_list":["post-273","post","type-post","status-publish","format-standard","hentry","category-l_ecriture","tag-dr_ecriture"],"yoast_head":"<!-- This site is optimized with the Yoast SEO plugin v27.5 - https:\/\/yoast.com\/product\/yoast-seo-wordpress\/ -->\n<title>Le regard - Le TILT<\/title>\n<meta name=\"robots\" content=\"index, follow, max-snippet:-1, max-image-preview:large, max-video-preview:-1\" \/>\n<link rel=\"canonical\" href=\"https:\/\/www.leti.lt\/wordpress\/danserecherche-leregard\/\" \/>\n<meta property=\"og:locale\" content=\"fr_FR\" \/>\n<meta property=\"og:type\" content=\"article\" \/>\n<meta property=\"og:title\" content=\"Le regard - Le TILT\" \/>\n<meta property=\"og:description\" content=\"Danse recherche\u2192 L\u2019\u00e9criture de la danse recherche !! Le regard \u2013 juin&nbsp;2007 \u2019\u2019\u2019Nadine\u2019\u2019\u2019 Lorsque je m\u2019essayais au th\u00e9\u00e2tre il y&nbsp;a un peu moins de 10 ans, j\u2019avais cette impres\u00adsion tr\u00e8s nette,tr\u00e8s pro\u00adfonde, que si j\u2019\u00e9tais \u00ab&nbsp;fausse&nbsp;\u00bb sur sc\u00e8ne c\u2019est que j\u2019\u00e9tais \u00ab&nbsp;fausse&nbsp;\u00bb dans la vie.Les deux \u00e9taient indis\u00adso\u00adciables, et les deux \u00e9taient sou\u00admis au m\u00eame regard sansconces\u00adsions\u2026 Comme je jouais vrai\u00adment mal (je ne com\u00adpre\u00adnais pas dutout o\u00f9 \u00e9tait le \u00ab&nbsp;jeu&nbsp;\u00bb l\u00e0-dedans&nbsp;: sit\u00f4t entr\u00e9e sur sc\u00e8ne, je n\u2019avaisqu\u2019une h\u00e2te&nbsp;: en [&hellip;]\" \/>\n<meta property=\"og:url\" content=\"https:\/\/www.leti.lt\/wordpress\/danserecherche-leregard\/\" \/>\n<meta property=\"og:site_name\" content=\"Le TILT\" \/>\n<meta property=\"article:published_time\" content=\"2020-02-16T14:30:34+00:00\" \/>\n<meta name=\"author\" content=\"Andr\u00e9ine Bel\" \/>\n<meta name=\"twitter:card\" content=\"summary_large_image\" \/>\n<meta name=\"twitter:label1\" content=\"\u00c9crit par\" \/>\n\t<meta name=\"twitter:data1\" content=\"Andr\u00e9ine Bel\" \/>\n\t<meta name=\"twitter:label2\" content=\"Dur\u00e9e de lecture estim\u00e9e\" \/>\n\t<meta name=\"twitter:data2\" content=\"3 minutes\" \/>\n<script type=\"application\/ld+json\" class=\"yoast-schema-graph\">{\"@context\":\"https:\\\/\\\/schema.org\",\"@graph\":[{\"@type\":\"Article\",\"@id\":\"https:\\\/\\\/www.leti.lt\\\/wordpress\\\/danserecherche-leregard\\\/#article\",\"isPartOf\":{\"@id\":\"https:\\\/\\\/www.leti.lt\\\/wordpress\\\/danserecherche-leregard\\\/\"},\"author\":{\"name\":\"Andr\u00e9ine Bel\",\"@id\":\"https:\\\/\\\/www.leti.lt\\\/wordpress\\\/#\\\/schema\\\/person\\\/9bb307b2af8fbb575bb3603e57951f75\"},\"headline\":\"Le regard\",\"datePublished\":\"2020-02-16T14:30:34+00:00\",\"mainEntityOfPage\":{\"@id\":\"https:\\\/\\\/www.leti.lt\\\/wordpress\\\/danserecherche-leregard\\\/\"},\"wordCount\":595,\"commentCount\":0,\"keywords\":[\"DR_Ecriture\"],\"articleSection\":[\"L\u2019\u00e9criture\"],\"inLanguage\":\"fr-FR\",\"potentialAction\":[{\"@type\":\"CommentAction\",\"name\":\"Comment\",\"target\":[\"https:\\\/\\\/www.leti.lt\\\/wordpress\\\/danserecherche-leregard\\\/#respond\"]}]},{\"@type\":\"WebPage\",\"@id\":\"https:\\\/\\\/www.leti.lt\\\/wordpress\\\/danserecherche-leregard\\\/\",\"url\":\"https:\\\/\\\/www.leti.lt\\\/wordpress\\\/danserecherche-leregard\\\/\",\"name\":\"Le regard - Le TILT\",\"isPartOf\":{\"@id\":\"https:\\\/\\\/www.leti.lt\\\/wordpress\\\/#website\"},\"datePublished\":\"2020-02-16T14:30:34+00:00\",\"author\":{\"@id\":\"https:\\\/\\\/www.leti.lt\\\/wordpress\\\/#\\\/schema\\\/person\\\/9bb307b2af8fbb575bb3603e57951f75\"},\"breadcrumb\":{\"@id\":\"https:\\\/\\\/www.leti.lt\\\/wordpress\\\/danserecherche-leregard\\\/#breadcrumb\"},\"inLanguage\":\"fr-FR\",\"potentialAction\":[{\"@type\":\"ReadAction\",\"target\":[\"https:\\\/\\\/www.leti.lt\\\/wordpress\\\/danserecherche-leregard\\\/\"]}]},{\"@type\":\"BreadcrumbList\",\"@id\":\"https:\\\/\\\/www.leti.lt\\\/wordpress\\\/danserecherche-leregard\\\/#breadcrumb\",\"itemListElement\":[{\"@type\":\"ListItem\",\"position\":1,\"name\":\"Accueil\",\"item\":\"https:\\\/\\\/www.leti.lt\\\/wordpress\\\/\"},{\"@type\":\"ListItem\",\"position\":2,\"name\":\"Le regard\"}]},{\"@type\":\"WebSite\",\"@id\":\"https:\\\/\\\/www.leti.lt\\\/wordpress\\\/#website\",\"url\":\"https:\\\/\\\/www.leti.lt\\\/wordpress\\\/\",\"name\":\"Le TILT\",\"description\":\"Recherche, publication, cr\u00e9ation artistique\",\"potentialAction\":[{\"@type\":\"SearchAction\",\"target\":{\"@type\":\"EntryPoint\",\"urlTemplate\":\"https:\\\/\\\/www.leti.lt\\\/wordpress\\\/?s={search_term_string}\"},\"query-input\":{\"@type\":\"PropertyValueSpecification\",\"valueRequired\":true,\"valueName\":\"search_term_string\"}}],\"inLanguage\":\"fr-FR\"},{\"@type\":\"Person\",\"@id\":\"https:\\\/\\\/www.leti.lt\\\/wordpress\\\/#\\\/schema\\\/person\\\/9bb307b2af8fbb575bb3603e57951f75\",\"name\":\"Andr\u00e9ine Bel\",\"image\":{\"@type\":\"ImageObject\",\"inLanguage\":\"fr-FR\",\"@id\":\"https:\\\/\\\/secure.gravatar.com\\\/avatar\\\/4ab041ec7c7ad3b90293023e86528ec1a700ce2971ff61811b2df6b288dd1f38?s=96&d=identicon&r=g\",\"url\":\"https:\\\/\\\/secure.gravatar.com\\\/avatar\\\/4ab041ec7c7ad3b90293023e86528ec1a700ce2971ff61811b2df6b288dd1f38?s=96&d=identicon&r=g\",\"contentUrl\":\"https:\\\/\\\/secure.gravatar.com\\\/avatar\\\/4ab041ec7c7ad3b90293023e86528ec1a700ce2971ff61811b2df6b288dd1f38?s=96&d=identicon&r=g\",\"caption\":\"Andr\u00e9ine Bel\"},\"url\":\"https:\\\/\\\/www.leti.lt\\\/wordpress\\\/author\\\/andreine\\\/\"}]}<\/script>\n<!-- \/ Yoast SEO plugin. -->","yoast_head_json":{"title":"Le regard - Le TILT","robots":{"index":"index","follow":"follow","max-snippet":"max-snippet:-1","max-image-preview":"max-image-preview:large","max-video-preview":"max-video-preview:-1"},"canonical":"https:\/\/www.leti.lt\/wordpress\/danserecherche-leregard\/","og_locale":"fr_FR","og_type":"article","og_title":"Le regard - Le TILT","og_description":"Danse recherche\u2192 L\u2019\u00e9criture de la danse recherche !! Le regard \u2013 juin&nbsp;2007 \u2019\u2019\u2019Nadine\u2019\u2019\u2019 Lorsque je m\u2019essayais au th\u00e9\u00e2tre il y&nbsp;a un peu moins de 10 ans, j\u2019avais cette impres\u00adsion tr\u00e8s nette,tr\u00e8s pro\u00adfonde, que si j\u2019\u00e9tais \u00ab&nbsp;fausse&nbsp;\u00bb sur sc\u00e8ne c\u2019est que j\u2019\u00e9tais \u00ab&nbsp;fausse&nbsp;\u00bb dans la vie.Les deux \u00e9taient indis\u00adso\u00adciables, et les deux \u00e9taient sou\u00admis au m\u00eame regard sansconces\u00adsions\u2026 Comme je jouais vrai\u00adment mal (je ne com\u00adpre\u00adnais pas dutout o\u00f9 \u00e9tait le \u00ab&nbsp;jeu&nbsp;\u00bb l\u00e0-dedans&nbsp;: sit\u00f4t entr\u00e9e sur sc\u00e8ne, je n\u2019avaisqu\u2019une h\u00e2te&nbsp;: en [&hellip;]","og_url":"https:\/\/www.leti.lt\/wordpress\/danserecherche-leregard\/","og_site_name":"Le TILT","article_published_time":"2020-02-16T14:30:34+00:00","author":"Andr\u00e9ine Bel","twitter_card":"summary_large_image","twitter_misc":{"\u00c9crit par":"Andr\u00e9ine Bel","Dur\u00e9e de lecture estim\u00e9e":"3 minutes"},"schema":{"@context":"https:\/\/schema.org","@graph":[{"@type":"Article","@id":"https:\/\/www.leti.lt\/wordpress\/danserecherche-leregard\/#article","isPartOf":{"@id":"https:\/\/www.leti.lt\/wordpress\/danserecherche-leregard\/"},"author":{"name":"Andr\u00e9ine Bel","@id":"https:\/\/www.leti.lt\/wordpress\/#\/schema\/person\/9bb307b2af8fbb575bb3603e57951f75"},"headline":"Le regard","datePublished":"2020-02-16T14:30:34+00:00","mainEntityOfPage":{"@id":"https:\/\/www.leti.lt\/wordpress\/danserecherche-leregard\/"},"wordCount":595,"commentCount":0,"keywords":["DR_Ecriture"],"articleSection":["L\u2019\u00e9criture"],"inLanguage":"fr-FR","potentialAction":[{"@type":"CommentAction","name":"Comment","target":["https:\/\/www.leti.lt\/wordpress\/danserecherche-leregard\/#respond"]}]},{"@type":"WebPage","@id":"https:\/\/www.leti.lt\/wordpress\/danserecherche-leregard\/","url":"https:\/\/www.leti.lt\/wordpress\/danserecherche-leregard\/","name":"Le regard - Le TILT","isPartOf":{"@id":"https:\/\/www.leti.lt\/wordpress\/#website"},"datePublished":"2020-02-16T14:30:34+00:00","author":{"@id":"https:\/\/www.leti.lt\/wordpress\/#\/schema\/person\/9bb307b2af8fbb575bb3603e57951f75"},"breadcrumb":{"@id":"https:\/\/www.leti.lt\/wordpress\/danserecherche-leregard\/#breadcrumb"},"inLanguage":"fr-FR","potentialAction":[{"@type":"ReadAction","target":["https:\/\/www.leti.lt\/wordpress\/danserecherche-leregard\/"]}]},{"@type":"BreadcrumbList","@id":"https:\/\/www.leti.lt\/wordpress\/danserecherche-leregard\/#breadcrumb","itemListElement":[{"@type":"ListItem","position":1,"name":"Accueil","item":"https:\/\/www.leti.lt\/wordpress\/"},{"@type":"ListItem","position":2,"name":"Le regard"}]},{"@type":"WebSite","@id":"https:\/\/www.leti.lt\/wordpress\/#website","url":"https:\/\/www.leti.lt\/wordpress\/","name":"Le TILT","description":"Recherche, publication, cr\u00e9ation artistique","potentialAction":[{"@type":"SearchAction","target":{"@type":"EntryPoint","urlTemplate":"https:\/\/www.leti.lt\/wordpress\/?s={search_term_string}"},"query-input":{"@type":"PropertyValueSpecification","valueRequired":true,"valueName":"search_term_string"}}],"inLanguage":"fr-FR"},{"@type":"Person","@id":"https:\/\/www.leti.lt\/wordpress\/#\/schema\/person\/9bb307b2af8fbb575bb3603e57951f75","name":"Andr\u00e9ine Bel","image":{"@type":"ImageObject","inLanguage":"fr-FR","@id":"https:\/\/secure.gravatar.com\/avatar\/4ab041ec7c7ad3b90293023e86528ec1a700ce2971ff61811b2df6b288dd1f38?s=96&d=identicon&r=g","url":"https:\/\/secure.gravatar.com\/avatar\/4ab041ec7c7ad3b90293023e86528ec1a700ce2971ff61811b2df6b288dd1f38?s=96&d=identicon&r=g","contentUrl":"https:\/\/secure.gravatar.com\/avatar\/4ab041ec7c7ad3b90293023e86528ec1a700ce2971ff61811b2df6b288dd1f38?s=96&d=identicon&r=g","caption":"Andr\u00e9ine Bel"},"url":"https:\/\/www.leti.lt\/wordpress\/author\/andreine\/"}]}},"_links":{"self":[{"href":"https:\/\/www.leti.lt\/wordpress\/wp-json\/wp\/v2\/posts\/273","targetHints":{"allow":["GET"]}}],"collection":[{"href":"https:\/\/www.leti.lt\/wordpress\/wp-json\/wp\/v2\/posts"}],"about":[{"href":"https:\/\/www.leti.lt\/wordpress\/wp-json\/wp\/v2\/types\/post"}],"author":[{"embeddable":true,"href":"https:\/\/www.leti.lt\/wordpress\/wp-json\/wp\/v2\/users\/2"}],"replies":[{"embeddable":true,"href":"https:\/\/www.leti.lt\/wordpress\/wp-json\/wp\/v2\/comments?post=273"}],"version-history":[{"count":0,"href":"https:\/\/www.leti.lt\/wordpress\/wp-json\/wp\/v2\/posts\/273\/revisions"}],"wp:attachment":[{"href":"https:\/\/www.leti.lt\/wordpress\/wp-json\/wp\/v2\/media?parent=273"}],"wp:term":[{"taxonomy":"category","embeddable":true,"href":"https:\/\/www.leti.lt\/wordpress\/wp-json\/wp\/v2\/categories?post=273"},{"taxonomy":"post_tag","embeddable":true,"href":"https:\/\/www.leti.lt\/wordpress\/wp-json\/wp\/v2\/tags?post=273"}],"curies":[{"name":"wp","href":"https:\/\/api.w.org\/{rel}","templated":true}]}}