{"id":272,"date":"2020-02-16T15:30:34","date_gmt":"2020-02-16T14:30:34","guid":{"rendered":"https:\/\/www.leti.lt\/wordpress\/?p=272"},"modified":"2020-02-16T18:15:14","modified_gmt":"2020-02-16T17:15:14","slug":"danserecherche-lededansetledehors","status":"publish","type":"post","link":"https:\/\/www.leti.lt\/wordpress\/danserecherche-lededansetledehors\/","title":{"rendered":"Le dedans et le dehors"},"content":{"rendered":"<p><a href=\"https:\/\/www.leti.lt\/wordpress\/danserecherche-danserecherche\/\">Danse recherche<\/a><br>\u2192 <a href=\"https:\/\/www.leti.lt\/wordpress\/danserecherche-comptesrendusateliers\/\">Comptes ren\u00addus des ate\u00adliers<\/a><br>\u2192 <a href=\"https:\/\/www.leti.lt\/wordpress\/danserecherche-aix\/\">Aix<\/a><br><br>!! Le dedans et le dehors \u2013 20 f\u00e9vrier 2009<br><br>L\u2019atelier de ce soir a&nbsp;eu chaud&nbsp;!<br><br>Les pr\u00e9\u00admisses du th\u00e8me \u00e9taient d\u00e9j\u00e0 devant la porte&nbsp;:<br><br>en m\u2019attendant, E. et M. dis\u00adcou\u00adraient sur l\u2019int\u00e9rieur\/l\u2019ext\u00e9rieur<br><br>qu\u2019est-ce qui appar\u00adtient \u00e0&nbsp;l\u2019int\u00e9rieur de soi, et qu\u2019est-ce qui est \u00e0&nbsp;l\u2019ext\u00e9rieur&nbsp;?<br><br>(Que dire des muqueuses ?\u2026)<br><br>J\u2019ouvre donc les portes<br><br>nous p\u00e9n\u00e9\u00adtrons \u00e0&nbsp;l\u2019int\u00e9rieur de la salle, il fait plus chaud que dehors<br><br>J. nous rejoint, nous com\u00admen\u00ad\u00e7ons \u00ab&nbsp;l\u2019\u00e9veil des muscles&nbsp;\u00bb.<br><br>Le froid ext\u00e9\u00adrieur nous rat\u00adtrape vite<br><br>mais la cha\u00adleur int\u00e9\u00adrieure est qua\u00adsi auto\u00adnome&nbsp;:<br><br>\u00e0 quelques secondes pr\u00e8s et presque sans bou\u00adger<br><br>nous pou\u00advons avoir chaud ou froid, <br><br>selon le degr\u00e9 de fatigue et de ten\u00adsion qui nous habite.<br><br>Aus\u00adsi\u00adt\u00f4t l\u2019\u00e9veil des muscles d\u00e9cla\u00adr\u00e9 accom\u00adpli, nous r\u00e9cla\u00admons le g\u00e2teau d\u2019E.<br><br>que nous savons excellent, fait de son int\u00e9\u00adrieur, pour confor\u00adter nos int\u00e9\u00adrieurs \u00e0&nbsp;tous.<br><br>Dedans, des abri\u00adcots et des noix<br><br>sub\u00adti\u00adle\u00adment m\u00e9lan\u00adg\u00e9s au point que l\u2019on croit devi\u00adner une saveur exo\u00adtique.<br><br>Mais non, il est bien de chez nous, ce g\u00e2teau savou\u00adreux et pul\u00adpeux<br><br>comme ce qui se cache dans un fruit m\u0153l\u00adleux.<br><br>Essayer chez soi le cock\u00adtail p\u00eache et hibis\u00adcus, une saveur ne peut \u00eatre qu\u2019int\u00e9rioris\u00e9e.<br><br>Ou plu\u00adt\u00f4t, chaque sens est comme ces portes bat\u00adtantes dans les res\u00adtau\u00adrants&nbsp;:<br><br>elles donnent sur l\u2019int\u00e9rieur comme sur l\u2019ext\u00e9rieur de la cui\u00adsine,<br><br>les ser\u00adveurs devant pour\u00advoir entrer et sor\u00adtir avec autant de faci\u00adli\u00adt\u00e9 pour r\u00e9ga\u00adler leurs h\u00f4tes.<br><br>Donc, pen\u00addant que J. r\u00e9a\u00adli\u00adsait que le monde entrait en lui par sa bouche et lui sor\u00adtait par les yeux,<br><br>M. deve\u00adnait trans\u00adpa\u00adrent et voyait \u00e0&nbsp;tra\u00advers les murs.<br><br>Paral\u00adl\u00e8\u00adle\u00adment, j\u2019\u00e9tais en quelques minutes pas\u00ads\u00e9e du concept de la chaus\u00adsette<br><br>qui ne sait plus dans quel sens elle est\u200a\u2014\u200ad\u00e8s que je me retourne ou m\u2019incurve \u2014<br><br>au concept des plis, pli\u00e9e en deux, en quatre ou en huit<br><br>selon les angles que peut faire mon corps.<br><br>Donc je ne m\u2019\u00e9tonnais plus de grand chose quand mon men\u00adtal s\u2019est pli\u00e9 aus\u00adsi<br><br>ajou\u00adtant quelques dimen\u00adsions en plus des trois octroy\u00e9es.<br><br>Sur le che\u00admin, J. fait un d\u00e9tour par l\u2019infiniment petit<br><br>qu\u2019il constate pas plus minus que l\u2019infiniment grand<br><br>puisque son int\u00e9\u00adrieur n\u2019est fait de rien d\u2019autre que d\u2019une infi\u00adni\u00adt\u00e9 d\u2019infiniment petits<br><br>m\u00eame si son ext\u00e9\u00adrieur en met plein la vue.<br><br>C\u2019est d\u00e9ci\u00add\u00e9, E. ne se lais\u00adse\u00adra plus impo\u00adser ses mou\u00adve\u00adments par la musique qui,<br>sur\u00adtout si elle lui plai\u00adsait, arri\u00advait tou\u00adjours \u00e0&nbsp;enva\u00adhir son int\u00e9\u00adrieur.<br><br>Ce fai\u00adsant, elle recons\u00adtrui\u00adsait l\u2019histoire de la danse en une ving\u00adtaine de minutes<br><br>danse qui n\u2019eut de cesse d\u2019exploiter la musique pour ne pas \u00eatre exploi\u00adt\u00e9e elle-m\u00eame<br><br>par cette \u00e9mis\u00adsion de formes m\u00e9lo\u00addiques ryth\u00admiques vola\u00adtiles et insai\u00adsis\u00adsables, p\u00e9n\u00e9\u00adtrantes.<br><br>Jusqu\u2019\u00e0 ce qu\u2019un jour Cun\u00adnin\u00adgham et Cage en aient eu vrai\u00adment assez de ce com\u00adbat inces\u00adsant<br><br>et d\u00e9cident de cr\u00e9er la danse et la musique d\u2019un m\u00eame bal\u00adlet ind\u00e9\u00adpen\u00addam\u00adment,<br><br>dans deux pi\u00e8ces dif\u00adf\u00e9\u00adrentes,<br><br>pour les mettre ensemble le jour de la repr\u00e9\u00adsen\u00adta\u00adtion.<br><br>Ce fut un triomphe, la danse et la musique furent d\u00e9cla\u00adr\u00e9es auto\u00adnomes<br><br>elles ne s\u2019en retrou\u00adv\u00e8rent que mieux.<br><br>J\u2019\u00e9tais en train de me r\u00e9con\u00adci\u00adlier avec la danse<br><br>son appa\u00adrence ext\u00e9\u00adrieure accep\u00adtant de coha\u00adbi\u00adter en toute auto\u00adno\u00admie avec mon int\u00e9\u00adrieur,<br><br>quand nous avons r\u00e9a\u00adli\u00ads\u00e9 que cette his\u00adtoire de dedans dehors avait d\u00e9j\u00e0 \u00e9t\u00e9 tor\u00addue \u00e0&nbsp;l\u2019infini avec le ruban de M\u0153bius.<br><br>M. lui, a&nbsp;tenu \u00e0&nbsp;ses \u00ab&nbsp;cordes&nbsp;\u00bb th\u00e9o\u00adriques comme un math\u00e9\u00adma\u00adti\u00adcien gour\u00admand,<br><br>que le point, pour\u00adtant gran\u00addiose, laisse sur sa faim.<br><br>Alors, l\u00e0, E. et moi nous sommes mises \u00e0&nbsp;tour\u00adner autour des deux p\u00f4les mas\u00adcu\u00adlins de notre qua\u00adtrain,<br><br>et les p\u00f4les se sont spon\u00adta\u00adn\u00e9\u00adment appe\u00adl\u00e9s&nbsp;: \u00ab&nbsp;les ovules&nbsp;\u00bb.<br><br>Ils ne pou\u00advaient pas faire moins, nous tou\u00adchions \u00e0&nbsp;la fusion\u2026<br><br>Andr\u00e9ine Bel<br><br>d\u2019apr\u00e8s les retours de&nbsp;: Andr\u00e9ine B, Eve\u00adlyne B\u2011L, Jacques H, Minh N\u2011G.<\/p><p style=\"color:green; text-align:right !important;\">Article cr\u00e9\u00e9 le 16\/02\/2020 \u2013 modi\u00adfi\u00e9 le 16\/02\/2020<\/p>","protected":false},"excerpt":{"rendered":"<p>Danse recherche\u2192 Comptes ren\u00addus des ate\u00adliers\u2192 Aix !! Le dedans et le dehors \u2013 20 f\u00e9vrier 2009&nbsp;L\u2019atelier de ce soir a&nbsp;eu chaud&nbsp;! Les pr\u00e9\u00admisses du th\u00e8me \u00e9taient d\u00e9j\u00e0 devant la&nbsp;porte&nbsp;: en m\u2019attendant, E. et M. dis\u00adcou\u00adraient sur l\u2019int\u00e9rieur\/l\u2019ext\u00e9rieur qu\u2019est-ce qui appar\u00adtient \u00e0&nbsp;l\u2019int\u00e9rieur de soi, et qu\u2019est-ce qui est \u00e0&nbsp;l\u2019ext\u00e9rieur&nbsp;? (Que dire des muqueuses&nbsp;?\u2026) J\u2019ouvre donc les portes nous p\u00e9n\u00e9\u00adtrons \u00e0&nbsp;l\u2019int\u00e9rieur de la salle, il fait plus chaud que dehors J. nous rejoint, nous com\u00admen\u00ad\u00e7ons \u00ab&nbsp;l\u2019\u00e9veil des muscles&nbsp;\u00bb. Le&nbsp;froid&nbsp;[\u2026]<\/p>\n","protected":false},"author":2,"featured_media":0,"comment_status":"open","ping_status":"open","sticky":false,"template":"","format":"standard","meta":{"wp_typography_post_enhancements_disabled":false,"footnotes":""},"categories":[223],"tags":[224],"class_list":["post-272","post","type-post","status-publish","format-standard","hentry","category-comptes-rendus_ateliers_aix","tag-dr_comptesrendusateliersaix"],"yoast_head":"<!-- This site is optimized with the Yoast SEO plugin v27.5 - https:\/\/yoast.com\/product\/yoast-seo-wordpress\/ -->\n<title>Le dedans et le dehors - Le TILT<\/title>\n<meta name=\"robots\" content=\"index, follow, max-snippet:-1, max-image-preview:large, max-video-preview:-1\" \/>\n<link rel=\"canonical\" href=\"https:\/\/www.leti.lt\/wordpress\/danserecherche-lededansetledehors\/\" \/>\n<meta property=\"og:locale\" content=\"fr_FR\" \/>\n<meta property=\"og:type\" content=\"article\" \/>\n<meta property=\"og:title\" content=\"Le dedans et le dehors - Le TILT\" \/>\n<meta property=\"og:description\" content=\"Danse recherche\u2192 Comptes ren\u00addus des ate\u00adliers\u2192 Aix !! Le dedans et le dehors \u2013 20 f\u00e9vrier 2009 L\u2019atelier de ce soir a&nbsp;eu chaud&nbsp;! Les pr\u00e9\u00admisses du th\u00e8me \u00e9taient d\u00e9j\u00e0 devant la&nbsp;porte&nbsp;: en m\u2019attendant, E. et M. dis\u00adcou\u00adraient sur l\u2019int\u00e9rieur\/l\u2019ext\u00e9rieur qu\u2019est-ce qui appar\u00adtient \u00e0&nbsp;l\u2019int\u00e9rieur de soi, et qu\u2019est-ce qui est \u00e0&nbsp;l\u2019ext\u00e9rieur&nbsp;? (Que dire des muqueuses&nbsp;?\u2026) J\u2019ouvre donc les portes nous p\u00e9n\u00e9\u00adtrons \u00e0&nbsp;l\u2019int\u00e9rieur de la salle, il fait plus chaud que dehors J. nous rejoint, nous com\u00admen\u00ad\u00e7ons \u00ab&nbsp;l\u2019\u00e9veil des muscles&nbsp;\u00bb. Le froid [&hellip;]\" \/>\n<meta property=\"og:url\" content=\"https:\/\/www.leti.lt\/wordpress\/danserecherche-lededansetledehors\/\" \/>\n<meta property=\"og:site_name\" content=\"Le TILT\" \/>\n<meta property=\"article:published_time\" content=\"2020-02-16T14:30:34+00:00\" \/>\n<meta property=\"article:modified_time\" content=\"2020-02-16T17:15:14+00:00\" \/>\n<meta name=\"author\" content=\"Andr\u00e9ine Bel\" \/>\n<meta name=\"twitter:card\" content=\"summary_large_image\" \/>\n<meta name=\"twitter:label1\" content=\"\u00c9crit par\" \/>\n\t<meta name=\"twitter:data1\" content=\"Andr\u00e9ine Bel\" \/>\n\t<meta name=\"twitter:label2\" content=\"Dur\u00e9e de lecture estim\u00e9e\" \/>\n\t<meta name=\"twitter:data2\" content=\"3 minutes\" \/>\n<script type=\"application\/ld+json\" class=\"yoast-schema-graph\">{\"@context\":\"https:\\\/\\\/schema.org\",\"@graph\":[{\"@type\":\"Article\",\"@id\":\"https:\\\/\\\/www.leti.lt\\\/wordpress\\\/danserecherche-lededansetledehors\\\/#article\",\"isPartOf\":{\"@id\":\"https:\\\/\\\/www.leti.lt\\\/wordpress\\\/danserecherche-lededansetledehors\\\/\"},\"author\":{\"name\":\"Andr\u00e9ine Bel\",\"@id\":\"https:\\\/\\\/www.leti.lt\\\/wordpress\\\/#\\\/schema\\\/person\\\/9bb307b2af8fbb575bb3603e57951f75\"},\"headline\":\"Le dedans et le dehors\",\"datePublished\":\"2020-02-16T14:30:34+00:00\",\"dateModified\":\"2020-02-16T17:15:14+00:00\",\"mainEntityOfPage\":{\"@id\":\"https:\\\/\\\/www.leti.lt\\\/wordpress\\\/danserecherche-lededansetledehors\\\/\"},\"wordCount\":717,\"commentCount\":0,\"keywords\":[\"DR_ComptesRendusAteliersAix\"],\"articleSection\":[\"Ateliers Aix DR\"],\"inLanguage\":\"fr-FR\",\"potentialAction\":[{\"@type\":\"CommentAction\",\"name\":\"Comment\",\"target\":[\"https:\\\/\\\/www.leti.lt\\\/wordpress\\\/danserecherche-lededansetledehors\\\/#respond\"]}]},{\"@type\":\"WebPage\",\"@id\":\"https:\\\/\\\/www.leti.lt\\\/wordpress\\\/danserecherche-lededansetledehors\\\/\",\"url\":\"https:\\\/\\\/www.leti.lt\\\/wordpress\\\/danserecherche-lededansetledehors\\\/\",\"name\":\"Le dedans et le dehors - Le TILT\",\"isPartOf\":{\"@id\":\"https:\\\/\\\/www.leti.lt\\\/wordpress\\\/#website\"},\"datePublished\":\"2020-02-16T14:30:34+00:00\",\"dateModified\":\"2020-02-16T17:15:14+00:00\",\"author\":{\"@id\":\"https:\\\/\\\/www.leti.lt\\\/wordpress\\\/#\\\/schema\\\/person\\\/9bb307b2af8fbb575bb3603e57951f75\"},\"breadcrumb\":{\"@id\":\"https:\\\/\\\/www.leti.lt\\\/wordpress\\\/danserecherche-lededansetledehors\\\/#breadcrumb\"},\"inLanguage\":\"fr-FR\",\"potentialAction\":[{\"@type\":\"ReadAction\",\"target\":[\"https:\\\/\\\/www.leti.lt\\\/wordpress\\\/danserecherche-lededansetledehors\\\/\"]}]},{\"@type\":\"BreadcrumbList\",\"@id\":\"https:\\\/\\\/www.leti.lt\\\/wordpress\\\/danserecherche-lededansetledehors\\\/#breadcrumb\",\"itemListElement\":[{\"@type\":\"ListItem\",\"position\":1,\"name\":\"Accueil\",\"item\":\"https:\\\/\\\/www.leti.lt\\\/wordpress\\\/\"},{\"@type\":\"ListItem\",\"position\":2,\"name\":\"Le dedans et le dehors\"}]},{\"@type\":\"WebSite\",\"@id\":\"https:\\\/\\\/www.leti.lt\\\/wordpress\\\/#website\",\"url\":\"https:\\\/\\\/www.leti.lt\\\/wordpress\\\/\",\"name\":\"Le TILT\",\"description\":\"Recherche, publication, cr\u00e9ation artistique\",\"potentialAction\":[{\"@type\":\"SearchAction\",\"target\":{\"@type\":\"EntryPoint\",\"urlTemplate\":\"https:\\\/\\\/www.leti.lt\\\/wordpress\\\/?s={search_term_string}\"},\"query-input\":{\"@type\":\"PropertyValueSpecification\",\"valueRequired\":true,\"valueName\":\"search_term_string\"}}],\"inLanguage\":\"fr-FR\"},{\"@type\":\"Person\",\"@id\":\"https:\\\/\\\/www.leti.lt\\\/wordpress\\\/#\\\/schema\\\/person\\\/9bb307b2af8fbb575bb3603e57951f75\",\"name\":\"Andr\u00e9ine Bel\",\"image\":{\"@type\":\"ImageObject\",\"inLanguage\":\"fr-FR\",\"@id\":\"https:\\\/\\\/secure.gravatar.com\\\/avatar\\\/4ab041ec7c7ad3b90293023e86528ec1a700ce2971ff61811b2df6b288dd1f38?s=96&d=identicon&r=g\",\"url\":\"https:\\\/\\\/secure.gravatar.com\\\/avatar\\\/4ab041ec7c7ad3b90293023e86528ec1a700ce2971ff61811b2df6b288dd1f38?s=96&d=identicon&r=g\",\"contentUrl\":\"https:\\\/\\\/secure.gravatar.com\\\/avatar\\\/4ab041ec7c7ad3b90293023e86528ec1a700ce2971ff61811b2df6b288dd1f38?s=96&d=identicon&r=g\",\"caption\":\"Andr\u00e9ine Bel\"},\"url\":\"https:\\\/\\\/www.leti.lt\\\/wordpress\\\/author\\\/andreine\\\/\"}]}<\/script>\n<!-- \/ Yoast SEO plugin. -->","yoast_head_json":{"title":"Le dedans et le dehors - Le TILT","robots":{"index":"index","follow":"follow","max-snippet":"max-snippet:-1","max-image-preview":"max-image-preview:large","max-video-preview":"max-video-preview:-1"},"canonical":"https:\/\/www.leti.lt\/wordpress\/danserecherche-lededansetledehors\/","og_locale":"fr_FR","og_type":"article","og_title":"Le dedans et le dehors - Le TILT","og_description":"Danse recherche\u2192 Comptes ren\u00addus des ate\u00adliers\u2192 Aix !! Le dedans et le dehors \u2013 20 f\u00e9vrier 2009 L\u2019atelier de ce soir a&nbsp;eu chaud&nbsp;! Les pr\u00e9\u00admisses du th\u00e8me \u00e9taient d\u00e9j\u00e0 devant la&nbsp;porte&nbsp;: en m\u2019attendant, E. et M. dis\u00adcou\u00adraient sur l\u2019int\u00e9rieur\/l\u2019ext\u00e9rieur qu\u2019est-ce qui appar\u00adtient \u00e0&nbsp;l\u2019int\u00e9rieur de soi, et qu\u2019est-ce qui est \u00e0&nbsp;l\u2019ext\u00e9rieur&nbsp;? (Que dire des muqueuses&nbsp;?\u2026) J\u2019ouvre donc les portes nous p\u00e9n\u00e9\u00adtrons \u00e0&nbsp;l\u2019int\u00e9rieur de la salle, il fait plus chaud que dehors J. nous rejoint, nous com\u00admen\u00ad\u00e7ons \u00ab&nbsp;l\u2019\u00e9veil des muscles&nbsp;\u00bb. Le froid [&hellip;]","og_url":"https:\/\/www.leti.lt\/wordpress\/danserecherche-lededansetledehors\/","og_site_name":"Le TILT","article_published_time":"2020-02-16T14:30:34+00:00","article_modified_time":"2020-02-16T17:15:14+00:00","author":"Andr\u00e9ine Bel","twitter_card":"summary_large_image","twitter_misc":{"\u00c9crit par":"Andr\u00e9ine Bel","Dur\u00e9e de lecture estim\u00e9e":"3 minutes"},"schema":{"@context":"https:\/\/schema.org","@graph":[{"@type":"Article","@id":"https:\/\/www.leti.lt\/wordpress\/danserecherche-lededansetledehors\/#article","isPartOf":{"@id":"https:\/\/www.leti.lt\/wordpress\/danserecherche-lededansetledehors\/"},"author":{"name":"Andr\u00e9ine Bel","@id":"https:\/\/www.leti.lt\/wordpress\/#\/schema\/person\/9bb307b2af8fbb575bb3603e57951f75"},"headline":"Le dedans et le dehors","datePublished":"2020-02-16T14:30:34+00:00","dateModified":"2020-02-16T17:15:14+00:00","mainEntityOfPage":{"@id":"https:\/\/www.leti.lt\/wordpress\/danserecherche-lededansetledehors\/"},"wordCount":717,"commentCount":0,"keywords":["DR_ComptesRendusAteliersAix"],"articleSection":["Ateliers Aix DR"],"inLanguage":"fr-FR","potentialAction":[{"@type":"CommentAction","name":"Comment","target":["https:\/\/www.leti.lt\/wordpress\/danserecherche-lededansetledehors\/#respond"]}]},{"@type":"WebPage","@id":"https:\/\/www.leti.lt\/wordpress\/danserecherche-lededansetledehors\/","url":"https:\/\/www.leti.lt\/wordpress\/danserecherche-lededansetledehors\/","name":"Le dedans et le dehors - Le TILT","isPartOf":{"@id":"https:\/\/www.leti.lt\/wordpress\/#website"},"datePublished":"2020-02-16T14:30:34+00:00","dateModified":"2020-02-16T17:15:14+00:00","author":{"@id":"https:\/\/www.leti.lt\/wordpress\/#\/schema\/person\/9bb307b2af8fbb575bb3603e57951f75"},"breadcrumb":{"@id":"https:\/\/www.leti.lt\/wordpress\/danserecherche-lededansetledehors\/#breadcrumb"},"inLanguage":"fr-FR","potentialAction":[{"@type":"ReadAction","target":["https:\/\/www.leti.lt\/wordpress\/danserecherche-lededansetledehors\/"]}]},{"@type":"BreadcrumbList","@id":"https:\/\/www.leti.lt\/wordpress\/danserecherche-lededansetledehors\/#breadcrumb","itemListElement":[{"@type":"ListItem","position":1,"name":"Accueil","item":"https:\/\/www.leti.lt\/wordpress\/"},{"@type":"ListItem","position":2,"name":"Le dedans et le dehors"}]},{"@type":"WebSite","@id":"https:\/\/www.leti.lt\/wordpress\/#website","url":"https:\/\/www.leti.lt\/wordpress\/","name":"Le TILT","description":"Recherche, publication, cr\u00e9ation artistique","potentialAction":[{"@type":"SearchAction","target":{"@type":"EntryPoint","urlTemplate":"https:\/\/www.leti.lt\/wordpress\/?s={search_term_string}"},"query-input":{"@type":"PropertyValueSpecification","valueRequired":true,"valueName":"search_term_string"}}],"inLanguage":"fr-FR"},{"@type":"Person","@id":"https:\/\/www.leti.lt\/wordpress\/#\/schema\/person\/9bb307b2af8fbb575bb3603e57951f75","name":"Andr\u00e9ine Bel","image":{"@type":"ImageObject","inLanguage":"fr-FR","@id":"https:\/\/secure.gravatar.com\/avatar\/4ab041ec7c7ad3b90293023e86528ec1a700ce2971ff61811b2df6b288dd1f38?s=96&d=identicon&r=g","url":"https:\/\/secure.gravatar.com\/avatar\/4ab041ec7c7ad3b90293023e86528ec1a700ce2971ff61811b2df6b288dd1f38?s=96&d=identicon&r=g","contentUrl":"https:\/\/secure.gravatar.com\/avatar\/4ab041ec7c7ad3b90293023e86528ec1a700ce2971ff61811b2df6b288dd1f38?s=96&d=identicon&r=g","caption":"Andr\u00e9ine Bel"},"url":"https:\/\/www.leti.lt\/wordpress\/author\/andreine\/"}]}},"_links":{"self":[{"href":"https:\/\/www.leti.lt\/wordpress\/wp-json\/wp\/v2\/posts\/272","targetHints":{"allow":["GET"]}}],"collection":[{"href":"https:\/\/www.leti.lt\/wordpress\/wp-json\/wp\/v2\/posts"}],"about":[{"href":"https:\/\/www.leti.lt\/wordpress\/wp-json\/wp\/v2\/types\/post"}],"author":[{"embeddable":true,"href":"https:\/\/www.leti.lt\/wordpress\/wp-json\/wp\/v2\/users\/2"}],"replies":[{"embeddable":true,"href":"https:\/\/www.leti.lt\/wordpress\/wp-json\/wp\/v2\/comments?post=272"}],"version-history":[{"count":1,"href":"https:\/\/www.leti.lt\/wordpress\/wp-json\/wp\/v2\/posts\/272\/revisions"}],"predecessor-version":[{"id":403,"href":"https:\/\/www.leti.lt\/wordpress\/wp-json\/wp\/v2\/posts\/272\/revisions\/403"}],"wp:attachment":[{"href":"https:\/\/www.leti.lt\/wordpress\/wp-json\/wp\/v2\/media?parent=272"}],"wp:term":[{"taxonomy":"category","embeddable":true,"href":"https:\/\/www.leti.lt\/wordpress\/wp-json\/wp\/v2\/categories?post=272"},{"taxonomy":"post_tag","embeddable":true,"href":"https:\/\/www.leti.lt\/wordpress\/wp-json\/wp\/v2\/tags?post=272"}],"curies":[{"name":"wp","href":"https:\/\/api.w.org\/{rel}","templated":true}]}}