{"id":271,"date":"2020-02-16T15:30:34","date_gmt":"2020-02-16T14:30:34","guid":{"rendered":"https:\/\/www.leti.lt\/wordpress\/?p=271"},"modified":"2020-02-16T18:04:09","modified_gmt":"2020-02-16T17:04:09","slug":"danserecherche-lecontactaveclautre","status":"publish","type":"post","link":"https:\/\/www.leti.lt\/wordpress\/danserecherche-lecontactaveclautre\/","title":{"rendered":"Le contact avec l\u2019autre"},"content":{"rendered":"<p><a href=\"https:\/\/www.leti.lt\/wordpress\/danserecherche-danserecherche\/\">Danse recherche<\/a><br>\u2192 <a href=\"https:\/\/www.leti.lt\/wordpress\/danserecherche-comptesrendusateliers\/\">Comptes ren\u00addus des ate\u00adliers<\/a><br>\u2192 <a href=\"https:\/\/www.leti.lt\/wordpress\/danserecherche-aix\/\">Aix<\/a><br><br>!!Le contact avec l\u2019autre, le 23\/1\/11<br><br>\u00c0 trois, ce fut fina\u00adle\u00adment une danse recherche autour du contact. Le contact vu comme un lien entre visible et invi\u00adsible, une ren\u00adcontre avec l\u2019autre qui fait \u00e9clore le sym\u00adbo\u00adlique&nbsp;: on est \u00ab&nbsp;en lien&nbsp;\u00bb.<br><br>L\u2019autre, le par\u00adte\u00adnaire, ce peut \u00eatre l\u2019espace, le rythme, la m\u00e9lo\u00addie, le dan\u00adseur, comme des \u00e9chos dis\u00adsem\u00adblables. Le regard cir\u00adcule dans son int\u00e9\u00adrieur, \u00ab&nbsp;ses meubles&nbsp;\u00bb, ou vers l\u2019ext\u00e9rieur, dans un autre temps. Bref, com\u00adment accueillir et se sen\u00adtir accueilli par l\u2019autre, quel qu\u2019il soit&nbsp;? Mais en pre\u00admier lieu, pour\u00adquoi ce besoin de l\u2019autre&nbsp;?<br><br>Cela m\u2019a pro\u00adje\u00adt\u00e9e en Inde, avec Bir\u00adju Maha\u00adraj (pro\u00adfes\u00adseur de Kathak, une danse clas\u00adsique du nord de l\u2019Inde) disant qu\u2019il n\u2019est jamais seul sur sc\u00e8ne, bien que soliste. Les direc\u00adtions dans les\u00adquelles son corps se coule ou qu\u2019il pro\u00advoque, les rythmes sur les\u00adquels ses pieds frappent le sol et ses gestes, l\u2019espace, tous sont ses par\u00adte\u00adnaires, il \u00e9ta\u00adblit un dia\u00adlogue avec eux.<br><br>Bir\u00adju Maha\u00adraj per\u00adson\u00adni\u00adfie les rythmes. Cer\u00adtains per\u00adson\u00adnages ont mis du temps \u00e0&nbsp;lui appa\u00adra\u00eetre. Teen\u00adtal (16 temps) est l\u2019ami le plus facile \u00e0&nbsp;vivre, Jap\u00adtal (10 temps) est assez abor\u00addable, mais Dha\u00admar (14 temps) est le roi, impo\u00adsant, lent et majes\u00adtueux. Il s\u2019est mon\u00adtr\u00e9 \u00e0&nbsp;lui un beau soir, le 27 f\u00e9vrier 1987. Tous les spec\u00adta\u00adteurs de Kama\u00adni Hall (New Del\u00adhi) l\u2019ont sen\u00adti, quelque chose se pas\u00adsait dans ces rythmes faits par Bir\u00adju Maha\u00adraj. Voi\u00adci les mots que j\u2019ai recueillis de lui le len\u00adde\u00admain matin&nbsp;:<br><br><b>- \u201c&nbsp;Pour la pre\u00admi\u00e8re fois de ma vie (\u00e0 49 ans), j\u2019ai pu dan\u00adser Dha\u00admar, dans toute son int\u00e9\u00adgri\u00adt\u00e9, du d\u00e9but \u00e0&nbsp;la fin. J\u2019ai vu devant moi Dha\u00admar, ses yeux, son nez, sa bouche, ses oreilles, son corps. Dha\u00admar n\u2019est pas une enti\u00adt\u00e9 facile. Dans les 5&nbsp;pre\u00admiers temps, il \u00e9ta\u00adblit son auto\u00adri\u00adt\u00e9&nbsp;; les deux temps sui\u00advants, il vous met en garde&nbsp;; les trois autres temps il vous repousse, et les quatre der\u00adniers temps, il vous chal\u00adlenge. Il faut beau\u00adcoup d\u2019humilit\u00e9 pour abor\u00adder Dha\u00admar, et s\u2019en faire un ami. Beau\u00adcoup d\u2019efforts et de confiance.&nbsp;\u00bb<\/b><br><br>Mais reve\u00adnons \u00e0&nbsp;l\u2019atelier d\u2019Aix-en-Provence, fin jan\u00advier 2011\u2026<br><br>Les deux ques\u00adtions qui nous sont venues sont celles-ci&nbsp;: <br><br>- com\u00adment faire sur\u00adgir un rythme int\u00e9\u00adrieur et lui per\u00admettre de se mani\u00adfes\u00adter&nbsp;?<br><br>- com\u00adment mettre \u00ab&nbsp;l\u2019int\u00e9rieur&nbsp;\u00bb en rap\u00adport dyna\u00admique avec \u00ab&nbsp;l\u2019ext\u00e9rieur&nbsp;\u00bb&nbsp;?<br><br>L\u2019\u00e9veil des sen\u00adsa\u00adtions a&nbsp;mari\u00e9 le dos au sol, per\u00admet\u00adtant une grande liber\u00adt\u00e9 de mou\u00adve\u00adments, et des b\u00e2ille\u00adments allant jusqu\u2019au p\u00e9ri\u00adn\u00e9e.<br><br>Impos\u00adsible d\u2019\u00eatre en plu\u00adsieurs mor\u00adceaux&nbsp;: le contact avec les sen\u00adsa\u00adtions ram\u00e8ne l\u2019unit\u00e9 dans le corps tout entier, le recentre et le met peu \u00e0&nbsp;peu en posi\u00adtion ver\u00adti\u00adcale sans effort.<br><br>Les mou\u00adve\u00adments r\u00e9p\u00e9\u00adti\u00adtifs, tels que les balan\u00adce\u00adments, les allers-retours, rap\u00adprochent les mor\u00adceaux si pr\u00e8s qu\u2019ils finissent par s\u2019unir de nou\u00adveau. Lorsque les pen\u00ads\u00e9es enva\u00adhissent le men\u00adtal, le contact avec le corps les apaise. <br><br><i>Notre th\u00e8me s\u2019est des\u00adsi\u00adn\u00e9&nbsp;: \u00ab&nbsp;le contact avec l\u2019autre&nbsp;\u00bb \u2013 la musique, les direc\u00adtions, l\u2019autre dan\u00adseur.<\/i><br><br>Lors de la pre\u00admi\u00e8re impro\u00advi\u00adsa\u00adtion, il nous est appa\u00adru que le rythme int\u00e9\u00adrieur peut na\u00eetre et se d\u00e9ve\u00adlop\u00adper quand la sen\u00adsa\u00adtion d\u2019unit\u00e9 est l\u00e0. La dis\u00adper\u00adsion, elle, entra\u00eene la sta\u00adtique [l\u2019engourdissement]. Les rythmes des extr\u00e9\u00admi\u00adt\u00e9s du corps ne semblent pas avoir une dur\u00e9e de vie tr\u00e8s longue, \u00e0&nbsp;moins qu\u2019ils ne r\u00e9sultent des rythmes du centre (ventre et hanches), qui se pro\u00adpagent dyna\u00admi\u00adque\u00adment. Les d\u00e9pla\u00adce\u00adments apportent au mou\u00adve\u00adment leur rythme propre.<br><br>Les sons musi\u00adcaux sont deve\u00adnus algues, eau, oiseau, arbre o\u00f9 est pos\u00e9 l\u2019oiseau, crois\u00adsance des racines au ciel. La musique est un espace o\u00f9 le mou\u00adve\u00adment peut exis\u00adter.<br><br>L\u2019espace comme un \u00e9crin autour du corps du dan\u00adseur, qui le caresse. Le dan\u00adseur regarde et est regar\u00add\u00e9 de tous c\u00f4t\u00e9s. Le temps s\u2019\u00e9coule en un rythme tou\u00adjours pr\u00e9\u00adsent m\u00eame lorsqu\u2019il est presque imper\u00adcep\u00adtible. Dyna\u00admisme dans la sta\u00adtique et sta\u00adtique dans le dyna\u00admisme. Le mou\u00adve\u00adment comme suite de d\u00e9s\u00ad\u00e9qui\u00adlibres qui ne font pas [for\u00adc\u00e9\u00adment] tom\u00adber.<br><br><i>Il nous a&nbsp;fal\u00adlu mettre une pre\u00admi\u00e8re contrainte pour res\u00adser\u00adrer les pos\u00adsibles du contact&nbsp;: <\/i> \u00ab&nbsp;regar\u00adder&nbsp;\u00bb l\u2019autre, direc\u00adte\u00adment ou indi\u00adrec\u00adte\u00adment, dans les yeux ou non.<br><br>Il nous est appa\u00adru qu\u2019on ne regarde pas qu\u2019avec les yeux mais avec le corps tout entier.<br><br>Le regard apporte une satis\u00adfac\u00adtion qui per\u00admet de ne pas cher\u00adcher tou\u00adjours le rap\u00adpro\u00adche\u00adment. Mais le regard peut aus\u00adsi \u00eatre contrai\u00adgnant, influent, inci\u00adter au mim\u00e9\u00adtisme. Le regard p\u00e9ri\u00adph\u00e9\u00adrique (qui s\u2019\u00e9tend autour d\u2019un point) a&nbsp;\u00e9t\u00e9 v\u00e9cu comme le plus flexible et lib\u00e9\u00adra\u00adteur.<br><br><i>La deuxi\u00e8me contrainte, \u00e0&nbsp;deux, par\u00adlait de \u00ab&nbsp;tou\u00adcher&nbsp;\u00bb l\u2019autre&nbsp;:<\/i> \u00ab&nbsp;voir&nbsp;\u00bb cette peur de ne pas com\u00adprendre l\u2019autre. Com\u00adment appro\u00adcher, n\u00e9go\u00adcier son espace avec celui de l\u2019autre&nbsp;?<br><br>Il y&nbsp;eut un <i>duo en contact<\/i>, une his\u00adtoire de deux vies un ins\u00adtant li\u00e9es par inad\u00adver\u00adtance et qui trou\u00advaient une har\u00admo\u00adnie sans paroles, flots de sou\u00adve\u00adnirs com\u00adpris, par cha\u00adcun. L\u2019\u00e9motionnel est tou\u00adch\u00e9 \u00e0&nbsp;tra\u00advers la sur\u00adface de contact.<br><br>Puis un <i>duo en oppo\u00adsi\u00adtion<\/i>, o\u00f9 les poids se sont cher\u00adch\u00e9s, sans arri\u00adver \u00e0&nbsp;se don\u00adner&nbsp;: peur que l\u2019autre ne sache l\u2019accueillir, ou ne puisse. Mais le sol est deve\u00adnu un alli\u00e9 \u2013 un troi\u00adsi\u00e8me par\u00adte\u00adnaire \u2013 et le contact des poids a&nbsp;pu se faire par ins\u00adtants.<br><br>Puis un <i>duo o\u00f9 l\u2019\u00e9quilibre des poids<\/i> ame\u00adnait le mou\u00adve\u00adment dans l\u2019espace, comme r\u00e9sis\u00adtante des deux forces.<br><br>Et puisque je suis dans mes notes indiennes, cette recom\u00adman\u00adda\u00adtion de Bir\u00adju Maha\u00adraj \u00e0&nbsp;ses \u00e9l\u00e8ves, comme un \u00e9cho loin\u00adtain et \u00e9ton\u00adnant \u00e0&nbsp;cette s\u00e9ance&nbsp;:<br><br><b>\u00ab&nbsp;Cr\u00e9ez une image mer\u00adveilleuse devant vous, \u00e0&nbsp;laquelle vous vous r\u00e9f\u00e9\u00adrez \u00e0&nbsp;chaque mou\u00adve\u00adment, vers laquelle vous reve\u00adnez sans cesse, comme quelque chose que vous ne vou\u00adlez pas man\u00adquer. Tout votre \u00eatre doit tendre vers chaque direc\u00adtion que vous pre\u00adnez ou que vous mon\u00adtrez.&nbsp;\u00bb<\/b><br><br>Et un jour, cette phrase&nbsp;:<br><br><b>\u00ab&nbsp;Vous devez apprendre comme lorsque vous buvez apr\u00e8s une longue soif\u2026&nbsp;\u00bb<\/b><br><br>Andr\u00e9ine Bel,<br><br>d\u2019apr\u00e8s les retours de&nbsp;: Andr\u00e9ine B, Ber\u00adnard B, Marit\u00adza&nbsp;S.<\/p><p style=\"color:green; text-align:right !important;\">Article cr\u00e9\u00e9 le 16\/02\/2020 \u2013 modi\u00adfi\u00e9 le 16\/02\/2020<\/p>","protected":false},"excerpt":{"rendered":"<p>Danse recherche\u2192 Comptes ren\u00addus des ate\u00adliers\u2192 Aix !!Le contact avec l\u2019autre, le 23\/1\/11 \u00c0&nbsp;trois, ce fut fina\u00adle\u00adment une danse recherche autour du contact. Le contact vu comme un lien entre visible et invi\u00adsible, une ren\u00adcontre avec l\u2019autre qui fait \u00e9clore le sym\u00adbo\u00adlique&nbsp;: on est \u00ab&nbsp;en&nbsp;lien&nbsp;\u00bb. L\u2019autre, le par\u00adte\u00adnaire, ce peut \u00eatre l\u2019espace, le rythme, la m\u00e9lo\u00addie, le dan\u00adseur, comme des \u00e9chos dis\u00adsem\u00adblables. Le regard cir\u00adcule dans son int\u00e9\u00adrieur, \u00ab&nbsp;ses meubles&nbsp;\u00bb, ou vers l\u2019ext\u00e9rieur, dans un autre temps. Bref, comment&nbsp;[\u2026]<\/p>\n","protected":false},"author":2,"featured_media":0,"comment_status":"open","ping_status":"open","sticky":false,"template":"","format":"standard","meta":{"wp_typography_post_enhancements_disabled":false,"footnotes":""},"categories":[223],"tags":[224],"class_list":["post-271","post","type-post","status-publish","format-standard","hentry","category-comptes-rendus_ateliers_aix","tag-dr_comptesrendusateliersaix"],"yoast_head":"<!-- This site is optimized with the Yoast SEO plugin v27.5 - https:\/\/yoast.com\/product\/yoast-seo-wordpress\/ -->\n<title>Le contact avec l\u2019autre - Le TILT<\/title>\n<meta name=\"robots\" content=\"index, follow, max-snippet:-1, max-image-preview:large, max-video-preview:-1\" \/>\n<link rel=\"canonical\" href=\"https:\/\/www.leti.lt\/wordpress\/danserecherche-lecontactaveclautre\/\" \/>\n<meta property=\"og:locale\" content=\"fr_FR\" \/>\n<meta property=\"og:type\" content=\"article\" \/>\n<meta property=\"og:title\" content=\"Le contact avec l\u2019autre - Le TILT\" \/>\n<meta property=\"og:description\" content=\"Danse recherche\u2192 Comptes ren\u00addus des ate\u00adliers\u2192 Aix !!Le contact avec l\u2019autre, le 23\/1\/11 \u00c0 trois, ce fut fina\u00adle\u00adment une danse recherche autour du contact. Le contact vu comme un lien entre visible et invi\u00adsible, une ren\u00adcontre avec l\u2019autre qui fait \u00e9clore le sym\u00adbo\u00adlique&nbsp;: on est \u00ab&nbsp;en&nbsp;lien&nbsp;\u00bb. L\u2019autre, le par\u00adte\u00adnaire, ce peut \u00eatre l\u2019espace, le rythme, la m\u00e9lo\u00addie, le dan\u00adseur, comme des \u00e9chos dis\u00adsem\u00adblables. Le regard cir\u00adcule dans son int\u00e9\u00adrieur, \u00ab&nbsp;ses meubles&nbsp;\u00bb, ou vers l\u2019ext\u00e9rieur, dans un autre temps. Bref, com\u00adment [&hellip;]\" \/>\n<meta property=\"og:url\" content=\"https:\/\/www.leti.lt\/wordpress\/danserecherche-lecontactaveclautre\/\" \/>\n<meta property=\"og:site_name\" content=\"Le TILT\" \/>\n<meta property=\"article:published_time\" content=\"2020-02-16T14:30:34+00:00\" \/>\n<meta property=\"article:modified_time\" content=\"2020-02-16T17:04:09+00:00\" \/>\n<meta name=\"author\" content=\"Andr\u00e9ine Bel\" \/>\n<meta name=\"twitter:card\" content=\"summary_large_image\" \/>\n<meta name=\"twitter:label1\" content=\"\u00c9crit par\" \/>\n\t<meta name=\"twitter:data1\" content=\"Andr\u00e9ine Bel\" \/>\n\t<meta name=\"twitter:label2\" content=\"Dur\u00e9e de lecture estim\u00e9e\" \/>\n\t<meta name=\"twitter:data2\" content=\"5 minutes\" \/>\n<script type=\"application\/ld+json\" class=\"yoast-schema-graph\">{\"@context\":\"https:\\\/\\\/schema.org\",\"@graph\":[{\"@type\":\"Article\",\"@id\":\"https:\\\/\\\/www.leti.lt\\\/wordpress\\\/danserecherche-lecontactaveclautre\\\/#article\",\"isPartOf\":{\"@id\":\"https:\\\/\\\/www.leti.lt\\\/wordpress\\\/danserecherche-lecontactaveclautre\\\/\"},\"author\":{\"name\":\"Andr\u00e9ine Bel\",\"@id\":\"https:\\\/\\\/www.leti.lt\\\/wordpress\\\/#\\\/schema\\\/person\\\/9bb307b2af8fbb575bb3603e57951f75\"},\"headline\":\"Le contact avec l\u2019autre\",\"datePublished\":\"2020-02-16T14:30:34+00:00\",\"dateModified\":\"2020-02-16T17:04:09+00:00\",\"mainEntityOfPage\":{\"@id\":\"https:\\\/\\\/www.leti.lt\\\/wordpress\\\/danserecherche-lecontactaveclautre\\\/\"},\"wordCount\":1043,\"commentCount\":0,\"keywords\":[\"DR_ComptesRendusAteliersAix\"],\"articleSection\":[\"Ateliers Aix DR\"],\"inLanguage\":\"fr-FR\",\"potentialAction\":[{\"@type\":\"CommentAction\",\"name\":\"Comment\",\"target\":[\"https:\\\/\\\/www.leti.lt\\\/wordpress\\\/danserecherche-lecontactaveclautre\\\/#respond\"]}]},{\"@type\":\"WebPage\",\"@id\":\"https:\\\/\\\/www.leti.lt\\\/wordpress\\\/danserecherche-lecontactaveclautre\\\/\",\"url\":\"https:\\\/\\\/www.leti.lt\\\/wordpress\\\/danserecherche-lecontactaveclautre\\\/\",\"name\":\"Le contact avec l\u2019autre - Le TILT\",\"isPartOf\":{\"@id\":\"https:\\\/\\\/www.leti.lt\\\/wordpress\\\/#website\"},\"datePublished\":\"2020-02-16T14:30:34+00:00\",\"dateModified\":\"2020-02-16T17:04:09+00:00\",\"author\":{\"@id\":\"https:\\\/\\\/www.leti.lt\\\/wordpress\\\/#\\\/schema\\\/person\\\/9bb307b2af8fbb575bb3603e57951f75\"},\"breadcrumb\":{\"@id\":\"https:\\\/\\\/www.leti.lt\\\/wordpress\\\/danserecherche-lecontactaveclautre\\\/#breadcrumb\"},\"inLanguage\":\"fr-FR\",\"potentialAction\":[{\"@type\":\"ReadAction\",\"target\":[\"https:\\\/\\\/www.leti.lt\\\/wordpress\\\/danserecherche-lecontactaveclautre\\\/\"]}]},{\"@type\":\"BreadcrumbList\",\"@id\":\"https:\\\/\\\/www.leti.lt\\\/wordpress\\\/danserecherche-lecontactaveclautre\\\/#breadcrumb\",\"itemListElement\":[{\"@type\":\"ListItem\",\"position\":1,\"name\":\"Accueil\",\"item\":\"https:\\\/\\\/www.leti.lt\\\/wordpress\\\/\"},{\"@type\":\"ListItem\",\"position\":2,\"name\":\"Le contact avec l\u2019autre\"}]},{\"@type\":\"WebSite\",\"@id\":\"https:\\\/\\\/www.leti.lt\\\/wordpress\\\/#website\",\"url\":\"https:\\\/\\\/www.leti.lt\\\/wordpress\\\/\",\"name\":\"Le TILT\",\"description\":\"Recherche, publication, cr\u00e9ation artistique\",\"potentialAction\":[{\"@type\":\"SearchAction\",\"target\":{\"@type\":\"EntryPoint\",\"urlTemplate\":\"https:\\\/\\\/www.leti.lt\\\/wordpress\\\/?s={search_term_string}\"},\"query-input\":{\"@type\":\"PropertyValueSpecification\",\"valueRequired\":true,\"valueName\":\"search_term_string\"}}],\"inLanguage\":\"fr-FR\"},{\"@type\":\"Person\",\"@id\":\"https:\\\/\\\/www.leti.lt\\\/wordpress\\\/#\\\/schema\\\/person\\\/9bb307b2af8fbb575bb3603e57951f75\",\"name\":\"Andr\u00e9ine Bel\",\"image\":{\"@type\":\"ImageObject\",\"inLanguage\":\"fr-FR\",\"@id\":\"https:\\\/\\\/secure.gravatar.com\\\/avatar\\\/4ab041ec7c7ad3b90293023e86528ec1a700ce2971ff61811b2df6b288dd1f38?s=96&d=identicon&r=g\",\"url\":\"https:\\\/\\\/secure.gravatar.com\\\/avatar\\\/4ab041ec7c7ad3b90293023e86528ec1a700ce2971ff61811b2df6b288dd1f38?s=96&d=identicon&r=g\",\"contentUrl\":\"https:\\\/\\\/secure.gravatar.com\\\/avatar\\\/4ab041ec7c7ad3b90293023e86528ec1a700ce2971ff61811b2df6b288dd1f38?s=96&d=identicon&r=g\",\"caption\":\"Andr\u00e9ine Bel\"},\"url\":\"https:\\\/\\\/www.leti.lt\\\/wordpress\\\/author\\\/andreine\\\/\"}]}<\/script>\n<!-- \/ Yoast SEO plugin. -->","yoast_head_json":{"title":"Le contact avec l\u2019autre - Le TILT","robots":{"index":"index","follow":"follow","max-snippet":"max-snippet:-1","max-image-preview":"max-image-preview:large","max-video-preview":"max-video-preview:-1"},"canonical":"https:\/\/www.leti.lt\/wordpress\/danserecherche-lecontactaveclautre\/","og_locale":"fr_FR","og_type":"article","og_title":"Le contact avec l\u2019autre - Le TILT","og_description":"Danse recherche\u2192 Comptes ren\u00addus des ate\u00adliers\u2192 Aix !!Le contact avec l\u2019autre, le 23\/1\/11 \u00c0 trois, ce fut fina\u00adle\u00adment une danse recherche autour du contact. Le contact vu comme un lien entre visible et invi\u00adsible, une ren\u00adcontre avec l\u2019autre qui fait \u00e9clore le sym\u00adbo\u00adlique&nbsp;: on est \u00ab&nbsp;en&nbsp;lien&nbsp;\u00bb. L\u2019autre, le par\u00adte\u00adnaire, ce peut \u00eatre l\u2019espace, le rythme, la m\u00e9lo\u00addie, le dan\u00adseur, comme des \u00e9chos dis\u00adsem\u00adblables. Le regard cir\u00adcule dans son int\u00e9\u00adrieur, \u00ab&nbsp;ses meubles&nbsp;\u00bb, ou vers l\u2019ext\u00e9rieur, dans un autre temps. Bref, com\u00adment [&hellip;]","og_url":"https:\/\/www.leti.lt\/wordpress\/danserecherche-lecontactaveclautre\/","og_site_name":"Le TILT","article_published_time":"2020-02-16T14:30:34+00:00","article_modified_time":"2020-02-16T17:04:09+00:00","author":"Andr\u00e9ine Bel","twitter_card":"summary_large_image","twitter_misc":{"\u00c9crit par":"Andr\u00e9ine Bel","Dur\u00e9e de lecture estim\u00e9e":"5 minutes"},"schema":{"@context":"https:\/\/schema.org","@graph":[{"@type":"Article","@id":"https:\/\/www.leti.lt\/wordpress\/danserecherche-lecontactaveclautre\/#article","isPartOf":{"@id":"https:\/\/www.leti.lt\/wordpress\/danserecherche-lecontactaveclautre\/"},"author":{"name":"Andr\u00e9ine Bel","@id":"https:\/\/www.leti.lt\/wordpress\/#\/schema\/person\/9bb307b2af8fbb575bb3603e57951f75"},"headline":"Le contact avec l\u2019autre","datePublished":"2020-02-16T14:30:34+00:00","dateModified":"2020-02-16T17:04:09+00:00","mainEntityOfPage":{"@id":"https:\/\/www.leti.lt\/wordpress\/danserecherche-lecontactaveclautre\/"},"wordCount":1043,"commentCount":0,"keywords":["DR_ComptesRendusAteliersAix"],"articleSection":["Ateliers Aix DR"],"inLanguage":"fr-FR","potentialAction":[{"@type":"CommentAction","name":"Comment","target":["https:\/\/www.leti.lt\/wordpress\/danserecherche-lecontactaveclautre\/#respond"]}]},{"@type":"WebPage","@id":"https:\/\/www.leti.lt\/wordpress\/danserecherche-lecontactaveclautre\/","url":"https:\/\/www.leti.lt\/wordpress\/danserecherche-lecontactaveclautre\/","name":"Le contact avec l\u2019autre - Le TILT","isPartOf":{"@id":"https:\/\/www.leti.lt\/wordpress\/#website"},"datePublished":"2020-02-16T14:30:34+00:00","dateModified":"2020-02-16T17:04:09+00:00","author":{"@id":"https:\/\/www.leti.lt\/wordpress\/#\/schema\/person\/9bb307b2af8fbb575bb3603e57951f75"},"breadcrumb":{"@id":"https:\/\/www.leti.lt\/wordpress\/danserecherche-lecontactaveclautre\/#breadcrumb"},"inLanguage":"fr-FR","potentialAction":[{"@type":"ReadAction","target":["https:\/\/www.leti.lt\/wordpress\/danserecherche-lecontactaveclautre\/"]}]},{"@type":"BreadcrumbList","@id":"https:\/\/www.leti.lt\/wordpress\/danserecherche-lecontactaveclautre\/#breadcrumb","itemListElement":[{"@type":"ListItem","position":1,"name":"Accueil","item":"https:\/\/www.leti.lt\/wordpress\/"},{"@type":"ListItem","position":2,"name":"Le contact avec l\u2019autre"}]},{"@type":"WebSite","@id":"https:\/\/www.leti.lt\/wordpress\/#website","url":"https:\/\/www.leti.lt\/wordpress\/","name":"Le TILT","description":"Recherche, publication, cr\u00e9ation artistique","potentialAction":[{"@type":"SearchAction","target":{"@type":"EntryPoint","urlTemplate":"https:\/\/www.leti.lt\/wordpress\/?s={search_term_string}"},"query-input":{"@type":"PropertyValueSpecification","valueRequired":true,"valueName":"search_term_string"}}],"inLanguage":"fr-FR"},{"@type":"Person","@id":"https:\/\/www.leti.lt\/wordpress\/#\/schema\/person\/9bb307b2af8fbb575bb3603e57951f75","name":"Andr\u00e9ine Bel","image":{"@type":"ImageObject","inLanguage":"fr-FR","@id":"https:\/\/secure.gravatar.com\/avatar\/4ab041ec7c7ad3b90293023e86528ec1a700ce2971ff61811b2df6b288dd1f38?s=96&d=identicon&r=g","url":"https:\/\/secure.gravatar.com\/avatar\/4ab041ec7c7ad3b90293023e86528ec1a700ce2971ff61811b2df6b288dd1f38?s=96&d=identicon&r=g","contentUrl":"https:\/\/secure.gravatar.com\/avatar\/4ab041ec7c7ad3b90293023e86528ec1a700ce2971ff61811b2df6b288dd1f38?s=96&d=identicon&r=g","caption":"Andr\u00e9ine Bel"},"url":"https:\/\/www.leti.lt\/wordpress\/author\/andreine\/"}]}},"_links":{"self":[{"href":"https:\/\/www.leti.lt\/wordpress\/wp-json\/wp\/v2\/posts\/271","targetHints":{"allow":["GET"]}}],"collection":[{"href":"https:\/\/www.leti.lt\/wordpress\/wp-json\/wp\/v2\/posts"}],"about":[{"href":"https:\/\/www.leti.lt\/wordpress\/wp-json\/wp\/v2\/types\/post"}],"author":[{"embeddable":true,"href":"https:\/\/www.leti.lt\/wordpress\/wp-json\/wp\/v2\/users\/2"}],"replies":[{"embeddable":true,"href":"https:\/\/www.leti.lt\/wordpress\/wp-json\/wp\/v2\/comments?post=271"}],"version-history":[{"count":1,"href":"https:\/\/www.leti.lt\/wordpress\/wp-json\/wp\/v2\/posts\/271\/revisions"}],"predecessor-version":[{"id":392,"href":"https:\/\/www.leti.lt\/wordpress\/wp-json\/wp\/v2\/posts\/271\/revisions\/392"}],"wp:attachment":[{"href":"https:\/\/www.leti.lt\/wordpress\/wp-json\/wp\/v2\/media?parent=271"}],"wp:term":[{"taxonomy":"category","embeddable":true,"href":"https:\/\/www.leti.lt\/wordpress\/wp-json\/wp\/v2\/categories?post=271"},{"taxonomy":"post_tag","embeddable":true,"href":"https:\/\/www.leti.lt\/wordpress\/wp-json\/wp\/v2\/tags?post=271"}],"curies":[{"name":"wp","href":"https:\/\/api.w.org\/{rel}","templated":true}]}}