{"id":268,"date":"2020-02-16T15:30:34","date_gmt":"2020-02-16T14:30:34","guid":{"rendered":"https:\/\/www.leti.lt\/wordpress\/?p=268"},"modified":"2020-02-16T18:11:49","modified_gmt":"2020-02-16T17:11:49","slug":"danserecherche-lasourcelarelation","status":"publish","type":"post","link":"https:\/\/www.leti.lt\/wordpress\/danserecherche-lasourcelarelation\/","title":{"rendered":"La source, la relation"},"content":{"rendered":"<p><a href=\"https:\/\/www.leti.lt\/wordpress\/danserecherche-danserecherche\/\">Danse recherche<\/a><br>\u2192 <a href=\"https:\/\/www.leti.lt\/wordpress\/danserecherche-comptesrendusateliers\/\">Comptes ren\u00addus des ate\u00adliers<\/a><br>\u2192 <a href=\"https:\/\/www.leti.lt\/wordpress\/danserecherche-aix\/\">Aix<\/a><br><br>!!La source\/la rela\u00adtion, ate\u00adlier du 24\/10\/10, Stu\u00addio For\u00adbin<br><br>Cette pre\u00admi\u00e8re danse recherche autom\u00adnale fut l\u2019occasion d\u2019innover \u00e0&nbsp;six autour d\u2019une ques\u00adtion&nbsp;: com\u00adment uti\u00adli\u00adser au mieux les talents de cha\u00adcun au sein de la danse recherche&nbsp;?<br><br>Nous avons fait l\u2019\u00e9veil des muscles et\/ou l\u2019\u00e9veil des sen\u00adsa\u00adtions avec cette ques\u00adtion en fili\u00adgrane.<br><br>Cela a&nbsp;com\u00admen\u00adc\u00e9 autour de la colonne ver\u00adt\u00e9\u00adbrale et des reins, comme si\u00e8ge d\u2019une force res\u00adsen\u00adtie comme vitale, et \u00e0&nbsp;tra\u00advers le d\u00e9pliage des couches dou\u00adlou\u00adreuses du \u00ab&nbsp;corps qui se retrouve&nbsp;\u00bb. De l\u00e0 nous sommes all\u00e9s \u00e0&nbsp;la source, de l\u2019\u00e9nergie, du mou\u00adve\u00adment\u2026, ce fut notre th\u00e8me sen\u00adsi\u00adtif.<br><br>Nous avions par\u00admi nous un conteur&nbsp;: nous avons deman\u00add\u00e9 \u00e0&nbsp;Phi\u00adlippe Alla\u00adri de dire ce qui pour lui \u00e9tait le plus impor\u00adtant dans l\u2019art du conte. Je retrans\u00adcris de m\u00e9moire, car cette fois j\u2019ai lais\u00ads\u00e9 mon cahier au ves\u00adtiaire. Phi\u00adlippe s\u2019est d\u2019abord deman\u00add\u00e9 d\u2019o\u00f9 venait le conte pour lui, puisque nous par\u00adlions de source. Il nous a&nbsp;dit que l\u2019histoire racon\u00adt\u00e9e struc\u00adture le r\u00e9cit pour son audi\u00adtoire, mais que l\u2019important, c\u2019est la source de tel ou tel conte. C\u2019est l\u2019histoire qui a&nbsp;cr\u00e9\u00e9 le conte et influen\u00adc\u00e9 l\u2019auteur-conteur (Phi\u00adlippe), l\u2019histoire der\u00adri\u00e8re l\u2019histoire, l\u2019histoire non dite, qui va trans\u00adpa\u00adra\u00eetre ou se d\u00e9cli\u00adner sur sc\u00e8ne en fonc\u00adtion de l\u2019humeur, du public, de la sai\u00adson\u2026 Cette adap\u00adta\u00adtion simul\u00adta\u00adn\u00e9e du conte au conteur et au public, c\u2019est ce qui per\u00admet le contact entre tous ces \u00e9l\u00e9\u00adments, en les met\u00adtant en rela\u00adtion.<br><br><i>Notre th\u00e8me r\u00e9flexif \u00e9tait trou\u00adv\u00e9&nbsp;: la rela\u00adtion, avec cette ques\u00adtion&nbsp;: qu\u2019est-ce qui entre en jeu pour \u00e9ta\u00adblir une rela\u00adtion&nbsp;?<\/i><br><br>Phi\u00adlippe a&nbsp;pro\u00adpo\u00ads\u00e9 une mise en situa\u00adtion de d\u00e9part&nbsp;: entrer sur sc\u00e8ne en se met\u00adtant en rela\u00adtion avec les autres (par d\u00e9ci\u00adsion ou inten\u00adtion), sinon ne pas entrer, ou bien sor\u00adtir. Mais avec une contrainte&nbsp;: cette rela\u00adtion ne doit pas per\u00admettre le contact direct.<br><br>La rete\u00adnue op\u00e9\u00adr\u00e9e par le non tou\u00adcher a&nbsp;d\u2019abord \u00e9t\u00e9 posi\u00adtive, cr\u00e9ant une ten\u00adsion salu\u00adtaire. Le contact s\u2019est \u00e9ta\u00adbli dans l\u2019espace, mais tr\u00e8s vite des simul\u00adta\u00adn\u00e9i\u00adt\u00e9s vou\u00adlues de gestes se sont exer\u00adc\u00e9es entre les dan\u00adseurs, en miroir, en oppo\u00adsi\u00adtion ou en com\u00adpl\u00e9\u00adment, et les corps se sont rap\u00adpro\u00adch\u00e9s par groupes ou en un seul groupe. La ten\u00adsion salu\u00adtaire s\u2019est rel\u00e2\u00adch\u00e9e, l\u2019espace n\u2019a pu se struc\u00adtu\u00adrer et la danse nous est vite appa\u00adrue \u00ab&nbsp;jolie&nbsp;\u00bb, mais \u00ab&nbsp;plate&nbsp;\u00bb, sans relief ni sur\u00adprise.<br><br>Com\u00adment gar\u00adder la ten\u00adsion vibrante&nbsp;?<br><br>Nous avons ajou\u00adt\u00e9 une contrainte sup\u00adpl\u00e9\u00admen\u00adtaire&nbsp;: rela\u00adtion aux autres sans contact direct, et \u00e0&nbsp;dis\u00adtance. Avec cette nou\u00advelle rete\u00adnue, la ten\u00adsion fruc\u00adtueuse est r\u00e9ap\u00adpa\u00adrue, lais\u00adsant voir des simul\u00adta\u00adn\u00e9i\u00adt\u00e9s invo\u00adlon\u00adtaires et impr\u00e9\u00advi\u00adsibles de gestes entre les dan\u00adseurs, comme autant d\u2019\u00e9merveillements fugaces. Mais assez vite n\u00e9an\u00admoins, le corps s\u2019accommode des nou\u00advelles contraintes et les d\u00e9tourne en les accli\u00adma\u00adtant \u00e0&nbsp;lui. L\u2019espace, un temps vivant, s\u2019est de nou\u00adveau apla\u00adti d\u2019insignifiance.<br><br>Aus\u00adsi sommes-nous all\u00e9s encore plus loin dans la contrainte, en la pla\u00ad\u00e7ant aus\u00adsi dans le temps&nbsp;: entrer en contact avec les autres sans se tou\u00adcher, \u00e0&nbsp;dis\u00adtance dans l\u2019espace mais aus\u00adsi dans le temps. Cela revient, a&nbsp;r\u00e9su\u00adm\u00e9 l\u2019une d\u2019entre nous, \u00e0&nbsp;choi\u00adsir \u00e0&nbsp;chaque ins\u00adtant o\u00f9, quand et com\u00adment je veux inter\u00adagir. Quelle liber\u00adt\u00e9&nbsp;!<br><br>Sauf que la liber\u00adt\u00e9 a&nbsp;un prix, celui de se retrou\u00adver iso\u00adl\u00e9 si on perd de vue de le contact dans l\u2019exercice de la liber\u00adt\u00e9. Et celui qui se sent iso\u00adl\u00e9, voit ceux autour de lui iso\u00adl\u00e9s, quand bien m\u00eame ils sentent un lien puis\u00adsant s\u2019exercer entre eux&nbsp;!<br><br>C\u2019est pour\u00adtant dans cette extr\u00e9\u00admi\u00adt\u00e9 o\u00f9 se trouvent les corps en contact libre que des petits miracles se sont pro\u00adduits&nbsp;: une intel\u00adli\u00adgence du corps mal\u00adgr\u00e9 lui s\u2019est mise en route, capable de tout int\u00e9\u00adgrer du temps et de l\u2019espace, fai\u00adsant du hasard des mou\u00adve\u00adments et des ren\u00adcontres un alli\u00e9 majes\u00adtueux et cr\u00e9a\u00adtif. Pas d\u2019acclimatation, mais une vigi\u00adlance de chaque ins\u00adtant face \u00e0&nbsp;un risque v\u00e9cu et assu\u00adm\u00e9, le risque de vivre \u00e0&nbsp;plu\u00adsieurs.<br><br>Cette danse recherche a&nbsp;secou\u00e9 le coco\u00adtier dans le bon sens, avec ces ques\u00adtions aux\u00adquelles nous nous sommes enfin atte\u00adl\u00e9s. Je les d\u00e9ve\u00adloppe dans Che\u00admi\u00adne\u00adment de la danse recherche&nbsp;: \u00ab&nbsp;La danse et les autres arts&nbsp;\u00bb, et dans L\u2019\u00e9criture de la danse recherche&nbsp;: \u00ab&nbsp;Sp\u00e9\u00adci\u00adfi\u00adci\u00adt\u00e9s de la danse recherche&nbsp;\u00bb.<br><br>Andr\u00e9ine Bel<br><br>d\u2019apr\u00e8s les retours de&nbsp;: Andr\u00e9ine B, Ber\u00adnard B, Marit\u00adza S, Minh N, Phi\u00adlippe A, Christine.<\/p><p style=\"color:green; text-align:right !important;\">Article cr\u00e9\u00e9 le 16\/02\/2020 \u2013 modi\u00adfi\u00e9 le 16\/02\/2020<\/p>","protected":false},"excerpt":{"rendered":"<p>Danse recherche\u2192 Comptes ren\u00addus des ate\u00adliers\u2192 Aix !!La source\/la rela\u00adtion, ate\u00adlier du 24\/10\/10, Stu\u00addio For\u00adbin Cette pre\u00admi\u00e8re danse recherche autom\u00adnale fut l\u2019occasion d\u2019innover \u00e0&nbsp;six autour d\u2019une ques\u00adtion&nbsp;: com\u00adment uti\u00adli\u00adser au mieux les talents de cha\u00adcun au sein de la danse recherche&nbsp;? Nous avons fait l\u2019\u00e9veil des muscles et\/ou l\u2019\u00e9veil des sen\u00adsa\u00adtions avec cette ques\u00adtion en fili\u00adgrane. Cela a&nbsp;com\u00admen\u00adc\u00e9 autour de la colonne ver\u00adt\u00e9\u00adbrale et des reins, comme si\u00e8ge d\u2019une force res\u00adsen\u00adtie comme vitale, et \u00e0&nbsp;tra\u00advers le d\u00e9pliage des couches douloureuses&nbsp;[\u2026]<\/p>\n","protected":false},"author":2,"featured_media":0,"comment_status":"open","ping_status":"open","sticky":false,"template":"","format":"standard","meta":{"wp_typography_post_enhancements_disabled":false,"footnotes":""},"categories":[223],"tags":[224],"class_list":["post-268","post","type-post","status-publish","format-standard","hentry","category-comptes-rendus_ateliers_aix","tag-dr_comptesrendusateliersaix"],"yoast_head":"<!-- This site is optimized with the Yoast SEO plugin v27.5 - https:\/\/yoast.com\/product\/yoast-seo-wordpress\/ -->\n<title>La source, la relation - Le TILT<\/title>\n<meta name=\"robots\" content=\"index, follow, max-snippet:-1, max-image-preview:large, max-video-preview:-1\" \/>\n<link rel=\"canonical\" href=\"https:\/\/www.leti.lt\/wordpress\/danserecherche-lasourcelarelation\/\" \/>\n<meta property=\"og:locale\" content=\"fr_FR\" \/>\n<meta property=\"og:type\" content=\"article\" \/>\n<meta property=\"og:title\" content=\"La source, la relation - Le TILT\" \/>\n<meta property=\"og:description\" content=\"Danse recherche\u2192 Comptes ren\u00addus des ate\u00adliers\u2192 Aix !!La source\/la rela\u00adtion, ate\u00adlier du 24\/10\/10, Stu\u00addio Forbin Cette pre\u00admi\u00e8re danse recherche autom\u00adnale fut l\u2019occasion d\u2019innover \u00e0&nbsp;six autour d\u2019une ques\u00adtion&nbsp;: com\u00adment uti\u00adli\u00adser au mieux les talents de cha\u00adcun au sein de la danse recherche&nbsp;? Nous avons fait l\u2019\u00e9veil des muscles et\/ou l\u2019\u00e9veil des sen\u00adsa\u00adtions avec cette ques\u00adtion en filigrane. Cela a&nbsp;com\u00admen\u00adc\u00e9 autour de la colonne ver\u00adt\u00e9\u00adbrale et des reins, comme si\u00e8ge d\u2019une force res\u00adsen\u00adtie comme vitale, et \u00e0&nbsp;tra\u00advers le d\u00e9pliage des couches dou\u00adlou\u00adreuses [&hellip;]\" \/>\n<meta property=\"og:url\" content=\"https:\/\/www.leti.lt\/wordpress\/danserecherche-lasourcelarelation\/\" \/>\n<meta property=\"og:site_name\" content=\"Le TILT\" \/>\n<meta property=\"article:published_time\" content=\"2020-02-16T14:30:34+00:00\" \/>\n<meta property=\"article:modified_time\" content=\"2020-02-16T17:11:49+00:00\" \/>\n<meta name=\"author\" content=\"Andr\u00e9ine Bel\" \/>\n<meta name=\"twitter:card\" content=\"summary_large_image\" \/>\n<meta name=\"twitter:label1\" content=\"\u00c9crit par\" \/>\n\t<meta name=\"twitter:data1\" content=\"Andr\u00e9ine Bel\" \/>\n\t<meta name=\"twitter:label2\" content=\"Dur\u00e9e de lecture estim\u00e9e\" \/>\n\t<meta name=\"twitter:data2\" content=\"4 minutes\" \/>\n<script type=\"application\/ld+json\" class=\"yoast-schema-graph\">{\"@context\":\"https:\\\/\\\/schema.org\",\"@graph\":[{\"@type\":\"Article\",\"@id\":\"https:\\\/\\\/www.leti.lt\\\/wordpress\\\/danserecherche-lasourcelarelation\\\/#article\",\"isPartOf\":{\"@id\":\"https:\\\/\\\/www.leti.lt\\\/wordpress\\\/danserecherche-lasourcelarelation\\\/\"},\"author\":{\"name\":\"Andr\u00e9ine Bel\",\"@id\":\"https:\\\/\\\/www.leti.lt\\\/wordpress\\\/#\\\/schema\\\/person\\\/9bb307b2af8fbb575bb3603e57951f75\"},\"headline\":\"La source, la relation\",\"datePublished\":\"2020-02-16T14:30:34+00:00\",\"dateModified\":\"2020-02-16T17:11:49+00:00\",\"mainEntityOfPage\":{\"@id\":\"https:\\\/\\\/www.leti.lt\\\/wordpress\\\/danserecherche-lasourcelarelation\\\/\"},\"wordCount\":790,\"commentCount\":0,\"keywords\":[\"DR_ComptesRendusAteliersAix\"],\"articleSection\":[\"Ateliers Aix DR\"],\"inLanguage\":\"fr-FR\",\"potentialAction\":[{\"@type\":\"CommentAction\",\"name\":\"Comment\",\"target\":[\"https:\\\/\\\/www.leti.lt\\\/wordpress\\\/danserecherche-lasourcelarelation\\\/#respond\"]}]},{\"@type\":\"WebPage\",\"@id\":\"https:\\\/\\\/www.leti.lt\\\/wordpress\\\/danserecherche-lasourcelarelation\\\/\",\"url\":\"https:\\\/\\\/www.leti.lt\\\/wordpress\\\/danserecherche-lasourcelarelation\\\/\",\"name\":\"La source, la relation - Le TILT\",\"isPartOf\":{\"@id\":\"https:\\\/\\\/www.leti.lt\\\/wordpress\\\/#website\"},\"datePublished\":\"2020-02-16T14:30:34+00:00\",\"dateModified\":\"2020-02-16T17:11:49+00:00\",\"author\":{\"@id\":\"https:\\\/\\\/www.leti.lt\\\/wordpress\\\/#\\\/schema\\\/person\\\/9bb307b2af8fbb575bb3603e57951f75\"},\"breadcrumb\":{\"@id\":\"https:\\\/\\\/www.leti.lt\\\/wordpress\\\/danserecherche-lasourcelarelation\\\/#breadcrumb\"},\"inLanguage\":\"fr-FR\",\"potentialAction\":[{\"@type\":\"ReadAction\",\"target\":[\"https:\\\/\\\/www.leti.lt\\\/wordpress\\\/danserecherche-lasourcelarelation\\\/\"]}]},{\"@type\":\"BreadcrumbList\",\"@id\":\"https:\\\/\\\/www.leti.lt\\\/wordpress\\\/danserecherche-lasourcelarelation\\\/#breadcrumb\",\"itemListElement\":[{\"@type\":\"ListItem\",\"position\":1,\"name\":\"Accueil\",\"item\":\"https:\\\/\\\/www.leti.lt\\\/wordpress\\\/\"},{\"@type\":\"ListItem\",\"position\":2,\"name\":\"La source, la relation\"}]},{\"@type\":\"WebSite\",\"@id\":\"https:\\\/\\\/www.leti.lt\\\/wordpress\\\/#website\",\"url\":\"https:\\\/\\\/www.leti.lt\\\/wordpress\\\/\",\"name\":\"Le TILT\",\"description\":\"Recherche, publication, cr\u00e9ation artistique\",\"potentialAction\":[{\"@type\":\"SearchAction\",\"target\":{\"@type\":\"EntryPoint\",\"urlTemplate\":\"https:\\\/\\\/www.leti.lt\\\/wordpress\\\/?s={search_term_string}\"},\"query-input\":{\"@type\":\"PropertyValueSpecification\",\"valueRequired\":true,\"valueName\":\"search_term_string\"}}],\"inLanguage\":\"fr-FR\"},{\"@type\":\"Person\",\"@id\":\"https:\\\/\\\/www.leti.lt\\\/wordpress\\\/#\\\/schema\\\/person\\\/9bb307b2af8fbb575bb3603e57951f75\",\"name\":\"Andr\u00e9ine Bel\",\"image\":{\"@type\":\"ImageObject\",\"inLanguage\":\"fr-FR\",\"@id\":\"https:\\\/\\\/secure.gravatar.com\\\/avatar\\\/4ab041ec7c7ad3b90293023e86528ec1a700ce2971ff61811b2df6b288dd1f38?s=96&d=identicon&r=g\",\"url\":\"https:\\\/\\\/secure.gravatar.com\\\/avatar\\\/4ab041ec7c7ad3b90293023e86528ec1a700ce2971ff61811b2df6b288dd1f38?s=96&d=identicon&r=g\",\"contentUrl\":\"https:\\\/\\\/secure.gravatar.com\\\/avatar\\\/4ab041ec7c7ad3b90293023e86528ec1a700ce2971ff61811b2df6b288dd1f38?s=96&d=identicon&r=g\",\"caption\":\"Andr\u00e9ine Bel\"},\"url\":\"https:\\\/\\\/www.leti.lt\\\/wordpress\\\/author\\\/andreine\\\/\"}]}<\/script>\n<!-- \/ Yoast SEO plugin. -->","yoast_head_json":{"title":"La source, la relation - Le TILT","robots":{"index":"index","follow":"follow","max-snippet":"max-snippet:-1","max-image-preview":"max-image-preview:large","max-video-preview":"max-video-preview:-1"},"canonical":"https:\/\/www.leti.lt\/wordpress\/danserecherche-lasourcelarelation\/","og_locale":"fr_FR","og_type":"article","og_title":"La source, la relation - Le TILT","og_description":"Danse recherche\u2192 Comptes ren\u00addus des ate\u00adliers\u2192 Aix !!La source\/la rela\u00adtion, ate\u00adlier du 24\/10\/10, Stu\u00addio Forbin Cette pre\u00admi\u00e8re danse recherche autom\u00adnale fut l\u2019occasion d\u2019innover \u00e0&nbsp;six autour d\u2019une ques\u00adtion&nbsp;: com\u00adment uti\u00adli\u00adser au mieux les talents de cha\u00adcun au sein de la danse recherche&nbsp;? Nous avons fait l\u2019\u00e9veil des muscles et\/ou l\u2019\u00e9veil des sen\u00adsa\u00adtions avec cette ques\u00adtion en filigrane. Cela a&nbsp;com\u00admen\u00adc\u00e9 autour de la colonne ver\u00adt\u00e9\u00adbrale et des reins, comme si\u00e8ge d\u2019une force res\u00adsen\u00adtie comme vitale, et \u00e0&nbsp;tra\u00advers le d\u00e9pliage des couches dou\u00adlou\u00adreuses [&hellip;]","og_url":"https:\/\/www.leti.lt\/wordpress\/danserecherche-lasourcelarelation\/","og_site_name":"Le TILT","article_published_time":"2020-02-16T14:30:34+00:00","article_modified_time":"2020-02-16T17:11:49+00:00","author":"Andr\u00e9ine Bel","twitter_card":"summary_large_image","twitter_misc":{"\u00c9crit par":"Andr\u00e9ine Bel","Dur\u00e9e de lecture estim\u00e9e":"4 minutes"},"schema":{"@context":"https:\/\/schema.org","@graph":[{"@type":"Article","@id":"https:\/\/www.leti.lt\/wordpress\/danserecherche-lasourcelarelation\/#article","isPartOf":{"@id":"https:\/\/www.leti.lt\/wordpress\/danserecherche-lasourcelarelation\/"},"author":{"name":"Andr\u00e9ine Bel","@id":"https:\/\/www.leti.lt\/wordpress\/#\/schema\/person\/9bb307b2af8fbb575bb3603e57951f75"},"headline":"La source, la relation","datePublished":"2020-02-16T14:30:34+00:00","dateModified":"2020-02-16T17:11:49+00:00","mainEntityOfPage":{"@id":"https:\/\/www.leti.lt\/wordpress\/danserecherche-lasourcelarelation\/"},"wordCount":790,"commentCount":0,"keywords":["DR_ComptesRendusAteliersAix"],"articleSection":["Ateliers Aix DR"],"inLanguage":"fr-FR","potentialAction":[{"@type":"CommentAction","name":"Comment","target":["https:\/\/www.leti.lt\/wordpress\/danserecherche-lasourcelarelation\/#respond"]}]},{"@type":"WebPage","@id":"https:\/\/www.leti.lt\/wordpress\/danserecherche-lasourcelarelation\/","url":"https:\/\/www.leti.lt\/wordpress\/danserecherche-lasourcelarelation\/","name":"La source, la relation - Le TILT","isPartOf":{"@id":"https:\/\/www.leti.lt\/wordpress\/#website"},"datePublished":"2020-02-16T14:30:34+00:00","dateModified":"2020-02-16T17:11:49+00:00","author":{"@id":"https:\/\/www.leti.lt\/wordpress\/#\/schema\/person\/9bb307b2af8fbb575bb3603e57951f75"},"breadcrumb":{"@id":"https:\/\/www.leti.lt\/wordpress\/danserecherche-lasourcelarelation\/#breadcrumb"},"inLanguage":"fr-FR","potentialAction":[{"@type":"ReadAction","target":["https:\/\/www.leti.lt\/wordpress\/danserecherche-lasourcelarelation\/"]}]},{"@type":"BreadcrumbList","@id":"https:\/\/www.leti.lt\/wordpress\/danserecherche-lasourcelarelation\/#breadcrumb","itemListElement":[{"@type":"ListItem","position":1,"name":"Accueil","item":"https:\/\/www.leti.lt\/wordpress\/"},{"@type":"ListItem","position":2,"name":"La source, la relation"}]},{"@type":"WebSite","@id":"https:\/\/www.leti.lt\/wordpress\/#website","url":"https:\/\/www.leti.lt\/wordpress\/","name":"Le TILT","description":"Recherche, publication, cr\u00e9ation artistique","potentialAction":[{"@type":"SearchAction","target":{"@type":"EntryPoint","urlTemplate":"https:\/\/www.leti.lt\/wordpress\/?s={search_term_string}"},"query-input":{"@type":"PropertyValueSpecification","valueRequired":true,"valueName":"search_term_string"}}],"inLanguage":"fr-FR"},{"@type":"Person","@id":"https:\/\/www.leti.lt\/wordpress\/#\/schema\/person\/9bb307b2af8fbb575bb3603e57951f75","name":"Andr\u00e9ine Bel","image":{"@type":"ImageObject","inLanguage":"fr-FR","@id":"https:\/\/secure.gravatar.com\/avatar\/4ab041ec7c7ad3b90293023e86528ec1a700ce2971ff61811b2df6b288dd1f38?s=96&d=identicon&r=g","url":"https:\/\/secure.gravatar.com\/avatar\/4ab041ec7c7ad3b90293023e86528ec1a700ce2971ff61811b2df6b288dd1f38?s=96&d=identicon&r=g","contentUrl":"https:\/\/secure.gravatar.com\/avatar\/4ab041ec7c7ad3b90293023e86528ec1a700ce2971ff61811b2df6b288dd1f38?s=96&d=identicon&r=g","caption":"Andr\u00e9ine Bel"},"url":"https:\/\/www.leti.lt\/wordpress\/author\/andreine\/"}]}},"_links":{"self":[{"href":"https:\/\/www.leti.lt\/wordpress\/wp-json\/wp\/v2\/posts\/268","targetHints":{"allow":["GET"]}}],"collection":[{"href":"https:\/\/www.leti.lt\/wordpress\/wp-json\/wp\/v2\/posts"}],"about":[{"href":"https:\/\/www.leti.lt\/wordpress\/wp-json\/wp\/v2\/types\/post"}],"author":[{"embeddable":true,"href":"https:\/\/www.leti.lt\/wordpress\/wp-json\/wp\/v2\/users\/2"}],"replies":[{"embeddable":true,"href":"https:\/\/www.leti.lt\/wordpress\/wp-json\/wp\/v2\/comments?post=268"}],"version-history":[{"count":1,"href":"https:\/\/www.leti.lt\/wordpress\/wp-json\/wp\/v2\/posts\/268\/revisions"}],"predecessor-version":[{"id":402,"href":"https:\/\/www.leti.lt\/wordpress\/wp-json\/wp\/v2\/posts\/268\/revisions\/402"}],"wp:attachment":[{"href":"https:\/\/www.leti.lt\/wordpress\/wp-json\/wp\/v2\/media?parent=268"}],"wp:term":[{"taxonomy":"category","embeddable":true,"href":"https:\/\/www.leti.lt\/wordpress\/wp-json\/wp\/v2\/categories?post=268"},{"taxonomy":"post_tag","embeddable":true,"href":"https:\/\/www.leti.lt\/wordpress\/wp-json\/wp\/v2\/tags?post=268"}],"curies":[{"name":"wp","href":"https:\/\/api.w.org\/{rel}","templated":true}]}}