{"id":266,"date":"2020-02-16T15:30:33","date_gmt":"2020-02-16T14:30:33","guid":{"rendered":"https:\/\/www.leti.lt\/wordpress\/?p=266"},"modified":"-0001-11-30T00:00:00","modified_gmt":"-0001-11-29T22:00:00","slug":"danserecherche-larevolution","status":"publish","type":"post","link":"https:\/\/www.leti.lt\/wordpress\/danserecherche-larevolution\/","title":{"rendered":"La R\u00e9volution"},"content":{"rendered":"<p><a href=\"https:\/\/www.leti.lt\/wordpress\/danserecherche-danserecherche\/\">Danse recherche<\/a><br>\u2192 <a href=\"https:\/\/www.leti.lt\/wordpress\/danserecherche-comptesrendusateliers\/\">Comptes ren\u00addus des ate\u00adliers<\/a><br>\u2192 <a href=\"https:\/\/www.leti.lt\/wordpress\/danserecherche-aix\/\">Aix<\/a><br><br>!!La (r)\u00e9volution, le 16\/1\/11 au Stu\u00addio For\u00adbin<br><br>Nous \u00e9tions douze alors que le prin\u00adtemps venait poin\u00adter son nez \u00e0&nbsp;tra\u00advers nos coquilles trans\u00adlu\u00adcides (les \u0153ufs vont par dou\u00adzaine), impact d\u00e9clen\u00adcheur de grandes man\u0153uvres int\u00e9\u00adrieures.<br><br>Nous avons com\u00admen\u00adc\u00e9 par les vues et visions pour cet ate\u00adlier de danse recherche sur le long terme&nbsp;:<br><br>- gar\u00adder le m\u00eame th\u00e8me r\u00e9flexif (le \u00ab&nbsp;th\u00e8me cha\u00adpeau&nbsp;\u00bb) sur plu\u00adsieurs ate\u00adliers, et m\u00eame sur les ate\u00adliers d\u2019Aix et For\u00adcal\u00adquier par exemple. Ce th\u00e8me reste \u00e0&nbsp;d\u00e9ter\u00admi\u00adner.<br><br>- uti\u00adli\u00adser le mat\u00e9\u00adriau d\u2019archives pour en faire une \u0153uvre, au lieu de le lais\u00adser dans les car\u00adtons. Vid\u00e9os, textes, pein\u00adtures et cal\u00adli\u00adgra\u00adphies sont autant de \u00ab&nbsp;traces&nbsp;\u00bb qui ne deman\u00adde\u00adraient qu\u2019\u00e0 \u00eatre ras\u00adsem\u00adbl\u00e9es, concer\u00adt\u00e9es et mode\u00adl\u00e9es \u00e0&nbsp;leur tour pour \u00eatre appr\u00e9\u00adci\u00e9es. Avis aux ima\u00adgi\u00adna\u00adtions cr\u00e9a\u00adtrices\u2026<br><br>Sur le court terme, les pr\u00e9\u00adoc\u00adcu\u00adpa\u00adtions \u00e9taient de&nbsp;:<br><br>- com\u00adprendre la per\u00adsonne avec laquelle on danse<br><br>- d\u00e9cou\u00advrir et dan\u00adser l\u2019imaginaire qui nous habite<br><br>- com\u00adprendre le sens de l\u2019\u00e9chauffement dans l\u2019\u00e9veil des sen\u00adsa\u00adtions.<br><br>Retours ver\u00adbaux pen\u00addant l\u2019\u00e9veil des sen\u00adsa\u00adtions&nbsp;:<br><br>- res\u00adter avec la dou\u00adleur au bras droit, cela donne toute autre chose que de vou\u00adloir la chas\u00adser, les mou\u00adve\u00adments sont inat\u00adten\u00addus et se r\u00e9v\u00e8lent effi\u00adcaces jus\u00adte\u00adment pour r\u00e9soudre la dou\u00adleur alors que ce but n\u2019est pas recher\u00adch\u00e9. Beau\u00adcoup d\u2019images sur\u00adgissent en \u00ab&nbsp;\u00e9cou\u00adtant&nbsp;\u00bb la dou\u00adleur\u2026<br><br>- exp\u00e9\u00adri\u00admen\u00adter des corps dif\u00adf\u00e9\u00adrents selon qu\u2019on place le corps dans telle ou telle dis\u00adpo\u00adsi\u00adtion. Il y&nbsp;a une plu\u00adra\u00adli\u00adt\u00e9 d\u2019agencements pos\u00adsibles des sen\u00adsa\u00adtions, \u00e9mo\u00adtions, repr\u00e9\u00adsen\u00adta\u00adtions, pro\u00adjec\u00adtions, pen\u00ads\u00e9es, m\u00e9moires\u2026 selon ces dis\u00adpo\u00adsi\u00adtions.<br>- pour\u00adquoi nom\u00admer les sen\u00adsa\u00adtions \u00e0&nbsp;voix haute pen\u00addant l\u2019\u00e9veil des sen\u00adsa\u00adtions&nbsp;? Cela sol\u00adli\u00adcite l\u2019analyse, la com\u00adpa\u00adrai\u00adson, le dis\u00adcer\u00adne\u00adment de celui qui pro\u00adnonce et de celui qui \u00e9coute. Com\u00adment int\u00e9\u00adgrer ces voix pour celui qui sou\u00adhaite res\u00adter dans ses sen\u00adsa\u00adtions sans \u00eatre influen\u00adc\u00e9&nbsp;?<br><br>- \u00ab&nbsp;prendre&nbsp;\u00bb les mots comme la musique, accueillir l\u2019influence tout en res\u00adtant soi-m\u00eame&nbsp;? Obser\u00adver le rap\u00adport entre les deux sen\u00adsa\u00adtions, int\u00e9\u00adrieures et ext\u00e9\u00adrieures&nbsp;? C\u2019est d\u00e9j\u00e0 une \u00e9bauche de danse avec l\u2019autre que d\u2019accueillir ses mots sans les lais\u00adser empi\u00e9\u00adter sur notre sen\u00adti\u00adment de liber\u00adt\u00e9 int\u00e9\u00adrieure\u2026 <br><br>- la t\u00eate lourde est en \u00e9qui\u00adlibre fra\u00adgile mais agr\u00e9able sur les \u00e9paules, un \u00e9qui\u00adlibre plein de pos\u00adsibles.<br><br>- ser\u00adrer les res\u00adser\u00adre\u00adments, pres\u00adser les pres\u00adsions, et le corps se d\u00e9tend.<br><br>- le car\u00adcan se fait lourd, se r\u00e9pand, s\u2019amollit pour fina\u00adle\u00adment se dis\u00adsoudre par de petits mou\u00adve\u00adment des pieds, de la t\u00eate et des poi\u00adgnets.<br><br>- balan\u00adce\u00adments sur le coc\u00adcyx, en alter\u00adnance avec l\u2019impossibilit\u00e9 d\u2019atteindre tel muscle pro\u00adfond.<br><br>- en un quart d\u2019heure, quelques mil\u00adlions d\u2019ann\u00e9es d\u2019\u00e9volution. L\u2019\u00e9toile de mer a&nbsp;sa bouche, ce trou, au milieu du ventre. Pas\u00adsage par le quatre pattes. Vrille pour se mettre debout. <br><br>- ventre \u00e9ti\u00adr\u00e9 comme de la p\u00e2te \u00e0&nbsp;pain, dans toutes les direc\u00adtions et toutes les posi\u00adtions.<br><br>- dif\u00adf\u00e9\u00adrence de cha\u00adleur entre le ventre souple et le sque\u00adlette dur, comme deux enti\u00adt\u00e9s construc\u00adtives de l\u2019\u00eatre.<br><br>- l\u2019\u00e9paule gauche entra\u00eene le corps dans une ronde conti\u00adnuelle pour \u00e9vi\u00adter de tom\u00adber dans le trou noir au milieu.<br><br>- dyna\u00admique inca\u00adpable de retom\u00adber.<br><br>- nais\u00adsance conti\u00adnuelle de la vie, \u00e9mer\u00adgence constante. Cro\u00adnos mange et r\u00e9gur\u00adgite ses enfants.<br><br>- voyage dans le temps et l\u2019espace, paroles jux\u00adta\u00adpo\u00ads\u00e9es aux sen\u00adsa\u00adtions, inter\u00adac\u00adtion des sen\u00adsa\u00adtions avec les \u00e9mo\u00adtions.<br><br><b>Il y&nbsp;avait de l\u2019\u00e9volution \u2013 r\u00e9vo\u00adlu\u00adtion dans l\u2019air, ce fut notre th\u00e8me sen\u00adsi\u00adtif&nbsp;: (r)\u00e9volution.<\/b><br><br>Au fil des impros dans l\u2019espace struc\u00adtu\u00adr\u00e9 d\u2019une sc\u00e8ne tra\u00adc\u00e9e au sol et la nais\u00adsance de deux points de vue&nbsp;:<br><br>- le contact, fait de ren\u00adcontres for\u00adtuites, affecte pro\u00adfon\u00add\u00e9\u00adment notre pay\u00adsage int\u00e9\u00adrieur. On n\u2019est plus la m\u00eame per\u00adsonne, m\u00eame sans le sou\u00adve\u00adnir de la ren\u00adcontre. Etre retour\u00adn\u00e9 comme une chaus\u00adsette par le contact.<br><br>- l\u2019autre prend toute la place en soi, \u00eatre enva\u00adhi au bon sens du terme, bou\u00adle\u00adver\u00adse\u00adment, pas\u00adsage de l\u2019\u00eatre uni\u00adcel\u00adlu\u00adlaire \u00e0&nbsp;la ren\u00adcontre avec l\u2019autre.<br><br>- fila\u00adment d\u2019ADN, deux ou trois g\u00e8nes, tout a&nbsp;\u00e9t\u00e9 vid\u00e9. Qu\u2019est-ce \u00eatre debout et mar\u00adcher&nbsp;?<br><br>- limites et peurs&nbsp;: oser fran\u00adchir les bar\u00adri\u00e8res. Le rythme pour sau\u00adver quelque chose, le temps cro\u00adqu\u00e9, sid\u00e9\u00adra\u00adtion du temps, espace blanc et vide.<br><br>- le vide de temps, sa beau\u00adt\u00e9. Le vide annon\u00adcia\u00adteur de crise devient \u00e9pais avant l\u2019orage et la pluie nour\u00adri\u00adci\u00e8re, au moment creux de l\u2019aube, ou quelques minutes avant la nais\u00adsance d\u2019un enfant.<br><br>- dans ces moments uniques, si le geste est en trop&nbsp;: nau\u00ads\u00e9e&nbsp;; si le geste manque&nbsp;: vide au ventre.<br><br>- per\u00adce\u00advoir de la place du spec\u00adta\u00adteur le chan\u00adge\u00adment d\u2019espace sc\u00e9\u00adnique \u00e0&nbsp;la cha\u00adleur qui s\u2019en d\u00e9gage, le sol comme s\u2019il vibrait. La qua\u00adli\u00adt\u00e9 non visuelle est d\u00e9ploy\u00e9e, comme une pr\u00e9\u00adsence plus tac\u00adtile&nbsp;: tou\u00adcher \u00e0&nbsp;dis\u00adtance, tr\u00e8s dou\u00adce\u00adment.<br><br>- Le vide est plein de tous ses pos\u00adsibles&nbsp;!<br><br>A dimanche pro\u00adchain, pour la mise en forum du th\u00e8me de la (r)\u00e9volution dimanche 23 f\u00e9vrier 2011,<br><br>Andr\u00e9ine Bel,<br><br>d\u2019apr\u00e8s les retours de&nbsp;: Syl\u00advie A, Andr\u00e9ine B, Ber\u00adnard B, Johan\u00adna B, Eve\u00adlyne B\u2011L, Nel\u00adlie C, Nadine G, Jacques H, Amaya L\u2011M, Minh N\u2011G, Marit\u00adza S,&nbsp;Ya\u00ebl.<\/p><p style=\"color:green; text-align:right !important;\">Article cr\u00e9\u00e9 le 16\/02\/2020<\/p>","protected":false},"excerpt":{"rendered":"<p>Danse recherche\u2192 Comptes ren\u00addus des ate\u00adliers\u2192 Aix !!La (r)\u00e9volution, le 16\/1\/11 au Stu\u00addio For\u00adbin Nous \u00e9tions douze alors que le prin\u00adtemps venait poin\u00adter son nez \u00e0&nbsp;tra\u00advers nos coquilles trans\u00adlu\u00adcides (les \u0153ufs vont par dou\u00adzaine), impact d\u00e9clen\u00adcheur de grandes man\u0153uvres int\u00e9\u00adrieures. Nous avons com\u00admen\u00adc\u00e9 par les vues et visions pour cet ate\u00adlier de danse recherche sur le long&nbsp;terme&nbsp;: \u2013 gar\u00adder le m\u00eame th\u00e8me r\u00e9flexif (le \u00ab&nbsp;th\u00e8me cha\u00adpeau&nbsp;\u00bb) sur plu\u00adsieurs ate\u00adliers, et m\u00eame sur les ate\u00adliers d\u2019Aix et For\u00adcal\u00adquier par exemple. Ce&nbsp;[\u2026]<\/p>\n","protected":false},"author":2,"featured_media":0,"comment_status":"open","ping_status":"open","sticky":false,"template":"","format":"standard","meta":{"wp_typography_post_enhancements_disabled":false,"footnotes":""},"categories":[223],"tags":[224],"class_list":["post-266","post","type-post","status-publish","format-standard","hentry","category-comptes-rendus_ateliers_aix","tag-dr_comptesrendusateliersaix"],"yoast_head":"<!-- This site is optimized with the Yoast SEO plugin v27.5 - https:\/\/yoast.com\/product\/yoast-seo-wordpress\/ -->\n<title>La R\u00e9volution - Le TILT<\/title>\n<meta name=\"robots\" content=\"index, follow, max-snippet:-1, max-image-preview:large, max-video-preview:-1\" \/>\n<link rel=\"canonical\" href=\"https:\/\/www.leti.lt\/wordpress\/danserecherche-larevolution\/\" \/>\n<meta property=\"og:locale\" content=\"fr_FR\" \/>\n<meta property=\"og:type\" content=\"article\" \/>\n<meta property=\"og:title\" content=\"La R\u00e9volution - Le TILT\" \/>\n<meta property=\"og:description\" content=\"Danse recherche\u2192 Comptes ren\u00addus des ate\u00adliers\u2192 Aix !!La (r)\u00e9volution, le 16\/1\/11 au Stu\u00addio Forbin Nous \u00e9tions douze alors que le prin\u00adtemps venait poin\u00adter son nez \u00e0&nbsp;tra\u00advers nos coquilles trans\u00adlu\u00adcides (les \u0153ufs vont par dou\u00adzaine), impact d\u00e9clen\u00adcheur de grandes man\u0153uvres int\u00e9rieures. Nous avons com\u00admen\u00adc\u00e9 par les vues et visions pour cet ate\u00adlier de danse recherche sur le long&nbsp;terme&nbsp;: - gar\u00adder le m\u00eame th\u00e8me r\u00e9flexif (le \u00ab&nbsp;th\u00e8me cha\u00adpeau&nbsp;\u00bb) sur plu\u00adsieurs ate\u00adliers, et m\u00eame sur les ate\u00adliers d\u2019Aix et For\u00adcal\u00adquier par exemple. Ce [&hellip;]\" \/>\n<meta property=\"og:url\" content=\"https:\/\/www.leti.lt\/wordpress\/danserecherche-larevolution\/\" \/>\n<meta property=\"og:site_name\" content=\"Le TILT\" \/>\n<meta property=\"article:published_time\" content=\"2020-02-16T14:30:33+00:00\" \/>\n<meta name=\"author\" content=\"Andr\u00e9ine Bel\" \/>\n<meta name=\"twitter:card\" content=\"summary_large_image\" \/>\n<meta name=\"twitter:label1\" content=\"\u00c9crit par\" \/>\n\t<meta name=\"twitter:data1\" content=\"Andr\u00e9ine Bel\" \/>\n\t<meta name=\"twitter:label2\" content=\"Dur\u00e9e de lecture estim\u00e9e\" \/>\n\t<meta name=\"twitter:data2\" content=\"5 minutes\" \/>\n<script type=\"application\/ld+json\" class=\"yoast-schema-graph\">{\"@context\":\"https:\\\/\\\/schema.org\",\"@graph\":[{\"@type\":\"Article\",\"@id\":\"https:\\\/\\\/www.leti.lt\\\/wordpress\\\/danserecherche-larevolution\\\/#article\",\"isPartOf\":{\"@id\":\"https:\\\/\\\/www.leti.lt\\\/wordpress\\\/danserecherche-larevolution\\\/\"},\"author\":{\"name\":\"Andr\u00e9ine Bel\",\"@id\":\"https:\\\/\\\/www.leti.lt\\\/wordpress\\\/#\\\/schema\\\/person\\\/9bb307b2af8fbb575bb3603e57951f75\"},\"headline\":\"La R\u00e9volution\",\"datePublished\":\"2020-02-16T14:30:33+00:00\",\"mainEntityOfPage\":{\"@id\":\"https:\\\/\\\/www.leti.lt\\\/wordpress\\\/danserecherche-larevolution\\\/\"},\"wordCount\":915,\"commentCount\":0,\"keywords\":[\"DR_ComptesRendusAteliersAix\"],\"articleSection\":[\"Ateliers Aix DR\"],\"inLanguage\":\"fr-FR\",\"potentialAction\":[{\"@type\":\"CommentAction\",\"name\":\"Comment\",\"target\":[\"https:\\\/\\\/www.leti.lt\\\/wordpress\\\/danserecherche-larevolution\\\/#respond\"]}]},{\"@type\":\"WebPage\",\"@id\":\"https:\\\/\\\/www.leti.lt\\\/wordpress\\\/danserecherche-larevolution\\\/\",\"url\":\"https:\\\/\\\/www.leti.lt\\\/wordpress\\\/danserecherche-larevolution\\\/\",\"name\":\"La R\u00e9volution - Le TILT\",\"isPartOf\":{\"@id\":\"https:\\\/\\\/www.leti.lt\\\/wordpress\\\/#website\"},\"datePublished\":\"2020-02-16T14:30:33+00:00\",\"author\":{\"@id\":\"https:\\\/\\\/www.leti.lt\\\/wordpress\\\/#\\\/schema\\\/person\\\/9bb307b2af8fbb575bb3603e57951f75\"},\"breadcrumb\":{\"@id\":\"https:\\\/\\\/www.leti.lt\\\/wordpress\\\/danserecherche-larevolution\\\/#breadcrumb\"},\"inLanguage\":\"fr-FR\",\"potentialAction\":[{\"@type\":\"ReadAction\",\"target\":[\"https:\\\/\\\/www.leti.lt\\\/wordpress\\\/danserecherche-larevolution\\\/\"]}]},{\"@type\":\"BreadcrumbList\",\"@id\":\"https:\\\/\\\/www.leti.lt\\\/wordpress\\\/danserecherche-larevolution\\\/#breadcrumb\",\"itemListElement\":[{\"@type\":\"ListItem\",\"position\":1,\"name\":\"Accueil\",\"item\":\"https:\\\/\\\/www.leti.lt\\\/wordpress\\\/\"},{\"@type\":\"ListItem\",\"position\":2,\"name\":\"La R\u00e9volution\"}]},{\"@type\":\"WebSite\",\"@id\":\"https:\\\/\\\/www.leti.lt\\\/wordpress\\\/#website\",\"url\":\"https:\\\/\\\/www.leti.lt\\\/wordpress\\\/\",\"name\":\"Le TILT\",\"description\":\"Recherche, publication, cr\u00e9ation artistique\",\"potentialAction\":[{\"@type\":\"SearchAction\",\"target\":{\"@type\":\"EntryPoint\",\"urlTemplate\":\"https:\\\/\\\/www.leti.lt\\\/wordpress\\\/?s={search_term_string}\"},\"query-input\":{\"@type\":\"PropertyValueSpecification\",\"valueRequired\":true,\"valueName\":\"search_term_string\"}}],\"inLanguage\":\"fr-FR\"},{\"@type\":\"Person\",\"@id\":\"https:\\\/\\\/www.leti.lt\\\/wordpress\\\/#\\\/schema\\\/person\\\/9bb307b2af8fbb575bb3603e57951f75\",\"name\":\"Andr\u00e9ine Bel\",\"image\":{\"@type\":\"ImageObject\",\"inLanguage\":\"fr-FR\",\"@id\":\"https:\\\/\\\/secure.gravatar.com\\\/avatar\\\/4ab041ec7c7ad3b90293023e86528ec1a700ce2971ff61811b2df6b288dd1f38?s=96&d=identicon&r=g\",\"url\":\"https:\\\/\\\/secure.gravatar.com\\\/avatar\\\/4ab041ec7c7ad3b90293023e86528ec1a700ce2971ff61811b2df6b288dd1f38?s=96&d=identicon&r=g\",\"contentUrl\":\"https:\\\/\\\/secure.gravatar.com\\\/avatar\\\/4ab041ec7c7ad3b90293023e86528ec1a700ce2971ff61811b2df6b288dd1f38?s=96&d=identicon&r=g\",\"caption\":\"Andr\u00e9ine Bel\"},\"url\":\"https:\\\/\\\/www.leti.lt\\\/wordpress\\\/author\\\/andreine\\\/\"}]}<\/script>\n<!-- \/ Yoast SEO plugin. -->","yoast_head_json":{"title":"La R\u00e9volution - Le TILT","robots":{"index":"index","follow":"follow","max-snippet":"max-snippet:-1","max-image-preview":"max-image-preview:large","max-video-preview":"max-video-preview:-1"},"canonical":"https:\/\/www.leti.lt\/wordpress\/danserecherche-larevolution\/","og_locale":"fr_FR","og_type":"article","og_title":"La R\u00e9volution - Le TILT","og_description":"Danse recherche\u2192 Comptes ren\u00addus des ate\u00adliers\u2192 Aix !!La (r)\u00e9volution, le 16\/1\/11 au Stu\u00addio Forbin Nous \u00e9tions douze alors que le prin\u00adtemps venait poin\u00adter son nez \u00e0&nbsp;tra\u00advers nos coquilles trans\u00adlu\u00adcides (les \u0153ufs vont par dou\u00adzaine), impact d\u00e9clen\u00adcheur de grandes man\u0153uvres int\u00e9rieures. Nous avons com\u00admen\u00adc\u00e9 par les vues et visions pour cet ate\u00adlier de danse recherche sur le long&nbsp;terme&nbsp;: - gar\u00adder le m\u00eame th\u00e8me r\u00e9flexif (le \u00ab&nbsp;th\u00e8me cha\u00adpeau&nbsp;\u00bb) sur plu\u00adsieurs ate\u00adliers, et m\u00eame sur les ate\u00adliers d\u2019Aix et For\u00adcal\u00adquier par exemple. Ce [&hellip;]","og_url":"https:\/\/www.leti.lt\/wordpress\/danserecherche-larevolution\/","og_site_name":"Le TILT","article_published_time":"2020-02-16T14:30:33+00:00","author":"Andr\u00e9ine Bel","twitter_card":"summary_large_image","twitter_misc":{"\u00c9crit par":"Andr\u00e9ine Bel","Dur\u00e9e de lecture estim\u00e9e":"5 minutes"},"schema":{"@context":"https:\/\/schema.org","@graph":[{"@type":"Article","@id":"https:\/\/www.leti.lt\/wordpress\/danserecherche-larevolution\/#article","isPartOf":{"@id":"https:\/\/www.leti.lt\/wordpress\/danserecherche-larevolution\/"},"author":{"name":"Andr\u00e9ine Bel","@id":"https:\/\/www.leti.lt\/wordpress\/#\/schema\/person\/9bb307b2af8fbb575bb3603e57951f75"},"headline":"La R\u00e9volution","datePublished":"2020-02-16T14:30:33+00:00","mainEntityOfPage":{"@id":"https:\/\/www.leti.lt\/wordpress\/danserecherche-larevolution\/"},"wordCount":915,"commentCount":0,"keywords":["DR_ComptesRendusAteliersAix"],"articleSection":["Ateliers Aix DR"],"inLanguage":"fr-FR","potentialAction":[{"@type":"CommentAction","name":"Comment","target":["https:\/\/www.leti.lt\/wordpress\/danserecherche-larevolution\/#respond"]}]},{"@type":"WebPage","@id":"https:\/\/www.leti.lt\/wordpress\/danserecherche-larevolution\/","url":"https:\/\/www.leti.lt\/wordpress\/danserecherche-larevolution\/","name":"La R\u00e9volution - Le TILT","isPartOf":{"@id":"https:\/\/www.leti.lt\/wordpress\/#website"},"datePublished":"2020-02-16T14:30:33+00:00","author":{"@id":"https:\/\/www.leti.lt\/wordpress\/#\/schema\/person\/9bb307b2af8fbb575bb3603e57951f75"},"breadcrumb":{"@id":"https:\/\/www.leti.lt\/wordpress\/danserecherche-larevolution\/#breadcrumb"},"inLanguage":"fr-FR","potentialAction":[{"@type":"ReadAction","target":["https:\/\/www.leti.lt\/wordpress\/danserecherche-larevolution\/"]}]},{"@type":"BreadcrumbList","@id":"https:\/\/www.leti.lt\/wordpress\/danserecherche-larevolution\/#breadcrumb","itemListElement":[{"@type":"ListItem","position":1,"name":"Accueil","item":"https:\/\/www.leti.lt\/wordpress\/"},{"@type":"ListItem","position":2,"name":"La R\u00e9volution"}]},{"@type":"WebSite","@id":"https:\/\/www.leti.lt\/wordpress\/#website","url":"https:\/\/www.leti.lt\/wordpress\/","name":"Le TILT","description":"Recherche, publication, cr\u00e9ation artistique","potentialAction":[{"@type":"SearchAction","target":{"@type":"EntryPoint","urlTemplate":"https:\/\/www.leti.lt\/wordpress\/?s={search_term_string}"},"query-input":{"@type":"PropertyValueSpecification","valueRequired":true,"valueName":"search_term_string"}}],"inLanguage":"fr-FR"},{"@type":"Person","@id":"https:\/\/www.leti.lt\/wordpress\/#\/schema\/person\/9bb307b2af8fbb575bb3603e57951f75","name":"Andr\u00e9ine Bel","image":{"@type":"ImageObject","inLanguage":"fr-FR","@id":"https:\/\/secure.gravatar.com\/avatar\/4ab041ec7c7ad3b90293023e86528ec1a700ce2971ff61811b2df6b288dd1f38?s=96&d=identicon&r=g","url":"https:\/\/secure.gravatar.com\/avatar\/4ab041ec7c7ad3b90293023e86528ec1a700ce2971ff61811b2df6b288dd1f38?s=96&d=identicon&r=g","contentUrl":"https:\/\/secure.gravatar.com\/avatar\/4ab041ec7c7ad3b90293023e86528ec1a700ce2971ff61811b2df6b288dd1f38?s=96&d=identicon&r=g","caption":"Andr\u00e9ine Bel"},"url":"https:\/\/www.leti.lt\/wordpress\/author\/andreine\/"}]}},"_links":{"self":[{"href":"https:\/\/www.leti.lt\/wordpress\/wp-json\/wp\/v2\/posts\/266","targetHints":{"allow":["GET"]}}],"collection":[{"href":"https:\/\/www.leti.lt\/wordpress\/wp-json\/wp\/v2\/posts"}],"about":[{"href":"https:\/\/www.leti.lt\/wordpress\/wp-json\/wp\/v2\/types\/post"}],"author":[{"embeddable":true,"href":"https:\/\/www.leti.lt\/wordpress\/wp-json\/wp\/v2\/users\/2"}],"replies":[{"embeddable":true,"href":"https:\/\/www.leti.lt\/wordpress\/wp-json\/wp\/v2\/comments?post=266"}],"version-history":[{"count":0,"href":"https:\/\/www.leti.lt\/wordpress\/wp-json\/wp\/v2\/posts\/266\/revisions"}],"wp:attachment":[{"href":"https:\/\/www.leti.lt\/wordpress\/wp-json\/wp\/v2\/media?parent=266"}],"wp:term":[{"taxonomy":"category","embeddable":true,"href":"https:\/\/www.leti.lt\/wordpress\/wp-json\/wp\/v2\/categories?post=266"},{"taxonomy":"post_tag","embeddable":true,"href":"https:\/\/www.leti.lt\/wordpress\/wp-json\/wp\/v2\/tags?post=266"}],"curies":[{"name":"wp","href":"https:\/\/api.w.org\/{rel}","templated":true}]}}