{"id":265,"date":"2020-02-16T15:30:33","date_gmt":"2020-02-16T14:30:33","guid":{"rendered":"https:\/\/www.leti.lt\/wordpress\/?p=265"},"modified":"-0001-11-30T00:00:00","modified_gmt":"-0001-11-29T22:00:00","slug":"danserecherche-lamusiqueducorps","status":"publish","type":"post","link":"https:\/\/www.leti.lt\/wordpress\/danserecherche-lamusiqueducorps\/","title":{"rendered":"La musique du&nbsp;corps"},"content":{"rendered":"<p><a href=\"https:\/\/www.leti.lt\/wordpress\/danserecherche-danserecherche\/\">Danse recherche<\/a><br>\u2192 <a href=\"https:\/\/www.leti.lt\/wordpress\/danserecherche-comptesrendusateliers\/\">Comptes ren\u00addus des ate\u00adliers<\/a><br>\u2192 <a href=\"https:\/\/www.leti.lt\/wordpress\/danserecherche-aix\/\">Aix<\/a><br><br>!!La musique du corps \u2013 24\/4\/11<br><br>Nous sommes reve\u00adnus \u00e0&nbsp;la musique<br><br>for\u00adc\u00e9\u00adment<br><br>comme \u00e0&nbsp;une source<br><br>\u00c0 quatre, nous avons d\u2019abord cla\u00adri\u00adfi\u00e9 un peu la dis\u00adtinc\u00adtion entre mou\u00adve\u00adment r\u00e9g\u00e9\u00adn\u00e9\u00adra\u00adteur invo\u00adlon\u00adtaire et \u00e9veil des muscles spon\u00adta\u00adn\u00e9.<br><br>Dans le mou\u00adve\u00adment r\u00e9g\u00e9\u00adn\u00e9\u00adra\u00adteur, comme le b\u00e2ille\u00adment, l\u2019\u00e9ternuement, les balan\u00adce\u00adments invo\u00adlon\u00adtaires etc., il n\u2019y a&nbsp;pas de sen\u00adsa\u00adtion par\u00adti\u00adcu\u00adli\u00e8re dans les muscles, plus dans l\u2019ensemble du corps. L\u2019attention ne se foca\u00adlise pas dura\u00adble\u00adment. Une fois le b\u00e2ille\u00adment accom\u00adpli, il a&nbsp;rem\u00adpli son office, et l\u2019on reprend le cours de la vie avec les mille choses qui nous occupent.<br><br>L\u2019\u00e9veil des muscles nous donne l\u2019occasion de per\u00adce\u00advoir et res\u00adter en pr\u00e9\u00adsence des sen\u00adsa\u00adtions, d\u2019explorer le plai\u00adsir du corps, de tous ces muscles qui res\u00adtent plus ou moins muets au quo\u00adti\u00addien. Nous sommes tom\u00adb\u00e9s d\u2019accord pour dire que c\u2019\u00e9tait rapide, effi\u00adcace et jouis\u00adsif. Et une fois un muscle \u00e9veill\u00e9, il le reste toute la jour\u00adn\u00e9e et par\u00adfois les sui\u00advantes, sen\u00adsible \u00e0&nbsp;son mou\u00adve\u00adment et \u00e0&nbsp;\u00eatre sol\u00adli\u00adci\u00adt\u00e9.<br><br>L\u2019\u00e9veil des muscles, c\u2019est accep\u00adter les ten\u00adsions comme anti\u00addote aux al\u00e9as de la vie, avec un res\u00adsen\u00adti de paix et de bien-\u00eatre.<br><br>Les ten\u00adsions deviennent source de mou\u00adve\u00adment, avec plu\u00adsieurs fils direc\u00adteurs pos\u00adsibles&nbsp;: la mobi\u00adli\u00adt\u00e9 revient, les tripes se remettent \u00e0&nbsp;par\u00adler, les \u00e9cou\u00adter.<br><br>Bon\u00adheur du sol = les extr\u00e9\u00admi\u00adt\u00e9s libres comme des antennes et un point fixe au sol.<br><br>Se cou\u00adper de l\u2019\u00e9veil des muscles, c\u2019est facile&nbsp;: il suf\u00adfit de vou\u00adloir aller plus vite que le corps, sau\u00adter les \u00e9tapes sans mesu\u00adrer le saut\u2026<br><br>1<sup class=\"ordinal\">\u00e8re<\/sup> impro&nbsp;:<br><br>La musique comme th\u00e8me et sous th\u00e8me, nous ne vou\u00adlions pas en d\u00e9col\u00adler&nbsp;:<br><br>- \u00e9cou\u00adter la musique au lieu de dan\u00adser sur la musique, \u00e9cou\u00adter la musique du corps, dan\u00adser sur la musique du corps, chas\u00ads\u00e9-croi\u00ads\u00e9 avec la musique enre\u00adgis\u00adtr\u00e9e<br><br>- recher\u00adcher l\u2019\u00e9quilibre non comme un id\u00e9al, mais dans la demande des muscles<br><br>- sen\u00adtir une musique dans le corps comme on per\u00ad\u00e7oit l\u2019esth\u00e9tique dans le mou\u00adve\u00adment<br><br>- l\u2019approche uti\u00adli\u00adtaire du mou\u00adve\u00adment fait place au geste gra\u00adtuit<br><br>- la musique parle cor\u00adpo\u00adrel\u00adle\u00adment<br><br>- quelque chose tourne avec le corps, par\u00adti\u00adci\u00adpa\u00adtion de l\u2019espace au mou\u00adve\u00adment<br><br>- la musique \u00e9cho&nbsp;: les mou\u00adve\u00adments naissent et la musique leur r\u00e9pond<br><br>- la richesse des mou\u00adve\u00adments&nbsp;: vol, marche, accueil, immo\u00adbi\u00adli\u00adt\u00e9, len\u00adteur, vitesse, comme si c\u2019\u00e9tait la vie<br><br>- l\u2019image \u00e9cl\u00f4t du geste, se don\u00adner cette auto\u00adri\u00adsa\u00adtion, \u00e0&nbsp;volon\u00adt\u00e9<br><br>- c\u2019est la dyna\u00admique qui fait la coh\u00e9\u00adrence&nbsp;: une coh\u00e9\u00adrence au sein dune struc\u00adture fra\u00adgile<br><br>2eme impro<br><br>- Qu\u2019est-ce la musique&nbsp;? Pas une suite de sons, mais une struc\u00adture tem\u00adpo\u00adrelle qui pro\u00adduit, acci\u00adden\u00adtel\u00adle\u00adment ou non, un effet esth\u00e9\u00adtique de l\u2019ordre de l\u2019appr\u00e9ciation ou du rejet.<br><br>Nous avons \u00e9nu\u00adm\u00e9\u00adrer tout ce qui bouge en musique&nbsp;:<br><br>la langue<br><br>le corps<br><br>les suites d\u2019images<br><br>c\u2019est un \u00e9tat \u00e9vo\u00adca\u00adteur qui per\u00admet une per\u00adm\u00e9a\u00adbi\u00adli\u00adt\u00e9 au monde<br><br>danse faite de mou\u00adve\u00adments inutiles mais n\u00e9ces\u00adsaires comme quelque chose qui doit se dire, se faire<br><br>c\u2019est le silence d\u2019une po\u00e9\u00adsie<br><br>un \u00e9tat de cr\u00e9a\u00adtion<br><br>une cr\u00e9a\u00adtion \u00e9ph\u00e9\u00adm\u00e8re des \u00e9l\u00e9\u00adments en soi<br><br>il n\u2019y a&nbsp;que les morts qui ne dansent pas<br><br>pas de danse sans corps<br><br>der\u00adri\u00e8re la peau<br><br>les organes sont vides le corps est plein\u2026<br><br>Andr\u00e9ine Bel<br><br>d\u2019apr\u00e8s les retours de&nbsp;: Ber\u00adnard B, Marit\u00adza S, Minh N\u2011G.<\/p><p style=\"color:green; text-align:right !important;\">Article cr\u00e9\u00e9 le 16\/02\/2020<\/p>","protected":false},"excerpt":{"rendered":"<p>Danse recherche\u2192 Comptes ren\u00addus des ate\u00adliers\u2192 Aix !!La musique du corps \u2013 24\/4\/11 Nous sommes reve\u00adnus \u00e0&nbsp;la musique for\u00adc\u00e9\u00adment comme \u00e0&nbsp;une source \u00c0&nbsp;quatre, nous avons d\u2019abord cla\u00adri\u00adfi\u00e9 un peu la dis\u00adtinc\u00adtion entre mou\u00adve\u00adment r\u00e9g\u00e9\u00adn\u00e9\u00adra\u00adteur invo\u00adlon\u00adtaire et \u00e9veil des muscles spon\u00adta\u00adn\u00e9. Dans le mou\u00adve\u00adment r\u00e9g\u00e9\u00adn\u00e9\u00adra\u00adteur, comme le b\u00e2ille\u00adment, l\u2019\u00e9ternuement, les balan\u00adce\u00adments invo\u00adlon\u00adtaires etc., il n\u2019y a&nbsp;pas de sen\u00adsa\u00adtion par\u00adti\u00adcu\u00adli\u00e8re dans les muscles, plus dans l\u2019ensemble du corps. L\u2019attention ne se foca\u00adlise pas dura\u00adble\u00adment. Une fois le b\u00e2ille\u00adment accom\u00adpli, il a&nbsp;rempli&nbsp;[\u2026]<\/p>\n","protected":false},"author":2,"featured_media":0,"comment_status":"open","ping_status":"open","sticky":false,"template":"","format":"standard","meta":{"wp_typography_post_enhancements_disabled":false,"footnotes":""},"categories":[223],"tags":[224],"class_list":["post-265","post","type-post","status-publish","format-standard","hentry","category-comptes-rendus_ateliers_aix","tag-dr_comptesrendusateliersaix"],"yoast_head":"<!-- This site is optimized with the Yoast SEO plugin v27.5 - https:\/\/yoast.com\/product\/yoast-seo-wordpress\/ -->\n<title>La musique du corps - Le TILT<\/title>\n<meta name=\"robots\" content=\"index, follow, max-snippet:-1, max-image-preview:large, max-video-preview:-1\" \/>\n<link rel=\"canonical\" href=\"https:\/\/www.leti.lt\/wordpress\/danserecherche-lamusiqueducorps\/\" \/>\n<meta property=\"og:locale\" content=\"fr_FR\" \/>\n<meta property=\"og:type\" content=\"article\" \/>\n<meta property=\"og:title\" content=\"La musique du corps - Le TILT\" \/>\n<meta property=\"og:description\" content=\"Danse recherche\u2192 Comptes ren\u00addus des ate\u00adliers\u2192 Aix !!La musique du corps \u2013 24\/4\/11 Nous sommes reve\u00adnus \u00e0&nbsp;la musique for\u00adc\u00e9\u00adment comme \u00e0&nbsp;une source \u00c0 quatre, nous avons d\u2019abord cla\u00adri\u00adfi\u00e9 un peu la dis\u00adtinc\u00adtion entre mou\u00adve\u00adment r\u00e9g\u00e9\u00adn\u00e9\u00adra\u00adteur invo\u00adlon\u00adtaire et \u00e9veil des muscles spontan\u00e9. Dans le mou\u00adve\u00adment r\u00e9g\u00e9\u00adn\u00e9\u00adra\u00adteur, comme le b\u00e2ille\u00adment, l\u2019\u00e9ternuement, les balan\u00adce\u00adments invo\u00adlon\u00adtaires etc., il n\u2019y a&nbsp;pas de sen\u00adsa\u00adtion par\u00adti\u00adcu\u00adli\u00e8re dans les muscles, plus dans l\u2019ensemble du corps. L\u2019attention ne se foca\u00adlise pas dura\u00adble\u00adment. Une fois le b\u00e2ille\u00adment accom\u00adpli, il a&nbsp;rem\u00adpli [&hellip;]\" \/>\n<meta property=\"og:url\" content=\"https:\/\/www.leti.lt\/wordpress\/danserecherche-lamusiqueducorps\/\" \/>\n<meta property=\"og:site_name\" content=\"Le TILT\" \/>\n<meta property=\"article:published_time\" content=\"2020-02-16T14:30:33+00:00\" \/>\n<meta name=\"author\" content=\"Andr\u00e9ine Bel\" \/>\n<meta name=\"twitter:card\" content=\"summary_large_image\" \/>\n<meta name=\"twitter:label1\" content=\"\u00c9crit par\" \/>\n\t<meta name=\"twitter:data1\" content=\"Andr\u00e9ine Bel\" \/>\n\t<meta name=\"twitter:label2\" content=\"Dur\u00e9e de lecture estim\u00e9e\" \/>\n\t<meta name=\"twitter:data2\" content=\"3 minutes\" \/>\n<script type=\"application\/ld+json\" class=\"yoast-schema-graph\">{\"@context\":\"https:\\\/\\\/schema.org\",\"@graph\":[{\"@type\":\"Article\",\"@id\":\"https:\\\/\\\/www.leti.lt\\\/wordpress\\\/danserecherche-lamusiqueducorps\\\/#article\",\"isPartOf\":{\"@id\":\"https:\\\/\\\/www.leti.lt\\\/wordpress\\\/danserecherche-lamusiqueducorps\\\/\"},\"author\":{\"name\":\"Andr\u00e9ine Bel\",\"@id\":\"https:\\\/\\\/www.leti.lt\\\/wordpress\\\/#\\\/schema\\\/person\\\/9bb307b2af8fbb575bb3603e57951f75\"},\"headline\":\"La musique du&nbsp;corps\",\"datePublished\":\"2020-02-16T14:30:33+00:00\",\"mainEntityOfPage\":{\"@id\":\"https:\\\/\\\/www.leti.lt\\\/wordpress\\\/danserecherche-lamusiqueducorps\\\/\"},\"wordCount\":598,\"commentCount\":0,\"keywords\":[\"DR_ComptesRendusAteliersAix\"],\"articleSection\":[\"Ateliers Aix DR\"],\"inLanguage\":\"fr-FR\",\"potentialAction\":[{\"@type\":\"CommentAction\",\"name\":\"Comment\",\"target\":[\"https:\\\/\\\/www.leti.lt\\\/wordpress\\\/danserecherche-lamusiqueducorps\\\/#respond\"]}]},{\"@type\":\"WebPage\",\"@id\":\"https:\\\/\\\/www.leti.lt\\\/wordpress\\\/danserecherche-lamusiqueducorps\\\/\",\"url\":\"https:\\\/\\\/www.leti.lt\\\/wordpress\\\/danserecherche-lamusiqueducorps\\\/\",\"name\":\"La musique du corps - Le TILT\",\"isPartOf\":{\"@id\":\"https:\\\/\\\/www.leti.lt\\\/wordpress\\\/#website\"},\"datePublished\":\"2020-02-16T14:30:33+00:00\",\"author\":{\"@id\":\"https:\\\/\\\/www.leti.lt\\\/wordpress\\\/#\\\/schema\\\/person\\\/9bb307b2af8fbb575bb3603e57951f75\"},\"breadcrumb\":{\"@id\":\"https:\\\/\\\/www.leti.lt\\\/wordpress\\\/danserecherche-lamusiqueducorps\\\/#breadcrumb\"},\"inLanguage\":\"fr-FR\",\"potentialAction\":[{\"@type\":\"ReadAction\",\"target\":[\"https:\\\/\\\/www.leti.lt\\\/wordpress\\\/danserecherche-lamusiqueducorps\\\/\"]}]},{\"@type\":\"BreadcrumbList\",\"@id\":\"https:\\\/\\\/www.leti.lt\\\/wordpress\\\/danserecherche-lamusiqueducorps\\\/#breadcrumb\",\"itemListElement\":[{\"@type\":\"ListItem\",\"position\":1,\"name\":\"Accueil\",\"item\":\"https:\\\/\\\/www.leti.lt\\\/wordpress\\\/\"},{\"@type\":\"ListItem\",\"position\":2,\"name\":\"La musique du&nbsp;corps\"}]},{\"@type\":\"WebSite\",\"@id\":\"https:\\\/\\\/www.leti.lt\\\/wordpress\\\/#website\",\"url\":\"https:\\\/\\\/www.leti.lt\\\/wordpress\\\/\",\"name\":\"Le TILT\",\"description\":\"Recherche, publication, cr\u00e9ation artistique\",\"potentialAction\":[{\"@type\":\"SearchAction\",\"target\":{\"@type\":\"EntryPoint\",\"urlTemplate\":\"https:\\\/\\\/www.leti.lt\\\/wordpress\\\/?s={search_term_string}\"},\"query-input\":{\"@type\":\"PropertyValueSpecification\",\"valueRequired\":true,\"valueName\":\"search_term_string\"}}],\"inLanguage\":\"fr-FR\"},{\"@type\":\"Person\",\"@id\":\"https:\\\/\\\/www.leti.lt\\\/wordpress\\\/#\\\/schema\\\/person\\\/9bb307b2af8fbb575bb3603e57951f75\",\"name\":\"Andr\u00e9ine Bel\",\"image\":{\"@type\":\"ImageObject\",\"inLanguage\":\"fr-FR\",\"@id\":\"https:\\\/\\\/secure.gravatar.com\\\/avatar\\\/4ab041ec7c7ad3b90293023e86528ec1a700ce2971ff61811b2df6b288dd1f38?s=96&d=identicon&r=g\",\"url\":\"https:\\\/\\\/secure.gravatar.com\\\/avatar\\\/4ab041ec7c7ad3b90293023e86528ec1a700ce2971ff61811b2df6b288dd1f38?s=96&d=identicon&r=g\",\"contentUrl\":\"https:\\\/\\\/secure.gravatar.com\\\/avatar\\\/4ab041ec7c7ad3b90293023e86528ec1a700ce2971ff61811b2df6b288dd1f38?s=96&d=identicon&r=g\",\"caption\":\"Andr\u00e9ine Bel\"},\"url\":\"https:\\\/\\\/www.leti.lt\\\/wordpress\\\/author\\\/andreine\\\/\"}]}<\/script>\n<!-- \/ Yoast SEO plugin. -->","yoast_head_json":{"title":"La musique du corps - Le TILT","robots":{"index":"index","follow":"follow","max-snippet":"max-snippet:-1","max-image-preview":"max-image-preview:large","max-video-preview":"max-video-preview:-1"},"canonical":"https:\/\/www.leti.lt\/wordpress\/danserecherche-lamusiqueducorps\/","og_locale":"fr_FR","og_type":"article","og_title":"La musique du corps - Le TILT","og_description":"Danse recherche\u2192 Comptes ren\u00addus des ate\u00adliers\u2192 Aix !!La musique du corps \u2013 24\/4\/11 Nous sommes reve\u00adnus \u00e0&nbsp;la musique for\u00adc\u00e9\u00adment comme \u00e0&nbsp;une source \u00c0 quatre, nous avons d\u2019abord cla\u00adri\u00adfi\u00e9 un peu la dis\u00adtinc\u00adtion entre mou\u00adve\u00adment r\u00e9g\u00e9\u00adn\u00e9\u00adra\u00adteur invo\u00adlon\u00adtaire et \u00e9veil des muscles spontan\u00e9. Dans le mou\u00adve\u00adment r\u00e9g\u00e9\u00adn\u00e9\u00adra\u00adteur, comme le b\u00e2ille\u00adment, l\u2019\u00e9ternuement, les balan\u00adce\u00adments invo\u00adlon\u00adtaires etc., il n\u2019y a&nbsp;pas de sen\u00adsa\u00adtion par\u00adti\u00adcu\u00adli\u00e8re dans les muscles, plus dans l\u2019ensemble du corps. L\u2019attention ne se foca\u00adlise pas dura\u00adble\u00adment. Une fois le b\u00e2ille\u00adment accom\u00adpli, il a&nbsp;rem\u00adpli [&hellip;]","og_url":"https:\/\/www.leti.lt\/wordpress\/danserecherche-lamusiqueducorps\/","og_site_name":"Le TILT","article_published_time":"2020-02-16T14:30:33+00:00","author":"Andr\u00e9ine Bel","twitter_card":"summary_large_image","twitter_misc":{"\u00c9crit par":"Andr\u00e9ine Bel","Dur\u00e9e de lecture estim\u00e9e":"3 minutes"},"schema":{"@context":"https:\/\/schema.org","@graph":[{"@type":"Article","@id":"https:\/\/www.leti.lt\/wordpress\/danserecherche-lamusiqueducorps\/#article","isPartOf":{"@id":"https:\/\/www.leti.lt\/wordpress\/danserecherche-lamusiqueducorps\/"},"author":{"name":"Andr\u00e9ine Bel","@id":"https:\/\/www.leti.lt\/wordpress\/#\/schema\/person\/9bb307b2af8fbb575bb3603e57951f75"},"headline":"La musique du&nbsp;corps","datePublished":"2020-02-16T14:30:33+00:00","mainEntityOfPage":{"@id":"https:\/\/www.leti.lt\/wordpress\/danserecherche-lamusiqueducorps\/"},"wordCount":598,"commentCount":0,"keywords":["DR_ComptesRendusAteliersAix"],"articleSection":["Ateliers Aix DR"],"inLanguage":"fr-FR","potentialAction":[{"@type":"CommentAction","name":"Comment","target":["https:\/\/www.leti.lt\/wordpress\/danserecherche-lamusiqueducorps\/#respond"]}]},{"@type":"WebPage","@id":"https:\/\/www.leti.lt\/wordpress\/danserecherche-lamusiqueducorps\/","url":"https:\/\/www.leti.lt\/wordpress\/danserecherche-lamusiqueducorps\/","name":"La musique du corps - Le TILT","isPartOf":{"@id":"https:\/\/www.leti.lt\/wordpress\/#website"},"datePublished":"2020-02-16T14:30:33+00:00","author":{"@id":"https:\/\/www.leti.lt\/wordpress\/#\/schema\/person\/9bb307b2af8fbb575bb3603e57951f75"},"breadcrumb":{"@id":"https:\/\/www.leti.lt\/wordpress\/danserecherche-lamusiqueducorps\/#breadcrumb"},"inLanguage":"fr-FR","potentialAction":[{"@type":"ReadAction","target":["https:\/\/www.leti.lt\/wordpress\/danserecherche-lamusiqueducorps\/"]}]},{"@type":"BreadcrumbList","@id":"https:\/\/www.leti.lt\/wordpress\/danserecherche-lamusiqueducorps\/#breadcrumb","itemListElement":[{"@type":"ListItem","position":1,"name":"Accueil","item":"https:\/\/www.leti.lt\/wordpress\/"},{"@type":"ListItem","position":2,"name":"La musique du&nbsp;corps"}]},{"@type":"WebSite","@id":"https:\/\/www.leti.lt\/wordpress\/#website","url":"https:\/\/www.leti.lt\/wordpress\/","name":"Le TILT","description":"Recherche, publication, cr\u00e9ation artistique","potentialAction":[{"@type":"SearchAction","target":{"@type":"EntryPoint","urlTemplate":"https:\/\/www.leti.lt\/wordpress\/?s={search_term_string}"},"query-input":{"@type":"PropertyValueSpecification","valueRequired":true,"valueName":"search_term_string"}}],"inLanguage":"fr-FR"},{"@type":"Person","@id":"https:\/\/www.leti.lt\/wordpress\/#\/schema\/person\/9bb307b2af8fbb575bb3603e57951f75","name":"Andr\u00e9ine Bel","image":{"@type":"ImageObject","inLanguage":"fr-FR","@id":"https:\/\/secure.gravatar.com\/avatar\/4ab041ec7c7ad3b90293023e86528ec1a700ce2971ff61811b2df6b288dd1f38?s=96&d=identicon&r=g","url":"https:\/\/secure.gravatar.com\/avatar\/4ab041ec7c7ad3b90293023e86528ec1a700ce2971ff61811b2df6b288dd1f38?s=96&d=identicon&r=g","contentUrl":"https:\/\/secure.gravatar.com\/avatar\/4ab041ec7c7ad3b90293023e86528ec1a700ce2971ff61811b2df6b288dd1f38?s=96&d=identicon&r=g","caption":"Andr\u00e9ine Bel"},"url":"https:\/\/www.leti.lt\/wordpress\/author\/andreine\/"}]}},"_links":{"self":[{"href":"https:\/\/www.leti.lt\/wordpress\/wp-json\/wp\/v2\/posts\/265","targetHints":{"allow":["GET"]}}],"collection":[{"href":"https:\/\/www.leti.lt\/wordpress\/wp-json\/wp\/v2\/posts"}],"about":[{"href":"https:\/\/www.leti.lt\/wordpress\/wp-json\/wp\/v2\/types\/post"}],"author":[{"embeddable":true,"href":"https:\/\/www.leti.lt\/wordpress\/wp-json\/wp\/v2\/users\/2"}],"replies":[{"embeddable":true,"href":"https:\/\/www.leti.lt\/wordpress\/wp-json\/wp\/v2\/comments?post=265"}],"version-history":[{"count":0,"href":"https:\/\/www.leti.lt\/wordpress\/wp-json\/wp\/v2\/posts\/265\/revisions"}],"wp:attachment":[{"href":"https:\/\/www.leti.lt\/wordpress\/wp-json\/wp\/v2\/media?parent=265"}],"wp:term":[{"taxonomy":"category","embeddable":true,"href":"https:\/\/www.leti.lt\/wordpress\/wp-json\/wp\/v2\/categories?post=265"},{"taxonomy":"post_tag","embeddable":true,"href":"https:\/\/www.leti.lt\/wordpress\/wp-json\/wp\/v2\/tags?post=265"}],"curies":[{"name":"wp","href":"https:\/\/api.w.org\/{rel}","templated":true}]}}