{"id":264,"date":"2020-02-16T15:30:33","date_gmt":"2020-02-16T14:30:33","guid":{"rendered":"https:\/\/www.leti.lt\/wordpress\/?p=264"},"modified":"-0001-11-30T00:00:00","modified_gmt":"-0001-11-29T22:00:00","slug":"danserecherche-ladanseetlesautresarts","status":"publish","type":"post","link":"https:\/\/www.leti.lt\/wordpress\/danserecherche-ladanseetlesautresarts\/","title":{"rendered":"La danse et les autres arts"},"content":{"rendered":"<p><a href=\"https:\/\/www.leti.lt\/wordpress\/danserecherche-danserecherche\/\">Danse recherche<\/a><br>\u2192 <a href=\"https:\/\/www.leti.lt\/wordpress\/danserecherche-aproposdeladanserecherche\/\">Che\u00admi\u00adne\u00adment de la danse recherche<\/a><br><br>!!La danse et les autres arts<br><br>Faut-il faire entrer les autres arts dans la danse recherche, et com\u00adment&nbsp;?<br><br>La ques\u00adtion devient l\u00e9gi\u00adtime, car nous voyons bien que chaque fois que la danse se met en regard avec un autre art, elle est ense\u00admen\u00adc\u00e9e par lui, et vice-ver\u00adsa.<br><br>Mais il nous faut dis\u00adtin\u00adguer les fa\u00e7ons de mettre des arts dif\u00adf\u00e9\u00adrents en regard et quel cadre leur est le plus appro\u00adpri\u00e9 . Je dis\u00adtingue ici trois pos\u00adsi\u00adbi\u00adli\u00adt\u00e9s, en une pre\u00admi\u00e8re ten\u00adta\u00adtive de for\u00admu\u00adla\u00adtion.<br><br>1 -<b> Le dia\u00adlogue<\/b>, comme nous le pra\u00adti\u00adquons en danse forum&nbsp;: sur la bor\u00addure sc\u00e9\u00adnique, le dan\u00adseur ou le spec\u00adta\u00adteur choi\u00adsit la po\u00e9\u00adsie, la pein\u00adture, la cal\u00adli\u00adgra\u00adphie etc., peut m\u00eame pas\u00adser de l\u2019un \u00e0&nbsp;l\u2019autre, pour pro\u00adbl\u00e9\u00adma\u00adti\u00adser la danse, en une sorte de dia\u00adlogue entre les arts.<br><br>Nous nous sommes deman\u00add\u00e9 si nous pour\u00adrions trans\u00adpo\u00adser cette pra\u00adtique dans le cadre de la danse recherche. A&nbsp;un moment don\u00adn\u00e9 de l\u2019atelier du 24\/10\/10, Phi\u00adlippe Alla\u00adri a&nbsp;\u00e9prou\u00adv\u00e9 le besoin de conter un conte pen\u00addant la danse, en se pla\u00ad\u00e7ant sur ce qui est deve\u00adnu pour l\u2019occasions la bor\u00addure sc\u00e9\u00adnique. C\u2019\u00e9tait ponc\u00adtuel et bien\u00adve\u00adnu, mais cela n\u2019aurait pu \u00eatre sys\u00adt\u00e9\u00adma\u00adti\u00ads\u00e9 comme nous le fai\u00adsons en danse forum, nous l\u2019avons res\u00adsen\u00adti tr\u00e8s net\u00adte\u00adment. Nous en avons cher\u00adch\u00e9 les rai\u00adsons. Le dia\u00adlogue entre les arts attein\u00addrait vite ses limites nous a\u2011t-il sem\u00adbl\u00e9, car on ne s\u2019improvise pas dan\u00adseur, conteur, peintre, cal\u00adli\u00adgraphe et ce serait le nivel\u00adle\u00adment par le bas assu\u00adr\u00e9.<br><br>2 \u2013 <b>Le par\u00adtage :\/\/ c\u2019est la fa\u00e7on que nous avons adop\u00adt\u00e9e avec l\u2019art du conte, lors de cet ate\u00adlier de danse recherche. On pour\u00adrait dire que l\u2019art du conte a&nbsp;enri\u00adchi la danse, par la danse elle-m\u00eame et non \u00e0&nbsp;tra\u00advers un conte. C\u2019est ce qu\u2019a r\u00e9a\u00adli\u00ads\u00e9 Phi\u00adlippe, en pre\u00adnant du conte ce qui pou\u00advait exer\u00adcer la danse de l\u2019int\u00e9rieur et la faire aller dans des endroits qui lui sont moins fami\u00adliers. Ce par\u00adtage avec les artistes pr\u00e9\u00adsents \u00ab&nbsp;pour faire de la danse&nbsp;\u00bb, reste je pense la fa\u00e7on la plus adap\u00adt\u00e9e \u00e0&nbsp;la recherche en danse, et l\u2019avantage est qu\u2019elle ne demande pas de pr\u00e9\u00adpa\u00adra\u00adtion sp\u00e9\u00adciale.<\/b><br><br>3 \u2013 <b>L\u2019\u00e9change<\/b> entre les arts est sou\u00advent ten\u00adt\u00e9 dans le monde artis\u00adtique&nbsp;: un art s\u2019exerce en pr\u00e9\u00adsence d\u2019un autre, et les deux s\u2019enrichissent du seul fait d\u2019\u00eatre pra\u00adti\u00adqu\u00e9s simul\u00adta\u00adn\u00e9\u00adment. Nous avons exp\u00e9\u00adri\u00admen\u00adt\u00e9 cette forme d\u2019interaction quelques fois en danse recherche, avec une peintre, des musi\u00adciens et des acteurs de th\u00e9\u00e2tre jouant une pi\u00e8ce. L\u2019\u00e9change peut s\u2019instaurer d\u2019abord silen\u00adcieu\u00adse\u00adment puis par les retours ver\u00adbaux. Mais nous \u00e9tions chaque fois tr\u00e8s impa\u00adtients de voir des r\u00e9sul\u00adtats avant de lais\u00adser l\u2019\u00e9change se pro\u00adduire de lui-m\u00eame. Cela reste \u00e0&nbsp;creu\u00adser, d\u00e9ve\u00adlop\u00adper.<br><br>Andr\u00e9ine Bel<\/p><p style=\"color:green; text-align:right !important;\">Article cr\u00e9\u00e9 le 16\/02\/2020<\/p>","protected":false},"excerpt":{"rendered":"<p>Danse recherche\u2192 Che\u00admi\u00adne\u00adment de la danse recherche !!La danse et les autres arts Faut-il faire entrer les autres arts dans la danse recherche, et com\u00adment&nbsp;? La ques\u00adtion devient l\u00e9gi\u00adtime, car nous voyons bien que chaque fois que la danse se met en regard avec un autre art, elle est ense\u00admen\u00adc\u00e9e par lui, et vice-ver\u00adsa. Mais il nous faut dis\u00adtin\u00adguer les fa\u00e7ons de mettre des arts dif\u00adf\u00e9\u00adrents en regard et quel cadre leur est le plus appro\u00adpri\u00e9 . Je dis\u00adtingue ici&nbsp;[\u2026]<\/p>\n","protected":false},"author":2,"featured_media":0,"comment_status":"open","ping_status":"open","sticky":false,"template":"","format":"standard","meta":{"wp_typography_post_enhancements_disabled":false,"footnotes":""},"categories":[131],"tags":[159],"class_list":["post-264","post","type-post","status-publish","format-standard","hentry","category-a_propos_de_la_dr","tag-a_propos_de_la_dr"],"yoast_head":"<!-- This site is optimized with the Yoast SEO plugin v27.5 - https:\/\/yoast.com\/product\/yoast-seo-wordpress\/ -->\n<title>La danse et les autres arts - Le TILT<\/title>\n<meta name=\"robots\" content=\"index, follow, max-snippet:-1, max-image-preview:large, max-video-preview:-1\" \/>\n<link rel=\"canonical\" href=\"https:\/\/www.leti.lt\/wordpress\/danserecherche-ladanseetlesautresarts\/\" \/>\n<meta property=\"og:locale\" content=\"fr_FR\" \/>\n<meta property=\"og:type\" content=\"article\" \/>\n<meta property=\"og:title\" content=\"La danse et les autres arts - Le TILT\" \/>\n<meta property=\"og:description\" content=\"Danse recherche\u2192 Che\u00admi\u00adne\u00adment de la danse recherche !!La danse et les autres arts Faut-il faire entrer les autres arts dans la danse recherche, et comment&nbsp;? La ques\u00adtion devient l\u00e9gi\u00adtime, car nous voyons bien que chaque fois que la danse se met en regard avec un autre art, elle est ense\u00admen\u00adc\u00e9e par lui, et vice-versa. Mais il nous faut dis\u00adtin\u00adguer les fa\u00e7ons de mettre des arts dif\u00adf\u00e9\u00adrents en regard et quel cadre leur est le plus appro\u00adpri\u00e9 . Je dis\u00adtingue ici [&hellip;]\" \/>\n<meta property=\"og:url\" content=\"https:\/\/www.leti.lt\/wordpress\/danserecherche-ladanseetlesautresarts\/\" \/>\n<meta property=\"og:site_name\" content=\"Le TILT\" \/>\n<meta property=\"article:published_time\" content=\"2020-02-16T14:30:33+00:00\" \/>\n<meta name=\"author\" content=\"Andr\u00e9ine Bel\" \/>\n<meta name=\"twitter:card\" content=\"summary_large_image\" \/>\n<meta name=\"twitter:label1\" content=\"\u00c9crit par\" \/>\n\t<meta name=\"twitter:data1\" content=\"Andr\u00e9ine Bel\" \/>\n\t<meta name=\"twitter:label2\" content=\"Dur\u00e9e de lecture estim\u00e9e\" \/>\n\t<meta name=\"twitter:data2\" content=\"2 minutes\" \/>\n<script type=\"application\/ld+json\" class=\"yoast-schema-graph\">{\"@context\":\"https:\\\/\\\/schema.org\",\"@graph\":[{\"@type\":\"Article\",\"@id\":\"https:\\\/\\\/www.leti.lt\\\/wordpress\\\/danserecherche-ladanseetlesautresarts\\\/#article\",\"isPartOf\":{\"@id\":\"https:\\\/\\\/www.leti.lt\\\/wordpress\\\/danserecherche-ladanseetlesautresarts\\\/\"},\"author\":{\"name\":\"Andr\u00e9ine Bel\",\"@id\":\"https:\\\/\\\/www.leti.lt\\\/wordpress\\\/#\\\/schema\\\/person\\\/9bb307b2af8fbb575bb3603e57951f75\"},\"headline\":\"La danse et les autres arts\",\"datePublished\":\"2020-02-16T14:30:33+00:00\",\"mainEntityOfPage\":{\"@id\":\"https:\\\/\\\/www.leti.lt\\\/wordpress\\\/danserecherche-ladanseetlesautresarts\\\/\"},\"wordCount\":498,\"commentCount\":0,\"keywords\":[\"A_propos_de_la_DR\"],\"articleSection\":[\"\u00c0 propos de la DR\"],\"inLanguage\":\"fr-FR\",\"potentialAction\":[{\"@type\":\"CommentAction\",\"name\":\"Comment\",\"target\":[\"https:\\\/\\\/www.leti.lt\\\/wordpress\\\/danserecherche-ladanseetlesautresarts\\\/#respond\"]}]},{\"@type\":\"WebPage\",\"@id\":\"https:\\\/\\\/www.leti.lt\\\/wordpress\\\/danserecherche-ladanseetlesautresarts\\\/\",\"url\":\"https:\\\/\\\/www.leti.lt\\\/wordpress\\\/danserecherche-ladanseetlesautresarts\\\/\",\"name\":\"La danse et les autres arts - Le TILT\",\"isPartOf\":{\"@id\":\"https:\\\/\\\/www.leti.lt\\\/wordpress\\\/#website\"},\"datePublished\":\"2020-02-16T14:30:33+00:00\",\"author\":{\"@id\":\"https:\\\/\\\/www.leti.lt\\\/wordpress\\\/#\\\/schema\\\/person\\\/9bb307b2af8fbb575bb3603e57951f75\"},\"breadcrumb\":{\"@id\":\"https:\\\/\\\/www.leti.lt\\\/wordpress\\\/danserecherche-ladanseetlesautresarts\\\/#breadcrumb\"},\"inLanguage\":\"fr-FR\",\"potentialAction\":[{\"@type\":\"ReadAction\",\"target\":[\"https:\\\/\\\/www.leti.lt\\\/wordpress\\\/danserecherche-ladanseetlesautresarts\\\/\"]}]},{\"@type\":\"BreadcrumbList\",\"@id\":\"https:\\\/\\\/www.leti.lt\\\/wordpress\\\/danserecherche-ladanseetlesautresarts\\\/#breadcrumb\",\"itemListElement\":[{\"@type\":\"ListItem\",\"position\":1,\"name\":\"Accueil\",\"item\":\"https:\\\/\\\/www.leti.lt\\\/wordpress\\\/\"},{\"@type\":\"ListItem\",\"position\":2,\"name\":\"La danse et les autres arts\"}]},{\"@type\":\"WebSite\",\"@id\":\"https:\\\/\\\/www.leti.lt\\\/wordpress\\\/#website\",\"url\":\"https:\\\/\\\/www.leti.lt\\\/wordpress\\\/\",\"name\":\"Le TILT\",\"description\":\"Recherche, publication, cr\u00e9ation artistique\",\"potentialAction\":[{\"@type\":\"SearchAction\",\"target\":{\"@type\":\"EntryPoint\",\"urlTemplate\":\"https:\\\/\\\/www.leti.lt\\\/wordpress\\\/?s={search_term_string}\"},\"query-input\":{\"@type\":\"PropertyValueSpecification\",\"valueRequired\":true,\"valueName\":\"search_term_string\"}}],\"inLanguage\":\"fr-FR\"},{\"@type\":\"Person\",\"@id\":\"https:\\\/\\\/www.leti.lt\\\/wordpress\\\/#\\\/schema\\\/person\\\/9bb307b2af8fbb575bb3603e57951f75\",\"name\":\"Andr\u00e9ine Bel\",\"image\":{\"@type\":\"ImageObject\",\"inLanguage\":\"fr-FR\",\"@id\":\"https:\\\/\\\/secure.gravatar.com\\\/avatar\\\/4ab041ec7c7ad3b90293023e86528ec1a700ce2971ff61811b2df6b288dd1f38?s=96&d=identicon&r=g\",\"url\":\"https:\\\/\\\/secure.gravatar.com\\\/avatar\\\/4ab041ec7c7ad3b90293023e86528ec1a700ce2971ff61811b2df6b288dd1f38?s=96&d=identicon&r=g\",\"contentUrl\":\"https:\\\/\\\/secure.gravatar.com\\\/avatar\\\/4ab041ec7c7ad3b90293023e86528ec1a700ce2971ff61811b2df6b288dd1f38?s=96&d=identicon&r=g\",\"caption\":\"Andr\u00e9ine Bel\"},\"url\":\"https:\\\/\\\/www.leti.lt\\\/wordpress\\\/author\\\/andreine\\\/\"}]}<\/script>\n<!-- \/ Yoast SEO plugin. -->","yoast_head_json":{"title":"La danse et les autres arts - Le TILT","robots":{"index":"index","follow":"follow","max-snippet":"max-snippet:-1","max-image-preview":"max-image-preview:large","max-video-preview":"max-video-preview:-1"},"canonical":"https:\/\/www.leti.lt\/wordpress\/danserecherche-ladanseetlesautresarts\/","og_locale":"fr_FR","og_type":"article","og_title":"La danse et les autres arts - Le TILT","og_description":"Danse recherche\u2192 Che\u00admi\u00adne\u00adment de la danse recherche !!La danse et les autres arts Faut-il faire entrer les autres arts dans la danse recherche, et comment&nbsp;? La ques\u00adtion devient l\u00e9gi\u00adtime, car nous voyons bien que chaque fois que la danse se met en regard avec un autre art, elle est ense\u00admen\u00adc\u00e9e par lui, et vice-versa. Mais il nous faut dis\u00adtin\u00adguer les fa\u00e7ons de mettre des arts dif\u00adf\u00e9\u00adrents en regard et quel cadre leur est le plus appro\u00adpri\u00e9 . Je dis\u00adtingue ici [&hellip;]","og_url":"https:\/\/www.leti.lt\/wordpress\/danserecherche-ladanseetlesautresarts\/","og_site_name":"Le TILT","article_published_time":"2020-02-16T14:30:33+00:00","author":"Andr\u00e9ine Bel","twitter_card":"summary_large_image","twitter_misc":{"\u00c9crit par":"Andr\u00e9ine Bel","Dur\u00e9e de lecture estim\u00e9e":"2 minutes"},"schema":{"@context":"https:\/\/schema.org","@graph":[{"@type":"Article","@id":"https:\/\/www.leti.lt\/wordpress\/danserecherche-ladanseetlesautresarts\/#article","isPartOf":{"@id":"https:\/\/www.leti.lt\/wordpress\/danserecherche-ladanseetlesautresarts\/"},"author":{"name":"Andr\u00e9ine Bel","@id":"https:\/\/www.leti.lt\/wordpress\/#\/schema\/person\/9bb307b2af8fbb575bb3603e57951f75"},"headline":"La danse et les autres arts","datePublished":"2020-02-16T14:30:33+00:00","mainEntityOfPage":{"@id":"https:\/\/www.leti.lt\/wordpress\/danserecherche-ladanseetlesautresarts\/"},"wordCount":498,"commentCount":0,"keywords":["A_propos_de_la_DR"],"articleSection":["\u00c0 propos de la DR"],"inLanguage":"fr-FR","potentialAction":[{"@type":"CommentAction","name":"Comment","target":["https:\/\/www.leti.lt\/wordpress\/danserecherche-ladanseetlesautresarts\/#respond"]}]},{"@type":"WebPage","@id":"https:\/\/www.leti.lt\/wordpress\/danserecherche-ladanseetlesautresarts\/","url":"https:\/\/www.leti.lt\/wordpress\/danserecherche-ladanseetlesautresarts\/","name":"La danse et les autres arts - Le TILT","isPartOf":{"@id":"https:\/\/www.leti.lt\/wordpress\/#website"},"datePublished":"2020-02-16T14:30:33+00:00","author":{"@id":"https:\/\/www.leti.lt\/wordpress\/#\/schema\/person\/9bb307b2af8fbb575bb3603e57951f75"},"breadcrumb":{"@id":"https:\/\/www.leti.lt\/wordpress\/danserecherche-ladanseetlesautresarts\/#breadcrumb"},"inLanguage":"fr-FR","potentialAction":[{"@type":"ReadAction","target":["https:\/\/www.leti.lt\/wordpress\/danserecherche-ladanseetlesautresarts\/"]}]},{"@type":"BreadcrumbList","@id":"https:\/\/www.leti.lt\/wordpress\/danserecherche-ladanseetlesautresarts\/#breadcrumb","itemListElement":[{"@type":"ListItem","position":1,"name":"Accueil","item":"https:\/\/www.leti.lt\/wordpress\/"},{"@type":"ListItem","position":2,"name":"La danse et les autres arts"}]},{"@type":"WebSite","@id":"https:\/\/www.leti.lt\/wordpress\/#website","url":"https:\/\/www.leti.lt\/wordpress\/","name":"Le TILT","description":"Recherche, publication, cr\u00e9ation artistique","potentialAction":[{"@type":"SearchAction","target":{"@type":"EntryPoint","urlTemplate":"https:\/\/www.leti.lt\/wordpress\/?s={search_term_string}"},"query-input":{"@type":"PropertyValueSpecification","valueRequired":true,"valueName":"search_term_string"}}],"inLanguage":"fr-FR"},{"@type":"Person","@id":"https:\/\/www.leti.lt\/wordpress\/#\/schema\/person\/9bb307b2af8fbb575bb3603e57951f75","name":"Andr\u00e9ine Bel","image":{"@type":"ImageObject","inLanguage":"fr-FR","@id":"https:\/\/secure.gravatar.com\/avatar\/4ab041ec7c7ad3b90293023e86528ec1a700ce2971ff61811b2df6b288dd1f38?s=96&d=identicon&r=g","url":"https:\/\/secure.gravatar.com\/avatar\/4ab041ec7c7ad3b90293023e86528ec1a700ce2971ff61811b2df6b288dd1f38?s=96&d=identicon&r=g","contentUrl":"https:\/\/secure.gravatar.com\/avatar\/4ab041ec7c7ad3b90293023e86528ec1a700ce2971ff61811b2df6b288dd1f38?s=96&d=identicon&r=g","caption":"Andr\u00e9ine Bel"},"url":"https:\/\/www.leti.lt\/wordpress\/author\/andreine\/"}]}},"_links":{"self":[{"href":"https:\/\/www.leti.lt\/wordpress\/wp-json\/wp\/v2\/posts\/264","targetHints":{"allow":["GET"]}}],"collection":[{"href":"https:\/\/www.leti.lt\/wordpress\/wp-json\/wp\/v2\/posts"}],"about":[{"href":"https:\/\/www.leti.lt\/wordpress\/wp-json\/wp\/v2\/types\/post"}],"author":[{"embeddable":true,"href":"https:\/\/www.leti.lt\/wordpress\/wp-json\/wp\/v2\/users\/2"}],"replies":[{"embeddable":true,"href":"https:\/\/www.leti.lt\/wordpress\/wp-json\/wp\/v2\/comments?post=264"}],"version-history":[{"count":0,"href":"https:\/\/www.leti.lt\/wordpress\/wp-json\/wp\/v2\/posts\/264\/revisions"}],"wp:attachment":[{"href":"https:\/\/www.leti.lt\/wordpress\/wp-json\/wp\/v2\/media?parent=264"}],"wp:term":[{"taxonomy":"category","embeddable":true,"href":"https:\/\/www.leti.lt\/wordpress\/wp-json\/wp\/v2\/categories?post=264"},{"taxonomy":"post_tag","embeddable":true,"href":"https:\/\/www.leti.lt\/wordpress\/wp-json\/wp\/v2\/tags?post=264"}],"curies":[{"name":"wp","href":"https:\/\/api.w.org\/{rel}","templated":true}]}}