{"id":263,"date":"2020-02-16T15:30:33","date_gmt":"2020-02-16T14:30:33","guid":{"rendered":"https:\/\/www.leti.lt\/wordpress\/?p=263"},"modified":"-0001-11-30T00:00:00","modified_gmt":"-0001-11-29T22:00:00","slug":"danserecherche-lombreetlalumiere","status":"publish","type":"post","link":"https:\/\/www.leti.lt\/wordpress\/danserecherche-lombreetlalumiere\/","title":{"rendered":"L\u2019ombre et la lumi\u00e8re"},"content":{"rendered":"<p><a href=\"https:\/\/www.leti.lt\/wordpress\/danserecherche-danserecherche\/\">Danse recherche<\/a><br>\u2192 <a href=\"https:\/\/www.leti.lt\/wordpress\/danserecherche-lecrituredeladanserecherche\/\">L\u2019\u00e9criture de la danse recherche<\/a><br><br>!! L\u2019ombre et la lumi\u00e8re \u2013 jan\u00advier 2011, retour sur le CR de la DR du 29 d\u00e9cembre 2010<br><br>Texte de Claude Lecomte<br><br>A par\u00adtir d\u2019une pein\u00adture de Tur\u00adner<br><br>Tem\u00adp\u00eate de neige, Vapeur au large d\u2019un port<br><br>Vous \u00e9vo\u00adquez des sen\u00adsa\u00adtions cor\u00adpo\u00adrelles res\u00adsen\u00adties<br><br>Puis des r\u00e9flexions que l\u2019ombre et la lumi\u00e8re vous ins\u00adpirent<br><br>Et ces r\u00e9flexions partent dans des direc\u00adtions mul\u00adtiples<br><br>Elles n\u2019ont plus grand chose \u00e0&nbsp;voir avec le tableau ini\u00adtial<br><br>Vous \u00e9vo\u00adquez le Noir le Blanc<br><br>Et sur\u00adtout vous orien\u00adtez votre pen\u00ads\u00e9e<br><br>Vers le corps et le corps dans la danse<br><br>Ce qui est votre pr\u00e9\u00adoc\u00adcu\u00adpa\u00adtion<br><br>Et on le com\u00adprend tr\u00e8s bien<br><br>Lumi\u00e8res sur le corps, Lumi\u00e8res du corps dans l\u2019espace<br><br>O\u00f9 il se trouve <br><br>Cou\u00adleurs que la lumi\u00e8re exalte sur et dans le corps<br><br>Lumi\u00e8res sur les Mou\u00adve\u00adments du Corps<br><br>Lumi\u00e8res et Ombres par la Musique<br><br>Mati\u00e8re essen\u00adtielle de la Danse, dites-vous<br><br>dans son rythme, son d\u00e9rou\u00adle\u00adment<br><br>Bien qu\u2019une danse \u00ab&nbsp;muette&nbsp;\u00bb puisse exis\u00adter ( je pense&nbsp;! )<br><br>Vous cher\u00adchez \u00e0&nbsp;d\u00e9fi\u00adnir la Musique qui convient \u00e0&nbsp;la Danse, la v\u00f4tre.<br><br>Vous esquis\u00adsez une phi\u00adlo\u00adso\u00adphie de l\u2019Ombre et de la Lumi\u00e8re<br><br>Vous \u00e9vo\u00adquez la lumi\u00e8re de la conscience, le r\u00e9veil de la lumi\u00e8re \u00e0&nbsp;l\u2019aurore<br><br>La pri\u00adva\u00adtion de lumi\u00e8re, la lumi\u00e8re int\u00e9\u00adrieure<br><br>Les limites de la lumi\u00e8re et la pos\u00adsi\u00adbi\u00adli\u00adt\u00e9 d\u2019\u00e9tendre ces limites.<br><br>Pour ma part j\u2019aimerai reve\u00adnir au point de d\u00e9part<br><br>Car il m\u2019int\u00e9resse davan\u00adtage<br><br>C\u2019est \u00e0&nbsp;dire l\u2019ombre et la lumi\u00e8re sur le plan visuel<br><br>Emo\u00adtion\u00adnel aus\u00adsi<br><br>Com\u00adment jouent l\u2019une et l\u2019autre<br><br>L\u2019une par rap\u00adport \u00e0&nbsp;l\u2019autre<br><br>Car Lumi\u00e8re et Ombre sont li\u00e9es<br><br>Elles d\u00e9pendent l\u2019une de l\u2019autre<br><br>Qui de l\u2019une ou de l\u2019autre est la source ini\u00adtiale&nbsp;?<br><br>L\u2019Ombre existe, auto\u00adnome et soli\u00adtaire<br><br>Dans les t\u00e9n\u00e8bres des cavernes, dans la nuit<br><br>Dans les pro\u00adfon\u00addeurs de l\u2019oc\u00e9an<br><br>La p\u00e9nombre s\u2019installe quand la lumi\u00e8re est faible<br><br>\u00ab les temps gris&nbsp;\u00bb nivellent les formes, les cou\u00adleurs et les esprits<br><br>L\u2019ombre s\u2019efface quand la lumi\u00e8re sur\u00advient<br><br>Il en est de plu\u00adsieurs sources<br><br>Les lumi\u00e8res astrales, les Lumi\u00e8res d\u2019origine ter\u00adrestre<br><br>Les Lumi\u00e8res d\u2019origine humaine.<br><br>Et cha\u00adcune s\u2019exprime \u00e0 sa mani\u00e8re et reten\u00adtit sur notre d\u00e9cor<br><br>Et sur nos \u00e2mes, sur notre mytho\u00adlo\u00adgie<br><br>La lumi\u00e8re astrale ce sont les \u00e9toiles qui constellent le ciel<br><br>Et trans\u00adforment la nuit en figures mou\u00advantes \u00e0&nbsp;tra\u00advers les heures du temps<br><br>Ces figures sont \u00e9tu\u00addi\u00e9es dans la pen\u00ads\u00e9e pr\u00e9\u00adscien\u00adti\u00adfique des hommes<br><br>avec l\u2019Astrologie&nbsp;; ils cherchent \u00e0&nbsp;conna\u00eetre leurs des\u00adtins.<br><br>Ce sont les \u00e9toiles filantes, elles intro\u00adduisent un mou\u00adve\u00adment<br><br>plus rapide dans le ciel, ful\u00adgu\u00adrances \u00e9ph\u00e9\u00adm\u00e8res au mois d\u2019ao\u00fbt<br><br>c\u2019est la lune aux crois\u00adsants vari\u00e9s<br><br>fine nou\u00advelle lune annon\u00adcia\u00adtrice du rama\u00addan et son mois de je\u00fbne<br><br>lorsqu\u2019elle devient pleine elle inonde la terre<br><br>d\u2019une lueur blanche \u00e9tale qui att\u00e9\u00adnue les ombres<br><br>la pleine lune des nuits blanches pour les \u00ab sans som\u00admeil&nbsp;\u00bb<br><br>C\u2019est le soleil , l\u2019\u00e9toile de notre vie sur la Terre<br><br>Il fa\u00e7onne notre vie selon le lieu o\u00f9 l\u2019on se trouve<br><br>Selon l\u2019heure qu\u2019il est, l\u00e0 o\u00f9 nous sommes<br><br>Il est le cr\u00e9a\u00adteur de toutes les formes, accom\u00adpa\u00adgn\u00e9es de toutes les ombres<br><br>A l\u2019infini. Il est le Dieu tout puis\u00adsant<br><br>Dans des civi\u00adli\u00adsa\u00adtions dif\u00adf\u00e9\u00adrentes<br><br>Il est Ra l\u2019Egyptien, Il fait pous\u00adser la nour\u00adri\u00adture des Hommes<br><br>Et ses rayons sont gra\u00adv\u00e9s sur les st\u00e8les.<br><br>C\u2019est lui qui mul\u00adti\u00adplie les figures humaines<br><br>Il fait scin\u00adtiller les vagues et les tor\u00adrents<br><br>Il allume dans un regard une \u00e9tin\u00adcelle de vie et de sens<br><br>En pho\u00adto\u00adgra\u00adphie, le champ de ses cr\u00e9a\u00adtions est vaste<br><br>Ou plu\u00adt\u00f4t, son r\u00f4le dans les cr\u00e9a\u00adtions<br><br>Je me sou\u00adviens avoir fait un contre-jour en gros plan<br><br>De Ninette aux che\u00adveux blonds aur\u00e9o\u00adl\u00e9s de lumi\u00e8re<br><br>C\u2019\u00e9tait un flam\u00adboie\u00adment car l\u2019ombre enrobe la figure<br><br>et accen\u00adtue le contraste.<br><br>Le mou\u00adve\u00adment du soleil modi\u00adfie et la lumi\u00e8re et les ombres<br><br>Il les \u00e9crase \u00e0&nbsp;midi et les rend immenses \u00e0&nbsp;la tom\u00adb\u00e9e du jour<br><br>Tard le soir dans les r\u00e9gions polaires<br><br>Il donne aux pay\u00adsages un aspect m\u00e9tal\u00adlique uni\u00adforme.<br><br>En Pein\u00adture les \u00e9clats lumi\u00adneux sont l\u2019occasion pour Van Gogh<br><br>De strier la toile, alors que Seu\u00adrat la ponc\u00adtue<br><br>Et l\u2019ombre peut deve\u00adnir un immense d\u00e9lire colo\u00adr\u00e9,<br><br>sur les toiles de Bon\u00adnard et celles de Vuillard<br><br>Tel\u00adle\u00adment riches de nuances et de sen\u00adsua\u00adli\u00adt\u00e9<br><br>Tur\u00adner dans le vapeur au large d\u2019un port <br><br>Oppose for\u00adte\u00adment Les clar\u00adt\u00e9s bleues et blanches du ciel&nbsp;?<br><br>Aux traces vigou\u00adreuses d\u2019un vert cer\u00adn\u00e9 de clar\u00adt\u00e9s<br><br>Ce sont des vagues&nbsp;? Des arbres&nbsp;?<br><br>D\u2019autres lumi\u00e8res ou lueurs viennent de la terre<br><br>Je pense au Vol\u00adcan de la R\u00e9union et \u00e0&nbsp;com\u00adbien d\u2019autres<br><br>Dont le rou\u00adgeoie\u00adment embrase la nuit et le jour <br><br>il ser\u00adpente selon un tra\u00adc\u00e9 qui d\u00e9fie les hommes<br><br>Et pour\u00adtant les fas\u00adcine et les attire puisqu\u2019ils s\u2019y ins\u00adtallent <br><br>chaque fois, \u00e0&nbsp;nou\u00adveau, sur les laves fer\u00adtiles.<br><br>Les Hommes eux aus\u00adsi sont \u00e0&nbsp;l\u2019origine de la lumi\u00e8re<br><br>Le feu d\u00e9ro\u00adb\u00e9 aux Dieux dans la Mytho\u00adlo\u00adgie<br><br>Se r\u00e9pand volon\u00adtai\u00adre\u00adment ou non dans les incen\u00addies<br><br>Je me sou\u00adviens de la Sainte Vic\u00adtoire en flammes<br><br>Vue d\u2019un avion qui me rame\u00adnait d\u2019ailleurs<br><br>Peut on par\u00adler de lumi\u00e8res ou de clar\u00adt\u00e9s mou\u00advantes colo\u00adr\u00e9es.<br><br>La flamme de la bou\u00adgie et des flam\u00adbeaux a&nbsp;trans\u00adfor\u00admait<br><br>Les nuits d\u2019autrefois et accen\u00adtu\u00e9 davan\u00adtage encore l\u2019\u00e9paisseur de <br><br>L\u2019ombre qui l\u2019entoure<br><br>Je pense en par\u00adti\u00adcu\u00adlier en pein\u00adture aux tableaux du Cara\u00advage<br><br>Et de De la Tour qui font sur\u00adgir les visages et les corps<br><br>Avec une force que l\u2019ombre aug\u00admente<br><br>Et le mou\u00adve\u00adment fait irrup\u00adtion, lorsque la flamme danse dans l\u2019\u00e2tre.<br><br>La venue de la F\u00e9e \u00e9lec\u00adtri\u00adci\u00adt\u00e9 intro\u00adduit d\u2019innombrables<br><br>Pay\u00adsages nou\u00adveaux dans des contr\u00e9es per\u00addues ou les agglo\u00adm\u00e9\u00adra\u00adtions<br><br>On peut par\u00adler de f\u00e9e\u00adrie m\u00eame sans aller sur les f\u00eates foraines<br><br>o\u00f9 ses tobog\u00adgans fluo\u00adres\u00adcents plongent \u00e0&nbsp;vitesse exci\u00adtante dans le noir .<br><br>La Ville est lumi\u00e8re , la nuit sur\u00adtout, par\u00adtout ses enseignes<br><br>Ses tours \u00e9cla\u00adtantes de lumi\u00e8res crues \u00e0&nbsp;tel point qu\u2019un halo colo\u00adr\u00e9<br><br>La signale de loin dans le ciel<br><br>Le Phare balise en un long fais\u00adceau clair les espaces c\u00f4tiers de la nuit<br><br>Cette vie de lumi\u00e8re est tel\u00adle\u00adment ancr\u00e9e dans la pen\u00ads\u00e9e moderne<br><br>Qu\u2019on parle de sinistre quand \u00e0&nbsp;nou\u00adveau l\u2019ombre de la cou\u00adpure<br><br>S\u2019installe et change les d\u00e9cors arti\u00adfi\u00adciels en uni\u00advers rava\u00adg\u00e9s.<br><br>Puis\u00adsance de la lumi\u00e8re et de l\u2019ombre<br><br>L\u2019une et l \u2018autre sont uti\u00adli\u00ads\u00e9es par les Pou\u00advoirs<br><br>Mettre quelqu\u2019un \u00e0&nbsp;l\u2019ombre \u00e0&nbsp;une signi\u00adfi\u00adca\u00adtion sociale et poli\u00adtique<br><br>Que de vies se sont d\u00e9rou\u00adl\u00e9es dans les cachots<br><br>Ou, s\u00e9vices plus trau\u00adma\u00adti\u00adsants dans des cel\u00adlules vio\u00adlem\u00adment \u00e9clai\u00adr\u00e9es<br><br>Plus com\u00admu\u00adn\u00e9\u00adment mettre quelqu\u2019un au pla\u00adcard<br><br>Ce n\u2019est pas le mettre en \u00e9vi\u00addence<br><br>Et c\u2019est encore un jeu de la lumi\u00e8re que sont les feux de la rampe<br><br>Au th\u00e9\u00e2tre ou au cin\u00e9\u00adma, la mise en vedette<br><br>Le coup de flash et de pro\u00adjec\u00adteur qui par\u00adfois se d\u00e9place avec<br><br>L\u2019actrice ou l\u2019acteur en mou\u00adve\u00adment sur la sc\u00e8ne.<br><br>Ces jeux de lumi\u00e8re sont-ils le domaine de l\u2019illusion<br><br>La f\u00e9e\u00adrie s\u2019efface lors\u00adqu\u2019 ils s\u2019\u00e9teignent&nbsp;?<br><br>est-ce la m\u00eame chose que la vie qui passe<br><br>Ain\u00adsi on dit que les gens s\u2019\u00e9teignent<br><br>Qu\u2019une p\u00e9riode, un si\u00e8cle sont entr\u00e9s dans l\u2019ombre<br><br>Dans le domaine de l\u2019oubli&nbsp;!<br><br>En sch\u00e9\u00adma\u00adti\u00adsant, la lumi\u00e8re c\u2019est la vie<br><br>le domaine de l\u2019ombre est bien connu<br><br>pour \u00eatre le domaine des Morts.<br><br>Mais avant la mort<br><br>Que de vie&nbsp;! Que de vies&nbsp;! Que de lumi\u00e8re&nbsp;!<br><br>Que de vie m\u00eame dans l\u2019ombre<br><br>Que de lumi\u00e8re et d\u2019ombre se joignent pour mettre au jour <br><br>tout ce qui est vie, le mou\u00adve\u00adment, l\u2019action, la pen\u00ads\u00e9e<br><br>les \u00e9mo\u00adtions, les sen\u00adsa\u00adtions, les \u0153uvres.<br><br>Donc ce n\u2019est pas seule\u00adment le d\u00e9cor qui est fa\u00e7on\u00adn\u00e9, modi\u00adfi\u00e9<br><br>Enri\u00adchi ou non, par la lumi\u00e8re et l\u2019ombre<br><br>c\u2019est aus\u00adsi et sur\u00adtout, qu\u2019elles agissent sur nous en per\u00adma\u00adnence<br><br>Elles sont les Ins\u00adpi\u00adra\u00adtrices les Actrices dans notre vie<br><br>Elles sont les Ins\u00adpi\u00adra\u00adtrices, les Actrices de notre Vie.<br><br>Claude Lecomte<\/p><p style=\"color:green; text-align:right !important;\">Article cr\u00e9\u00e9 le 16\/02\/2020<\/p>","protected":false},"excerpt":{"rendered":"<p>Danse recherche\u2192 L\u2019\u00e9criture de la danse recherche !! L\u2019ombre et la lumi\u00e8re \u2013 jan\u00advier 2011, retour sur le CR de la DR du 29 d\u00e9cembre 2010 Texte de Claude Lecomte A&nbsp;par\u00adtir d\u2019une pein\u00adture de Tur\u00adner Tem\u00adp\u00eate de neige, Vapeur au large d\u2019un&nbsp;port Vous \u00e9vo\u00adquez des sen\u00adsa\u00adtions cor\u00adpo\u00adrelles res\u00adsen\u00adties Puis des r\u00e9flexions que l\u2019ombre et la lumi\u00e8re vous ins\u00adpirent Et ces r\u00e9flexions partent dans des direc\u00adtions mul\u00adtiples Elles n\u2019ont plus grand chose \u00e0&nbsp;voir avec le tableau ini\u00adtial Vous \u00e9vo\u00adquez&nbsp;le&nbsp;[\u2026]<\/p>\n","protected":false},"author":2,"featured_media":0,"comment_status":"open","ping_status":"open","sticky":false,"template":"","format":"standard","meta":{"wp_typography_post_enhancements_disabled":false,"footnotes":""},"categories":[138],"tags":[225],"class_list":["post-263","post","type-post","status-publish","format-standard","hentry","category-l_ecriture","tag-dr_ecriture"],"yoast_head":"<!-- This site is optimized with the Yoast SEO plugin v27.5 - https:\/\/yoast.com\/product\/yoast-seo-wordpress\/ -->\n<title>L\u2019ombre et la lumi\u00e8re - Le TILT<\/title>\n<meta name=\"robots\" content=\"index, follow, max-snippet:-1, max-image-preview:large, max-video-preview:-1\" \/>\n<link rel=\"canonical\" href=\"https:\/\/www.leti.lt\/wordpress\/danserecherche-lombreetlalumiere\/\" \/>\n<meta property=\"og:locale\" content=\"fr_FR\" \/>\n<meta property=\"og:type\" content=\"article\" \/>\n<meta property=\"og:title\" content=\"L\u2019ombre et la lumi\u00e8re - Le TILT\" \/>\n<meta property=\"og:description\" content=\"Danse recherche\u2192 L\u2019\u00e9criture de la danse recherche !! L\u2019ombre et la lumi\u00e8re \u2013 jan\u00advier 2011, retour sur le CR de la DR du 29 d\u00e9cembre 2010 Texte de Claude Lecomte A par\u00adtir d\u2019une pein\u00adture de Turner Tem\u00adp\u00eate de neige, Vapeur au large d\u2019un&nbsp;port Vous \u00e9vo\u00adquez des sen\u00adsa\u00adtions cor\u00adpo\u00adrelles ressenties Puis des r\u00e9flexions que l\u2019ombre et la lumi\u00e8re vous inspirent Et ces r\u00e9flexions partent dans des direc\u00adtions multiples Elles n\u2019ont plus grand chose \u00e0&nbsp;voir avec le tableau initial Vous \u00e9vo\u00adquez le [&hellip;]\" \/>\n<meta property=\"og:url\" content=\"https:\/\/www.leti.lt\/wordpress\/danserecherche-lombreetlalumiere\/\" \/>\n<meta property=\"og:site_name\" content=\"Le TILT\" \/>\n<meta property=\"article:published_time\" content=\"2020-02-16T14:30:33+00:00\" \/>\n<meta name=\"author\" content=\"Andr\u00e9ine Bel\" \/>\n<meta name=\"twitter:card\" content=\"summary_large_image\" \/>\n<meta name=\"twitter:label1\" content=\"\u00c9crit par\" \/>\n\t<meta name=\"twitter:data1\" content=\"Andr\u00e9ine Bel\" \/>\n\t<meta name=\"twitter:label2\" content=\"Dur\u00e9e de lecture estim\u00e9e\" \/>\n\t<meta name=\"twitter:data2\" content=\"7 minutes\" \/>\n<script type=\"application\/ld+json\" class=\"yoast-schema-graph\">{\"@context\":\"https:\\\/\\\/schema.org\",\"@graph\":[{\"@type\":\"Article\",\"@id\":\"https:\\\/\\\/www.leti.lt\\\/wordpress\\\/danserecherche-lombreetlalumiere\\\/#article\",\"isPartOf\":{\"@id\":\"https:\\\/\\\/www.leti.lt\\\/wordpress\\\/danserecherche-lombreetlalumiere\\\/\"},\"author\":{\"name\":\"Andr\u00e9ine Bel\",\"@id\":\"https:\\\/\\\/www.leti.lt\\\/wordpress\\\/#\\\/schema\\\/person\\\/9bb307b2af8fbb575bb3603e57951f75\"},\"headline\":\"L\u2019ombre et la lumi\u00e8re\",\"datePublished\":\"2020-02-16T14:30:33+00:00\",\"mainEntityOfPage\":{\"@id\":\"https:\\\/\\\/www.leti.lt\\\/wordpress\\\/danserecherche-lombreetlalumiere\\\/\"},\"wordCount\":1461,\"commentCount\":0,\"keywords\":[\"DR_Ecriture\"],\"articleSection\":[\"L\u2019\u00e9criture\"],\"inLanguage\":\"fr-FR\",\"potentialAction\":[{\"@type\":\"CommentAction\",\"name\":\"Comment\",\"target\":[\"https:\\\/\\\/www.leti.lt\\\/wordpress\\\/danserecherche-lombreetlalumiere\\\/#respond\"]}]},{\"@type\":\"WebPage\",\"@id\":\"https:\\\/\\\/www.leti.lt\\\/wordpress\\\/danserecherche-lombreetlalumiere\\\/\",\"url\":\"https:\\\/\\\/www.leti.lt\\\/wordpress\\\/danserecherche-lombreetlalumiere\\\/\",\"name\":\"L\u2019ombre et la lumi\u00e8re - Le TILT\",\"isPartOf\":{\"@id\":\"https:\\\/\\\/www.leti.lt\\\/wordpress\\\/#website\"},\"datePublished\":\"2020-02-16T14:30:33+00:00\",\"author\":{\"@id\":\"https:\\\/\\\/www.leti.lt\\\/wordpress\\\/#\\\/schema\\\/person\\\/9bb307b2af8fbb575bb3603e57951f75\"},\"breadcrumb\":{\"@id\":\"https:\\\/\\\/www.leti.lt\\\/wordpress\\\/danserecherche-lombreetlalumiere\\\/#breadcrumb\"},\"inLanguage\":\"fr-FR\",\"potentialAction\":[{\"@type\":\"ReadAction\",\"target\":[\"https:\\\/\\\/www.leti.lt\\\/wordpress\\\/danserecherche-lombreetlalumiere\\\/\"]}]},{\"@type\":\"BreadcrumbList\",\"@id\":\"https:\\\/\\\/www.leti.lt\\\/wordpress\\\/danserecherche-lombreetlalumiere\\\/#breadcrumb\",\"itemListElement\":[{\"@type\":\"ListItem\",\"position\":1,\"name\":\"Accueil\",\"item\":\"https:\\\/\\\/www.leti.lt\\\/wordpress\\\/\"},{\"@type\":\"ListItem\",\"position\":2,\"name\":\"L\u2019ombre et la lumi\u00e8re\"}]},{\"@type\":\"WebSite\",\"@id\":\"https:\\\/\\\/www.leti.lt\\\/wordpress\\\/#website\",\"url\":\"https:\\\/\\\/www.leti.lt\\\/wordpress\\\/\",\"name\":\"Le TILT\",\"description\":\"Recherche, publication, cr\u00e9ation artistique\",\"potentialAction\":[{\"@type\":\"SearchAction\",\"target\":{\"@type\":\"EntryPoint\",\"urlTemplate\":\"https:\\\/\\\/www.leti.lt\\\/wordpress\\\/?s={search_term_string}\"},\"query-input\":{\"@type\":\"PropertyValueSpecification\",\"valueRequired\":true,\"valueName\":\"search_term_string\"}}],\"inLanguage\":\"fr-FR\"},{\"@type\":\"Person\",\"@id\":\"https:\\\/\\\/www.leti.lt\\\/wordpress\\\/#\\\/schema\\\/person\\\/9bb307b2af8fbb575bb3603e57951f75\",\"name\":\"Andr\u00e9ine Bel\",\"image\":{\"@type\":\"ImageObject\",\"inLanguage\":\"fr-FR\",\"@id\":\"https:\\\/\\\/secure.gravatar.com\\\/avatar\\\/4ab041ec7c7ad3b90293023e86528ec1a700ce2971ff61811b2df6b288dd1f38?s=96&d=identicon&r=g\",\"url\":\"https:\\\/\\\/secure.gravatar.com\\\/avatar\\\/4ab041ec7c7ad3b90293023e86528ec1a700ce2971ff61811b2df6b288dd1f38?s=96&d=identicon&r=g\",\"contentUrl\":\"https:\\\/\\\/secure.gravatar.com\\\/avatar\\\/4ab041ec7c7ad3b90293023e86528ec1a700ce2971ff61811b2df6b288dd1f38?s=96&d=identicon&r=g\",\"caption\":\"Andr\u00e9ine Bel\"},\"url\":\"https:\\\/\\\/www.leti.lt\\\/wordpress\\\/author\\\/andreine\\\/\"}]}<\/script>\n<!-- \/ Yoast SEO plugin. -->","yoast_head_json":{"title":"L\u2019ombre et la lumi\u00e8re - Le TILT","robots":{"index":"index","follow":"follow","max-snippet":"max-snippet:-1","max-image-preview":"max-image-preview:large","max-video-preview":"max-video-preview:-1"},"canonical":"https:\/\/www.leti.lt\/wordpress\/danserecherche-lombreetlalumiere\/","og_locale":"fr_FR","og_type":"article","og_title":"L\u2019ombre et la lumi\u00e8re - Le TILT","og_description":"Danse recherche\u2192 L\u2019\u00e9criture de la danse recherche !! L\u2019ombre et la lumi\u00e8re \u2013 jan\u00advier 2011, retour sur le CR de la DR du 29 d\u00e9cembre 2010 Texte de Claude Lecomte A par\u00adtir d\u2019une pein\u00adture de Turner Tem\u00adp\u00eate de neige, Vapeur au large d\u2019un&nbsp;port Vous \u00e9vo\u00adquez des sen\u00adsa\u00adtions cor\u00adpo\u00adrelles ressenties Puis des r\u00e9flexions que l\u2019ombre et la lumi\u00e8re vous inspirent Et ces r\u00e9flexions partent dans des direc\u00adtions multiples Elles n\u2019ont plus grand chose \u00e0&nbsp;voir avec le tableau initial Vous \u00e9vo\u00adquez le [&hellip;]","og_url":"https:\/\/www.leti.lt\/wordpress\/danserecherche-lombreetlalumiere\/","og_site_name":"Le TILT","article_published_time":"2020-02-16T14:30:33+00:00","author":"Andr\u00e9ine Bel","twitter_card":"summary_large_image","twitter_misc":{"\u00c9crit par":"Andr\u00e9ine Bel","Dur\u00e9e de lecture estim\u00e9e":"7 minutes"},"schema":{"@context":"https:\/\/schema.org","@graph":[{"@type":"Article","@id":"https:\/\/www.leti.lt\/wordpress\/danserecherche-lombreetlalumiere\/#article","isPartOf":{"@id":"https:\/\/www.leti.lt\/wordpress\/danserecherche-lombreetlalumiere\/"},"author":{"name":"Andr\u00e9ine Bel","@id":"https:\/\/www.leti.lt\/wordpress\/#\/schema\/person\/9bb307b2af8fbb575bb3603e57951f75"},"headline":"L\u2019ombre et la lumi\u00e8re","datePublished":"2020-02-16T14:30:33+00:00","mainEntityOfPage":{"@id":"https:\/\/www.leti.lt\/wordpress\/danserecherche-lombreetlalumiere\/"},"wordCount":1461,"commentCount":0,"keywords":["DR_Ecriture"],"articleSection":["L\u2019\u00e9criture"],"inLanguage":"fr-FR","potentialAction":[{"@type":"CommentAction","name":"Comment","target":["https:\/\/www.leti.lt\/wordpress\/danserecherche-lombreetlalumiere\/#respond"]}]},{"@type":"WebPage","@id":"https:\/\/www.leti.lt\/wordpress\/danserecherche-lombreetlalumiere\/","url":"https:\/\/www.leti.lt\/wordpress\/danserecherche-lombreetlalumiere\/","name":"L\u2019ombre et la lumi\u00e8re - Le TILT","isPartOf":{"@id":"https:\/\/www.leti.lt\/wordpress\/#website"},"datePublished":"2020-02-16T14:30:33+00:00","author":{"@id":"https:\/\/www.leti.lt\/wordpress\/#\/schema\/person\/9bb307b2af8fbb575bb3603e57951f75"},"breadcrumb":{"@id":"https:\/\/www.leti.lt\/wordpress\/danserecherche-lombreetlalumiere\/#breadcrumb"},"inLanguage":"fr-FR","potentialAction":[{"@type":"ReadAction","target":["https:\/\/www.leti.lt\/wordpress\/danserecherche-lombreetlalumiere\/"]}]},{"@type":"BreadcrumbList","@id":"https:\/\/www.leti.lt\/wordpress\/danserecherche-lombreetlalumiere\/#breadcrumb","itemListElement":[{"@type":"ListItem","position":1,"name":"Accueil","item":"https:\/\/www.leti.lt\/wordpress\/"},{"@type":"ListItem","position":2,"name":"L\u2019ombre et la lumi\u00e8re"}]},{"@type":"WebSite","@id":"https:\/\/www.leti.lt\/wordpress\/#website","url":"https:\/\/www.leti.lt\/wordpress\/","name":"Le TILT","description":"Recherche, publication, cr\u00e9ation artistique","potentialAction":[{"@type":"SearchAction","target":{"@type":"EntryPoint","urlTemplate":"https:\/\/www.leti.lt\/wordpress\/?s={search_term_string}"},"query-input":{"@type":"PropertyValueSpecification","valueRequired":true,"valueName":"search_term_string"}}],"inLanguage":"fr-FR"},{"@type":"Person","@id":"https:\/\/www.leti.lt\/wordpress\/#\/schema\/person\/9bb307b2af8fbb575bb3603e57951f75","name":"Andr\u00e9ine Bel","image":{"@type":"ImageObject","inLanguage":"fr-FR","@id":"https:\/\/secure.gravatar.com\/avatar\/4ab041ec7c7ad3b90293023e86528ec1a700ce2971ff61811b2df6b288dd1f38?s=96&d=identicon&r=g","url":"https:\/\/secure.gravatar.com\/avatar\/4ab041ec7c7ad3b90293023e86528ec1a700ce2971ff61811b2df6b288dd1f38?s=96&d=identicon&r=g","contentUrl":"https:\/\/secure.gravatar.com\/avatar\/4ab041ec7c7ad3b90293023e86528ec1a700ce2971ff61811b2df6b288dd1f38?s=96&d=identicon&r=g","caption":"Andr\u00e9ine Bel"},"url":"https:\/\/www.leti.lt\/wordpress\/author\/andreine\/"}]}},"_links":{"self":[{"href":"https:\/\/www.leti.lt\/wordpress\/wp-json\/wp\/v2\/posts\/263","targetHints":{"allow":["GET"]}}],"collection":[{"href":"https:\/\/www.leti.lt\/wordpress\/wp-json\/wp\/v2\/posts"}],"about":[{"href":"https:\/\/www.leti.lt\/wordpress\/wp-json\/wp\/v2\/types\/post"}],"author":[{"embeddable":true,"href":"https:\/\/www.leti.lt\/wordpress\/wp-json\/wp\/v2\/users\/2"}],"replies":[{"embeddable":true,"href":"https:\/\/www.leti.lt\/wordpress\/wp-json\/wp\/v2\/comments?post=263"}],"version-history":[{"count":0,"href":"https:\/\/www.leti.lt\/wordpress\/wp-json\/wp\/v2\/posts\/263\/revisions"}],"wp:attachment":[{"href":"https:\/\/www.leti.lt\/wordpress\/wp-json\/wp\/v2\/media?parent=263"}],"wp:term":[{"taxonomy":"category","embeddable":true,"href":"https:\/\/www.leti.lt\/wordpress\/wp-json\/wp\/v2\/categories?post=263"},{"taxonomy":"post_tag","embeddable":true,"href":"https:\/\/www.leti.lt\/wordpress\/wp-json\/wp\/v2\/tags?post=263"}],"curies":[{"name":"wp","href":"https:\/\/api.w.org\/{rel}","templated":true}]}}