{"id":261,"date":"2020-02-16T15:30:33","date_gmt":"2020-02-16T14:30:33","guid":{"rendered":"https:\/\/www.leti.lt\/wordpress\/?p=261"},"modified":"-0001-11-30T00:00:00","modified_gmt":"-0001-11-29T22:00:00","slug":"danserecherche-limmanence","status":"publish","type":"post","link":"https:\/\/www.leti.lt\/wordpress\/danserecherche-limmanence\/","title":{"rendered":"L\u2019immanence"},"content":{"rendered":"<p><a href=\"https:\/\/www.leti.lt\/wordpress\/danserecherche-danserecherche\/\">Danse recherche<\/a><br>\u2192 <a href=\"https:\/\/www.leti.lt\/wordpress\/danserecherche-comptesrendusateliers\/\">Comptes ren\u00addus des ate\u00adliers<\/a><br>\u2192 <a href=\"https:\/\/www.leti.lt\/wordpress\/danserecherche-aix\/\">Aix<\/a><br><br>!!L\u2019immanence \u2013 6\/5\/12<br><br><i>CR danse recherche au stu\u00addio For\u00adbin du 6\/5\/11 \u2013 L\u2019immanence<\/i><br><br>Nous \u00e9tions six \u00e0&nbsp;nous pen\u00adcher sur l\u2019immanence comme sur un ber\u00adceau abri\u00adtant un nou\u00adveau-n\u00e9, pour faire connais\u00adsance. Je mets entre [\u2026] mes ajouts au moment de la r\u00e9dac\u00adtion. Le reste est une recr\u00e9a\u00adtion de ce qui a&nbsp;\u00e9t\u00e9 dit pen\u00addant l\u2019atelier, \u00e0&nbsp;par\u00adtir de mes notes \u00e9crites.<br><br><i>Notre sou\u00adve\u00adnir du dico&nbsp;:<\/i> \u00ab&nbsp;Ce qui est en soi \u00bb\u2026<br><br><i>L\u2019approche de l\u2019immanence dans nos vies est venue par bribes&nbsp;:<\/i><br><br>- nature pro\u00adfonde de ce qui est<br><br>- imper\u00adma\u00adnence en tant que chan\u00adge\u00adment per\u00adma\u00adnent, go\u00fb\u00adter l\u2019impermanence de l\u2019\u00eatre<br><br>- \u00e9ma\u00adna\u00adtion de quelque chose qui trans\u00adpire de quelque chose d\u2019autre<br><br>- recon\u00adnais\u00adsance de la nature pro\u00adfonde<br><br>- imma\u00adnence ver\u00adsus trans\u00adcen\u00addance, monde sen\u00adsible ver\u00adsus monde des id\u00e9es&nbsp;: se lib\u00e9\u00adrer du poids de la sp\u00e9\u00adcu\u00adla\u00adtion sur les \u00ab&nbsp;arri\u00e8res-mondes&nbsp;\u00bb<br><br>- \u00ab&nbsp;d\u00e9crois\u00adsance&nbsp;\u00bb spi\u00adri\u00adtuelle<br><br>- ad\u00e9\u00adqua\u00adtion entre soi et le monde par n\u00e9ces\u00adsi\u00adt\u00e9<br><br>- accueil de ce qui est, comme sub\u00adstrat d\u2019une trans\u00adfor\u00adma\u00adtion<br><br>- pr\u00e9\u00adsence au corps et \u00e0&nbsp;la sen\u00adsa\u00adtion<br><br>- mou\u00adve\u00adment invo\u00adlon\u00adtaire et spon\u00adta\u00adn\u00e9<br><br>- lais\u00adser aller<br><br>- pas de dif\u00adf\u00e9\u00adrence de fond entre soi et les autres<br><br>- \u00eatre vivant dans sa propre vie<br><br>- le monde est com\u00adpr\u00e9\u00adhen\u00adsible<br><br>avec quelques phrases qui trai\u00adnaient dans l\u2019air et que nous avons cueillies au vol :<br><br>- \u00ab&nbsp;La cause de la vie, c\u2019est la vie&nbsp;\u00bb (Spi\u00adno\u00adza)<br><br>- \u00ab&nbsp;Le but de la vie c\u2019est vivre&nbsp;\u00bb (Tsu\u00adda)<br><br><i>L\u2019\u00e9chauffement<\/i><br><br>Il s\u2019est fait \u00e0&nbsp;par\u00adtir de l\u2019\u00e9veil des sen\u00adsa\u00adtions&nbsp;: une sen\u00adsa\u00adtion par\u00admi une mul\u00adti\u00adtude se sin\u00adgu\u00adla\u00adrise et nous pola\u00adrise, nous la nom\u00admons \u00e0&nbsp;haute voix. Selon notre dis\u00adpo\u00adsi\u00adtion d\u2019esprit, cette sen\u00adsa\u00adtion exprime pour cha\u00adcun un besoin, un d\u00e9sir ou une g\u00eane. [La dif\u00adfi\u00adcul\u00adt\u00e9 est de l\u2019accueillir incon\u00addi\u00adtion\u00adnel\u00adle\u00adment.]<br><br>- poids pesant (besoin de peser, d\u2019immobilit\u00e9, de micro-mou\u00adve\u00adments\u2026)<br><br>- contrac\u00adtion (plai\u00adsir \u00e0&nbsp;mener la contrac\u00adtion jusqu\u2019au bout, ce qui recentre)<br><br>- ten\u00adsion (besoin de ten\u00adsions actives et pas\u00adsives qui alternent et finissent par d\u00e9tendre)<br><br>- \u00e9ti\u00adre\u00adment, comme des bour\u00adgeons de patate, puis flot\u00adter \u00e0&nbsp;l\u2019int\u00e9rieur<br><br><i>Une obser\u00adva\u00adtion<\/i><br><br>Se \u00ab&nbsp;mettre \u00e0&nbsp;dis\u00adpo\u00adsi\u00adtion&nbsp;\u00bb, lais\u00adser venir ten\u00adsions et \u00e9ti\u00adre\u00adments, espace jubi\u00adla\u00adtoire, sen\u00adti\u00adment \u00e0&nbsp;la fois d\u2019assise et de flot\u00adte\u00adment.<br><br><i>Une hypo\u00adth\u00e8se<\/i><br><br>[Pour\u00adrait-on dire que r\u00e9pondre au besoin comble le d\u00e9sir au moins en par\u00adtie et r\u00e9sout la g\u00eane ?]<br><br><i>Deux ques\u00adtions<\/i><br><br>- l\u2019\u00e9tirement peut-il \u00eatre une sen\u00adsa\u00adtion \u00e0&nbsp;l\u2019origine du besoin d\u2019\u00e9tirement&nbsp;? L\u2019\u00e9tirement a&nbsp;eu pour r\u00e9sul\u00adtat de recen\u00adtrer l\u2019organisme.<br>- lorsque l\u2019on adopte une posi\u00adtion, qu\u2019est-ce qui pro\u00advoque le mou\u00adve\u00adment spon\u00adta\u00adn\u00e9&nbsp;? La n\u00e9ces\u00adsi\u00adt\u00e9&nbsp;? La g\u00eane&nbsp;? Le d\u00e9sir&nbsp;? La vie&nbsp;? (sans aucun mou\u00adve\u00adment int\u00e9\u00adrieur, pas de vie pos\u00adsible)<br><br><i>Impro\u00advi\u00adsa\u00adtion sans musique<\/i><br><br>contrac\u00adtion inex\u00adtin\u00adguible du cou<br><br>espace vide \u00e0&nbsp;dis\u00adpo\u00adsi\u00adtion<br><br>hori\u00adzon d\u2019un lac<br><br>humour, explo\u00adra\u00adtion, bruits<br><br><i>Impro\u00advi\u00adsa\u00adtion avec musique<\/i><br>rep\u00e8re pour \u00e9qui\u00adlibre<br><br>struc\u00adture le temps et les mou\u00adve\u00adments<br><br>repr\u00e9\u00adsen\u00adta\u00adtion men\u00adtale, demandes et inten\u00adtions<br><br>joie, danse comme expres\u00adsion de la beau\u00adt\u00e9, essence de vie<br><br>men\u00adtal + d\u00e9bran\u00adch\u00e9, mais avec des mots\u2026<br><br>musique par\u00adte\u00adnaire<br><br>mon\u00adter dans le train avec des sou\u00adliers rouges<br><br>rythme et mise en mou\u00adve\u00adment de l\u2019int\u00e9rieur<br><br>yeux ouverts<br><br><i>Repas pan\u00adta\u00adgru\u00e9\u00adlique<\/i><br><br>sur pente ascen\u00addante<br><br><i>Un dan\u00adseur face \u00e0&nbsp;une ligne droite de spec\u00adta\u00adteurs<\/i><br><br>obser\u00adva\u00adtions&nbsp;:<br><br>- pour ne pas ris\u00adquer de se faire influen\u00adcer, pas\u00adser en pre\u00admier<br><br>- l\u2019influence des traces joue d\u2019une impro\u00advi\u00adsa\u00adtion \u00e0&nbsp;l\u2019autre, comme si ce qui est des\u00adsi\u00adn\u00e9 dans l\u2019espace et le temps se d\u00e9ve\u00adloppe d\u2019un dan\u00adseur \u00e0&nbsp;l\u2019autre, empreintes que nous aurions sou\u00adhai\u00adt\u00e9es super\u00adpo\u00adsables<br><br>- m\u00eame les \u00e9l\u00e9\u00adments se sont encha\u00ee\u00adn\u00e9s&nbsp;: l\u2019air, l\u2019eau, la terre (et l\u2019arbre crois\u00adsant), le feu (la flamme) n\u2019ont pu suf\u00adfire, il nous en a&nbsp;fal\u00adlu un cin\u00adqui\u00e8me, innom\u00admable<br><br>- les mains comme huma\u00adni\u00adt\u00e9, mains antennes<br><br>- de dos&nbsp;: mise en dan\u00adger&nbsp;? confiance&nbsp;?<br><br>- sor\u00adtir de la musique&nbsp;? pas si facile, le temps se divise ou se mul\u00adti\u00adplie mais retombe sur ses pattes, cher\u00adcher la lisi\u00e8re du non-sens musi\u00adco ges\u00adtuel<br><br>- ne pas savoir ce qui va arri\u00adver \u00e0&nbsp;chaque ins\u00adtant, une suite de suites [et l\u2019intensit\u00e9 afflue, la danse se r\u00e9v\u00e8le]<br><br>- ver\u00adsion sen\u00adsi\u00adtive de la danse&nbsp;: \u00eatre tou\u00adch\u00e9 tac\u00adti\u00adle\u00adment par les masses colo\u00adr\u00e9es qui se d\u00e9placent au loin<br><br>- le spec\u00adta\u00adteur est un vrai \u00ab&nbsp;par\u00adte\u00adnaire&nbsp;\u00bb, avec ce que cela implique\u2026<br><br><i>Un dan\u00adseur au milieu d\u2019un cercle de spec\u00adta\u00adteurs<\/i><br><br>- sau\u00advage \u00e9pa\u00adnoui<br><br>- ne rien pr\u00e9\u00adm\u00e9\u00addi\u00adter et la vie reprend du go\u00fbt<br><br>- de la crainte de vivre \u00e0&nbsp;la joie d\u2019\u00eatre, par\u00admi les autres<br><br>- le spec\u00adta\u00adteur se place au centre du cercle&nbsp;: la chaus\u00adsette se retourne et tout \u00e0&nbsp;coup le vide appa\u00adra\u00eet<br><br>- on ne peut pas \u00eatre l\u2019autre, de toutes fa\u00e7ons<br><br>- entrer en soi pour \u00eatre avec les autres<br><br>- espace intime infi\u00adni<br><br>- per\u00ads\u00e9\u00adv\u00e9\u00adrer dans son \u00eatre aug\u00admente la puis\u00adsance d\u2019exister, dixit Spi\u00adno\u00adza, d\u00e9ci\u00add\u00e9\u00adment\u2026<br><br>Andr\u00e9ine Bel<br>avec Ber\u00adnard, Marit\u00adza, Minh, Richard, Virginie<\/p><p style=\"color:green; text-align:right !important;\">Article cr\u00e9\u00e9 le 16\/02\/2020<\/p>","protected":false},"excerpt":{"rendered":"<p>Danse recherche\u2192 Comptes ren\u00addus des ate\u00adliers\u2192 Aix !!L\u2019immanence \u2013 6\/5\/12 CR danse recherche au stu\u00addio For\u00adbin du 6\/5\/11 \u2013 L\u2019immanence Nous \u00e9tions six \u00e0&nbsp;nous pen\u00adcher sur l\u2019immanence comme sur un ber\u00adceau abri\u00adtant un nou\u00ad\u00adveau-n\u00e9, pour faire connais\u00adsance. Je mets entre [\u2026] mes ajouts au moment de la r\u00e9dac\u00adtion. Le reste est une recr\u00e9a\u00adtion de ce qui a&nbsp;\u00e9t\u00e9 dit pen\u00addant l\u2019atelier, \u00e0&nbsp;par\u00adtir de mes notes \u00e9crites. Notre sou\u00adve\u00adnir du dico&nbsp;: \u00ab&nbsp;Ce qui est en&nbsp;soi&nbsp;\u00bb\u2026 L\u2019approche de l\u2019immanence dans nos vies&nbsp;est&nbsp;[\u2026]<\/p>\n","protected":false},"author":2,"featured_media":0,"comment_status":"open","ping_status":"open","sticky":false,"template":"","format":"standard","meta":{"wp_typography_post_enhancements_disabled":false,"footnotes":""},"categories":[223],"tags":[224],"class_list":["post-261","post","type-post","status-publish","format-standard","hentry","category-comptes-rendus_ateliers_aix","tag-dr_comptesrendusateliersaix"],"yoast_head":"<!-- This site is optimized with the Yoast SEO plugin v27.5 - https:\/\/yoast.com\/product\/yoast-seo-wordpress\/ -->\n<title>L\u2019immanence - Le TILT<\/title>\n<meta name=\"robots\" content=\"index, follow, max-snippet:-1, max-image-preview:large, max-video-preview:-1\" \/>\n<link rel=\"canonical\" href=\"https:\/\/www.leti.lt\/wordpress\/danserecherche-limmanence\/\" \/>\n<meta property=\"og:locale\" content=\"fr_FR\" \/>\n<meta property=\"og:type\" content=\"article\" \/>\n<meta property=\"og:title\" content=\"L\u2019immanence - Le TILT\" \/>\n<meta property=\"og:description\" content=\"Danse recherche\u2192 Comptes ren\u00addus des ate\u00adliers\u2192 Aix !!L\u2019immanence \u2013 6\/5\/12 CR danse recherche au stu\u00addio For\u00adbin du 6\/5\/11 \u2013 L\u2019immanence Nous \u00e9tions six \u00e0&nbsp;nous pen\u00adcher sur l\u2019immanence comme sur un ber\u00adceau abri\u00adtant un nou\u00adveau-n\u00e9, pour faire connais\u00adsance. Je mets entre [\u2026] mes ajouts au moment de la r\u00e9dac\u00adtion. Le reste est une recr\u00e9a\u00adtion de ce qui a&nbsp;\u00e9t\u00e9 dit pen\u00addant l\u2019atelier, \u00e0&nbsp;par\u00adtir de mes notes \u00e9crites. Notre sou\u00adve\u00adnir du dico&nbsp;: \u00ab&nbsp;Ce qui est en&nbsp;soi&nbsp;\u00bb\u2026 L\u2019approche de l\u2019immanence dans nos vies est [&hellip;]\" \/>\n<meta property=\"og:url\" content=\"https:\/\/www.leti.lt\/wordpress\/danserecherche-limmanence\/\" \/>\n<meta property=\"og:site_name\" content=\"Le TILT\" \/>\n<meta property=\"article:published_time\" content=\"2020-02-16T14:30:33+00:00\" \/>\n<meta name=\"author\" content=\"Andr\u00e9ine Bel\" \/>\n<meta name=\"twitter:card\" content=\"summary_large_image\" \/>\n<meta name=\"twitter:label1\" content=\"\u00c9crit par\" \/>\n\t<meta name=\"twitter:data1\" content=\"Andr\u00e9ine Bel\" \/>\n\t<meta name=\"twitter:label2\" content=\"Dur\u00e9e de lecture estim\u00e9e\" \/>\n\t<meta name=\"twitter:data2\" content=\"4 minutes\" \/>\n<script type=\"application\/ld+json\" class=\"yoast-schema-graph\">{\"@context\":\"https:\\\/\\\/schema.org\",\"@graph\":[{\"@type\":\"Article\",\"@id\":\"https:\\\/\\\/www.leti.lt\\\/wordpress\\\/danserecherche-limmanence\\\/#article\",\"isPartOf\":{\"@id\":\"https:\\\/\\\/www.leti.lt\\\/wordpress\\\/danserecherche-limmanence\\\/\"},\"author\":{\"name\":\"Andr\u00e9ine Bel\",\"@id\":\"https:\\\/\\\/www.leti.lt\\\/wordpress\\\/#\\\/schema\\\/person\\\/9bb307b2af8fbb575bb3603e57951f75\"},\"headline\":\"L\u2019immanence\",\"datePublished\":\"2020-02-16T14:30:33+00:00\",\"mainEntityOfPage\":{\"@id\":\"https:\\\/\\\/www.leti.lt\\\/wordpress\\\/danserecherche-limmanence\\\/\"},\"wordCount\":847,\"commentCount\":0,\"keywords\":[\"DR_ComptesRendusAteliersAix\"],\"articleSection\":[\"Ateliers Aix DR\"],\"inLanguage\":\"fr-FR\",\"potentialAction\":[{\"@type\":\"CommentAction\",\"name\":\"Comment\",\"target\":[\"https:\\\/\\\/www.leti.lt\\\/wordpress\\\/danserecherche-limmanence\\\/#respond\"]}]},{\"@type\":\"WebPage\",\"@id\":\"https:\\\/\\\/www.leti.lt\\\/wordpress\\\/danserecherche-limmanence\\\/\",\"url\":\"https:\\\/\\\/www.leti.lt\\\/wordpress\\\/danserecherche-limmanence\\\/\",\"name\":\"L\u2019immanence - Le TILT\",\"isPartOf\":{\"@id\":\"https:\\\/\\\/www.leti.lt\\\/wordpress\\\/#website\"},\"datePublished\":\"2020-02-16T14:30:33+00:00\",\"author\":{\"@id\":\"https:\\\/\\\/www.leti.lt\\\/wordpress\\\/#\\\/schema\\\/person\\\/9bb307b2af8fbb575bb3603e57951f75\"},\"breadcrumb\":{\"@id\":\"https:\\\/\\\/www.leti.lt\\\/wordpress\\\/danserecherche-limmanence\\\/#breadcrumb\"},\"inLanguage\":\"fr-FR\",\"potentialAction\":[{\"@type\":\"ReadAction\",\"target\":[\"https:\\\/\\\/www.leti.lt\\\/wordpress\\\/danserecherche-limmanence\\\/\"]}]},{\"@type\":\"BreadcrumbList\",\"@id\":\"https:\\\/\\\/www.leti.lt\\\/wordpress\\\/danserecherche-limmanence\\\/#breadcrumb\",\"itemListElement\":[{\"@type\":\"ListItem\",\"position\":1,\"name\":\"Accueil\",\"item\":\"https:\\\/\\\/www.leti.lt\\\/wordpress\\\/\"},{\"@type\":\"ListItem\",\"position\":2,\"name\":\"L\u2019immanence\"}]},{\"@type\":\"WebSite\",\"@id\":\"https:\\\/\\\/www.leti.lt\\\/wordpress\\\/#website\",\"url\":\"https:\\\/\\\/www.leti.lt\\\/wordpress\\\/\",\"name\":\"Le TILT\",\"description\":\"Recherche, publication, cr\u00e9ation artistique\",\"potentialAction\":[{\"@type\":\"SearchAction\",\"target\":{\"@type\":\"EntryPoint\",\"urlTemplate\":\"https:\\\/\\\/www.leti.lt\\\/wordpress\\\/?s={search_term_string}\"},\"query-input\":{\"@type\":\"PropertyValueSpecification\",\"valueRequired\":true,\"valueName\":\"search_term_string\"}}],\"inLanguage\":\"fr-FR\"},{\"@type\":\"Person\",\"@id\":\"https:\\\/\\\/www.leti.lt\\\/wordpress\\\/#\\\/schema\\\/person\\\/9bb307b2af8fbb575bb3603e57951f75\",\"name\":\"Andr\u00e9ine Bel\",\"image\":{\"@type\":\"ImageObject\",\"inLanguage\":\"fr-FR\",\"@id\":\"https:\\\/\\\/secure.gravatar.com\\\/avatar\\\/4ab041ec7c7ad3b90293023e86528ec1a700ce2971ff61811b2df6b288dd1f38?s=96&d=identicon&r=g\",\"url\":\"https:\\\/\\\/secure.gravatar.com\\\/avatar\\\/4ab041ec7c7ad3b90293023e86528ec1a700ce2971ff61811b2df6b288dd1f38?s=96&d=identicon&r=g\",\"contentUrl\":\"https:\\\/\\\/secure.gravatar.com\\\/avatar\\\/4ab041ec7c7ad3b90293023e86528ec1a700ce2971ff61811b2df6b288dd1f38?s=96&d=identicon&r=g\",\"caption\":\"Andr\u00e9ine Bel\"},\"url\":\"https:\\\/\\\/www.leti.lt\\\/wordpress\\\/author\\\/andreine\\\/\"}]}<\/script>\n<!-- \/ Yoast SEO plugin. -->","yoast_head_json":{"title":"L\u2019immanence - Le TILT","robots":{"index":"index","follow":"follow","max-snippet":"max-snippet:-1","max-image-preview":"max-image-preview:large","max-video-preview":"max-video-preview:-1"},"canonical":"https:\/\/www.leti.lt\/wordpress\/danserecherche-limmanence\/","og_locale":"fr_FR","og_type":"article","og_title":"L\u2019immanence - Le TILT","og_description":"Danse recherche\u2192 Comptes ren\u00addus des ate\u00adliers\u2192 Aix !!L\u2019immanence \u2013 6\/5\/12 CR danse recherche au stu\u00addio For\u00adbin du 6\/5\/11 \u2013 L\u2019immanence Nous \u00e9tions six \u00e0&nbsp;nous pen\u00adcher sur l\u2019immanence comme sur un ber\u00adceau abri\u00adtant un nou\u00adveau-n\u00e9, pour faire connais\u00adsance. Je mets entre [\u2026] mes ajouts au moment de la r\u00e9dac\u00adtion. Le reste est une recr\u00e9a\u00adtion de ce qui a&nbsp;\u00e9t\u00e9 dit pen\u00addant l\u2019atelier, \u00e0&nbsp;par\u00adtir de mes notes \u00e9crites. Notre sou\u00adve\u00adnir du dico&nbsp;: \u00ab&nbsp;Ce qui est en&nbsp;soi&nbsp;\u00bb\u2026 L\u2019approche de l\u2019immanence dans nos vies est [&hellip;]","og_url":"https:\/\/www.leti.lt\/wordpress\/danserecherche-limmanence\/","og_site_name":"Le TILT","article_published_time":"2020-02-16T14:30:33+00:00","author":"Andr\u00e9ine Bel","twitter_card":"summary_large_image","twitter_misc":{"\u00c9crit par":"Andr\u00e9ine Bel","Dur\u00e9e de lecture estim\u00e9e":"4 minutes"},"schema":{"@context":"https:\/\/schema.org","@graph":[{"@type":"Article","@id":"https:\/\/www.leti.lt\/wordpress\/danserecherche-limmanence\/#article","isPartOf":{"@id":"https:\/\/www.leti.lt\/wordpress\/danserecherche-limmanence\/"},"author":{"name":"Andr\u00e9ine Bel","@id":"https:\/\/www.leti.lt\/wordpress\/#\/schema\/person\/9bb307b2af8fbb575bb3603e57951f75"},"headline":"L\u2019immanence","datePublished":"2020-02-16T14:30:33+00:00","mainEntityOfPage":{"@id":"https:\/\/www.leti.lt\/wordpress\/danserecherche-limmanence\/"},"wordCount":847,"commentCount":0,"keywords":["DR_ComptesRendusAteliersAix"],"articleSection":["Ateliers Aix DR"],"inLanguage":"fr-FR","potentialAction":[{"@type":"CommentAction","name":"Comment","target":["https:\/\/www.leti.lt\/wordpress\/danserecherche-limmanence\/#respond"]}]},{"@type":"WebPage","@id":"https:\/\/www.leti.lt\/wordpress\/danserecherche-limmanence\/","url":"https:\/\/www.leti.lt\/wordpress\/danserecherche-limmanence\/","name":"L\u2019immanence - Le TILT","isPartOf":{"@id":"https:\/\/www.leti.lt\/wordpress\/#website"},"datePublished":"2020-02-16T14:30:33+00:00","author":{"@id":"https:\/\/www.leti.lt\/wordpress\/#\/schema\/person\/9bb307b2af8fbb575bb3603e57951f75"},"breadcrumb":{"@id":"https:\/\/www.leti.lt\/wordpress\/danserecherche-limmanence\/#breadcrumb"},"inLanguage":"fr-FR","potentialAction":[{"@type":"ReadAction","target":["https:\/\/www.leti.lt\/wordpress\/danserecherche-limmanence\/"]}]},{"@type":"BreadcrumbList","@id":"https:\/\/www.leti.lt\/wordpress\/danserecherche-limmanence\/#breadcrumb","itemListElement":[{"@type":"ListItem","position":1,"name":"Accueil","item":"https:\/\/www.leti.lt\/wordpress\/"},{"@type":"ListItem","position":2,"name":"L\u2019immanence"}]},{"@type":"WebSite","@id":"https:\/\/www.leti.lt\/wordpress\/#website","url":"https:\/\/www.leti.lt\/wordpress\/","name":"Le TILT","description":"Recherche, publication, cr\u00e9ation artistique","potentialAction":[{"@type":"SearchAction","target":{"@type":"EntryPoint","urlTemplate":"https:\/\/www.leti.lt\/wordpress\/?s={search_term_string}"},"query-input":{"@type":"PropertyValueSpecification","valueRequired":true,"valueName":"search_term_string"}}],"inLanguage":"fr-FR"},{"@type":"Person","@id":"https:\/\/www.leti.lt\/wordpress\/#\/schema\/person\/9bb307b2af8fbb575bb3603e57951f75","name":"Andr\u00e9ine Bel","image":{"@type":"ImageObject","inLanguage":"fr-FR","@id":"https:\/\/secure.gravatar.com\/avatar\/4ab041ec7c7ad3b90293023e86528ec1a700ce2971ff61811b2df6b288dd1f38?s=96&d=identicon&r=g","url":"https:\/\/secure.gravatar.com\/avatar\/4ab041ec7c7ad3b90293023e86528ec1a700ce2971ff61811b2df6b288dd1f38?s=96&d=identicon&r=g","contentUrl":"https:\/\/secure.gravatar.com\/avatar\/4ab041ec7c7ad3b90293023e86528ec1a700ce2971ff61811b2df6b288dd1f38?s=96&d=identicon&r=g","caption":"Andr\u00e9ine Bel"},"url":"https:\/\/www.leti.lt\/wordpress\/author\/andreine\/"}]}},"_links":{"self":[{"href":"https:\/\/www.leti.lt\/wordpress\/wp-json\/wp\/v2\/posts\/261","targetHints":{"allow":["GET"]}}],"collection":[{"href":"https:\/\/www.leti.lt\/wordpress\/wp-json\/wp\/v2\/posts"}],"about":[{"href":"https:\/\/www.leti.lt\/wordpress\/wp-json\/wp\/v2\/types\/post"}],"author":[{"embeddable":true,"href":"https:\/\/www.leti.lt\/wordpress\/wp-json\/wp\/v2\/users\/2"}],"replies":[{"embeddable":true,"href":"https:\/\/www.leti.lt\/wordpress\/wp-json\/wp\/v2\/comments?post=261"}],"version-history":[{"count":0,"href":"https:\/\/www.leti.lt\/wordpress\/wp-json\/wp\/v2\/posts\/261\/revisions"}],"wp:attachment":[{"href":"https:\/\/www.leti.lt\/wordpress\/wp-json\/wp\/v2\/media?parent=261"}],"wp:term":[{"taxonomy":"category","embeddable":true,"href":"https:\/\/www.leti.lt\/wordpress\/wp-json\/wp\/v2\/categories?post=261"},{"taxonomy":"post_tag","embeddable":true,"href":"https:\/\/www.leti.lt\/wordpress\/wp-json\/wp\/v2\/tags?post=261"}],"curies":[{"name":"wp","href":"https:\/\/api.w.org\/{rel}","templated":true}]}}