{"id":258,"date":"2020-02-16T15:30:33","date_gmt":"2020-02-16T14:30:33","guid":{"rendered":"https:\/\/www.leti.lt\/wordpress\/?p=258"},"modified":"-0001-11-30T00:00:00","modified_gmt":"-0001-11-29T22:00:00","slug":"danserecherche-infratechnique","status":"publish","type":"post","link":"https:\/\/www.leti.lt\/wordpress\/danserecherche-infratechnique\/","title":{"rendered":"L\u2019infra-technique"},"content":{"rendered":"<p><a href=\"https:\/\/www.leti.lt\/wordpress\/danserecherche-danserecherche\/\">Danse recherche<\/a><br>\u2192 <a href=\"https:\/\/www.leti.lt\/wordpress\/danserecherche-lecrituredeladanserecherche\/\">L\u2019\u00e9criture de la danse recherche<\/a><br><br>!! L\u2019 infra-tech\u00adnique \u2013 d\u00e9cembre 2009<br><br>Ce n\u00e9o\u00adlo\u00adgisme nous est appa\u00adru avec la pen\u00ads\u00e9e que nous n\u2019abordons pas la danse sous un angle tech\u00adnique, et que, pour autant, ce que nous fai\u00adsons est pr\u00e9\u00adcis et exi\u00adgeant. Il y&nbsp;a bien quelque chose qui \u0153uvre et nous per\u00admet de d\u00e9ve\u00adlop\u00adper la danse en nous, m\u00eame en dehors de toute tech\u00adnique acquise par un appren\u00adtis\u00adsage volon\u00adtaire et gui\u00add\u00e9 de l\u2019ext\u00e9rieur.<br><br>Don\u00adner \u00e0&nbsp;voir ce qui ne se voit pas d\u2019habitude, c\u2019est ce que cherche \u00e0&nbsp;faire un artiste. C\u2019est \u00e9du\u00adquer le regard, le sien et celui du spec\u00adta\u00adteur, pour le d\u00e9con\u00addi\u00adtion\u00adner, d\u00e9for\u00adma\u00adter, sur\u00adprendre, hors juge\u00adment mais avec dis\u00adcer\u00adne\u00adment\u2026<br><br>Cette \u00e9du\u00adca\u00adtion du regard s\u2019accomplit avec un appren\u00adtis\u00adsage tech\u00adnique, mais il est par\u00adfois tel\u00adle\u00adment deman\u00addant, astrei\u00adgnant, que la finesse peut man\u00adquer \u00e0&nbsp;l\u2019appel. Il faut alors cette \u00ab&nbsp;impr\u00e9\u00adgna\u00adtion&nbsp;\u00bb aupr\u00e8s de quelqu\u2019un ou de quelque chose, dans cer\u00adtaines condi\u00adtions, impr\u00e9\u00adgna\u00adtion qui donne \u00e0&nbsp;voir, \u00e0&nbsp;pen\u00adser, \u00e0&nbsp;sen\u00adtir, \u00e0&nbsp;vibrer.<br><br>Par infra-tech\u00adnique, on d\u00e9signe ain\u00adsi toutes ces mises en place presque imper\u00adcep\u00adtibles qui d\u00e9ve\u00adloppent une qua\u00adli\u00adt\u00e9, une ver\u00adsa\u00adti\u00adli\u00adt\u00e9 des points de vue, un recul avec ce que l\u2019on fait.<br><br>On pour\u00adrait dire que l\u2019infra-technique est \u00e0&nbsp;la tech\u00adnique ce que la po\u00e9\u00adsie est \u00e0&nbsp;la lit\u00adt\u00e9\u00adra\u00adture&nbsp;: elle en fait par\u00adtie, mais \u00e0&nbsp;moins qu\u2019on foca\u00adlise son atten\u00adtion vers elle, elle ne se per\u00ad\u00e7oit, ni ne se d\u00e9ve\u00adloppe.<br><br>Les gitans affirment \u00ab&nbsp;ne pas apprendre le fla\u00admen\u00adco&nbsp;\u00bb alors qu\u2019ils le pra\u00adtiquent har\u00addi\u00adment sous le regard de leurs a\u00een\u00e9s. Je dirais qu\u2019ils n\u2019apprennent pas la tech\u00adnique mais imbibent l\u2019infra-technique. Ils vivent avec elle et la d\u00e9ve\u00adloppent, par la seule force exu\u00adb\u00e9\u00adrante de leur vie.<br><br>Le nom d\u2019infra-technique r\u00e9sonne avec infra-rouge, qui donne \u00e0&nbsp;voir ce qui est invi\u00adsible dans le noir.<br><br>Andr\u00e9ine Bel<br><br>(:line\u00adbreaks:)<br>-&gt;D\u2019une \u00e9cri\u00adture trem\u00adblante<br> j\u2019\u00e9cris mon nom<br> au temple de l\u2019hiver<br><br> Wada&nbsp;Gor\u00f4<\/p><p style=\"color:green; text-align:right !important;\">Article cr\u00e9\u00e9 le 16\/02\/2020<\/p>","protected":false},"excerpt":{"rendered":"<p>Danse recherche\u2192 L\u2019\u00e9criture de la danse recherche !! L\u2019 infra-tech\u00ad\u00adnique \u2013 d\u00e9cembre 2009 Ce n\u00e9o\u00adlo\u00adgisme nous est appa\u00adru avec la pen\u00ads\u00e9e que nous n\u2019abordons pas la danse sous un angle tech\u00adnique, et que, pour autant, ce que nous fai\u00adsons est pr\u00e9\u00adcis et exi\u00adgeant. Il y&nbsp;a&nbsp;bien quelque chose qui \u0153uvre et nous per\u00admet de d\u00e9ve\u00adlop\u00adper la danse en nous, m\u00eame en dehors de toute tech\u00adnique acquise par un appren\u00adtis\u00adsage volon\u00adtaire et gui\u00add\u00e9 de l\u2019ext\u00e9rieur. Don\u00adner \u00e0&nbsp;voir ce qui ne&nbsp;se&nbsp;[\u2026]<\/p>\n","protected":false},"author":2,"featured_media":0,"comment_status":"open","ping_status":"open","sticky":false,"template":"","format":"standard","meta":{"wp_typography_post_enhancements_disabled":false,"footnotes":""},"categories":[138],"tags":[225],"class_list":["post-258","post","type-post","status-publish","format-standard","hentry","category-l_ecriture","tag-dr_ecriture"],"yoast_head":"<!-- This site is optimized with the Yoast SEO plugin v27.5 - https:\/\/yoast.com\/product\/yoast-seo-wordpress\/ -->\n<title>L\u2019infra-technique - Le TILT<\/title>\n<meta name=\"robots\" content=\"index, follow, max-snippet:-1, max-image-preview:large, max-video-preview:-1\" \/>\n<link rel=\"canonical\" href=\"https:\/\/www.leti.lt\/wordpress\/danserecherche-infratechnique\/\" \/>\n<meta property=\"og:locale\" content=\"fr_FR\" \/>\n<meta property=\"og:type\" content=\"article\" \/>\n<meta property=\"og:title\" content=\"L\u2019infra-technique - Le TILT\" \/>\n<meta property=\"og:description\" content=\"Danse recherche\u2192 L\u2019\u00e9criture de la danse recherche !! L\u2019 infra-tech\u00adnique \u2013 d\u00e9cembre 2009 Ce n\u00e9o\u00adlo\u00adgisme nous est appa\u00adru avec la pen\u00ads\u00e9e que nous n\u2019abordons pas la danse sous un angle tech\u00adnique, et que, pour autant, ce que nous fai\u00adsons est pr\u00e9\u00adcis et exi\u00adgeant. Il y&nbsp;a bien quelque chose qui \u0153uvre et nous per\u00admet de d\u00e9ve\u00adlop\u00adper la danse en nous, m\u00eame en dehors de toute tech\u00adnique acquise par un appren\u00adtis\u00adsage volon\u00adtaire et gui\u00add\u00e9 de l\u2019ext\u00e9rieur. Don\u00adner \u00e0&nbsp;voir ce qui ne se [&hellip;]\" \/>\n<meta property=\"og:url\" content=\"https:\/\/www.leti.lt\/wordpress\/danserecherche-infratechnique\/\" \/>\n<meta property=\"og:site_name\" content=\"Le TILT\" \/>\n<meta property=\"article:published_time\" content=\"2020-02-16T14:30:33+00:00\" \/>\n<meta name=\"author\" content=\"Andr\u00e9ine Bel\" \/>\n<meta name=\"twitter:card\" content=\"summary_large_image\" \/>\n<meta name=\"twitter:label1\" content=\"\u00c9crit par\" \/>\n\t<meta name=\"twitter:data1\" content=\"Andr\u00e9ine Bel\" \/>\n\t<meta name=\"twitter:label2\" content=\"Dur\u00e9e de lecture estim\u00e9e\" \/>\n\t<meta name=\"twitter:data2\" content=\"2 minutes\" \/>\n<script type=\"application\/ld+json\" class=\"yoast-schema-graph\">{\"@context\":\"https:\\\/\\\/schema.org\",\"@graph\":[{\"@type\":\"Article\",\"@id\":\"https:\\\/\\\/www.leti.lt\\\/wordpress\\\/danserecherche-infratechnique\\\/#article\",\"isPartOf\":{\"@id\":\"https:\\\/\\\/www.leti.lt\\\/wordpress\\\/danserecherche-infratechnique\\\/\"},\"author\":{\"name\":\"Andr\u00e9ine Bel\",\"@id\":\"https:\\\/\\\/www.leti.lt\\\/wordpress\\\/#\\\/schema\\\/person\\\/9bb307b2af8fbb575bb3603e57951f75\"},\"headline\":\"L\u2019infra-technique\",\"datePublished\":\"2020-02-16T14:30:33+00:00\",\"mainEntityOfPage\":{\"@id\":\"https:\\\/\\\/www.leti.lt\\\/wordpress\\\/danserecherche-infratechnique\\\/\"},\"wordCount\":339,\"commentCount\":0,\"keywords\":[\"DR_Ecriture\"],\"articleSection\":[\"L\u2019\u00e9criture\"],\"inLanguage\":\"fr-FR\",\"potentialAction\":[{\"@type\":\"CommentAction\",\"name\":\"Comment\",\"target\":[\"https:\\\/\\\/www.leti.lt\\\/wordpress\\\/danserecherche-infratechnique\\\/#respond\"]}]},{\"@type\":\"WebPage\",\"@id\":\"https:\\\/\\\/www.leti.lt\\\/wordpress\\\/danserecherche-infratechnique\\\/\",\"url\":\"https:\\\/\\\/www.leti.lt\\\/wordpress\\\/danserecherche-infratechnique\\\/\",\"name\":\"L\u2019infra-technique - Le TILT\",\"isPartOf\":{\"@id\":\"https:\\\/\\\/www.leti.lt\\\/wordpress\\\/#website\"},\"datePublished\":\"2020-02-16T14:30:33+00:00\",\"author\":{\"@id\":\"https:\\\/\\\/www.leti.lt\\\/wordpress\\\/#\\\/schema\\\/person\\\/9bb307b2af8fbb575bb3603e57951f75\"},\"breadcrumb\":{\"@id\":\"https:\\\/\\\/www.leti.lt\\\/wordpress\\\/danserecherche-infratechnique\\\/#breadcrumb\"},\"inLanguage\":\"fr-FR\",\"potentialAction\":[{\"@type\":\"ReadAction\",\"target\":[\"https:\\\/\\\/www.leti.lt\\\/wordpress\\\/danserecherche-infratechnique\\\/\"]}]},{\"@type\":\"BreadcrumbList\",\"@id\":\"https:\\\/\\\/www.leti.lt\\\/wordpress\\\/danserecherche-infratechnique\\\/#breadcrumb\",\"itemListElement\":[{\"@type\":\"ListItem\",\"position\":1,\"name\":\"Accueil\",\"item\":\"https:\\\/\\\/www.leti.lt\\\/wordpress\\\/\"},{\"@type\":\"ListItem\",\"position\":2,\"name\":\"L\u2019infra-technique\"}]},{\"@type\":\"WebSite\",\"@id\":\"https:\\\/\\\/www.leti.lt\\\/wordpress\\\/#website\",\"url\":\"https:\\\/\\\/www.leti.lt\\\/wordpress\\\/\",\"name\":\"Le TILT\",\"description\":\"Recherche, publication, cr\u00e9ation artistique\",\"potentialAction\":[{\"@type\":\"SearchAction\",\"target\":{\"@type\":\"EntryPoint\",\"urlTemplate\":\"https:\\\/\\\/www.leti.lt\\\/wordpress\\\/?s={search_term_string}\"},\"query-input\":{\"@type\":\"PropertyValueSpecification\",\"valueRequired\":true,\"valueName\":\"search_term_string\"}}],\"inLanguage\":\"fr-FR\"},{\"@type\":\"Person\",\"@id\":\"https:\\\/\\\/www.leti.lt\\\/wordpress\\\/#\\\/schema\\\/person\\\/9bb307b2af8fbb575bb3603e57951f75\",\"name\":\"Andr\u00e9ine Bel\",\"image\":{\"@type\":\"ImageObject\",\"inLanguage\":\"fr-FR\",\"@id\":\"https:\\\/\\\/secure.gravatar.com\\\/avatar\\\/4ab041ec7c7ad3b90293023e86528ec1a700ce2971ff61811b2df6b288dd1f38?s=96&d=identicon&r=g\",\"url\":\"https:\\\/\\\/secure.gravatar.com\\\/avatar\\\/4ab041ec7c7ad3b90293023e86528ec1a700ce2971ff61811b2df6b288dd1f38?s=96&d=identicon&r=g\",\"contentUrl\":\"https:\\\/\\\/secure.gravatar.com\\\/avatar\\\/4ab041ec7c7ad3b90293023e86528ec1a700ce2971ff61811b2df6b288dd1f38?s=96&d=identicon&r=g\",\"caption\":\"Andr\u00e9ine Bel\"},\"url\":\"https:\\\/\\\/www.leti.lt\\\/wordpress\\\/author\\\/andreine\\\/\"}]}<\/script>\n<!-- \/ Yoast SEO plugin. -->","yoast_head_json":{"title":"L\u2019infra-technique - Le TILT","robots":{"index":"index","follow":"follow","max-snippet":"max-snippet:-1","max-image-preview":"max-image-preview:large","max-video-preview":"max-video-preview:-1"},"canonical":"https:\/\/www.leti.lt\/wordpress\/danserecherche-infratechnique\/","og_locale":"fr_FR","og_type":"article","og_title":"L\u2019infra-technique - Le TILT","og_description":"Danse recherche\u2192 L\u2019\u00e9criture de la danse recherche !! L\u2019 infra-tech\u00adnique \u2013 d\u00e9cembre 2009 Ce n\u00e9o\u00adlo\u00adgisme nous est appa\u00adru avec la pen\u00ads\u00e9e que nous n\u2019abordons pas la danse sous un angle tech\u00adnique, et que, pour autant, ce que nous fai\u00adsons est pr\u00e9\u00adcis et exi\u00adgeant. Il y&nbsp;a bien quelque chose qui \u0153uvre et nous per\u00admet de d\u00e9ve\u00adlop\u00adper la danse en nous, m\u00eame en dehors de toute tech\u00adnique acquise par un appren\u00adtis\u00adsage volon\u00adtaire et gui\u00add\u00e9 de l\u2019ext\u00e9rieur. Don\u00adner \u00e0&nbsp;voir ce qui ne se [&hellip;]","og_url":"https:\/\/www.leti.lt\/wordpress\/danserecherche-infratechnique\/","og_site_name":"Le TILT","article_published_time":"2020-02-16T14:30:33+00:00","author":"Andr\u00e9ine Bel","twitter_card":"summary_large_image","twitter_misc":{"\u00c9crit par":"Andr\u00e9ine Bel","Dur\u00e9e de lecture estim\u00e9e":"2 minutes"},"schema":{"@context":"https:\/\/schema.org","@graph":[{"@type":"Article","@id":"https:\/\/www.leti.lt\/wordpress\/danserecherche-infratechnique\/#article","isPartOf":{"@id":"https:\/\/www.leti.lt\/wordpress\/danserecherche-infratechnique\/"},"author":{"name":"Andr\u00e9ine Bel","@id":"https:\/\/www.leti.lt\/wordpress\/#\/schema\/person\/9bb307b2af8fbb575bb3603e57951f75"},"headline":"L\u2019infra-technique","datePublished":"2020-02-16T14:30:33+00:00","mainEntityOfPage":{"@id":"https:\/\/www.leti.lt\/wordpress\/danserecherche-infratechnique\/"},"wordCount":339,"commentCount":0,"keywords":["DR_Ecriture"],"articleSection":["L\u2019\u00e9criture"],"inLanguage":"fr-FR","potentialAction":[{"@type":"CommentAction","name":"Comment","target":["https:\/\/www.leti.lt\/wordpress\/danserecherche-infratechnique\/#respond"]}]},{"@type":"WebPage","@id":"https:\/\/www.leti.lt\/wordpress\/danserecherche-infratechnique\/","url":"https:\/\/www.leti.lt\/wordpress\/danserecherche-infratechnique\/","name":"L\u2019infra-technique - Le TILT","isPartOf":{"@id":"https:\/\/www.leti.lt\/wordpress\/#website"},"datePublished":"2020-02-16T14:30:33+00:00","author":{"@id":"https:\/\/www.leti.lt\/wordpress\/#\/schema\/person\/9bb307b2af8fbb575bb3603e57951f75"},"breadcrumb":{"@id":"https:\/\/www.leti.lt\/wordpress\/danserecherche-infratechnique\/#breadcrumb"},"inLanguage":"fr-FR","potentialAction":[{"@type":"ReadAction","target":["https:\/\/www.leti.lt\/wordpress\/danserecherche-infratechnique\/"]}]},{"@type":"BreadcrumbList","@id":"https:\/\/www.leti.lt\/wordpress\/danserecherche-infratechnique\/#breadcrumb","itemListElement":[{"@type":"ListItem","position":1,"name":"Accueil","item":"https:\/\/www.leti.lt\/wordpress\/"},{"@type":"ListItem","position":2,"name":"L\u2019infra-technique"}]},{"@type":"WebSite","@id":"https:\/\/www.leti.lt\/wordpress\/#website","url":"https:\/\/www.leti.lt\/wordpress\/","name":"Le TILT","description":"Recherche, publication, cr\u00e9ation artistique","potentialAction":[{"@type":"SearchAction","target":{"@type":"EntryPoint","urlTemplate":"https:\/\/www.leti.lt\/wordpress\/?s={search_term_string}"},"query-input":{"@type":"PropertyValueSpecification","valueRequired":true,"valueName":"search_term_string"}}],"inLanguage":"fr-FR"},{"@type":"Person","@id":"https:\/\/www.leti.lt\/wordpress\/#\/schema\/person\/9bb307b2af8fbb575bb3603e57951f75","name":"Andr\u00e9ine Bel","image":{"@type":"ImageObject","inLanguage":"fr-FR","@id":"https:\/\/secure.gravatar.com\/avatar\/4ab041ec7c7ad3b90293023e86528ec1a700ce2971ff61811b2df6b288dd1f38?s=96&d=identicon&r=g","url":"https:\/\/secure.gravatar.com\/avatar\/4ab041ec7c7ad3b90293023e86528ec1a700ce2971ff61811b2df6b288dd1f38?s=96&d=identicon&r=g","contentUrl":"https:\/\/secure.gravatar.com\/avatar\/4ab041ec7c7ad3b90293023e86528ec1a700ce2971ff61811b2df6b288dd1f38?s=96&d=identicon&r=g","caption":"Andr\u00e9ine Bel"},"url":"https:\/\/www.leti.lt\/wordpress\/author\/andreine\/"}]}},"_links":{"self":[{"href":"https:\/\/www.leti.lt\/wordpress\/wp-json\/wp\/v2\/posts\/258","targetHints":{"allow":["GET"]}}],"collection":[{"href":"https:\/\/www.leti.lt\/wordpress\/wp-json\/wp\/v2\/posts"}],"about":[{"href":"https:\/\/www.leti.lt\/wordpress\/wp-json\/wp\/v2\/types\/post"}],"author":[{"embeddable":true,"href":"https:\/\/www.leti.lt\/wordpress\/wp-json\/wp\/v2\/users\/2"}],"replies":[{"embeddable":true,"href":"https:\/\/www.leti.lt\/wordpress\/wp-json\/wp\/v2\/comments?post=258"}],"version-history":[{"count":0,"href":"https:\/\/www.leti.lt\/wordpress\/wp-json\/wp\/v2\/posts\/258\/revisions"}],"wp:attachment":[{"href":"https:\/\/www.leti.lt\/wordpress\/wp-json\/wp\/v2\/media?parent=258"}],"wp:term":[{"taxonomy":"category","embeddable":true,"href":"https:\/\/www.leti.lt\/wordpress\/wp-json\/wp\/v2\/categories?post=258"},{"taxonomy":"post_tag","embeddable":true,"href":"https:\/\/www.leti.lt\/wordpress\/wp-json\/wp\/v2\/tags?post=258"}],"curies":[{"name":"wp","href":"https:\/\/api.w.org\/{rel}","templated":true}]}}