{"id":253,"date":"2020-02-16T15:30:33","date_gmt":"2020-02-16T14:30:33","guid":{"rendered":"https:\/\/www.leti.lt\/wordpress\/?p=253"},"modified":"-0001-11-30T00:00:00","modified_gmt":"-0001-11-29T22:00:00","slug":"danserecherche-contacterlessensations","status":"publish","type":"post","link":"https:\/\/www.leti.lt\/wordpress\/danserecherche-contacterlessensations\/","title":{"rendered":"Contacter les sensations"},"content":{"rendered":"<p><a href=\"https:\/\/www.leti.lt\/wordpress\/danserecherche-danserecherche\/\">Danse recherche<\/a><br>\u2192 <a href=\"https:\/\/www.leti.lt\/wordpress\/danserecherche-aproposdeladanserecherche\/\">Che\u00admi\u00adne\u00adment de la danse recherche<\/a><br><br>!! Contac\u00adter les sen\u00adsa\u00adtions \u2013 mars 2007<br><br>\u2019\u2019\u2019Nadine :\u2019\u2019\u2019<br><br><b>\u201dContac\u00adter les sen\u00adsa\u00adtions&nbsp;\u00bb (et encore plus \u00ab&nbsp;contac\u00adter LA sen\u00adsa\u00adtion&nbsp;\u00bb), est une expres\u00adsion qui fait sens dans l\u2019espace pro\u00adt\u00e9\u00adg\u00e9 de notre ate\u00adlier&nbsp;; mais sor\u00adti de l\u00e0, j\u2019ai pu exp\u00e9\u00adri\u00admen\u00adter qu\u2019elle char\u00adrie der\u00adri\u00e8re elle tout l\u2019arri\u00e8re-monde du \u00ab&nbsp;d\u00e9ve\u00adlop\u00adpe\u00adment per\u00adson\u00adnel&nbsp;\u00bb et de la \u00ab&nbsp;recherche du Soi&nbsp;\u00bb, ce qui est tr\u00e8s dom\u00admage, vu que nous ne nous situons pas l\u00e0.<\/b><br><br>\u2019\u2019\u2019Andr\u00e9ine :\u2019\u2019\u2019<br><br>La sen\u00adsa\u00adtion, au sens pre\u00admier o\u00f9 nous l\u2019entendons pen\u00addant la danse forum, concerne le poids, espace, temps, consis\u00adtances, tem\u00adp\u00e9\u00adra\u00adtures etc. Ces sen\u00adsa\u00adtions-l\u00e0 sont loin des pr\u00e9\u00adoc\u00adcu\u00adpa\u00adtions des par\u00adti\u00adsans du d\u00e9ve\u00adlop\u00adpe\u00adment per\u00adson\u00adnel. Est-ce que je me trompe&nbsp;?<br><br>Nous ne cher\u00adchons pas non plus \u00e0&nbsp;l\u2019interpr\u00e9ter, cette sen\u00adsa\u00adtion. Elle nous meut et \u00e9ven\u00adtuel\u00adle\u00adment \u00e9meut, c\u2019est d\u00e9j\u00e0 beau\u00adcoup.<br><br>Inter\u00adpr\u00e9\u00adter la sen\u00adsa\u00adtion ou les \u00e9v\u00e9\u00adne\u00adments est au centre du d\u00e9ve\u00adlop\u00adpe\u00adment per\u00adson\u00adnel&nbsp;: si j\u2019ai mal au genou, c\u2019est que je ne veux pas plier devant l\u2019adversit\u00e9, si j\u2019ai mal au dos, c\u2019est que j\u2019en ai plein le dos de cette situa\u00adtion, si je ren\u00adcontre un ami par inad\u00adver\u00adtance alors que j\u2019ai pen\u00ads\u00e9 \u00e0&nbsp;lui la veille, ce n\u2019est pas un hasard\u2026 Dans cette dis\u00adpo\u00adsi\u00adtion d\u2019esprit, la r\u00e9ap\u00adpro\u00adpria\u00adtion de ce qui nous arrive passe par la res\u00adpon\u00adsa\u00adbi\u00adli\u00adsa\u00adtion et le sens don\u00adn\u00e9 \u00e0&nbsp;l\u2019\u00e9v\u00e9nement&nbsp;: tout devient logique, et cha\u00adcun m\u00e9rite son sort.<br><br>Tel que je l\u2019ai com\u00adpris, le \u00ab&nbsp;d\u00e9ve\u00adlop\u00adpe\u00adment per\u00adson\u00adnel&nbsp;\u00bb (et \u00ab&nbsp;sa&nbsp;\u00bb recherche du Soi) axe sa recherche sur l\u2019instinct et l\u2019intuition, dans ce qu\u2019ils auraient \u00ab&nbsp;d\u2019originel&nbsp;\u00bb, non spo\u00adli\u00e9 par l\u2019\u00e9ducation et l\u2019apprentissage, et loin de l\u2019ego, fruit du condi\u00adtion\u00adne\u00adment de l\u2019\u00eatre social.<br><br>Il est vrai que les sen\u00adsa\u00adtions sont sou\u00advent asso\u00adci\u00e9es \u00e0&nbsp;l\u2019instinct et \u00e0&nbsp;l\u2019intuition. On dit com\u00admu\u00adn\u00e9\u00adment&nbsp;: je fais cela ins\u00adtinc\u00adti\u00adve\u00adment parce que je le \u00ab&nbsp;sens&nbsp;\u00bb ain\u00adsi.<br><br>L\u2019instinct et l\u2019intuition sont \u00e9mi\u00adnem\u00adment res\u00adpec\u00adtables, mais dis\u00adcer\u00adner en eux la part de d\u2019imaginaire, d\u2019affabulation ou de devi\u00adnette est par\u00adfois chose d\u00e9li\u00adcate&nbsp;! Se lib\u00e9\u00adrer de tout condi\u00adtion\u00adne\u00adment par\u00adti\u00adsan, gage d\u2019une intui\u00adtion juste, est \u00e9mi\u00adnem\u00adment dif\u00adfi\u00adcile.<br><br>Je me suis sou\u00advent trom\u00adp\u00e9e en sui\u00advant mon \u00ab&nbsp;ins\u00adtinct&nbsp;\u00bb et mon \u00ab&nbsp;intui\u00adtion&nbsp;\u00bb (pas tou\u00adjours !) mais les sen\u00adsa\u00adtions au sens pre\u00admier ne me trompent pas. Elles sont sub\u00adjec\u00adtives, sont faites de mon his\u00adtoire, elles me disent la r\u00e9a\u00adli\u00adt\u00e9 telle que je la per\u00ad\u00e7ois et en cela sont ind\u00e9\u00adniables. Elles me disent ce que les choses me font.<br><br>Au lieu s\u2019essayer d\u2019\u00e9chapper \u00e0&nbsp;mon condi\u00adtion\u00adne\u00adment, en fait je m\u2019approprie (gr\u00e2ce \u00e0&nbsp;mon dis\u00adcer\u00adne\u00adment) mon condi\u00adtion\u00adne\u00adment phy\u00adsique, \u00e9mo\u00adtion\u00adnel, cultu\u00adrel, intel\u00adlec\u00adtuel en me reliant \u00e0&nbsp;mes sen\u00adsa\u00adtions, dans ce que ce condi\u00adtion\u00adne\u00adment m\u2019a per\u00admis de d\u00e9ve\u00adlop\u00adper. L\u2019enfant sau\u00advage, indemne du condi\u00adtion\u00adne\u00adment humain et de la parole en dit long sur la n\u00e9ces\u00adsi\u00adt\u00e9 struc\u00adtu\u00adrante de l\u2019interaction avec d\u2019autres humains&nbsp;: sans lan\u00adgage, sa sen\u00adsi\u00adti\u00advi\u00adt\u00e9 (tac\u00adtile et audi\u00adtive sur\u00adtout) est extr\u00ea\u00adme\u00adment r\u00e9duite, sans par\u00adler de ses sen\u00adti\u00adments ou de son intel\u00adlect.<br><br>Donc, la sen\u00adsa\u00adtion.<br><br>D\u2019un jour \u00e0&nbsp;l\u2019autre, mon poids \u00e0&nbsp;la balance ne change gu\u00e8re. Mais la sen\u00adsa\u00adtion de mon poids peut chan\u00adger consi\u00add\u00e9\u00adra\u00adble\u00adment&nbsp;: si je suis ten\u00addue, je ne sens pas mon poids, si je suis heu\u00adreuse, je me sens l\u00e9g\u00e8re, si je suis pr\u00e9\u00adoc\u00adcu\u00adp\u00e9e&nbsp;: lourde et gauche, si je suis apai\u00ads\u00e9e lourde mais souple et agile. C\u2019est invo\u00adlon\u00adtaire, je ne fais que consta\u00adter.<br><br>Dans toute cette fluc\u00adtua\u00adtion de la sen\u00adsa\u00adtion, je ne suis pour\u00adtant pas dans l\u2019imagination, l\u2019affabulation ou la devi\u00adnette, ma ten\u00adsion est bien r\u00e9elle et m\u2019affecte, elle peut s\u2019exprimer par des crampes, visibles et consta\u00adtables par tout un cha\u00adcun.<br><br>Si je veux \u00e9va\u00adluer le poids mesu\u00adrable, je le peux aus\u00adsi par la sen\u00adsa\u00adtion, fruit d\u2019un appren\u00adtis\u00adsage qui me per\u00admet d\u2019\u00e9valuer un poids phy\u00adsique. Plus je m\u2019exerce \u00e0&nbsp;cette \u00e9va\u00adlua\u00adtion, plus je suis exacte. La sen\u00adsa\u00adtion s\u2019\u00e9duque, qu\u2019elle soit sub\u00adjec\u00adtive ou qu\u2019elle se rap\u00adproche de l\u2019objectivit\u00e9, et cela d\u00e8s l\u2019enfance. Nous sommes donc avec deux r\u00e9a\u00adli\u00adt\u00e9s incon\u00adtes\u00adtables qui peuvent tr\u00e8s bien coexis\u00adter et par\u00adfois se rejoindre&nbsp;: le poids \u00e0&nbsp;la balance, et la sen\u00adsa\u00adtion que j\u2019ai de mon poids.<br><br>L\u2019intuition du poids serait plus al\u00e9a\u00adtoire, car au lieu de me fier \u00e0&nbsp;la sen\u00adsa\u00adtion phy\u00adsique ou sub\u00adjec\u00adtive du poids, je me fie\u00adrais \u00e0&nbsp;mon incons\u00adcient, sus\u00adcep\u00adtible de me don\u00adner la r\u00e9ponse cor\u00adres\u00adpon\u00addant \u00e0&nbsp;l\u2019objet \u00ab&nbsp;r\u00e9el&nbsp;\u00bb, indemne de mes sen\u00adsa\u00adtions al\u00e9a\u00adtoires et chan\u00adgeantes. Cela fait de \u00ab&nbsp;l\u2019inconscient col\u00adlec\u00adtif&nbsp;\u00bb un ter\u00adri\u00adtoire d\u2019omniscience sur lequel l\u2019individu vien\u00addrait se bran\u00adcher de temps \u00e0&nbsp;autre. Je dirais que l\u2019intuition fait le saut au des\u00adsus de nos sen\u00adsa\u00adtions sub\u00adjec\u00adtives, pour arri\u00adver \u00e0&nbsp;une r\u00e9a\u00adli\u00adt\u00e9 sus\u00adcep\u00adtible d\u2019\u00eatre appr\u00e9\u00adhen\u00add\u00e9e \u00ab&nbsp;direc\u00adte\u00adment&nbsp;\u00bb (via l\u2019inconscient ?).<br><br>C\u2019est ce que font les radies\u00adth\u00e9\u00adsistes&nbsp;: ils prennent un t\u00e9moin sup\u00adport de leur ques\u00adtion, et leur main (par l\u2019interm\u00e9diaire du pen\u00addule) ou leurs baguettes, ou encore leur pouls va leur don\u00adner la r\u00e9ponse selon un code choi\u00adsi par leur conscient et adop\u00adt\u00e9 par leur incons\u00adcient. Il leur reste ensuite \u00e0&nbsp;v\u00e9ri\u00adfier la v\u00e9ra\u00adci\u00adt\u00e9 du r\u00e9sul\u00adtat ain\u00adsi re\u00e7u \u2013 et \u00e0&nbsp;ne pas se pr\u00e9\u00adtendre omni\u00adscients. Et je ne suis pas s\u00fbre que la r\u00e9cu\u00adp\u00e9\u00adra\u00adtion actuelle, par les pour\u00advoyeurs de \u00ab&nbsp;d\u00e9ve\u00adlop\u00adpe\u00adment per\u00adson\u00adnel&nbsp;\u00bb, du concept d\u2019inconscient col\u00adlec\u00adtif cher \u00e0&nbsp;Jung le ravi\u00adrait.<br><br>C\u2019est pour cela qu\u2019au fond intui\u00adtion et sen\u00adsa\u00adtion jouent au chat et \u00e0&nbsp;la sou\u00adris, la pre\u00admi\u00e8re ayant besoin de la deuxi\u00e8me pour \u00eatre per\u00ad\u00e7ue et jus\u00adti\u00adfi\u00e9e \u2013 mais la deuxi\u00e8me pou\u00advant tr\u00e8s bien vivre sans la pre\u00admi\u00e8re. Quoique&nbsp;!<br><br>Il y&nbsp;a de nom\u00adbreux exemples o\u00f9 il est dif\u00adfi\u00adcile de d\u00e9fi\u00adnir si ce qui a&nbsp;agi est l\u2019intuition, ou la sen\u00adsa\u00adtion, ou les deux simul\u00adta\u00adn\u00e9\u00adment. Lorsque Ber\u00adnard a&nbsp;choi\u00adsi de man\u00adger du car\u00advi par\u00admi toutes les plantes que je lui appor\u00adtais en Suisse \u00e0&nbsp;chaque pro\u00adme\u00adnade, il a&nbsp;appris trois ans plus tard que le car\u00advi \u00e9tait sp\u00e9\u00adci\u00adfique pour gu\u00e9\u00adrir de l\u2019appendicite (dont il souf\u00adfrait \u00e0&nbsp;l\u2019\u00e9poque). La sen\u00adsa\u00adtion (directe, sans pen\u00addule ni quoique ce soit) de son besoin l\u2019a gui\u00add\u00e9. Mais on peut aus\u00adsi appe\u00adler cela une \u00ab&nbsp;juste intui\u00adtion&nbsp;\u00bb, si l\u2019on tient compte du fait qu\u2019il n\u2019avait pas la connais\u00adsance pr\u00e9a\u00adlable que le car\u00advi avait ces pro\u00adpri\u00e9\u00adt\u00e9s m\u00e9di\u00adci\u00adnales.<br><br>L\u2019instinct et l\u2019intuition pour\u00adraient tr\u00e8s bien s\u2019envisager comme fruit de notre vie et des exper\u00adtises qu\u2019elle a&nbsp;d\u00e9ve\u00adlop\u00adp\u00e9es, \u00e0&nbsp;la mani\u00e8re des pou\u00adp\u00e9es russes&nbsp;: une exper\u00adtise b\u00e9n\u00e9\u00adfi\u00adcie de celles qui lui ont pr\u00e9\u00adc\u00e9\u00add\u00e9. Nous sommes tr\u00e8s loin du para\u00addis ori\u00adgi\u00adnel.<br><br>En danse forum, nous voi\u00adci en contact avec nos sen\u00adsa\u00adtions, les plus simples et imm\u00e9\u00addiates lorsqu\u2019on observe com\u00adment on se sent, sans vel\u00adl\u00e9i\u00adt\u00e9 d\u2019aucune sorte. L\u2019accueil incon\u00addi\u00adtion\u00adnel de nos sen\u00adsa\u00adtions nous fait nous les r\u00e9ap\u00adpro\u00adprier, ce qui pro\u00advoque quelques fois une appr\u00e9\u00adhen\u00adsion qu\u2019il faut bien se gar\u00adder de gom\u00admer. Il y&nbsp;a un appri\u00advoi\u00adse\u00adment n\u00e9ces\u00adsaire semble-t-il entre nous et nos sen\u00adsa\u00adtions, tel\u00adle\u00adment elles sont char\u00adg\u00e9es \u00e9mo\u00adtion\u00adnel\u00adle\u00adment et cultu\u00adrel\u00adle\u00adment. Une simple ten\u00adsion phy\u00adsique n\u2019est pas de mise dans notre uni\u00advers men\u00adtal et cultu\u00adrel&nbsp;: on lui pr\u00e9\u00adf\u00e8re la d\u00e9tente, signe de \u00ab&nbsp;bien-\u00eatre&nbsp;\u00bb, de capa\u00adci\u00adt\u00e9 \u00e0&nbsp;g\u00e9rer sa vie et \u00e0&nbsp;rela\u00adti\u00advi\u00adser etc. (Quitte a&nbsp;por\u00adter le masque du mec bien dans sa peau, comme l\u2019ont tr\u00e8s bien jou\u00e9 les acteurs lors de la ren\u00adcontre danse-th\u00e9\u00e2tre forum.)<br><br>Mais ce que l\u2019on a&nbsp;sou\u00advent exp\u00e9\u00adri\u00admen\u00adt\u00e9 dans cet ate\u00adlier, c\u2019est que l\u2019apprivoisement pro\u00adgres\u00adsif de ce monde de l\u2019involontaire, que refl\u00e8te la sen\u00adsa\u00adtion, peut d\u00e9ga\u00adger une v\u00e9ri\u00adtable r\u00e9con\u00adci\u00adlia\u00adtion avec nous-m\u00eames. Me r\u00e9con\u00adci\u00adlier avec mes ten\u00adsions les a&nbsp;plus fait par\u00adtir que tous mes essais pour les \u00e9loi\u00adgner&nbsp;! Elles n\u2019ont plus eu besoin d\u2019\u00eatre l\u00e0 pour ras\u00adsem\u00adbler ce qui avait \u00e9t\u00e9 dis\u00adper\u00ads\u00e9, ou recen\u00adtrer ce qui avait \u00e9t\u00e9 \u00ab&nbsp;d\u00e9cen\u00adtr\u00e9&nbsp;\u00bb, par le trau\u00adma\u00adtisme du juge\u00adment et de la mise en d\u00e9faut&nbsp;: la r\u00e9con\u00adci\u00adlia\u00adtion a&nbsp;fait le tra\u00advail pour elles, en quelque sorte.<br><br>En \u00e9cri\u00advant, je m\u2019aper\u00e7ois que je fais un paral\u00adl\u00e8le entre incons\u00adcient et intuition\/involontaire et sen\u00adsa\u00adtion. Mais je crois bien que ces mots veulent dire des choses un peu dif\u00adf\u00e9\u00adrentes en lan\u00adgage cou\u00adrant, en psy\u00adcha\u00adna\u00adlyse, en phi\u00adlo\u00adso\u00adphie, dans les reli\u00adgions anciennes ou dans la mou\u00advance New-Age. A&nbsp;voir. Ici, je me place dans le lan\u00adgage cou\u00adrant, peut-\u00eatre anthro\u00adpo\u00adlo\u00adgique.<br><br>\u2014\u200a\u2014\u200a\u2014\u200a\u2014\u200a\u2014\u200a-<br><br>\u2019\u2019\u2019Nadine :\u2019\u2019\u2019<br><br><b>Est-il pos\u00adsible de fil\u00admer des dan\u00adseurs sans que cela influe sur leur danse&nbsp;? Il me semble qu\u2019\u00e0 la nais\u00adsance de leur dis\u00adci\u00adpline, les eth\u00adno\u00adlogues obser\u00advaient les gens et rap\u00adpor\u00adtaient leurs obser\u00adva\u00adtions \u00ab&nbsp;objec\u00adtives&nbsp;\u00bb, comme s\u2019ils avaient \u00e9t\u00e9 invisibles\u2026Puis ils se sont avi\u00ads\u00e9s que \u00ab&nbsp;l\u2019observateur influence l\u2019observ\u00e9&nbsp;\u00bb, et de nou\u00advelle m\u00e9thodes d\u2019\u00e9tudes ont vu le jour, le cher\u00adcheur devait s\u2019immerger dans la culture \u00e9tu\u00addi\u00e9e pour mieux se faire tout petit, et peut-\u00eatre aus\u00adsi obser\u00adver des choses de la vie quo\u00adti\u00addienne et intime\u2026 En \u00e9tant dans les sen\u00adsa\u00adtions, serait-il pos\u00adsible d\u2019observer (fil\u00admer) sans influen\u00adcer&nbsp;?<\/b><br><br>\u2019\u2019\u2019Andr\u00e9ine :\u2019\u2019\u2019<br><br>Oui les eth\u00adno\u00adlogues ont fini par recon\u00adna\u00eetre qu\u2019ils influen\u00ad\u00e7aient les cir\u00adcons\u00adtances et per\u00adsonnes de leurs \u00e9tudes par le seul fait de leur pr\u00e9\u00adsence et de leur obser\u00adva\u00adtion. Les phy\u00adsi\u00adciens et scien\u00adti\u00adfiques en g\u00e9n\u00e9\u00adral ont fait le m\u00eame constat pen\u00addant leurs exp\u00e9\u00adri\u00admen\u00adta\u00adtions&nbsp;: m\u00eame lorsque le pro\u00adto\u00adcole est mis en place de fa\u00e7on \u00e0&nbsp;ce que la part d\u2019influence soit insi\u00adgni\u00adfiante, on se rend compte qu\u2019elle ne l\u2019est pas.<br><br>Il n\u2019y a&nbsp;donc pas d\u2019observation qui n\u2019ait pas d\u2019influence. C\u2019est un peu ce que j\u2019appelle venir sous les pro\u00adjec\u00adteurs&nbsp;: obser\u00adver place l\u2019observateur sous les pro\u00adjec\u00adteurs, par le simple fait qu\u2019il se mette en contact, d\u2019une fa\u00e7on ou d\u2019une autre avec ce qu\u2019il observe. Le contact fait que deux indi\u00advi\u00addus ou objets ou sen\u00adsa\u00adtions s\u00e9pa\u00adr\u00e9s sont mis en lien, et rien que cela change la donne. La r\u00e9ci\u00adpro\u00adci\u00adt\u00e9 joue auto\u00adma\u00adti\u00adque\u00adment. Quand je contacte, je suis contac\u00adt\u00e9e. Mar\u00adcher silen\u00adcieu\u00adse\u00adment avec quelqu\u2019un, ce n\u2019est pas comme mar\u00adcher seul. La pr\u00e9\u00adsence parle toute seule.<br><br>A par\u00adtir de l\u00e0, ce que l\u2019on peut faire, c\u2019est avoir le moins d\u2019influence pos\u00adsible, en ne cher\u00adchant pas \u00e0&nbsp;inter\u00adve\u00adnir, ni \u00e0&nbsp;vou\u00adloir quoique ce soit pour l\u2019autre, ni attendre quoique ce soit de lui, bref, en res\u00adpec\u00adtant sa liber\u00adt\u00e9 enti\u00e8re, en lui lais\u00adsant le temps et l\u2019espace qu\u2019il veut prendre, tout en \u00e9tant l\u00e0 et en dis\u00adpo\u00adni\u00adbi\u00adli\u00adt\u00e9. C\u2019est loin d\u2019\u00eatre \u00e9vident ni facile, c\u2019est m\u00eame presque impos\u00adsible selon moi, mais c\u2019est l\u00e0 que ce qui se passe devient int\u00e9\u00adres\u00adsant&nbsp;! Pour l\u2019avoir obser\u00adv\u00e9, le spon\u00adta\u00adn\u00e9 tol\u00e8re une cer\u00adtaine dose de mal\u00adadresse sans en \u00eatre trou\u00adbl\u00e9 dura\u00adble\u00adment. C\u2019est d\u2019ailleurs ce qui me touche le plus, cette tol\u00e9\u00adrance&nbsp;!<br><br>Par contre, l\u2019intention de l\u2019observateur est r\u00e9dhi\u00adbi\u00adtoire&nbsp;: le spon\u00adta\u00adn\u00e9 s\u2019en rentre chez lui, l\u00e0 o\u00f9 on ne peut le chercher.<\/p><p style=\"color:green; text-align:right !important;\">Article cr\u00e9\u00e9 le 16\/02\/2020<\/p>","protected":false},"excerpt":{"rendered":"<p>Danse recherche\u2192 Che\u00admi\u00adne\u00adment de la danse recherche !! Contac\u00adter les sen\u00adsa\u00adtions \u2013 mars&nbsp;2007 \u2019\u2019\u2019Nadine :\u2019\u2019\u2019 \u201dContac\u00adter les sen\u00adsa\u00adtions&nbsp;\u00bb (et encore plus \u00ab&nbsp;contac\u00adter LA sen\u00adsa\u00adtion&nbsp;\u00bb), est une expres\u00adsion qui fait sens dans l\u2019espace pro\u00adt\u00e9\u00adg\u00e9 de notre ate\u00adlier&nbsp;; mais sor\u00adti de l\u00e0, j\u2019ai pu exp\u00e9\u00adri\u00admen\u00adter qu\u2019elle char\u00adrie der\u00adri\u00e8re elle tout l\u2019arri\u00e8re-monde du \u00ab&nbsp;d\u00e9ve\u00adlop\u00adpe\u00adment per\u00adson\u00adnel&nbsp;\u00bb et de la \u00ab&nbsp;recherche du Soi&nbsp;\u00bb, ce qui est tr\u00e8s dom\u00admage, vu que nous ne nous situons pas&nbsp;l\u00e0. \u2019\u2019\u2019Andr\u00e9ine :\u2019\u2019\u2019 La sen\u00adsa\u00adtion, au sens pre\u00admier o\u00f9 nous l\u2019entendons [\u2026]<\/p>\n","protected":false},"author":2,"featured_media":0,"comment_status":"open","ping_status":"open","sticky":false,"template":"","format":"standard","meta":{"wp_typography_post_enhancements_disabled":false,"footnotes":""},"categories":[131],"tags":[159],"class_list":["post-253","post","type-post","status-publish","format-standard","hentry","category-a_propos_de_la_dr","tag-a_propos_de_la_dr"],"yoast_head":"<!-- This site is optimized with the Yoast SEO plugin v27.5 - https:\/\/yoast.com\/product\/yoast-seo-wordpress\/ -->\n<title>Contacter les sensations - Le TILT<\/title>\n<meta name=\"robots\" content=\"index, follow, max-snippet:-1, max-image-preview:large, max-video-preview:-1\" \/>\n<link rel=\"canonical\" href=\"https:\/\/www.leti.lt\/wordpress\/danserecherche-contacterlessensations\/\" \/>\n<meta property=\"og:locale\" content=\"fr_FR\" \/>\n<meta property=\"og:type\" content=\"article\" \/>\n<meta property=\"og:title\" content=\"Contacter les sensations - Le TILT\" \/>\n<meta property=\"og:description\" content=\"Danse recherche\u2192 Che\u00admi\u00adne\u00adment de la danse recherche !! Contac\u00adter les sen\u00adsa\u00adtions \u2013 mars&nbsp;2007 \u2019\u2019\u2019Nadine :\u2019\u2019\u2019 \u201dContac\u00adter les sen\u00adsa\u00adtions&nbsp;\u00bb (et encore plus \u00ab&nbsp;contac\u00adter LA sen\u00adsa\u00adtion&nbsp;\u00bb), est une expres\u00adsion qui fait sens dans l\u2019espace pro\u00adt\u00e9\u00adg\u00e9 de notre ate\u00adlier&nbsp;; mais sor\u00adti de l\u00e0, j\u2019ai pu exp\u00e9\u00adri\u00admen\u00adter qu\u2019elle char\u00adrie der\u00adri\u00e8re elle tout l\u2019arri\u00e8re-monde du \u00ab&nbsp;d\u00e9ve\u00adlop\u00adpe\u00adment per\u00adson\u00adnel&nbsp;\u00bb et de la \u00ab&nbsp;recherche du Soi&nbsp;\u00bb, ce qui est tr\u00e8s dom\u00admage, vu que nous ne nous situons pas&nbsp;l\u00e0. \u2019\u2019\u2019Andr\u00e9ine :\u2019\u2019\u2019 La sen\u00adsa\u00adtion, au sens pre\u00admier o\u00f9 nous l\u2019entendons [&hellip;]\" \/>\n<meta property=\"og:url\" content=\"https:\/\/www.leti.lt\/wordpress\/danserecherche-contacterlessensations\/\" \/>\n<meta property=\"og:site_name\" content=\"Le TILT\" \/>\n<meta property=\"article:published_time\" content=\"2020-02-16T14:30:33+00:00\" \/>\n<meta name=\"author\" content=\"Andr\u00e9ine Bel\" \/>\n<meta name=\"twitter:card\" content=\"summary_large_image\" \/>\n<meta name=\"twitter:label1\" content=\"\u00c9crit par\" \/>\n\t<meta name=\"twitter:data1\" content=\"Andr\u00e9ine Bel\" \/>\n\t<meta name=\"twitter:label2\" content=\"Dur\u00e9e de lecture estim\u00e9e\" \/>\n\t<meta name=\"twitter:data2\" content=\"9 minutes\" \/>\n<script type=\"application\/ld+json\" class=\"yoast-schema-graph\">{\"@context\":\"https:\\\/\\\/schema.org\",\"@graph\":[{\"@type\":\"Article\",\"@id\":\"https:\\\/\\\/www.leti.lt\\\/wordpress\\\/danserecherche-contacterlessensations\\\/#article\",\"isPartOf\":{\"@id\":\"https:\\\/\\\/www.leti.lt\\\/wordpress\\\/danserecherche-contacterlessensations\\\/\"},\"author\":{\"name\":\"Andr\u00e9ine Bel\",\"@id\":\"https:\\\/\\\/www.leti.lt\\\/wordpress\\\/#\\\/schema\\\/person\\\/9bb307b2af8fbb575bb3603e57951f75\"},\"headline\":\"Contacter les sensations\",\"datePublished\":\"2020-02-16T14:30:33+00:00\",\"mainEntityOfPage\":{\"@id\":\"https:\\\/\\\/www.leti.lt\\\/wordpress\\\/danserecherche-contacterlessensations\\\/\"},\"wordCount\":1898,\"commentCount\":0,\"keywords\":[\"A_propos_de_la_DR\"],\"articleSection\":[\"\u00c0 propos de la DR\"],\"inLanguage\":\"fr-FR\",\"potentialAction\":[{\"@type\":\"CommentAction\",\"name\":\"Comment\",\"target\":[\"https:\\\/\\\/www.leti.lt\\\/wordpress\\\/danserecherche-contacterlessensations\\\/#respond\"]}]},{\"@type\":\"WebPage\",\"@id\":\"https:\\\/\\\/www.leti.lt\\\/wordpress\\\/danserecherche-contacterlessensations\\\/\",\"url\":\"https:\\\/\\\/www.leti.lt\\\/wordpress\\\/danserecherche-contacterlessensations\\\/\",\"name\":\"Contacter les sensations - Le TILT\",\"isPartOf\":{\"@id\":\"https:\\\/\\\/www.leti.lt\\\/wordpress\\\/#website\"},\"datePublished\":\"2020-02-16T14:30:33+00:00\",\"author\":{\"@id\":\"https:\\\/\\\/www.leti.lt\\\/wordpress\\\/#\\\/schema\\\/person\\\/9bb307b2af8fbb575bb3603e57951f75\"},\"breadcrumb\":{\"@id\":\"https:\\\/\\\/www.leti.lt\\\/wordpress\\\/danserecherche-contacterlessensations\\\/#breadcrumb\"},\"inLanguage\":\"fr-FR\",\"potentialAction\":[{\"@type\":\"ReadAction\",\"target\":[\"https:\\\/\\\/www.leti.lt\\\/wordpress\\\/danserecherche-contacterlessensations\\\/\"]}]},{\"@type\":\"BreadcrumbList\",\"@id\":\"https:\\\/\\\/www.leti.lt\\\/wordpress\\\/danserecherche-contacterlessensations\\\/#breadcrumb\",\"itemListElement\":[{\"@type\":\"ListItem\",\"position\":1,\"name\":\"Accueil\",\"item\":\"https:\\\/\\\/www.leti.lt\\\/wordpress\\\/\"},{\"@type\":\"ListItem\",\"position\":2,\"name\":\"Contacter les sensations\"}]},{\"@type\":\"WebSite\",\"@id\":\"https:\\\/\\\/www.leti.lt\\\/wordpress\\\/#website\",\"url\":\"https:\\\/\\\/www.leti.lt\\\/wordpress\\\/\",\"name\":\"Le TILT\",\"description\":\"Recherche, publication, cr\u00e9ation artistique\",\"potentialAction\":[{\"@type\":\"SearchAction\",\"target\":{\"@type\":\"EntryPoint\",\"urlTemplate\":\"https:\\\/\\\/www.leti.lt\\\/wordpress\\\/?s={search_term_string}\"},\"query-input\":{\"@type\":\"PropertyValueSpecification\",\"valueRequired\":true,\"valueName\":\"search_term_string\"}}],\"inLanguage\":\"fr-FR\"},{\"@type\":\"Person\",\"@id\":\"https:\\\/\\\/www.leti.lt\\\/wordpress\\\/#\\\/schema\\\/person\\\/9bb307b2af8fbb575bb3603e57951f75\",\"name\":\"Andr\u00e9ine Bel\",\"image\":{\"@type\":\"ImageObject\",\"inLanguage\":\"fr-FR\",\"@id\":\"https:\\\/\\\/secure.gravatar.com\\\/avatar\\\/4ab041ec7c7ad3b90293023e86528ec1a700ce2971ff61811b2df6b288dd1f38?s=96&d=identicon&r=g\",\"url\":\"https:\\\/\\\/secure.gravatar.com\\\/avatar\\\/4ab041ec7c7ad3b90293023e86528ec1a700ce2971ff61811b2df6b288dd1f38?s=96&d=identicon&r=g\",\"contentUrl\":\"https:\\\/\\\/secure.gravatar.com\\\/avatar\\\/4ab041ec7c7ad3b90293023e86528ec1a700ce2971ff61811b2df6b288dd1f38?s=96&d=identicon&r=g\",\"caption\":\"Andr\u00e9ine Bel\"},\"url\":\"https:\\\/\\\/www.leti.lt\\\/wordpress\\\/author\\\/andreine\\\/\"}]}<\/script>\n<!-- \/ Yoast SEO plugin. -->","yoast_head_json":{"title":"Contacter les sensations - Le TILT","robots":{"index":"index","follow":"follow","max-snippet":"max-snippet:-1","max-image-preview":"max-image-preview:large","max-video-preview":"max-video-preview:-1"},"canonical":"https:\/\/www.leti.lt\/wordpress\/danserecherche-contacterlessensations\/","og_locale":"fr_FR","og_type":"article","og_title":"Contacter les sensations - Le TILT","og_description":"Danse recherche\u2192 Che\u00admi\u00adne\u00adment de la danse recherche !! Contac\u00adter les sen\u00adsa\u00adtions \u2013 mars&nbsp;2007 \u2019\u2019\u2019Nadine :\u2019\u2019\u2019 \u201dContac\u00adter les sen\u00adsa\u00adtions&nbsp;\u00bb (et encore plus \u00ab&nbsp;contac\u00adter LA sen\u00adsa\u00adtion&nbsp;\u00bb), est une expres\u00adsion qui fait sens dans l\u2019espace pro\u00adt\u00e9\u00adg\u00e9 de notre ate\u00adlier&nbsp;; mais sor\u00adti de l\u00e0, j\u2019ai pu exp\u00e9\u00adri\u00admen\u00adter qu\u2019elle char\u00adrie der\u00adri\u00e8re elle tout l\u2019arri\u00e8re-monde du \u00ab&nbsp;d\u00e9ve\u00adlop\u00adpe\u00adment per\u00adson\u00adnel&nbsp;\u00bb et de la \u00ab&nbsp;recherche du Soi&nbsp;\u00bb, ce qui est tr\u00e8s dom\u00admage, vu que nous ne nous situons pas&nbsp;l\u00e0. \u2019\u2019\u2019Andr\u00e9ine :\u2019\u2019\u2019 La sen\u00adsa\u00adtion, au sens pre\u00admier o\u00f9 nous l\u2019entendons [&hellip;]","og_url":"https:\/\/www.leti.lt\/wordpress\/danserecherche-contacterlessensations\/","og_site_name":"Le TILT","article_published_time":"2020-02-16T14:30:33+00:00","author":"Andr\u00e9ine Bel","twitter_card":"summary_large_image","twitter_misc":{"\u00c9crit par":"Andr\u00e9ine Bel","Dur\u00e9e de lecture estim\u00e9e":"9 minutes"},"schema":{"@context":"https:\/\/schema.org","@graph":[{"@type":"Article","@id":"https:\/\/www.leti.lt\/wordpress\/danserecherche-contacterlessensations\/#article","isPartOf":{"@id":"https:\/\/www.leti.lt\/wordpress\/danserecherche-contacterlessensations\/"},"author":{"name":"Andr\u00e9ine Bel","@id":"https:\/\/www.leti.lt\/wordpress\/#\/schema\/person\/9bb307b2af8fbb575bb3603e57951f75"},"headline":"Contacter les sensations","datePublished":"2020-02-16T14:30:33+00:00","mainEntityOfPage":{"@id":"https:\/\/www.leti.lt\/wordpress\/danserecherche-contacterlessensations\/"},"wordCount":1898,"commentCount":0,"keywords":["A_propos_de_la_DR"],"articleSection":["\u00c0 propos de la DR"],"inLanguage":"fr-FR","potentialAction":[{"@type":"CommentAction","name":"Comment","target":["https:\/\/www.leti.lt\/wordpress\/danserecherche-contacterlessensations\/#respond"]}]},{"@type":"WebPage","@id":"https:\/\/www.leti.lt\/wordpress\/danserecherche-contacterlessensations\/","url":"https:\/\/www.leti.lt\/wordpress\/danserecherche-contacterlessensations\/","name":"Contacter les sensations - Le TILT","isPartOf":{"@id":"https:\/\/www.leti.lt\/wordpress\/#website"},"datePublished":"2020-02-16T14:30:33+00:00","author":{"@id":"https:\/\/www.leti.lt\/wordpress\/#\/schema\/person\/9bb307b2af8fbb575bb3603e57951f75"},"breadcrumb":{"@id":"https:\/\/www.leti.lt\/wordpress\/danserecherche-contacterlessensations\/#breadcrumb"},"inLanguage":"fr-FR","potentialAction":[{"@type":"ReadAction","target":["https:\/\/www.leti.lt\/wordpress\/danserecherche-contacterlessensations\/"]}]},{"@type":"BreadcrumbList","@id":"https:\/\/www.leti.lt\/wordpress\/danserecherche-contacterlessensations\/#breadcrumb","itemListElement":[{"@type":"ListItem","position":1,"name":"Accueil","item":"https:\/\/www.leti.lt\/wordpress\/"},{"@type":"ListItem","position":2,"name":"Contacter les sensations"}]},{"@type":"WebSite","@id":"https:\/\/www.leti.lt\/wordpress\/#website","url":"https:\/\/www.leti.lt\/wordpress\/","name":"Le TILT","description":"Recherche, publication, cr\u00e9ation artistique","potentialAction":[{"@type":"SearchAction","target":{"@type":"EntryPoint","urlTemplate":"https:\/\/www.leti.lt\/wordpress\/?s={search_term_string}"},"query-input":{"@type":"PropertyValueSpecification","valueRequired":true,"valueName":"search_term_string"}}],"inLanguage":"fr-FR"},{"@type":"Person","@id":"https:\/\/www.leti.lt\/wordpress\/#\/schema\/person\/9bb307b2af8fbb575bb3603e57951f75","name":"Andr\u00e9ine Bel","image":{"@type":"ImageObject","inLanguage":"fr-FR","@id":"https:\/\/secure.gravatar.com\/avatar\/4ab041ec7c7ad3b90293023e86528ec1a700ce2971ff61811b2df6b288dd1f38?s=96&d=identicon&r=g","url":"https:\/\/secure.gravatar.com\/avatar\/4ab041ec7c7ad3b90293023e86528ec1a700ce2971ff61811b2df6b288dd1f38?s=96&d=identicon&r=g","contentUrl":"https:\/\/secure.gravatar.com\/avatar\/4ab041ec7c7ad3b90293023e86528ec1a700ce2971ff61811b2df6b288dd1f38?s=96&d=identicon&r=g","caption":"Andr\u00e9ine Bel"},"url":"https:\/\/www.leti.lt\/wordpress\/author\/andreine\/"}]}},"_links":{"self":[{"href":"https:\/\/www.leti.lt\/wordpress\/wp-json\/wp\/v2\/posts\/253","targetHints":{"allow":["GET"]}}],"collection":[{"href":"https:\/\/www.leti.lt\/wordpress\/wp-json\/wp\/v2\/posts"}],"about":[{"href":"https:\/\/www.leti.lt\/wordpress\/wp-json\/wp\/v2\/types\/post"}],"author":[{"embeddable":true,"href":"https:\/\/www.leti.lt\/wordpress\/wp-json\/wp\/v2\/users\/2"}],"replies":[{"embeddable":true,"href":"https:\/\/www.leti.lt\/wordpress\/wp-json\/wp\/v2\/comments?post=253"}],"version-history":[{"count":0,"href":"https:\/\/www.leti.lt\/wordpress\/wp-json\/wp\/v2\/posts\/253\/revisions"}],"wp:attachment":[{"href":"https:\/\/www.leti.lt\/wordpress\/wp-json\/wp\/v2\/media?parent=253"}],"wp:term":[{"taxonomy":"category","embeddable":true,"href":"https:\/\/www.leti.lt\/wordpress\/wp-json\/wp\/v2\/categories?post=253"},{"taxonomy":"post_tag","embeddable":true,"href":"https:\/\/www.leti.lt\/wordpress\/wp-json\/wp\/v2\/tags?post=253"}],"curies":[{"name":"wp","href":"https:\/\/api.w.org\/{rel}","templated":true}]}}