{"id":248,"date":"2020-02-16T15:30:33","date_gmt":"2020-02-16T14:30:33","guid":{"rendered":"https:\/\/www.leti.lt\/wordpress\/?p=248"},"modified":"2020-06-11T00:01:59","modified_gmt":"2020-06-10T22:01:59","slug":"danserecherche-aix","status":"publish","type":"post","link":"https:\/\/www.leti.lt\/wordpress\/danserecherche-aix\/","title":{"rendered":"Danse recherche \u00e0&nbsp;Aix-en-Provence"},"content":{"rendered":"\n<p><a href=\"https:\/\/www.leti.lt\/wordpress\/danserecherche-danserecherche\/\">Danse recherche<\/a><br>\u2192 <a href=\"https:\/\/www.leti.lt\/wordpress\/danserecherche-comptesrendusateliers\/\"> Comptes ren\u00addus des ate\u00adliers<\/a><br><br>!! Aix-en-Pro\u00advence<br><br>Tous les comptes-ren\u00addus ont \u00e9t\u00e9 \u00e9crits d\u2019apr\u00e8s les retours oraux des par\u00adti\u00adci\u00adpants, de m\u00e9moire et\/ou d\u2019apr\u00e8s les notes prises pen\u00addant les ate\u00adliers par l\u2019auteur.<br><br>* <a href=\"https:\/\/www.leti.lt\/wordpress\/danserecherche-limmanence\/\">L\u2019immanence \u2013 6\/5\/12<\/a><br>* <a href=\"https:\/\/www.leti.lt\/wordpress\/danserecherche-lasimultaneite\/\">La simul\u00adta\u00adn\u00e9i\u00adt\u00e9 \u2013 14\/5\/11<\/a><br>* <a href=\"https:\/\/www.leti.lt\/wordpress\/danserecherche-lamusiqueducorps\/\">La musique du corps \u2013 24\/4\/11<\/a><br>* <a href=\"https:\/\/www.leti.lt\/wordpress\/danserecherche-musiqueetbesoin\/\">Musique et besoin \u2013 10\/4\/11<\/a><br>* <a href=\"https:\/\/www.leti.lt\/wordpress\/danserecherche-poesie\/\">Po\u00e9\u00adsie \u2013 13\/3\/11<\/a><br>* <a href=\"https:\/\/www.leti.lt\/wordpress\/danserecherche-lescouleursentredesiretbesoin\/\"> Les cou\u00adleurs, entre d\u00e9sir et besoin \u2013 27\/2\/11<\/a><br>* <a href=\"https:\/\/www.leti.lt\/wordpress\/danserecherche-lecontactavecl\u2019autre\/\"> Le contact avec l\u2019autre \u2013 23\/1\/11<\/a><br>* <a href=\"https:\/\/www.leti.lt\/wordpress\/danserecherche-larevolution\/\"> La (r)\u00e9volution \u201116\/1\/11<\/a><br>* <a href=\"https:\/\/www.leti.lt\/wordpress\/danserecherche-lecho\/\">L\u2019\u00e9cho \u2013 28\/11\/10<\/a><br>* <a href=\"https:\/\/www.leti.lt\/wordpress\/danserecherche-lespointsdappui\/\">Les points d\u2019appui \u2013 21\/11\/10<\/a><br>* <a href=\"https:\/\/www.leti.lt\/wordpress\/danserecherche-lasourcelarelation\/\">La souce\/la rela\u00adtion \u2013 24\/10\/10, ate\u00adlier se d\u00e9rou\u00adlant d\u00e9sor\u00admais au stu\u00addio For\u00adbin<\/a><br>* <a href=\"https:\/\/www.leti.lt\/wordpress\/danserecherche-detailettonus\/\"> D\u00e9tail et tonus \u2013 7\/2\/10, au 12<\/a><br>* <a href=\"https:\/\/www.leti.lt\/wordpress\/danserecherche-conteniretretenir\/\"> Conte\u00adnir et rete\u00adnir \u2013 24\/1\/10, au 12<\/a><br>* <a href=\"https:\/\/www.leti.lt\/wordpress\/danserecherche-latonicite\/\"> La toni\u00adci\u00adt\u00e9 \u2013 29\/5\/09, au 12<\/a><br>* <a href=\"https:\/\/www.leti.lt\/wordpress\/danserecherche-lededansetledehors\/\"> Le dedans et le dehors \u2013 20\/2\/09, au 12<\/a><br>* <a href=\"https:\/\/www.leti.lt\/wordpress\/danserecherche-lesthemesduvendredi\/\"> Les th\u00e8mes du ven\u00addre\u00addi \u2013 du 3\/10\/08 au 20\/2\/09, au&nbsp;12<\/a><\/p>\n<p style=\"color:green; text-align:right !important;\">Article cr\u00e9\u00e9 le 16\/02\/2020 \u2013 modi\u00adfi\u00e9 le 11\/06\/2020<\/p>","protected":false},"excerpt":{"rendered":"<p>Danse recherche\u2192 Comptes ren\u00addus des ate\u00adliers !! Aix-en-Pro\u00ad\u00advence Tous les comptes-ren\u00ad\u00addus ont \u00e9t\u00e9 \u00e9crits d\u2019apr\u00e8s les retours oraux des par\u00adti\u00adci\u00adpants, de m\u00e9moire et\/ou d\u2019apr\u00e8s les notes prises pen\u00addant les ate\u00adliers par l\u2019auteur. * L\u2019immanence \u2013 6\/5\/12* La simul\u00adta\u00adn\u00e9i\u00adt\u00e9 \u2013 14\/5\/11* La musique du corps \u2013 24\/4\/11* Musique et besoin \u2013 10\/4\/11* Po\u00e9\u00adsie \u2013 13\/3\/11* Les cou\u00adleurs, entre d\u00e9sir et besoin \u2013 27\/2\/11* Le contact avec l\u2019autre \u2013 23\/1\/11* La (r)\u00e9volution \u201116\/1\/11* L\u2019\u00e9cho \u2013 28\/11\/10* Les points d\u2019appui \u2013 21\/11\/10* La&nbsp;[\u2026]<\/p>\n","protected":false},"author":2,"featured_media":0,"comment_status":"open","ping_status":"open","sticky":false,"template":"","format":"standard","meta":{"wp_typography_post_enhancements_disabled":false,"footnotes":""},"categories":[223],"tags":[220],"class_list":["post-248","post","type-post","status-publish","format-standard","hentry","category-comptes-rendus_ateliers_aix","tag-dr_comptesrendusateliers"],"yoast_head":"<!-- This site is optimized with the Yoast SEO plugin v27.5 - https:\/\/yoast.com\/product\/yoast-seo-wordpress\/ -->\n<title>Danse recherche \u00e0 Aix-en-Provence - Le TILT<\/title>\n<meta name=\"robots\" content=\"index, follow, max-snippet:-1, max-image-preview:large, max-video-preview:-1\" \/>\n<link rel=\"canonical\" href=\"https:\/\/www.leti.lt\/wordpress\/danserecherche-aix\/\" \/>\n<meta property=\"og:locale\" content=\"fr_FR\" \/>\n<meta property=\"og:type\" content=\"article\" \/>\n<meta property=\"og:title\" content=\"Danse recherche \u00e0 Aix-en-Provence - Le TILT\" \/>\n<meta property=\"og:description\" content=\"Danse recherche\u2192 Comptes ren\u00addus des ateliers !! Aix-en-Pro\u00advence Tous les comptes-ren\u00addus ont \u00e9t\u00e9 \u00e9crits d\u2019apr\u00e8s les retours oraux des par\u00adti\u00adci\u00adpants, de m\u00e9moire et\/ou d\u2019apr\u00e8s les notes prises pen\u00addant les ate\u00adliers par l\u2019auteur. * L\u2019immanence \u2013 6\/5\/12* La simul\u00adta\u00adn\u00e9i\u00adt\u00e9 \u2013 14\/5\/11* La musique du corps \u2013 24\/4\/11* Musique et besoin \u2013 10\/4\/11* Po\u00e9\u00adsie \u2013 13\/3\/11* Les cou\u00adleurs, entre d\u00e9sir et besoin \u2013 27\/2\/11* Le contact avec l\u2019autre \u2013 23\/1\/11* La (r)\u00e9volution \u201116\/1\/11* L\u2019\u00e9cho \u2013 28\/11\/10* Les points d\u2019appui \u2013 21\/11\/10* La [&hellip;]\" \/>\n<meta property=\"og:url\" content=\"https:\/\/www.leti.lt\/wordpress\/danserecherche-aix\/\" \/>\n<meta property=\"og:site_name\" content=\"Le TILT\" \/>\n<meta property=\"article:published_time\" content=\"2020-02-16T14:30:33+00:00\" \/>\n<meta property=\"article:modified_time\" content=\"2020-06-10T22:01:59+00:00\" \/>\n<meta name=\"author\" content=\"Andr\u00e9ine Bel\" \/>\n<meta name=\"twitter:card\" content=\"summary_large_image\" \/>\n<meta name=\"twitter:label1\" content=\"\u00c9crit par\" \/>\n\t<meta name=\"twitter:data1\" content=\"Andr\u00e9ine Bel\" \/>\n\t<meta name=\"twitter:label2\" content=\"Dur\u00e9e de lecture estim\u00e9e\" \/>\n\t<meta name=\"twitter:data2\" content=\"1 minute\" \/>\n<script type=\"application\/ld+json\" class=\"yoast-schema-graph\">{\"@context\":\"https:\\\/\\\/schema.org\",\"@graph\":[{\"@type\":\"Article\",\"@id\":\"https:\\\/\\\/www.leti.lt\\\/wordpress\\\/danserecherche-aix\\\/#article\",\"isPartOf\":{\"@id\":\"https:\\\/\\\/www.leti.lt\\\/wordpress\\\/danserecherche-aix\\\/\"},\"author\":{\"name\":\"Andr\u00e9ine Bel\",\"@id\":\"https:\\\/\\\/www.leti.lt\\\/wordpress\\\/#\\\/schema\\\/person\\\/9bb307b2af8fbb575bb3603e57951f75\"},\"headline\":\"Danse recherche \u00e0&nbsp;Aix-en-Provence\",\"datePublished\":\"2020-02-16T14:30:33+00:00\",\"dateModified\":\"2020-06-10T22:01:59+00:00\",\"mainEntityOfPage\":{\"@id\":\"https:\\\/\\\/www.leti.lt\\\/wordpress\\\/danserecherche-aix\\\/\"},\"wordCount\":131,\"commentCount\":0,\"keywords\":[\"DR_ComptesRendusAteliers\"],\"articleSection\":[\"Ateliers Aix DR\"],\"inLanguage\":\"fr-FR\",\"potentialAction\":[{\"@type\":\"CommentAction\",\"name\":\"Comment\",\"target\":[\"https:\\\/\\\/www.leti.lt\\\/wordpress\\\/danserecherche-aix\\\/#respond\"]}]},{\"@type\":\"WebPage\",\"@id\":\"https:\\\/\\\/www.leti.lt\\\/wordpress\\\/danserecherche-aix\\\/\",\"url\":\"https:\\\/\\\/www.leti.lt\\\/wordpress\\\/danserecherche-aix\\\/\",\"name\":\"Danse recherche \u00e0 Aix-en-Provence - Le TILT\",\"isPartOf\":{\"@id\":\"https:\\\/\\\/www.leti.lt\\\/wordpress\\\/#website\"},\"datePublished\":\"2020-02-16T14:30:33+00:00\",\"dateModified\":\"2020-06-10T22:01:59+00:00\",\"author\":{\"@id\":\"https:\\\/\\\/www.leti.lt\\\/wordpress\\\/#\\\/schema\\\/person\\\/9bb307b2af8fbb575bb3603e57951f75\"},\"breadcrumb\":{\"@id\":\"https:\\\/\\\/www.leti.lt\\\/wordpress\\\/danserecherche-aix\\\/#breadcrumb\"},\"inLanguage\":\"fr-FR\",\"potentialAction\":[{\"@type\":\"ReadAction\",\"target\":[\"https:\\\/\\\/www.leti.lt\\\/wordpress\\\/danserecherche-aix\\\/\"]}]},{\"@type\":\"BreadcrumbList\",\"@id\":\"https:\\\/\\\/www.leti.lt\\\/wordpress\\\/danserecherche-aix\\\/#breadcrumb\",\"itemListElement\":[{\"@type\":\"ListItem\",\"position\":1,\"name\":\"Accueil\",\"item\":\"https:\\\/\\\/www.leti.lt\\\/wordpress\\\/\"},{\"@type\":\"ListItem\",\"position\":2,\"name\":\"Danse recherche \u00e0&nbsp;Aix-en-Provence\"}]},{\"@type\":\"WebSite\",\"@id\":\"https:\\\/\\\/www.leti.lt\\\/wordpress\\\/#website\",\"url\":\"https:\\\/\\\/www.leti.lt\\\/wordpress\\\/\",\"name\":\"Le TILT\",\"description\":\"Recherche, publication, cr\u00e9ation artistique\",\"potentialAction\":[{\"@type\":\"SearchAction\",\"target\":{\"@type\":\"EntryPoint\",\"urlTemplate\":\"https:\\\/\\\/www.leti.lt\\\/wordpress\\\/?s={search_term_string}\"},\"query-input\":{\"@type\":\"PropertyValueSpecification\",\"valueRequired\":true,\"valueName\":\"search_term_string\"}}],\"inLanguage\":\"fr-FR\"},{\"@type\":\"Person\",\"@id\":\"https:\\\/\\\/www.leti.lt\\\/wordpress\\\/#\\\/schema\\\/person\\\/9bb307b2af8fbb575bb3603e57951f75\",\"name\":\"Andr\u00e9ine Bel\",\"image\":{\"@type\":\"ImageObject\",\"inLanguage\":\"fr-FR\",\"@id\":\"https:\\\/\\\/secure.gravatar.com\\\/avatar\\\/4ab041ec7c7ad3b90293023e86528ec1a700ce2971ff61811b2df6b288dd1f38?s=96&d=identicon&r=g\",\"url\":\"https:\\\/\\\/secure.gravatar.com\\\/avatar\\\/4ab041ec7c7ad3b90293023e86528ec1a700ce2971ff61811b2df6b288dd1f38?s=96&d=identicon&r=g\",\"contentUrl\":\"https:\\\/\\\/secure.gravatar.com\\\/avatar\\\/4ab041ec7c7ad3b90293023e86528ec1a700ce2971ff61811b2df6b288dd1f38?s=96&d=identicon&r=g\",\"caption\":\"Andr\u00e9ine Bel\"},\"url\":\"https:\\\/\\\/www.leti.lt\\\/wordpress\\\/author\\\/andreine\\\/\"}]}<\/script>\n<!-- \/ Yoast SEO plugin. -->","yoast_head_json":{"title":"Danse recherche \u00e0 Aix-en-Provence - Le TILT","robots":{"index":"index","follow":"follow","max-snippet":"max-snippet:-1","max-image-preview":"max-image-preview:large","max-video-preview":"max-video-preview:-1"},"canonical":"https:\/\/www.leti.lt\/wordpress\/danserecherche-aix\/","og_locale":"fr_FR","og_type":"article","og_title":"Danse recherche \u00e0 Aix-en-Provence - Le TILT","og_description":"Danse recherche\u2192 Comptes ren\u00addus des ateliers !! Aix-en-Pro\u00advence Tous les comptes-ren\u00addus ont \u00e9t\u00e9 \u00e9crits d\u2019apr\u00e8s les retours oraux des par\u00adti\u00adci\u00adpants, de m\u00e9moire et\/ou d\u2019apr\u00e8s les notes prises pen\u00addant les ate\u00adliers par l\u2019auteur. * L\u2019immanence \u2013 6\/5\/12* La simul\u00adta\u00adn\u00e9i\u00adt\u00e9 \u2013 14\/5\/11* La musique du corps \u2013 24\/4\/11* Musique et besoin \u2013 10\/4\/11* Po\u00e9\u00adsie \u2013 13\/3\/11* Les cou\u00adleurs, entre d\u00e9sir et besoin \u2013 27\/2\/11* Le contact avec l\u2019autre \u2013 23\/1\/11* La (r)\u00e9volution \u201116\/1\/11* L\u2019\u00e9cho \u2013 28\/11\/10* Les points d\u2019appui \u2013 21\/11\/10* La [&hellip;]","og_url":"https:\/\/www.leti.lt\/wordpress\/danserecherche-aix\/","og_site_name":"Le TILT","article_published_time":"2020-02-16T14:30:33+00:00","article_modified_time":"2020-06-10T22:01:59+00:00","author":"Andr\u00e9ine Bel","twitter_card":"summary_large_image","twitter_misc":{"\u00c9crit par":"Andr\u00e9ine Bel","Dur\u00e9e de lecture estim\u00e9e":"1 minute"},"schema":{"@context":"https:\/\/schema.org","@graph":[{"@type":"Article","@id":"https:\/\/www.leti.lt\/wordpress\/danserecherche-aix\/#article","isPartOf":{"@id":"https:\/\/www.leti.lt\/wordpress\/danserecherche-aix\/"},"author":{"name":"Andr\u00e9ine Bel","@id":"https:\/\/www.leti.lt\/wordpress\/#\/schema\/person\/9bb307b2af8fbb575bb3603e57951f75"},"headline":"Danse recherche \u00e0&nbsp;Aix-en-Provence","datePublished":"2020-02-16T14:30:33+00:00","dateModified":"2020-06-10T22:01:59+00:00","mainEntityOfPage":{"@id":"https:\/\/www.leti.lt\/wordpress\/danserecherche-aix\/"},"wordCount":131,"commentCount":0,"keywords":["DR_ComptesRendusAteliers"],"articleSection":["Ateliers Aix DR"],"inLanguage":"fr-FR","potentialAction":[{"@type":"CommentAction","name":"Comment","target":["https:\/\/www.leti.lt\/wordpress\/danserecherche-aix\/#respond"]}]},{"@type":"WebPage","@id":"https:\/\/www.leti.lt\/wordpress\/danserecherche-aix\/","url":"https:\/\/www.leti.lt\/wordpress\/danserecherche-aix\/","name":"Danse recherche \u00e0 Aix-en-Provence - Le TILT","isPartOf":{"@id":"https:\/\/www.leti.lt\/wordpress\/#website"},"datePublished":"2020-02-16T14:30:33+00:00","dateModified":"2020-06-10T22:01:59+00:00","author":{"@id":"https:\/\/www.leti.lt\/wordpress\/#\/schema\/person\/9bb307b2af8fbb575bb3603e57951f75"},"breadcrumb":{"@id":"https:\/\/www.leti.lt\/wordpress\/danserecherche-aix\/#breadcrumb"},"inLanguage":"fr-FR","potentialAction":[{"@type":"ReadAction","target":["https:\/\/www.leti.lt\/wordpress\/danserecherche-aix\/"]}]},{"@type":"BreadcrumbList","@id":"https:\/\/www.leti.lt\/wordpress\/danserecherche-aix\/#breadcrumb","itemListElement":[{"@type":"ListItem","position":1,"name":"Accueil","item":"https:\/\/www.leti.lt\/wordpress\/"},{"@type":"ListItem","position":2,"name":"Danse recherche \u00e0&nbsp;Aix-en-Provence"}]},{"@type":"WebSite","@id":"https:\/\/www.leti.lt\/wordpress\/#website","url":"https:\/\/www.leti.lt\/wordpress\/","name":"Le TILT","description":"Recherche, publication, cr\u00e9ation artistique","potentialAction":[{"@type":"SearchAction","target":{"@type":"EntryPoint","urlTemplate":"https:\/\/www.leti.lt\/wordpress\/?s={search_term_string}"},"query-input":{"@type":"PropertyValueSpecification","valueRequired":true,"valueName":"search_term_string"}}],"inLanguage":"fr-FR"},{"@type":"Person","@id":"https:\/\/www.leti.lt\/wordpress\/#\/schema\/person\/9bb307b2af8fbb575bb3603e57951f75","name":"Andr\u00e9ine Bel","image":{"@type":"ImageObject","inLanguage":"fr-FR","@id":"https:\/\/secure.gravatar.com\/avatar\/4ab041ec7c7ad3b90293023e86528ec1a700ce2971ff61811b2df6b288dd1f38?s=96&d=identicon&r=g","url":"https:\/\/secure.gravatar.com\/avatar\/4ab041ec7c7ad3b90293023e86528ec1a700ce2971ff61811b2df6b288dd1f38?s=96&d=identicon&r=g","contentUrl":"https:\/\/secure.gravatar.com\/avatar\/4ab041ec7c7ad3b90293023e86528ec1a700ce2971ff61811b2df6b288dd1f38?s=96&d=identicon&r=g","caption":"Andr\u00e9ine Bel"},"url":"https:\/\/www.leti.lt\/wordpress\/author\/andreine\/"}]}},"_links":{"self":[{"href":"https:\/\/www.leti.lt\/wordpress\/wp-json\/wp\/v2\/posts\/248","targetHints":{"allow":["GET"]}}],"collection":[{"href":"https:\/\/www.leti.lt\/wordpress\/wp-json\/wp\/v2\/posts"}],"about":[{"href":"https:\/\/www.leti.lt\/wordpress\/wp-json\/wp\/v2\/types\/post"}],"author":[{"embeddable":true,"href":"https:\/\/www.leti.lt\/wordpress\/wp-json\/wp\/v2\/users\/2"}],"replies":[{"embeddable":true,"href":"https:\/\/www.leti.lt\/wordpress\/wp-json\/wp\/v2\/comments?post=248"}],"version-history":[{"count":1,"href":"https:\/\/www.leti.lt\/wordpress\/wp-json\/wp\/v2\/posts\/248\/revisions"}],"predecessor-version":[{"id":790,"href":"https:\/\/www.leti.lt\/wordpress\/wp-json\/wp\/v2\/posts\/248\/revisions\/790"}],"wp:attachment":[{"href":"https:\/\/www.leti.lt\/wordpress\/wp-json\/wp\/v2\/media?parent=248"}],"wp:term":[{"taxonomy":"category","embeddable":true,"href":"https:\/\/www.leti.lt\/wordpress\/wp-json\/wp\/v2\/categories?post=248"},{"taxonomy":"post_tag","embeddable":true,"href":"https:\/\/www.leti.lt\/wordpress\/wp-json\/wp\/v2\/tags?post=248"}],"curies":[{"name":"wp","href":"https:\/\/api.w.org\/{rel}","templated":true}]}}