{"id":246,"date":"2020-02-16T15:30:33","date_gmt":"2020-02-16T14:30:33","guid":{"rendered":"https:\/\/www.leti.lt\/wordpress\/?p=246"},"modified":"-0001-11-30T00:00:00","modified_gmt":"-0001-11-29T22:00:00","slug":"danseforum-verslinterieurverslexterieur","status":"publish","type":"post","link":"https:\/\/www.leti.lt\/wordpress\/danseforum-verslinterieurverslexterieur\/","title":{"rendered":"Vers l\u2019int\u00e9rieur, vers l\u2019ext\u00e9rieur"},"content":{"rendered":"<p><a href=\"https:\/\/www.leti.lt\/wordpress\/danseforum-danseforum\/\">Danse forum<\/a><br>\u2192 <a href=\"https:\/\/www.leti.lt\/wordpress\/danseforum-comptesrendusateliers\/\">Comptes-ren\u00addus des ate\u00adliers<\/a><br>\u2192 <a href=\"https:\/\/www.leti.lt\/wordpress\/danseforum-autreslieux\/\">Autres\u00adLieux<\/a><br><br>!!Vers l\u2019int\u00e9rieur, vers l\u2019ext\u00e9rieur \u2013 11 f\u00e9vrier 2009 \u00e0&nbsp;Tou\u00adlouse<br><br><br><br>Voi\u00adci le CR d\u2019une danse forum faite avec des amis \u00e0&nbsp;Tou\u00adlouse, avec qui nous nous<br>r\u00e9unis\u00adsions pour la deuxi\u00e8me fois.<br><br>Dans ce groupe, nous sommes tous et toutes por\u00adteurs de pro\u00adpo\u00adsi\u00adtions,<br>par\u00adfois pr\u00e9\u00adpa\u00adr\u00e9es \u00e0&nbsp;l\u2019avance, par\u00adfois spon\u00adta\u00adn\u00e9es&nbsp;; j\u2019avais grande<br>envie que l\u2019on refasse une danse forum, les autres le savaient, mais<br>rien ne nous y&nbsp;obli\u00adgeait, et per\u00adsonne je crois n\u2019aurait \u00e9t\u00e9 frus\u00adtr\u00e9<br>que l\u2019on n\u2019en fasse pas cette fois-ci, si \u00e7a n\u2019avait pas \u00e9t\u00e9 per\u00adti\u00adnent.<br>Ce sont nos envies et besoins, dits pen\u00addant le bilan du matin du<br>troi\u00adsi\u00e8me et der\u00adnier jour, qui nous y&nbsp;ont ame\u00adn\u00e9.<br><br>D\u00e8s le d\u00e9part nous avons d\u00e9ci\u00add\u00e9 d\u2019exp\u00e9rimenter la forme de<br>pro\u00adbl\u00e9\u00adma\u00adti\u00adsa\u00adtion qui met en \u00e9cho la danse avec une autre pra\u00adtique<br>artis\u00adtique, ici, le des\u00adsin et l\u2019\u00e9criture.<br><br>Apr\u00e8s une pre\u00admi\u00e8re par\u00adtie pour se relier \u00e0&nbsp;nos sen\u00adsa\u00adtions et aux<br>mou\u00adve\u00adments qui y&nbsp;r\u00e9pondent, nous avons choi\u00adsi pour th\u00e8me \u00ab&nbsp;vers<br>l\u2019ext\u00e9rieur, vers l\u2019int\u00e9rieur&nbsp;\u00bb, qui reliait nos exp\u00e9\u00adriences diverses&nbsp;: se sen\u00adtir ext\u00e9\u00adrieur,<br>sen\u00adtir le mou\u00adve\u00adment aller vers l\u2019int\u00e9rieur de soi, vou\u00adloir s\u2019ext\u00e9rioriser, \u00eatre en repli\u2026<br><br>Une pre\u00admi\u00e8re explo\u00adra\u00adtion du th\u00e8me dans cet espace inac\u00adcou\u00adtu\u00adm\u00e9&nbsp;: une<br>vraie sc\u00e8ne&nbsp;! et de l\u2019espace devant, un m\u00e8tre en des\u00adsous\u2026<br><br>Pour la par\u00adtie forum, nous avons d\u00e9ci\u00add\u00e9 que l\u2019espace sc\u00e9\u00adnique serait<br>la sc\u00e8ne&nbsp;; cela nous ten\u00adtait tout natu\u00adrel\u00adle\u00adment, bien que nous en<br>envi\u00adsa\u00adgions les incon\u00adv\u00e9\u00adnients&nbsp;: moins de faci\u00adli\u00adt\u00e9 \u00e0&nbsp;ren\u00adtrer et sor\u00adtir<br>spon\u00adta\u00adn\u00e9\u00adment, pos\u00adsible inti\u00admi\u00adda\u00adtion du fait d\u2019\u00eatre \u00ab&nbsp;sur sc\u00e8ne \u00bb\u2026 Je<br>ne sau\u00adrais dire si cela \u00e0&nbsp;jou\u00e9 en notre d\u00e9fa\u00adveur ou le contraire.<br><br>Une fois la pre\u00admi\u00e8re danse ter\u00admi\u00adn\u00e9e, nous nous sommes bien vite mis \u00e0<br>des\u00adsi\u00adner et \u00e9crire, dans une grande concen\u00adtra\u00adtion (alors que la<br>pre\u00admi\u00e8re par\u00adtie avait \u00e9t\u00e9 un peu dis\u00adper\u00ads\u00e9e). Le temps pres\u00adsait<br>mal\u00adheu\u00adreu\u00adse\u00adment, car nous devions rendre la salle bien\u00adt\u00f4t. Nous<br>n\u2019avions pas vrai\u00adment ter\u00admi\u00adn\u00e9 de des\u00adsi\u00adner lorsque nous avons d\u00e9ci\u00add\u00e9<br>d\u2019arr\u00eater pour dis\u00adpo\u00adser les feuilles devant nous, en silence.<br><br>Apr\u00e8s un temps de regard sur ces des\u00adsins, nous sommes repar\u00adtis pour<br>une seconde danse.<br><br>Pour relier les danses au th\u00e8me et savoir qu\u2019en dire, il aurait fal\u00adlu<br>que je le garde un peu plus en t\u00eate, puis que nous ayons une parole<br>des\u00adsus, peut-\u00eatre pen\u00addant le vision\u00adnage de la vid\u00e9o, que nous avons un<br>peu exp\u00e9\u00addi\u00e9 le soir \u00e0&nbsp;la mai\u00adson \u2013 regar\u00adder la vid\u00e9o fait vrai\u00adment<br>par\u00adtie int\u00e9\u00adgrante du pro\u00adces\u00adsus de la danse forum, je m\u2019en rends compte&nbsp;; j\u2019ai n\u00e9gli\u00adg\u00e9<br>de prendre cela en charge.<br><br>Nous \u00e9tions plu\u00adt\u00f4t enthou\u00adsiastes, il me semble, de cette seconde<br>exp\u00e9\u00adrience de danse forum, et de cette for\u00admule de pro\u00adbl\u00e9\u00adma\u00adti\u00adsa\u00adtion.<br>Notre concen\u00adtra\u00adtion \u00e0&nbsp;elle seule en dit long sur la pro\u00adfon\u00addeur de ce<br>qui peut se pas\u00adser dans cet \u00e9cho d\u2019un autre art \u00e0&nbsp;la danse.<br><br>Il nous fau\u00addrait plus de temps une pro\u00adchaine fois&nbsp;! Pour exp\u00e9\u00adri\u00admen\u00adter<br>plu\u00adsieurs va et vient entre danse et autre pra\u00adtique artis\u00adtique, en ne<br>l\u00e2chant pas le th\u00e8me, mais peut-\u00eatre est-ce seule\u00adment moi qui l\u2019ai<br>l\u00e2ch\u00e9, apr\u00e8s tout\u2026<br><br>Les envies et besoins qui nous ont ame\u00adn\u00e9 \u00e0&nbsp;la danse forum ce der\u00adnier<br>jour sont, il me semble, les sui\u00advants&nbsp;:<br><br>- apr\u00e8s notre grande impro\u00advi\u00adsa\u00adtion danse\/th\u00e9\u00e2tre la veille, un<br>ques\u00adtion\u00adne\u00adment de l\u2019une d\u2019entre nous sur l\u2019endroit en nous d\u2019o\u00f9 l\u2019on<br>impro\u00advise&nbsp;: \u00ab&nbsp;Il me faut \u00eatre avec des images, sinon \u00e7a ne marche pas,<br>j\u2019ai l\u2019impression de faire n\u2019importe quoi&nbsp;; si je ne pars pas<br>d\u2019images, il me faut \u00eatre beau\u00adcoup plus concen\u00adtr\u00e9e&nbsp;; peut-\u00eatre par\u00adtir<br>des sen\u00adsa\u00adtions\u2026&nbsp;\u00bb<br><br>- l\u2019envie de m\u00ealer la danse avec le des\u00adsin et l\u2019\u00e9criture<br><br>- le besoin d\u2019\u00eatre conte\u00adnu dans l\u2019improvisation (dans la danse forum,<br>plu\u00adsieurs \u00e9l\u00e9\u00adments contiennent, et rendent vivante notre liber\u00adt\u00e9&nbsp;:<br>par\u00adtir des sen\u00adsa\u00adtions, d\u00e9fi\u00adnir un th\u00e8me, d\u00e9li\u00admi\u00adter l\u2019espace sc\u00e9\u00adnique\u2026)<br><br>- le besoin d\u2019exp\u00e9rimenter des temps cours d\u2019improvisation, en<br>r\u00e9ac\u00adtion au temps non cadr\u00e9 de la veille.<br><br>Je pense \u00e0&nbsp;l\u2019instant que le th\u00e8me \u00ab&nbsp;vers l\u2019int\u00e9rieur, vers l\u2019ext\u00e9rieur\u00ab<br>&nbsp;\u00e9tait en lien avec notre ques\u00adtion\u00adne\u00adment de la veille sur l\u2019int\u00e9rieur<br>et l\u2019ext\u00e9rieur de notre espace d\u2019improvisation&nbsp;: nous avions<br>exp\u00e9\u00adri\u00admen\u00adt\u00e9 un espace sans ext\u00e9\u00adrieur, puis, parce que nous en avions<br>res\u00adsen\u00adti le besoin, nous avions d\u00e9sign\u00e9,dans cet espace, un banc<br>comme ext\u00e9\u00adrieur.<br><br>Nadine Gar\u00add\u00e8res<\/p><p style=\"color:green; text-align:right !important;\">Article cr\u00e9\u00e9 le 16\/02\/2020<\/p>","protected":false},"excerpt":{"rendered":"<p>Danse forum\u2192 Comptes-ren\u00ad\u00addus des ate\u00adliers\u2192 Autres\u00adLieux !!Vers l\u2019int\u00e9rieur, vers l\u2019ext\u00e9rieur \u2013 11 f\u00e9vrier 2009 \u00e0&nbsp;Tou\u00adlouse Voi\u00adci le CR d\u2019une danse forum faite avec des amis \u00e0&nbsp;Tou\u00adlouse, avec qui nous nousr\u00e9unis\u00adsions pour la deuxi\u00e8me fois. Dans ce groupe, nous sommes tous et toutes por\u00adteurs de pro\u00adpo\u00adsi\u00adtions,par\u00adfois pr\u00e9\u00adpa\u00adr\u00e9es \u00e0&nbsp;l\u2019avance, par\u00adfois spon\u00adta\u00adn\u00e9es&nbsp;; j\u2019avais gran\u00addeen\u00advie que l\u2019on refasse une danse forum, les autres le savaient, mais\u00adrien ne nous y&nbsp;obli\u00adgeait, et per\u00adsonne je crois n\u2019aurait \u00e9t\u00e9 frus\u00adtr\u00e9que l\u2019on n\u2019en fasse pas cette fois-ci, si&nbsp;\u00e7a&nbsp;[\u2026]<\/p>\n","protected":false},"author":2,"featured_media":0,"comment_status":"open","ping_status":"open","sticky":false,"template":"","format":"standard","meta":{"wp_typography_post_enhancements_disabled":false,"footnotes":""},"categories":[135],"tags":[219],"class_list":["post-246","post","type-post","status-publish","format-standard","hentry","category-ateliers_autres_lieux","tag-df_autres_lieux"],"yoast_head":"<!-- This site is optimized with the Yoast SEO plugin v27.5 - https:\/\/yoast.com\/product\/yoast-seo-wordpress\/ -->\n<title>Vers l\u2019int\u00e9rieur, vers l\u2019ext\u00e9rieur - Le TILT<\/title>\n<meta name=\"robots\" content=\"index, follow, max-snippet:-1, max-image-preview:large, max-video-preview:-1\" \/>\n<link rel=\"canonical\" href=\"https:\/\/www.leti.lt\/wordpress\/danseforum-verslinterieurverslexterieur\/\" \/>\n<meta property=\"og:locale\" content=\"fr_FR\" \/>\n<meta property=\"og:type\" content=\"article\" \/>\n<meta property=\"og:title\" content=\"Vers l\u2019int\u00e9rieur, vers l\u2019ext\u00e9rieur - Le TILT\" \/>\n<meta property=\"og:description\" content=\"Danse forum\u2192 Comptes-ren\u00addus des ate\u00adliers\u2192 Autres\u00adLieux !!Vers l\u2019int\u00e9rieur, vers l\u2019ext\u00e9rieur \u2013 11 f\u00e9vrier 2009 \u00e0&nbsp;Toulouse Voi\u00adci le CR d\u2019une danse forum faite avec des amis \u00e0&nbsp;Tou\u00adlouse, avec qui nous nousr\u00e9unis\u00adsions pour la deuxi\u00e8me fois. Dans ce groupe, nous sommes tous et toutes por\u00adteurs de pro\u00adpo\u00adsi\u00adtions,par\u00adfois pr\u00e9\u00adpa\u00adr\u00e9es \u00e0&nbsp;l\u2019avance, par\u00adfois spon\u00adta\u00adn\u00e9es&nbsp;; j\u2019avais grandeenvie que l\u2019on refasse une danse forum, les autres le savaient, maisrien ne nous y&nbsp;obli\u00adgeait, et per\u00adsonne je crois n\u2019aurait \u00e9t\u00e9 frus\u00adtr\u00e9que l\u2019on n\u2019en fasse pas cette fois-ci, si \u00e7a [&hellip;]\" \/>\n<meta property=\"og:url\" content=\"https:\/\/www.leti.lt\/wordpress\/danseforum-verslinterieurverslexterieur\/\" \/>\n<meta property=\"og:site_name\" content=\"Le TILT\" \/>\n<meta property=\"article:published_time\" content=\"2020-02-16T14:30:33+00:00\" \/>\n<meta name=\"author\" content=\"Andr\u00e9ine Bel\" \/>\n<meta name=\"twitter:card\" content=\"summary_large_image\" \/>\n<meta name=\"twitter:label1\" content=\"\u00c9crit par\" \/>\n\t<meta name=\"twitter:data1\" content=\"Andr\u00e9ine Bel\" \/>\n\t<meta name=\"twitter:label2\" content=\"Dur\u00e9e de lecture estim\u00e9e\" \/>\n\t<meta name=\"twitter:data2\" content=\"4 minutes\" \/>\n<script type=\"application\/ld+json\" class=\"yoast-schema-graph\">{\"@context\":\"https:\\\/\\\/schema.org\",\"@graph\":[{\"@type\":\"Article\",\"@id\":\"https:\\\/\\\/www.leti.lt\\\/wordpress\\\/danseforum-verslinterieurverslexterieur\\\/#article\",\"isPartOf\":{\"@id\":\"https:\\\/\\\/www.leti.lt\\\/wordpress\\\/danseforum-verslinterieurverslexterieur\\\/\"},\"author\":{\"name\":\"Andr\u00e9ine Bel\",\"@id\":\"https:\\\/\\\/www.leti.lt\\\/wordpress\\\/#\\\/schema\\\/person\\\/9bb307b2af8fbb575bb3603e57951f75\"},\"headline\":\"Vers l\u2019int\u00e9rieur, vers l\u2019ext\u00e9rieur\",\"datePublished\":\"2020-02-16T14:30:33+00:00\",\"mainEntityOfPage\":{\"@id\":\"https:\\\/\\\/www.leti.lt\\\/wordpress\\\/danseforum-verslinterieurverslexterieur\\\/\"},\"wordCount\":771,\"commentCount\":0,\"keywords\":[\"DF_Autres_Lieux\"],\"articleSection\":[\"Ateliers autres lieux\"],\"inLanguage\":\"fr-FR\",\"potentialAction\":[{\"@type\":\"CommentAction\",\"name\":\"Comment\",\"target\":[\"https:\\\/\\\/www.leti.lt\\\/wordpress\\\/danseforum-verslinterieurverslexterieur\\\/#respond\"]}]},{\"@type\":\"WebPage\",\"@id\":\"https:\\\/\\\/www.leti.lt\\\/wordpress\\\/danseforum-verslinterieurverslexterieur\\\/\",\"url\":\"https:\\\/\\\/www.leti.lt\\\/wordpress\\\/danseforum-verslinterieurverslexterieur\\\/\",\"name\":\"Vers l\u2019int\u00e9rieur, vers l\u2019ext\u00e9rieur - Le TILT\",\"isPartOf\":{\"@id\":\"https:\\\/\\\/www.leti.lt\\\/wordpress\\\/#website\"},\"datePublished\":\"2020-02-16T14:30:33+00:00\",\"author\":{\"@id\":\"https:\\\/\\\/www.leti.lt\\\/wordpress\\\/#\\\/schema\\\/person\\\/9bb307b2af8fbb575bb3603e57951f75\"},\"breadcrumb\":{\"@id\":\"https:\\\/\\\/www.leti.lt\\\/wordpress\\\/danseforum-verslinterieurverslexterieur\\\/#breadcrumb\"},\"inLanguage\":\"fr-FR\",\"potentialAction\":[{\"@type\":\"ReadAction\",\"target\":[\"https:\\\/\\\/www.leti.lt\\\/wordpress\\\/danseforum-verslinterieurverslexterieur\\\/\"]}]},{\"@type\":\"BreadcrumbList\",\"@id\":\"https:\\\/\\\/www.leti.lt\\\/wordpress\\\/danseforum-verslinterieurverslexterieur\\\/#breadcrumb\",\"itemListElement\":[{\"@type\":\"ListItem\",\"position\":1,\"name\":\"Accueil\",\"item\":\"https:\\\/\\\/www.leti.lt\\\/wordpress\\\/\"},{\"@type\":\"ListItem\",\"position\":2,\"name\":\"Vers l\u2019int\u00e9rieur, vers l\u2019ext\u00e9rieur\"}]},{\"@type\":\"WebSite\",\"@id\":\"https:\\\/\\\/www.leti.lt\\\/wordpress\\\/#website\",\"url\":\"https:\\\/\\\/www.leti.lt\\\/wordpress\\\/\",\"name\":\"Le TILT\",\"description\":\"Recherche, publication, cr\u00e9ation artistique\",\"potentialAction\":[{\"@type\":\"SearchAction\",\"target\":{\"@type\":\"EntryPoint\",\"urlTemplate\":\"https:\\\/\\\/www.leti.lt\\\/wordpress\\\/?s={search_term_string}\"},\"query-input\":{\"@type\":\"PropertyValueSpecification\",\"valueRequired\":true,\"valueName\":\"search_term_string\"}}],\"inLanguage\":\"fr-FR\"},{\"@type\":\"Person\",\"@id\":\"https:\\\/\\\/www.leti.lt\\\/wordpress\\\/#\\\/schema\\\/person\\\/9bb307b2af8fbb575bb3603e57951f75\",\"name\":\"Andr\u00e9ine Bel\",\"image\":{\"@type\":\"ImageObject\",\"inLanguage\":\"fr-FR\",\"@id\":\"https:\\\/\\\/secure.gravatar.com\\\/avatar\\\/4ab041ec7c7ad3b90293023e86528ec1a700ce2971ff61811b2df6b288dd1f38?s=96&d=identicon&r=g\",\"url\":\"https:\\\/\\\/secure.gravatar.com\\\/avatar\\\/4ab041ec7c7ad3b90293023e86528ec1a700ce2971ff61811b2df6b288dd1f38?s=96&d=identicon&r=g\",\"contentUrl\":\"https:\\\/\\\/secure.gravatar.com\\\/avatar\\\/4ab041ec7c7ad3b90293023e86528ec1a700ce2971ff61811b2df6b288dd1f38?s=96&d=identicon&r=g\",\"caption\":\"Andr\u00e9ine Bel\"},\"url\":\"https:\\\/\\\/www.leti.lt\\\/wordpress\\\/author\\\/andreine\\\/\"}]}<\/script>\n<!-- \/ Yoast SEO plugin. -->","yoast_head_json":{"title":"Vers l\u2019int\u00e9rieur, vers l\u2019ext\u00e9rieur - Le TILT","robots":{"index":"index","follow":"follow","max-snippet":"max-snippet:-1","max-image-preview":"max-image-preview:large","max-video-preview":"max-video-preview:-1"},"canonical":"https:\/\/www.leti.lt\/wordpress\/danseforum-verslinterieurverslexterieur\/","og_locale":"fr_FR","og_type":"article","og_title":"Vers l\u2019int\u00e9rieur, vers l\u2019ext\u00e9rieur - Le TILT","og_description":"Danse forum\u2192 Comptes-ren\u00addus des ate\u00adliers\u2192 Autres\u00adLieux !!Vers l\u2019int\u00e9rieur, vers l\u2019ext\u00e9rieur \u2013 11 f\u00e9vrier 2009 \u00e0&nbsp;Toulouse Voi\u00adci le CR d\u2019une danse forum faite avec des amis \u00e0&nbsp;Tou\u00adlouse, avec qui nous nousr\u00e9unis\u00adsions pour la deuxi\u00e8me fois. Dans ce groupe, nous sommes tous et toutes por\u00adteurs de pro\u00adpo\u00adsi\u00adtions,par\u00adfois pr\u00e9\u00adpa\u00adr\u00e9es \u00e0&nbsp;l\u2019avance, par\u00adfois spon\u00adta\u00adn\u00e9es&nbsp;; j\u2019avais grandeenvie que l\u2019on refasse une danse forum, les autres le savaient, maisrien ne nous y&nbsp;obli\u00adgeait, et per\u00adsonne je crois n\u2019aurait \u00e9t\u00e9 frus\u00adtr\u00e9que l\u2019on n\u2019en fasse pas cette fois-ci, si \u00e7a [&hellip;]","og_url":"https:\/\/www.leti.lt\/wordpress\/danseforum-verslinterieurverslexterieur\/","og_site_name":"Le TILT","article_published_time":"2020-02-16T14:30:33+00:00","author":"Andr\u00e9ine Bel","twitter_card":"summary_large_image","twitter_misc":{"\u00c9crit par":"Andr\u00e9ine Bel","Dur\u00e9e de lecture estim\u00e9e":"4 minutes"},"schema":{"@context":"https:\/\/schema.org","@graph":[{"@type":"Article","@id":"https:\/\/www.leti.lt\/wordpress\/danseforum-verslinterieurverslexterieur\/#article","isPartOf":{"@id":"https:\/\/www.leti.lt\/wordpress\/danseforum-verslinterieurverslexterieur\/"},"author":{"name":"Andr\u00e9ine Bel","@id":"https:\/\/www.leti.lt\/wordpress\/#\/schema\/person\/9bb307b2af8fbb575bb3603e57951f75"},"headline":"Vers l\u2019int\u00e9rieur, vers l\u2019ext\u00e9rieur","datePublished":"2020-02-16T14:30:33+00:00","mainEntityOfPage":{"@id":"https:\/\/www.leti.lt\/wordpress\/danseforum-verslinterieurverslexterieur\/"},"wordCount":771,"commentCount":0,"keywords":["DF_Autres_Lieux"],"articleSection":["Ateliers autres lieux"],"inLanguage":"fr-FR","potentialAction":[{"@type":"CommentAction","name":"Comment","target":["https:\/\/www.leti.lt\/wordpress\/danseforum-verslinterieurverslexterieur\/#respond"]}]},{"@type":"WebPage","@id":"https:\/\/www.leti.lt\/wordpress\/danseforum-verslinterieurverslexterieur\/","url":"https:\/\/www.leti.lt\/wordpress\/danseforum-verslinterieurverslexterieur\/","name":"Vers l\u2019int\u00e9rieur, vers l\u2019ext\u00e9rieur - Le TILT","isPartOf":{"@id":"https:\/\/www.leti.lt\/wordpress\/#website"},"datePublished":"2020-02-16T14:30:33+00:00","author":{"@id":"https:\/\/www.leti.lt\/wordpress\/#\/schema\/person\/9bb307b2af8fbb575bb3603e57951f75"},"breadcrumb":{"@id":"https:\/\/www.leti.lt\/wordpress\/danseforum-verslinterieurverslexterieur\/#breadcrumb"},"inLanguage":"fr-FR","potentialAction":[{"@type":"ReadAction","target":["https:\/\/www.leti.lt\/wordpress\/danseforum-verslinterieurverslexterieur\/"]}]},{"@type":"BreadcrumbList","@id":"https:\/\/www.leti.lt\/wordpress\/danseforum-verslinterieurverslexterieur\/#breadcrumb","itemListElement":[{"@type":"ListItem","position":1,"name":"Accueil","item":"https:\/\/www.leti.lt\/wordpress\/"},{"@type":"ListItem","position":2,"name":"Vers l\u2019int\u00e9rieur, vers l\u2019ext\u00e9rieur"}]},{"@type":"WebSite","@id":"https:\/\/www.leti.lt\/wordpress\/#website","url":"https:\/\/www.leti.lt\/wordpress\/","name":"Le TILT","description":"Recherche, publication, cr\u00e9ation artistique","potentialAction":[{"@type":"SearchAction","target":{"@type":"EntryPoint","urlTemplate":"https:\/\/www.leti.lt\/wordpress\/?s={search_term_string}"},"query-input":{"@type":"PropertyValueSpecification","valueRequired":true,"valueName":"search_term_string"}}],"inLanguage":"fr-FR"},{"@type":"Person","@id":"https:\/\/www.leti.lt\/wordpress\/#\/schema\/person\/9bb307b2af8fbb575bb3603e57951f75","name":"Andr\u00e9ine Bel","image":{"@type":"ImageObject","inLanguage":"fr-FR","@id":"https:\/\/secure.gravatar.com\/avatar\/4ab041ec7c7ad3b90293023e86528ec1a700ce2971ff61811b2df6b288dd1f38?s=96&d=identicon&r=g","url":"https:\/\/secure.gravatar.com\/avatar\/4ab041ec7c7ad3b90293023e86528ec1a700ce2971ff61811b2df6b288dd1f38?s=96&d=identicon&r=g","contentUrl":"https:\/\/secure.gravatar.com\/avatar\/4ab041ec7c7ad3b90293023e86528ec1a700ce2971ff61811b2df6b288dd1f38?s=96&d=identicon&r=g","caption":"Andr\u00e9ine Bel"},"url":"https:\/\/www.leti.lt\/wordpress\/author\/andreine\/"}]}},"_links":{"self":[{"href":"https:\/\/www.leti.lt\/wordpress\/wp-json\/wp\/v2\/posts\/246","targetHints":{"allow":["GET"]}}],"collection":[{"href":"https:\/\/www.leti.lt\/wordpress\/wp-json\/wp\/v2\/posts"}],"about":[{"href":"https:\/\/www.leti.lt\/wordpress\/wp-json\/wp\/v2\/types\/post"}],"author":[{"embeddable":true,"href":"https:\/\/www.leti.lt\/wordpress\/wp-json\/wp\/v2\/users\/2"}],"replies":[{"embeddable":true,"href":"https:\/\/www.leti.lt\/wordpress\/wp-json\/wp\/v2\/comments?post=246"}],"version-history":[{"count":0,"href":"https:\/\/www.leti.lt\/wordpress\/wp-json\/wp\/v2\/posts\/246\/revisions"}],"wp:attachment":[{"href":"https:\/\/www.leti.lt\/wordpress\/wp-json\/wp\/v2\/media?parent=246"}],"wp:term":[{"taxonomy":"category","embeddable":true,"href":"https:\/\/www.leti.lt\/wordpress\/wp-json\/wp\/v2\/categories?post=246"},{"taxonomy":"post_tag","embeddable":true,"href":"https:\/\/www.leti.lt\/wordpress\/wp-json\/wp\/v2\/tags?post=246"}],"curies":[{"name":"wp","href":"https:\/\/api.w.org\/{rel}","templated":true}]}}